{"id":10598,"date":"2024-01-24T12:36:33","date_gmt":"2024-01-24T15:36:33","guid":{"rendered":"https:\/\/apuntesdesanluis.com\/?p=10598"},"modified":"2024-01-24T12:36:33","modified_gmt":"2024-01-24T15:36:33","slug":"salud-recomienda-reforzar-la-vacunacion-contra-el-coronavirus","status":"publish","type":"post","link":"https:\/\/apuntesdesanluis.com\/index.php\/2024\/01\/24\/salud-recomienda-reforzar-la-vacunacion-contra-el-coronavirus\/","title":{"rendered":"SALUD RECOMIENDA REFORZAR LA VACUNACI\u00d3N CONTRA EL CORONAVIRUS"},"content":{"rendered":"<h3>La cartera sanitaria sostiene que es muy importante continuar con las medidas de prevenci\u00f3n y sugiere recibir el refuerzo de la vacuna, sobre todo las personas mayores de 50 a\u00f1os y quienes est\u00e9n en condiciones de riesgo.<\/h3>\n<h3>El <strong>ministerio de Salud<\/strong> est\u00e1 haciendo una fuerte campa\u00f1a entre la poblaci\u00f3n para que se extienda la vacunaci\u00f3n contra el <strong>coronavirus<\/strong>, sobre todo en los mayores de 50 a\u00f1os y en aquellos que tienen comorbilidades. Los especialistas explicaron que no estamos ante una situaci\u00f3n de brote o un aumento significativo de casos a nivel provincial o nacional. Sin embargo, con la mira puesta en evitar la propagaci\u00f3n del virus, recordaron las medidas m\u00e1s importantes para mantenerse sano:<\/h3>\n<ul>\n<li>\n<h3>Ventilar adecuadamente los ambientes.<\/h3>\n<\/li>\n<li>\n<h3>Lavarse las manos frecuentemente.<\/h3>\n<\/li>\n<li>\n<h3>Cubrirse la boca y nariz al toser o estornudar. Proceder inmediatamente a lavarse las manos.<\/h3>\n<\/li>\n<li>\n<h3>Desechar los pa\u00f1uelos descartables despu\u00e9s de usarlos.<\/h3>\n<\/li>\n<li>\n<h3>No compartir art\u00edculos personales como vasos, cubiertos y utensilios.<\/h3>\n<\/li>\n<\/ul>\n<h3>La mejor estrategia para evitar el contagio es mantener completo el esquema de vacunaci\u00f3n. Esto es fundamental para estar protegidos y prevenir complicaciones u hospitalizaciones. Las vacunas autorizadas por el ministerio de Salud de la Naci\u00f3n han demostrado ser seguras y efectivas.<\/h3>\n<h3><strong>\u00bfD\u00f3nde puedo vacunarme?<\/strong><\/h3>\n<h3>Todos los Centros de Atenci\u00f3n Primaria de Salud (CAPS) y hospitales de referencia cuentan con dosis suficientes para completar los esquemas de vacunaci\u00f3n y aplicar los refuerzos correspondientes. Tambi\u00e9n pueden asistir a los vacunatorios, todos los d\u00edas de 8:00 a 14:00, sin la necesidad de haber sacado previamente un turno.<\/h3>\n<h3><strong>\u00bfQui\u00e9nes deben vacunarse?<\/strong><\/h3>\n<h3>Aquellos que pertenezcan al grupo de alto riesgo deben colocarse una dosis de refuerzo cada seis meses. Este grupo incluye a personas de 50 a\u00f1os o m\u00e1s, personas con inmunocompromiso y embarazadas.<\/h3>\n<h3>Las personas que se consideran de riesgo medio, si ya han recibido un refuerzo en los \u00faltimos seis meses deben vacunarse una vez al a\u00f1o. Aqu\u00ed ubicamos a todos los menores de 50 a\u00f1os con comorbilidades (enfermedades cr\u00f3nicas y obesidad) y los grupos de riesgo por mayor exposici\u00f3n (personal de salud y con funciones estrat\u00e9gicas).<\/h3>\n<h3>Quienes sean de bajo riesgo, es decir aquellos menores de 50 a\u00f1os que no poseen comorbilidades, deben recibir una dosis de refuerzo anual.<\/h3>\n<h3><strong>\u00bfRealizan testeos ambulatorios de coronavirus?<\/strong><\/h3>\n<h3>Desde que la Organizaci\u00f3n Mundial de la Salud (OMS) decret\u00f3 el fin de la pandemia en mayo del a\u00f1o pasado, por lo que no se est\u00e1n realizando testeos ambulatorios gratuitos en ning\u00fan punto del pa\u00eds.<\/h3>\n<p>&nbsp;<\/p>\n<p>&nbsp;<\/p>\n<p>&nbsp;<\/p>\n","protected":false},"excerpt":{"rendered":"<p>La cartera sanitaria sostiene que es muy importante continuar con las medidas de prevenci\u00f3n y&#8230;<\/p>\n","protected":false},"author":1,"featured_media":10599,"comment_status":"closed","ping_status":"closed","sticky":false,"template":"","format":"standard","meta":{"footnotes":""},"categories":[6],"tags":[],"class_list":["post-10598","post","type-post","status-publish","format-standard","has-post-thumbnail","hentry","category-ciudad-provincia"],"yoast_head":"<!-- This site is optimized with the Yoast SEO plugin v26.1.1 - https:\/\/yoast.com\/wordpress\/plugins\/seo\/ -->\n<title>SALUD RECOMIENDA REFORZAR LA VACUNACI\u00d3N CONTRA EL CORONAVIRUS - Apuntes de San Luis<\/title>\n<meta name=\"robots\" content=\"index, follow, max-snippet:-1, max-image-preview:large, max-video-preview:-1\" \/>\n<link rel=\"canonical\" href=\"https:\/\/apuntesdesanluis.com\/index.php\/2024\/01\/24\/salud-recomienda-reforzar-la-vacunacion-contra-el-coronavirus\/\" \/>\n<meta property=\"og:locale\" content=\"es_ES\" \/>\n<meta property=\"og:type\" content=\"article\" \/>\n<meta property=\"og:title\" content=\"SALUD RECOMIENDA REFORZAR LA VACUNACI\u00d3N CONTRA EL CORONAVIRUS - Apuntes de San Luis\" \/>\n<meta property=\"og:description\" content=\"La cartera sanitaria sostiene que es muy importante continuar con las medidas de prevenci\u00f3n y...\" \/>\n<meta property=\"og:url\" content=\"https:\/\/apuntesdesanluis.com\/index.php\/2024\/01\/24\/salud-recomienda-reforzar-la-vacunacion-contra-el-coronavirus\/\" \/>\n<meta property=\"og:site_name\" content=\"Apuntes de San Luis\" \/>\n<meta property=\"article:published_time\" content=\"2024-01-24T15:36:33+00:00\" \/>\n<meta property=\"og:image\" content=\"https:\/\/apuntesdesanluis.com\/wp-content\/uploads\/2024\/01\/covid.png\" \/>\n\t<meta property=\"og:image:width\" content=\"600\" \/>\n\t<meta property=\"og:image:height\" content=\"348\" \/>\n\t<meta property=\"og:image:type\" content=\"image\/png\" \/>\n<meta name=\"author\" content=\"apuntesdesanluis.com\" \/>\n<meta name=\"twitter:card\" content=\"summary_large_image\" \/>\n<meta name=\"twitter:label1\" content=\"Escrito por\" \/>\n\t<meta name=\"twitter:data1\" content=\"apuntesdesanluis.com\" \/>\n\t<meta name=\"twitter:label2\" content=\"Tiempo de lectura\" \/>\n\t<meta name=\"twitter:data2\" content=\"2 minutos\" \/>\n<script type=\"application\/ld+json\" class=\"yoast-schema-graph\">{\"@context\":\"https:\/\/schema.org\",\"@graph\":[{\"@type\":\"Article\",\"@id\":\"https:\/\/apuntesdesanluis.com\/index.php\/2024\/01\/24\/salud-recomienda-reforzar-la-vacunacion-contra-el-coronavirus\/#article\",\"isPartOf\":{\"@id\":\"https:\/\/apuntesdesanluis.com\/index.php\/2024\/01\/24\/salud-recomienda-reforzar-la-vacunacion-contra-el-coronavirus\/\"},\"author\":{\"name\":\"apuntesdesanluis.com\",\"@id\":\"https:\/\/apuntesdesanluis.com\/#\/schema\/person\/b55151d52296fcce64d1a72538a70b90\"},\"headline\":\"SALUD RECOMIENDA REFORZAR LA VACUNACI\u00d3N CONTRA EL CORONAVIRUS\",\"datePublished\":\"2024-01-24T15:36:33+00:00\",\"mainEntityOfPage\":{\"@id\":\"https:\/\/apuntesdesanluis.com\/index.php\/2024\/01\/24\/salud-recomienda-reforzar-la-vacunacion-contra-el-coronavirus\/\"},\"wordCount\":440,\"publisher\":{\"@id\":\"https:\/\/apuntesdesanluis.com\/#\/schema\/person\/b55151d52296fcce64d1a72538a70b90\"},\"image\":{\"@id\":\"https:\/\/apuntesdesanluis.com\/index.php\/2024\/01\/24\/salud-recomienda-reforzar-la-vacunacion-contra-el-coronavirus\/#primaryimage\"},\"thumbnailUrl\":\"https:\/\/apuntesdesanluis.com\/wp-content\/uploads\/2024\/01\/covid.png\",\"articleSection\":[\"Ciudad\/Provincia\"],\"inLanguage\":\"es-AR\"},{\"@type\":\"WebPage\",\"@id\":\"https:\/\/apuntesdesanluis.com\/index.php\/2024\/01\/24\/salud-recomienda-reforzar-la-vacunacion-contra-el-coronavirus\/\",\"url\":\"https:\/\/apuntesdesanluis.com\/index.php\/2024\/01\/24\/salud-recomienda-reforzar-la-vacunacion-contra-el-coronavirus\/\",\"name\":\"SALUD RECOMIENDA REFORZAR LA VACUNACI\u00d3N CONTRA EL CORONAVIRUS - Apuntes de San Luis\",\"isPartOf\":{\"@id\":\"https:\/\/apuntesdesanluis.com\/#website\"},\"primaryImageOfPage\":{\"@id\":\"https:\/\/apuntesdesanluis.com\/index.php\/2024\/01\/24\/salud-recomienda-reforzar-la-vacunacion-contra-el-coronavirus\/#primaryimage\"},\"image\":{\"@id\":\"https:\/\/apuntesdesanluis.com\/index.php\/2024\/01\/24\/salud-recomienda-reforzar-la-vacunacion-contra-el-coronavirus\/#primaryimage\"},\"thumbnailUrl\":\"https:\/\/apuntesdesanluis.com\/wp-content\/uploads\/2024\/01\/covid.png\",\"datePublished\":\"2024-01-24T15:36:33+00:00\",\"breadcrumb\":{\"@id\":\"https:\/\/apuntesdesanluis.com\/index.php\/2024\/01\/24\/salud-recomienda-reforzar-la-vacunacion-contra-el-coronavirus\/#breadcrumb\"},\"inLanguage\":\"es-AR\",\"potentialAction\":[{\"@type\":\"ReadAction\",\"target\":[\"https:\/\/apuntesdesanluis.com\/index.php\/2024\/01\/24\/salud-recomienda-reforzar-la-vacunacion-contra-el-coronavirus\/\"]}]},{\"@type\":\"ImageObject\",\"inLanguage\":\"es-AR\",\"@id\":\"https:\/\/apuntesdesanluis.com\/index.php\/2024\/01\/24\/salud-recomienda-reforzar-la-vacunacion-contra-el-coronavirus\/#primaryimage\",\"url\":\"https:\/\/apuntesdesanluis.com\/wp-content\/uploads\/2024\/01\/covid.png\",\"contentUrl\":\"https:\/\/apuntesdesanluis.com\/wp-content\/uploads\/2024\/01\/covid.png\",\"width\":600,\"height\":348},{\"@type\":\"BreadcrumbList\",\"@id\":\"https:\/\/apuntesdesanluis.com\/index.php\/2024\/01\/24\/salud-recomienda-reforzar-la-vacunacion-contra-el-coronavirus\/#breadcrumb\",\"itemListElement\":[{\"@type\":\"ListItem\",\"position\":1,\"name\":\"Inicio\",\"item\":\"https:\/\/apuntesdesanluis.com\/\"},{\"@type\":\"ListItem\",\"position\":2,\"name\":\"SALUD RECOMIENDA REFORZAR LA VACUNACI\u00d3N CONTRA EL CORONAVIRUS\"}]},{\"@type\":\"WebSite\",\"@id\":\"https:\/\/apuntesdesanluis.com\/#website\",\"url\":\"https:\/\/apuntesdesanluis.com\/\",\"name\":\"Apuntes de San Luis\",\"description\":\"\",\"publisher\":{\"@id\":\"https:\/\/apuntesdesanluis.com\/#\/schema\/person\/b55151d52296fcce64d1a72538a70b90\"},\"potentialAction\":[{\"@type\":\"SearchAction\",\"target\":{\"@type\":\"EntryPoint\",\"urlTemplate\":\"https:\/\/apuntesdesanluis.com\/?s={search_term_string}\"},\"query-input\":{\"@type\":\"PropertyValueSpecification\",\"valueRequired\":true,\"valueName\":\"search_term_string\"}}],\"inLanguage\":\"es-AR\"},{\"@type\":[\"Person\",\"Organization\"],\"@id\":\"https:\/\/apuntesdesanluis.com\/#\/schema\/person\/b55151d52296fcce64d1a72538a70b90\",\"name\":\"apuntesdesanluis.com\",\"image\":{\"@type\":\"ImageObject\",\"inLanguage\":\"es-AR\",\"@id\":\"https:\/\/apuntesdesanluis.com\/#\/schema\/person\/image\/\",\"url\":\"https:\/\/apuntesdesanluis.com\/wp-content\/uploads\/2023\/07\/cropped-apuntesdesanluis.png\",\"contentUrl\":\"https:\/\/apuntesdesanluis.com\/wp-content\/uploads\/2023\/07\/cropped-apuntesdesanluis.png\",\"width\":450,\"height\":112,\"caption\":\"apuntesdesanluis.com\"},\"logo\":{\"@id\":\"https:\/\/apuntesdesanluis.com\/#\/schema\/person\/image\/\"},\"sameAs\":[\"https:\/\/apuntesdesanluis.com\"],\"url\":\"https:\/\/apuntesdesanluis.com\/index.php\/author\/apuntesdesanluis-com\/\"}]}<\/script>\n<!-- \/ Yoast SEO plugin. -->","yoast_head_json":{"title":"SALUD RECOMIENDA REFORZAR LA VACUNACI\u00d3N CONTRA EL CORONAVIRUS - Apuntes de San Luis","robots":{"index":"index","follow":"follow","max-snippet":"max-snippet:-1","max-image-preview":"max-image-preview:large","max-video-preview":"max-video-preview:-1"},"canonical":"https:\/\/apuntesdesanluis.com\/index.php\/2024\/01\/24\/salud-recomienda-reforzar-la-vacunacion-contra-el-coronavirus\/","og_locale":"es_ES","og_type":"article","og_title":"SALUD RECOMIENDA REFORZAR LA VACUNACI\u00d3N CONTRA EL CORONAVIRUS - Apuntes de San Luis","og_description":"La cartera sanitaria sostiene que es muy importante continuar con las medidas de prevenci\u00f3n y...","og_url":"https:\/\/apuntesdesanluis.com\/index.php\/2024\/01\/24\/salud-recomienda-reforzar-la-vacunacion-contra-el-coronavirus\/","og_site_name":"Apuntes de San Luis","article_published_time":"2024-01-24T15:36:33+00:00","og_image":[{"width":600,"height":348,"url":"https:\/\/apuntesdesanluis.com\/wp-content\/uploads\/2024\/01\/covid.png","type":"image\/png"}],"author":"apuntesdesanluis.com","twitter_card":"summary_large_image","twitter_misc":{"Escrito por":"apuntesdesanluis.com","Tiempo de lectura":"2 minutos"},"schema":{"@context":"https:\/\/schema.org","@graph":[{"@type":"Article","@id":"https:\/\/apuntesdesanluis.com\/index.php\/2024\/01\/24\/salud-recomienda-reforzar-la-vacunacion-contra-el-coronavirus\/#article","isPartOf":{"@id":"https:\/\/apuntesdesanluis.com\/index.php\/2024\/01\/24\/salud-recomienda-reforzar-la-vacunacion-contra-el-coronavirus\/"},"author":{"name":"apuntesdesanluis.com","@id":"https:\/\/apuntesdesanluis.com\/#\/schema\/person\/b55151d52296fcce64d1a72538a70b90"},"headline":"SALUD RECOMIENDA REFORZAR LA VACUNACI\u00d3N CONTRA EL CORONAVIRUS","datePublished":"2024-01-24T15:36:33+00:00","mainEntityOfPage":{"@id":"https:\/\/apuntesdesanluis.com\/index.php\/2024\/01\/24\/salud-recomienda-reforzar-la-vacunacion-contra-el-coronavirus\/"},"wordCount":440,"publisher":{"@id":"https:\/\/apuntesdesanluis.com\/#\/schema\/person\/b55151d52296fcce64d1a72538a70b90"},"image":{"@id":"https:\/\/apuntesdesanluis.com\/index.php\/2024\/01\/24\/salud-recomienda-reforzar-la-vacunacion-contra-el-coronavirus\/#primaryimage"},"thumbnailUrl":"https:\/\/apuntesdesanluis.com\/wp-content\/uploads\/2024\/01\/covid.png","articleSection":["Ciudad\/Provincia"],"inLanguage":"es-AR"},{"@type":"WebPage","@id":"https:\/\/apuntesdesanluis.com\/index.php\/2024\/01\/24\/salud-recomienda-reforzar-la-vacunacion-contra-el-coronavirus\/","url":"https:\/\/apuntesdesanluis.com\/index.php\/2024\/01\/24\/salud-recomienda-reforzar-la-vacunacion-contra-el-coronavirus\/","name":"SALUD RECOMIENDA REFORZAR LA VACUNACI\u00d3N CONTRA EL CORONAVIRUS - Apuntes de San Luis","isPartOf":{"@id":"https:\/\/apuntesdesanluis.com\/#website"},"primaryImageOfPage":{"@id":"https:\/\/apuntesdesanluis.com\/index.php\/2024\/01\/24\/salud-recomienda-reforzar-la-vacunacion-contra-el-coronavirus\/#primaryimage"},"image":{"@id":"https:\/\/apuntesdesanluis.com\/index.php\/2024\/01\/24\/salud-recomienda-reforzar-la-vacunacion-contra-el-coronavirus\/#primaryimage"},"thumbnailUrl":"https:\/\/apuntesdesanluis.com\/wp-content\/uploads\/2024\/01\/covid.png","datePublished":"2024-01-24T15:36:33+00:00","breadcrumb":{"@id":"https:\/\/apuntesdesanluis.com\/index.php\/2024\/01\/24\/salud-recomienda-reforzar-la-vacunacion-contra-el-coronavirus\/#breadcrumb"},"inLanguage":"es-AR","potentialAction":[{"@type":"ReadAction","target":["https:\/\/apuntesdesanluis.com\/index.php\/2024\/01\/24\/salud-recomienda-reforzar-la-vacunacion-contra-el-coronavirus\/"]}]},{"@type":"ImageObject","inLanguage":"es-AR","@id":"https:\/\/apuntesdesanluis.com\/index.php\/2024\/01\/24\/salud-recomienda-reforzar-la-vacunacion-contra-el-coronavirus\/#primaryimage","url":"https:\/\/apuntesdesanluis.com\/wp-content\/uploads\/2024\/01\/covid.png","contentUrl":"https:\/\/apuntesdesanluis.com\/wp-content\/uploads\/2024\/01\/covid.png","width":600,"height":348},{"@type":"BreadcrumbList","@id":"https:\/\/apuntesdesanluis.com\/index.php\/2024\/01\/24\/salud-recomienda-reforzar-la-vacunacion-contra-el-coronavirus\/#breadcrumb","itemListElement":[{"@type":"ListItem","position":1,"name":"Inicio","item":"https:\/\/apuntesdesanluis.com\/"},{"@type":"ListItem","position":2,"name":"SALUD RECOMIENDA REFORZAR LA VACUNACI\u00d3N CONTRA EL CORONAVIRUS"}]},{"@type":"WebSite","@id":"https:\/\/apuntesdesanluis.com\/#website","url":"https:\/\/apuntesdesanluis.com\/","name":"Apuntes de San Luis","description":"","publisher":{"@id":"https:\/\/apuntesdesanluis.com\/#\/schema\/person\/b55151d52296fcce64d1a72538a70b90"},"potentialAction":[{"@type":"SearchAction","target":{"@type":"EntryPoint","urlTemplate":"https:\/\/apuntesdesanluis.com\/?s={search_term_string}"},"query-input":{"@type":"PropertyValueSpecification","valueRequired":true,"valueName":"search_term_string"}}],"inLanguage":"es-AR"},{"@type":["Person","Organization"],"@id":"https:\/\/apuntesdesanluis.com\/#\/schema\/person\/b55151d52296fcce64d1a72538a70b90","name":"apuntesdesanluis.com","image":{"@type":"ImageObject","inLanguage":"es-AR","@id":"https:\/\/apuntesdesanluis.com\/#\/schema\/person\/image\/","url":"https:\/\/apuntesdesanluis.com\/wp-content\/uploads\/2023\/07\/cropped-apuntesdesanluis.png","contentUrl":"https:\/\/apuntesdesanluis.com\/wp-content\/uploads\/2023\/07\/cropped-apuntesdesanluis.png","width":450,"height":112,"caption":"apuntesdesanluis.com"},"logo":{"@id":"https:\/\/apuntesdesanluis.com\/#\/schema\/person\/image\/"},"sameAs":["https:\/\/apuntesdesanluis.com"],"url":"https:\/\/apuntesdesanluis.com\/index.php\/author\/apuntesdesanluis-com\/"}]}},"featured_image_urls":{"full":["https:\/\/apuntesdesanluis.com\/wp-content\/uploads\/2024\/01\/covid.png",600,348,false],"thumbnail":["https:\/\/apuntesdesanluis.com\/wp-content\/uploads\/2024\/01\/covid-150x150.png",150,150,true],"medium":["https:\/\/apuntesdesanluis.com\/wp-content\/uploads\/2024\/01\/covid-300x174.png",300,174,true],"medium_large":["https:\/\/apuntesdesanluis.com\/wp-content\/uploads\/2024\/01\/covid.png",600,348,false],"large":["https:\/\/apuntesdesanluis.com\/wp-content\/uploads\/2024\/01\/covid.png",600,348,false],"1536x1536":["https:\/\/apuntesdesanluis.com\/wp-content\/uploads\/2024\/01\/covid.png",600,348,false],"2048x2048":["https:\/\/apuntesdesanluis.com\/wp-content\/uploads\/2024\/01\/covid.png",600,348,false],"newsever-slider-full":["https:\/\/apuntesdesanluis.com\/wp-content\/uploads\/2024\/01\/covid.png",600,348,false],"newsever-featured":["https:\/\/apuntesdesanluis.com\/wp-content\/uploads\/2024\/01\/covid.png",600,348,false],"newsever-medium":["https:\/\/apuntesdesanluis.com\/wp-content\/uploads\/2024\/01\/covid.png",600,348,false]},"author_info":{"display_name":"apuntesdesanluis.com","author_link":"https:\/\/apuntesdesanluis.com\/index.php\/author\/apuntesdesanluis-com\/"},"category_info":"<a href=\"https:\/\/apuntesdesanluis.com\/index.php\/category\/ciudad-provincia\/\" rel=\"category tag\">Ciudad\/Provincia<\/a>","tag_info":"Ciudad\/Provincia","comment_count":"0","_links":{"self":[{"href":"https:\/\/apuntesdesanluis.com\/index.php\/wp-json\/wp\/v2\/posts\/10598","targetHints":{"allow":["GET"]}}],"collection":[{"href":"https:\/\/apuntesdesanluis.com\/index.php\/wp-json\/wp\/v2\/posts"}],"about":[{"href":"https:\/\/apuntesdesanluis.com\/index.php\/wp-json\/wp\/v2\/types\/post"}],"author":[{"embeddable":true,"href":"https:\/\/apuntesdesanluis.com\/index.php\/wp-json\/wp\/v2\/users\/1"}],"replies":[{"embeddable":true,"href":"https:\/\/apuntesdesanluis.com\/index.php\/wp-json\/wp\/v2\/comments?post=10598"}],"version-history":[{"count":1,"href":"https:\/\/apuntesdesanluis.com\/index.php\/wp-json\/wp\/v2\/posts\/10598\/revisions"}],"predecessor-version":[{"id":10600,"href":"https:\/\/apuntesdesanluis.com\/index.php\/wp-json\/wp\/v2\/posts\/10598\/revisions\/10600"}],"wp:featuredmedia":[{"embeddable":true,"href":"https:\/\/apuntesdesanluis.com\/index.php\/wp-json\/wp\/v2\/media\/10599"}],"wp:attachment":[{"href":"https:\/\/apuntesdesanluis.com\/index.php\/wp-json\/wp\/v2\/media?parent=10598"}],"wp:term":[{"taxonomy":"category","embeddable":true,"href":"https:\/\/apuntesdesanluis.com\/index.php\/wp-json\/wp\/v2\/categories?post=10598"},{"taxonomy":"post_tag","embeddable":true,"href":"https:\/\/apuntesdesanluis.com\/index.php\/wp-json\/wp\/v2\/tags?post=10598"}],"curies":[{"name":"wp","href":"https:\/\/api.w.org\/{rel}","templated":true}]}}