{"id":10601,"date":"2024-01-24T13:01:43","date_gmt":"2024-01-24T16:01:43","guid":{"rendered":"https:\/\/apuntesdesanluis.com\/?p=10601"},"modified":"2024-01-24T13:19:13","modified_gmt":"2024-01-24T16:19:13","slug":"homicidio-de-ochoa-formalizaron-cargos-y-justificaron-libertad-del-imputado","status":"publish","type":"post","link":"https:\/\/apuntesdesanluis.com\/index.php\/2024\/01\/24\/homicidio-de-ochoa-formalizaron-cargos-y-justificaron-libertad-del-imputado\/","title":{"rendered":"HOMICIDIO DE OCHOA: FORMALIZARON CARGOS Y JUSTIFICARON LIBERTAD DEL IMPUTADO"},"content":{"rendered":"<h3>El Juez de Garant\u00eda en feria, <strong>Mat\u00edas Farinazzo Tempestini<\/strong>, hizo lugar a la imputaci\u00f3n en contra de <strong>Santiago Naldo Gil<\/strong> como presunto autor del delito de homicidio simple. A pedido de la defensa, el magistrado dispuso que el imputado permanezca en libertad durante el desarrollo de la investigaci\u00f3n, por entender que no existe peligro de fuga ni riesgo de entorpecimiento del proceso.<\/h3>\n<h3>Casualmente este martes la ministro de Seguridad, <strong>Nancy Sosa<\/strong>, entreg\u00f3 junto al jefe de la Polic\u00eda de la Provincia de San Luis, el comisario general <strong>Pablo Vieytes<\/strong>, un informe al gobernador <strong>Claudio Poggi<\/strong> en el que consta que <a href=\"https:\/\/agenciasanluis.com\/2024\/01\/23\/915926-solo-el-7-de-los-detenidos-in-fraganti-estan-presos\/\" target=\"_blank\" rel=\"noopener\"><span style=\"color: #3366ff;\">entre el 10 de diciembre y el 18 de enero, en el territorio de la primera circunscripci\u00f3n, la Polic\u00eda detuvo \u2018in fraganti\u2019 a 243 personas, de las cuales 225 recuperaron r\u00e1pidamente su libertad y solamente 18 est\u00e1n con prisi\u00f3n preventiva.<\/span><\/a><\/h3>\n<h3><a href=\"https:\/\/agenciasanluis.com\/2024\/01\/23\/915926-solo-el-7-de-los-detenidos-in-fraganti-estan-presos\/\" target=\"_blank\" rel=\"noopener\"><img fetchpriority=\"high\" decoding=\"async\" class=\"wp-image-10611 aligncenter\" src=\"https:\/\/apuntesdesanluis.com\/wp-content\/uploads\/2024\/01\/posteo-8-300x251.png\" alt=\"\" width=\"567\" height=\"474\" srcset=\"https:\/\/apuntesdesanluis.com\/wp-content\/uploads\/2024\/01\/posteo-8-300x251.png 300w, https:\/\/apuntesdesanluis.com\/wp-content\/uploads\/2024\/01\/posteo-8.png 600w\" sizes=\"(max-width: 567px) 100vw, 567px\" \/><\/a><\/h3>\n<h3>El pasado 19 de enero, Santiago Naldo Gil, de 35 a\u00f1os, fue formalmente imputado como presunto autor del delito de homicidio simple en perjuicio de quien en vida se llamara <strong>Juan Jos\u00e9 Ochoa<\/strong>.<\/h3>\n<h3>El hecho investigado ocurri\u00f3 el lunes 15 de enero del corriente a\u00f1o en el complejo de departamentos propiedad de la v\u00edctima, ubicado en calle General Paz 2119 de la ciudad de Villa Mercedes. Gil se encontraba en la vivienda de uno de los inquilinos, con quien estuvo consumiendo bebidas alcoh\u00f3licas por varias horas.<\/h3>\n<h3>El conflicto se produjo pasado el mediod\u00eda, cuando el due\u00f1o del inmueble le pidi\u00f3 que retirara su bicicleta del pasillo interno, porque estaba obstaculizando el paso. Al retirarse del lugar, Gil atac\u00f3 a Ochoa con un elemento cortante a la altura del t\u00f3rax. La v\u00edctima fue auxiliada primeramente por algunos de los inquilinos, hasta su traslado al Policl\u00ednico Regional \u201cJuan Domingo Per\u00f3n\u201d donde falleci\u00f3 a las 18:45 hs. a causa de un shock hipovol\u00e9mico.<\/h3>\n<p><img decoding=\"async\" class=\"wp-image-10603 aligncenter\" src=\"https:\/\/apuntesdesanluis.com\/wp-content\/uploads\/2024\/01\/casa-de-ochoa-300x174.png\" alt=\"\" width=\"598\" height=\"347\" srcset=\"https:\/\/apuntesdesanluis.com\/wp-content\/uploads\/2024\/01\/casa-de-ochoa-300x174.png 300w, https:\/\/apuntesdesanluis.com\/wp-content\/uploads\/2024\/01\/casa-de-ochoa.png 600w\" sizes=\"(max-width: 598px) 100vw, 598px\" \/><\/p>\n<h3>El mi\u00e9rcoles 17 de enero se llev\u00f3 a cabo la formulaci\u00f3n de cargos. La defensa del imputado, ejercida por la Defensora Oficial en lo Penal, Estefan\u00eda Cifuentes, junto a la Defensora Adjunta, Laura Fornero, pidi\u00f3 la pr\u00f3rroga de ley para el estudio de la causa. Dos d\u00edas despu\u00e9s, solicitaron el cese de la misma y la excarcelaci\u00f3n de su defendido. Ello, entendiendo que no era necesaria la restricci\u00f3n de la libertad porque no exist\u00eda peligro de fuga, de momento que Gil tiene arraigo en Villa Mercedes, lugar donde naci\u00f3 y donde reside toda su familia; y que, adem\u00e1s, sufri\u00f3 una lesi\u00f3n en su tobillo derecho, m\u00e1s precisamente una fractura de peron\u00e9, encontr\u00e1ndose a la espera de una intervenci\u00f3n quir\u00fargica.<\/h3>\n<h3>Dijeron que su defendido reside en el mismo domicilio desde 2018, junto a su madre y su hermana. Que all\u00ed fue donde se realiz\u00f3 el allanamiento y tambi\u00e9n donde se llev\u00f3 a cabo una encuesta socioambiental por parte de una trabajadora social del Poder Judicial, quien inform\u00f3 que Gil no posee pasaporte ni medios econ\u00f3micos para salir del pa\u00eds.<\/h3>\n<h3>\u201cEntendemos que \u00e9l deber\u00eda estar en su domicilio, sometido al proceso, por supuesto, pero no existe de ninguna manera riesgo de fuga\u201d, expresaron las representantes del Ministerio de la Defensa.<\/h3>\n<h3>Tampoco consideraron que existiera riesgo de entorpecimiento de la investigaci\u00f3n, teniendo en cuenta que su representado se entreg\u00f3 voluntariamente en la Comisar\u00eda Novena, aproximadamente 12 horas despu\u00e9s del hecho, present\u00e1ndose en compa\u00f1\u00eda de sus hermanos; y que ninguno de los testigos inform\u00f3 haber sufrido alg\u00fan tipo de amedrentamiento por parte de Gil.<\/h3>\n<h3>Por todo ello, solicitaron la inmediata libertad de su defendido.<\/h3>\n<h3>En clara oposici\u00f3n, los representantes del Ministerio Fiscal, Jos\u00e9 Alberto Olguin y Marcelo Palacio, sostuvieron el pedido de prisi\u00f3n preventiva para el imputado.<\/h3>\n<h3>Reprocharon que la defensa no les inform\u00f3 acerca de esa supuesta encuesta socioambiental, lo que les imped\u00eda contrarrestar dicha prueba que, \u201cevidentemente se ocult\u00f3 a la fiscal\u00eda\u201d. Dijeron que Gil no tiene arraigo fijo porque, desde el momento en que se produjo el hecho, fue buscado por la polic\u00eda y no pudo ser encontrado hasta que se entreg\u00f3. Que ello se respalda con el testimonio de su patr\u00f3n, quien manifest\u00f3 que algunas veces Gil se quedaba a dormir en las obras donde estaba trabajando como alba\u00f1il, o en una casa del Barrio Mil Viviendas, que no es el barrio en el que supuestamente reside con su madre; y que ni su patr\u00f3n ni ninguno de sus compa\u00f1eros de trabajo pudo informar un domicilio preciso donde encontrarlo cuando se libr\u00f3 la orden de detenci\u00f3n, raz\u00f3n por la cual no se pod\u00eda tomar en consideraci\u00f3n la encuesta socioambiental de la defensa cuando hay prueba en el expediente que la contradice directamente.<\/h3>\n<h3>Tambi\u00e9n hicieron referencia a la gravedad del hecho y a la pena en expectativa, \u201cteniendo en cuenta que esta persona fue la que inici\u00f3 la agresi\u00f3n y, posteriormente, asesin\u00f3 a Ochoa sin siquiera una discusi\u00f3n previa\u201d.<\/h3>\n<h3>Adem\u00e1s, manifestaron la necesidad de proteger a los testigos, puesto que su testimonio s\u00f3lo tendr\u00e1 el valor de prueba al momento del juicio oral, y que la \u00fanica manera de resguardar a estas personas, era privando al imputado de su libertad. De modo contrario, es probable que termine entorpeciendo la investigaci\u00f3n, sostuvo la fiscal\u00eda. En ese sentido, refirieron que no hab\u00edan logrado el comparendo de los testigos presenciales, y que hubo contradicciones en algunos testimonios, atribuy\u00e9ndolo al temor de estas personas en cuanto a lo que pueda ocurrirles en caso de hablar, luego de ver c\u00f3mo el imputado le arrebat\u00f3 la vida a Ochoa.<\/h3>\n<h3>Otro elemento que mencionaron, fue la lesi\u00f3n del imputado. Seg\u00fan la fiscal\u00eda, el m\u00e9dico policial que revis\u00f3 a Gil no constat\u00f3 ninguna lesi\u00f3n, entendiendo que la misma no se produjo en el marco del hecho que se investiga. Por ello, su teor\u00eda es que el imputado se autolesion\u00f3 para mantener su libertad o, al menos, para obtener alg\u00fan beneficio procesal.<\/h3>\n<h3><img decoding=\"async\" class=\"wp-image-10604 aligncenter\" src=\"https:\/\/apuntesdesanluis.com\/wp-content\/uploads\/2024\/01\/JOSE-OCHOA-LIBERACION-DEL-ACUSADO-300x199.png\" alt=\"\" width=\"621\" height=\"412\" srcset=\"https:\/\/apuntesdesanluis.com\/wp-content\/uploads\/2024\/01\/JOSE-OCHOA-LIBERACION-DEL-ACUSADO-300x199.png 300w, https:\/\/apuntesdesanluis.com\/wp-content\/uploads\/2024\/01\/JOSE-OCHOA-LIBERACION-DEL-ACUSADO.png 521w\" sizes=\"(max-width: 621px) 100vw, 621px\" \/><\/h3>\n<h3>En esa l\u00ednea, los fiscales indicaron que no obraba ning\u00fan informe m\u00e9dico recomendando la internaci\u00f3n del imputado o que el mismo debiera permanecer en libertad para recibir tratamiento, ratificando el pedido de encarcelamiento preventivo por el t\u00e9rmino de cuatro meses hasta tanto se desarrolle la investigaci\u00f3n y se resuelva su situaci\u00f3n procesal de manera definitiva.<\/h3>\n<h3>Las defensoras replicaron los dichos de la fiscal\u00eda. En cuanto a la falta de arraigo, manifestaron que en el informe policial obra el testimonio de dos hermanos de su defendido, quienes indicaron que el domicilio declarado en la causa era efectivamente el lugar donde reside Santiago Gil. All\u00ed se practic\u00f3 el allanamiento y la encuesta socioambiental. \u201cSantiago ha nacido en Villa Mercedes, su familia es de Mercedes, nunca se han mudado a otro lugar\u201d, sostuvieron.<\/h3>\n<h3>Respecto al riesgo de entorpecimiento, reiteraron que Gil se present\u00f3 espont\u00e1neamente en la comisar\u00eda al saber que era buscado por la polic\u00eda y, en relaci\u00f3n a la lesi\u00f3n que presenta en su tobillo derecho, dijeron que el m\u00e9dico policial fue quien inform\u00f3 sobre la misma. Luego, el m\u00e9dico forense solicit\u00f3 una radiograf\u00eda ante la posibilidad de una fractura; fractura que fue constatada. Y fue un m\u00e9dico del Policl\u00ednico Regional, quien manifest\u00f3 la necesidad de realizar una cirug\u00eda.<\/h3>\n<h3>\u201cNosotros no argumentamos que nuestro defendido deba estar en libertad porque est\u00e1 lesionado. Debe estar en libertad durante la investigaci\u00f3n porque es su derecho, y porque no existen elementos que acrediten el peligro de fuga o entorpecimiento (\u2026) no solamente no existe ning\u00fan riesgo, sino tampoco ning\u00fan peligro para la familia de la v\u00edctima ni para potenciales testigos\u201d, afirmaron, solicitando la inmediata libertad de su representado.<\/h3>\n<h3><strong>RESOLUCI\u00d3N<\/strong><\/h3>\n<h3>Luego de analizar las presentaciones de las partes, el Juez de Garant\u00eda en feria, Mat\u00edas Farinazzo Tempestini, tuvo por formulados los cargos en contra de Santiago Naldo Gil como presunto autor del delito de homicidio simple en perjuicio de Juan Jos\u00e9 Ochoa.<\/h3>\n<h3>En cuanto a la medida de coerci\u00f3n solicitada por la fiscal\u00eda, esto es, la prisi\u00f3n preventiva por cuatro meses, y en atenci\u00f3n a los argumentos vertidos por la defensa, record\u00f3 que la regla para todo proceso es la libertad, salvo que existan riesgos procesales como el entorpecimiento o el peligro de fuga.<\/h3>\n<h3>\u201cLa fiscal\u00eda fundamenta el pedido de preventiva en la falta de arraigo, el peligro de entorpecimiento y la gravedad del hecho, cuyas circunstancias pueden influir en la pena en expectativa\u201d, apunt\u00f3 el magistrado.<\/h3>\n<h3>En ese sentido, recalc\u00f3 que deb\u00eda analizarse la existencia de un peligro real de fuga. \u201cLa fiscal\u00eda lo funda, en primer lugar, en la falta de arraigo. Pero la defensa ha manifestado que el se\u00f1or tiene arraigo. Se trata de una persona que ha nacido en Villa Mercedes, que ha vivido toda su vida en Villa Mercedes, que su n\u00facleo familiar reside en Villa Mercedes, trat\u00e1ndose de una familia numerosa. Incluso, dos de sus hermanos lo acompa\u00f1aron a la comisar\u00eda para entregarse. Adem\u00e1s, tiene hijas menores que tambi\u00e9n viven en Mercedes\u201d, detall\u00f3. Afirmando que, por lo tanto, no era posible presumir el peligro de fuga.<\/h3>\n<h3>Respecto a la posibilidad de entorpecimiento, el juez entendi\u00f3 que no se dan los supuestos, teniendo en cuenta que, al otro d\u00eda del hecho, Gil fue a entregarse espont\u00e1neamente a la comisar\u00eda, y que si hubiera querido entorpecer el proceso, no se hubiera presentado o hubiera intentado ocultar evidencias, como la remera que us\u00f3 al momento del hecho. \u201cPero, hasta ahora, lo que ha demostrado en el proceso, es estar a derecho. No s\u00f3lo no entorpeciendo, sino siendo proactivo, poni\u00e9ndose a disposici\u00f3n de la justicia\u201d, sostuvo.<\/h3>\n<h3>En virtud de ello, rechaz\u00f3 el pedido de prisi\u00f3n preventiva; imponi\u00e9ndole al imputado las siguientes reglas: prohibici\u00f3n de salir de la provincia sin autorizaci\u00f3n judicial; prohibici\u00f3n de acercarse al lugar del hecho, es decir, al complejo de departamentos de la v\u00edctima, a no menos de 300 metros; prohibici\u00f3n de acercamiento hacia todos los inquilinos, debiendo informar la fiscal\u00eda qui\u00e9nes son las personas que habitan dicho inmueble.<\/h3>\n<h3>Asimismo, le orden\u00f3 fijar domicilio -el que fue informado en la misma audiencia- y la firma semanal del libro de imputados ante la fiscal\u00eda, por un t\u00e9rmino de 4 meses.<\/h3>\n<h3>Por \u00faltimo, el magistrado le aclar\u00f3 que, de incumplir con estas reglas, estar\u00e1 no s\u00f3lo cometiendo otro delito, esto es, el delito de desobediencia a una orden judicial; sino que la fiscal\u00eda puede solicitar una revisi\u00f3n por incumplimiento de conducta y, por ende, una medida de coerci\u00f3n m\u00e1s gravosa.<\/h3>\n<h3>En desacuerdo con la resoluci\u00f3n del juez, el Ministerio Fiscal anticip\u00f3 que apelar\u00e1 la misma ante el Tribunal de Impugnaciones, a efectos de revisar la medida de coerci\u00f3n.<\/h3>\n<p>&nbsp;<\/p>\n<p>&nbsp;<\/p>\n<p>&nbsp;<\/p>\n","protected":false},"excerpt":{"rendered":"<p>El Juez de Garant\u00eda en feria, Mat\u00edas Farinazzo Tempestini, hizo lugar a la imputaci\u00f3n en&#8230;<\/p>\n","protected":false},"author":1,"featured_media":10602,"comment_status":"closed","ping_status":"closed","sticky":false,"template":"","format":"standard","meta":{"footnotes":""},"categories":[6],"tags":[],"class_list":["post-10601","post","type-post","status-publish","format-standard","has-post-thumbnail","hentry","category-ciudad-provincia"],"yoast_head":"<!-- This site is optimized with the Yoast SEO plugin v26.1.1 - https:\/\/yoast.com\/wordpress\/plugins\/seo\/ -->\n<title>HOMICIDIO DE OCHOA: FORMALIZARON CARGOS Y JUSTIFICARON LIBERTAD DEL IMPUTADO - Apuntes de San Luis<\/title>\n<meta name=\"robots\" content=\"index, follow, max-snippet:-1, max-image-preview:large, max-video-preview:-1\" \/>\n<link rel=\"canonical\" href=\"https:\/\/apuntesdesanluis.com\/index.php\/2024\/01\/24\/homicidio-de-ochoa-formalizaron-cargos-y-justificaron-libertad-del-imputado\/\" \/>\n<meta property=\"og:locale\" content=\"es_ES\" \/>\n<meta property=\"og:type\" content=\"article\" \/>\n<meta property=\"og:title\" content=\"HOMICIDIO DE OCHOA: FORMALIZARON CARGOS Y JUSTIFICARON LIBERTAD DEL IMPUTADO - Apuntes de San Luis\" \/>\n<meta property=\"og:description\" content=\"El Juez de Garant\u00eda en feria, Mat\u00edas Farinazzo Tempestini, hizo lugar a la imputaci\u00f3n en...\" \/>\n<meta property=\"og:url\" content=\"https:\/\/apuntesdesanluis.com\/index.php\/2024\/01\/24\/homicidio-de-ochoa-formalizaron-cargos-y-justificaron-libertad-del-imputado\/\" \/>\n<meta property=\"og:site_name\" content=\"Apuntes de San Luis\" \/>\n<meta property=\"article:published_time\" content=\"2024-01-24T16:01:43+00:00\" \/>\n<meta property=\"article:modified_time\" content=\"2024-01-24T16:19:13+00:00\" \/>\n<meta property=\"og:image\" content=\"https:\/\/apuntesdesanluis.com\/wp-content\/uploads\/2024\/01\/HOMICIDIO-DE-JOSE-OCHOA.png\" \/>\n\t<meta property=\"og:image:width\" content=\"600\" \/>\n\t<meta property=\"og:image:height\" content=\"332\" \/>\n\t<meta property=\"og:image:type\" content=\"image\/png\" \/>\n<meta name=\"author\" content=\"apuntesdesanluis.com\" \/>\n<meta name=\"twitter:card\" content=\"summary_large_image\" \/>\n<meta name=\"twitter:label1\" content=\"Escrito por\" \/>\n\t<meta name=\"twitter:data1\" content=\"apuntesdesanluis.com\" \/>\n\t<meta name=\"twitter:label2\" content=\"Tiempo de lectura\" \/>\n\t<meta name=\"twitter:data2\" content=\"9 minutos\" \/>\n<script type=\"application\/ld+json\" class=\"yoast-schema-graph\">{\"@context\":\"https:\/\/schema.org\",\"@graph\":[{\"@type\":\"Article\",\"@id\":\"https:\/\/apuntesdesanluis.com\/index.php\/2024\/01\/24\/homicidio-de-ochoa-formalizaron-cargos-y-justificaron-libertad-del-imputado\/#article\",\"isPartOf\":{\"@id\":\"https:\/\/apuntesdesanluis.com\/index.php\/2024\/01\/24\/homicidio-de-ochoa-formalizaron-cargos-y-justificaron-libertad-del-imputado\/\"},\"author\":{\"name\":\"apuntesdesanluis.com\",\"@id\":\"https:\/\/apuntesdesanluis.com\/#\/schema\/person\/b55151d52296fcce64d1a72538a70b90\"},\"headline\":\"HOMICIDIO DE OCHOA: FORMALIZARON CARGOS Y JUSTIFICARON LIBERTAD DEL IMPUTADO\",\"datePublished\":\"2024-01-24T16:01:43+00:00\",\"dateModified\":\"2024-01-24T16:19:13+00:00\",\"mainEntityOfPage\":{\"@id\":\"https:\/\/apuntesdesanluis.com\/index.php\/2024\/01\/24\/homicidio-de-ochoa-formalizaron-cargos-y-justificaron-libertad-del-imputado\/\"},\"wordCount\":1854,\"publisher\":{\"@id\":\"https:\/\/apuntesdesanluis.com\/#\/schema\/person\/b55151d52296fcce64d1a72538a70b90\"},\"image\":{\"@id\":\"https:\/\/apuntesdesanluis.com\/index.php\/2024\/01\/24\/homicidio-de-ochoa-formalizaron-cargos-y-justificaron-libertad-del-imputado\/#primaryimage\"},\"thumbnailUrl\":\"https:\/\/apuntesdesanluis.com\/wp-content\/uploads\/2024\/01\/HOMICIDIO-DE-JOSE-OCHOA.png\",\"articleSection\":[\"Ciudad\/Provincia\"],\"inLanguage\":\"es-AR\"},{\"@type\":\"WebPage\",\"@id\":\"https:\/\/apuntesdesanluis.com\/index.php\/2024\/01\/24\/homicidio-de-ochoa-formalizaron-cargos-y-justificaron-libertad-del-imputado\/\",\"url\":\"https:\/\/apuntesdesanluis.com\/index.php\/2024\/01\/24\/homicidio-de-ochoa-formalizaron-cargos-y-justificaron-libertad-del-imputado\/\",\"name\":\"HOMICIDIO DE OCHOA: FORMALIZARON CARGOS Y JUSTIFICARON LIBERTAD DEL IMPUTADO - Apuntes de San Luis\",\"isPartOf\":{\"@id\":\"https:\/\/apuntesdesanluis.com\/#website\"},\"primaryImageOfPage\":{\"@id\":\"https:\/\/apuntesdesanluis.com\/index.php\/2024\/01\/24\/homicidio-de-ochoa-formalizaron-cargos-y-justificaron-libertad-del-imputado\/#primaryimage\"},\"image\":{\"@id\":\"https:\/\/apuntesdesanluis.com\/index.php\/2024\/01\/24\/homicidio-de-ochoa-formalizaron-cargos-y-justificaron-libertad-del-imputado\/#primaryimage\"},\"thumbnailUrl\":\"https:\/\/apuntesdesanluis.com\/wp-content\/uploads\/2024\/01\/HOMICIDIO-DE-JOSE-OCHOA.png\",\"datePublished\":\"2024-01-24T16:01:43+00:00\",\"dateModified\":\"2024-01-24T16:19:13+00:00\",\"breadcrumb\":{\"@id\":\"https:\/\/apuntesdesanluis.com\/index.php\/2024\/01\/24\/homicidio-de-ochoa-formalizaron-cargos-y-justificaron-libertad-del-imputado\/#breadcrumb\"},\"inLanguage\":\"es-AR\",\"potentialAction\":[{\"@type\":\"ReadAction\",\"target\":[\"https:\/\/apuntesdesanluis.com\/index.php\/2024\/01\/24\/homicidio-de-ochoa-formalizaron-cargos-y-justificaron-libertad-del-imputado\/\"]}]},{\"@type\":\"ImageObject\",\"inLanguage\":\"es-AR\",\"@id\":\"https:\/\/apuntesdesanluis.com\/index.php\/2024\/01\/24\/homicidio-de-ochoa-formalizaron-cargos-y-justificaron-libertad-del-imputado\/#primaryimage\",\"url\":\"https:\/\/apuntesdesanluis.com\/wp-content\/uploads\/2024\/01\/HOMICIDIO-DE-JOSE-OCHOA.png\",\"contentUrl\":\"https:\/\/apuntesdesanluis.com\/wp-content\/uploads\/2024\/01\/HOMICIDIO-DE-JOSE-OCHOA.png\",\"width\":600,\"height\":332},{\"@type\":\"BreadcrumbList\",\"@id\":\"https:\/\/apuntesdesanluis.com\/index.php\/2024\/01\/24\/homicidio-de-ochoa-formalizaron-cargos-y-justificaron-libertad-del-imputado\/#breadcrumb\",\"itemListElement\":[{\"@type\":\"ListItem\",\"position\":1,\"name\":\"Inicio\",\"item\":\"https:\/\/apuntesdesanluis.com\/\"},{\"@type\":\"ListItem\",\"position\":2,\"name\":\"HOMICIDIO DE OCHOA: FORMALIZARON CARGOS Y JUSTIFICARON LIBERTAD DEL IMPUTADO\"}]},{\"@type\":\"WebSite\",\"@id\":\"https:\/\/apuntesdesanluis.com\/#website\",\"url\":\"https:\/\/apuntesdesanluis.com\/\",\"name\":\"Apuntes de San Luis\",\"description\":\"\",\"publisher\":{\"@id\":\"https:\/\/apuntesdesanluis.com\/#\/schema\/person\/b55151d52296fcce64d1a72538a70b90\"},\"potentialAction\":[{\"@type\":\"SearchAction\",\"target\":{\"@type\":\"EntryPoint\",\"urlTemplate\":\"https:\/\/apuntesdesanluis.com\/?s={search_term_string}\"},\"query-input\":{\"@type\":\"PropertyValueSpecification\",\"valueRequired\":true,\"valueName\":\"search_term_string\"}}],\"inLanguage\":\"es-AR\"},{\"@type\":[\"Person\",\"Organization\"],\"@id\":\"https:\/\/apuntesdesanluis.com\/#\/schema\/person\/b55151d52296fcce64d1a72538a70b90\",\"name\":\"apuntesdesanluis.com\",\"image\":{\"@type\":\"ImageObject\",\"inLanguage\":\"es-AR\",\"@id\":\"https:\/\/apuntesdesanluis.com\/#\/schema\/person\/image\/\",\"url\":\"https:\/\/apuntesdesanluis.com\/wp-content\/uploads\/2023\/07\/cropped-apuntesdesanluis.png\",\"contentUrl\":\"https:\/\/apuntesdesanluis.com\/wp-content\/uploads\/2023\/07\/cropped-apuntesdesanluis.png\",\"width\":450,\"height\":112,\"caption\":\"apuntesdesanluis.com\"},\"logo\":{\"@id\":\"https:\/\/apuntesdesanluis.com\/#\/schema\/person\/image\/\"},\"sameAs\":[\"https:\/\/apuntesdesanluis.com\"],\"url\":\"https:\/\/apuntesdesanluis.com\/index.php\/author\/apuntesdesanluis-com\/\"}]}<\/script>\n<!-- \/ Yoast SEO plugin. -->","yoast_head_json":{"title":"HOMICIDIO DE OCHOA: FORMALIZARON CARGOS Y JUSTIFICARON LIBERTAD DEL IMPUTADO - Apuntes de San Luis","robots":{"index":"index","follow":"follow","max-snippet":"max-snippet:-1","max-image-preview":"max-image-preview:large","max-video-preview":"max-video-preview:-1"},"canonical":"https:\/\/apuntesdesanluis.com\/index.php\/2024\/01\/24\/homicidio-de-ochoa-formalizaron-cargos-y-justificaron-libertad-del-imputado\/","og_locale":"es_ES","og_type":"article","og_title":"HOMICIDIO DE OCHOA: FORMALIZARON CARGOS Y JUSTIFICARON LIBERTAD DEL IMPUTADO - Apuntes de San Luis","og_description":"El Juez de Garant\u00eda en feria, Mat\u00edas Farinazzo Tempestini, hizo lugar a la imputaci\u00f3n en...","og_url":"https:\/\/apuntesdesanluis.com\/index.php\/2024\/01\/24\/homicidio-de-ochoa-formalizaron-cargos-y-justificaron-libertad-del-imputado\/","og_site_name":"Apuntes de San Luis","article_published_time":"2024-01-24T16:01:43+00:00","article_modified_time":"2024-01-24T16:19:13+00:00","og_image":[{"width":600,"height":332,"url":"https:\/\/apuntesdesanluis.com\/wp-content\/uploads\/2024\/01\/HOMICIDIO-DE-JOSE-OCHOA.png","type":"image\/png"}],"author":"apuntesdesanluis.com","twitter_card":"summary_large_image","twitter_misc":{"Escrito por":"apuntesdesanluis.com","Tiempo de lectura":"9 minutos"},"schema":{"@context":"https:\/\/schema.org","@graph":[{"@type":"Article","@id":"https:\/\/apuntesdesanluis.com\/index.php\/2024\/01\/24\/homicidio-de-ochoa-formalizaron-cargos-y-justificaron-libertad-del-imputado\/#article","isPartOf":{"@id":"https:\/\/apuntesdesanluis.com\/index.php\/2024\/01\/24\/homicidio-de-ochoa-formalizaron-cargos-y-justificaron-libertad-del-imputado\/"},"author":{"name":"apuntesdesanluis.com","@id":"https:\/\/apuntesdesanluis.com\/#\/schema\/person\/b55151d52296fcce64d1a72538a70b90"},"headline":"HOMICIDIO DE OCHOA: FORMALIZARON CARGOS Y JUSTIFICARON LIBERTAD DEL IMPUTADO","datePublished":"2024-01-24T16:01:43+00:00","dateModified":"2024-01-24T16:19:13+00:00","mainEntityOfPage":{"@id":"https:\/\/apuntesdesanluis.com\/index.php\/2024\/01\/24\/homicidio-de-ochoa-formalizaron-cargos-y-justificaron-libertad-del-imputado\/"},"wordCount":1854,"publisher":{"@id":"https:\/\/apuntesdesanluis.com\/#\/schema\/person\/b55151d52296fcce64d1a72538a70b90"},"image":{"@id":"https:\/\/apuntesdesanluis.com\/index.php\/2024\/01\/24\/homicidio-de-ochoa-formalizaron-cargos-y-justificaron-libertad-del-imputado\/#primaryimage"},"thumbnailUrl":"https:\/\/apuntesdesanluis.com\/wp-content\/uploads\/2024\/01\/HOMICIDIO-DE-JOSE-OCHOA.png","articleSection":["Ciudad\/Provincia"],"inLanguage":"es-AR"},{"@type":"WebPage","@id":"https:\/\/apuntesdesanluis.com\/index.php\/2024\/01\/24\/homicidio-de-ochoa-formalizaron-cargos-y-justificaron-libertad-del-imputado\/","url":"https:\/\/apuntesdesanluis.com\/index.php\/2024\/01\/24\/homicidio-de-ochoa-formalizaron-cargos-y-justificaron-libertad-del-imputado\/","name":"HOMICIDIO DE OCHOA: FORMALIZARON CARGOS Y JUSTIFICARON LIBERTAD DEL IMPUTADO - Apuntes de San Luis","isPartOf":{"@id":"https:\/\/apuntesdesanluis.com\/#website"},"primaryImageOfPage":{"@id":"https:\/\/apuntesdesanluis.com\/index.php\/2024\/01\/24\/homicidio-de-ochoa-formalizaron-cargos-y-justificaron-libertad-del-imputado\/#primaryimage"},"image":{"@id":"https:\/\/apuntesdesanluis.com\/index.php\/2024\/01\/24\/homicidio-de-ochoa-formalizaron-cargos-y-justificaron-libertad-del-imputado\/#primaryimage"},"thumbnailUrl":"https:\/\/apuntesdesanluis.com\/wp-content\/uploads\/2024\/01\/HOMICIDIO-DE-JOSE-OCHOA.png","datePublished":"2024-01-24T16:01:43+00:00","dateModified":"2024-01-24T16:19:13+00:00","breadcrumb":{"@id":"https:\/\/apuntesdesanluis.com\/index.php\/2024\/01\/24\/homicidio-de-ochoa-formalizaron-cargos-y-justificaron-libertad-del-imputado\/#breadcrumb"},"inLanguage":"es-AR","potentialAction":[{"@type":"ReadAction","target":["https:\/\/apuntesdesanluis.com\/index.php\/2024\/01\/24\/homicidio-de-ochoa-formalizaron-cargos-y-justificaron-libertad-del-imputado\/"]}]},{"@type":"ImageObject","inLanguage":"es-AR","@id":"https:\/\/apuntesdesanluis.com\/index.php\/2024\/01\/24\/homicidio-de-ochoa-formalizaron-cargos-y-justificaron-libertad-del-imputado\/#primaryimage","url":"https:\/\/apuntesdesanluis.com\/wp-content\/uploads\/2024\/01\/HOMICIDIO-DE-JOSE-OCHOA.png","contentUrl":"https:\/\/apuntesdesanluis.com\/wp-content\/uploads\/2024\/01\/HOMICIDIO-DE-JOSE-OCHOA.png","width":600,"height":332},{"@type":"BreadcrumbList","@id":"https:\/\/apuntesdesanluis.com\/index.php\/2024\/01\/24\/homicidio-de-ochoa-formalizaron-cargos-y-justificaron-libertad-del-imputado\/#breadcrumb","itemListElement":[{"@type":"ListItem","position":1,"name":"Inicio","item":"https:\/\/apuntesdesanluis.com\/"},{"@type":"ListItem","position":2,"name":"HOMICIDIO DE OCHOA: FORMALIZARON CARGOS Y JUSTIFICARON LIBERTAD DEL IMPUTADO"}]},{"@type":"WebSite","@id":"https:\/\/apuntesdesanluis.com\/#website","url":"https:\/\/apuntesdesanluis.com\/","name":"Apuntes de San Luis","description":"","publisher":{"@id":"https:\/\/apuntesdesanluis.com\/#\/schema\/person\/b55151d52296fcce64d1a72538a70b90"},"potentialAction":[{"@type":"SearchAction","target":{"@type":"EntryPoint","urlTemplate":"https:\/\/apuntesdesanluis.com\/?s={search_term_string}"},"query-input":{"@type":"PropertyValueSpecification","valueRequired":true,"valueName":"search_term_string"}}],"inLanguage":"es-AR"},{"@type":["Person","Organization"],"@id":"https:\/\/apuntesdesanluis.com\/#\/schema\/person\/b55151d52296fcce64d1a72538a70b90","name":"apuntesdesanluis.com","image":{"@type":"ImageObject","inLanguage":"es-AR","@id":"https:\/\/apuntesdesanluis.com\/#\/schema\/person\/image\/","url":"https:\/\/apuntesdesanluis.com\/wp-content\/uploads\/2023\/07\/cropped-apuntesdesanluis.png","contentUrl":"https:\/\/apuntesdesanluis.com\/wp-content\/uploads\/2023\/07\/cropped-apuntesdesanluis.png","width":450,"height":112,"caption":"apuntesdesanluis.com"},"logo":{"@id":"https:\/\/apuntesdesanluis.com\/#\/schema\/person\/image\/"},"sameAs":["https:\/\/apuntesdesanluis.com"],"url":"https:\/\/apuntesdesanluis.com\/index.php\/author\/apuntesdesanluis-com\/"}]}},"featured_image_urls":{"full":["https:\/\/apuntesdesanluis.com\/wp-content\/uploads\/2024\/01\/HOMICIDIO-DE-JOSE-OCHOA.png",600,332,false],"thumbnail":["https:\/\/apuntesdesanluis.com\/wp-content\/uploads\/2024\/01\/HOMICIDIO-DE-JOSE-OCHOA-150x150.png",150,150,true],"medium":["https:\/\/apuntesdesanluis.com\/wp-content\/uploads\/2024\/01\/HOMICIDIO-DE-JOSE-OCHOA-300x166.png",300,166,true],"medium_large":["https:\/\/apuntesdesanluis.com\/wp-content\/uploads\/2024\/01\/HOMICIDIO-DE-JOSE-OCHOA.png",600,332,false],"large":["https:\/\/apuntesdesanluis.com\/wp-content\/uploads\/2024\/01\/HOMICIDIO-DE-JOSE-OCHOA.png",600,332,false],"1536x1536":["https:\/\/apuntesdesanluis.com\/wp-content\/uploads\/2024\/01\/HOMICIDIO-DE-JOSE-OCHOA.png",600,332,false],"2048x2048":["https:\/\/apuntesdesanluis.com\/wp-content\/uploads\/2024\/01\/HOMICIDIO-DE-JOSE-OCHOA.png",600,332,false],"newsever-slider-full":["https:\/\/apuntesdesanluis.com\/wp-content\/uploads\/2024\/01\/HOMICIDIO-DE-JOSE-OCHOA.png",600,332,false],"newsever-featured":["https:\/\/apuntesdesanluis.com\/wp-content\/uploads\/2024\/01\/HOMICIDIO-DE-JOSE-OCHOA.png",600,332,false],"newsever-medium":["https:\/\/apuntesdesanluis.com\/wp-content\/uploads\/2024\/01\/HOMICIDIO-DE-JOSE-OCHOA.png",600,332,false]},"author_info":{"display_name":"apuntesdesanluis.com","author_link":"https:\/\/apuntesdesanluis.com\/index.php\/author\/apuntesdesanluis-com\/"},"category_info":"<a href=\"https:\/\/apuntesdesanluis.com\/index.php\/category\/ciudad-provincia\/\" rel=\"category tag\">Ciudad\/Provincia<\/a>","tag_info":"Ciudad\/Provincia","comment_count":"0","_links":{"self":[{"href":"https:\/\/apuntesdesanluis.com\/index.php\/wp-json\/wp\/v2\/posts\/10601","targetHints":{"allow":["GET"]}}],"collection":[{"href":"https:\/\/apuntesdesanluis.com\/index.php\/wp-json\/wp\/v2\/posts"}],"about":[{"href":"https:\/\/apuntesdesanluis.com\/index.php\/wp-json\/wp\/v2\/types\/post"}],"author":[{"embeddable":true,"href":"https:\/\/apuntesdesanluis.com\/index.php\/wp-json\/wp\/v2\/users\/1"}],"replies":[{"embeddable":true,"href":"https:\/\/apuntesdesanluis.com\/index.php\/wp-json\/wp\/v2\/comments?post=10601"}],"version-history":[{"count":4,"href":"https:\/\/apuntesdesanluis.com\/index.php\/wp-json\/wp\/v2\/posts\/10601\/revisions"}],"predecessor-version":[{"id":10612,"href":"https:\/\/apuntesdesanluis.com\/index.php\/wp-json\/wp\/v2\/posts\/10601\/revisions\/10612"}],"wp:featuredmedia":[{"embeddable":true,"href":"https:\/\/apuntesdesanluis.com\/index.php\/wp-json\/wp\/v2\/media\/10602"}],"wp:attachment":[{"href":"https:\/\/apuntesdesanluis.com\/index.php\/wp-json\/wp\/v2\/media?parent=10601"}],"wp:term":[{"taxonomy":"category","embeddable":true,"href":"https:\/\/apuntesdesanluis.com\/index.php\/wp-json\/wp\/v2\/categories?post=10601"},{"taxonomy":"post_tag","embeddable":true,"href":"https:\/\/apuntesdesanluis.com\/index.php\/wp-json\/wp\/v2\/tags?post=10601"}],"curies":[{"name":"wp","href":"https:\/\/api.w.org\/{rel}","templated":true}]}}