{"id":10624,"date":"2024-01-24T18:40:53","date_gmt":"2024-01-24T21:40:53","guid":{"rendered":"https:\/\/apuntesdesanluis.com\/?p=10624"},"modified":"2024-01-24T18:40:53","modified_gmt":"2024-01-24T21:40:53","slug":"la-cgt-concreto-su-primer-paro-contra-milei-con-una-masiva-marcha-al-congreso-quieren-destruir-el-sindicalismo","status":"publish","type":"post","link":"https:\/\/apuntesdesanluis.com\/index.php\/2024\/01\/24\/la-cgt-concreto-su-primer-paro-contra-milei-con-una-masiva-marcha-al-congreso-quieren-destruir-el-sindicalismo\/","title":{"rendered":"LA CGT CONCRET\u00d3 SU PRIMER PARO CONTRA MILEI CON UNA MASIVA MARCHA AL CONGRESO: &#8220;QUIEREN DESTRUIR EL SINDICALISMO&#8221;"},"content":{"rendered":"<h3>Los cotitulares de la CGT <strong>H\u00e9ctor Daer<\/strong> y <strong>Pablo Moyano<\/strong> tambi\u00e9n le marcaron la cancha a los legisladores por la ley \u00f3mnibus y Ganancias.<\/h3>\n<h3>La CGT, con adhesi\u00f3n de las dos CTA, organizaciones sociales, el peronismo y la izquierda, concret\u00f3 hoy su primer paro en la era <strong>Javier Milei<\/strong>, que incluy\u00f3 una multitudinaria movilizaci\u00f3n al Congreso, donde los referentes sindicales exigieron a los legisladores que no aprueben la ley \u00f3mnibus y hagan caer el mega DNU.<\/h3>\n<h3>Sobre el escenario montado frente al parlamento, el cotitular de la CGT y dirigente de Camioneros, Pablo Moyano, advirti\u00f3 que al ministro de Econom\u00eda, <strong>Luis Caputo<\/strong>, con estas medidas econ\u00f3micas los trabajadores lo van a &#8220;llevar en andas&#8221; al \u201cRiachuelo\u201d.<\/h3>\n<h3>\u00a0&#8220;Le digo al ministro de Econom\u00eda que si lleva estas medidas econ\u00f3micas de hambre y ajuste, los trabajadores, jubilados y los m\u00e1s humildes lo van a llevar en andas, pero al Riachuelo&#8221;, dijo Moyano, parafraseando al presidente Javier Milei.<\/h3>\n<h3>Adem\u00e1s, llam\u00f3 a los legisladores a no votar a favor de la ley \u00f3mnibus que se tratar\u00e1 en los pr\u00f3ximos d\u00edas, ni por el regreso del Impuesto a las Ganancias que impulsa el Gobierno nacional.<\/h3>\n<p><iframe title=\"ACTO DE LA CGT I &quot;Un peronista no puede votar este DNU&quot;, Pablo Moyano\" width=\"640\" height=\"360\" src=\"https:\/\/www.youtube.com\/embed\/rBK3SQ2zJ1M?feature=oembed\" frameborder=\"0\" allow=\"accelerometer; autoplay; clipboard-write; encrypted-media; gyroscope; picture-in-picture; web-share\" referrerpolicy=\"strict-origin-when-cross-origin\" allowfullscreen><\/iframe><\/p>\n<h3>&#8220;Que no se les ocurra volver a poner el impuesto a las Ganancias, si son tan guapos suban el impuesto a las grandes fortunas&#8221;, se quej\u00f3 el hijo de Hugo Moyano.<\/h3>\n<h3>A los legisladores les insisti\u00f3 con que &#8220;estar\u00e1n frente a una decisi\u00f3n hist\u00f3rica para que digan si est\u00e1n con los trabajadores o con las corporaciones&#8221;.<\/h3>\n<h3>&#8220;No puede ser esos diputados que arman bloques y siendo peronistas voten este DNU. Un peronista no puede votar este DNU que va en contra de los jubilados, los trabajadores y la soberan\u00eda argentina&#8221;, agreg\u00f3 el camionero.<\/h3>\n<h3>Lament\u00f3 adem\u00e1s que &#8220;esta ley de reforma laboral la escribi\u00f3 Paolo Rocca y la escribi\u00f3 Mercado Libre&#8221;.<\/h3>\n<h3>&#8220;Llamamos a todos los argentinos de bien a que se sumen a este frente de resistencia, porque por m\u00e1s protocolo, por m\u00e1s multas, la patria no se vende, la patria se defiende&#8221;, enfatiz\u00f3 Pablo Moyano.<\/h3>\n<p><img fetchpriority=\"high\" decoding=\"async\" class=\"wp-image-10626 aligncenter\" src=\"https:\/\/apuntesdesanluis.com\/wp-content\/uploads\/2024\/01\/MOTOSIERRA-300x167.png\" alt=\"\" width=\"625\" height=\"348\" srcset=\"https:\/\/apuntesdesanluis.com\/wp-content\/uploads\/2024\/01\/MOTOSIERRA-300x167.png 300w, https:\/\/apuntesdesanluis.com\/wp-content\/uploads\/2024\/01\/MOTOSIERRA.png 600w\" sizes=\"(max-width: 625px) 100vw, 625px\" \/><\/p>\n<h3>El discurso final fue el de su colega H\u00e9ctor Daer, quien sostuvo: &#8220;El Presidente fue electo presidente, los legisladores fueron electos legisladores, y a nosotros nos eligieron los trabajadores para defender sus derechos, para encuestar con sus representantes. Pero m\u00e1s que una cosa es andar con una motosierra y la otra es gobernar&#8221;.<\/h3>\n<h3>A su vez, advirti\u00f3 que en el flamante gobierno &#8220;quieren destruir al sindicalismo&#8221; y lament\u00f3 que Milei &#8220;nos viene con una palabra tan grande como es la libertad, ya que todos los pueblos luchan por la libertad, pero ac\u00e1 la libertad la utilizan para hacer pelota la f\u00f3rmula de actualizaci\u00f3n para los compa\u00f1eros jubilados&#8221;.<\/h3>\n<h3>&#8220;Con la libertad quieren vender las empresas p\u00fablicas y con la libertad no quieren que suceda esto, porque si sucede esto nos quieren meter a todos presos. As\u00ed que no criminalicen la protesta&#8221;, prosigui\u00f3 el referente de Sanidad.<\/h3>\n<h3>Tambi\u00e9n Daer se quej\u00f3 de la metodolog\u00eda de enviar un proyecto tan extenso como el de la ley \u00f3mnibus, al considerar que &#8220;si quieren discutir todo es que no quieren discutir nada&#8221;, y ejemplific\u00f3 que los &#8220;cada diputado tienen discursos de cinco minutos&#8221; para pronunciarse &#8220;sobre 600 art\u00edculos&#8221; de la normativa.<\/h3>\n<h3>&#8220;Denostan a los empleados p\u00fablicos, a los docentes, ese es parte de su plan. Porque quieren destruir el Estado, que es la \u00fanica instituci\u00f3n que permite el equilibrio social. Que no nos tomen de idiotas&#8221;, remarc\u00f3.<\/h3>\n<h3>Y cerr\u00f3: &#8220;La justicia social no se entrega y cantemos que la Patria no se vende&#8221;. De inmediato se dio por finalizado el acto, a las 14:40, a lo que sigui\u00f3 una r\u00e1pida desconcentraci\u00f3n pese a la gran cantidad de asistentes a la marcha.<\/h3>\n<h3><img decoding=\"async\" class=\"wp-image-10627 aligncenter\" src=\"https:\/\/apuntesdesanluis.com\/wp-content\/uploads\/2024\/01\/CONCENTRACION-CGT-300x178.png\" alt=\"\" width=\"652\" height=\"387\" srcset=\"https:\/\/apuntesdesanluis.com\/wp-content\/uploads\/2024\/01\/CONCENTRACION-CGT-300x178.png 300w, https:\/\/apuntesdesanluis.com\/wp-content\/uploads\/2024\/01\/CONCENTRACION-CGT.png 600w\" sizes=\"(max-width: 652px) 100vw, 652px\" \/><\/h3>\n<h3>Durante la jornada se aplic\u00f3 el protocolo antipiquetes de la ministra de Seguridad, Patricia Bullrich, y s\u00f3lo se interrumpi\u00f3 el tr\u00e1nsito sobre la Avenida de Mayo, mientras que se pudo circular durante todo el d\u00eda sobre la Avenida 9 de Julio, principal arteria de la Ciudad.<\/h3>\n<h3>Adem\u00e1s de los referentes de la CGT y de las dos CTA, participaron de la movilizaci\u00f3n dirigentes pol\u00edticos del peronismo, como el diputado y l\u00edder de La C\u00e1mpora, M\u00e1ximo Kirchner; el ex ministro Eduardo de Pedro; el titular del bloque de diputados de UxP, Germ\u00e1n Mart\u00ednez; y la ex titular de Aysa Malena Galmarini, entre otros.<\/h3>\n<h3>La marcha y acto tuvo r\u00e9plicas en las principales ciudades del resto del pa\u00eds, entre ellas Mar del Plata y Mendoza, a cargo de las respectivas regionales de la CGT y de las dem\u00e1s centrales sindicales.<\/h3>\n<p><img decoding=\"async\" class=\"wp-image-10628 aligncenter\" src=\"https:\/\/apuntesdesanluis.com\/wp-content\/uploads\/2024\/01\/NERON-300x213.png\" alt=\"\" width=\"659\" height=\"468\" srcset=\"https:\/\/apuntesdesanluis.com\/wp-content\/uploads\/2024\/01\/NERON-300x213.png 300w, https:\/\/apuntesdesanluis.com\/wp-content\/uploads\/2024\/01\/NERON.png 600w\" sizes=\"(max-width: 659px) 100vw, 659px\" \/><\/p>\n<h3>De esta forma, el sindicalismo volvi\u00f3 a salir a la calle para rechazar el mega DNU y la ley \u00f3mnibus, en especial sus apartados con reformas laborales, en medio de un temprano enfrentamiento con la gesti\u00f3n de Milei, ya que el paro fue convocado a menos de 20 d\u00edas de su asunci\u00f3n, convirti\u00e9ndose en el m\u00e1s r\u00e1pido desde el regreso de la democracia.<\/h3>\n<p>&nbsp;<\/p>\n<p>&nbsp;<\/p>\n<p>&nbsp;<\/p>\n<p>&nbsp;<\/p>\n","protected":false},"excerpt":{"rendered":"<p>Los cotitulares de la CGT H\u00e9ctor Daer y Pablo Moyano tambi\u00e9n le marcaron la cancha&#8230;<\/p>\n","protected":false},"author":1,"featured_media":10625,"comment_status":"closed","ping_status":"closed","sticky":false,"template":"","format":"standard","meta":{"footnotes":""},"categories":[5],"tags":[],"class_list":["post-10624","post","type-post","status-publish","format-standard","has-post-thumbnail","hentry","category-nacionales-internacionales"],"yoast_head":"<!-- This site is optimized with the Yoast SEO plugin v26.1.1 - https:\/\/yoast.com\/wordpress\/plugins\/seo\/ -->\n<title>LA CGT CONCRET\u00d3 SU PRIMER PARO CONTRA MILEI CON UNA MASIVA MARCHA AL CONGRESO: &quot;QUIEREN DESTRUIR EL SINDICALISMO&quot; - Apuntes de San Luis<\/title>\n<meta name=\"robots\" content=\"index, follow, max-snippet:-1, max-image-preview:large, max-video-preview:-1\" \/>\n<link rel=\"canonical\" href=\"https:\/\/apuntesdesanluis.com\/index.php\/2024\/01\/24\/la-cgt-concreto-su-primer-paro-contra-milei-con-una-masiva-marcha-al-congreso-quieren-destruir-el-sindicalismo\/\" \/>\n<meta property=\"og:locale\" content=\"es_ES\" \/>\n<meta property=\"og:type\" content=\"article\" \/>\n<meta property=\"og:title\" content=\"LA CGT CONCRET\u00d3 SU PRIMER PARO CONTRA MILEI CON UNA MASIVA MARCHA AL CONGRESO: &quot;QUIEREN DESTRUIR EL SINDICALISMO&quot; - Apuntes de San Luis\" \/>\n<meta property=\"og:description\" content=\"Los cotitulares de la CGT H\u00e9ctor Daer y Pablo Moyano tambi\u00e9n le marcaron la cancha...\" \/>\n<meta property=\"og:url\" content=\"https:\/\/apuntesdesanluis.com\/index.php\/2024\/01\/24\/la-cgt-concreto-su-primer-paro-contra-milei-con-una-masiva-marcha-al-congreso-quieren-destruir-el-sindicalismo\/\" \/>\n<meta property=\"og:site_name\" content=\"Apuntes de San Luis\" \/>\n<meta property=\"article:published_time\" content=\"2024-01-24T21:40:53+00:00\" \/>\n<meta property=\"og:image\" content=\"https:\/\/apuntesdesanluis.com\/wp-content\/uploads\/2024\/01\/MARCHA.png\" \/>\n\t<meta property=\"og:image:width\" content=\"600\" \/>\n\t<meta property=\"og:image:height\" content=\"354\" \/>\n\t<meta property=\"og:image:type\" content=\"image\/png\" \/>\n<meta name=\"author\" content=\"apuntesdesanluis.com\" \/>\n<meta name=\"twitter:card\" content=\"summary_large_image\" \/>\n<meta name=\"twitter:label1\" content=\"Escrito por\" \/>\n\t<meta name=\"twitter:data1\" content=\"apuntesdesanluis.com\" \/>\n\t<meta name=\"twitter:label2\" content=\"Tiempo de lectura\" \/>\n\t<meta name=\"twitter:data2\" content=\"5 minutos\" \/>\n<script type=\"application\/ld+json\" class=\"yoast-schema-graph\">{\"@context\":\"https:\/\/schema.org\",\"@graph\":[{\"@type\":\"Article\",\"@id\":\"https:\/\/apuntesdesanluis.com\/index.php\/2024\/01\/24\/la-cgt-concreto-su-primer-paro-contra-milei-con-una-masiva-marcha-al-congreso-quieren-destruir-el-sindicalismo\/#article\",\"isPartOf\":{\"@id\":\"https:\/\/apuntesdesanluis.com\/index.php\/2024\/01\/24\/la-cgt-concreto-su-primer-paro-contra-milei-con-una-masiva-marcha-al-congreso-quieren-destruir-el-sindicalismo\/\"},\"author\":{\"name\":\"apuntesdesanluis.com\",\"@id\":\"https:\/\/apuntesdesanluis.com\/#\/schema\/person\/b55151d52296fcce64d1a72538a70b90\"},\"headline\":\"LA CGT CONCRET\u00d3 SU PRIMER PARO CONTRA MILEI CON UNA MASIVA MARCHA AL CONGRESO: &#8220;QUIEREN DESTRUIR EL SINDICALISMO&#8221;\",\"datePublished\":\"2024-01-24T21:40:53+00:00\",\"mainEntityOfPage\":{\"@id\":\"https:\/\/apuntesdesanluis.com\/index.php\/2024\/01\/24\/la-cgt-concreto-su-primer-paro-contra-milei-con-una-masiva-marcha-al-congreso-quieren-destruir-el-sindicalismo\/\"},\"wordCount\":892,\"publisher\":{\"@id\":\"https:\/\/apuntesdesanluis.com\/#\/schema\/person\/b55151d52296fcce64d1a72538a70b90\"},\"image\":{\"@id\":\"https:\/\/apuntesdesanluis.com\/index.php\/2024\/01\/24\/la-cgt-concreto-su-primer-paro-contra-milei-con-una-masiva-marcha-al-congreso-quieren-destruir-el-sindicalismo\/#primaryimage\"},\"thumbnailUrl\":\"https:\/\/apuntesdesanluis.com\/wp-content\/uploads\/2024\/01\/MARCHA.png\",\"articleSection\":[\"Nacionales\/Internacionales\"],\"inLanguage\":\"es-AR\"},{\"@type\":\"WebPage\",\"@id\":\"https:\/\/apuntesdesanluis.com\/index.php\/2024\/01\/24\/la-cgt-concreto-su-primer-paro-contra-milei-con-una-masiva-marcha-al-congreso-quieren-destruir-el-sindicalismo\/\",\"url\":\"https:\/\/apuntesdesanluis.com\/index.php\/2024\/01\/24\/la-cgt-concreto-su-primer-paro-contra-milei-con-una-masiva-marcha-al-congreso-quieren-destruir-el-sindicalismo\/\",\"name\":\"LA CGT CONCRET\u00d3 SU PRIMER PARO CONTRA MILEI CON UNA MASIVA MARCHA AL CONGRESO: \\\"QUIEREN DESTRUIR EL SINDICALISMO\\\" - Apuntes de San Luis\",\"isPartOf\":{\"@id\":\"https:\/\/apuntesdesanluis.com\/#website\"},\"primaryImageOfPage\":{\"@id\":\"https:\/\/apuntesdesanluis.com\/index.php\/2024\/01\/24\/la-cgt-concreto-su-primer-paro-contra-milei-con-una-masiva-marcha-al-congreso-quieren-destruir-el-sindicalismo\/#primaryimage\"},\"image\":{\"@id\":\"https:\/\/apuntesdesanluis.com\/index.php\/2024\/01\/24\/la-cgt-concreto-su-primer-paro-contra-milei-con-una-masiva-marcha-al-congreso-quieren-destruir-el-sindicalismo\/#primaryimage\"},\"thumbnailUrl\":\"https:\/\/apuntesdesanluis.com\/wp-content\/uploads\/2024\/01\/MARCHA.png\",\"datePublished\":\"2024-01-24T21:40:53+00:00\",\"breadcrumb\":{\"@id\":\"https:\/\/apuntesdesanluis.com\/index.php\/2024\/01\/24\/la-cgt-concreto-su-primer-paro-contra-milei-con-una-masiva-marcha-al-congreso-quieren-destruir-el-sindicalismo\/#breadcrumb\"},\"inLanguage\":\"es-AR\",\"potentialAction\":[{\"@type\":\"ReadAction\",\"target\":[\"https:\/\/apuntesdesanluis.com\/index.php\/2024\/01\/24\/la-cgt-concreto-su-primer-paro-contra-milei-con-una-masiva-marcha-al-congreso-quieren-destruir-el-sindicalismo\/\"]}]},{\"@type\":\"ImageObject\",\"inLanguage\":\"es-AR\",\"@id\":\"https:\/\/apuntesdesanluis.com\/index.php\/2024\/01\/24\/la-cgt-concreto-su-primer-paro-contra-milei-con-una-masiva-marcha-al-congreso-quieren-destruir-el-sindicalismo\/#primaryimage\",\"url\":\"https:\/\/apuntesdesanluis.com\/wp-content\/uploads\/2024\/01\/MARCHA.png\",\"contentUrl\":\"https:\/\/apuntesdesanluis.com\/wp-content\/uploads\/2024\/01\/MARCHA.png\",\"width\":600,\"height\":354},{\"@type\":\"BreadcrumbList\",\"@id\":\"https:\/\/apuntesdesanluis.com\/index.php\/2024\/01\/24\/la-cgt-concreto-su-primer-paro-contra-milei-con-una-masiva-marcha-al-congreso-quieren-destruir-el-sindicalismo\/#breadcrumb\",\"itemListElement\":[{\"@type\":\"ListItem\",\"position\":1,\"name\":\"Inicio\",\"item\":\"https:\/\/apuntesdesanluis.com\/\"},{\"@type\":\"ListItem\",\"position\":2,\"name\":\"LA CGT CONCRET\u00d3 SU PRIMER PARO CONTRA MILEI CON UNA MASIVA MARCHA AL CONGRESO: &#8220;QUIEREN DESTRUIR EL SINDICALISMO&#8221;\"}]},{\"@type\":\"WebSite\",\"@id\":\"https:\/\/apuntesdesanluis.com\/#website\",\"url\":\"https:\/\/apuntesdesanluis.com\/\",\"name\":\"Apuntes de San Luis\",\"description\":\"\",\"publisher\":{\"@id\":\"https:\/\/apuntesdesanluis.com\/#\/schema\/person\/b55151d52296fcce64d1a72538a70b90\"},\"potentialAction\":[{\"@type\":\"SearchAction\",\"target\":{\"@type\":\"EntryPoint\",\"urlTemplate\":\"https:\/\/apuntesdesanluis.com\/?s={search_term_string}\"},\"query-input\":{\"@type\":\"PropertyValueSpecification\",\"valueRequired\":true,\"valueName\":\"search_term_string\"}}],\"inLanguage\":\"es-AR\"},{\"@type\":[\"Person\",\"Organization\"],\"@id\":\"https:\/\/apuntesdesanluis.com\/#\/schema\/person\/b55151d52296fcce64d1a72538a70b90\",\"name\":\"apuntesdesanluis.com\",\"image\":{\"@type\":\"ImageObject\",\"inLanguage\":\"es-AR\",\"@id\":\"https:\/\/apuntesdesanluis.com\/#\/schema\/person\/image\/\",\"url\":\"https:\/\/apuntesdesanluis.com\/wp-content\/uploads\/2023\/07\/cropped-apuntesdesanluis.png\",\"contentUrl\":\"https:\/\/apuntesdesanluis.com\/wp-content\/uploads\/2023\/07\/cropped-apuntesdesanluis.png\",\"width\":450,\"height\":112,\"caption\":\"apuntesdesanluis.com\"},\"logo\":{\"@id\":\"https:\/\/apuntesdesanluis.com\/#\/schema\/person\/image\/\"},\"sameAs\":[\"https:\/\/apuntesdesanluis.com\"],\"url\":\"https:\/\/apuntesdesanluis.com\/index.php\/author\/apuntesdesanluis-com\/\"}]}<\/script>\n<!-- \/ Yoast SEO plugin. -->","yoast_head_json":{"title":"LA CGT CONCRET\u00d3 SU PRIMER PARO CONTRA MILEI CON UNA MASIVA MARCHA AL CONGRESO: \"QUIEREN DESTRUIR EL SINDICALISMO\" - Apuntes de San Luis","robots":{"index":"index","follow":"follow","max-snippet":"max-snippet:-1","max-image-preview":"max-image-preview:large","max-video-preview":"max-video-preview:-1"},"canonical":"https:\/\/apuntesdesanluis.com\/index.php\/2024\/01\/24\/la-cgt-concreto-su-primer-paro-contra-milei-con-una-masiva-marcha-al-congreso-quieren-destruir-el-sindicalismo\/","og_locale":"es_ES","og_type":"article","og_title":"LA CGT CONCRET\u00d3 SU PRIMER PARO CONTRA MILEI CON UNA MASIVA MARCHA AL CONGRESO: \"QUIEREN DESTRUIR EL SINDICALISMO\" - Apuntes de San Luis","og_description":"Los cotitulares de la CGT H\u00e9ctor Daer y Pablo Moyano tambi\u00e9n le marcaron la cancha...","og_url":"https:\/\/apuntesdesanluis.com\/index.php\/2024\/01\/24\/la-cgt-concreto-su-primer-paro-contra-milei-con-una-masiva-marcha-al-congreso-quieren-destruir-el-sindicalismo\/","og_site_name":"Apuntes de San Luis","article_published_time":"2024-01-24T21:40:53+00:00","og_image":[{"width":600,"height":354,"url":"https:\/\/apuntesdesanluis.com\/wp-content\/uploads\/2024\/01\/MARCHA.png","type":"image\/png"}],"author":"apuntesdesanluis.com","twitter_card":"summary_large_image","twitter_misc":{"Escrito por":"apuntesdesanluis.com","Tiempo de lectura":"5 minutos"},"schema":{"@context":"https:\/\/schema.org","@graph":[{"@type":"Article","@id":"https:\/\/apuntesdesanluis.com\/index.php\/2024\/01\/24\/la-cgt-concreto-su-primer-paro-contra-milei-con-una-masiva-marcha-al-congreso-quieren-destruir-el-sindicalismo\/#article","isPartOf":{"@id":"https:\/\/apuntesdesanluis.com\/index.php\/2024\/01\/24\/la-cgt-concreto-su-primer-paro-contra-milei-con-una-masiva-marcha-al-congreso-quieren-destruir-el-sindicalismo\/"},"author":{"name":"apuntesdesanluis.com","@id":"https:\/\/apuntesdesanluis.com\/#\/schema\/person\/b55151d52296fcce64d1a72538a70b90"},"headline":"LA CGT CONCRET\u00d3 SU PRIMER PARO CONTRA MILEI CON UNA MASIVA MARCHA AL CONGRESO: &#8220;QUIEREN DESTRUIR EL SINDICALISMO&#8221;","datePublished":"2024-01-24T21:40:53+00:00","mainEntityOfPage":{"@id":"https:\/\/apuntesdesanluis.com\/index.php\/2024\/01\/24\/la-cgt-concreto-su-primer-paro-contra-milei-con-una-masiva-marcha-al-congreso-quieren-destruir-el-sindicalismo\/"},"wordCount":892,"publisher":{"@id":"https:\/\/apuntesdesanluis.com\/#\/schema\/person\/b55151d52296fcce64d1a72538a70b90"},"image":{"@id":"https:\/\/apuntesdesanluis.com\/index.php\/2024\/01\/24\/la-cgt-concreto-su-primer-paro-contra-milei-con-una-masiva-marcha-al-congreso-quieren-destruir-el-sindicalismo\/#primaryimage"},"thumbnailUrl":"https:\/\/apuntesdesanluis.com\/wp-content\/uploads\/2024\/01\/MARCHA.png","articleSection":["Nacionales\/Internacionales"],"inLanguage":"es-AR"},{"@type":"WebPage","@id":"https:\/\/apuntesdesanluis.com\/index.php\/2024\/01\/24\/la-cgt-concreto-su-primer-paro-contra-milei-con-una-masiva-marcha-al-congreso-quieren-destruir-el-sindicalismo\/","url":"https:\/\/apuntesdesanluis.com\/index.php\/2024\/01\/24\/la-cgt-concreto-su-primer-paro-contra-milei-con-una-masiva-marcha-al-congreso-quieren-destruir-el-sindicalismo\/","name":"LA CGT CONCRET\u00d3 SU PRIMER PARO CONTRA MILEI CON UNA MASIVA MARCHA AL CONGRESO: \"QUIEREN DESTRUIR EL SINDICALISMO\" - Apuntes de San Luis","isPartOf":{"@id":"https:\/\/apuntesdesanluis.com\/#website"},"primaryImageOfPage":{"@id":"https:\/\/apuntesdesanluis.com\/index.php\/2024\/01\/24\/la-cgt-concreto-su-primer-paro-contra-milei-con-una-masiva-marcha-al-congreso-quieren-destruir-el-sindicalismo\/#primaryimage"},"image":{"@id":"https:\/\/apuntesdesanluis.com\/index.php\/2024\/01\/24\/la-cgt-concreto-su-primer-paro-contra-milei-con-una-masiva-marcha-al-congreso-quieren-destruir-el-sindicalismo\/#primaryimage"},"thumbnailUrl":"https:\/\/apuntesdesanluis.com\/wp-content\/uploads\/2024\/01\/MARCHA.png","datePublished":"2024-01-24T21:40:53+00:00","breadcrumb":{"@id":"https:\/\/apuntesdesanluis.com\/index.php\/2024\/01\/24\/la-cgt-concreto-su-primer-paro-contra-milei-con-una-masiva-marcha-al-congreso-quieren-destruir-el-sindicalismo\/#breadcrumb"},"inLanguage":"es-AR","potentialAction":[{"@type":"ReadAction","target":["https:\/\/apuntesdesanluis.com\/index.php\/2024\/01\/24\/la-cgt-concreto-su-primer-paro-contra-milei-con-una-masiva-marcha-al-congreso-quieren-destruir-el-sindicalismo\/"]}]},{"@type":"ImageObject","inLanguage":"es-AR","@id":"https:\/\/apuntesdesanluis.com\/index.php\/2024\/01\/24\/la-cgt-concreto-su-primer-paro-contra-milei-con-una-masiva-marcha-al-congreso-quieren-destruir-el-sindicalismo\/#primaryimage","url":"https:\/\/apuntesdesanluis.com\/wp-content\/uploads\/2024\/01\/MARCHA.png","contentUrl":"https:\/\/apuntesdesanluis.com\/wp-content\/uploads\/2024\/01\/MARCHA.png","width":600,"height":354},{"@type":"BreadcrumbList","@id":"https:\/\/apuntesdesanluis.com\/index.php\/2024\/01\/24\/la-cgt-concreto-su-primer-paro-contra-milei-con-una-masiva-marcha-al-congreso-quieren-destruir-el-sindicalismo\/#breadcrumb","itemListElement":[{"@type":"ListItem","position":1,"name":"Inicio","item":"https:\/\/apuntesdesanluis.com\/"},{"@type":"ListItem","position":2,"name":"LA CGT CONCRET\u00d3 SU PRIMER PARO CONTRA MILEI CON UNA MASIVA MARCHA AL CONGRESO: &#8220;QUIEREN DESTRUIR EL SINDICALISMO&#8221;"}]},{"@type":"WebSite","@id":"https:\/\/apuntesdesanluis.com\/#website","url":"https:\/\/apuntesdesanluis.com\/","name":"Apuntes de San Luis","description":"","publisher":{"@id":"https:\/\/apuntesdesanluis.com\/#\/schema\/person\/b55151d52296fcce64d1a72538a70b90"},"potentialAction":[{"@type":"SearchAction","target":{"@type":"EntryPoint","urlTemplate":"https:\/\/apuntesdesanluis.com\/?s={search_term_string}"},"query-input":{"@type":"PropertyValueSpecification","valueRequired":true,"valueName":"search_term_string"}}],"inLanguage":"es-AR"},{"@type":["Person","Organization"],"@id":"https:\/\/apuntesdesanluis.com\/#\/schema\/person\/b55151d52296fcce64d1a72538a70b90","name":"apuntesdesanluis.com","image":{"@type":"ImageObject","inLanguage":"es-AR","@id":"https:\/\/apuntesdesanluis.com\/#\/schema\/person\/image\/","url":"https:\/\/apuntesdesanluis.com\/wp-content\/uploads\/2023\/07\/cropped-apuntesdesanluis.png","contentUrl":"https:\/\/apuntesdesanluis.com\/wp-content\/uploads\/2023\/07\/cropped-apuntesdesanluis.png","width":450,"height":112,"caption":"apuntesdesanluis.com"},"logo":{"@id":"https:\/\/apuntesdesanluis.com\/#\/schema\/person\/image\/"},"sameAs":["https:\/\/apuntesdesanluis.com"],"url":"https:\/\/apuntesdesanluis.com\/index.php\/author\/apuntesdesanluis-com\/"}]}},"featured_image_urls":{"full":["https:\/\/apuntesdesanluis.com\/wp-content\/uploads\/2024\/01\/MARCHA.png",600,354,false],"thumbnail":["https:\/\/apuntesdesanluis.com\/wp-content\/uploads\/2024\/01\/MARCHA-150x150.png",150,150,true],"medium":["https:\/\/apuntesdesanluis.com\/wp-content\/uploads\/2024\/01\/MARCHA-300x177.png",300,177,true],"medium_large":["https:\/\/apuntesdesanluis.com\/wp-content\/uploads\/2024\/01\/MARCHA.png",600,354,false],"large":["https:\/\/apuntesdesanluis.com\/wp-content\/uploads\/2024\/01\/MARCHA.png",600,354,false],"1536x1536":["https:\/\/apuntesdesanluis.com\/wp-content\/uploads\/2024\/01\/MARCHA.png",600,354,false],"2048x2048":["https:\/\/apuntesdesanluis.com\/wp-content\/uploads\/2024\/01\/MARCHA.png",600,354,false],"newsever-slider-full":["https:\/\/apuntesdesanluis.com\/wp-content\/uploads\/2024\/01\/MARCHA.png",600,354,false],"newsever-featured":["https:\/\/apuntesdesanluis.com\/wp-content\/uploads\/2024\/01\/MARCHA.png",600,354,false],"newsever-medium":["https:\/\/apuntesdesanluis.com\/wp-content\/uploads\/2024\/01\/MARCHA.png",600,354,false]},"author_info":{"display_name":"apuntesdesanluis.com","author_link":"https:\/\/apuntesdesanluis.com\/index.php\/author\/apuntesdesanluis-com\/"},"category_info":"<a href=\"https:\/\/apuntesdesanluis.com\/index.php\/category\/nacionales-internacionales\/\" rel=\"category tag\">Nacionales\/Internacionales<\/a>","tag_info":"Nacionales\/Internacionales","comment_count":"0","_links":{"self":[{"href":"https:\/\/apuntesdesanluis.com\/index.php\/wp-json\/wp\/v2\/posts\/10624","targetHints":{"allow":["GET"]}}],"collection":[{"href":"https:\/\/apuntesdesanluis.com\/index.php\/wp-json\/wp\/v2\/posts"}],"about":[{"href":"https:\/\/apuntesdesanluis.com\/index.php\/wp-json\/wp\/v2\/types\/post"}],"author":[{"embeddable":true,"href":"https:\/\/apuntesdesanluis.com\/index.php\/wp-json\/wp\/v2\/users\/1"}],"replies":[{"embeddable":true,"href":"https:\/\/apuntesdesanluis.com\/index.php\/wp-json\/wp\/v2\/comments?post=10624"}],"version-history":[{"count":1,"href":"https:\/\/apuntesdesanluis.com\/index.php\/wp-json\/wp\/v2\/posts\/10624\/revisions"}],"predecessor-version":[{"id":10629,"href":"https:\/\/apuntesdesanluis.com\/index.php\/wp-json\/wp\/v2\/posts\/10624\/revisions\/10629"}],"wp:featuredmedia":[{"embeddable":true,"href":"https:\/\/apuntesdesanluis.com\/index.php\/wp-json\/wp\/v2\/media\/10625"}],"wp:attachment":[{"href":"https:\/\/apuntesdesanluis.com\/index.php\/wp-json\/wp\/v2\/media?parent=10624"}],"wp:term":[{"taxonomy":"category","embeddable":true,"href":"https:\/\/apuntesdesanluis.com\/index.php\/wp-json\/wp\/v2\/categories?post=10624"},{"taxonomy":"post_tag","embeddable":true,"href":"https:\/\/apuntesdesanluis.com\/index.php\/wp-json\/wp\/v2\/tags?post=10624"}],"curies":[{"name":"wp","href":"https:\/\/api.w.org\/{rel}","templated":true}]}}