{"id":10630,"date":"2024-01-24T18:44:39","date_gmt":"2024-01-24T21:44:39","guid":{"rendered":"https:\/\/apuntesdesanluis.com\/?p=10630"},"modified":"2024-01-24T18:44:39","modified_gmt":"2024-01-24T21:44:39","slug":"la-justicia-declaro-invalidos-seis-articulos-de-la-reforma-laboral-del-mega-dnu-de-javier-milei","status":"publish","type":"post","link":"https:\/\/apuntesdesanluis.com\/index.php\/2024\/01\/24\/la-justicia-declaro-invalidos-seis-articulos-de-la-reforma-laboral-del-mega-dnu-de-javier-milei\/","title":{"rendered":"LA JUSTICIA DECLAR\u00d3 INV\u00c1LIDOS SEIS ART\u00cdCULOS DE LA REFORMA LABORAL DEL MEGA DNU DE JAVIER MILEI"},"content":{"rendered":"<h3>La jueza nacional del Trabajo <strong>Liliana Rodr\u00edguez Fern\u00e1ndez<\/strong>, declar\u00f3 hoy inv\u00e1lidos seis art\u00edculos de la reforma laboral del decreto de necesidad y urgencia (DNU) 70 del gobierno nacional de Javier Milei. Lo hizo en el amparo que inici\u00f3 la Confederaci\u00f3n General del Trabajo (CGT) que reclamaba la inconstitucionalidad de todo el t\u00edtulo del decreto que hac\u00eda reformas laborales y que estaban suspendidas por medidas cautelares. La decisi\u00f3n se dio el mismo d\u00eda que la CGT y otras entidades gremiales, pol\u00edticas y sociales hacen un paro nacional contra la medida.<\/h3>\n<h3>En su resoluci\u00f3n, la magistrada aclar\u00f3 que los art\u00edculos tendr\u00e1n \u201cvalidez formal en el caso de ratificaci\u00f3n por ambas C\u00e1maras dentro del per\u00edodo de las sesiones extraordinarias en curso, o su vigencia cesar\u00e1 de pleno derecho en caso contrario\u201d, en referencia al tratamiento que el Congreso de la Naci\u00f3n debe darle al DNU. La ley 26.122 que regula los DNU dice que alcanza con una de las c\u00e1maras lo declare valido pero la jueza dijo que \u201cambas C\u00e1maras deben pronunciarse, aceptando o rechazando\u201d. \u201cLa t\u00e9cnica legislativa de la ley 26122 es mala y no parece m\u00e1s que orientada a eludir o ampliar el estrecho margen constitucional antes que a respetarlo. Su art\u00edculo 24 incorpora adem\u00e1s una redundancia envenenada.<\/h3>\n<h3>Los art\u00edculos que fueron declararon inv\u00e1lidos son el 73, 79, 86, 87, 88 y 97. Se trata de art\u00edculos que regulaban y modificaban modifica las condiciones de retenci\u00f3n de la cuota sindical, reglas para la negociaci\u00f3n colectiva, la vigencia de las cl\u00e1usulas obligacionales, el derecho de hacer asambleas \u201csin perjudicar las actividades normales de la empresa o afectar a terceros\u201d. Tambi\u00e9n el que consideraba como infracci\u00f3n muy grave bloquear o tomar un establecimiento durante una medida de fuerza y afectar la libertad de quienes quieran trabajar durante un paro y el que fijaba que para determinadas actividades esenciales se deb\u00eda garantizar la prestaci\u00f3n de entre el 50 y 75 por ciento del personal.<\/h3>\n<h3>La jueza declar\u00f3 la invalidez de esos art\u00edculos porque sostuvo son los que \u201cafectan de modo directo los intereses y los derechos\u201d de la CGT. \u201cPor el contrario, todos los restantes art\u00edculos corresponden al \u00e1mbito del derecho individual y por lo tanto a trabajadores, actuales o futuros, que en ejercicio de su libertad sindical estar\u00e1n o no afiliados a un gremio y que, acaso, encuentren preferibles o convenientes algunas de las normas que aqu\u00ed est\u00e1n cuestionadas\u201d, aclar\u00f3.<\/h3>\n<h3>La jueza Rodr\u00edguez Fern\u00e1ndez comenz\u00f3 su resoluci\u00f3n con una cr\u00edtica a la judicializaci\u00f3n del DNU ya que a su criterio la discusi\u00f3n deber\u00eda darse en el terreno de la pol\u00edtica: \u201cEl debate que hasta aqu\u00ed se ha dado en esta causa deber\u00eda transcurrir en el terreno de la discusi\u00f3n pol\u00edtica y de la actividad legislativa. No deber\u00eda estar tramit\u00e1ndose esta cuesti\u00f3n ante los tribunales, al menos todav\u00eda; justamente por ello no deja de sorprender que convivan en nuestra realidad p\u00fablica la persistente impotencia pol\u00edtica para resolver cuestiones que terminan en consecuencia en el \u00e1mbito de los tribunales, y la cr\u00edtica habitual a los jueces desde la pol\u00edtica (sin ver que sois la ocasi\u00f3n de lo mismo que juzg\u00e1is) por adoptar decisiones que parecen avanzar sobre competencias de otros poderes\u201d.<\/h3>\n<h3>La magistrada tambi\u00e9n entendi\u00f3 que el caso deber\u00eda resolverse despu\u00e9s de la feria judicial de enero porque hay una medida cautelar que tiene suspendidas todas las reformas del DNU y porque la Corte Suprema de Justicia de la Naci\u00f3n dijo a fin de a\u00f1o que tratar\u00eda las demandas contra el decreto a partir de febrero. Y adem\u00e1s porque el DNU est\u00e1 cumpliendo sus pasos legislativos y est\u00e1 bajo an\u00e1lisis del Congreso para su aprobaci\u00f3n o no y que eso deber\u00eda darse durante las sesiones extraordinarias que fueron convocadas hasta el 15 de febrero.<\/h3>\n<h3>\u201cEl estado de cosas actual puede asimilarse al momento de formaci\u00f3n de las leyes, momento en el que &#8211; por distribuci\u00f3n constitucional de funciones y por criterio judicial sostenido \u2013 los jueces no deber\u00edan intervenir y la decisi\u00f3n definitiva deber\u00eda darse en su \u00e1mbito natural, es decir, el legislativo. Este criterio es consistente con la excepcional aceptaci\u00f3n de revisar el proceso de formaci\u00f3n de las leyes. Cualquier intervenci\u00f3n \u2013 vinculada al control constitucional, como aqu\u00ed se pretende \u2013 deber\u00eda necesariamente ser posterior\u201d, consider\u00f3 la jueza.<\/h3>\n<h3>Sin embargo, avanz\u00f3 en el tratamiento del amparo porque la feria fue habilitada y porque la causa qued\u00f3 en condiciones de resolverse. Rodr\u00edguez Fern\u00e1ndez no es la jueza titular del expediente, sino qui\u00e9n est\u00e1 de feria en el fuero. En esa l\u00ednea, explic\u00f3 que a su criterio en el amparo de la CGT contra el DNU \u201cno hay con claridad un \u00b4caso\u00b4 y la demanda est\u00e1 dirigida antes a invalidar todo un tramo de una norma, su T\u00edtulo IV, que a resolver un conflicto particular\u201d. Y aclar\u00f3 que \u201ceste tipo de pretensi\u00f3n, a contramano de nuestro sistema jur\u00eddico, exige al menos un an\u00e1lisis muy cuidadoso\u201d.<\/h3>\n<h3>As\u00ed, acept\u00f3 declarar inv\u00e1lidos los art\u00edculos que afectaban directamente a la CGT y no al conjunto de trabajadores.<\/h3>\n<h3>\u201cHe de reiterar, para ser precisa sobre los fundamentos de esta decisi\u00f3n, que no analizo aqu\u00ed la conveniencia o la inconveniencia econ\u00f3mica o social de la reforma (aspecto en principio ajeno al control judicial), las ventajas o las desventajas en el nivel de empleo o en el impulso de la econom\u00eda que podr\u00edan derivar de su sanci\u00f3n y, menos todav\u00eda, mis propias preferencias, juicios de valor o criterios individuales en relaci\u00f3n con todas las normas involucradas\u201d, concluy\u00f3 la magistrada y agreg\u00f3 que \u201ccon independencia de cualquier an\u00e1lisis sobre el contenido normativo del DNU 70\/2023 no se han cumplido aqu\u00ed los recaudos constitucionales para que tal instrumento pueda ser considerado v\u00e1lido\u201d.<\/h3>\n<h3>El gobierno nacional puede apelar el fallo para que sea revisado por la C\u00e1mara Nacional del Trabajo. En paralelo lleg\u00f3 a la Corte Suprema la medida cautelar que obtuvo la CGT para suspender la vigencia de toda el DNU.<\/h3>\n<h3>El fallo de Rodr\u00edguez Fern\u00e1ndez se suma a otros que ayer se dictaron sobre el fondo de los pedidos de inconstitucionalidad del decreto. El juez en lo contencioso administrativo federal Enrique Lavi\u00e9 Pico rechaz\u00f3 ayer dos amparos que presentaron el abogado Jorge Rizzo y el Observatorio de Derecho a la Ciudad.<\/h3>\n<p>&nbsp;<\/p>\n<p>&nbsp;<\/p>\n<p>&nbsp;<\/p>\n","protected":false},"excerpt":{"rendered":"<p>La jueza nacional del Trabajo Liliana Rodr\u00edguez Fern\u00e1ndez, declar\u00f3 hoy inv\u00e1lidos seis art\u00edculos de la&#8230;<\/p>\n","protected":false},"author":1,"featured_media":9621,"comment_status":"closed","ping_status":"closed","sticky":false,"template":"","format":"standard","meta":{"footnotes":""},"categories":[5],"tags":[],"class_list":["post-10630","post","type-post","status-publish","format-standard","has-post-thumbnail","hentry","category-nacionales-internacionales"],"yoast_head":"<!-- This site is optimized with the Yoast SEO plugin v26.1.1 - https:\/\/yoast.com\/wordpress\/plugins\/seo\/ -->\n<title>LA JUSTICIA DECLAR\u00d3 INV\u00c1LIDOS SEIS ART\u00cdCULOS DE LA REFORMA LABORAL DEL MEGA DNU DE JAVIER MILEI - Apuntes de San Luis<\/title>\n<meta name=\"robots\" content=\"index, follow, max-snippet:-1, max-image-preview:large, max-video-preview:-1\" \/>\n<link rel=\"canonical\" href=\"https:\/\/apuntesdesanluis.com\/index.php\/2024\/01\/24\/la-justicia-declaro-invalidos-seis-articulos-de-la-reforma-laboral-del-mega-dnu-de-javier-milei\/\" \/>\n<meta property=\"og:locale\" content=\"es_ES\" \/>\n<meta property=\"og:type\" content=\"article\" \/>\n<meta property=\"og:title\" content=\"LA JUSTICIA DECLAR\u00d3 INV\u00c1LIDOS SEIS ART\u00cdCULOS DE LA REFORMA LABORAL DEL MEGA DNU DE JAVIER MILEI - Apuntes de San Luis\" \/>\n<meta property=\"og:description\" content=\"La jueza nacional del Trabajo Liliana Rodr\u00edguez Fern\u00e1ndez, declar\u00f3 hoy inv\u00e1lidos seis art\u00edculos de la...\" \/>\n<meta property=\"og:url\" content=\"https:\/\/apuntesdesanluis.com\/index.php\/2024\/01\/24\/la-justicia-declaro-invalidos-seis-articulos-de-la-reforma-laboral-del-mega-dnu-de-javier-milei\/\" \/>\n<meta property=\"og:site_name\" content=\"Apuntes de San Luis\" \/>\n<meta property=\"article:published_time\" content=\"2024-01-24T21:44:39+00:00\" \/>\n<meta property=\"og:image\" content=\"https:\/\/apuntesdesanluis.com\/wp-content\/uploads\/2024\/01\/MILEI-Y-GABINETE.jpg\" \/>\n\t<meta property=\"og:image:width\" content=\"600\" \/>\n\t<meta property=\"og:image:height\" content=\"337\" \/>\n\t<meta property=\"og:image:type\" content=\"image\/jpeg\" \/>\n<meta name=\"author\" content=\"apuntesdesanluis.com\" \/>\n<meta name=\"twitter:card\" content=\"summary_large_image\" \/>\n<meta name=\"twitter:label1\" content=\"Escrito por\" \/>\n\t<meta name=\"twitter:data1\" content=\"apuntesdesanluis.com\" \/>\n\t<meta name=\"twitter:label2\" content=\"Tiempo de lectura\" \/>\n\t<meta name=\"twitter:data2\" content=\"5 minutos\" \/>\n<script type=\"application\/ld+json\" class=\"yoast-schema-graph\">{\"@context\":\"https:\/\/schema.org\",\"@graph\":[{\"@type\":\"Article\",\"@id\":\"https:\/\/apuntesdesanluis.com\/index.php\/2024\/01\/24\/la-justicia-declaro-invalidos-seis-articulos-de-la-reforma-laboral-del-mega-dnu-de-javier-milei\/#article\",\"isPartOf\":{\"@id\":\"https:\/\/apuntesdesanluis.com\/index.php\/2024\/01\/24\/la-justicia-declaro-invalidos-seis-articulos-de-la-reforma-laboral-del-mega-dnu-de-javier-milei\/\"},\"author\":{\"name\":\"apuntesdesanluis.com\",\"@id\":\"https:\/\/apuntesdesanluis.com\/#\/schema\/person\/b55151d52296fcce64d1a72538a70b90\"},\"headline\":\"LA JUSTICIA DECLAR\u00d3 INV\u00c1LIDOS SEIS ART\u00cdCULOS DE LA REFORMA LABORAL DEL MEGA DNU DE JAVIER MILEI\",\"datePublished\":\"2024-01-24T21:44:39+00:00\",\"mainEntityOfPage\":{\"@id\":\"https:\/\/apuntesdesanluis.com\/index.php\/2024\/01\/24\/la-justicia-declaro-invalidos-seis-articulos-de-la-reforma-laboral-del-mega-dnu-de-javier-milei\/\"},\"wordCount\":1130,\"publisher\":{\"@id\":\"https:\/\/apuntesdesanluis.com\/#\/schema\/person\/b55151d52296fcce64d1a72538a70b90\"},\"image\":{\"@id\":\"https:\/\/apuntesdesanluis.com\/index.php\/2024\/01\/24\/la-justicia-declaro-invalidos-seis-articulos-de-la-reforma-laboral-del-mega-dnu-de-javier-milei\/#primaryimage\"},\"thumbnailUrl\":\"https:\/\/apuntesdesanluis.com\/wp-content\/uploads\/2024\/01\/MILEI-Y-GABINETE.jpg\",\"articleSection\":[\"Nacionales\/Internacionales\"],\"inLanguage\":\"es-AR\"},{\"@type\":\"WebPage\",\"@id\":\"https:\/\/apuntesdesanluis.com\/index.php\/2024\/01\/24\/la-justicia-declaro-invalidos-seis-articulos-de-la-reforma-laboral-del-mega-dnu-de-javier-milei\/\",\"url\":\"https:\/\/apuntesdesanluis.com\/index.php\/2024\/01\/24\/la-justicia-declaro-invalidos-seis-articulos-de-la-reforma-laboral-del-mega-dnu-de-javier-milei\/\",\"name\":\"LA JUSTICIA DECLAR\u00d3 INV\u00c1LIDOS SEIS ART\u00cdCULOS DE LA REFORMA LABORAL DEL MEGA DNU DE JAVIER MILEI - Apuntes de San Luis\",\"isPartOf\":{\"@id\":\"https:\/\/apuntesdesanluis.com\/#website\"},\"primaryImageOfPage\":{\"@id\":\"https:\/\/apuntesdesanluis.com\/index.php\/2024\/01\/24\/la-justicia-declaro-invalidos-seis-articulos-de-la-reforma-laboral-del-mega-dnu-de-javier-milei\/#primaryimage\"},\"image\":{\"@id\":\"https:\/\/apuntesdesanluis.com\/index.php\/2024\/01\/24\/la-justicia-declaro-invalidos-seis-articulos-de-la-reforma-laboral-del-mega-dnu-de-javier-milei\/#primaryimage\"},\"thumbnailUrl\":\"https:\/\/apuntesdesanluis.com\/wp-content\/uploads\/2024\/01\/MILEI-Y-GABINETE.jpg\",\"datePublished\":\"2024-01-24T21:44:39+00:00\",\"breadcrumb\":{\"@id\":\"https:\/\/apuntesdesanluis.com\/index.php\/2024\/01\/24\/la-justicia-declaro-invalidos-seis-articulos-de-la-reforma-laboral-del-mega-dnu-de-javier-milei\/#breadcrumb\"},\"inLanguage\":\"es-AR\",\"potentialAction\":[{\"@type\":\"ReadAction\",\"target\":[\"https:\/\/apuntesdesanluis.com\/index.php\/2024\/01\/24\/la-justicia-declaro-invalidos-seis-articulos-de-la-reforma-laboral-del-mega-dnu-de-javier-milei\/\"]}]},{\"@type\":\"ImageObject\",\"inLanguage\":\"es-AR\",\"@id\":\"https:\/\/apuntesdesanluis.com\/index.php\/2024\/01\/24\/la-justicia-declaro-invalidos-seis-articulos-de-la-reforma-laboral-del-mega-dnu-de-javier-milei\/#primaryimage\",\"url\":\"https:\/\/apuntesdesanluis.com\/wp-content\/uploads\/2024\/01\/MILEI-Y-GABINETE.jpg\",\"contentUrl\":\"https:\/\/apuntesdesanluis.com\/wp-content\/uploads\/2024\/01\/MILEI-Y-GABINETE.jpg\",\"width\":600,\"height\":337},{\"@type\":\"BreadcrumbList\",\"@id\":\"https:\/\/apuntesdesanluis.com\/index.php\/2024\/01\/24\/la-justicia-declaro-invalidos-seis-articulos-de-la-reforma-laboral-del-mega-dnu-de-javier-milei\/#breadcrumb\",\"itemListElement\":[{\"@type\":\"ListItem\",\"position\":1,\"name\":\"Inicio\",\"item\":\"https:\/\/apuntesdesanluis.com\/\"},{\"@type\":\"ListItem\",\"position\":2,\"name\":\"LA JUSTICIA DECLAR\u00d3 INV\u00c1LIDOS SEIS ART\u00cdCULOS DE LA REFORMA LABORAL DEL MEGA DNU DE JAVIER MILEI\"}]},{\"@type\":\"WebSite\",\"@id\":\"https:\/\/apuntesdesanluis.com\/#website\",\"url\":\"https:\/\/apuntesdesanluis.com\/\",\"name\":\"Apuntes de San Luis\",\"description\":\"\",\"publisher\":{\"@id\":\"https:\/\/apuntesdesanluis.com\/#\/schema\/person\/b55151d52296fcce64d1a72538a70b90\"},\"potentialAction\":[{\"@type\":\"SearchAction\",\"target\":{\"@type\":\"EntryPoint\",\"urlTemplate\":\"https:\/\/apuntesdesanluis.com\/?s={search_term_string}\"},\"query-input\":{\"@type\":\"PropertyValueSpecification\",\"valueRequired\":true,\"valueName\":\"search_term_string\"}}],\"inLanguage\":\"es-AR\"},{\"@type\":[\"Person\",\"Organization\"],\"@id\":\"https:\/\/apuntesdesanluis.com\/#\/schema\/person\/b55151d52296fcce64d1a72538a70b90\",\"name\":\"apuntesdesanluis.com\",\"image\":{\"@type\":\"ImageObject\",\"inLanguage\":\"es-AR\",\"@id\":\"https:\/\/apuntesdesanluis.com\/#\/schema\/person\/image\/\",\"url\":\"https:\/\/apuntesdesanluis.com\/wp-content\/uploads\/2023\/07\/cropped-apuntesdesanluis.png\",\"contentUrl\":\"https:\/\/apuntesdesanluis.com\/wp-content\/uploads\/2023\/07\/cropped-apuntesdesanluis.png\",\"width\":450,\"height\":112,\"caption\":\"apuntesdesanluis.com\"},\"logo\":{\"@id\":\"https:\/\/apuntesdesanluis.com\/#\/schema\/person\/image\/\"},\"sameAs\":[\"https:\/\/apuntesdesanluis.com\"],\"url\":\"https:\/\/apuntesdesanluis.com\/index.php\/author\/apuntesdesanluis-com\/\"}]}<\/script>\n<!-- \/ Yoast SEO plugin. -->","yoast_head_json":{"title":"LA JUSTICIA DECLAR\u00d3 INV\u00c1LIDOS SEIS ART\u00cdCULOS DE LA REFORMA LABORAL DEL MEGA DNU DE JAVIER MILEI - Apuntes de San Luis","robots":{"index":"index","follow":"follow","max-snippet":"max-snippet:-1","max-image-preview":"max-image-preview:large","max-video-preview":"max-video-preview:-1"},"canonical":"https:\/\/apuntesdesanluis.com\/index.php\/2024\/01\/24\/la-justicia-declaro-invalidos-seis-articulos-de-la-reforma-laboral-del-mega-dnu-de-javier-milei\/","og_locale":"es_ES","og_type":"article","og_title":"LA JUSTICIA DECLAR\u00d3 INV\u00c1LIDOS SEIS ART\u00cdCULOS DE LA REFORMA LABORAL DEL MEGA DNU DE JAVIER MILEI - Apuntes de San Luis","og_description":"La jueza nacional del Trabajo Liliana Rodr\u00edguez Fern\u00e1ndez, declar\u00f3 hoy inv\u00e1lidos seis art\u00edculos de la...","og_url":"https:\/\/apuntesdesanluis.com\/index.php\/2024\/01\/24\/la-justicia-declaro-invalidos-seis-articulos-de-la-reforma-laboral-del-mega-dnu-de-javier-milei\/","og_site_name":"Apuntes de San Luis","article_published_time":"2024-01-24T21:44:39+00:00","og_image":[{"width":600,"height":337,"url":"https:\/\/apuntesdesanluis.com\/wp-content\/uploads\/2024\/01\/MILEI-Y-GABINETE.jpg","type":"image\/jpeg"}],"author":"apuntesdesanluis.com","twitter_card":"summary_large_image","twitter_misc":{"Escrito por":"apuntesdesanluis.com","Tiempo de lectura":"5 minutos"},"schema":{"@context":"https:\/\/schema.org","@graph":[{"@type":"Article","@id":"https:\/\/apuntesdesanluis.com\/index.php\/2024\/01\/24\/la-justicia-declaro-invalidos-seis-articulos-de-la-reforma-laboral-del-mega-dnu-de-javier-milei\/#article","isPartOf":{"@id":"https:\/\/apuntesdesanluis.com\/index.php\/2024\/01\/24\/la-justicia-declaro-invalidos-seis-articulos-de-la-reforma-laboral-del-mega-dnu-de-javier-milei\/"},"author":{"name":"apuntesdesanluis.com","@id":"https:\/\/apuntesdesanluis.com\/#\/schema\/person\/b55151d52296fcce64d1a72538a70b90"},"headline":"LA JUSTICIA DECLAR\u00d3 INV\u00c1LIDOS SEIS ART\u00cdCULOS DE LA REFORMA LABORAL DEL MEGA DNU DE JAVIER MILEI","datePublished":"2024-01-24T21:44:39+00:00","mainEntityOfPage":{"@id":"https:\/\/apuntesdesanluis.com\/index.php\/2024\/01\/24\/la-justicia-declaro-invalidos-seis-articulos-de-la-reforma-laboral-del-mega-dnu-de-javier-milei\/"},"wordCount":1130,"publisher":{"@id":"https:\/\/apuntesdesanluis.com\/#\/schema\/person\/b55151d52296fcce64d1a72538a70b90"},"image":{"@id":"https:\/\/apuntesdesanluis.com\/index.php\/2024\/01\/24\/la-justicia-declaro-invalidos-seis-articulos-de-la-reforma-laboral-del-mega-dnu-de-javier-milei\/#primaryimage"},"thumbnailUrl":"https:\/\/apuntesdesanluis.com\/wp-content\/uploads\/2024\/01\/MILEI-Y-GABINETE.jpg","articleSection":["Nacionales\/Internacionales"],"inLanguage":"es-AR"},{"@type":"WebPage","@id":"https:\/\/apuntesdesanluis.com\/index.php\/2024\/01\/24\/la-justicia-declaro-invalidos-seis-articulos-de-la-reforma-laboral-del-mega-dnu-de-javier-milei\/","url":"https:\/\/apuntesdesanluis.com\/index.php\/2024\/01\/24\/la-justicia-declaro-invalidos-seis-articulos-de-la-reforma-laboral-del-mega-dnu-de-javier-milei\/","name":"LA JUSTICIA DECLAR\u00d3 INV\u00c1LIDOS SEIS ART\u00cdCULOS DE LA REFORMA LABORAL DEL MEGA DNU DE JAVIER MILEI - Apuntes de San Luis","isPartOf":{"@id":"https:\/\/apuntesdesanluis.com\/#website"},"primaryImageOfPage":{"@id":"https:\/\/apuntesdesanluis.com\/index.php\/2024\/01\/24\/la-justicia-declaro-invalidos-seis-articulos-de-la-reforma-laboral-del-mega-dnu-de-javier-milei\/#primaryimage"},"image":{"@id":"https:\/\/apuntesdesanluis.com\/index.php\/2024\/01\/24\/la-justicia-declaro-invalidos-seis-articulos-de-la-reforma-laboral-del-mega-dnu-de-javier-milei\/#primaryimage"},"thumbnailUrl":"https:\/\/apuntesdesanluis.com\/wp-content\/uploads\/2024\/01\/MILEI-Y-GABINETE.jpg","datePublished":"2024-01-24T21:44:39+00:00","breadcrumb":{"@id":"https:\/\/apuntesdesanluis.com\/index.php\/2024\/01\/24\/la-justicia-declaro-invalidos-seis-articulos-de-la-reforma-laboral-del-mega-dnu-de-javier-milei\/#breadcrumb"},"inLanguage":"es-AR","potentialAction":[{"@type":"ReadAction","target":["https:\/\/apuntesdesanluis.com\/index.php\/2024\/01\/24\/la-justicia-declaro-invalidos-seis-articulos-de-la-reforma-laboral-del-mega-dnu-de-javier-milei\/"]}]},{"@type":"ImageObject","inLanguage":"es-AR","@id":"https:\/\/apuntesdesanluis.com\/index.php\/2024\/01\/24\/la-justicia-declaro-invalidos-seis-articulos-de-la-reforma-laboral-del-mega-dnu-de-javier-milei\/#primaryimage","url":"https:\/\/apuntesdesanluis.com\/wp-content\/uploads\/2024\/01\/MILEI-Y-GABINETE.jpg","contentUrl":"https:\/\/apuntesdesanluis.com\/wp-content\/uploads\/2024\/01\/MILEI-Y-GABINETE.jpg","width":600,"height":337},{"@type":"BreadcrumbList","@id":"https:\/\/apuntesdesanluis.com\/index.php\/2024\/01\/24\/la-justicia-declaro-invalidos-seis-articulos-de-la-reforma-laboral-del-mega-dnu-de-javier-milei\/#breadcrumb","itemListElement":[{"@type":"ListItem","position":1,"name":"Inicio","item":"https:\/\/apuntesdesanluis.com\/"},{"@type":"ListItem","position":2,"name":"LA JUSTICIA DECLAR\u00d3 INV\u00c1LIDOS SEIS ART\u00cdCULOS DE LA REFORMA LABORAL DEL MEGA DNU DE JAVIER MILEI"}]},{"@type":"WebSite","@id":"https:\/\/apuntesdesanluis.com\/#website","url":"https:\/\/apuntesdesanluis.com\/","name":"Apuntes de San Luis","description":"","publisher":{"@id":"https:\/\/apuntesdesanluis.com\/#\/schema\/person\/b55151d52296fcce64d1a72538a70b90"},"potentialAction":[{"@type":"SearchAction","target":{"@type":"EntryPoint","urlTemplate":"https:\/\/apuntesdesanluis.com\/?s={search_term_string}"},"query-input":{"@type":"PropertyValueSpecification","valueRequired":true,"valueName":"search_term_string"}}],"inLanguage":"es-AR"},{"@type":["Person","Organization"],"@id":"https:\/\/apuntesdesanluis.com\/#\/schema\/person\/b55151d52296fcce64d1a72538a70b90","name":"apuntesdesanluis.com","image":{"@type":"ImageObject","inLanguage":"es-AR","@id":"https:\/\/apuntesdesanluis.com\/#\/schema\/person\/image\/","url":"https:\/\/apuntesdesanluis.com\/wp-content\/uploads\/2023\/07\/cropped-apuntesdesanluis.png","contentUrl":"https:\/\/apuntesdesanluis.com\/wp-content\/uploads\/2023\/07\/cropped-apuntesdesanluis.png","width":450,"height":112,"caption":"apuntesdesanluis.com"},"logo":{"@id":"https:\/\/apuntesdesanluis.com\/#\/schema\/person\/image\/"},"sameAs":["https:\/\/apuntesdesanluis.com"],"url":"https:\/\/apuntesdesanluis.com\/index.php\/author\/apuntesdesanluis-com\/"}]}},"featured_image_urls":{"full":["https:\/\/apuntesdesanluis.com\/wp-content\/uploads\/2024\/01\/MILEI-Y-GABINETE.jpg",600,337,false],"thumbnail":["https:\/\/apuntesdesanluis.com\/wp-content\/uploads\/2024\/01\/MILEI-Y-GABINETE-150x150.jpg",150,150,true],"medium":["https:\/\/apuntesdesanluis.com\/wp-content\/uploads\/2024\/01\/MILEI-Y-GABINETE-300x169.jpg",300,169,true],"medium_large":["https:\/\/apuntesdesanluis.com\/wp-content\/uploads\/2024\/01\/MILEI-Y-GABINETE.jpg",600,337,false],"large":["https:\/\/apuntesdesanluis.com\/wp-content\/uploads\/2024\/01\/MILEI-Y-GABINETE.jpg",600,337,false],"1536x1536":["https:\/\/apuntesdesanluis.com\/wp-content\/uploads\/2024\/01\/MILEI-Y-GABINETE.jpg",600,337,false],"2048x2048":["https:\/\/apuntesdesanluis.com\/wp-content\/uploads\/2024\/01\/MILEI-Y-GABINETE.jpg",600,337,false],"newsever-slider-full":["https:\/\/apuntesdesanluis.com\/wp-content\/uploads\/2024\/01\/MILEI-Y-GABINETE.jpg",600,337,false],"newsever-featured":["https:\/\/apuntesdesanluis.com\/wp-content\/uploads\/2024\/01\/MILEI-Y-GABINETE.jpg",600,337,false],"newsever-medium":["https:\/\/apuntesdesanluis.com\/wp-content\/uploads\/2024\/01\/MILEI-Y-GABINETE.jpg",600,337,false]},"author_info":{"display_name":"apuntesdesanluis.com","author_link":"https:\/\/apuntesdesanluis.com\/index.php\/author\/apuntesdesanluis-com\/"},"category_info":"<a href=\"https:\/\/apuntesdesanluis.com\/index.php\/category\/nacionales-internacionales\/\" rel=\"category tag\">Nacionales\/Internacionales<\/a>","tag_info":"Nacionales\/Internacionales","comment_count":"0","_links":{"self":[{"href":"https:\/\/apuntesdesanluis.com\/index.php\/wp-json\/wp\/v2\/posts\/10630","targetHints":{"allow":["GET"]}}],"collection":[{"href":"https:\/\/apuntesdesanluis.com\/index.php\/wp-json\/wp\/v2\/posts"}],"about":[{"href":"https:\/\/apuntesdesanluis.com\/index.php\/wp-json\/wp\/v2\/types\/post"}],"author":[{"embeddable":true,"href":"https:\/\/apuntesdesanluis.com\/index.php\/wp-json\/wp\/v2\/users\/1"}],"replies":[{"embeddable":true,"href":"https:\/\/apuntesdesanluis.com\/index.php\/wp-json\/wp\/v2\/comments?post=10630"}],"version-history":[{"count":1,"href":"https:\/\/apuntesdesanluis.com\/index.php\/wp-json\/wp\/v2\/posts\/10630\/revisions"}],"predecessor-version":[{"id":10631,"href":"https:\/\/apuntesdesanluis.com\/index.php\/wp-json\/wp\/v2\/posts\/10630\/revisions\/10631"}],"wp:featuredmedia":[{"embeddable":true,"href":"https:\/\/apuntesdesanluis.com\/index.php\/wp-json\/wp\/v2\/media\/9621"}],"wp:attachment":[{"href":"https:\/\/apuntesdesanluis.com\/index.php\/wp-json\/wp\/v2\/media?parent=10630"}],"wp:term":[{"taxonomy":"category","embeddable":true,"href":"https:\/\/apuntesdesanluis.com\/index.php\/wp-json\/wp\/v2\/categories?post=10630"},{"taxonomy":"post_tag","embeddable":true,"href":"https:\/\/apuntesdesanluis.com\/index.php\/wp-json\/wp\/v2\/tags?post=10630"}],"curies":[{"name":"wp","href":"https:\/\/api.w.org\/{rel}","templated":true}]}}