{"id":10637,"date":"2024-01-24T19:03:13","date_gmt":"2024-01-24T22:03:13","guid":{"rendered":"https:\/\/apuntesdesanluis.com\/?p=10637"},"modified":"2024-01-24T19:03:40","modified_gmt":"2024-01-24T22:03:40","slug":"extendieron-a-tres-noches-la-35-fiesta-nacional-de-la-calle-angosta","status":"publish","type":"post","link":"https:\/\/apuntesdesanluis.com\/index.php\/2024\/01\/24\/extendieron-a-tres-noches-la-35-fiesta-nacional-de-la-calle-angosta\/","title":{"rendered":"EXTENDIERON A TRES NOCHES LA 35\u00b0 FIESTA NACIONAL DE LA CALLE ANGOSTA"},"content":{"rendered":"<h3>La Municipalidad de Villa Mercedes confirm\u00f3 este mi\u00e9rcoles que la 35 edici\u00f3n de la tradicional fiesta se realizar\u00e1 viernes 26, s\u00e1bado 27 y domingo 28.<\/h3>\n<h3>Asimismo, dio a conocer la grilla de artistas que se presentar\u00e1 en cada luna sobre el escenario mayor Alfonso y Zavala.<\/h3>\n<h3>\u201cSer\u00e1n tres veladas bien cuyanas y una Calle Angosta desde el coraz\u00f3n y la solidaridad\u201d, indic\u00f3 la comisi\u00f3n organizadora, recordando que los artistas no cobrar\u00e1n cachet y que la entrada es libre y gratuita, a cambio de un alimento no perecedero.<\/h3>\n<p><img fetchpriority=\"high\" decoding=\"async\" class=\"wp-image-10639 aligncenter\" src=\"https:\/\/apuntesdesanluis.com\/wp-content\/uploads\/2024\/01\/viernes-calle-angosta-240x300.jpg\" alt=\"\" width=\"538\" height=\"673\" srcset=\"https:\/\/apuntesdesanluis.com\/wp-content\/uploads\/2024\/01\/viernes-calle-angosta-240x300.jpg 240w, https:\/\/apuntesdesanluis.com\/wp-content\/uploads\/2024\/01\/viernes-calle-angosta.jpg 480w\" sizes=\"(max-width: 538px) 100vw, 538px\" \/><\/p>\n<p><img decoding=\"async\" class=\"wp-image-10640 aligncenter\" src=\"https:\/\/apuntesdesanluis.com\/wp-content\/uploads\/2024\/01\/sabado-calle-angosta-240x300.jpg\" alt=\"\" width=\"537\" height=\"671\" srcset=\"https:\/\/apuntesdesanluis.com\/wp-content\/uploads\/2024\/01\/sabado-calle-angosta-240x300.jpg 240w, https:\/\/apuntesdesanluis.com\/wp-content\/uploads\/2024\/01\/sabado-calle-angosta.jpg 500w\" sizes=\"(max-width: 537px) 100vw, 537px\" \/><\/p>\n<p><img decoding=\"async\" class=\"wp-image-10641 aligncenter\" src=\"https:\/\/apuntesdesanluis.com\/wp-content\/uploads\/2024\/01\/domingo-calle-angosta-240x300.jpg\" alt=\"\" width=\"537\" height=\"671\" srcset=\"https:\/\/apuntesdesanluis.com\/wp-content\/uploads\/2024\/01\/domingo-calle-angosta-240x300.jpg 240w, https:\/\/apuntesdesanluis.com\/wp-content\/uploads\/2024\/01\/domingo-calle-angosta.jpg 500w\" sizes=\"(max-width: 537px) 100vw, 537px\" \/><\/p>\n<p>&nbsp;<\/p>\n<p>&nbsp;<\/p>\n<p>&nbsp;<\/p>\n<p>&nbsp;<\/p>\n","protected":false},"excerpt":{"rendered":"<p>La Municipalidad de Villa Mercedes confirm\u00f3 este mi\u00e9rcoles que la 35 edici\u00f3n de la tradicional&#8230;<\/p>\n","protected":false},"author":1,"featured_media":10638,"comment_status":"closed","ping_status":"closed","sticky":false,"template":"","format":"standard","meta":{"footnotes":""},"categories":[6],"tags":[],"class_list":["post-10637","post","type-post","status-publish","format-standard","has-post-thumbnail","hentry","category-ciudad-provincia"],"yoast_head":"<!-- This site is optimized with the Yoast SEO plugin v26.1.1 - https:\/\/yoast.com\/wordpress\/plugins\/seo\/ -->\n<title>EXTENDIERON A TRES NOCHES LA 35\u00b0 FIESTA NACIONAL DE LA CALLE ANGOSTA - Apuntes de San Luis<\/title>\n<meta name=\"robots\" content=\"index, follow, max-snippet:-1, max-image-preview:large, max-video-preview:-1\" \/>\n<link rel=\"canonical\" href=\"https:\/\/apuntesdesanluis.com\/index.php\/2024\/01\/24\/extendieron-a-tres-noches-la-35-fiesta-nacional-de-la-calle-angosta\/\" \/>\n<meta property=\"og:locale\" content=\"es_ES\" \/>\n<meta property=\"og:type\" content=\"article\" \/>\n<meta property=\"og:title\" content=\"EXTENDIERON A TRES NOCHES LA 35\u00b0 FIESTA NACIONAL DE LA CALLE ANGOSTA - Apuntes de San Luis\" \/>\n<meta property=\"og:description\" content=\"La Municipalidad de Villa Mercedes confirm\u00f3 este mi\u00e9rcoles que la 35 edici\u00f3n de la tradicional...\" \/>\n<meta property=\"og:url\" content=\"https:\/\/apuntesdesanluis.com\/index.php\/2024\/01\/24\/extendieron-a-tres-noches-la-35-fiesta-nacional-de-la-calle-angosta\/\" \/>\n<meta property=\"og:site_name\" content=\"Apuntes de San Luis\" \/>\n<meta property=\"article:published_time\" content=\"2024-01-24T22:03:13+00:00\" \/>\n<meta property=\"article:modified_time\" content=\"2024-01-24T22:03:40+00:00\" \/>\n<meta property=\"og:image\" content=\"https:\/\/apuntesdesanluis.com\/wp-content\/uploads\/2024\/01\/fiesta-de-la-calle-angosta.jpg\" \/>\n\t<meta property=\"og:image:width\" content=\"600\" \/>\n\t<meta property=\"og:image:height\" content=\"368\" \/>\n\t<meta property=\"og:image:type\" content=\"image\/jpeg\" \/>\n<meta name=\"author\" content=\"apuntesdesanluis.com\" \/>\n<meta name=\"twitter:card\" content=\"summary_large_image\" \/>\n<meta name=\"twitter:label1\" content=\"Escrito por\" \/>\n\t<meta name=\"twitter:data1\" content=\"apuntesdesanluis.com\" \/>\n\t<meta name=\"twitter:label2\" content=\"Tiempo de lectura\" \/>\n\t<meta name=\"twitter:data2\" content=\"1 minuto\" \/>\n<script type=\"application\/ld+json\" class=\"yoast-schema-graph\">{\"@context\":\"https:\/\/schema.org\",\"@graph\":[{\"@type\":\"Article\",\"@id\":\"https:\/\/apuntesdesanluis.com\/index.php\/2024\/01\/24\/extendieron-a-tres-noches-la-35-fiesta-nacional-de-la-calle-angosta\/#article\",\"isPartOf\":{\"@id\":\"https:\/\/apuntesdesanluis.com\/index.php\/2024\/01\/24\/extendieron-a-tres-noches-la-35-fiesta-nacional-de-la-calle-angosta\/\"},\"author\":{\"name\":\"apuntesdesanluis.com\",\"@id\":\"https:\/\/apuntesdesanluis.com\/#\/schema\/person\/b55151d52296fcce64d1a72538a70b90\"},\"headline\":\"EXTENDIERON A TRES NOCHES LA 35\u00b0 FIESTA NACIONAL DE LA CALLE ANGOSTA\",\"datePublished\":\"2024-01-24T22:03:13+00:00\",\"dateModified\":\"2024-01-24T22:03:40+00:00\",\"mainEntityOfPage\":{\"@id\":\"https:\/\/apuntesdesanluis.com\/index.php\/2024\/01\/24\/extendieron-a-tres-noches-la-35-fiesta-nacional-de-la-calle-angosta\/\"},\"wordCount\":105,\"publisher\":{\"@id\":\"https:\/\/apuntesdesanluis.com\/#\/schema\/person\/b55151d52296fcce64d1a72538a70b90\"},\"image\":{\"@id\":\"https:\/\/apuntesdesanluis.com\/index.php\/2024\/01\/24\/extendieron-a-tres-noches-la-35-fiesta-nacional-de-la-calle-angosta\/#primaryimage\"},\"thumbnailUrl\":\"https:\/\/apuntesdesanluis.com\/wp-content\/uploads\/2024\/01\/fiesta-de-la-calle-angosta.jpg\",\"articleSection\":[\"Ciudad\/Provincia\"],\"inLanguage\":\"es-AR\"},{\"@type\":\"WebPage\",\"@id\":\"https:\/\/apuntesdesanluis.com\/index.php\/2024\/01\/24\/extendieron-a-tres-noches-la-35-fiesta-nacional-de-la-calle-angosta\/\",\"url\":\"https:\/\/apuntesdesanluis.com\/index.php\/2024\/01\/24\/extendieron-a-tres-noches-la-35-fiesta-nacional-de-la-calle-angosta\/\",\"name\":\"EXTENDIERON A TRES NOCHES LA 35\u00b0 FIESTA NACIONAL DE LA CALLE ANGOSTA - Apuntes de San Luis\",\"isPartOf\":{\"@id\":\"https:\/\/apuntesdesanluis.com\/#website\"},\"primaryImageOfPage\":{\"@id\":\"https:\/\/apuntesdesanluis.com\/index.php\/2024\/01\/24\/extendieron-a-tres-noches-la-35-fiesta-nacional-de-la-calle-angosta\/#primaryimage\"},\"image\":{\"@id\":\"https:\/\/apuntesdesanluis.com\/index.php\/2024\/01\/24\/extendieron-a-tres-noches-la-35-fiesta-nacional-de-la-calle-angosta\/#primaryimage\"},\"thumbnailUrl\":\"https:\/\/apuntesdesanluis.com\/wp-content\/uploads\/2024\/01\/fiesta-de-la-calle-angosta.jpg\",\"datePublished\":\"2024-01-24T22:03:13+00:00\",\"dateModified\":\"2024-01-24T22:03:40+00:00\",\"breadcrumb\":{\"@id\":\"https:\/\/apuntesdesanluis.com\/index.php\/2024\/01\/24\/extendieron-a-tres-noches-la-35-fiesta-nacional-de-la-calle-angosta\/#breadcrumb\"},\"inLanguage\":\"es-AR\",\"potentialAction\":[{\"@type\":\"ReadAction\",\"target\":[\"https:\/\/apuntesdesanluis.com\/index.php\/2024\/01\/24\/extendieron-a-tres-noches-la-35-fiesta-nacional-de-la-calle-angosta\/\"]}]},{\"@type\":\"ImageObject\",\"inLanguage\":\"es-AR\",\"@id\":\"https:\/\/apuntesdesanluis.com\/index.php\/2024\/01\/24\/extendieron-a-tres-noches-la-35-fiesta-nacional-de-la-calle-angosta\/#primaryimage\",\"url\":\"https:\/\/apuntesdesanluis.com\/wp-content\/uploads\/2024\/01\/fiesta-de-la-calle-angosta.jpg\",\"contentUrl\":\"https:\/\/apuntesdesanluis.com\/wp-content\/uploads\/2024\/01\/fiesta-de-la-calle-angosta.jpg\",\"width\":600,\"height\":368},{\"@type\":\"BreadcrumbList\",\"@id\":\"https:\/\/apuntesdesanluis.com\/index.php\/2024\/01\/24\/extendieron-a-tres-noches-la-35-fiesta-nacional-de-la-calle-angosta\/#breadcrumb\",\"itemListElement\":[{\"@type\":\"ListItem\",\"position\":1,\"name\":\"Inicio\",\"item\":\"https:\/\/apuntesdesanluis.com\/\"},{\"@type\":\"ListItem\",\"position\":2,\"name\":\"EXTENDIERON A TRES NOCHES LA 35\u00b0 FIESTA NACIONAL DE LA CALLE ANGOSTA\"}]},{\"@type\":\"WebSite\",\"@id\":\"https:\/\/apuntesdesanluis.com\/#website\",\"url\":\"https:\/\/apuntesdesanluis.com\/\",\"name\":\"Apuntes de San Luis\",\"description\":\"\",\"publisher\":{\"@id\":\"https:\/\/apuntesdesanluis.com\/#\/schema\/person\/b55151d52296fcce64d1a72538a70b90\"},\"potentialAction\":[{\"@type\":\"SearchAction\",\"target\":{\"@type\":\"EntryPoint\",\"urlTemplate\":\"https:\/\/apuntesdesanluis.com\/?s={search_term_string}\"},\"query-input\":{\"@type\":\"PropertyValueSpecification\",\"valueRequired\":true,\"valueName\":\"search_term_string\"}}],\"inLanguage\":\"es-AR\"},{\"@type\":[\"Person\",\"Organization\"],\"@id\":\"https:\/\/apuntesdesanluis.com\/#\/schema\/person\/b55151d52296fcce64d1a72538a70b90\",\"name\":\"apuntesdesanluis.com\",\"image\":{\"@type\":\"ImageObject\",\"inLanguage\":\"es-AR\",\"@id\":\"https:\/\/apuntesdesanluis.com\/#\/schema\/person\/image\/\",\"url\":\"https:\/\/apuntesdesanluis.com\/wp-content\/uploads\/2023\/07\/cropped-apuntesdesanluis.png\",\"contentUrl\":\"https:\/\/apuntesdesanluis.com\/wp-content\/uploads\/2023\/07\/cropped-apuntesdesanluis.png\",\"width\":450,\"height\":112,\"caption\":\"apuntesdesanluis.com\"},\"logo\":{\"@id\":\"https:\/\/apuntesdesanluis.com\/#\/schema\/person\/image\/\"},\"sameAs\":[\"https:\/\/apuntesdesanluis.com\"],\"url\":\"https:\/\/apuntesdesanluis.com\/index.php\/author\/apuntesdesanluis-com\/\"}]}<\/script>\n<!-- \/ Yoast SEO plugin. -->","yoast_head_json":{"title":"EXTENDIERON A TRES NOCHES LA 35\u00b0 FIESTA NACIONAL DE LA CALLE ANGOSTA - Apuntes de San Luis","robots":{"index":"index","follow":"follow","max-snippet":"max-snippet:-1","max-image-preview":"max-image-preview:large","max-video-preview":"max-video-preview:-1"},"canonical":"https:\/\/apuntesdesanluis.com\/index.php\/2024\/01\/24\/extendieron-a-tres-noches-la-35-fiesta-nacional-de-la-calle-angosta\/","og_locale":"es_ES","og_type":"article","og_title":"EXTENDIERON A TRES NOCHES LA 35\u00b0 FIESTA NACIONAL DE LA CALLE ANGOSTA - Apuntes de San Luis","og_description":"La Municipalidad de Villa Mercedes confirm\u00f3 este mi\u00e9rcoles que la 35 edici\u00f3n de la tradicional...","og_url":"https:\/\/apuntesdesanluis.com\/index.php\/2024\/01\/24\/extendieron-a-tres-noches-la-35-fiesta-nacional-de-la-calle-angosta\/","og_site_name":"Apuntes de San Luis","article_published_time":"2024-01-24T22:03:13+00:00","article_modified_time":"2024-01-24T22:03:40+00:00","og_image":[{"width":600,"height":368,"url":"https:\/\/apuntesdesanluis.com\/wp-content\/uploads\/2024\/01\/fiesta-de-la-calle-angosta.jpg","type":"image\/jpeg"}],"author":"apuntesdesanluis.com","twitter_card":"summary_large_image","twitter_misc":{"Escrito por":"apuntesdesanluis.com","Tiempo de lectura":"1 minuto"},"schema":{"@context":"https:\/\/schema.org","@graph":[{"@type":"Article","@id":"https:\/\/apuntesdesanluis.com\/index.php\/2024\/01\/24\/extendieron-a-tres-noches-la-35-fiesta-nacional-de-la-calle-angosta\/#article","isPartOf":{"@id":"https:\/\/apuntesdesanluis.com\/index.php\/2024\/01\/24\/extendieron-a-tres-noches-la-35-fiesta-nacional-de-la-calle-angosta\/"},"author":{"name":"apuntesdesanluis.com","@id":"https:\/\/apuntesdesanluis.com\/#\/schema\/person\/b55151d52296fcce64d1a72538a70b90"},"headline":"EXTENDIERON A TRES NOCHES LA 35\u00b0 FIESTA NACIONAL DE LA CALLE ANGOSTA","datePublished":"2024-01-24T22:03:13+00:00","dateModified":"2024-01-24T22:03:40+00:00","mainEntityOfPage":{"@id":"https:\/\/apuntesdesanluis.com\/index.php\/2024\/01\/24\/extendieron-a-tres-noches-la-35-fiesta-nacional-de-la-calle-angosta\/"},"wordCount":105,"publisher":{"@id":"https:\/\/apuntesdesanluis.com\/#\/schema\/person\/b55151d52296fcce64d1a72538a70b90"},"image":{"@id":"https:\/\/apuntesdesanluis.com\/index.php\/2024\/01\/24\/extendieron-a-tres-noches-la-35-fiesta-nacional-de-la-calle-angosta\/#primaryimage"},"thumbnailUrl":"https:\/\/apuntesdesanluis.com\/wp-content\/uploads\/2024\/01\/fiesta-de-la-calle-angosta.jpg","articleSection":["Ciudad\/Provincia"],"inLanguage":"es-AR"},{"@type":"WebPage","@id":"https:\/\/apuntesdesanluis.com\/index.php\/2024\/01\/24\/extendieron-a-tres-noches-la-35-fiesta-nacional-de-la-calle-angosta\/","url":"https:\/\/apuntesdesanluis.com\/index.php\/2024\/01\/24\/extendieron-a-tres-noches-la-35-fiesta-nacional-de-la-calle-angosta\/","name":"EXTENDIERON A TRES NOCHES LA 35\u00b0 FIESTA NACIONAL DE LA CALLE ANGOSTA - Apuntes de San Luis","isPartOf":{"@id":"https:\/\/apuntesdesanluis.com\/#website"},"primaryImageOfPage":{"@id":"https:\/\/apuntesdesanluis.com\/index.php\/2024\/01\/24\/extendieron-a-tres-noches-la-35-fiesta-nacional-de-la-calle-angosta\/#primaryimage"},"image":{"@id":"https:\/\/apuntesdesanluis.com\/index.php\/2024\/01\/24\/extendieron-a-tres-noches-la-35-fiesta-nacional-de-la-calle-angosta\/#primaryimage"},"thumbnailUrl":"https:\/\/apuntesdesanluis.com\/wp-content\/uploads\/2024\/01\/fiesta-de-la-calle-angosta.jpg","datePublished":"2024-01-24T22:03:13+00:00","dateModified":"2024-01-24T22:03:40+00:00","breadcrumb":{"@id":"https:\/\/apuntesdesanluis.com\/index.php\/2024\/01\/24\/extendieron-a-tres-noches-la-35-fiesta-nacional-de-la-calle-angosta\/#breadcrumb"},"inLanguage":"es-AR","potentialAction":[{"@type":"ReadAction","target":["https:\/\/apuntesdesanluis.com\/index.php\/2024\/01\/24\/extendieron-a-tres-noches-la-35-fiesta-nacional-de-la-calle-angosta\/"]}]},{"@type":"ImageObject","inLanguage":"es-AR","@id":"https:\/\/apuntesdesanluis.com\/index.php\/2024\/01\/24\/extendieron-a-tres-noches-la-35-fiesta-nacional-de-la-calle-angosta\/#primaryimage","url":"https:\/\/apuntesdesanluis.com\/wp-content\/uploads\/2024\/01\/fiesta-de-la-calle-angosta.jpg","contentUrl":"https:\/\/apuntesdesanluis.com\/wp-content\/uploads\/2024\/01\/fiesta-de-la-calle-angosta.jpg","width":600,"height":368},{"@type":"BreadcrumbList","@id":"https:\/\/apuntesdesanluis.com\/index.php\/2024\/01\/24\/extendieron-a-tres-noches-la-35-fiesta-nacional-de-la-calle-angosta\/#breadcrumb","itemListElement":[{"@type":"ListItem","position":1,"name":"Inicio","item":"https:\/\/apuntesdesanluis.com\/"},{"@type":"ListItem","position":2,"name":"EXTENDIERON A TRES NOCHES LA 35\u00b0 FIESTA NACIONAL DE LA CALLE ANGOSTA"}]},{"@type":"WebSite","@id":"https:\/\/apuntesdesanluis.com\/#website","url":"https:\/\/apuntesdesanluis.com\/","name":"Apuntes de San Luis","description":"","publisher":{"@id":"https:\/\/apuntesdesanluis.com\/#\/schema\/person\/b55151d52296fcce64d1a72538a70b90"},"potentialAction":[{"@type":"SearchAction","target":{"@type":"EntryPoint","urlTemplate":"https:\/\/apuntesdesanluis.com\/?s={search_term_string}"},"query-input":{"@type":"PropertyValueSpecification","valueRequired":true,"valueName":"search_term_string"}}],"inLanguage":"es-AR"},{"@type":["Person","Organization"],"@id":"https:\/\/apuntesdesanluis.com\/#\/schema\/person\/b55151d52296fcce64d1a72538a70b90","name":"apuntesdesanluis.com","image":{"@type":"ImageObject","inLanguage":"es-AR","@id":"https:\/\/apuntesdesanluis.com\/#\/schema\/person\/image\/","url":"https:\/\/apuntesdesanluis.com\/wp-content\/uploads\/2023\/07\/cropped-apuntesdesanluis.png","contentUrl":"https:\/\/apuntesdesanluis.com\/wp-content\/uploads\/2023\/07\/cropped-apuntesdesanluis.png","width":450,"height":112,"caption":"apuntesdesanluis.com"},"logo":{"@id":"https:\/\/apuntesdesanluis.com\/#\/schema\/person\/image\/"},"sameAs":["https:\/\/apuntesdesanluis.com"],"url":"https:\/\/apuntesdesanluis.com\/index.php\/author\/apuntesdesanluis-com\/"}]}},"featured_image_urls":{"full":["https:\/\/apuntesdesanluis.com\/wp-content\/uploads\/2024\/01\/fiesta-de-la-calle-angosta.jpg",600,368,false],"thumbnail":["https:\/\/apuntesdesanluis.com\/wp-content\/uploads\/2024\/01\/fiesta-de-la-calle-angosta-150x150.jpg",150,150,true],"medium":["https:\/\/apuntesdesanluis.com\/wp-content\/uploads\/2024\/01\/fiesta-de-la-calle-angosta-300x184.jpg",300,184,true],"medium_large":["https:\/\/apuntesdesanluis.com\/wp-content\/uploads\/2024\/01\/fiesta-de-la-calle-angosta.jpg",600,368,false],"large":["https:\/\/apuntesdesanluis.com\/wp-content\/uploads\/2024\/01\/fiesta-de-la-calle-angosta.jpg",600,368,false],"1536x1536":["https:\/\/apuntesdesanluis.com\/wp-content\/uploads\/2024\/01\/fiesta-de-la-calle-angosta.jpg",600,368,false],"2048x2048":["https:\/\/apuntesdesanluis.com\/wp-content\/uploads\/2024\/01\/fiesta-de-la-calle-angosta.jpg",600,368,false],"newsever-slider-full":["https:\/\/apuntesdesanluis.com\/wp-content\/uploads\/2024\/01\/fiesta-de-la-calle-angosta.jpg",600,368,false],"newsever-featured":["https:\/\/apuntesdesanluis.com\/wp-content\/uploads\/2024\/01\/fiesta-de-la-calle-angosta.jpg",600,368,false],"newsever-medium":["https:\/\/apuntesdesanluis.com\/wp-content\/uploads\/2024\/01\/fiesta-de-la-calle-angosta.jpg",600,368,false]},"author_info":{"display_name":"apuntesdesanluis.com","author_link":"https:\/\/apuntesdesanluis.com\/index.php\/author\/apuntesdesanluis-com\/"},"category_info":"<a href=\"https:\/\/apuntesdesanluis.com\/index.php\/category\/ciudad-provincia\/\" rel=\"category tag\">Ciudad\/Provincia<\/a>","tag_info":"Ciudad\/Provincia","comment_count":"0","_links":{"self":[{"href":"https:\/\/apuntesdesanluis.com\/index.php\/wp-json\/wp\/v2\/posts\/10637","targetHints":{"allow":["GET"]}}],"collection":[{"href":"https:\/\/apuntesdesanluis.com\/index.php\/wp-json\/wp\/v2\/posts"}],"about":[{"href":"https:\/\/apuntesdesanluis.com\/index.php\/wp-json\/wp\/v2\/types\/post"}],"author":[{"embeddable":true,"href":"https:\/\/apuntesdesanluis.com\/index.php\/wp-json\/wp\/v2\/users\/1"}],"replies":[{"embeddable":true,"href":"https:\/\/apuntesdesanluis.com\/index.php\/wp-json\/wp\/v2\/comments?post=10637"}],"version-history":[{"count":2,"href":"https:\/\/apuntesdesanluis.com\/index.php\/wp-json\/wp\/v2\/posts\/10637\/revisions"}],"predecessor-version":[{"id":10643,"href":"https:\/\/apuntesdesanluis.com\/index.php\/wp-json\/wp\/v2\/posts\/10637\/revisions\/10643"}],"wp:featuredmedia":[{"embeddable":true,"href":"https:\/\/apuntesdesanluis.com\/index.php\/wp-json\/wp\/v2\/media\/10638"}],"wp:attachment":[{"href":"https:\/\/apuntesdesanluis.com\/index.php\/wp-json\/wp\/v2\/media?parent=10637"}],"wp:term":[{"taxonomy":"category","embeddable":true,"href":"https:\/\/apuntesdesanluis.com\/index.php\/wp-json\/wp\/v2\/categories?post=10637"},{"taxonomy":"post_tag","embeddable":true,"href":"https:\/\/apuntesdesanluis.com\/index.php\/wp-json\/wp\/v2\/tags?post=10637"}],"curies":[{"name":"wp","href":"https:\/\/api.w.org\/{rel}","templated":true}]}}