{"id":10678,"date":"2024-01-25T18:23:43","date_gmt":"2024-01-25T21:23:43","guid":{"rendered":"https:\/\/apuntesdesanluis.com\/?p=10678"},"modified":"2024-01-25T18:24:43","modified_gmt":"2024-01-25T21:24:43","slug":"impulsaran-un-polo-de-desarrollo-en-la-ex-fabrica-lanin","status":"publish","type":"post","link":"https:\/\/apuntesdesanluis.com\/index.php\/2024\/01\/25\/impulsaran-un-polo-de-desarrollo-en-la-ex-fabrica-lanin\/","title":{"rendered":"IMPULSAR\u00c1N UN POLO DE DESARROLLO EN LA EX F\u00c1BRICA LAN\u00cdN"},"content":{"rendered":"<h3>Este jueves el gobernador <strong>Claudio Poggi<\/strong> inspeccion\u00f3 las instalaciones del predio industrial sobre la avenida Jorge Newbery, en Villa Mercedes, acompa\u00f1ado por <strong>Federico Trombotto<\/strong>, el ministro de Desarrollo Productivo, y el intendente de Villa Mercedes <strong>Maximiliano Frontera<\/strong>, entre otros funcionarios.<\/h3>\n<h3>Situada al 1635 de la avenida Jorge Newbery, al sudeste de la ciudad, el predio fabril fue encontrado en estado de abandono, con vidrios rotos, basura y con varias estructuras al borde del colapso. Adem\u00e1s, en una visita anterior, all\u00ed encontr\u00f3 Nancy Sosa, la ministro de Seguridad, 110 nodos que hab\u00eda comprado su antecesor y que nunca fueron usados. Le dijo al Gobernador que los van a poner en funcionamiento a la brevedad.<\/h3>\n<p><img fetchpriority=\"high\" decoding=\"async\" class=\"wp-image-10680 aligncenter\" src=\"https:\/\/apuntesdesanluis.com\/wp-content\/uploads\/2024\/01\/poggi-tromboto-frontera-300x224.png\" alt=\"\" width=\"588\" height=\"439\" srcset=\"https:\/\/apuntesdesanluis.com\/wp-content\/uploads\/2024\/01\/poggi-tromboto-frontera-300x224.png 300w, https:\/\/apuntesdesanluis.com\/wp-content\/uploads\/2024\/01\/poggi-tromboto-frontera.png 600w\" sizes=\"(max-width: 588px) 100vw, 588px\" \/><\/p>\n<h3>Ahora, en cambio, se planea recuperar el predio de Lan\u00edn para transformarlo en un polo de desarrollo productivo y de generaci\u00f3n de puestos de trabajo, espec\u00edficamente para las peque\u00f1as y medianas empresas.<\/h3>\n<h3>\u201cVamos a generar un polo de desarrollo y que por lo menos 20 PyMEs puedan sumarse\u201d, manifest\u00f3 el jefe de Estado, quien se\u00f1al\u00f3 que la idea es convertir al espacio en una \u201cf\u00e1brica de f\u00e1bricas\u201d, un concepto que explica que un predio ser\u00e1 ocupado por distintos emprendimientos. \u201cEstamos recuperando las naves industriales para que vuelvan las f\u00e1bricas a San Luis\u201d, explic\u00f3 el primer mandatario.<\/h3>\n<p>&nbsp;<\/p>\n","protected":false},"excerpt":{"rendered":"<p>Este jueves el gobernador Claudio Poggi inspeccion\u00f3 las instalaciones del predio industrial sobre la avenida&#8230;<\/p>\n","protected":false},"author":1,"featured_media":10679,"comment_status":"closed","ping_status":"closed","sticky":false,"template":"","format":"standard","meta":{"footnotes":""},"categories":[6],"tags":[],"class_list":["post-10678","post","type-post","status-publish","format-standard","has-post-thumbnail","hentry","category-ciudad-provincia"],"yoast_head":"<!-- This site is optimized with the Yoast SEO plugin v26.1.1 - https:\/\/yoast.com\/wordpress\/plugins\/seo\/ -->\n<title>IMPULSAR\u00c1N UN POLO DE DESARROLLO EN LA EX F\u00c1BRICA LAN\u00cdN - Apuntes de San Luis<\/title>\n<meta name=\"robots\" content=\"index, follow, max-snippet:-1, max-image-preview:large, max-video-preview:-1\" \/>\n<link rel=\"canonical\" href=\"https:\/\/apuntesdesanluis.com\/index.php\/2024\/01\/25\/impulsaran-un-polo-de-desarrollo-en-la-ex-fabrica-lanin\/\" \/>\n<meta property=\"og:locale\" content=\"es_ES\" \/>\n<meta property=\"og:type\" content=\"article\" \/>\n<meta property=\"og:title\" content=\"IMPULSAR\u00c1N UN POLO DE DESARROLLO EN LA EX F\u00c1BRICA LAN\u00cdN - Apuntes de San Luis\" \/>\n<meta property=\"og:description\" content=\"Este jueves el gobernador Claudio Poggi inspeccion\u00f3 las instalaciones del predio industrial sobre la avenida...\" \/>\n<meta property=\"og:url\" content=\"https:\/\/apuntesdesanluis.com\/index.php\/2024\/01\/25\/impulsaran-un-polo-de-desarrollo-en-la-ex-fabrica-lanin\/\" \/>\n<meta property=\"og:site_name\" content=\"Apuntes de San Luis\" \/>\n<meta property=\"article:published_time\" content=\"2024-01-25T21:23:43+00:00\" \/>\n<meta property=\"article:modified_time\" content=\"2024-01-25T21:24:43+00:00\" \/>\n<meta property=\"og:image\" content=\"https:\/\/apuntesdesanluis.com\/wp-content\/uploads\/2024\/01\/poggi-en-lanin.png\" \/>\n\t<meta property=\"og:image:width\" content=\"600\" \/>\n\t<meta property=\"og:image:height\" content=\"374\" \/>\n\t<meta property=\"og:image:type\" content=\"image\/png\" \/>\n<meta name=\"author\" content=\"apuntesdesanluis.com\" \/>\n<meta name=\"twitter:card\" content=\"summary_large_image\" \/>\n<meta name=\"twitter:label1\" content=\"Escrito por\" \/>\n\t<meta name=\"twitter:data1\" content=\"apuntesdesanluis.com\" \/>\n\t<meta name=\"twitter:label2\" content=\"Tiempo de lectura\" \/>\n\t<meta name=\"twitter:data2\" content=\"2 minutos\" \/>\n<script type=\"application\/ld+json\" class=\"yoast-schema-graph\">{\"@context\":\"https:\/\/schema.org\",\"@graph\":[{\"@type\":\"Article\",\"@id\":\"https:\/\/apuntesdesanluis.com\/index.php\/2024\/01\/25\/impulsaran-un-polo-de-desarrollo-en-la-ex-fabrica-lanin\/#article\",\"isPartOf\":{\"@id\":\"https:\/\/apuntesdesanluis.com\/index.php\/2024\/01\/25\/impulsaran-un-polo-de-desarrollo-en-la-ex-fabrica-lanin\/\"},\"author\":{\"name\":\"apuntesdesanluis.com\",\"@id\":\"https:\/\/apuntesdesanluis.com\/#\/schema\/person\/b55151d52296fcce64d1a72538a70b90\"},\"headline\":\"IMPULSAR\u00c1N UN POLO DE DESARROLLO EN LA EX F\u00c1BRICA LAN\u00cdN\",\"datePublished\":\"2024-01-25T21:23:43+00:00\",\"dateModified\":\"2024-01-25T21:24:43+00:00\",\"mainEntityOfPage\":{\"@id\":\"https:\/\/apuntesdesanluis.com\/index.php\/2024\/01\/25\/impulsaran-un-polo-de-desarrollo-en-la-ex-fabrica-lanin\/\"},\"wordCount\":231,\"publisher\":{\"@id\":\"https:\/\/apuntesdesanluis.com\/#\/schema\/person\/b55151d52296fcce64d1a72538a70b90\"},\"image\":{\"@id\":\"https:\/\/apuntesdesanluis.com\/index.php\/2024\/01\/25\/impulsaran-un-polo-de-desarrollo-en-la-ex-fabrica-lanin\/#primaryimage\"},\"thumbnailUrl\":\"https:\/\/apuntesdesanluis.com\/wp-content\/uploads\/2024\/01\/poggi-en-lanin.png\",\"articleSection\":[\"Ciudad\/Provincia\"],\"inLanguage\":\"es-AR\"},{\"@type\":\"WebPage\",\"@id\":\"https:\/\/apuntesdesanluis.com\/index.php\/2024\/01\/25\/impulsaran-un-polo-de-desarrollo-en-la-ex-fabrica-lanin\/\",\"url\":\"https:\/\/apuntesdesanluis.com\/index.php\/2024\/01\/25\/impulsaran-un-polo-de-desarrollo-en-la-ex-fabrica-lanin\/\",\"name\":\"IMPULSAR\u00c1N UN POLO DE DESARROLLO EN LA EX F\u00c1BRICA LAN\u00cdN - Apuntes de San Luis\",\"isPartOf\":{\"@id\":\"https:\/\/apuntesdesanluis.com\/#website\"},\"primaryImageOfPage\":{\"@id\":\"https:\/\/apuntesdesanluis.com\/index.php\/2024\/01\/25\/impulsaran-un-polo-de-desarrollo-en-la-ex-fabrica-lanin\/#primaryimage\"},\"image\":{\"@id\":\"https:\/\/apuntesdesanluis.com\/index.php\/2024\/01\/25\/impulsaran-un-polo-de-desarrollo-en-la-ex-fabrica-lanin\/#primaryimage\"},\"thumbnailUrl\":\"https:\/\/apuntesdesanluis.com\/wp-content\/uploads\/2024\/01\/poggi-en-lanin.png\",\"datePublished\":\"2024-01-25T21:23:43+00:00\",\"dateModified\":\"2024-01-25T21:24:43+00:00\",\"breadcrumb\":{\"@id\":\"https:\/\/apuntesdesanluis.com\/index.php\/2024\/01\/25\/impulsaran-un-polo-de-desarrollo-en-la-ex-fabrica-lanin\/#breadcrumb\"},\"inLanguage\":\"es-AR\",\"potentialAction\":[{\"@type\":\"ReadAction\",\"target\":[\"https:\/\/apuntesdesanluis.com\/index.php\/2024\/01\/25\/impulsaran-un-polo-de-desarrollo-en-la-ex-fabrica-lanin\/\"]}]},{\"@type\":\"ImageObject\",\"inLanguage\":\"es-AR\",\"@id\":\"https:\/\/apuntesdesanluis.com\/index.php\/2024\/01\/25\/impulsaran-un-polo-de-desarrollo-en-la-ex-fabrica-lanin\/#primaryimage\",\"url\":\"https:\/\/apuntesdesanluis.com\/wp-content\/uploads\/2024\/01\/poggi-en-lanin.png\",\"contentUrl\":\"https:\/\/apuntesdesanluis.com\/wp-content\/uploads\/2024\/01\/poggi-en-lanin.png\",\"width\":600,\"height\":374},{\"@type\":\"BreadcrumbList\",\"@id\":\"https:\/\/apuntesdesanluis.com\/index.php\/2024\/01\/25\/impulsaran-un-polo-de-desarrollo-en-la-ex-fabrica-lanin\/#breadcrumb\",\"itemListElement\":[{\"@type\":\"ListItem\",\"position\":1,\"name\":\"Inicio\",\"item\":\"https:\/\/apuntesdesanluis.com\/\"},{\"@type\":\"ListItem\",\"position\":2,\"name\":\"IMPULSAR\u00c1N UN POLO DE DESARROLLO EN LA EX F\u00c1BRICA LAN\u00cdN\"}]},{\"@type\":\"WebSite\",\"@id\":\"https:\/\/apuntesdesanluis.com\/#website\",\"url\":\"https:\/\/apuntesdesanluis.com\/\",\"name\":\"Apuntes de San Luis\",\"description\":\"\",\"publisher\":{\"@id\":\"https:\/\/apuntesdesanluis.com\/#\/schema\/person\/b55151d52296fcce64d1a72538a70b90\"},\"potentialAction\":[{\"@type\":\"SearchAction\",\"target\":{\"@type\":\"EntryPoint\",\"urlTemplate\":\"https:\/\/apuntesdesanluis.com\/?s={search_term_string}\"},\"query-input\":{\"@type\":\"PropertyValueSpecification\",\"valueRequired\":true,\"valueName\":\"search_term_string\"}}],\"inLanguage\":\"es-AR\"},{\"@type\":[\"Person\",\"Organization\"],\"@id\":\"https:\/\/apuntesdesanluis.com\/#\/schema\/person\/b55151d52296fcce64d1a72538a70b90\",\"name\":\"apuntesdesanluis.com\",\"image\":{\"@type\":\"ImageObject\",\"inLanguage\":\"es-AR\",\"@id\":\"https:\/\/apuntesdesanluis.com\/#\/schema\/person\/image\/\",\"url\":\"https:\/\/apuntesdesanluis.com\/wp-content\/uploads\/2023\/07\/cropped-apuntesdesanluis.png\",\"contentUrl\":\"https:\/\/apuntesdesanluis.com\/wp-content\/uploads\/2023\/07\/cropped-apuntesdesanluis.png\",\"width\":450,\"height\":112,\"caption\":\"apuntesdesanluis.com\"},\"logo\":{\"@id\":\"https:\/\/apuntesdesanluis.com\/#\/schema\/person\/image\/\"},\"sameAs\":[\"https:\/\/apuntesdesanluis.com\"],\"url\":\"https:\/\/apuntesdesanluis.com\/index.php\/author\/apuntesdesanluis-com\/\"}]}<\/script>\n<!-- \/ Yoast SEO plugin. -->","yoast_head_json":{"title":"IMPULSAR\u00c1N UN POLO DE DESARROLLO EN LA EX F\u00c1BRICA LAN\u00cdN - Apuntes de San Luis","robots":{"index":"index","follow":"follow","max-snippet":"max-snippet:-1","max-image-preview":"max-image-preview:large","max-video-preview":"max-video-preview:-1"},"canonical":"https:\/\/apuntesdesanluis.com\/index.php\/2024\/01\/25\/impulsaran-un-polo-de-desarrollo-en-la-ex-fabrica-lanin\/","og_locale":"es_ES","og_type":"article","og_title":"IMPULSAR\u00c1N UN POLO DE DESARROLLO EN LA EX F\u00c1BRICA LAN\u00cdN - Apuntes de San Luis","og_description":"Este jueves el gobernador Claudio Poggi inspeccion\u00f3 las instalaciones del predio industrial sobre la avenida...","og_url":"https:\/\/apuntesdesanluis.com\/index.php\/2024\/01\/25\/impulsaran-un-polo-de-desarrollo-en-la-ex-fabrica-lanin\/","og_site_name":"Apuntes de San Luis","article_published_time":"2024-01-25T21:23:43+00:00","article_modified_time":"2024-01-25T21:24:43+00:00","og_image":[{"width":600,"height":374,"url":"https:\/\/apuntesdesanluis.com\/wp-content\/uploads\/2024\/01\/poggi-en-lanin.png","type":"image\/png"}],"author":"apuntesdesanluis.com","twitter_card":"summary_large_image","twitter_misc":{"Escrito por":"apuntesdesanluis.com","Tiempo de lectura":"2 minutos"},"schema":{"@context":"https:\/\/schema.org","@graph":[{"@type":"Article","@id":"https:\/\/apuntesdesanluis.com\/index.php\/2024\/01\/25\/impulsaran-un-polo-de-desarrollo-en-la-ex-fabrica-lanin\/#article","isPartOf":{"@id":"https:\/\/apuntesdesanluis.com\/index.php\/2024\/01\/25\/impulsaran-un-polo-de-desarrollo-en-la-ex-fabrica-lanin\/"},"author":{"name":"apuntesdesanluis.com","@id":"https:\/\/apuntesdesanluis.com\/#\/schema\/person\/b55151d52296fcce64d1a72538a70b90"},"headline":"IMPULSAR\u00c1N UN POLO DE DESARROLLO EN LA EX F\u00c1BRICA LAN\u00cdN","datePublished":"2024-01-25T21:23:43+00:00","dateModified":"2024-01-25T21:24:43+00:00","mainEntityOfPage":{"@id":"https:\/\/apuntesdesanluis.com\/index.php\/2024\/01\/25\/impulsaran-un-polo-de-desarrollo-en-la-ex-fabrica-lanin\/"},"wordCount":231,"publisher":{"@id":"https:\/\/apuntesdesanluis.com\/#\/schema\/person\/b55151d52296fcce64d1a72538a70b90"},"image":{"@id":"https:\/\/apuntesdesanluis.com\/index.php\/2024\/01\/25\/impulsaran-un-polo-de-desarrollo-en-la-ex-fabrica-lanin\/#primaryimage"},"thumbnailUrl":"https:\/\/apuntesdesanluis.com\/wp-content\/uploads\/2024\/01\/poggi-en-lanin.png","articleSection":["Ciudad\/Provincia"],"inLanguage":"es-AR"},{"@type":"WebPage","@id":"https:\/\/apuntesdesanluis.com\/index.php\/2024\/01\/25\/impulsaran-un-polo-de-desarrollo-en-la-ex-fabrica-lanin\/","url":"https:\/\/apuntesdesanluis.com\/index.php\/2024\/01\/25\/impulsaran-un-polo-de-desarrollo-en-la-ex-fabrica-lanin\/","name":"IMPULSAR\u00c1N UN POLO DE DESARROLLO EN LA EX F\u00c1BRICA LAN\u00cdN - Apuntes de San Luis","isPartOf":{"@id":"https:\/\/apuntesdesanluis.com\/#website"},"primaryImageOfPage":{"@id":"https:\/\/apuntesdesanluis.com\/index.php\/2024\/01\/25\/impulsaran-un-polo-de-desarrollo-en-la-ex-fabrica-lanin\/#primaryimage"},"image":{"@id":"https:\/\/apuntesdesanluis.com\/index.php\/2024\/01\/25\/impulsaran-un-polo-de-desarrollo-en-la-ex-fabrica-lanin\/#primaryimage"},"thumbnailUrl":"https:\/\/apuntesdesanluis.com\/wp-content\/uploads\/2024\/01\/poggi-en-lanin.png","datePublished":"2024-01-25T21:23:43+00:00","dateModified":"2024-01-25T21:24:43+00:00","breadcrumb":{"@id":"https:\/\/apuntesdesanluis.com\/index.php\/2024\/01\/25\/impulsaran-un-polo-de-desarrollo-en-la-ex-fabrica-lanin\/#breadcrumb"},"inLanguage":"es-AR","potentialAction":[{"@type":"ReadAction","target":["https:\/\/apuntesdesanluis.com\/index.php\/2024\/01\/25\/impulsaran-un-polo-de-desarrollo-en-la-ex-fabrica-lanin\/"]}]},{"@type":"ImageObject","inLanguage":"es-AR","@id":"https:\/\/apuntesdesanluis.com\/index.php\/2024\/01\/25\/impulsaran-un-polo-de-desarrollo-en-la-ex-fabrica-lanin\/#primaryimage","url":"https:\/\/apuntesdesanluis.com\/wp-content\/uploads\/2024\/01\/poggi-en-lanin.png","contentUrl":"https:\/\/apuntesdesanluis.com\/wp-content\/uploads\/2024\/01\/poggi-en-lanin.png","width":600,"height":374},{"@type":"BreadcrumbList","@id":"https:\/\/apuntesdesanluis.com\/index.php\/2024\/01\/25\/impulsaran-un-polo-de-desarrollo-en-la-ex-fabrica-lanin\/#breadcrumb","itemListElement":[{"@type":"ListItem","position":1,"name":"Inicio","item":"https:\/\/apuntesdesanluis.com\/"},{"@type":"ListItem","position":2,"name":"IMPULSAR\u00c1N UN POLO DE DESARROLLO EN LA EX F\u00c1BRICA LAN\u00cdN"}]},{"@type":"WebSite","@id":"https:\/\/apuntesdesanluis.com\/#website","url":"https:\/\/apuntesdesanluis.com\/","name":"Apuntes de San Luis","description":"","publisher":{"@id":"https:\/\/apuntesdesanluis.com\/#\/schema\/person\/b55151d52296fcce64d1a72538a70b90"},"potentialAction":[{"@type":"SearchAction","target":{"@type":"EntryPoint","urlTemplate":"https:\/\/apuntesdesanluis.com\/?s={search_term_string}"},"query-input":{"@type":"PropertyValueSpecification","valueRequired":true,"valueName":"search_term_string"}}],"inLanguage":"es-AR"},{"@type":["Person","Organization"],"@id":"https:\/\/apuntesdesanluis.com\/#\/schema\/person\/b55151d52296fcce64d1a72538a70b90","name":"apuntesdesanluis.com","image":{"@type":"ImageObject","inLanguage":"es-AR","@id":"https:\/\/apuntesdesanluis.com\/#\/schema\/person\/image\/","url":"https:\/\/apuntesdesanluis.com\/wp-content\/uploads\/2023\/07\/cropped-apuntesdesanluis.png","contentUrl":"https:\/\/apuntesdesanluis.com\/wp-content\/uploads\/2023\/07\/cropped-apuntesdesanluis.png","width":450,"height":112,"caption":"apuntesdesanluis.com"},"logo":{"@id":"https:\/\/apuntesdesanluis.com\/#\/schema\/person\/image\/"},"sameAs":["https:\/\/apuntesdesanluis.com"],"url":"https:\/\/apuntesdesanluis.com\/index.php\/author\/apuntesdesanluis-com\/"}]}},"featured_image_urls":{"full":["https:\/\/apuntesdesanluis.com\/wp-content\/uploads\/2024\/01\/poggi-en-lanin.png",600,374,false],"thumbnail":["https:\/\/apuntesdesanluis.com\/wp-content\/uploads\/2024\/01\/poggi-en-lanin-150x150.png",150,150,true],"medium":["https:\/\/apuntesdesanluis.com\/wp-content\/uploads\/2024\/01\/poggi-en-lanin-300x187.png",300,187,true],"medium_large":["https:\/\/apuntesdesanluis.com\/wp-content\/uploads\/2024\/01\/poggi-en-lanin.png",600,374,false],"large":["https:\/\/apuntesdesanluis.com\/wp-content\/uploads\/2024\/01\/poggi-en-lanin.png",600,374,false],"1536x1536":["https:\/\/apuntesdesanluis.com\/wp-content\/uploads\/2024\/01\/poggi-en-lanin.png",600,374,false],"2048x2048":["https:\/\/apuntesdesanluis.com\/wp-content\/uploads\/2024\/01\/poggi-en-lanin.png",600,374,false],"newsever-slider-full":["https:\/\/apuntesdesanluis.com\/wp-content\/uploads\/2024\/01\/poggi-en-lanin.png",600,374,false],"newsever-featured":["https:\/\/apuntesdesanluis.com\/wp-content\/uploads\/2024\/01\/poggi-en-lanin.png",600,374,false],"newsever-medium":["https:\/\/apuntesdesanluis.com\/wp-content\/uploads\/2024\/01\/poggi-en-lanin.png",600,374,false]},"author_info":{"display_name":"apuntesdesanluis.com","author_link":"https:\/\/apuntesdesanluis.com\/index.php\/author\/apuntesdesanluis-com\/"},"category_info":"<a href=\"https:\/\/apuntesdesanluis.com\/index.php\/category\/ciudad-provincia\/\" rel=\"category tag\">Ciudad\/Provincia<\/a>","tag_info":"Ciudad\/Provincia","comment_count":"0","_links":{"self":[{"href":"https:\/\/apuntesdesanluis.com\/index.php\/wp-json\/wp\/v2\/posts\/10678","targetHints":{"allow":["GET"]}}],"collection":[{"href":"https:\/\/apuntesdesanluis.com\/index.php\/wp-json\/wp\/v2\/posts"}],"about":[{"href":"https:\/\/apuntesdesanluis.com\/index.php\/wp-json\/wp\/v2\/types\/post"}],"author":[{"embeddable":true,"href":"https:\/\/apuntesdesanluis.com\/index.php\/wp-json\/wp\/v2\/users\/1"}],"replies":[{"embeddable":true,"href":"https:\/\/apuntesdesanluis.com\/index.php\/wp-json\/wp\/v2\/comments?post=10678"}],"version-history":[{"count":2,"href":"https:\/\/apuntesdesanluis.com\/index.php\/wp-json\/wp\/v2\/posts\/10678\/revisions"}],"predecessor-version":[{"id":10682,"href":"https:\/\/apuntesdesanluis.com\/index.php\/wp-json\/wp\/v2\/posts\/10678\/revisions\/10682"}],"wp:featuredmedia":[{"embeddable":true,"href":"https:\/\/apuntesdesanluis.com\/index.php\/wp-json\/wp\/v2\/media\/10679"}],"wp:attachment":[{"href":"https:\/\/apuntesdesanluis.com\/index.php\/wp-json\/wp\/v2\/media?parent=10678"}],"wp:term":[{"taxonomy":"category","embeddable":true,"href":"https:\/\/apuntesdesanluis.com\/index.php\/wp-json\/wp\/v2\/categories?post=10678"},{"taxonomy":"post_tag","embeddable":true,"href":"https:\/\/apuntesdesanluis.com\/index.php\/wp-json\/wp\/v2\/tags?post=10678"}],"curies":[{"name":"wp","href":"https:\/\/api.w.org\/{rel}","templated":true}]}}