{"id":1069,"date":"2023-08-04T19:38:40","date_gmt":"2023-08-04T22:38:40","guid":{"rendered":"https:\/\/apuntesdesanluis.com\/?p=1069"},"modified":"2023-08-04T19:38:40","modified_gmt":"2023-08-04T22:38:40","slug":"desesperada-busqueda-en-brasil-de-un-argentino-del-que-no-se-sabe-nada-desde-hace-tres-semanas","status":"publish","type":"post","link":"https:\/\/apuntesdesanluis.com\/index.php\/2023\/08\/04\/desesperada-busqueda-en-brasil-de-un-argentino-del-que-no-se-sabe-nada-desde-hace-tres-semanas\/","title":{"rendered":"DESESPERADA B\u00daSQUEDA EN BRASIL DE UN ARGENTINO DEL QUE NO SE SABE NADA DESDE HACE TRES SEMANAS"},"content":{"rendered":"<h3><strong>Guillermo Emmanuel Landi<\/strong> (31), oriundo de Laprida, se hab\u00eda mudado al pa\u00eds vecino a principios de este a\u00f1o con la intenci\u00f3n de encontrar nuevas oportunidades laborales. Se desconoce su paradero desde el 15 de julio<\/h3>\n<h3>Una familia de Olavarr\u00eda radic\u00f3 una denuncia para dar con el paradero de un argentino de 31 a\u00f1os en Brasil. Guillermo Emmanuel Landi, que se mud\u00f3 al pa\u00eds vecino a comienzos de este a\u00f1o, fue visto all\u00ed por \u00faltima vez hace tres semanas. Desde entonces, nada se sabe de \u00e9l y en su entorno est\u00e1n desesperados.<\/h3>\n<h3>Si bien su padre y toda su familia paterna vive en localidad olavarriense de Loma Negra, Landi es oriundo de Laprida. All\u00ed viv\u00eda junto a su abuela, hasta que en enero pasado decidi\u00f3 probar suerte en tierras brasile\u00f1as. \u201cFue a buscar nuevas oportunidades laborales\u201d, cont\u00f3 Juliana, la esposa del pap\u00e1 del muchacho desaparecido.<\/h3>\n<h3>En di\u00e1logo con el canal TN, la mujer agreg\u00f3 que Guillermo \u2014que figura registrado en el rubro de venta al por menor en kioscos y comercios no especializados\u2014, se hab\u00eda instalado en la ciudad balnearia de Bombinhas, en el estado de Santa Catarina, y hab\u00eda trabajado de mozo en la temporada de verano.<\/h3>\n<h3>Desde la mudanza, todo hab\u00eda transcurrido con normalidad. Hasta que el paradero de Guillermo se perdi\u00f3 la ma\u00f1ana del 15 de julio, alrededor de las 9. Desde entonces, el muchacho no tuvo m\u00e1s contacto con las personas de su entorno en Brasil y, a su vez, dej\u00f3 de tener comunicaci\u00f3n con su hijo, su abuela y su hermana en Laprida, con quienes sol\u00eda hablar m\u00e1s seguido.<\/h3>\n<h3>Con su padre y con Juliana, en tanto, Guillermo hab\u00eda hablado por \u00faltima vez en abril, algo que no era llamativo porque no ten\u00edan comunicaci\u00f3n muy frecuente. Por eso, los familiares en Olavarr\u00eda se enteraron de lo sucedido a principios de esta semana.<\/h3>\n<p><img fetchpriority=\"high\" decoding=\"async\" class=\"wp-image-1070 aligncenter\" src=\"https:\/\/apuntesdesanluis.com\/wp-content\/uploads\/2023\/08\/landi-300x272.png\" alt=\"\" width=\"651\" height=\"590\" srcset=\"https:\/\/apuntesdesanluis.com\/wp-content\/uploads\/2023\/08\/landi-300x272.png 300w, https:\/\/apuntesdesanluis.com\/wp-content\/uploads\/2023\/08\/landi-768x696.png 768w, https:\/\/apuntesdesanluis.com\/wp-content\/uploads\/2023\/08\/landi.png 839w\" sizes=\"(max-width: 651px) 100vw, 651px\" \/><\/p>\n<h3>\u201cTodas las personas que lo han visto en Brasil o lo conocieron tambi\u00e9n le perdieron el rastro\u201d, continu\u00f3 Juliana e insisti\u00f3 en que est\u00e1n desorientados. \u201cHe hablado con los chicos con los que se juntaban all\u00e1 y dicen que no saben, que salieron a buscarlo a los lugares que frecuentaban y no hubo caso\u201d.<\/h3>\n<h3>Frente la situaci\u00f3n, la pareja decidi\u00f3 realizar la denuncia ante la Polic\u00eda Federal. Por otra parte, comenzaron a difundir la b\u00fasqueda en las redes sociales y a salir a los medios para contar el caso.<\/h3>\n<h3>Varios amigos y conocidos de Guillermo se hicieron eco de la noticia y se sumaron a compartir la b\u00fasqueda. Entre ellos, un usuario pidi\u00f3: \u201cAmigos, est\u00e1n buscando a Guille, un chico divino argentino que conocimos cuando est\u00e1bamos en Brasil en febrero en un camping en Canto Grande. \u00c9l estaba con su novia y trabajaba en los barcos tur\u00edsticos de Bombinhas\u201d.<\/h3>\n<h3>La \u00faltima publicaci\u00f3n en el muro de Facebook fue el 8 de julio. Ese d\u00eda, el lapridense comparti\u00f3 un meme, algo que hac\u00eda habitualmente. En su muro tambi\u00e9n hay fotos de su estad\u00eda en Brasil y varios posteos sobre el club del cual es hincha, San Lorenzo de Almagro.<\/h3>\n","protected":false},"excerpt":{"rendered":"<p>Guillermo Emmanuel Landi (31), oriundo de Laprida, se hab\u00eda mudado al pa\u00eds vecino a principios&#8230;<\/p>\n","protected":false},"author":1,"featured_media":1071,"comment_status":"closed","ping_status":"closed","sticky":false,"template":"","format":"standard","meta":{"footnotes":""},"categories":[5],"tags":[],"class_list":["post-1069","post","type-post","status-publish","format-standard","has-post-thumbnail","hentry","category-nacionales-internacionales"],"yoast_head":"<!-- This site is optimized with the Yoast SEO plugin v26.1.1 - https:\/\/yoast.com\/wordpress\/plugins\/seo\/ -->\n<title>DESESPERADA B\u00daSQUEDA EN BRASIL DE UN ARGENTINO DEL QUE NO SE SABE NADA DESDE HACE TRES SEMANAS - Apuntes de San Luis<\/title>\n<meta name=\"robots\" content=\"index, follow, max-snippet:-1, max-image-preview:large, max-video-preview:-1\" \/>\n<link rel=\"canonical\" href=\"https:\/\/apuntesdesanluis.com\/index.php\/2023\/08\/04\/desesperada-busqueda-en-brasil-de-un-argentino-del-que-no-se-sabe-nada-desde-hace-tres-semanas\/\" \/>\n<meta property=\"og:locale\" content=\"es_ES\" \/>\n<meta property=\"og:type\" content=\"article\" \/>\n<meta property=\"og:title\" content=\"DESESPERADA B\u00daSQUEDA EN BRASIL DE UN ARGENTINO DEL QUE NO SE SABE NADA DESDE HACE TRES SEMANAS - Apuntes de San Luis\" \/>\n<meta property=\"og:description\" content=\"Guillermo Emmanuel Landi (31), oriundo de Laprida, se hab\u00eda mudado al pa\u00eds vecino a principios...\" \/>\n<meta property=\"og:url\" content=\"https:\/\/apuntesdesanluis.com\/index.php\/2023\/08\/04\/desesperada-busqueda-en-brasil-de-un-argentino-del-que-no-se-sabe-nada-desde-hace-tres-semanas\/\" \/>\n<meta property=\"og:site_name\" content=\"Apuntes de San Luis\" \/>\n<meta property=\"article:published_time\" content=\"2023-08-04T22:38:40+00:00\" \/>\n<meta property=\"og:image\" content=\"https:\/\/apuntesdesanluis.com\/wp-content\/uploads\/2023\/08\/guillermo-landi.png\" \/>\n\t<meta property=\"og:image:width\" content=\"743\" \/>\n\t<meta property=\"og:image:height\" content=\"479\" \/>\n\t<meta property=\"og:image:type\" content=\"image\/png\" \/>\n<meta name=\"author\" content=\"apuntesdesanluis.com\" \/>\n<meta name=\"twitter:card\" content=\"summary_large_image\" \/>\n<meta name=\"twitter:label1\" content=\"Escrito por\" \/>\n\t<meta name=\"twitter:data1\" content=\"apuntesdesanluis.com\" \/>\n\t<meta name=\"twitter:label2\" content=\"Tiempo de lectura\" \/>\n\t<meta name=\"twitter:data2\" content=\"3 minutos\" \/>\n<script type=\"application\/ld+json\" class=\"yoast-schema-graph\">{\"@context\":\"https:\/\/schema.org\",\"@graph\":[{\"@type\":\"Article\",\"@id\":\"https:\/\/apuntesdesanluis.com\/index.php\/2023\/08\/04\/desesperada-busqueda-en-brasil-de-un-argentino-del-que-no-se-sabe-nada-desde-hace-tres-semanas\/#article\",\"isPartOf\":{\"@id\":\"https:\/\/apuntesdesanluis.com\/index.php\/2023\/08\/04\/desesperada-busqueda-en-brasil-de-un-argentino-del-que-no-se-sabe-nada-desde-hace-tres-semanas\/\"},\"author\":{\"name\":\"apuntesdesanluis.com\",\"@id\":\"https:\/\/apuntesdesanluis.com\/#\/schema\/person\/b55151d52296fcce64d1a72538a70b90\"},\"headline\":\"DESESPERADA B\u00daSQUEDA EN BRASIL DE UN ARGENTINO DEL QUE NO SE SABE NADA DESDE HACE TRES SEMANAS\",\"datePublished\":\"2023-08-04T22:38:40+00:00\",\"mainEntityOfPage\":{\"@id\":\"https:\/\/apuntesdesanluis.com\/index.php\/2023\/08\/04\/desesperada-busqueda-en-brasil-de-un-argentino-del-que-no-se-sabe-nada-desde-hace-tres-semanas\/\"},\"wordCount\":554,\"publisher\":{\"@id\":\"https:\/\/apuntesdesanluis.com\/#\/schema\/person\/b55151d52296fcce64d1a72538a70b90\"},\"image\":{\"@id\":\"https:\/\/apuntesdesanluis.com\/index.php\/2023\/08\/04\/desesperada-busqueda-en-brasil-de-un-argentino-del-que-no-se-sabe-nada-desde-hace-tres-semanas\/#primaryimage\"},\"thumbnailUrl\":\"https:\/\/apuntesdesanluis.com\/wp-content\/uploads\/2023\/08\/guillermo-landi.png\",\"articleSection\":[\"Nacionales\/Internacionales\"],\"inLanguage\":\"es-AR\"},{\"@type\":\"WebPage\",\"@id\":\"https:\/\/apuntesdesanluis.com\/index.php\/2023\/08\/04\/desesperada-busqueda-en-brasil-de-un-argentino-del-que-no-se-sabe-nada-desde-hace-tres-semanas\/\",\"url\":\"https:\/\/apuntesdesanluis.com\/index.php\/2023\/08\/04\/desesperada-busqueda-en-brasil-de-un-argentino-del-que-no-se-sabe-nada-desde-hace-tres-semanas\/\",\"name\":\"DESESPERADA B\u00daSQUEDA EN BRASIL DE UN ARGENTINO DEL QUE NO SE SABE NADA DESDE HACE TRES SEMANAS - Apuntes de San Luis\",\"isPartOf\":{\"@id\":\"https:\/\/apuntesdesanluis.com\/#website\"},\"primaryImageOfPage\":{\"@id\":\"https:\/\/apuntesdesanluis.com\/index.php\/2023\/08\/04\/desesperada-busqueda-en-brasil-de-un-argentino-del-que-no-se-sabe-nada-desde-hace-tres-semanas\/#primaryimage\"},\"image\":{\"@id\":\"https:\/\/apuntesdesanluis.com\/index.php\/2023\/08\/04\/desesperada-busqueda-en-brasil-de-un-argentino-del-que-no-se-sabe-nada-desde-hace-tres-semanas\/#primaryimage\"},\"thumbnailUrl\":\"https:\/\/apuntesdesanluis.com\/wp-content\/uploads\/2023\/08\/guillermo-landi.png\",\"datePublished\":\"2023-08-04T22:38:40+00:00\",\"breadcrumb\":{\"@id\":\"https:\/\/apuntesdesanluis.com\/index.php\/2023\/08\/04\/desesperada-busqueda-en-brasil-de-un-argentino-del-que-no-se-sabe-nada-desde-hace-tres-semanas\/#breadcrumb\"},\"inLanguage\":\"es-AR\",\"potentialAction\":[{\"@type\":\"ReadAction\",\"target\":[\"https:\/\/apuntesdesanluis.com\/index.php\/2023\/08\/04\/desesperada-busqueda-en-brasil-de-un-argentino-del-que-no-se-sabe-nada-desde-hace-tres-semanas\/\"]}]},{\"@type\":\"ImageObject\",\"inLanguage\":\"es-AR\",\"@id\":\"https:\/\/apuntesdesanluis.com\/index.php\/2023\/08\/04\/desesperada-busqueda-en-brasil-de-un-argentino-del-que-no-se-sabe-nada-desde-hace-tres-semanas\/#primaryimage\",\"url\":\"https:\/\/apuntesdesanluis.com\/wp-content\/uploads\/2023\/08\/guillermo-landi.png\",\"contentUrl\":\"https:\/\/apuntesdesanluis.com\/wp-content\/uploads\/2023\/08\/guillermo-landi.png\",\"width\":743,\"height\":479},{\"@type\":\"BreadcrumbList\",\"@id\":\"https:\/\/apuntesdesanluis.com\/index.php\/2023\/08\/04\/desesperada-busqueda-en-brasil-de-un-argentino-del-que-no-se-sabe-nada-desde-hace-tres-semanas\/#breadcrumb\",\"itemListElement\":[{\"@type\":\"ListItem\",\"position\":1,\"name\":\"Inicio\",\"item\":\"https:\/\/apuntesdesanluis.com\/\"},{\"@type\":\"ListItem\",\"position\":2,\"name\":\"DESESPERADA B\u00daSQUEDA EN BRASIL DE UN ARGENTINO DEL QUE NO SE SABE NADA DESDE HACE TRES SEMANAS\"}]},{\"@type\":\"WebSite\",\"@id\":\"https:\/\/apuntesdesanluis.com\/#website\",\"url\":\"https:\/\/apuntesdesanluis.com\/\",\"name\":\"Apuntes de San Luis\",\"description\":\"\",\"publisher\":{\"@id\":\"https:\/\/apuntesdesanluis.com\/#\/schema\/person\/b55151d52296fcce64d1a72538a70b90\"},\"potentialAction\":[{\"@type\":\"SearchAction\",\"target\":{\"@type\":\"EntryPoint\",\"urlTemplate\":\"https:\/\/apuntesdesanluis.com\/?s={search_term_string}\"},\"query-input\":{\"@type\":\"PropertyValueSpecification\",\"valueRequired\":true,\"valueName\":\"search_term_string\"}}],\"inLanguage\":\"es-AR\"},{\"@type\":[\"Person\",\"Organization\"],\"@id\":\"https:\/\/apuntesdesanluis.com\/#\/schema\/person\/b55151d52296fcce64d1a72538a70b90\",\"name\":\"apuntesdesanluis.com\",\"image\":{\"@type\":\"ImageObject\",\"inLanguage\":\"es-AR\",\"@id\":\"https:\/\/apuntesdesanluis.com\/#\/schema\/person\/image\/\",\"url\":\"https:\/\/apuntesdesanluis.com\/wp-content\/uploads\/2023\/07\/cropped-apuntesdesanluis.png\",\"contentUrl\":\"https:\/\/apuntesdesanluis.com\/wp-content\/uploads\/2023\/07\/cropped-apuntesdesanluis.png\",\"width\":450,\"height\":112,\"caption\":\"apuntesdesanluis.com\"},\"logo\":{\"@id\":\"https:\/\/apuntesdesanluis.com\/#\/schema\/person\/image\/\"},\"sameAs\":[\"https:\/\/apuntesdesanluis.com\"],\"url\":\"https:\/\/apuntesdesanluis.com\/index.php\/author\/apuntesdesanluis-com\/\"}]}<\/script>\n<!-- \/ Yoast SEO plugin. -->","yoast_head_json":{"title":"DESESPERADA B\u00daSQUEDA EN BRASIL DE UN ARGENTINO DEL QUE NO SE SABE NADA DESDE HACE TRES SEMANAS - Apuntes de San Luis","robots":{"index":"index","follow":"follow","max-snippet":"max-snippet:-1","max-image-preview":"max-image-preview:large","max-video-preview":"max-video-preview:-1"},"canonical":"https:\/\/apuntesdesanluis.com\/index.php\/2023\/08\/04\/desesperada-busqueda-en-brasil-de-un-argentino-del-que-no-se-sabe-nada-desde-hace-tres-semanas\/","og_locale":"es_ES","og_type":"article","og_title":"DESESPERADA B\u00daSQUEDA EN BRASIL DE UN ARGENTINO DEL QUE NO SE SABE NADA DESDE HACE TRES SEMANAS - Apuntes de San Luis","og_description":"Guillermo Emmanuel Landi (31), oriundo de Laprida, se hab\u00eda mudado al pa\u00eds vecino a principios...","og_url":"https:\/\/apuntesdesanluis.com\/index.php\/2023\/08\/04\/desesperada-busqueda-en-brasil-de-un-argentino-del-que-no-se-sabe-nada-desde-hace-tres-semanas\/","og_site_name":"Apuntes de San Luis","article_published_time":"2023-08-04T22:38:40+00:00","og_image":[{"width":743,"height":479,"url":"https:\/\/apuntesdesanluis.com\/wp-content\/uploads\/2023\/08\/guillermo-landi.png","type":"image\/png"}],"author":"apuntesdesanluis.com","twitter_card":"summary_large_image","twitter_misc":{"Escrito por":"apuntesdesanluis.com","Tiempo de lectura":"3 minutos"},"schema":{"@context":"https:\/\/schema.org","@graph":[{"@type":"Article","@id":"https:\/\/apuntesdesanluis.com\/index.php\/2023\/08\/04\/desesperada-busqueda-en-brasil-de-un-argentino-del-que-no-se-sabe-nada-desde-hace-tres-semanas\/#article","isPartOf":{"@id":"https:\/\/apuntesdesanluis.com\/index.php\/2023\/08\/04\/desesperada-busqueda-en-brasil-de-un-argentino-del-que-no-se-sabe-nada-desde-hace-tres-semanas\/"},"author":{"name":"apuntesdesanluis.com","@id":"https:\/\/apuntesdesanluis.com\/#\/schema\/person\/b55151d52296fcce64d1a72538a70b90"},"headline":"DESESPERADA B\u00daSQUEDA EN BRASIL DE UN ARGENTINO DEL QUE NO SE SABE NADA DESDE HACE TRES SEMANAS","datePublished":"2023-08-04T22:38:40+00:00","mainEntityOfPage":{"@id":"https:\/\/apuntesdesanluis.com\/index.php\/2023\/08\/04\/desesperada-busqueda-en-brasil-de-un-argentino-del-que-no-se-sabe-nada-desde-hace-tres-semanas\/"},"wordCount":554,"publisher":{"@id":"https:\/\/apuntesdesanluis.com\/#\/schema\/person\/b55151d52296fcce64d1a72538a70b90"},"image":{"@id":"https:\/\/apuntesdesanluis.com\/index.php\/2023\/08\/04\/desesperada-busqueda-en-brasil-de-un-argentino-del-que-no-se-sabe-nada-desde-hace-tres-semanas\/#primaryimage"},"thumbnailUrl":"https:\/\/apuntesdesanluis.com\/wp-content\/uploads\/2023\/08\/guillermo-landi.png","articleSection":["Nacionales\/Internacionales"],"inLanguage":"es-AR"},{"@type":"WebPage","@id":"https:\/\/apuntesdesanluis.com\/index.php\/2023\/08\/04\/desesperada-busqueda-en-brasil-de-un-argentino-del-que-no-se-sabe-nada-desde-hace-tres-semanas\/","url":"https:\/\/apuntesdesanluis.com\/index.php\/2023\/08\/04\/desesperada-busqueda-en-brasil-de-un-argentino-del-que-no-se-sabe-nada-desde-hace-tres-semanas\/","name":"DESESPERADA B\u00daSQUEDA EN BRASIL DE UN ARGENTINO DEL QUE NO SE SABE NADA DESDE HACE TRES SEMANAS - Apuntes de San Luis","isPartOf":{"@id":"https:\/\/apuntesdesanluis.com\/#website"},"primaryImageOfPage":{"@id":"https:\/\/apuntesdesanluis.com\/index.php\/2023\/08\/04\/desesperada-busqueda-en-brasil-de-un-argentino-del-que-no-se-sabe-nada-desde-hace-tres-semanas\/#primaryimage"},"image":{"@id":"https:\/\/apuntesdesanluis.com\/index.php\/2023\/08\/04\/desesperada-busqueda-en-brasil-de-un-argentino-del-que-no-se-sabe-nada-desde-hace-tres-semanas\/#primaryimage"},"thumbnailUrl":"https:\/\/apuntesdesanluis.com\/wp-content\/uploads\/2023\/08\/guillermo-landi.png","datePublished":"2023-08-04T22:38:40+00:00","breadcrumb":{"@id":"https:\/\/apuntesdesanluis.com\/index.php\/2023\/08\/04\/desesperada-busqueda-en-brasil-de-un-argentino-del-que-no-se-sabe-nada-desde-hace-tres-semanas\/#breadcrumb"},"inLanguage":"es-AR","potentialAction":[{"@type":"ReadAction","target":["https:\/\/apuntesdesanluis.com\/index.php\/2023\/08\/04\/desesperada-busqueda-en-brasil-de-un-argentino-del-que-no-se-sabe-nada-desde-hace-tres-semanas\/"]}]},{"@type":"ImageObject","inLanguage":"es-AR","@id":"https:\/\/apuntesdesanluis.com\/index.php\/2023\/08\/04\/desesperada-busqueda-en-brasil-de-un-argentino-del-que-no-se-sabe-nada-desde-hace-tres-semanas\/#primaryimage","url":"https:\/\/apuntesdesanluis.com\/wp-content\/uploads\/2023\/08\/guillermo-landi.png","contentUrl":"https:\/\/apuntesdesanluis.com\/wp-content\/uploads\/2023\/08\/guillermo-landi.png","width":743,"height":479},{"@type":"BreadcrumbList","@id":"https:\/\/apuntesdesanluis.com\/index.php\/2023\/08\/04\/desesperada-busqueda-en-brasil-de-un-argentino-del-que-no-se-sabe-nada-desde-hace-tres-semanas\/#breadcrumb","itemListElement":[{"@type":"ListItem","position":1,"name":"Inicio","item":"https:\/\/apuntesdesanluis.com\/"},{"@type":"ListItem","position":2,"name":"DESESPERADA B\u00daSQUEDA EN BRASIL DE UN ARGENTINO DEL QUE NO SE SABE NADA DESDE HACE TRES SEMANAS"}]},{"@type":"WebSite","@id":"https:\/\/apuntesdesanluis.com\/#website","url":"https:\/\/apuntesdesanluis.com\/","name":"Apuntes de San Luis","description":"","publisher":{"@id":"https:\/\/apuntesdesanluis.com\/#\/schema\/person\/b55151d52296fcce64d1a72538a70b90"},"potentialAction":[{"@type":"SearchAction","target":{"@type":"EntryPoint","urlTemplate":"https:\/\/apuntesdesanluis.com\/?s={search_term_string}"},"query-input":{"@type":"PropertyValueSpecification","valueRequired":true,"valueName":"search_term_string"}}],"inLanguage":"es-AR"},{"@type":["Person","Organization"],"@id":"https:\/\/apuntesdesanluis.com\/#\/schema\/person\/b55151d52296fcce64d1a72538a70b90","name":"apuntesdesanluis.com","image":{"@type":"ImageObject","inLanguage":"es-AR","@id":"https:\/\/apuntesdesanluis.com\/#\/schema\/person\/image\/","url":"https:\/\/apuntesdesanluis.com\/wp-content\/uploads\/2023\/07\/cropped-apuntesdesanluis.png","contentUrl":"https:\/\/apuntesdesanluis.com\/wp-content\/uploads\/2023\/07\/cropped-apuntesdesanluis.png","width":450,"height":112,"caption":"apuntesdesanluis.com"},"logo":{"@id":"https:\/\/apuntesdesanluis.com\/#\/schema\/person\/image\/"},"sameAs":["https:\/\/apuntesdesanluis.com"],"url":"https:\/\/apuntesdesanluis.com\/index.php\/author\/apuntesdesanluis-com\/"}]}},"featured_image_urls":{"full":["https:\/\/apuntesdesanluis.com\/wp-content\/uploads\/2023\/08\/guillermo-landi.png",743,479,false],"thumbnail":["https:\/\/apuntesdesanluis.com\/wp-content\/uploads\/2023\/08\/guillermo-landi-150x150.png",150,150,true],"medium":["https:\/\/apuntesdesanluis.com\/wp-content\/uploads\/2023\/08\/guillermo-landi-300x193.png",300,193,true],"medium_large":["https:\/\/apuntesdesanluis.com\/wp-content\/uploads\/2023\/08\/guillermo-landi.png",640,413,false],"large":["https:\/\/apuntesdesanluis.com\/wp-content\/uploads\/2023\/08\/guillermo-landi.png",640,413,false],"1536x1536":["https:\/\/apuntesdesanluis.com\/wp-content\/uploads\/2023\/08\/guillermo-landi.png",743,479,false],"2048x2048":["https:\/\/apuntesdesanluis.com\/wp-content\/uploads\/2023\/08\/guillermo-landi.png",743,479,false],"newsever-slider-full":["https:\/\/apuntesdesanluis.com\/wp-content\/uploads\/2023\/08\/guillermo-landi.png",743,479,false],"newsever-featured":["https:\/\/apuntesdesanluis.com\/wp-content\/uploads\/2023\/08\/guillermo-landi.png",743,479,false],"newsever-medium":["https:\/\/apuntesdesanluis.com\/wp-content\/uploads\/2023\/08\/guillermo-landi-720x475.png",720,475,true]},"author_info":{"display_name":"apuntesdesanluis.com","author_link":"https:\/\/apuntesdesanluis.com\/index.php\/author\/apuntesdesanluis-com\/"},"category_info":"<a href=\"https:\/\/apuntesdesanluis.com\/index.php\/category\/nacionales-internacionales\/\" rel=\"category tag\">Nacionales\/Internacionales<\/a>","tag_info":"Nacionales\/Internacionales","comment_count":"0","_links":{"self":[{"href":"https:\/\/apuntesdesanluis.com\/index.php\/wp-json\/wp\/v2\/posts\/1069","targetHints":{"allow":["GET"]}}],"collection":[{"href":"https:\/\/apuntesdesanluis.com\/index.php\/wp-json\/wp\/v2\/posts"}],"about":[{"href":"https:\/\/apuntesdesanluis.com\/index.php\/wp-json\/wp\/v2\/types\/post"}],"author":[{"embeddable":true,"href":"https:\/\/apuntesdesanluis.com\/index.php\/wp-json\/wp\/v2\/users\/1"}],"replies":[{"embeddable":true,"href":"https:\/\/apuntesdesanluis.com\/index.php\/wp-json\/wp\/v2\/comments?post=1069"}],"version-history":[{"count":1,"href":"https:\/\/apuntesdesanluis.com\/index.php\/wp-json\/wp\/v2\/posts\/1069\/revisions"}],"predecessor-version":[{"id":1072,"href":"https:\/\/apuntesdesanluis.com\/index.php\/wp-json\/wp\/v2\/posts\/1069\/revisions\/1072"}],"wp:featuredmedia":[{"embeddable":true,"href":"https:\/\/apuntesdesanluis.com\/index.php\/wp-json\/wp\/v2\/media\/1071"}],"wp:attachment":[{"href":"https:\/\/apuntesdesanluis.com\/index.php\/wp-json\/wp\/v2\/media?parent=1069"}],"wp:term":[{"taxonomy":"category","embeddable":true,"href":"https:\/\/apuntesdesanluis.com\/index.php\/wp-json\/wp\/v2\/categories?post=1069"},{"taxonomy":"post_tag","embeddable":true,"href":"https:\/\/apuntesdesanluis.com\/index.php\/wp-json\/wp\/v2\/tags?post=1069"}],"curies":[{"name":"wp","href":"https:\/\/api.w.org\/{rel}","templated":true}]}}