{"id":10699,"date":"2024-01-25T20:30:51","date_gmt":"2024-01-25T23:30:51","guid":{"rendered":"https:\/\/apuntesdesanluis.com\/?p=10699"},"modified":"2024-01-25T20:30:51","modified_gmt":"2024-01-25T23:30:51","slug":"la-reunion-entre-javier-milei-y-el-papa-francisco-sera-el-lunes-12-de-febrero","status":"publish","type":"post","link":"https:\/\/apuntesdesanluis.com\/index.php\/2024\/01\/25\/la-reunion-entre-javier-milei-y-el-papa-francisco-sera-el-lunes-12-de-febrero\/","title":{"rendered":"LA REUNI\u00d3N ENTRE JAVIER MILEI Y EL PAPA FRANCISCO SER\u00c1 EL LUNES 12 DE FEBRERO"},"content":{"rendered":"<h3>A principios de este mes, el Presidente <strong>Javier Milei<\/strong> le hab\u00eda enviado una carta al Sumo Pont\u00edfice para invitarlo a que visite la Argentina. Al d\u00eda siguiente, el Vaticano hizo lo propio con el mandatario, para que participe de la ceremonia de canonizaci\u00f3n de Mam\u00e1 Antula, y ahora se confirm\u00f3 que se ver\u00e1n el 12 de febrero, por primera vez a solas, en audiencia privada.<\/h3>\n<h3>Milei estar\u00e1 en el Vaticano junto a la comitiva que viajar\u00e1 a Roma para la canonizaci\u00f3n de Mar\u00eda Antonia de Paz y Figueroa, conocida popularmente como Mama Antula, prevista para el domingo 11 del mes pr\u00f3ximo: se trata de la primera santa argentina. Seg\u00fan trascendi\u00f3, el presidente ser\u00eda recibido antes de eso por el Papa Francisco, para luego s\u00ed encontrarse a solas al d\u00eda siguiente, en lo que ser\u00e1 el primer mano a mano despu\u00e9s de una campa\u00f1a que incluy\u00f3, por parte de Milei, dur\u00edsimos cuestionamientos.<\/h3>\n<h3>Tras la reuni\u00f3n, tendr\u00eda un almuerzo con su par italiano, Sergio Mattarella. Y m\u00e1s tarde una cumbre con Giorgia Meloni, la presidenta del Consejo de Ministros. En paralelo, la canciller Diana Mondino, que ser\u00e1 parte de la comitiva, prev\u00e9 encabezar una ronda de reuniones con empresarios.<\/h3>\n<h3>\u201cSu presencia y su mensaje contribuir\u00e1n a la tan deseada unidad de todos nuestros compatriotas y nos brindar\u00e1 la fuerza colectiva necesaria para preservar nuestra paz y trabajar por la prosperidad y el engrandecimiento de nuestra querida Rep\u00fablica Argentina\u201d, abund\u00f3 el texto difundido hace algunas semanas por la Casa Rosada mediante el cual el mandatario invit\u00f3 al Papa a la Argentina.<\/h3>\n<h3>Consultado por los periodistas acreditados en Casa Rosada, el vocero de la Presidencia, Manuel Adorni, hab\u00eda dicho en los \u00faltimos d\u00edas que el encuentro entre Francisco y el presidente a\u00fan no estaba confirmado, a pesar de que el gobierno oficializ\u00f3 la reuni\u00f3n con Meloni y que se hab\u00eda avanzado en los preparativos para el viaje en torno a la santificaci\u00f3n de Mama Antula.<\/h3>\n<h3>La confirmaci\u00f3n lleg\u00f3 en estas horas, despu\u00e9s de que Mar\u00eda Fernanda Silva, todav\u00eda representante ante la Santa Sede, comunicara oficialmente a Canciller\u00eda que se deb\u00eda tramitar el encuentro a trav\u00e9s de la embajada. Hasta ese momento, el gobierno hab\u00eda enviado la comunicaci\u00f3n a trav\u00e9s de la nunciatura.<\/h3>\n<h3>Seg\u00fan trascendi\u00f3 este jueves, Milei tiene en agenda viajar primero a Israel para despu\u00e9s s\u00ed desembarcar en Roma. Ser\u00e1, en ese sentido, una verdadera prueba de fuego tras los cuestionamientos que hizo en la campa\u00f1a a la figura papal, a pesar de que pidi\u00f3 perd\u00f3n en reiteradas oportunidades y de que tuvo un breve intercambio telef\u00f3nico con Francisco a trav\u00e9s de su oftalm\u00f3logo.<\/h3>\n<p>&nbsp;<\/p>\n<p>&nbsp;<\/p>\n<p>&nbsp;<\/p>\n","protected":false},"excerpt":{"rendered":"<p>A principios de este mes, el Presidente Javier Milei le hab\u00eda enviado una carta al&#8230;<\/p>\n","protected":false},"author":1,"featured_media":10700,"comment_status":"closed","ping_status":"closed","sticky":false,"template":"","format":"standard","meta":{"footnotes":""},"categories":[5],"tags":[],"class_list":["post-10699","post","type-post","status-publish","format-standard","has-post-thumbnail","hentry","category-nacionales-internacionales"],"yoast_head":"<!-- This site is optimized with the Yoast SEO plugin v26.1.1 - https:\/\/yoast.com\/wordpress\/plugins\/seo\/ -->\n<title>LA REUNI\u00d3N ENTRE JAVIER MILEI Y EL PAPA FRANCISCO SER\u00c1 EL LUNES 12 DE FEBRERO - Apuntes de San Luis<\/title>\n<meta name=\"robots\" content=\"index, follow, max-snippet:-1, max-image-preview:large, max-video-preview:-1\" \/>\n<link rel=\"canonical\" href=\"https:\/\/apuntesdesanluis.com\/index.php\/2024\/01\/25\/la-reunion-entre-javier-milei-y-el-papa-francisco-sera-el-lunes-12-de-febrero\/\" \/>\n<meta property=\"og:locale\" content=\"es_ES\" \/>\n<meta property=\"og:type\" content=\"article\" \/>\n<meta property=\"og:title\" content=\"LA REUNI\u00d3N ENTRE JAVIER MILEI Y EL PAPA FRANCISCO SER\u00c1 EL LUNES 12 DE FEBRERO - Apuntes de San Luis\" \/>\n<meta property=\"og:description\" content=\"A principios de este mes, el Presidente Javier Milei le hab\u00eda enviado una carta al...\" \/>\n<meta property=\"og:url\" content=\"https:\/\/apuntesdesanluis.com\/index.php\/2024\/01\/25\/la-reunion-entre-javier-milei-y-el-papa-francisco-sera-el-lunes-12-de-febrero\/\" \/>\n<meta property=\"og:site_name\" content=\"Apuntes de San Luis\" \/>\n<meta property=\"article:published_time\" content=\"2024-01-25T23:30:51+00:00\" \/>\n<meta property=\"og:image\" content=\"https:\/\/apuntesdesanluis.com\/wp-content\/uploads\/2024\/01\/MLEI-Y-EL-PAPA.png\" \/>\n\t<meta property=\"og:image:width\" content=\"600\" \/>\n\t<meta property=\"og:image:height\" content=\"338\" \/>\n\t<meta property=\"og:image:type\" content=\"image\/png\" \/>\n<meta name=\"author\" content=\"apuntesdesanluis.com\" \/>\n<meta name=\"twitter:card\" content=\"summary_large_image\" \/>\n<meta name=\"twitter:label1\" content=\"Escrito por\" \/>\n\t<meta name=\"twitter:data1\" content=\"apuntesdesanluis.com\" \/>\n\t<meta name=\"twitter:label2\" content=\"Tiempo de lectura\" \/>\n\t<meta name=\"twitter:data2\" content=\"2 minutos\" \/>\n<script type=\"application\/ld+json\" class=\"yoast-schema-graph\">{\"@context\":\"https:\/\/schema.org\",\"@graph\":[{\"@type\":\"Article\",\"@id\":\"https:\/\/apuntesdesanluis.com\/index.php\/2024\/01\/25\/la-reunion-entre-javier-milei-y-el-papa-francisco-sera-el-lunes-12-de-febrero\/#article\",\"isPartOf\":{\"@id\":\"https:\/\/apuntesdesanluis.com\/index.php\/2024\/01\/25\/la-reunion-entre-javier-milei-y-el-papa-francisco-sera-el-lunes-12-de-febrero\/\"},\"author\":{\"name\":\"apuntesdesanluis.com\",\"@id\":\"https:\/\/apuntesdesanluis.com\/#\/schema\/person\/b55151d52296fcce64d1a72538a70b90\"},\"headline\":\"LA REUNI\u00d3N ENTRE JAVIER MILEI Y EL PAPA FRANCISCO SER\u00c1 EL LUNES 12 DE FEBRERO\",\"datePublished\":\"2024-01-25T23:30:51+00:00\",\"mainEntityOfPage\":{\"@id\":\"https:\/\/apuntesdesanluis.com\/index.php\/2024\/01\/25\/la-reunion-entre-javier-milei-y-el-papa-francisco-sera-el-lunes-12-de-febrero\/\"},\"wordCount\":489,\"publisher\":{\"@id\":\"https:\/\/apuntesdesanluis.com\/#\/schema\/person\/b55151d52296fcce64d1a72538a70b90\"},\"image\":{\"@id\":\"https:\/\/apuntesdesanluis.com\/index.php\/2024\/01\/25\/la-reunion-entre-javier-milei-y-el-papa-francisco-sera-el-lunes-12-de-febrero\/#primaryimage\"},\"thumbnailUrl\":\"https:\/\/apuntesdesanluis.com\/wp-content\/uploads\/2024\/01\/MLEI-Y-EL-PAPA.png\",\"articleSection\":[\"Nacionales\/Internacionales\"],\"inLanguage\":\"es-AR\"},{\"@type\":\"WebPage\",\"@id\":\"https:\/\/apuntesdesanluis.com\/index.php\/2024\/01\/25\/la-reunion-entre-javier-milei-y-el-papa-francisco-sera-el-lunes-12-de-febrero\/\",\"url\":\"https:\/\/apuntesdesanluis.com\/index.php\/2024\/01\/25\/la-reunion-entre-javier-milei-y-el-papa-francisco-sera-el-lunes-12-de-febrero\/\",\"name\":\"LA REUNI\u00d3N ENTRE JAVIER MILEI Y EL PAPA FRANCISCO SER\u00c1 EL LUNES 12 DE FEBRERO - Apuntes de San Luis\",\"isPartOf\":{\"@id\":\"https:\/\/apuntesdesanluis.com\/#website\"},\"primaryImageOfPage\":{\"@id\":\"https:\/\/apuntesdesanluis.com\/index.php\/2024\/01\/25\/la-reunion-entre-javier-milei-y-el-papa-francisco-sera-el-lunes-12-de-febrero\/#primaryimage\"},\"image\":{\"@id\":\"https:\/\/apuntesdesanluis.com\/index.php\/2024\/01\/25\/la-reunion-entre-javier-milei-y-el-papa-francisco-sera-el-lunes-12-de-febrero\/#primaryimage\"},\"thumbnailUrl\":\"https:\/\/apuntesdesanluis.com\/wp-content\/uploads\/2024\/01\/MLEI-Y-EL-PAPA.png\",\"datePublished\":\"2024-01-25T23:30:51+00:00\",\"breadcrumb\":{\"@id\":\"https:\/\/apuntesdesanluis.com\/index.php\/2024\/01\/25\/la-reunion-entre-javier-milei-y-el-papa-francisco-sera-el-lunes-12-de-febrero\/#breadcrumb\"},\"inLanguage\":\"es-AR\",\"potentialAction\":[{\"@type\":\"ReadAction\",\"target\":[\"https:\/\/apuntesdesanluis.com\/index.php\/2024\/01\/25\/la-reunion-entre-javier-milei-y-el-papa-francisco-sera-el-lunes-12-de-febrero\/\"]}]},{\"@type\":\"ImageObject\",\"inLanguage\":\"es-AR\",\"@id\":\"https:\/\/apuntesdesanluis.com\/index.php\/2024\/01\/25\/la-reunion-entre-javier-milei-y-el-papa-francisco-sera-el-lunes-12-de-febrero\/#primaryimage\",\"url\":\"https:\/\/apuntesdesanluis.com\/wp-content\/uploads\/2024\/01\/MLEI-Y-EL-PAPA.png\",\"contentUrl\":\"https:\/\/apuntesdesanluis.com\/wp-content\/uploads\/2024\/01\/MLEI-Y-EL-PAPA.png\",\"width\":600,\"height\":338},{\"@type\":\"BreadcrumbList\",\"@id\":\"https:\/\/apuntesdesanluis.com\/index.php\/2024\/01\/25\/la-reunion-entre-javier-milei-y-el-papa-francisco-sera-el-lunes-12-de-febrero\/#breadcrumb\",\"itemListElement\":[{\"@type\":\"ListItem\",\"position\":1,\"name\":\"Inicio\",\"item\":\"https:\/\/apuntesdesanluis.com\/\"},{\"@type\":\"ListItem\",\"position\":2,\"name\":\"LA REUNI\u00d3N ENTRE JAVIER MILEI Y EL PAPA FRANCISCO SER\u00c1 EL LUNES 12 DE FEBRERO\"}]},{\"@type\":\"WebSite\",\"@id\":\"https:\/\/apuntesdesanluis.com\/#website\",\"url\":\"https:\/\/apuntesdesanluis.com\/\",\"name\":\"Apuntes de San Luis\",\"description\":\"\",\"publisher\":{\"@id\":\"https:\/\/apuntesdesanluis.com\/#\/schema\/person\/b55151d52296fcce64d1a72538a70b90\"},\"potentialAction\":[{\"@type\":\"SearchAction\",\"target\":{\"@type\":\"EntryPoint\",\"urlTemplate\":\"https:\/\/apuntesdesanluis.com\/?s={search_term_string}\"},\"query-input\":{\"@type\":\"PropertyValueSpecification\",\"valueRequired\":true,\"valueName\":\"search_term_string\"}}],\"inLanguage\":\"es-AR\"},{\"@type\":[\"Person\",\"Organization\"],\"@id\":\"https:\/\/apuntesdesanluis.com\/#\/schema\/person\/b55151d52296fcce64d1a72538a70b90\",\"name\":\"apuntesdesanluis.com\",\"image\":{\"@type\":\"ImageObject\",\"inLanguage\":\"es-AR\",\"@id\":\"https:\/\/apuntesdesanluis.com\/#\/schema\/person\/image\/\",\"url\":\"https:\/\/apuntesdesanluis.com\/wp-content\/uploads\/2023\/07\/cropped-apuntesdesanluis.png\",\"contentUrl\":\"https:\/\/apuntesdesanluis.com\/wp-content\/uploads\/2023\/07\/cropped-apuntesdesanluis.png\",\"width\":450,\"height\":112,\"caption\":\"apuntesdesanluis.com\"},\"logo\":{\"@id\":\"https:\/\/apuntesdesanluis.com\/#\/schema\/person\/image\/\"},\"sameAs\":[\"https:\/\/apuntesdesanluis.com\"],\"url\":\"https:\/\/apuntesdesanluis.com\/index.php\/author\/apuntesdesanluis-com\/\"}]}<\/script>\n<!-- \/ Yoast SEO plugin. -->","yoast_head_json":{"title":"LA REUNI\u00d3N ENTRE JAVIER MILEI Y EL PAPA FRANCISCO SER\u00c1 EL LUNES 12 DE FEBRERO - Apuntes de San Luis","robots":{"index":"index","follow":"follow","max-snippet":"max-snippet:-1","max-image-preview":"max-image-preview:large","max-video-preview":"max-video-preview:-1"},"canonical":"https:\/\/apuntesdesanluis.com\/index.php\/2024\/01\/25\/la-reunion-entre-javier-milei-y-el-papa-francisco-sera-el-lunes-12-de-febrero\/","og_locale":"es_ES","og_type":"article","og_title":"LA REUNI\u00d3N ENTRE JAVIER MILEI Y EL PAPA FRANCISCO SER\u00c1 EL LUNES 12 DE FEBRERO - Apuntes de San Luis","og_description":"A principios de este mes, el Presidente Javier Milei le hab\u00eda enviado una carta al...","og_url":"https:\/\/apuntesdesanluis.com\/index.php\/2024\/01\/25\/la-reunion-entre-javier-milei-y-el-papa-francisco-sera-el-lunes-12-de-febrero\/","og_site_name":"Apuntes de San Luis","article_published_time":"2024-01-25T23:30:51+00:00","og_image":[{"width":600,"height":338,"url":"https:\/\/apuntesdesanluis.com\/wp-content\/uploads\/2024\/01\/MLEI-Y-EL-PAPA.png","type":"image\/png"}],"author":"apuntesdesanluis.com","twitter_card":"summary_large_image","twitter_misc":{"Escrito por":"apuntesdesanluis.com","Tiempo de lectura":"2 minutos"},"schema":{"@context":"https:\/\/schema.org","@graph":[{"@type":"Article","@id":"https:\/\/apuntesdesanluis.com\/index.php\/2024\/01\/25\/la-reunion-entre-javier-milei-y-el-papa-francisco-sera-el-lunes-12-de-febrero\/#article","isPartOf":{"@id":"https:\/\/apuntesdesanluis.com\/index.php\/2024\/01\/25\/la-reunion-entre-javier-milei-y-el-papa-francisco-sera-el-lunes-12-de-febrero\/"},"author":{"name":"apuntesdesanluis.com","@id":"https:\/\/apuntesdesanluis.com\/#\/schema\/person\/b55151d52296fcce64d1a72538a70b90"},"headline":"LA REUNI\u00d3N ENTRE JAVIER MILEI Y EL PAPA FRANCISCO SER\u00c1 EL LUNES 12 DE FEBRERO","datePublished":"2024-01-25T23:30:51+00:00","mainEntityOfPage":{"@id":"https:\/\/apuntesdesanluis.com\/index.php\/2024\/01\/25\/la-reunion-entre-javier-milei-y-el-papa-francisco-sera-el-lunes-12-de-febrero\/"},"wordCount":489,"publisher":{"@id":"https:\/\/apuntesdesanluis.com\/#\/schema\/person\/b55151d52296fcce64d1a72538a70b90"},"image":{"@id":"https:\/\/apuntesdesanluis.com\/index.php\/2024\/01\/25\/la-reunion-entre-javier-milei-y-el-papa-francisco-sera-el-lunes-12-de-febrero\/#primaryimage"},"thumbnailUrl":"https:\/\/apuntesdesanluis.com\/wp-content\/uploads\/2024\/01\/MLEI-Y-EL-PAPA.png","articleSection":["Nacionales\/Internacionales"],"inLanguage":"es-AR"},{"@type":"WebPage","@id":"https:\/\/apuntesdesanluis.com\/index.php\/2024\/01\/25\/la-reunion-entre-javier-milei-y-el-papa-francisco-sera-el-lunes-12-de-febrero\/","url":"https:\/\/apuntesdesanluis.com\/index.php\/2024\/01\/25\/la-reunion-entre-javier-milei-y-el-papa-francisco-sera-el-lunes-12-de-febrero\/","name":"LA REUNI\u00d3N ENTRE JAVIER MILEI Y EL PAPA FRANCISCO SER\u00c1 EL LUNES 12 DE FEBRERO - Apuntes de San Luis","isPartOf":{"@id":"https:\/\/apuntesdesanluis.com\/#website"},"primaryImageOfPage":{"@id":"https:\/\/apuntesdesanluis.com\/index.php\/2024\/01\/25\/la-reunion-entre-javier-milei-y-el-papa-francisco-sera-el-lunes-12-de-febrero\/#primaryimage"},"image":{"@id":"https:\/\/apuntesdesanluis.com\/index.php\/2024\/01\/25\/la-reunion-entre-javier-milei-y-el-papa-francisco-sera-el-lunes-12-de-febrero\/#primaryimage"},"thumbnailUrl":"https:\/\/apuntesdesanluis.com\/wp-content\/uploads\/2024\/01\/MLEI-Y-EL-PAPA.png","datePublished":"2024-01-25T23:30:51+00:00","breadcrumb":{"@id":"https:\/\/apuntesdesanluis.com\/index.php\/2024\/01\/25\/la-reunion-entre-javier-milei-y-el-papa-francisco-sera-el-lunes-12-de-febrero\/#breadcrumb"},"inLanguage":"es-AR","potentialAction":[{"@type":"ReadAction","target":["https:\/\/apuntesdesanluis.com\/index.php\/2024\/01\/25\/la-reunion-entre-javier-milei-y-el-papa-francisco-sera-el-lunes-12-de-febrero\/"]}]},{"@type":"ImageObject","inLanguage":"es-AR","@id":"https:\/\/apuntesdesanluis.com\/index.php\/2024\/01\/25\/la-reunion-entre-javier-milei-y-el-papa-francisco-sera-el-lunes-12-de-febrero\/#primaryimage","url":"https:\/\/apuntesdesanluis.com\/wp-content\/uploads\/2024\/01\/MLEI-Y-EL-PAPA.png","contentUrl":"https:\/\/apuntesdesanluis.com\/wp-content\/uploads\/2024\/01\/MLEI-Y-EL-PAPA.png","width":600,"height":338},{"@type":"BreadcrumbList","@id":"https:\/\/apuntesdesanluis.com\/index.php\/2024\/01\/25\/la-reunion-entre-javier-milei-y-el-papa-francisco-sera-el-lunes-12-de-febrero\/#breadcrumb","itemListElement":[{"@type":"ListItem","position":1,"name":"Inicio","item":"https:\/\/apuntesdesanluis.com\/"},{"@type":"ListItem","position":2,"name":"LA REUNI\u00d3N ENTRE JAVIER MILEI Y EL PAPA FRANCISCO SER\u00c1 EL LUNES 12 DE FEBRERO"}]},{"@type":"WebSite","@id":"https:\/\/apuntesdesanluis.com\/#website","url":"https:\/\/apuntesdesanluis.com\/","name":"Apuntes de San Luis","description":"","publisher":{"@id":"https:\/\/apuntesdesanluis.com\/#\/schema\/person\/b55151d52296fcce64d1a72538a70b90"},"potentialAction":[{"@type":"SearchAction","target":{"@type":"EntryPoint","urlTemplate":"https:\/\/apuntesdesanluis.com\/?s={search_term_string}"},"query-input":{"@type":"PropertyValueSpecification","valueRequired":true,"valueName":"search_term_string"}}],"inLanguage":"es-AR"},{"@type":["Person","Organization"],"@id":"https:\/\/apuntesdesanluis.com\/#\/schema\/person\/b55151d52296fcce64d1a72538a70b90","name":"apuntesdesanluis.com","image":{"@type":"ImageObject","inLanguage":"es-AR","@id":"https:\/\/apuntesdesanluis.com\/#\/schema\/person\/image\/","url":"https:\/\/apuntesdesanluis.com\/wp-content\/uploads\/2023\/07\/cropped-apuntesdesanluis.png","contentUrl":"https:\/\/apuntesdesanluis.com\/wp-content\/uploads\/2023\/07\/cropped-apuntesdesanluis.png","width":450,"height":112,"caption":"apuntesdesanluis.com"},"logo":{"@id":"https:\/\/apuntesdesanluis.com\/#\/schema\/person\/image\/"},"sameAs":["https:\/\/apuntesdesanluis.com"],"url":"https:\/\/apuntesdesanluis.com\/index.php\/author\/apuntesdesanluis-com\/"}]}},"featured_image_urls":{"full":["https:\/\/apuntesdesanluis.com\/wp-content\/uploads\/2024\/01\/MLEI-Y-EL-PAPA.png",600,338,false],"thumbnail":["https:\/\/apuntesdesanluis.com\/wp-content\/uploads\/2024\/01\/MLEI-Y-EL-PAPA-150x150.png",150,150,true],"medium":["https:\/\/apuntesdesanluis.com\/wp-content\/uploads\/2024\/01\/MLEI-Y-EL-PAPA-300x169.png",300,169,true],"medium_large":["https:\/\/apuntesdesanluis.com\/wp-content\/uploads\/2024\/01\/MLEI-Y-EL-PAPA.png",600,338,false],"large":["https:\/\/apuntesdesanluis.com\/wp-content\/uploads\/2024\/01\/MLEI-Y-EL-PAPA.png",600,338,false],"1536x1536":["https:\/\/apuntesdesanluis.com\/wp-content\/uploads\/2024\/01\/MLEI-Y-EL-PAPA.png",600,338,false],"2048x2048":["https:\/\/apuntesdesanluis.com\/wp-content\/uploads\/2024\/01\/MLEI-Y-EL-PAPA.png",600,338,false],"newsever-slider-full":["https:\/\/apuntesdesanluis.com\/wp-content\/uploads\/2024\/01\/MLEI-Y-EL-PAPA.png",600,338,false],"newsever-featured":["https:\/\/apuntesdesanluis.com\/wp-content\/uploads\/2024\/01\/MLEI-Y-EL-PAPA.png",600,338,false],"newsever-medium":["https:\/\/apuntesdesanluis.com\/wp-content\/uploads\/2024\/01\/MLEI-Y-EL-PAPA.png",600,338,false]},"author_info":{"display_name":"apuntesdesanluis.com","author_link":"https:\/\/apuntesdesanluis.com\/index.php\/author\/apuntesdesanluis-com\/"},"category_info":"<a href=\"https:\/\/apuntesdesanluis.com\/index.php\/category\/nacionales-internacionales\/\" rel=\"category tag\">Nacionales\/Internacionales<\/a>","tag_info":"Nacionales\/Internacionales","comment_count":"0","_links":{"self":[{"href":"https:\/\/apuntesdesanluis.com\/index.php\/wp-json\/wp\/v2\/posts\/10699","targetHints":{"allow":["GET"]}}],"collection":[{"href":"https:\/\/apuntesdesanluis.com\/index.php\/wp-json\/wp\/v2\/posts"}],"about":[{"href":"https:\/\/apuntesdesanluis.com\/index.php\/wp-json\/wp\/v2\/types\/post"}],"author":[{"embeddable":true,"href":"https:\/\/apuntesdesanluis.com\/index.php\/wp-json\/wp\/v2\/users\/1"}],"replies":[{"embeddable":true,"href":"https:\/\/apuntesdesanluis.com\/index.php\/wp-json\/wp\/v2\/comments?post=10699"}],"version-history":[{"count":1,"href":"https:\/\/apuntesdesanluis.com\/index.php\/wp-json\/wp\/v2\/posts\/10699\/revisions"}],"predecessor-version":[{"id":10701,"href":"https:\/\/apuntesdesanluis.com\/index.php\/wp-json\/wp\/v2\/posts\/10699\/revisions\/10701"}],"wp:featuredmedia":[{"embeddable":true,"href":"https:\/\/apuntesdesanluis.com\/index.php\/wp-json\/wp\/v2\/media\/10700"}],"wp:attachment":[{"href":"https:\/\/apuntesdesanluis.com\/index.php\/wp-json\/wp\/v2\/media?parent=10699"}],"wp:term":[{"taxonomy":"category","embeddable":true,"href":"https:\/\/apuntesdesanluis.com\/index.php\/wp-json\/wp\/v2\/categories?post=10699"},{"taxonomy":"post_tag","embeddable":true,"href":"https:\/\/apuntesdesanluis.com\/index.php\/wp-json\/wp\/v2\/tags?post=10699"}],"curies":[{"name":"wp","href":"https:\/\/api.w.org\/{rel}","templated":true}]}}