{"id":10710,"date":"2024-01-25T20:50:58","date_gmt":"2024-01-25T23:50:58","guid":{"rendered":"https:\/\/apuntesdesanluis.com\/?p=10710"},"modified":"2024-01-25T21:51:16","modified_gmt":"2024-01-26T00:51:16","slug":"la-movilizacion-convocada-por-la-cgt-fue-un-contundente-mensaje","status":"publish","type":"post","link":"https:\/\/apuntesdesanluis.com\/index.php\/2024\/01\/25\/la-movilizacion-convocada-por-la-cgt-fue-un-contundente-mensaje\/","title":{"rendered":"\u201cLA MOVILIZACI\u00d3N CONVOCADA POR LA CGT FUE HIST\u00d3RICA Y UN CONTUNDENTE MENSAJE AL GOBIERNO NACIONAL\u201d"},"content":{"rendered":"<h3>As\u00ed se expres\u00f3 el dirigente <span style=\"color: #000000;\"><strong>An\u00edbal G\u00f3mez<\/strong><\/span>, uno de los Secretarios Generales de la CGT Regional Villa Mercedes, al evaluar la multitudinaria marcha realizada este mi\u00e9rcoles, en rechazo del DNU y la Ley \u00d3mnibus que impulsa el gobierno nacional, y lo ocurrido en el orden nacional.<\/h3>\n<h3>\u201cDeseo agradecer a todos los gremios, sectores sociales, ONG, jubilados, estudiantes, docentes, trabajadores de la salud, comerciantes, vecinos comunes y familias, incluso llevando sus hijos, artistas, que se sumaron a la marcha convocada por la CGT, para expresar su repudio a las numerosas medidas del gobierno nacional que pretenden vulnerar los derechos de los trabajadores y de la tercera edad\u201d, indic\u00f3.<\/h3>\n<p><img fetchpriority=\"high\" decoding=\"async\" class=\"wp-image-10721 aligncenter\" src=\"https:\/\/apuntesdesanluis.com\/wp-content\/uploads\/2024\/01\/gomez-300x212.jpg\" alt=\"\" width=\"640\" height=\"452\" srcset=\"https:\/\/apuntesdesanluis.com\/wp-content\/uploads\/2024\/01\/gomez-300x212.jpg 300w, https:\/\/apuntesdesanluis.com\/wp-content\/uploads\/2024\/01\/gomez.jpg 547w\" sizes=\"(max-width: 640px) 100vw, 640px\" \/><\/p>\n<h3>La concentraci\u00f3n y marcha convoc\u00f3 cerca de 5.000 personas y se extendi\u00f3 por casi siete cuadras, constituyendo una de las m\u00e1s importantes que se realizaron en los \u00faltimos a\u00f1os en Villa Mercedes.<\/h3>\n<p><img decoding=\"async\" class=\"wp-image-10716 aligncenter\" src=\"https:\/\/apuntesdesanluis.com\/wp-content\/uploads\/2024\/01\/ambulancia-300x181.png\" alt=\"\" width=\"602\" height=\"363\" srcset=\"https:\/\/apuntesdesanluis.com\/wp-content\/uploads\/2024\/01\/ambulancia-300x181.png 300w, https:\/\/apuntesdesanluis.com\/wp-content\/uploads\/2024\/01\/ambulancia.png 600w\" sizes=\"(max-width: 602px) 100vw, 602px\" \/><\/p>\n<h3>An\u00edbal G\u00f3mez, tambi\u00e9n Secretario General de la <strong>Asociaci\u00f3n de Trabajadores de la Sanidad (ATSA),<\/strong> gremio que tuvo una importante presencia y aport\u00f3 una ambulancia para atender cualquier tipo de emergencia, agradeci\u00f3 \u201ca todos los compa\u00f1eros afiliados, que espont\u00e1neamente se sumaron con convicci\u00f3n para manifestar su descontento con este gobierno, que pretende barrer con nuestros derechos y retrotraernos poco menos que al tiempo de la esclavitud\u201d.<\/h3>\n<h3>Asimismo, el dirigente reiter\u00f3 conceptos vertidos durante la movilizaci\u00f3n, cuando destac\u00f3 \u201cel orden y la unidad de todos los sectores que se manifestaron y participaron de la marcha, que superando cualquier diferencia coincidieron en caminar juntos para manifestarse y enviar un contundente mensaje al gobierno nacional, de que no estamos dispuestos a que se viole la Constituci\u00f3n y las leyes, para llevar adelante un ajuste contra los trabajadores y los jubilados, mientras la casta empresaria sigue haciendo ping\u00fces negocios\u201d.<\/h3>\n<h3>&#8220;La convocatoria ha sido multitudinaria. \u00a1Qu\u00e9 lindo que nos podamos expresar en paz, con amor y defendiendo nuestros sagrados derechos! La Confederaci\u00f3n General del Trabajo (CGT) con los otros gremios hermanos nos unimos para hacer sentir nuestra disconformidad con lo que est\u00e1 viviendo el pueblo argentino. Este es un desaf\u00edo enorme que tenemos y toda la ciudadan\u00eda tiene que estar unida&#8221;, expres\u00f3 An\u00edbal G\u00f3mez, el titular de ATSA, micr\u00f3fono en mano, durante la marcha.<\/h3>\n<p><img decoding=\"async\" class=\"wp-image-10717 aligncenter\" src=\"https:\/\/apuntesdesanluis.com\/wp-content\/uploads\/2024\/01\/atsa-300x158.png\" alt=\"\" width=\"644\" height=\"339\" srcset=\"https:\/\/apuntesdesanluis.com\/wp-content\/uploads\/2024\/01\/atsa-300x158.png 300w, https:\/\/apuntesdesanluis.com\/wp-content\/uploads\/2024\/01\/atsa.png 749w\" sizes=\"(max-width: 644px) 100vw, 644px\" \/><\/p>\n<h3>\u201c\u00c9ste es un momento bisagra en nuestra historia, sabemos que estamos en crisis, pero las medidas que se proponen no son una soluci\u00f3n, como tampoco lo es facilitar el despido de los trabajadores reduciendo las indemnizaciones o restableciendo el impuesto a las ganancias en los sueldos. \u00bfPor qu\u00e9 no se persigue a los grandes evasores? \u00bfPor qu\u00e9 no se incrementa el impuesto a las grandes fortunas?\u201d, se pregunt\u00f3.<\/h3>\n<h3>\u201cHasta ahora, las principales medidas que ha tomado el presidente Milei son todas en contra de los trabajadores \u2013continu\u00f3-. F\u00edjese la devaluaci\u00f3n, el aumento de los combustibles, ahora este DNU y la Ley \u00d3mnibus que violentan el orden jur\u00eddico. En ninguna encontramos que fomente la reactivaci\u00f3n econ\u00f3mica o genere empleo, todo es ajuste y m\u00e1s ajuste, mientras impulsa rifar las empresas del estado o entregar nuestras riquezas naturales. Esto ya lo vivimos y conocemos, por eso nos oponemos a que la casta empresaria que rodea al presidente y los que endeudaron al pa\u00eds por 100 a\u00f1os, como el ministro de Econom\u00eda Caputo, que ya estuvo con Macri, nos digan que \u00e9stas son las soluciones\u201d, enfatiz\u00f3.<\/h3>\n<p>&nbsp;<\/p>\n<p>&nbsp;<\/p>\n<p>&nbsp;<\/p>\n","protected":false},"excerpt":{"rendered":"<p>As\u00ed se expres\u00f3 el dirigente An\u00edbal G\u00f3mez, uno de los Secretarios Generales de la CGT&#8230;<\/p>\n","protected":false},"author":1,"featured_media":10720,"comment_status":"closed","ping_status":"closed","sticky":false,"template":"","format":"standard","meta":{"footnotes":""},"categories":[6],"tags":[],"class_list":["post-10710","post","type-post","status-publish","format-standard","has-post-thumbnail","hentry","category-ciudad-provincia"],"yoast_head":"<!-- This site is optimized with the Yoast SEO plugin v26.1.1 - https:\/\/yoast.com\/wordpress\/plugins\/seo\/ -->\n<title>\u201cLA MOVILIZACI\u00d3N CONVOCADA POR LA CGT FUE HIST\u00d3RICA Y UN CONTUNDENTE MENSAJE AL GOBIERNO NACIONAL\u201d - Apuntes de San Luis<\/title>\n<meta name=\"robots\" content=\"index, follow, max-snippet:-1, max-image-preview:large, max-video-preview:-1\" \/>\n<link rel=\"canonical\" href=\"https:\/\/apuntesdesanluis.com\/index.php\/2024\/01\/25\/la-movilizacion-convocada-por-la-cgt-fue-un-contundente-mensaje\/\" \/>\n<meta property=\"og:locale\" content=\"es_ES\" \/>\n<meta property=\"og:type\" content=\"article\" \/>\n<meta property=\"og:title\" content=\"\u201cLA MOVILIZACI\u00d3N CONVOCADA POR LA CGT FUE HIST\u00d3RICA Y UN CONTUNDENTE MENSAJE AL GOBIERNO NACIONAL\u201d - Apuntes de San Luis\" \/>\n<meta property=\"og:description\" content=\"As\u00ed se expres\u00f3 el dirigente An\u00edbal G\u00f3mez, uno de los Secretarios Generales de la CGT...\" \/>\n<meta property=\"og:url\" content=\"https:\/\/apuntesdesanluis.com\/index.php\/2024\/01\/25\/la-movilizacion-convocada-por-la-cgt-fue-un-contundente-mensaje\/\" \/>\n<meta property=\"og:site_name\" content=\"Apuntes de San Luis\" \/>\n<meta property=\"article:published_time\" content=\"2024-01-25T23:50:58+00:00\" \/>\n<meta property=\"article:modified_time\" content=\"2024-01-26T00:51:16+00:00\" \/>\n<meta property=\"og:image\" content=\"https:\/\/apuntesdesanluis.com\/wp-content\/uploads\/2024\/01\/mucha-gente-2-1.png\" \/>\n\t<meta property=\"og:image:width\" content=\"515\" \/>\n\t<meta property=\"og:image:height\" content=\"302\" \/>\n\t<meta property=\"og:image:type\" content=\"image\/png\" \/>\n<meta name=\"author\" content=\"apuntesdesanluis.com\" \/>\n<meta name=\"twitter:card\" content=\"summary_large_image\" \/>\n<meta name=\"twitter:label1\" content=\"Escrito por\" \/>\n\t<meta name=\"twitter:data1\" content=\"apuntesdesanluis.com\" \/>\n\t<meta name=\"twitter:label2\" content=\"Tiempo de lectura\" \/>\n\t<meta name=\"twitter:data2\" content=\"4 minutos\" \/>\n<script type=\"application\/ld+json\" class=\"yoast-schema-graph\">{\"@context\":\"https:\/\/schema.org\",\"@graph\":[{\"@type\":\"Article\",\"@id\":\"https:\/\/apuntesdesanluis.com\/index.php\/2024\/01\/25\/la-movilizacion-convocada-por-la-cgt-fue-un-contundente-mensaje\/#article\",\"isPartOf\":{\"@id\":\"https:\/\/apuntesdesanluis.com\/index.php\/2024\/01\/25\/la-movilizacion-convocada-por-la-cgt-fue-un-contundente-mensaje\/\"},\"author\":{\"name\":\"apuntesdesanluis.com\",\"@id\":\"https:\/\/apuntesdesanluis.com\/#\/schema\/person\/b55151d52296fcce64d1a72538a70b90\"},\"headline\":\"\u201cLA MOVILIZACI\u00d3N CONVOCADA POR LA CGT FUE HIST\u00d3RICA Y UN CONTUNDENTE MENSAJE AL GOBIERNO NACIONAL\u201d\",\"datePublished\":\"2024-01-25T23:50:58+00:00\",\"dateModified\":\"2024-01-26T00:51:16+00:00\",\"mainEntityOfPage\":{\"@id\":\"https:\/\/apuntesdesanluis.com\/index.php\/2024\/01\/25\/la-movilizacion-convocada-por-la-cgt-fue-un-contundente-mensaje\/\"},\"wordCount\":591,\"publisher\":{\"@id\":\"https:\/\/apuntesdesanluis.com\/#\/schema\/person\/b55151d52296fcce64d1a72538a70b90\"},\"image\":{\"@id\":\"https:\/\/apuntesdesanluis.com\/index.php\/2024\/01\/25\/la-movilizacion-convocada-por-la-cgt-fue-un-contundente-mensaje\/#primaryimage\"},\"thumbnailUrl\":\"https:\/\/apuntesdesanluis.com\/wp-content\/uploads\/2024\/01\/mucha-gente-2-1.png\",\"articleSection\":[\"Ciudad\/Provincia\"],\"inLanguage\":\"es-AR\"},{\"@type\":\"WebPage\",\"@id\":\"https:\/\/apuntesdesanluis.com\/index.php\/2024\/01\/25\/la-movilizacion-convocada-por-la-cgt-fue-un-contundente-mensaje\/\",\"url\":\"https:\/\/apuntesdesanluis.com\/index.php\/2024\/01\/25\/la-movilizacion-convocada-por-la-cgt-fue-un-contundente-mensaje\/\",\"name\":\"\u201cLA MOVILIZACI\u00d3N CONVOCADA POR LA CGT FUE HIST\u00d3RICA Y UN CONTUNDENTE MENSAJE AL GOBIERNO NACIONAL\u201d - Apuntes de San Luis\",\"isPartOf\":{\"@id\":\"https:\/\/apuntesdesanluis.com\/#website\"},\"primaryImageOfPage\":{\"@id\":\"https:\/\/apuntesdesanluis.com\/index.php\/2024\/01\/25\/la-movilizacion-convocada-por-la-cgt-fue-un-contundente-mensaje\/#primaryimage\"},\"image\":{\"@id\":\"https:\/\/apuntesdesanluis.com\/index.php\/2024\/01\/25\/la-movilizacion-convocada-por-la-cgt-fue-un-contundente-mensaje\/#primaryimage\"},\"thumbnailUrl\":\"https:\/\/apuntesdesanluis.com\/wp-content\/uploads\/2024\/01\/mucha-gente-2-1.png\",\"datePublished\":\"2024-01-25T23:50:58+00:00\",\"dateModified\":\"2024-01-26T00:51:16+00:00\",\"breadcrumb\":{\"@id\":\"https:\/\/apuntesdesanluis.com\/index.php\/2024\/01\/25\/la-movilizacion-convocada-por-la-cgt-fue-un-contundente-mensaje\/#breadcrumb\"},\"inLanguage\":\"es-AR\",\"potentialAction\":[{\"@type\":\"ReadAction\",\"target\":[\"https:\/\/apuntesdesanluis.com\/index.php\/2024\/01\/25\/la-movilizacion-convocada-por-la-cgt-fue-un-contundente-mensaje\/\"]}]},{\"@type\":\"ImageObject\",\"inLanguage\":\"es-AR\",\"@id\":\"https:\/\/apuntesdesanluis.com\/index.php\/2024\/01\/25\/la-movilizacion-convocada-por-la-cgt-fue-un-contundente-mensaje\/#primaryimage\",\"url\":\"https:\/\/apuntesdesanluis.com\/wp-content\/uploads\/2024\/01\/mucha-gente-2-1.png\",\"contentUrl\":\"https:\/\/apuntesdesanluis.com\/wp-content\/uploads\/2024\/01\/mucha-gente-2-1.png\",\"width\":515,\"height\":302},{\"@type\":\"BreadcrumbList\",\"@id\":\"https:\/\/apuntesdesanluis.com\/index.php\/2024\/01\/25\/la-movilizacion-convocada-por-la-cgt-fue-un-contundente-mensaje\/#breadcrumb\",\"itemListElement\":[{\"@type\":\"ListItem\",\"position\":1,\"name\":\"Inicio\",\"item\":\"https:\/\/apuntesdesanluis.com\/\"},{\"@type\":\"ListItem\",\"position\":2,\"name\":\"\u201cLA MOVILIZACI\u00d3N CONVOCADA POR LA CGT FUE HIST\u00d3RICA Y UN CONTUNDENTE MENSAJE AL GOBIERNO NACIONAL\u201d\"}]},{\"@type\":\"WebSite\",\"@id\":\"https:\/\/apuntesdesanluis.com\/#website\",\"url\":\"https:\/\/apuntesdesanluis.com\/\",\"name\":\"Apuntes de San Luis\",\"description\":\"\",\"publisher\":{\"@id\":\"https:\/\/apuntesdesanluis.com\/#\/schema\/person\/b55151d52296fcce64d1a72538a70b90\"},\"potentialAction\":[{\"@type\":\"SearchAction\",\"target\":{\"@type\":\"EntryPoint\",\"urlTemplate\":\"https:\/\/apuntesdesanluis.com\/?s={search_term_string}\"},\"query-input\":{\"@type\":\"PropertyValueSpecification\",\"valueRequired\":true,\"valueName\":\"search_term_string\"}}],\"inLanguage\":\"es-AR\"},{\"@type\":[\"Person\",\"Organization\"],\"@id\":\"https:\/\/apuntesdesanluis.com\/#\/schema\/person\/b55151d52296fcce64d1a72538a70b90\",\"name\":\"apuntesdesanluis.com\",\"image\":{\"@type\":\"ImageObject\",\"inLanguage\":\"es-AR\",\"@id\":\"https:\/\/apuntesdesanluis.com\/#\/schema\/person\/image\/\",\"url\":\"https:\/\/apuntesdesanluis.com\/wp-content\/uploads\/2023\/07\/cropped-apuntesdesanluis.png\",\"contentUrl\":\"https:\/\/apuntesdesanluis.com\/wp-content\/uploads\/2023\/07\/cropped-apuntesdesanluis.png\",\"width\":450,\"height\":112,\"caption\":\"apuntesdesanluis.com\"},\"logo\":{\"@id\":\"https:\/\/apuntesdesanluis.com\/#\/schema\/person\/image\/\"},\"sameAs\":[\"https:\/\/apuntesdesanluis.com\"],\"url\":\"https:\/\/apuntesdesanluis.com\/index.php\/author\/apuntesdesanluis-com\/\"}]}<\/script>\n<!-- \/ Yoast SEO plugin. -->","yoast_head_json":{"title":"\u201cLA MOVILIZACI\u00d3N CONVOCADA POR LA CGT FUE HIST\u00d3RICA Y UN CONTUNDENTE MENSAJE AL GOBIERNO NACIONAL\u201d - Apuntes de San Luis","robots":{"index":"index","follow":"follow","max-snippet":"max-snippet:-1","max-image-preview":"max-image-preview:large","max-video-preview":"max-video-preview:-1"},"canonical":"https:\/\/apuntesdesanluis.com\/index.php\/2024\/01\/25\/la-movilizacion-convocada-por-la-cgt-fue-un-contundente-mensaje\/","og_locale":"es_ES","og_type":"article","og_title":"\u201cLA MOVILIZACI\u00d3N CONVOCADA POR LA CGT FUE HIST\u00d3RICA Y UN CONTUNDENTE MENSAJE AL GOBIERNO NACIONAL\u201d - Apuntes de San Luis","og_description":"As\u00ed se expres\u00f3 el dirigente An\u00edbal G\u00f3mez, uno de los Secretarios Generales de la CGT...","og_url":"https:\/\/apuntesdesanluis.com\/index.php\/2024\/01\/25\/la-movilizacion-convocada-por-la-cgt-fue-un-contundente-mensaje\/","og_site_name":"Apuntes de San Luis","article_published_time":"2024-01-25T23:50:58+00:00","article_modified_time":"2024-01-26T00:51:16+00:00","og_image":[{"width":515,"height":302,"url":"https:\/\/apuntesdesanluis.com\/wp-content\/uploads\/2024\/01\/mucha-gente-2-1.png","type":"image\/png"}],"author":"apuntesdesanluis.com","twitter_card":"summary_large_image","twitter_misc":{"Escrito por":"apuntesdesanluis.com","Tiempo de lectura":"4 minutos"},"schema":{"@context":"https:\/\/schema.org","@graph":[{"@type":"Article","@id":"https:\/\/apuntesdesanluis.com\/index.php\/2024\/01\/25\/la-movilizacion-convocada-por-la-cgt-fue-un-contundente-mensaje\/#article","isPartOf":{"@id":"https:\/\/apuntesdesanluis.com\/index.php\/2024\/01\/25\/la-movilizacion-convocada-por-la-cgt-fue-un-contundente-mensaje\/"},"author":{"name":"apuntesdesanluis.com","@id":"https:\/\/apuntesdesanluis.com\/#\/schema\/person\/b55151d52296fcce64d1a72538a70b90"},"headline":"\u201cLA MOVILIZACI\u00d3N CONVOCADA POR LA CGT FUE HIST\u00d3RICA Y UN CONTUNDENTE MENSAJE AL GOBIERNO NACIONAL\u201d","datePublished":"2024-01-25T23:50:58+00:00","dateModified":"2024-01-26T00:51:16+00:00","mainEntityOfPage":{"@id":"https:\/\/apuntesdesanluis.com\/index.php\/2024\/01\/25\/la-movilizacion-convocada-por-la-cgt-fue-un-contundente-mensaje\/"},"wordCount":591,"publisher":{"@id":"https:\/\/apuntesdesanluis.com\/#\/schema\/person\/b55151d52296fcce64d1a72538a70b90"},"image":{"@id":"https:\/\/apuntesdesanluis.com\/index.php\/2024\/01\/25\/la-movilizacion-convocada-por-la-cgt-fue-un-contundente-mensaje\/#primaryimage"},"thumbnailUrl":"https:\/\/apuntesdesanluis.com\/wp-content\/uploads\/2024\/01\/mucha-gente-2-1.png","articleSection":["Ciudad\/Provincia"],"inLanguage":"es-AR"},{"@type":"WebPage","@id":"https:\/\/apuntesdesanluis.com\/index.php\/2024\/01\/25\/la-movilizacion-convocada-por-la-cgt-fue-un-contundente-mensaje\/","url":"https:\/\/apuntesdesanluis.com\/index.php\/2024\/01\/25\/la-movilizacion-convocada-por-la-cgt-fue-un-contundente-mensaje\/","name":"\u201cLA MOVILIZACI\u00d3N CONVOCADA POR LA CGT FUE HIST\u00d3RICA Y UN CONTUNDENTE MENSAJE AL GOBIERNO NACIONAL\u201d - Apuntes de San Luis","isPartOf":{"@id":"https:\/\/apuntesdesanluis.com\/#website"},"primaryImageOfPage":{"@id":"https:\/\/apuntesdesanluis.com\/index.php\/2024\/01\/25\/la-movilizacion-convocada-por-la-cgt-fue-un-contundente-mensaje\/#primaryimage"},"image":{"@id":"https:\/\/apuntesdesanluis.com\/index.php\/2024\/01\/25\/la-movilizacion-convocada-por-la-cgt-fue-un-contundente-mensaje\/#primaryimage"},"thumbnailUrl":"https:\/\/apuntesdesanluis.com\/wp-content\/uploads\/2024\/01\/mucha-gente-2-1.png","datePublished":"2024-01-25T23:50:58+00:00","dateModified":"2024-01-26T00:51:16+00:00","breadcrumb":{"@id":"https:\/\/apuntesdesanluis.com\/index.php\/2024\/01\/25\/la-movilizacion-convocada-por-la-cgt-fue-un-contundente-mensaje\/#breadcrumb"},"inLanguage":"es-AR","potentialAction":[{"@type":"ReadAction","target":["https:\/\/apuntesdesanluis.com\/index.php\/2024\/01\/25\/la-movilizacion-convocada-por-la-cgt-fue-un-contundente-mensaje\/"]}]},{"@type":"ImageObject","inLanguage":"es-AR","@id":"https:\/\/apuntesdesanluis.com\/index.php\/2024\/01\/25\/la-movilizacion-convocada-por-la-cgt-fue-un-contundente-mensaje\/#primaryimage","url":"https:\/\/apuntesdesanluis.com\/wp-content\/uploads\/2024\/01\/mucha-gente-2-1.png","contentUrl":"https:\/\/apuntesdesanluis.com\/wp-content\/uploads\/2024\/01\/mucha-gente-2-1.png","width":515,"height":302},{"@type":"BreadcrumbList","@id":"https:\/\/apuntesdesanluis.com\/index.php\/2024\/01\/25\/la-movilizacion-convocada-por-la-cgt-fue-un-contundente-mensaje\/#breadcrumb","itemListElement":[{"@type":"ListItem","position":1,"name":"Inicio","item":"https:\/\/apuntesdesanluis.com\/"},{"@type":"ListItem","position":2,"name":"\u201cLA MOVILIZACI\u00d3N CONVOCADA POR LA CGT FUE HIST\u00d3RICA Y UN CONTUNDENTE MENSAJE AL GOBIERNO NACIONAL\u201d"}]},{"@type":"WebSite","@id":"https:\/\/apuntesdesanluis.com\/#website","url":"https:\/\/apuntesdesanluis.com\/","name":"Apuntes de San Luis","description":"","publisher":{"@id":"https:\/\/apuntesdesanluis.com\/#\/schema\/person\/b55151d52296fcce64d1a72538a70b90"},"potentialAction":[{"@type":"SearchAction","target":{"@type":"EntryPoint","urlTemplate":"https:\/\/apuntesdesanluis.com\/?s={search_term_string}"},"query-input":{"@type":"PropertyValueSpecification","valueRequired":true,"valueName":"search_term_string"}}],"inLanguage":"es-AR"},{"@type":["Person","Organization"],"@id":"https:\/\/apuntesdesanluis.com\/#\/schema\/person\/b55151d52296fcce64d1a72538a70b90","name":"apuntesdesanluis.com","image":{"@type":"ImageObject","inLanguage":"es-AR","@id":"https:\/\/apuntesdesanluis.com\/#\/schema\/person\/image\/","url":"https:\/\/apuntesdesanluis.com\/wp-content\/uploads\/2023\/07\/cropped-apuntesdesanluis.png","contentUrl":"https:\/\/apuntesdesanluis.com\/wp-content\/uploads\/2023\/07\/cropped-apuntesdesanluis.png","width":450,"height":112,"caption":"apuntesdesanluis.com"},"logo":{"@id":"https:\/\/apuntesdesanluis.com\/#\/schema\/person\/image\/"},"sameAs":["https:\/\/apuntesdesanluis.com"],"url":"https:\/\/apuntesdesanluis.com\/index.php\/author\/apuntesdesanluis-com\/"}]}},"featured_image_urls":{"full":["https:\/\/apuntesdesanluis.com\/wp-content\/uploads\/2024\/01\/mucha-gente-2-1.png",515,302,false],"thumbnail":["https:\/\/apuntesdesanluis.com\/wp-content\/uploads\/2024\/01\/mucha-gente-2-1-150x150.png",150,150,true],"medium":["https:\/\/apuntesdesanluis.com\/wp-content\/uploads\/2024\/01\/mucha-gente-2-1-300x176.png",300,176,true],"medium_large":["https:\/\/apuntesdesanluis.com\/wp-content\/uploads\/2024\/01\/mucha-gente-2-1.png",515,302,false],"large":["https:\/\/apuntesdesanluis.com\/wp-content\/uploads\/2024\/01\/mucha-gente-2-1.png",515,302,false],"1536x1536":["https:\/\/apuntesdesanluis.com\/wp-content\/uploads\/2024\/01\/mucha-gente-2-1.png",515,302,false],"2048x2048":["https:\/\/apuntesdesanluis.com\/wp-content\/uploads\/2024\/01\/mucha-gente-2-1.png",515,302,false],"newsever-slider-full":["https:\/\/apuntesdesanluis.com\/wp-content\/uploads\/2024\/01\/mucha-gente-2-1.png",515,302,false],"newsever-featured":["https:\/\/apuntesdesanluis.com\/wp-content\/uploads\/2024\/01\/mucha-gente-2-1.png",515,302,false],"newsever-medium":["https:\/\/apuntesdesanluis.com\/wp-content\/uploads\/2024\/01\/mucha-gente-2-1.png",515,302,false]},"author_info":{"display_name":"apuntesdesanluis.com","author_link":"https:\/\/apuntesdesanluis.com\/index.php\/author\/apuntesdesanluis-com\/"},"category_info":"<a href=\"https:\/\/apuntesdesanluis.com\/index.php\/category\/ciudad-provincia\/\" rel=\"category tag\">Ciudad\/Provincia<\/a>","tag_info":"Ciudad\/Provincia","comment_count":"0","_links":{"self":[{"href":"https:\/\/apuntesdesanluis.com\/index.php\/wp-json\/wp\/v2\/posts\/10710","targetHints":{"allow":["GET"]}}],"collection":[{"href":"https:\/\/apuntesdesanluis.com\/index.php\/wp-json\/wp\/v2\/posts"}],"about":[{"href":"https:\/\/apuntesdesanluis.com\/index.php\/wp-json\/wp\/v2\/types\/post"}],"author":[{"embeddable":true,"href":"https:\/\/apuntesdesanluis.com\/index.php\/wp-json\/wp\/v2\/users\/1"}],"replies":[{"embeddable":true,"href":"https:\/\/apuntesdesanluis.com\/index.php\/wp-json\/wp\/v2\/comments?post=10710"}],"version-history":[{"count":7,"href":"https:\/\/apuntesdesanluis.com\/index.php\/wp-json\/wp\/v2\/posts\/10710\/revisions"}],"predecessor-version":[{"id":10723,"href":"https:\/\/apuntesdesanluis.com\/index.php\/wp-json\/wp\/v2\/posts\/10710\/revisions\/10723"}],"wp:featuredmedia":[{"embeddable":true,"href":"https:\/\/apuntesdesanluis.com\/index.php\/wp-json\/wp\/v2\/media\/10720"}],"wp:attachment":[{"href":"https:\/\/apuntesdesanluis.com\/index.php\/wp-json\/wp\/v2\/media?parent=10710"}],"wp:term":[{"taxonomy":"category","embeddable":true,"href":"https:\/\/apuntesdesanluis.com\/index.php\/wp-json\/wp\/v2\/categories?post=10710"},{"taxonomy":"post_tag","embeddable":true,"href":"https:\/\/apuntesdesanluis.com\/index.php\/wp-json\/wp\/v2\/tags?post=10710"}],"curies":[{"name":"wp","href":"https:\/\/api.w.org\/{rel}","templated":true}]}}