{"id":10745,"date":"2024-01-25T23:20:06","date_gmt":"2024-01-26T02:20:06","guid":{"rendered":"https:\/\/apuntesdesanluis.com\/?p=10745"},"modified":"2024-01-25T23:20:06","modified_gmt":"2024-01-26T02:20:06","slug":"a-45-dias-de-nombrarlo-milei-echo-al-ministro-de-infraestructura-guillermo-ferraro","status":"publish","type":"post","link":"https:\/\/apuntesdesanluis.com\/index.php\/2024\/01\/25\/a-45-dias-de-nombrarlo-milei-echo-al-ministro-de-infraestructura-guillermo-ferraro\/","title":{"rendered":"A 45 D\u00cdAS DE NOMBRARLO, MILEI ECH\u00d3 AL MINISTRO DE INFRAESTRUCTURA, GUILLERMO FERRARO"},"content":{"rendered":"<h3>El presidente <strong>Javier Milei<\/strong> ech\u00f3 a su ministro de Infraestructura, <strong>Guillermo Ferraro<\/strong>, siendo el primero de los integrantes del Gabinete que deja el cargo a un mes y medio de llegar a la Casa Rosada.<\/h3>\n<h3>Seg\u00fan pudo saberse, el jefe de Gabinete, <strong>Nicol\u00e1s Posse<\/strong>, le pidi\u00f3 la renuncia a Ferraro tras responsabilizarlo por filtrar informaci\u00f3n sensible de la reuni\u00f3n de ministros de este jueves por la ma\u00f1ana.<\/h3>\n<h3>La noticia de la salida de Ferraro se confirm\u00f3 a \u00faltima hora, luego de varias horas de rumores sobre posibles cambios en el Gabinete de La Libertad Avanza (LLA).<\/h3>\n<h3>En el entorno de Milei culparon al ahora ex titular de Infraestructura por supuestamente haber sido quien filtr\u00f3 a la prensa la advertencia del jefe de Estado contra los gobernadores por los recursos que podr\u00eda quitarles si no se aprueba la ley \u00f3mnibus en el Congreso.<\/h3>\n<h3>En un momento tan sensible para la negociaci\u00f3n, esa informaci\u00f3n no cay\u00f3 nada bien en las provincias y en los legisladores.<\/h3>\n<h3>Horas despu\u00e9s de un d\u00eda en el que se tens\u00f3 a\u00fan m\u00e1s el di\u00e1logo con los mandatarios provinciales y que los votos para la Ley de Bases no est\u00e1n asegurados, Ferraro sali\u00f3 eyectado de la gesti\u00f3n que arranc\u00f3 el 10 de diciembre pasado.<\/h3>\n<h3>Ferraro estuvo durante 45 a cargo del Ministerio de Infraestructura, que incluye las \u00e1reas clave de Transporte, Obras P\u00fablicas y Comunicaciones.<\/h3>\n<h3>Con esta decisi\u00f3n, tambi\u00e9n cambia el organigrama del Gobierno, ya que Infraestructura se reducir\u00e1 al rango de secretar\u00eda y que sus funciones queden a cargo del ministro de Econom\u00eda, <strong>Luis Caputo<\/strong>, quien se quedar\u00e1 con m\u00e1s poder y protagonismo en el gobierno.<\/h3>\n<h3>Ferraro hab\u00eda sido de los primeros ministros confirmados por Javier Milei, incluso antes de asumir como presidente.<\/h3>\n<h3>Ten\u00eda experiencia en el sector p\u00fablico-privado, habi\u00e9ndose puesto al frente de iniciativas PPP en 2017 y 2019 como director de KPMG Argentina, firma global que provee servicios de Auditor\u00eda, Impuestos y Asesor\u00eda.<\/h3>\n<h3><strong>LA REUNI\u00d3N DE LA DISCORDIA<\/strong><\/h3>\n<h3>Este jueves por la ma\u00f1ana, el Presidente reuni\u00f3 a su Gabinete en el Sal\u00f3n Eva Per\u00f3n de Casa Rosada y avanz\u00f3 en delimitar las estrategias para conquistar media sanci\u00f3n en la C\u00e1mara de Diputados.<\/h3>\n<h3>Seg\u00fan supo la agencia Noticias Argentinas, el Presidente defini\u00f3 ir a fondo contra los gobernadores y les traslad\u00f3 a sus colaboradores que deben dejar en claro que &#8220;si la ley no se aprueba, las m\u00e1s perjudicadas van a ser las provincias&#8221;.<\/h3>\n<h3>Incluso, instruy\u00f3 al ministro de Justicia, Mariano Cuneo Libarona, a presentar la propuesta ante el procurador general, Eduardo Casal, para avanzar en la creaci\u00f3n de una fiscal\u00eda especial que investigue a funcionarios p\u00fablicos involucrados en episodios de corrupci\u00f3n.<\/h3>\n<h3>&#8220;Ir con buenas intenciones en algunos sectores no dar resultado, te ten\u00e9s que poner en hijo de puta&#8221;, subray\u00f3 una fuente de Casa Rosada, y remarc\u00f3: &#8220;Es un claro mensaje a los gobernadores para que presionen a sus diputados para que voten&#8221;.<\/h3>\n<h3>Durante el intercambio que se extendi\u00f3 poco m\u00e1s de una hora, se lo escuch\u00f3 al ministro de Econom\u00eda advertir que &#8220;si esta ley no llega a buen puerto se va a seguir ajustando el gasto p\u00fablico de todas las maneras alternativas que haya, incluyendo las partidas que se asignan a las provincia&#8221;.<\/h3>\n<h3>La intenci\u00f3n del Gobierno es &#8220;socializar con los gobernadores el costo de la ley&#8221; si los cambios econ\u00f3micos que la administraci\u00f3n apunta a aplicar no pasan el filtro del Parlamento.<\/h3>\n<h3>Del encuentro participaron la vicepresidenta Victoria Villarruel, Posse y los ministros Ferraro, Caputo, Guillermo Francos (Interior), Mariano C\u00faneo Libarona (Justicia), Mario Russo (Salud), Patricia Bullrich (Seguridad), Sandra Pettovello (Capital Humano), y Luis Petri (Defensa), adem\u00e1s de los secretarios Karina Milei (General de la Presidencia), Eduardo Serenellini (Comunicaci\u00f3n y Prensa) y Jos\u00e9 Rolandi (Ejecutivo de Gobierno de la Jefatura de Gabinete); el el vocero presidencial, Manuel Adorni y el asesor presidencial, Santiago Caputo.<\/h3>\n<h3>Horas despu\u00e9s de esa reuni\u00f3n, el Presidente culp\u00f3 a Ferraro por la difusi\u00f3n de los di\u00e1logos y decidi\u00f3 echarlo.<\/h3>\n","protected":false},"excerpt":{"rendered":"<p>El presidente Javier Milei ech\u00f3 a su ministro de Infraestructura, Guillermo Ferraro, siendo el primero&#8230;<\/p>\n","protected":false},"author":1,"featured_media":10746,"comment_status":"closed","ping_status":"closed","sticky":false,"template":"","format":"standard","meta":{"footnotes":""},"categories":[5],"tags":[],"class_list":["post-10745","post","type-post","status-publish","format-standard","has-post-thumbnail","hentry","category-nacionales-internacionales"],"yoast_head":"<!-- This site is optimized with the Yoast SEO plugin v26.1.1 - https:\/\/yoast.com\/wordpress\/plugins\/seo\/ -->\n<title>A 45 D\u00cdAS DE NOMBRARLO, MILEI ECH\u00d3 AL MINISTRO DE INFRAESTRUCTURA, GUILLERMO FERRARO - Apuntes de San Luis<\/title>\n<meta name=\"robots\" content=\"index, follow, max-snippet:-1, max-image-preview:large, max-video-preview:-1\" \/>\n<link rel=\"canonical\" href=\"https:\/\/apuntesdesanluis.com\/index.php\/2024\/01\/25\/a-45-dias-de-nombrarlo-milei-echo-al-ministro-de-infraestructura-guillermo-ferraro\/\" \/>\n<meta property=\"og:locale\" content=\"es_ES\" \/>\n<meta property=\"og:type\" content=\"article\" \/>\n<meta property=\"og:title\" content=\"A 45 D\u00cdAS DE NOMBRARLO, MILEI ECH\u00d3 AL MINISTRO DE INFRAESTRUCTURA, GUILLERMO FERRARO - Apuntes de San Luis\" \/>\n<meta property=\"og:description\" content=\"El presidente Javier Milei ech\u00f3 a su ministro de Infraestructura, Guillermo Ferraro, siendo el primero...\" \/>\n<meta property=\"og:url\" content=\"https:\/\/apuntesdesanluis.com\/index.php\/2024\/01\/25\/a-45-dias-de-nombrarlo-milei-echo-al-ministro-de-infraestructura-guillermo-ferraro\/\" \/>\n<meta property=\"og:site_name\" content=\"Apuntes de San Luis\" \/>\n<meta property=\"article:published_time\" content=\"2024-01-26T02:20:06+00:00\" \/>\n<meta property=\"og:image\" content=\"https:\/\/apuntesdesanluis.com\/wp-content\/uploads\/2024\/01\/FERRARO.png\" \/>\n\t<meta property=\"og:image:width\" content=\"600\" \/>\n\t<meta property=\"og:image:height\" content=\"415\" \/>\n\t<meta property=\"og:image:type\" content=\"image\/png\" \/>\n<meta name=\"author\" content=\"apuntesdesanluis.com\" \/>\n<meta name=\"twitter:card\" content=\"summary_large_image\" \/>\n<meta name=\"twitter:label1\" content=\"Escrito por\" \/>\n\t<meta name=\"twitter:data1\" content=\"apuntesdesanluis.com\" \/>\n\t<meta name=\"twitter:label2\" content=\"Tiempo de lectura\" \/>\n\t<meta name=\"twitter:data2\" content=\"3 minutos\" \/>\n<script type=\"application\/ld+json\" class=\"yoast-schema-graph\">{\"@context\":\"https:\/\/schema.org\",\"@graph\":[{\"@type\":\"Article\",\"@id\":\"https:\/\/apuntesdesanluis.com\/index.php\/2024\/01\/25\/a-45-dias-de-nombrarlo-milei-echo-al-ministro-de-infraestructura-guillermo-ferraro\/#article\",\"isPartOf\":{\"@id\":\"https:\/\/apuntesdesanluis.com\/index.php\/2024\/01\/25\/a-45-dias-de-nombrarlo-milei-echo-al-ministro-de-infraestructura-guillermo-ferraro\/\"},\"author\":{\"name\":\"apuntesdesanluis.com\",\"@id\":\"https:\/\/apuntesdesanluis.com\/#\/schema\/person\/b55151d52296fcce64d1a72538a70b90\"},\"headline\":\"A 45 D\u00cdAS DE NOMBRARLO, MILEI ECH\u00d3 AL MINISTRO DE INFRAESTRUCTURA, GUILLERMO FERRARO\",\"datePublished\":\"2024-01-26T02:20:06+00:00\",\"mainEntityOfPage\":{\"@id\":\"https:\/\/apuntesdesanluis.com\/index.php\/2024\/01\/25\/a-45-dias-de-nombrarlo-milei-echo-al-ministro-de-infraestructura-guillermo-ferraro\/\"},\"wordCount\":713,\"publisher\":{\"@id\":\"https:\/\/apuntesdesanluis.com\/#\/schema\/person\/b55151d52296fcce64d1a72538a70b90\"},\"image\":{\"@id\":\"https:\/\/apuntesdesanluis.com\/index.php\/2024\/01\/25\/a-45-dias-de-nombrarlo-milei-echo-al-ministro-de-infraestructura-guillermo-ferraro\/#primaryimage\"},\"thumbnailUrl\":\"https:\/\/apuntesdesanluis.com\/wp-content\/uploads\/2024\/01\/FERRARO.png\",\"articleSection\":[\"Nacionales\/Internacionales\"],\"inLanguage\":\"es-AR\"},{\"@type\":\"WebPage\",\"@id\":\"https:\/\/apuntesdesanluis.com\/index.php\/2024\/01\/25\/a-45-dias-de-nombrarlo-milei-echo-al-ministro-de-infraestructura-guillermo-ferraro\/\",\"url\":\"https:\/\/apuntesdesanluis.com\/index.php\/2024\/01\/25\/a-45-dias-de-nombrarlo-milei-echo-al-ministro-de-infraestructura-guillermo-ferraro\/\",\"name\":\"A 45 D\u00cdAS DE NOMBRARLO, MILEI ECH\u00d3 AL MINISTRO DE INFRAESTRUCTURA, GUILLERMO FERRARO - Apuntes de San Luis\",\"isPartOf\":{\"@id\":\"https:\/\/apuntesdesanluis.com\/#website\"},\"primaryImageOfPage\":{\"@id\":\"https:\/\/apuntesdesanluis.com\/index.php\/2024\/01\/25\/a-45-dias-de-nombrarlo-milei-echo-al-ministro-de-infraestructura-guillermo-ferraro\/#primaryimage\"},\"image\":{\"@id\":\"https:\/\/apuntesdesanluis.com\/index.php\/2024\/01\/25\/a-45-dias-de-nombrarlo-milei-echo-al-ministro-de-infraestructura-guillermo-ferraro\/#primaryimage\"},\"thumbnailUrl\":\"https:\/\/apuntesdesanluis.com\/wp-content\/uploads\/2024\/01\/FERRARO.png\",\"datePublished\":\"2024-01-26T02:20:06+00:00\",\"breadcrumb\":{\"@id\":\"https:\/\/apuntesdesanluis.com\/index.php\/2024\/01\/25\/a-45-dias-de-nombrarlo-milei-echo-al-ministro-de-infraestructura-guillermo-ferraro\/#breadcrumb\"},\"inLanguage\":\"es-AR\",\"potentialAction\":[{\"@type\":\"ReadAction\",\"target\":[\"https:\/\/apuntesdesanluis.com\/index.php\/2024\/01\/25\/a-45-dias-de-nombrarlo-milei-echo-al-ministro-de-infraestructura-guillermo-ferraro\/\"]}]},{\"@type\":\"ImageObject\",\"inLanguage\":\"es-AR\",\"@id\":\"https:\/\/apuntesdesanluis.com\/index.php\/2024\/01\/25\/a-45-dias-de-nombrarlo-milei-echo-al-ministro-de-infraestructura-guillermo-ferraro\/#primaryimage\",\"url\":\"https:\/\/apuntesdesanluis.com\/wp-content\/uploads\/2024\/01\/FERRARO.png\",\"contentUrl\":\"https:\/\/apuntesdesanluis.com\/wp-content\/uploads\/2024\/01\/FERRARO.png\",\"width\":600,\"height\":415},{\"@type\":\"BreadcrumbList\",\"@id\":\"https:\/\/apuntesdesanluis.com\/index.php\/2024\/01\/25\/a-45-dias-de-nombrarlo-milei-echo-al-ministro-de-infraestructura-guillermo-ferraro\/#breadcrumb\",\"itemListElement\":[{\"@type\":\"ListItem\",\"position\":1,\"name\":\"Inicio\",\"item\":\"https:\/\/apuntesdesanluis.com\/\"},{\"@type\":\"ListItem\",\"position\":2,\"name\":\"A 45 D\u00cdAS DE NOMBRARLO, MILEI ECH\u00d3 AL MINISTRO DE INFRAESTRUCTURA, GUILLERMO FERRARO\"}]},{\"@type\":\"WebSite\",\"@id\":\"https:\/\/apuntesdesanluis.com\/#website\",\"url\":\"https:\/\/apuntesdesanluis.com\/\",\"name\":\"Apuntes de San Luis\",\"description\":\"\",\"publisher\":{\"@id\":\"https:\/\/apuntesdesanluis.com\/#\/schema\/person\/b55151d52296fcce64d1a72538a70b90\"},\"potentialAction\":[{\"@type\":\"SearchAction\",\"target\":{\"@type\":\"EntryPoint\",\"urlTemplate\":\"https:\/\/apuntesdesanluis.com\/?s={search_term_string}\"},\"query-input\":{\"@type\":\"PropertyValueSpecification\",\"valueRequired\":true,\"valueName\":\"search_term_string\"}}],\"inLanguage\":\"es-AR\"},{\"@type\":[\"Person\",\"Organization\"],\"@id\":\"https:\/\/apuntesdesanluis.com\/#\/schema\/person\/b55151d52296fcce64d1a72538a70b90\",\"name\":\"apuntesdesanluis.com\",\"image\":{\"@type\":\"ImageObject\",\"inLanguage\":\"es-AR\",\"@id\":\"https:\/\/apuntesdesanluis.com\/#\/schema\/person\/image\/\",\"url\":\"https:\/\/apuntesdesanluis.com\/wp-content\/uploads\/2023\/07\/cropped-apuntesdesanluis.png\",\"contentUrl\":\"https:\/\/apuntesdesanluis.com\/wp-content\/uploads\/2023\/07\/cropped-apuntesdesanluis.png\",\"width\":450,\"height\":112,\"caption\":\"apuntesdesanluis.com\"},\"logo\":{\"@id\":\"https:\/\/apuntesdesanluis.com\/#\/schema\/person\/image\/\"},\"sameAs\":[\"https:\/\/apuntesdesanluis.com\"],\"url\":\"https:\/\/apuntesdesanluis.com\/index.php\/author\/apuntesdesanluis-com\/\"}]}<\/script>\n<!-- \/ Yoast SEO plugin. -->","yoast_head_json":{"title":"A 45 D\u00cdAS DE NOMBRARLO, MILEI ECH\u00d3 AL MINISTRO DE INFRAESTRUCTURA, GUILLERMO FERRARO - Apuntes de San Luis","robots":{"index":"index","follow":"follow","max-snippet":"max-snippet:-1","max-image-preview":"max-image-preview:large","max-video-preview":"max-video-preview:-1"},"canonical":"https:\/\/apuntesdesanluis.com\/index.php\/2024\/01\/25\/a-45-dias-de-nombrarlo-milei-echo-al-ministro-de-infraestructura-guillermo-ferraro\/","og_locale":"es_ES","og_type":"article","og_title":"A 45 D\u00cdAS DE NOMBRARLO, MILEI ECH\u00d3 AL MINISTRO DE INFRAESTRUCTURA, GUILLERMO FERRARO - Apuntes de San Luis","og_description":"El presidente Javier Milei ech\u00f3 a su ministro de Infraestructura, Guillermo Ferraro, siendo el primero...","og_url":"https:\/\/apuntesdesanluis.com\/index.php\/2024\/01\/25\/a-45-dias-de-nombrarlo-milei-echo-al-ministro-de-infraestructura-guillermo-ferraro\/","og_site_name":"Apuntes de San Luis","article_published_time":"2024-01-26T02:20:06+00:00","og_image":[{"width":600,"height":415,"url":"https:\/\/apuntesdesanluis.com\/wp-content\/uploads\/2024\/01\/FERRARO.png","type":"image\/png"}],"author":"apuntesdesanluis.com","twitter_card":"summary_large_image","twitter_misc":{"Escrito por":"apuntesdesanluis.com","Tiempo de lectura":"3 minutos"},"schema":{"@context":"https:\/\/schema.org","@graph":[{"@type":"Article","@id":"https:\/\/apuntesdesanluis.com\/index.php\/2024\/01\/25\/a-45-dias-de-nombrarlo-milei-echo-al-ministro-de-infraestructura-guillermo-ferraro\/#article","isPartOf":{"@id":"https:\/\/apuntesdesanluis.com\/index.php\/2024\/01\/25\/a-45-dias-de-nombrarlo-milei-echo-al-ministro-de-infraestructura-guillermo-ferraro\/"},"author":{"name":"apuntesdesanluis.com","@id":"https:\/\/apuntesdesanluis.com\/#\/schema\/person\/b55151d52296fcce64d1a72538a70b90"},"headline":"A 45 D\u00cdAS DE NOMBRARLO, MILEI ECH\u00d3 AL MINISTRO DE INFRAESTRUCTURA, GUILLERMO FERRARO","datePublished":"2024-01-26T02:20:06+00:00","mainEntityOfPage":{"@id":"https:\/\/apuntesdesanluis.com\/index.php\/2024\/01\/25\/a-45-dias-de-nombrarlo-milei-echo-al-ministro-de-infraestructura-guillermo-ferraro\/"},"wordCount":713,"publisher":{"@id":"https:\/\/apuntesdesanluis.com\/#\/schema\/person\/b55151d52296fcce64d1a72538a70b90"},"image":{"@id":"https:\/\/apuntesdesanluis.com\/index.php\/2024\/01\/25\/a-45-dias-de-nombrarlo-milei-echo-al-ministro-de-infraestructura-guillermo-ferraro\/#primaryimage"},"thumbnailUrl":"https:\/\/apuntesdesanluis.com\/wp-content\/uploads\/2024\/01\/FERRARO.png","articleSection":["Nacionales\/Internacionales"],"inLanguage":"es-AR"},{"@type":"WebPage","@id":"https:\/\/apuntesdesanluis.com\/index.php\/2024\/01\/25\/a-45-dias-de-nombrarlo-milei-echo-al-ministro-de-infraestructura-guillermo-ferraro\/","url":"https:\/\/apuntesdesanluis.com\/index.php\/2024\/01\/25\/a-45-dias-de-nombrarlo-milei-echo-al-ministro-de-infraestructura-guillermo-ferraro\/","name":"A 45 D\u00cdAS DE NOMBRARLO, MILEI ECH\u00d3 AL MINISTRO DE INFRAESTRUCTURA, GUILLERMO FERRARO - Apuntes de San Luis","isPartOf":{"@id":"https:\/\/apuntesdesanluis.com\/#website"},"primaryImageOfPage":{"@id":"https:\/\/apuntesdesanluis.com\/index.php\/2024\/01\/25\/a-45-dias-de-nombrarlo-milei-echo-al-ministro-de-infraestructura-guillermo-ferraro\/#primaryimage"},"image":{"@id":"https:\/\/apuntesdesanluis.com\/index.php\/2024\/01\/25\/a-45-dias-de-nombrarlo-milei-echo-al-ministro-de-infraestructura-guillermo-ferraro\/#primaryimage"},"thumbnailUrl":"https:\/\/apuntesdesanluis.com\/wp-content\/uploads\/2024\/01\/FERRARO.png","datePublished":"2024-01-26T02:20:06+00:00","breadcrumb":{"@id":"https:\/\/apuntesdesanluis.com\/index.php\/2024\/01\/25\/a-45-dias-de-nombrarlo-milei-echo-al-ministro-de-infraestructura-guillermo-ferraro\/#breadcrumb"},"inLanguage":"es-AR","potentialAction":[{"@type":"ReadAction","target":["https:\/\/apuntesdesanluis.com\/index.php\/2024\/01\/25\/a-45-dias-de-nombrarlo-milei-echo-al-ministro-de-infraestructura-guillermo-ferraro\/"]}]},{"@type":"ImageObject","inLanguage":"es-AR","@id":"https:\/\/apuntesdesanluis.com\/index.php\/2024\/01\/25\/a-45-dias-de-nombrarlo-milei-echo-al-ministro-de-infraestructura-guillermo-ferraro\/#primaryimage","url":"https:\/\/apuntesdesanluis.com\/wp-content\/uploads\/2024\/01\/FERRARO.png","contentUrl":"https:\/\/apuntesdesanluis.com\/wp-content\/uploads\/2024\/01\/FERRARO.png","width":600,"height":415},{"@type":"BreadcrumbList","@id":"https:\/\/apuntesdesanluis.com\/index.php\/2024\/01\/25\/a-45-dias-de-nombrarlo-milei-echo-al-ministro-de-infraestructura-guillermo-ferraro\/#breadcrumb","itemListElement":[{"@type":"ListItem","position":1,"name":"Inicio","item":"https:\/\/apuntesdesanluis.com\/"},{"@type":"ListItem","position":2,"name":"A 45 D\u00cdAS DE NOMBRARLO, MILEI ECH\u00d3 AL MINISTRO DE INFRAESTRUCTURA, GUILLERMO FERRARO"}]},{"@type":"WebSite","@id":"https:\/\/apuntesdesanluis.com\/#website","url":"https:\/\/apuntesdesanluis.com\/","name":"Apuntes de San Luis","description":"","publisher":{"@id":"https:\/\/apuntesdesanluis.com\/#\/schema\/person\/b55151d52296fcce64d1a72538a70b90"},"potentialAction":[{"@type":"SearchAction","target":{"@type":"EntryPoint","urlTemplate":"https:\/\/apuntesdesanluis.com\/?s={search_term_string}"},"query-input":{"@type":"PropertyValueSpecification","valueRequired":true,"valueName":"search_term_string"}}],"inLanguage":"es-AR"},{"@type":["Person","Organization"],"@id":"https:\/\/apuntesdesanluis.com\/#\/schema\/person\/b55151d52296fcce64d1a72538a70b90","name":"apuntesdesanluis.com","image":{"@type":"ImageObject","inLanguage":"es-AR","@id":"https:\/\/apuntesdesanluis.com\/#\/schema\/person\/image\/","url":"https:\/\/apuntesdesanluis.com\/wp-content\/uploads\/2023\/07\/cropped-apuntesdesanluis.png","contentUrl":"https:\/\/apuntesdesanluis.com\/wp-content\/uploads\/2023\/07\/cropped-apuntesdesanluis.png","width":450,"height":112,"caption":"apuntesdesanluis.com"},"logo":{"@id":"https:\/\/apuntesdesanluis.com\/#\/schema\/person\/image\/"},"sameAs":["https:\/\/apuntesdesanluis.com"],"url":"https:\/\/apuntesdesanluis.com\/index.php\/author\/apuntesdesanluis-com\/"}]}},"featured_image_urls":{"full":["https:\/\/apuntesdesanluis.com\/wp-content\/uploads\/2024\/01\/FERRARO.png",600,415,false],"thumbnail":["https:\/\/apuntesdesanluis.com\/wp-content\/uploads\/2024\/01\/FERRARO-150x150.png",150,150,true],"medium":["https:\/\/apuntesdesanluis.com\/wp-content\/uploads\/2024\/01\/FERRARO-300x208.png",300,208,true],"medium_large":["https:\/\/apuntesdesanluis.com\/wp-content\/uploads\/2024\/01\/FERRARO.png",600,415,false],"large":["https:\/\/apuntesdesanluis.com\/wp-content\/uploads\/2024\/01\/FERRARO.png",600,415,false],"1536x1536":["https:\/\/apuntesdesanluis.com\/wp-content\/uploads\/2024\/01\/FERRARO.png",600,415,false],"2048x2048":["https:\/\/apuntesdesanluis.com\/wp-content\/uploads\/2024\/01\/FERRARO.png",600,415,false],"newsever-slider-full":["https:\/\/apuntesdesanluis.com\/wp-content\/uploads\/2024\/01\/FERRARO.png",600,415,false],"newsever-featured":["https:\/\/apuntesdesanluis.com\/wp-content\/uploads\/2024\/01\/FERRARO.png",600,415,false],"newsever-medium":["https:\/\/apuntesdesanluis.com\/wp-content\/uploads\/2024\/01\/FERRARO.png",600,415,false]},"author_info":{"display_name":"apuntesdesanluis.com","author_link":"https:\/\/apuntesdesanluis.com\/index.php\/author\/apuntesdesanluis-com\/"},"category_info":"<a href=\"https:\/\/apuntesdesanluis.com\/index.php\/category\/nacionales-internacionales\/\" rel=\"category tag\">Nacionales\/Internacionales<\/a>","tag_info":"Nacionales\/Internacionales","comment_count":"0","_links":{"self":[{"href":"https:\/\/apuntesdesanluis.com\/index.php\/wp-json\/wp\/v2\/posts\/10745","targetHints":{"allow":["GET"]}}],"collection":[{"href":"https:\/\/apuntesdesanluis.com\/index.php\/wp-json\/wp\/v2\/posts"}],"about":[{"href":"https:\/\/apuntesdesanluis.com\/index.php\/wp-json\/wp\/v2\/types\/post"}],"author":[{"embeddable":true,"href":"https:\/\/apuntesdesanluis.com\/index.php\/wp-json\/wp\/v2\/users\/1"}],"replies":[{"embeddable":true,"href":"https:\/\/apuntesdesanluis.com\/index.php\/wp-json\/wp\/v2\/comments?post=10745"}],"version-history":[{"count":1,"href":"https:\/\/apuntesdesanluis.com\/index.php\/wp-json\/wp\/v2\/posts\/10745\/revisions"}],"predecessor-version":[{"id":10747,"href":"https:\/\/apuntesdesanluis.com\/index.php\/wp-json\/wp\/v2\/posts\/10745\/revisions\/10747"}],"wp:featuredmedia":[{"embeddable":true,"href":"https:\/\/apuntesdesanluis.com\/index.php\/wp-json\/wp\/v2\/media\/10746"}],"wp:attachment":[{"href":"https:\/\/apuntesdesanluis.com\/index.php\/wp-json\/wp\/v2\/media?parent=10745"}],"wp:term":[{"taxonomy":"category","embeddable":true,"href":"https:\/\/apuntesdesanluis.com\/index.php\/wp-json\/wp\/v2\/categories?post=10745"},{"taxonomy":"post_tag","embeddable":true,"href":"https:\/\/apuntesdesanluis.com\/index.php\/wp-json\/wp\/v2\/tags?post=10745"}],"curies":[{"name":"wp","href":"https:\/\/api.w.org\/{rel}","templated":true}]}}