{"id":10748,"date":"2024-01-25T23:29:41","date_gmt":"2024-01-26T02:29:41","guid":{"rendered":"https:\/\/apuntesdesanluis.com\/?p=10748"},"modified":"2024-01-25T23:39:11","modified_gmt":"2024-01-26T02:39:11","slug":"el-dia-despues-del-paro-el-gobierno-desplazo-a-las-autoridades-de-la-superintendencia-de-servicios-de-salud","status":"publish","type":"post","link":"https:\/\/apuntesdesanluis.com\/index.php\/2024\/01\/25\/el-dia-despues-del-paro-el-gobierno-desplazo-a-las-autoridades-de-la-superintendencia-de-servicios-de-salud\/","title":{"rendered":"EL D\u00cdA DESPU\u00c9S DEL PARO, EL GOBIERNO DESPLAZ\u00d3 A LAS AUTORIDADES DE LA SUPERINTENDENCIA DE SERVICIOS DE SALUD"},"content":{"rendered":"<h3><strong>Gabriel Oriolo<\/strong> reemplazar\u00e1 a Enrique<strong> Chiantore<\/strong>, mientras que <strong>Claudio Stivelman<\/strong> ser\u00e1 el nuevo gerente general del organismo. Las razones de los cambios en un \u00e1rea que maneja una caja millonaria para los sindicatos. Uno de los removidos expres\u00f3 su indignaci\u00f3n: &#8220;Me enter\u00e9 por el Bolet\u00edn Oficial&#8221;, dijo.<\/h3>\n<h3>Tan s\u00f3lo un d\u00eda despu\u00e9s de la primera huelga que afront\u00f3 la administraci\u00f3n de<strong> Javier Milei<\/strong>, el Gobierno decidi\u00f3 cambiar a la c\u00fapula de la Superintendencia de Servicios de Salud \u201cpor diferencias de criterios\u201d, seg\u00fan confiaron fuentes de Presidencia.<\/h3>\n<h3>De esta manera, Gabriel Oriolo y Claudio Stivelman fueron nombrados como flamantes superintendente y gerente general del organismo, seg\u00fan consta en el decreto 83\/2024 del Bolet\u00edn Oficial que se public\u00f3 este jueves.<\/h3>\n<h3>En este caso, el Gobierno dispuso los ceses del anterior superintendente, Enrique Rodr\u00edguez Chiantore, y el ex gerente Nicol\u00e1s Striglio, a quienes hab\u00eda nombrado hace poco m\u00e1s de un mes atr\u00e1s a trav\u00e9s de los decretos 44\/2023 del 14 de diciembre y 93\/23 del 19 de diciembre pasados.<\/h3>\n<h3>Chiantore, un abogado especializado en derecho administrativo que estuvo vinculado con las gestiones de Juntos por el Cambio en la Ciudad de Buenos Aires, siendo director general de Legal y T\u00e9cnica entre 2008 y 2012, y en Naci\u00f3n, despe\u00f1\u00e1ndose como jefe de Gabinete del Ministerio de Salud entre 2015 y 2018. Hab\u00eda sido presentado como \u201creferente sanitario de Juntos por el Cambio\u201d en la campa\u00f1a presidencial de Patricia Bullrich del a\u00f1o pasado.<\/h3>\n<p><img fetchpriority=\"high\" decoding=\"async\" class=\"wp-image-10749 aligncenter\" src=\"https:\/\/apuntesdesanluis.com\/wp-content\/uploads\/2024\/01\/CHIANTORE-300x192.png\" alt=\"\" width=\"608\" height=\"389\" srcset=\"https:\/\/apuntesdesanluis.com\/wp-content\/uploads\/2024\/01\/CHIANTORE-300x192.png 300w, https:\/\/apuntesdesanluis.com\/wp-content\/uploads\/2024\/01\/CHIANTORE.png 734w\" sizes=\"(max-width: 608px) 100vw, 608px\" \/><\/p>\n<h4 style=\"text-align: center;\"><em>Patricia Bullrich y Enrique Rodr\u00edguez Chiantore.<\/em><\/h4>\n<h3>En los considerandos no se especifica el motivo del desplazamiento de las autoridades, y se se\u00f1ala \u00fanicamente que \u201cresulta necesario disponer el cese\u201d de ambos. No obstante, las fuentes consultadas hoy por este medio indicaron que el cambio \u201cresponde a que no se estaba avanzando en los objetivos que se hab\u00edan planteado desde el ejecutivo para el organismo y a diferencias de criterios\u201d.<\/h3>\n<h3><strong>INDIGNACI\u00d3N<\/strong><\/h3>\n<h3>Luego de ser desplazado el cargo, el ex Superintendente de Servicios de Salud, <strong>Enrique Rodr\u00edguez Chiantore<\/strong>, mostr\u00f3 su indignaci\u00f3n y asegur\u00f3 que se enter\u00f3 de que ya no formaba parte del organismo a trav\u00e9s de mensajes de Whatsapp y una publicaci\u00f3n del Bolet\u00edn Oficial.<\/h3>\n<h3>\u201cHoy a la ma\u00f1ana ten\u00eda varios mensajes que dec\u00edan: \u2018Lo siento mucho\u2019. Despu\u00e9s, abr\u00ed el Bolet\u00edn Oficial y me encontr\u00e9 con la noticia de que me hab\u00edan cesado en el cargo a m\u00ed y al gerente general de la Superintendencia, y nombraron dos personas en nuestro reemplazo\u201d, relat\u00f3 Chiantore en di\u00e1logo con Radio Rivadavia AM630.<\/h3>\n<h3>A su vez, el ex funcionario de la Superintendencia sostuvo que no tuvo \u201cninguna divergencia de criterio con ninguna autoridad de Salud en los \u00faltimos d\u00edas\u201d y desminti\u00f3 que su desplazamiento tenga que ver con una represalia de la Casa Rosada por el paro general de la CGT.<\/h3>\n<h3>\u201cEstoy en el PRO desde hace muchos a\u00f1os. He coordinado el equipo de salud de Patricia Bullrich. Suponer que echarme a m\u00ed es atacar a la CGT es absurdo\u201d, enfatiz\u00f3.<\/h3>\n<h3>El ex funcionario calific\u00f3 como \u201cpoco profesionales&#8221; las formas que utiliz\u00f3 el Gobierno para su remoci\u00f3n y atribuy\u00f3 la medida a la intenci\u00f3n del jefe de Gabinete de poner gente de su cercan\u00eda en el cargo.<\/h3>\n<h3>\u201cEntiendo que quieran poner a personas de m\u00e1s confianza. Es sabido que yo provengo de los equipos de Juntos por el Cambio, con lo cual, es probable que hayan buscado gente del ri\u00f1\u00f3n del jefe de Gabinete para reemplazarme\u201d, se\u00f1al\u00f3.<\/h3>\n<h3><strong>EXPLICACI\u00d3N DE ADORNI<\/strong><\/h3>\n<h3>En la conferencia de prensa que realiza diariamente desde la Casa Rosada, el vocero presidencial Manuel Adorni se refiri\u00f3 a las modificaciones en la c\u00fapula de la SSSalud y explic\u00f3 que el Presidente busca \u201ca los mejores en cada una de las posiciones\u201d.<\/h3>\n<h3>\u201cEl Presidente busca que trabajen los mejores en cada \u00e1rea; cuando considera que una persona tiene que ser removida por alguna persona m\u00e1s capacitada eso va a ocurrir, Ocurri\u00f3 en este caso y va a seguir ocurriendo en un mont\u00f3n de casos m\u00e1s. No hay que sorprenderse por eso. Buscamos a los mejores en cada una de las posiciones\u201d, detall\u00f3 ante la consulta de los periodistas acreditados.<\/h3>\n<h3>Y en relaci\u00f3n a la posibilidad de que el Gobierno haya anunciado los reemplazos de Chiantore y Striglio como contragolpe tras la movilizaci\u00f3n de la CGT, el portavoz presidencial asegur\u00f3: \u201cNo hay ning\u00fan tipo de venganza en reacci\u00f3n al paro, lejos estar de ser as\u00ed, ni en este caso ni en ning\u00fan otro. No se sorprendan si eso sigue ocurriendo en el gabinete nacional\u201d.<\/h3>\n<h3>Oriolo, de 57 a\u00f1os, es licenciado en Administraci\u00f3n de Empresas de la UBA y cuenta con trayectoria de m\u00e1s de 20 a\u00f1os trabajando en el sector de la salud, con experiencia en el sector previsional y de los seguros. Adem\u00e1s, estuvo a cargo de \u00e1reas de Procesos y Sistemas, prestaciones m\u00e9dicas y Desarrollo estrat\u00e9gico.<\/h3>\n<h3>Desde 1994, Oriolo se desempe\u00f1aba en OSDE, prepaga que ahora deber\u00e1 regular como superintendente.<\/h3>\n<h3>Stivelman, en tanto, es m\u00e9dico con 42 a\u00f1os de trayectoria, formado en cl\u00ednica m\u00e9dica y desde el a\u00f1o 1987 se desempe\u00f1\u00f3 en distintas funciones vinculadas con la seguridad social, en \u00e1reas de auditor\u00eda, gesti\u00f3n, manejo de obras sociales y convenios capitados. Tambi\u00e9n fue gerente de proyecto de historia cl\u00ednica electr\u00f3nica para la Obra Social de Banco do Brasil, en el pa\u00eds vecino, donde fortaleci\u00f3 los conocimientos en sistemas inform\u00e1ticos aplicados a la gesti\u00f3n, y en el pa\u00eds fue gerente de prestaciones de obras sociales en distintas entidades.<\/h3>\n<h3>En otro orden, el Gobierno nacional design\u00f3 a Guillermo Plate como nuevo superintendente de Seguros.<\/h3>\n<h3>Plate, a cargo de la Superintendencia de Seguros de la Naci\u00f3n (SSN), es abogado de la Facultad de Derecho de la Universidad Cat\u00f3lica Argentina (UCA).Adem\u00e1s, posee una Maestr\u00eda de Derecho Internacional en la Escuela de Leyes de la Duke University de Estados Unidos, y el t\u00edtulo de Mag\u00edser en Derecho Empresario de la Universidad Austral.<\/h3>\n<h3>En el \u00e1mbito privado posee 20 a\u00f1os de experiencia en estudios jur\u00eddicos y empresas especializ\u00e1ndose en temas de derecho corporativo, siendo gerente fiduciario en el Royal Bank of Canada en el exterior, y, en el \u00e1mbito dom\u00e9stico, asesor en el directorio del Banco Provincia y vicepresidente de Provincia ART.<\/h3>\n<h3>Adem\u00e1s, se especializa en el asesoramiento en la prevenci\u00f3n del lavado de dinero y el financiamiento del terrorismo.El nuevo funcionario ya se hab\u00eda desempe\u00f1ado como vicesuperintedente de Seguros entre 2017 y 2019, durante la administraci\u00f3n del expresidente Mauricio Macri, respondiendo al superintendente Juan Pazo, ahora nombrado como secretario de Industria y Desarrollo Productivo.<\/h3>\n","protected":false},"excerpt":{"rendered":"<p>Gabriel Oriolo reemplazar\u00e1 a Enrique Chiantore, mientras que Claudio Stivelman ser\u00e1 el nuevo gerente general&#8230;<\/p>\n","protected":false},"author":1,"featured_media":10750,"comment_status":"closed","ping_status":"closed","sticky":false,"template":"","format":"standard","meta":{"footnotes":""},"categories":[5],"tags":[],"class_list":["post-10748","post","type-post","status-publish","format-standard","has-post-thumbnail","hentry","category-nacionales-internacionales"],"yoast_head":"<!-- This site is optimized with the Yoast SEO plugin v26.1.1 - https:\/\/yoast.com\/wordpress\/plugins\/seo\/ -->\n<title>EL D\u00cdA DESPU\u00c9S DEL PARO, EL GOBIERNO DESPLAZ\u00d3 A LAS AUTORIDADES DE LA SUPERINTENDENCIA DE SERVICIOS DE SALUD - Apuntes de San Luis<\/title>\n<meta name=\"robots\" content=\"index, follow, max-snippet:-1, max-image-preview:large, max-video-preview:-1\" \/>\n<link rel=\"canonical\" href=\"https:\/\/apuntesdesanluis.com\/index.php\/2024\/01\/25\/el-dia-despues-del-paro-el-gobierno-desplazo-a-las-autoridades-de-la-superintendencia-de-servicios-de-salud\/\" \/>\n<meta property=\"og:locale\" content=\"es_ES\" \/>\n<meta property=\"og:type\" content=\"article\" \/>\n<meta property=\"og:title\" content=\"EL D\u00cdA DESPU\u00c9S DEL PARO, EL GOBIERNO DESPLAZ\u00d3 A LAS AUTORIDADES DE LA SUPERINTENDENCIA DE SERVICIOS DE SALUD - Apuntes de San Luis\" \/>\n<meta property=\"og:description\" content=\"Gabriel Oriolo reemplazar\u00e1 a Enrique Chiantore, mientras que Claudio Stivelman ser\u00e1 el nuevo gerente general...\" \/>\n<meta property=\"og:url\" content=\"https:\/\/apuntesdesanluis.com\/index.php\/2024\/01\/25\/el-dia-despues-del-paro-el-gobierno-desplazo-a-las-autoridades-de-la-superintendencia-de-servicios-de-salud\/\" \/>\n<meta property=\"og:site_name\" content=\"Apuntes de San Luis\" \/>\n<meta property=\"article:published_time\" content=\"2024-01-26T02:29:41+00:00\" \/>\n<meta property=\"article:modified_time\" content=\"2024-01-26T02:39:11+00:00\" \/>\n<meta property=\"og:image\" content=\"https:\/\/apuntesdesanluis.com\/wp-content\/uploads\/2024\/01\/SUPERINTENDENCIA.png\" \/>\n\t<meta property=\"og:image:width\" content=\"630\" \/>\n\t<meta property=\"og:image:height\" content=\"357\" \/>\n\t<meta property=\"og:image:type\" content=\"image\/png\" \/>\n<meta name=\"author\" content=\"apuntesdesanluis.com\" \/>\n<meta name=\"twitter:card\" content=\"summary_large_image\" \/>\n<meta name=\"twitter:label1\" content=\"Escrito por\" \/>\n\t<meta name=\"twitter:data1\" content=\"apuntesdesanluis.com\" \/>\n\t<meta name=\"twitter:label2\" content=\"Tiempo de lectura\" \/>\n\t<meta name=\"twitter:data2\" content=\"6 minutos\" \/>\n<script type=\"application\/ld+json\" class=\"yoast-schema-graph\">{\"@context\":\"https:\/\/schema.org\",\"@graph\":[{\"@type\":\"Article\",\"@id\":\"https:\/\/apuntesdesanluis.com\/index.php\/2024\/01\/25\/el-dia-despues-del-paro-el-gobierno-desplazo-a-las-autoridades-de-la-superintendencia-de-servicios-de-salud\/#article\",\"isPartOf\":{\"@id\":\"https:\/\/apuntesdesanluis.com\/index.php\/2024\/01\/25\/el-dia-despues-del-paro-el-gobierno-desplazo-a-las-autoridades-de-la-superintendencia-de-servicios-de-salud\/\"},\"author\":{\"name\":\"apuntesdesanluis.com\",\"@id\":\"https:\/\/apuntesdesanluis.com\/#\/schema\/person\/b55151d52296fcce64d1a72538a70b90\"},\"headline\":\"EL D\u00cdA DESPU\u00c9S DEL PARO, EL GOBIERNO DESPLAZ\u00d3 A LAS AUTORIDADES DE LA SUPERINTENDENCIA DE SERVICIOS DE SALUD\",\"datePublished\":\"2024-01-26T02:29:41+00:00\",\"dateModified\":\"2024-01-26T02:39:11+00:00\",\"mainEntityOfPage\":{\"@id\":\"https:\/\/apuntesdesanluis.com\/index.php\/2024\/01\/25\/el-dia-despues-del-paro-el-gobierno-desplazo-a-las-autoridades-de-la-superintendencia-de-servicios-de-salud\/\"},\"wordCount\":1163,\"publisher\":{\"@id\":\"https:\/\/apuntesdesanluis.com\/#\/schema\/person\/b55151d52296fcce64d1a72538a70b90\"},\"image\":{\"@id\":\"https:\/\/apuntesdesanluis.com\/index.php\/2024\/01\/25\/el-dia-despues-del-paro-el-gobierno-desplazo-a-las-autoridades-de-la-superintendencia-de-servicios-de-salud\/#primaryimage\"},\"thumbnailUrl\":\"https:\/\/apuntesdesanluis.com\/wp-content\/uploads\/2024\/01\/SUPERINTENDENCIA.png\",\"articleSection\":[\"Nacionales\/Internacionales\"],\"inLanguage\":\"es-AR\"},{\"@type\":\"WebPage\",\"@id\":\"https:\/\/apuntesdesanluis.com\/index.php\/2024\/01\/25\/el-dia-despues-del-paro-el-gobierno-desplazo-a-las-autoridades-de-la-superintendencia-de-servicios-de-salud\/\",\"url\":\"https:\/\/apuntesdesanluis.com\/index.php\/2024\/01\/25\/el-dia-despues-del-paro-el-gobierno-desplazo-a-las-autoridades-de-la-superintendencia-de-servicios-de-salud\/\",\"name\":\"EL D\u00cdA DESPU\u00c9S DEL PARO, EL GOBIERNO DESPLAZ\u00d3 A LAS AUTORIDADES DE LA SUPERINTENDENCIA DE SERVICIOS DE SALUD - Apuntes de San Luis\",\"isPartOf\":{\"@id\":\"https:\/\/apuntesdesanluis.com\/#website\"},\"primaryImageOfPage\":{\"@id\":\"https:\/\/apuntesdesanluis.com\/index.php\/2024\/01\/25\/el-dia-despues-del-paro-el-gobierno-desplazo-a-las-autoridades-de-la-superintendencia-de-servicios-de-salud\/#primaryimage\"},\"image\":{\"@id\":\"https:\/\/apuntesdesanluis.com\/index.php\/2024\/01\/25\/el-dia-despues-del-paro-el-gobierno-desplazo-a-las-autoridades-de-la-superintendencia-de-servicios-de-salud\/#primaryimage\"},\"thumbnailUrl\":\"https:\/\/apuntesdesanluis.com\/wp-content\/uploads\/2024\/01\/SUPERINTENDENCIA.png\",\"datePublished\":\"2024-01-26T02:29:41+00:00\",\"dateModified\":\"2024-01-26T02:39:11+00:00\",\"breadcrumb\":{\"@id\":\"https:\/\/apuntesdesanluis.com\/index.php\/2024\/01\/25\/el-dia-despues-del-paro-el-gobierno-desplazo-a-las-autoridades-de-la-superintendencia-de-servicios-de-salud\/#breadcrumb\"},\"inLanguage\":\"es-AR\",\"potentialAction\":[{\"@type\":\"ReadAction\",\"target\":[\"https:\/\/apuntesdesanluis.com\/index.php\/2024\/01\/25\/el-dia-despues-del-paro-el-gobierno-desplazo-a-las-autoridades-de-la-superintendencia-de-servicios-de-salud\/\"]}]},{\"@type\":\"ImageObject\",\"inLanguage\":\"es-AR\",\"@id\":\"https:\/\/apuntesdesanluis.com\/index.php\/2024\/01\/25\/el-dia-despues-del-paro-el-gobierno-desplazo-a-las-autoridades-de-la-superintendencia-de-servicios-de-salud\/#primaryimage\",\"url\":\"https:\/\/apuntesdesanluis.com\/wp-content\/uploads\/2024\/01\/SUPERINTENDENCIA.png\",\"contentUrl\":\"https:\/\/apuntesdesanluis.com\/wp-content\/uploads\/2024\/01\/SUPERINTENDENCIA.png\",\"width\":630,\"height\":357},{\"@type\":\"BreadcrumbList\",\"@id\":\"https:\/\/apuntesdesanluis.com\/index.php\/2024\/01\/25\/el-dia-despues-del-paro-el-gobierno-desplazo-a-las-autoridades-de-la-superintendencia-de-servicios-de-salud\/#breadcrumb\",\"itemListElement\":[{\"@type\":\"ListItem\",\"position\":1,\"name\":\"Inicio\",\"item\":\"https:\/\/apuntesdesanluis.com\/\"},{\"@type\":\"ListItem\",\"position\":2,\"name\":\"EL D\u00cdA DESPU\u00c9S DEL PARO, EL GOBIERNO DESPLAZ\u00d3 A LAS AUTORIDADES DE LA SUPERINTENDENCIA DE SERVICIOS DE SALUD\"}]},{\"@type\":\"WebSite\",\"@id\":\"https:\/\/apuntesdesanluis.com\/#website\",\"url\":\"https:\/\/apuntesdesanluis.com\/\",\"name\":\"Apuntes de San Luis\",\"description\":\"\",\"publisher\":{\"@id\":\"https:\/\/apuntesdesanluis.com\/#\/schema\/person\/b55151d52296fcce64d1a72538a70b90\"},\"potentialAction\":[{\"@type\":\"SearchAction\",\"target\":{\"@type\":\"EntryPoint\",\"urlTemplate\":\"https:\/\/apuntesdesanluis.com\/?s={search_term_string}\"},\"query-input\":{\"@type\":\"PropertyValueSpecification\",\"valueRequired\":true,\"valueName\":\"search_term_string\"}}],\"inLanguage\":\"es-AR\"},{\"@type\":[\"Person\",\"Organization\"],\"@id\":\"https:\/\/apuntesdesanluis.com\/#\/schema\/person\/b55151d52296fcce64d1a72538a70b90\",\"name\":\"apuntesdesanluis.com\",\"image\":{\"@type\":\"ImageObject\",\"inLanguage\":\"es-AR\",\"@id\":\"https:\/\/apuntesdesanluis.com\/#\/schema\/person\/image\/\",\"url\":\"https:\/\/apuntesdesanluis.com\/wp-content\/uploads\/2023\/07\/cropped-apuntesdesanluis.png\",\"contentUrl\":\"https:\/\/apuntesdesanluis.com\/wp-content\/uploads\/2023\/07\/cropped-apuntesdesanluis.png\",\"width\":450,\"height\":112,\"caption\":\"apuntesdesanluis.com\"},\"logo\":{\"@id\":\"https:\/\/apuntesdesanluis.com\/#\/schema\/person\/image\/\"},\"sameAs\":[\"https:\/\/apuntesdesanluis.com\"],\"url\":\"https:\/\/apuntesdesanluis.com\/index.php\/author\/apuntesdesanluis-com\/\"}]}<\/script>\n<!-- \/ Yoast SEO plugin. -->","yoast_head_json":{"title":"EL D\u00cdA DESPU\u00c9S DEL PARO, EL GOBIERNO DESPLAZ\u00d3 A LAS AUTORIDADES DE LA SUPERINTENDENCIA DE SERVICIOS DE SALUD - Apuntes de San Luis","robots":{"index":"index","follow":"follow","max-snippet":"max-snippet:-1","max-image-preview":"max-image-preview:large","max-video-preview":"max-video-preview:-1"},"canonical":"https:\/\/apuntesdesanluis.com\/index.php\/2024\/01\/25\/el-dia-despues-del-paro-el-gobierno-desplazo-a-las-autoridades-de-la-superintendencia-de-servicios-de-salud\/","og_locale":"es_ES","og_type":"article","og_title":"EL D\u00cdA DESPU\u00c9S DEL PARO, EL GOBIERNO DESPLAZ\u00d3 A LAS AUTORIDADES DE LA SUPERINTENDENCIA DE SERVICIOS DE SALUD - Apuntes de San Luis","og_description":"Gabriel Oriolo reemplazar\u00e1 a Enrique Chiantore, mientras que Claudio Stivelman ser\u00e1 el nuevo gerente general...","og_url":"https:\/\/apuntesdesanluis.com\/index.php\/2024\/01\/25\/el-dia-despues-del-paro-el-gobierno-desplazo-a-las-autoridades-de-la-superintendencia-de-servicios-de-salud\/","og_site_name":"Apuntes de San Luis","article_published_time":"2024-01-26T02:29:41+00:00","article_modified_time":"2024-01-26T02:39:11+00:00","og_image":[{"width":630,"height":357,"url":"https:\/\/apuntesdesanluis.com\/wp-content\/uploads\/2024\/01\/SUPERINTENDENCIA.png","type":"image\/png"}],"author":"apuntesdesanluis.com","twitter_card":"summary_large_image","twitter_misc":{"Escrito por":"apuntesdesanluis.com","Tiempo de lectura":"6 minutos"},"schema":{"@context":"https:\/\/schema.org","@graph":[{"@type":"Article","@id":"https:\/\/apuntesdesanluis.com\/index.php\/2024\/01\/25\/el-dia-despues-del-paro-el-gobierno-desplazo-a-las-autoridades-de-la-superintendencia-de-servicios-de-salud\/#article","isPartOf":{"@id":"https:\/\/apuntesdesanluis.com\/index.php\/2024\/01\/25\/el-dia-despues-del-paro-el-gobierno-desplazo-a-las-autoridades-de-la-superintendencia-de-servicios-de-salud\/"},"author":{"name":"apuntesdesanluis.com","@id":"https:\/\/apuntesdesanluis.com\/#\/schema\/person\/b55151d52296fcce64d1a72538a70b90"},"headline":"EL D\u00cdA DESPU\u00c9S DEL PARO, EL GOBIERNO DESPLAZ\u00d3 A LAS AUTORIDADES DE LA SUPERINTENDENCIA DE SERVICIOS DE SALUD","datePublished":"2024-01-26T02:29:41+00:00","dateModified":"2024-01-26T02:39:11+00:00","mainEntityOfPage":{"@id":"https:\/\/apuntesdesanluis.com\/index.php\/2024\/01\/25\/el-dia-despues-del-paro-el-gobierno-desplazo-a-las-autoridades-de-la-superintendencia-de-servicios-de-salud\/"},"wordCount":1163,"publisher":{"@id":"https:\/\/apuntesdesanluis.com\/#\/schema\/person\/b55151d52296fcce64d1a72538a70b90"},"image":{"@id":"https:\/\/apuntesdesanluis.com\/index.php\/2024\/01\/25\/el-dia-despues-del-paro-el-gobierno-desplazo-a-las-autoridades-de-la-superintendencia-de-servicios-de-salud\/#primaryimage"},"thumbnailUrl":"https:\/\/apuntesdesanluis.com\/wp-content\/uploads\/2024\/01\/SUPERINTENDENCIA.png","articleSection":["Nacionales\/Internacionales"],"inLanguage":"es-AR"},{"@type":"WebPage","@id":"https:\/\/apuntesdesanluis.com\/index.php\/2024\/01\/25\/el-dia-despues-del-paro-el-gobierno-desplazo-a-las-autoridades-de-la-superintendencia-de-servicios-de-salud\/","url":"https:\/\/apuntesdesanluis.com\/index.php\/2024\/01\/25\/el-dia-despues-del-paro-el-gobierno-desplazo-a-las-autoridades-de-la-superintendencia-de-servicios-de-salud\/","name":"EL D\u00cdA DESPU\u00c9S DEL PARO, EL GOBIERNO DESPLAZ\u00d3 A LAS AUTORIDADES DE LA SUPERINTENDENCIA DE SERVICIOS DE SALUD - Apuntes de San Luis","isPartOf":{"@id":"https:\/\/apuntesdesanluis.com\/#website"},"primaryImageOfPage":{"@id":"https:\/\/apuntesdesanluis.com\/index.php\/2024\/01\/25\/el-dia-despues-del-paro-el-gobierno-desplazo-a-las-autoridades-de-la-superintendencia-de-servicios-de-salud\/#primaryimage"},"image":{"@id":"https:\/\/apuntesdesanluis.com\/index.php\/2024\/01\/25\/el-dia-despues-del-paro-el-gobierno-desplazo-a-las-autoridades-de-la-superintendencia-de-servicios-de-salud\/#primaryimage"},"thumbnailUrl":"https:\/\/apuntesdesanluis.com\/wp-content\/uploads\/2024\/01\/SUPERINTENDENCIA.png","datePublished":"2024-01-26T02:29:41+00:00","dateModified":"2024-01-26T02:39:11+00:00","breadcrumb":{"@id":"https:\/\/apuntesdesanluis.com\/index.php\/2024\/01\/25\/el-dia-despues-del-paro-el-gobierno-desplazo-a-las-autoridades-de-la-superintendencia-de-servicios-de-salud\/#breadcrumb"},"inLanguage":"es-AR","potentialAction":[{"@type":"ReadAction","target":["https:\/\/apuntesdesanluis.com\/index.php\/2024\/01\/25\/el-dia-despues-del-paro-el-gobierno-desplazo-a-las-autoridades-de-la-superintendencia-de-servicios-de-salud\/"]}]},{"@type":"ImageObject","inLanguage":"es-AR","@id":"https:\/\/apuntesdesanluis.com\/index.php\/2024\/01\/25\/el-dia-despues-del-paro-el-gobierno-desplazo-a-las-autoridades-de-la-superintendencia-de-servicios-de-salud\/#primaryimage","url":"https:\/\/apuntesdesanluis.com\/wp-content\/uploads\/2024\/01\/SUPERINTENDENCIA.png","contentUrl":"https:\/\/apuntesdesanluis.com\/wp-content\/uploads\/2024\/01\/SUPERINTENDENCIA.png","width":630,"height":357},{"@type":"BreadcrumbList","@id":"https:\/\/apuntesdesanluis.com\/index.php\/2024\/01\/25\/el-dia-despues-del-paro-el-gobierno-desplazo-a-las-autoridades-de-la-superintendencia-de-servicios-de-salud\/#breadcrumb","itemListElement":[{"@type":"ListItem","position":1,"name":"Inicio","item":"https:\/\/apuntesdesanluis.com\/"},{"@type":"ListItem","position":2,"name":"EL D\u00cdA DESPU\u00c9S DEL PARO, EL GOBIERNO DESPLAZ\u00d3 A LAS AUTORIDADES DE LA SUPERINTENDENCIA DE SERVICIOS DE SALUD"}]},{"@type":"WebSite","@id":"https:\/\/apuntesdesanluis.com\/#website","url":"https:\/\/apuntesdesanluis.com\/","name":"Apuntes de San Luis","description":"","publisher":{"@id":"https:\/\/apuntesdesanluis.com\/#\/schema\/person\/b55151d52296fcce64d1a72538a70b90"},"potentialAction":[{"@type":"SearchAction","target":{"@type":"EntryPoint","urlTemplate":"https:\/\/apuntesdesanluis.com\/?s={search_term_string}"},"query-input":{"@type":"PropertyValueSpecification","valueRequired":true,"valueName":"search_term_string"}}],"inLanguage":"es-AR"},{"@type":["Person","Organization"],"@id":"https:\/\/apuntesdesanluis.com\/#\/schema\/person\/b55151d52296fcce64d1a72538a70b90","name":"apuntesdesanluis.com","image":{"@type":"ImageObject","inLanguage":"es-AR","@id":"https:\/\/apuntesdesanluis.com\/#\/schema\/person\/image\/","url":"https:\/\/apuntesdesanluis.com\/wp-content\/uploads\/2023\/07\/cropped-apuntesdesanluis.png","contentUrl":"https:\/\/apuntesdesanluis.com\/wp-content\/uploads\/2023\/07\/cropped-apuntesdesanluis.png","width":450,"height":112,"caption":"apuntesdesanluis.com"},"logo":{"@id":"https:\/\/apuntesdesanluis.com\/#\/schema\/person\/image\/"},"sameAs":["https:\/\/apuntesdesanluis.com"],"url":"https:\/\/apuntesdesanluis.com\/index.php\/author\/apuntesdesanluis-com\/"}]}},"featured_image_urls":{"full":["https:\/\/apuntesdesanluis.com\/wp-content\/uploads\/2024\/01\/SUPERINTENDENCIA.png",630,357,false],"thumbnail":["https:\/\/apuntesdesanluis.com\/wp-content\/uploads\/2024\/01\/SUPERINTENDENCIA-150x150.png",150,150,true],"medium":["https:\/\/apuntesdesanluis.com\/wp-content\/uploads\/2024\/01\/SUPERINTENDENCIA-300x170.png",300,170,true],"medium_large":["https:\/\/apuntesdesanluis.com\/wp-content\/uploads\/2024\/01\/SUPERINTENDENCIA.png",630,357,false],"large":["https:\/\/apuntesdesanluis.com\/wp-content\/uploads\/2024\/01\/SUPERINTENDENCIA.png",630,357,false],"1536x1536":["https:\/\/apuntesdesanluis.com\/wp-content\/uploads\/2024\/01\/SUPERINTENDENCIA.png",630,357,false],"2048x2048":["https:\/\/apuntesdesanluis.com\/wp-content\/uploads\/2024\/01\/SUPERINTENDENCIA.png",630,357,false],"newsever-slider-full":["https:\/\/apuntesdesanluis.com\/wp-content\/uploads\/2024\/01\/SUPERINTENDENCIA.png",630,357,false],"newsever-featured":["https:\/\/apuntesdesanluis.com\/wp-content\/uploads\/2024\/01\/SUPERINTENDENCIA.png",630,357,false],"newsever-medium":["https:\/\/apuntesdesanluis.com\/wp-content\/uploads\/2024\/01\/SUPERINTENDENCIA.png",630,357,false]},"author_info":{"display_name":"apuntesdesanluis.com","author_link":"https:\/\/apuntesdesanluis.com\/index.php\/author\/apuntesdesanluis-com\/"},"category_info":"<a href=\"https:\/\/apuntesdesanluis.com\/index.php\/category\/nacionales-internacionales\/\" rel=\"category tag\">Nacionales\/Internacionales<\/a>","tag_info":"Nacionales\/Internacionales","comment_count":"0","_links":{"self":[{"href":"https:\/\/apuntesdesanluis.com\/index.php\/wp-json\/wp\/v2\/posts\/10748","targetHints":{"allow":["GET"]}}],"collection":[{"href":"https:\/\/apuntesdesanluis.com\/index.php\/wp-json\/wp\/v2\/posts"}],"about":[{"href":"https:\/\/apuntesdesanluis.com\/index.php\/wp-json\/wp\/v2\/types\/post"}],"author":[{"embeddable":true,"href":"https:\/\/apuntesdesanluis.com\/index.php\/wp-json\/wp\/v2\/users\/1"}],"replies":[{"embeddable":true,"href":"https:\/\/apuntesdesanluis.com\/index.php\/wp-json\/wp\/v2\/comments?post=10748"}],"version-history":[{"count":3,"href":"https:\/\/apuntesdesanluis.com\/index.php\/wp-json\/wp\/v2\/posts\/10748\/revisions"}],"predecessor-version":[{"id":10753,"href":"https:\/\/apuntesdesanluis.com\/index.php\/wp-json\/wp\/v2\/posts\/10748\/revisions\/10753"}],"wp:featuredmedia":[{"embeddable":true,"href":"https:\/\/apuntesdesanluis.com\/index.php\/wp-json\/wp\/v2\/media\/10750"}],"wp:attachment":[{"href":"https:\/\/apuntesdesanluis.com\/index.php\/wp-json\/wp\/v2\/media?parent=10748"}],"wp:term":[{"taxonomy":"category","embeddable":true,"href":"https:\/\/apuntesdesanluis.com\/index.php\/wp-json\/wp\/v2\/categories?post=10748"},{"taxonomy":"post_tag","embeddable":true,"href":"https:\/\/apuntesdesanluis.com\/index.php\/wp-json\/wp\/v2\/tags?post=10748"}],"curies":[{"name":"wp","href":"https:\/\/api.w.org\/{rel}","templated":true}]}}