{"id":10775,"date":"2024-01-26T14:45:34","date_gmt":"2024-01-26T17:45:34","guid":{"rendered":"https:\/\/apuntesdesanluis.com\/?p=10775"},"modified":"2024-01-26T14:45:34","modified_gmt":"2024-01-26T17:45:34","slug":"comienza-este-viernes-la-35-fiesta-nacional-de-la-calle-angosta","status":"publish","type":"post","link":"https:\/\/apuntesdesanluis.com\/index.php\/2024\/01\/26\/comienza-este-viernes-la-35-fiesta-nacional-de-la-calle-angosta\/","title":{"rendered":"COMIENZA ESTE VIERNES LA 35\u00b0 FIESTA NACIONAL DE LA CALLE ANGOSTA"},"content":{"rendered":"<h3>Justo un a\u00f1o despu\u00e9s de la feroz tormenta que se abati\u00f3 sobre la ciudad, provocando un sinn\u00famero de destrozos, el escenario mayor Alfonso y Zavala se viste de fiesta para la apertura de tres noches solidarias a puro folclore.<\/h3>\n<h3>La comisi\u00f3n organizadora de la 35 edici\u00f3n de la Fiesta Nacional de la Calle Angosta inform\u00f3 que a partir de las 20:00 h comenzar\u00e1n a actuar los primeros n\u00fameros musicales y a presentarse las escuelas de danzas.<\/h3>\n<h3>Habr\u00e1 puestos de artesanos, emprendedores, gastronom\u00eda variada, comercios y muchas atracciones m\u00e1s, para disfrutar una noche donde el clima<\/h3>\n<h3>La entrada es libre y gratuita, a cambio de un alimento no perecedero.<\/h3>\n<p><img fetchpriority=\"high\" decoding=\"async\" class=\"wp-image-10639 aligncenter\" src=\"https:\/\/apuntesdesanluis.com\/wp-content\/uploads\/2024\/01\/viernes-calle-angosta-240x300.jpg\" alt=\"\" width=\"469\" height=\"586\" srcset=\"https:\/\/apuntesdesanluis.com\/wp-content\/uploads\/2024\/01\/viernes-calle-angosta-240x300.jpg 240w, https:\/\/apuntesdesanluis.com\/wp-content\/uploads\/2024\/01\/viernes-calle-angosta.jpg 480w\" sizes=\"(max-width: 469px) 100vw, 469px\" \/><\/p>\n<p><img decoding=\"async\" class=\"wp-image-10640 aligncenter\" src=\"https:\/\/apuntesdesanluis.com\/wp-content\/uploads\/2024\/01\/sabado-calle-angosta-240x300.jpg\" alt=\"\" width=\"468\" height=\"585\" srcset=\"https:\/\/apuntesdesanluis.com\/wp-content\/uploads\/2024\/01\/sabado-calle-angosta-240x300.jpg 240w, https:\/\/apuntesdesanluis.com\/wp-content\/uploads\/2024\/01\/sabado-calle-angosta.jpg 500w\" sizes=\"(max-width: 468px) 100vw, 468px\" \/><\/p>\n<p><img decoding=\"async\" class=\"wp-image-10641 aligncenter\" src=\"https:\/\/apuntesdesanluis.com\/wp-content\/uploads\/2024\/01\/domingo-calle-angosta-240x300.jpg\" alt=\"\" width=\"468\" height=\"585\" srcset=\"https:\/\/apuntesdesanluis.com\/wp-content\/uploads\/2024\/01\/domingo-calle-angosta-240x300.jpg 240w, https:\/\/apuntesdesanluis.com\/wp-content\/uploads\/2024\/01\/domingo-calle-angosta.jpg 500w\" sizes=\"(max-width: 468px) 100vw, 468px\" \/><\/p>\n<p>&nbsp;<\/p>\n<p>&nbsp;<\/p>\n<p>&nbsp;<\/p>\n","protected":false},"excerpt":{"rendered":"<p>Justo un a\u00f1o despu\u00e9s de la feroz tormenta que se abati\u00f3 sobre la ciudad, provocando&#8230;<\/p>\n","protected":false},"author":1,"featured_media":10776,"comment_status":"closed","ping_status":"closed","sticky":false,"template":"","format":"standard","meta":{"footnotes":""},"categories":[6],"tags":[],"class_list":["post-10775","post","type-post","status-publish","format-standard","has-post-thumbnail","hentry","category-ciudad-provincia"],"yoast_head":"<!-- This site is optimized with the Yoast SEO plugin v26.1.1 - https:\/\/yoast.com\/wordpress\/plugins\/seo\/ -->\n<title>COMIENZA ESTE VIERNES LA 35\u00b0 FIESTA NACIONAL DE LA CALLE ANGOSTA - Apuntes de San Luis<\/title>\n<meta name=\"robots\" content=\"index, follow, max-snippet:-1, max-image-preview:large, max-video-preview:-1\" \/>\n<link rel=\"canonical\" href=\"https:\/\/apuntesdesanluis.com\/index.php\/2024\/01\/26\/comienza-este-viernes-la-35-fiesta-nacional-de-la-calle-angosta\/\" \/>\n<meta property=\"og:locale\" content=\"es_ES\" \/>\n<meta property=\"og:type\" content=\"article\" \/>\n<meta property=\"og:title\" content=\"COMIENZA ESTE VIERNES LA 35\u00b0 FIESTA NACIONAL DE LA CALLE ANGOSTA - Apuntes de San Luis\" \/>\n<meta property=\"og:description\" content=\"Justo un a\u00f1o despu\u00e9s de la feroz tormenta que se abati\u00f3 sobre la ciudad, provocando...\" \/>\n<meta property=\"og:url\" content=\"https:\/\/apuntesdesanluis.com\/index.php\/2024\/01\/26\/comienza-este-viernes-la-35-fiesta-nacional-de-la-calle-angosta\/\" \/>\n<meta property=\"og:site_name\" content=\"Apuntes de San Luis\" \/>\n<meta property=\"article:published_time\" content=\"2024-01-26T17:45:34+00:00\" \/>\n<meta property=\"og:image\" content=\"https:\/\/apuntesdesanluis.com\/wp-content\/uploads\/2024\/01\/ESCENARIO.png\" \/>\n\t<meta property=\"og:image:width\" content=\"957\" \/>\n\t<meta property=\"og:image:height\" content=\"555\" \/>\n\t<meta property=\"og:image:type\" content=\"image\/png\" \/>\n<meta name=\"author\" content=\"apuntesdesanluis.com\" \/>\n<meta name=\"twitter:card\" content=\"summary_large_image\" \/>\n<meta name=\"twitter:label1\" content=\"Escrito por\" \/>\n\t<meta name=\"twitter:data1\" content=\"apuntesdesanluis.com\" \/>\n\t<meta name=\"twitter:label2\" content=\"Tiempo de lectura\" \/>\n\t<meta name=\"twitter:data2\" content=\"2 minutos\" \/>\n<script type=\"application\/ld+json\" class=\"yoast-schema-graph\">{\"@context\":\"https:\/\/schema.org\",\"@graph\":[{\"@type\":\"Article\",\"@id\":\"https:\/\/apuntesdesanluis.com\/index.php\/2024\/01\/26\/comienza-este-viernes-la-35-fiesta-nacional-de-la-calle-angosta\/#article\",\"isPartOf\":{\"@id\":\"https:\/\/apuntesdesanluis.com\/index.php\/2024\/01\/26\/comienza-este-viernes-la-35-fiesta-nacional-de-la-calle-angosta\/\"},\"author\":{\"name\":\"apuntesdesanluis.com\",\"@id\":\"https:\/\/apuntesdesanluis.com\/#\/schema\/person\/b55151d52296fcce64d1a72538a70b90\"},\"headline\":\"COMIENZA ESTE VIERNES LA 35\u00b0 FIESTA NACIONAL DE LA CALLE ANGOSTA\",\"datePublished\":\"2024-01-26T17:45:34+00:00\",\"mainEntityOfPage\":{\"@id\":\"https:\/\/apuntesdesanluis.com\/index.php\/2024\/01\/26\/comienza-este-viernes-la-35-fiesta-nacional-de-la-calle-angosta\/\"},\"wordCount\":128,\"publisher\":{\"@id\":\"https:\/\/apuntesdesanluis.com\/#\/schema\/person\/b55151d52296fcce64d1a72538a70b90\"},\"image\":{\"@id\":\"https:\/\/apuntesdesanluis.com\/index.php\/2024\/01\/26\/comienza-este-viernes-la-35-fiesta-nacional-de-la-calle-angosta\/#primaryimage\"},\"thumbnailUrl\":\"https:\/\/apuntesdesanluis.com\/wp-content\/uploads\/2024\/01\/ESCENARIO.png\",\"articleSection\":[\"Ciudad\/Provincia\"],\"inLanguage\":\"es-AR\"},{\"@type\":\"WebPage\",\"@id\":\"https:\/\/apuntesdesanluis.com\/index.php\/2024\/01\/26\/comienza-este-viernes-la-35-fiesta-nacional-de-la-calle-angosta\/\",\"url\":\"https:\/\/apuntesdesanluis.com\/index.php\/2024\/01\/26\/comienza-este-viernes-la-35-fiesta-nacional-de-la-calle-angosta\/\",\"name\":\"COMIENZA ESTE VIERNES LA 35\u00b0 FIESTA NACIONAL DE LA CALLE ANGOSTA - Apuntes de San Luis\",\"isPartOf\":{\"@id\":\"https:\/\/apuntesdesanluis.com\/#website\"},\"primaryImageOfPage\":{\"@id\":\"https:\/\/apuntesdesanluis.com\/index.php\/2024\/01\/26\/comienza-este-viernes-la-35-fiesta-nacional-de-la-calle-angosta\/#primaryimage\"},\"image\":{\"@id\":\"https:\/\/apuntesdesanluis.com\/index.php\/2024\/01\/26\/comienza-este-viernes-la-35-fiesta-nacional-de-la-calle-angosta\/#primaryimage\"},\"thumbnailUrl\":\"https:\/\/apuntesdesanluis.com\/wp-content\/uploads\/2024\/01\/ESCENARIO.png\",\"datePublished\":\"2024-01-26T17:45:34+00:00\",\"breadcrumb\":{\"@id\":\"https:\/\/apuntesdesanluis.com\/index.php\/2024\/01\/26\/comienza-este-viernes-la-35-fiesta-nacional-de-la-calle-angosta\/#breadcrumb\"},\"inLanguage\":\"es-AR\",\"potentialAction\":[{\"@type\":\"ReadAction\",\"target\":[\"https:\/\/apuntesdesanluis.com\/index.php\/2024\/01\/26\/comienza-este-viernes-la-35-fiesta-nacional-de-la-calle-angosta\/\"]}]},{\"@type\":\"ImageObject\",\"inLanguage\":\"es-AR\",\"@id\":\"https:\/\/apuntesdesanluis.com\/index.php\/2024\/01\/26\/comienza-este-viernes-la-35-fiesta-nacional-de-la-calle-angosta\/#primaryimage\",\"url\":\"https:\/\/apuntesdesanluis.com\/wp-content\/uploads\/2024\/01\/ESCENARIO.png\",\"contentUrl\":\"https:\/\/apuntesdesanluis.com\/wp-content\/uploads\/2024\/01\/ESCENARIO.png\",\"width\":957,\"height\":555},{\"@type\":\"BreadcrumbList\",\"@id\":\"https:\/\/apuntesdesanluis.com\/index.php\/2024\/01\/26\/comienza-este-viernes-la-35-fiesta-nacional-de-la-calle-angosta\/#breadcrumb\",\"itemListElement\":[{\"@type\":\"ListItem\",\"position\":1,\"name\":\"Inicio\",\"item\":\"https:\/\/apuntesdesanluis.com\/\"},{\"@type\":\"ListItem\",\"position\":2,\"name\":\"COMIENZA ESTE VIERNES LA 35\u00b0 FIESTA NACIONAL DE LA CALLE ANGOSTA\"}]},{\"@type\":\"WebSite\",\"@id\":\"https:\/\/apuntesdesanluis.com\/#website\",\"url\":\"https:\/\/apuntesdesanluis.com\/\",\"name\":\"Apuntes de San Luis\",\"description\":\"\",\"publisher\":{\"@id\":\"https:\/\/apuntesdesanluis.com\/#\/schema\/person\/b55151d52296fcce64d1a72538a70b90\"},\"potentialAction\":[{\"@type\":\"SearchAction\",\"target\":{\"@type\":\"EntryPoint\",\"urlTemplate\":\"https:\/\/apuntesdesanluis.com\/?s={search_term_string}\"},\"query-input\":{\"@type\":\"PropertyValueSpecification\",\"valueRequired\":true,\"valueName\":\"search_term_string\"}}],\"inLanguage\":\"es-AR\"},{\"@type\":[\"Person\",\"Organization\"],\"@id\":\"https:\/\/apuntesdesanluis.com\/#\/schema\/person\/b55151d52296fcce64d1a72538a70b90\",\"name\":\"apuntesdesanluis.com\",\"image\":{\"@type\":\"ImageObject\",\"inLanguage\":\"es-AR\",\"@id\":\"https:\/\/apuntesdesanluis.com\/#\/schema\/person\/image\/\",\"url\":\"https:\/\/apuntesdesanluis.com\/wp-content\/uploads\/2023\/07\/cropped-apuntesdesanluis.png\",\"contentUrl\":\"https:\/\/apuntesdesanluis.com\/wp-content\/uploads\/2023\/07\/cropped-apuntesdesanluis.png\",\"width\":450,\"height\":112,\"caption\":\"apuntesdesanluis.com\"},\"logo\":{\"@id\":\"https:\/\/apuntesdesanluis.com\/#\/schema\/person\/image\/\"},\"sameAs\":[\"https:\/\/apuntesdesanluis.com\"],\"url\":\"https:\/\/apuntesdesanluis.com\/index.php\/author\/apuntesdesanluis-com\/\"}]}<\/script>\n<!-- \/ Yoast SEO plugin. -->","yoast_head_json":{"title":"COMIENZA ESTE VIERNES LA 35\u00b0 FIESTA NACIONAL DE LA CALLE ANGOSTA - Apuntes de San Luis","robots":{"index":"index","follow":"follow","max-snippet":"max-snippet:-1","max-image-preview":"max-image-preview:large","max-video-preview":"max-video-preview:-1"},"canonical":"https:\/\/apuntesdesanluis.com\/index.php\/2024\/01\/26\/comienza-este-viernes-la-35-fiesta-nacional-de-la-calle-angosta\/","og_locale":"es_ES","og_type":"article","og_title":"COMIENZA ESTE VIERNES LA 35\u00b0 FIESTA NACIONAL DE LA CALLE ANGOSTA - Apuntes de San Luis","og_description":"Justo un a\u00f1o despu\u00e9s de la feroz tormenta que se abati\u00f3 sobre la ciudad, provocando...","og_url":"https:\/\/apuntesdesanluis.com\/index.php\/2024\/01\/26\/comienza-este-viernes-la-35-fiesta-nacional-de-la-calle-angosta\/","og_site_name":"Apuntes de San Luis","article_published_time":"2024-01-26T17:45:34+00:00","og_image":[{"width":957,"height":555,"url":"https:\/\/apuntesdesanluis.com\/wp-content\/uploads\/2024\/01\/ESCENARIO.png","type":"image\/png"}],"author":"apuntesdesanluis.com","twitter_card":"summary_large_image","twitter_misc":{"Escrito por":"apuntesdesanluis.com","Tiempo de lectura":"2 minutos"},"schema":{"@context":"https:\/\/schema.org","@graph":[{"@type":"Article","@id":"https:\/\/apuntesdesanluis.com\/index.php\/2024\/01\/26\/comienza-este-viernes-la-35-fiesta-nacional-de-la-calle-angosta\/#article","isPartOf":{"@id":"https:\/\/apuntesdesanluis.com\/index.php\/2024\/01\/26\/comienza-este-viernes-la-35-fiesta-nacional-de-la-calle-angosta\/"},"author":{"name":"apuntesdesanluis.com","@id":"https:\/\/apuntesdesanluis.com\/#\/schema\/person\/b55151d52296fcce64d1a72538a70b90"},"headline":"COMIENZA ESTE VIERNES LA 35\u00b0 FIESTA NACIONAL DE LA CALLE ANGOSTA","datePublished":"2024-01-26T17:45:34+00:00","mainEntityOfPage":{"@id":"https:\/\/apuntesdesanluis.com\/index.php\/2024\/01\/26\/comienza-este-viernes-la-35-fiesta-nacional-de-la-calle-angosta\/"},"wordCount":128,"publisher":{"@id":"https:\/\/apuntesdesanluis.com\/#\/schema\/person\/b55151d52296fcce64d1a72538a70b90"},"image":{"@id":"https:\/\/apuntesdesanluis.com\/index.php\/2024\/01\/26\/comienza-este-viernes-la-35-fiesta-nacional-de-la-calle-angosta\/#primaryimage"},"thumbnailUrl":"https:\/\/apuntesdesanluis.com\/wp-content\/uploads\/2024\/01\/ESCENARIO.png","articleSection":["Ciudad\/Provincia"],"inLanguage":"es-AR"},{"@type":"WebPage","@id":"https:\/\/apuntesdesanluis.com\/index.php\/2024\/01\/26\/comienza-este-viernes-la-35-fiesta-nacional-de-la-calle-angosta\/","url":"https:\/\/apuntesdesanluis.com\/index.php\/2024\/01\/26\/comienza-este-viernes-la-35-fiesta-nacional-de-la-calle-angosta\/","name":"COMIENZA ESTE VIERNES LA 35\u00b0 FIESTA NACIONAL DE LA CALLE ANGOSTA - Apuntes de San Luis","isPartOf":{"@id":"https:\/\/apuntesdesanluis.com\/#website"},"primaryImageOfPage":{"@id":"https:\/\/apuntesdesanluis.com\/index.php\/2024\/01\/26\/comienza-este-viernes-la-35-fiesta-nacional-de-la-calle-angosta\/#primaryimage"},"image":{"@id":"https:\/\/apuntesdesanluis.com\/index.php\/2024\/01\/26\/comienza-este-viernes-la-35-fiesta-nacional-de-la-calle-angosta\/#primaryimage"},"thumbnailUrl":"https:\/\/apuntesdesanluis.com\/wp-content\/uploads\/2024\/01\/ESCENARIO.png","datePublished":"2024-01-26T17:45:34+00:00","breadcrumb":{"@id":"https:\/\/apuntesdesanluis.com\/index.php\/2024\/01\/26\/comienza-este-viernes-la-35-fiesta-nacional-de-la-calle-angosta\/#breadcrumb"},"inLanguage":"es-AR","potentialAction":[{"@type":"ReadAction","target":["https:\/\/apuntesdesanluis.com\/index.php\/2024\/01\/26\/comienza-este-viernes-la-35-fiesta-nacional-de-la-calle-angosta\/"]}]},{"@type":"ImageObject","inLanguage":"es-AR","@id":"https:\/\/apuntesdesanluis.com\/index.php\/2024\/01\/26\/comienza-este-viernes-la-35-fiesta-nacional-de-la-calle-angosta\/#primaryimage","url":"https:\/\/apuntesdesanluis.com\/wp-content\/uploads\/2024\/01\/ESCENARIO.png","contentUrl":"https:\/\/apuntesdesanluis.com\/wp-content\/uploads\/2024\/01\/ESCENARIO.png","width":957,"height":555},{"@type":"BreadcrumbList","@id":"https:\/\/apuntesdesanluis.com\/index.php\/2024\/01\/26\/comienza-este-viernes-la-35-fiesta-nacional-de-la-calle-angosta\/#breadcrumb","itemListElement":[{"@type":"ListItem","position":1,"name":"Inicio","item":"https:\/\/apuntesdesanluis.com\/"},{"@type":"ListItem","position":2,"name":"COMIENZA ESTE VIERNES LA 35\u00b0 FIESTA NACIONAL DE LA CALLE ANGOSTA"}]},{"@type":"WebSite","@id":"https:\/\/apuntesdesanluis.com\/#website","url":"https:\/\/apuntesdesanluis.com\/","name":"Apuntes de San Luis","description":"","publisher":{"@id":"https:\/\/apuntesdesanluis.com\/#\/schema\/person\/b55151d52296fcce64d1a72538a70b90"},"potentialAction":[{"@type":"SearchAction","target":{"@type":"EntryPoint","urlTemplate":"https:\/\/apuntesdesanluis.com\/?s={search_term_string}"},"query-input":{"@type":"PropertyValueSpecification","valueRequired":true,"valueName":"search_term_string"}}],"inLanguage":"es-AR"},{"@type":["Person","Organization"],"@id":"https:\/\/apuntesdesanluis.com\/#\/schema\/person\/b55151d52296fcce64d1a72538a70b90","name":"apuntesdesanluis.com","image":{"@type":"ImageObject","inLanguage":"es-AR","@id":"https:\/\/apuntesdesanluis.com\/#\/schema\/person\/image\/","url":"https:\/\/apuntesdesanluis.com\/wp-content\/uploads\/2023\/07\/cropped-apuntesdesanluis.png","contentUrl":"https:\/\/apuntesdesanluis.com\/wp-content\/uploads\/2023\/07\/cropped-apuntesdesanluis.png","width":450,"height":112,"caption":"apuntesdesanluis.com"},"logo":{"@id":"https:\/\/apuntesdesanluis.com\/#\/schema\/person\/image\/"},"sameAs":["https:\/\/apuntesdesanluis.com"],"url":"https:\/\/apuntesdesanluis.com\/index.php\/author\/apuntesdesanluis-com\/"}]}},"featured_image_urls":{"full":["https:\/\/apuntesdesanluis.com\/wp-content\/uploads\/2024\/01\/ESCENARIO.png",957,555,false],"thumbnail":["https:\/\/apuntesdesanluis.com\/wp-content\/uploads\/2024\/01\/ESCENARIO-150x150.png",150,150,true],"medium":["https:\/\/apuntesdesanluis.com\/wp-content\/uploads\/2024\/01\/ESCENARIO-300x174.png",300,174,true],"medium_large":["https:\/\/apuntesdesanluis.com\/wp-content\/uploads\/2024\/01\/ESCENARIO-768x445.png",640,371,true],"large":["https:\/\/apuntesdesanluis.com\/wp-content\/uploads\/2024\/01\/ESCENARIO.png",640,371,false],"1536x1536":["https:\/\/apuntesdesanluis.com\/wp-content\/uploads\/2024\/01\/ESCENARIO.png",957,555,false],"2048x2048":["https:\/\/apuntesdesanluis.com\/wp-content\/uploads\/2024\/01\/ESCENARIO.png",957,555,false],"newsever-slider-full":["https:\/\/apuntesdesanluis.com\/wp-content\/uploads\/2024\/01\/ESCENARIO.png",957,555,false],"newsever-featured":["https:\/\/apuntesdesanluis.com\/wp-content\/uploads\/2024\/01\/ESCENARIO.png",957,555,false],"newsever-medium":["https:\/\/apuntesdesanluis.com\/wp-content\/uploads\/2024\/01\/ESCENARIO-720x475.png",720,475,true]},"author_info":{"display_name":"apuntesdesanluis.com","author_link":"https:\/\/apuntesdesanluis.com\/index.php\/author\/apuntesdesanluis-com\/"},"category_info":"<a href=\"https:\/\/apuntesdesanluis.com\/index.php\/category\/ciudad-provincia\/\" rel=\"category tag\">Ciudad\/Provincia<\/a>","tag_info":"Ciudad\/Provincia","comment_count":"0","_links":{"self":[{"href":"https:\/\/apuntesdesanluis.com\/index.php\/wp-json\/wp\/v2\/posts\/10775","targetHints":{"allow":["GET"]}}],"collection":[{"href":"https:\/\/apuntesdesanluis.com\/index.php\/wp-json\/wp\/v2\/posts"}],"about":[{"href":"https:\/\/apuntesdesanluis.com\/index.php\/wp-json\/wp\/v2\/types\/post"}],"author":[{"embeddable":true,"href":"https:\/\/apuntesdesanluis.com\/index.php\/wp-json\/wp\/v2\/users\/1"}],"replies":[{"embeddable":true,"href":"https:\/\/apuntesdesanluis.com\/index.php\/wp-json\/wp\/v2\/comments?post=10775"}],"version-history":[{"count":1,"href":"https:\/\/apuntesdesanluis.com\/index.php\/wp-json\/wp\/v2\/posts\/10775\/revisions"}],"predecessor-version":[{"id":10777,"href":"https:\/\/apuntesdesanluis.com\/index.php\/wp-json\/wp\/v2\/posts\/10775\/revisions\/10777"}],"wp:featuredmedia":[{"embeddable":true,"href":"https:\/\/apuntesdesanluis.com\/index.php\/wp-json\/wp\/v2\/media\/10776"}],"wp:attachment":[{"href":"https:\/\/apuntesdesanluis.com\/index.php\/wp-json\/wp\/v2\/media?parent=10775"}],"wp:term":[{"taxonomy":"category","embeddable":true,"href":"https:\/\/apuntesdesanluis.com\/index.php\/wp-json\/wp\/v2\/categories?post=10775"},{"taxonomy":"post_tag","embeddable":true,"href":"https:\/\/apuntesdesanluis.com\/index.php\/wp-json\/wp\/v2\/tags?post=10775"}],"curies":[{"name":"wp","href":"https:\/\/api.w.org\/{rel}","templated":true}]}}