{"id":10839,"date":"2024-01-27T14:38:51","date_gmt":"2024-01-27T17:38:51","guid":{"rendered":"https:\/\/apuntesdesanluis.com\/?p=10839"},"modified":"2024-01-27T19:13:54","modified_gmt":"2024-01-27T22:13:54","slug":"para-castigar-a-las-provincias-milei-perjudicara-a-todo-el-sector-publico-con-una-medida","status":"publish","type":"post","link":"https:\/\/apuntesdesanluis.com\/index.php\/2024\/01\/27\/para-castigar-a-las-provincias-milei-perjudicara-a-todo-el-sector-publico-con-una-medida\/","title":{"rendered":"PARA CASTIGAR A LAS PROVINCIAS, MILEI PERJUDICAR\u00c1 A TODO EL SECTOR P\u00daBLICO CON UNA MEDIDA"},"content":{"rendered":"<h3>El Gobierno de <strong>Javier Milei<\/strong> resolvi\u00f3 eliminar una excepci\u00f3n financiera del macrismo para presionar a las provincias, que terminar\u00e1 impactando en todo el sector p\u00fablico, incluidas las universidades. La medida impactar\u00e1 fuertemente en <strong>San Luis.<\/strong><\/h3>\n<h3>El vocero presidencial, <strong>Manuel Adorni<\/strong>, dijo que el Banco Central no prorrogar\u00e1 una medida de 2019 que permite a los gobiernos provinciales financiarse m\u00e1s de lo permitido con los bancos<\/h3>\n<h3>El Gobierno utiliza la creatividad para sumar todas las herramientas disponibles para presionar a las provincias en pos de conseguir mayor apoyo legislativo. Incluso puso sobre la mesa una vieja norma financiera nacida durante los \u00faltimos meses de gesti\u00f3n de Mauricio Macri, que permite a los gobiernos provinciales endeudarse m\u00e1s de la cuenta con los bancos para cubrir obligaciones de corto plazo, como el pago de salarios.<\/h3>\n<h3>El vocero presidencial, Manuel Adorni, anunci\u00f3 en una de sus tradicionales conferencias de prensas que \u201cel Banco Central (BCRA) inform\u00f3 que ha quedado fuera de agenda la extensi\u00f3n de la autorizaci\u00f3n para que las provincias se endeuden con bancos provinciales\u201d. Y agreg\u00f3 que es una \u201cmec\u00e1nica que utilizaban muchas veces [los gobiernos provinciales] para hacer frente a necesidades financieras urgentes\u201d.<\/h3>\n<h3>Adorni se refer\u00eda a una resoluci\u00f3n del Banco Central nacida el 28 de octubre de 2019, y que fue prorrogada nueve veces en los \u00faltimos a\u00f1os en las reuniones de directorio de la entidad. La \u00faltima comunicaci\u00f3n A7674, publicada el viernes pasado, informaba que la normativa se prorrogaba hasta el pr\u00f3ximo mi\u00e9rcoles 31. Luego de esa fecha, se volv\u00eda a los \u201cl\u00edmites crediticios se\u00f1alados precedentemente\u201d.<\/h3>\n<h3>Por regulaci\u00f3n del BCRA, los bancos tienen un cupo permitido de financiamiento al sector p\u00fablico. Durante los \u00faltimos meses de gobierno de Macri, cuando el actual presidente del Banco Central, Santiago Bausili, era secretario de Finanzas, la entidad public\u00f3 la comunicaci\u00f3n A6816 que habilit\u00f3 que quede excluido del c\u00f3mputo las \u201casistencias financieras con destino al pago de haberes del personal\u201d.<\/h3>\n<h3>La normativa le permiti\u00f3 a las provincias contar con liquidez extra de parte de los bancos provinciales para hacer frente al pago de salarios de empleados p\u00fablicos.<\/h3>\n<h3>La decisi\u00f3n del Gobierno de no prorrogar la exenci\u00f3n sucede justo cuando los gobernadores le manifestaron al Poder Ejecutivo la necesidad de restituir la totalidad del impuesto a las Ganancias porque se les dificulta cubrir sus gastos y pagar los sueldos. De hecho, el gobernador de La Rioja, Ricardo Quintela, recurri\u00f3 a la emisi\u00f3n de cuasimonedas para financiar el 30% de los salarios p\u00fablicos.<\/h3>\n<h3>Para el Estado nacional, por su parte, la normativa del BCRA tiene un impacto neutro: no se beneficia ni se perjudica en materia fiscal o financiera. Por eso llama la atenci\u00f3n que haya sido comunicada en medio de las negociaciones por los votos para aprobar la ley \u00f3mnibus, lo cual permite interpretarla como un \u201ccastigo\u201d hacia los gobiernos provinciales cuyos diputados no acompa\u00f1aron el DNU y la totalidad de la Ley \u00d3mnibus.<\/h3>\n<h3>El Banco Central todav\u00eda est\u00e1 a tiempo de dar marcha atr\u00e1s y volver a prorrogar la medida en la pr\u00f3xima reuni\u00f3n de directorio del jueves. De no hacerlo, varias provincias tendr\u00e1n mayores dificultades para hacer frente a los haberes del personal p\u00fablico, como Santa Fe, que utiliza el total del nuevo cupo permitido de financiamiento con los bancos.<\/h3>\n<h3>El anuncio del fin de la exenci\u00f3n es una medida m\u00e1s de presi\u00f3n del presidente Javier Milei con los gobernadores, luego de advertir en la \u00faltima reuni\u00f3n de gabinete que, si la ley \u00f3mnibus no se aprueba, se ajustar\u00e1n las transferencias a las provincias para cuidar el frente fiscal.<\/h3>\n<h3>La comunicaci\u00f3n A7674 publicada el viernes pasado dice: \u201cDentro del per\u00edodo comprendido entre el 28.10.19 y el 31.1.24 inclusive, se considerar\u00e1 -adicionalmente- como concepto excluido a los fines del c\u00f3mputo de los l\u00edmites b\u00e1sicos individuales y globales establecidos en materia de fraccionamiento del riesgo crediticio -puntos 6.1.1. y 6.1.2, respectivamente- a las asistencias financieras con destino al pago de haberes del personal que cumplan los requisitos previstos en el punto 3.2.5., por hasta el importe equivalente al l\u00edmite b\u00e1sico individual previsto en el punto 6.1.1.1. por el que puede financiarse a la jurisdicci\u00f3n de que se trate. Los adelantos que se encuentren vigentes al 1.2.24 pasar\u00e1n a estar sujetos a los l\u00edmites crediticios se\u00f1alados precedentemente\u201d.<\/h3>\n<h3><strong>IMPACTO<\/strong><\/h3>\n<h3>La decisi\u00f3n impactar\u00e1 fuertemente no s\u00f3lo en las provincias sino en el sector p\u00fablico en general y, por ende, en la propia actividad econ\u00f3mica.<\/h3>\n<h3>La medida permit\u00eda a las provincias que a trav\u00e9s de sus agentes financieros abonaran el \u00faltimo d\u00eda h\u00e1bil a sus trabajadores, dado que la Naci\u00f3n les gira los fondos siempre entre los d\u00edas 4 y 6 del mes siguiente. De tal modo los bancos le \u201cadelantan\u201d los fondos a las provincias sin cobrarles ning\u00fan inter\u00e9s, porque a los pocos d\u00edas cuando ingresan los recursos aquellos lo compensan descontando el adelanto.<\/h3>\n<h3>A partir del 31 ese beneficio dejar\u00e1 de existir, por lo que las provincias deber\u00e1n esperar que efectivamente ingresen las transferencias nacionales para poder pagar a sus empleados. Y, a su vez, los gobiernos tambi\u00e9n girar\u00e1n tard\u00edamente los fondos por coparticipaci\u00f3n a los municipios.<\/h3>\n<h3>Si bien en principio esta disposici\u00f3n s\u00f3lo afecta a los bancos p\u00fablicos, como el Naci\u00f3n, seguramente los privados seguir\u00e1n igual tesitura, para no sufrir a su vez alguna reprimenda de la autoridad central si ignoran este criterio de ajuste.<\/h3>\n<h3>Lo que no se est\u00e1 evaluando, tal vez, en su exacta dimensi\u00f3n, es que con esta eliminaci\u00f3n no s\u00f3lo se afecta a los gobiernos, sino a todo el sector p\u00fablico en general. Esto incluye a los organismos p\u00fablicos \u2013AFIP, PAMI, INTA, INTI, dependencias militares, Radio nacional, etc.- e incluso a las universidades nacionales, que utilizan el mismo anticipo financiero para pagar a su personal.<\/h3>\n<h3>De quedar firme esta resoluci\u00f3n del Central publicada en el Bolet\u00edn Oficial, los empleados p\u00fablicos nacionales, provinciales y municipales empezar\u00e1n a cobrar aproximadamente entre los d\u00edas 5 y 6 de cada mes, con lo cual sufrir\u00e1n un nuevo deterioro en sus ingresos. Pero, en provincias peque\u00f1as como <strong>San Luis<\/strong>, que ostenta una alta dependencia del empleo p\u00fablico, la medida tendr\u00e1 un efecto m\u00e1s negativo a\u00fan, porque repercutir\u00e1 en el comercio y la actividad econ\u00f3mica en general.<\/h3>\n<p>&nbsp;<\/p>\n<p>&nbsp;<\/p>\n<p>&nbsp;<\/p>\n","protected":false},"excerpt":{"rendered":"<p>El Gobierno de Javier Milei resolvi\u00f3 eliminar una excepci\u00f3n financiera del macrismo para presionar a&#8230;<\/p>\n","protected":false},"author":1,"featured_media":10326,"comment_status":"closed","ping_status":"closed","sticky":false,"template":"","format":"standard","meta":{"footnotes":""},"categories":[5],"tags":[],"class_list":["post-10839","post","type-post","status-publish","format-standard","has-post-thumbnail","hentry","category-nacionales-internacionales"],"yoast_head":"<!-- This site is optimized with the Yoast SEO plugin v26.1.1 - https:\/\/yoast.com\/wordpress\/plugins\/seo\/ -->\n<title>PARA CASTIGAR A LAS PROVINCIAS, MILEI PERJUDICAR\u00c1 A TODO EL SECTOR P\u00daBLICO CON UNA MEDIDA - Apuntes de San Luis<\/title>\n<meta name=\"robots\" content=\"index, follow, max-snippet:-1, max-image-preview:large, max-video-preview:-1\" \/>\n<link rel=\"canonical\" href=\"https:\/\/apuntesdesanluis.com\/index.php\/2024\/01\/27\/para-castigar-a-las-provincias-milei-perjudicara-a-todo-el-sector-publico-con-una-medida\/\" \/>\n<meta property=\"og:locale\" content=\"es_ES\" \/>\n<meta property=\"og:type\" content=\"article\" \/>\n<meta property=\"og:title\" content=\"PARA CASTIGAR A LAS PROVINCIAS, MILEI PERJUDICAR\u00c1 A TODO EL SECTOR P\u00daBLICO CON UNA MEDIDA - Apuntes de San Luis\" \/>\n<meta property=\"og:description\" content=\"El Gobierno de Javier Milei resolvi\u00f3 eliminar una excepci\u00f3n financiera del macrismo para presionar a...\" \/>\n<meta property=\"og:url\" content=\"https:\/\/apuntesdesanluis.com\/index.php\/2024\/01\/27\/para-castigar-a-las-provincias-milei-perjudicara-a-todo-el-sector-publico-con-una-medida\/\" \/>\n<meta property=\"og:site_name\" content=\"Apuntes de San Luis\" \/>\n<meta property=\"article:published_time\" content=\"2024-01-27T17:38:51+00:00\" \/>\n<meta property=\"article:modified_time\" content=\"2024-01-27T22:13:54+00:00\" \/>\n<meta property=\"og:image\" content=\"https:\/\/apuntesdesanluis.com\/wp-content\/uploads\/2024\/01\/adorni-2.png\" \/>\n\t<meta property=\"og:image:width\" content=\"721\" \/>\n\t<meta property=\"og:image:height\" content=\"475\" \/>\n\t<meta property=\"og:image:type\" content=\"image\/png\" \/>\n<meta name=\"author\" content=\"apuntesdesanluis.com\" \/>\n<meta name=\"twitter:card\" content=\"summary_large_image\" \/>\n<meta name=\"twitter:label1\" content=\"Escrito por\" \/>\n\t<meta name=\"twitter:data1\" content=\"apuntesdesanluis.com\" \/>\n\t<meta name=\"twitter:label2\" content=\"Tiempo de lectura\" \/>\n\t<meta name=\"twitter:data2\" content=\"5 minutos\" \/>\n<script type=\"application\/ld+json\" class=\"yoast-schema-graph\">{\"@context\":\"https:\/\/schema.org\",\"@graph\":[{\"@type\":\"Article\",\"@id\":\"https:\/\/apuntesdesanluis.com\/index.php\/2024\/01\/27\/para-castigar-a-las-provincias-milei-perjudicara-a-todo-el-sector-publico-con-una-medida\/#article\",\"isPartOf\":{\"@id\":\"https:\/\/apuntesdesanluis.com\/index.php\/2024\/01\/27\/para-castigar-a-las-provincias-milei-perjudicara-a-todo-el-sector-publico-con-una-medida\/\"},\"author\":{\"name\":\"apuntesdesanluis.com\",\"@id\":\"https:\/\/apuntesdesanluis.com\/#\/schema\/person\/b55151d52296fcce64d1a72538a70b90\"},\"headline\":\"PARA CASTIGAR A LAS PROVINCIAS, MILEI PERJUDICAR\u00c1 A TODO EL SECTOR P\u00daBLICO CON UNA MEDIDA\",\"datePublished\":\"2024-01-27T17:38:51+00:00\",\"dateModified\":\"2024-01-27T22:13:54+00:00\",\"mainEntityOfPage\":{\"@id\":\"https:\/\/apuntesdesanluis.com\/index.php\/2024\/01\/27\/para-castigar-a-las-provincias-milei-perjudicara-a-todo-el-sector-publico-con-una-medida\/\"},\"wordCount\":1112,\"publisher\":{\"@id\":\"https:\/\/apuntesdesanluis.com\/#\/schema\/person\/b55151d52296fcce64d1a72538a70b90\"},\"image\":{\"@id\":\"https:\/\/apuntesdesanluis.com\/index.php\/2024\/01\/27\/para-castigar-a-las-provincias-milei-perjudicara-a-todo-el-sector-publico-con-una-medida\/#primaryimage\"},\"thumbnailUrl\":\"https:\/\/apuntesdesanluis.com\/wp-content\/uploads\/2024\/01\/adorni-2.png\",\"articleSection\":[\"Nacionales\/Internacionales\"],\"inLanguage\":\"es-AR\"},{\"@type\":\"WebPage\",\"@id\":\"https:\/\/apuntesdesanluis.com\/index.php\/2024\/01\/27\/para-castigar-a-las-provincias-milei-perjudicara-a-todo-el-sector-publico-con-una-medida\/\",\"url\":\"https:\/\/apuntesdesanluis.com\/index.php\/2024\/01\/27\/para-castigar-a-las-provincias-milei-perjudicara-a-todo-el-sector-publico-con-una-medida\/\",\"name\":\"PARA CASTIGAR A LAS PROVINCIAS, MILEI PERJUDICAR\u00c1 A TODO EL SECTOR P\u00daBLICO CON UNA MEDIDA - Apuntes de San Luis\",\"isPartOf\":{\"@id\":\"https:\/\/apuntesdesanluis.com\/#website\"},\"primaryImageOfPage\":{\"@id\":\"https:\/\/apuntesdesanluis.com\/index.php\/2024\/01\/27\/para-castigar-a-las-provincias-milei-perjudicara-a-todo-el-sector-publico-con-una-medida\/#primaryimage\"},\"image\":{\"@id\":\"https:\/\/apuntesdesanluis.com\/index.php\/2024\/01\/27\/para-castigar-a-las-provincias-milei-perjudicara-a-todo-el-sector-publico-con-una-medida\/#primaryimage\"},\"thumbnailUrl\":\"https:\/\/apuntesdesanluis.com\/wp-content\/uploads\/2024\/01\/adorni-2.png\",\"datePublished\":\"2024-01-27T17:38:51+00:00\",\"dateModified\":\"2024-01-27T22:13:54+00:00\",\"breadcrumb\":{\"@id\":\"https:\/\/apuntesdesanluis.com\/index.php\/2024\/01\/27\/para-castigar-a-las-provincias-milei-perjudicara-a-todo-el-sector-publico-con-una-medida\/#breadcrumb\"},\"inLanguage\":\"es-AR\",\"potentialAction\":[{\"@type\":\"ReadAction\",\"target\":[\"https:\/\/apuntesdesanluis.com\/index.php\/2024\/01\/27\/para-castigar-a-las-provincias-milei-perjudicara-a-todo-el-sector-publico-con-una-medida\/\"]}]},{\"@type\":\"ImageObject\",\"inLanguage\":\"es-AR\",\"@id\":\"https:\/\/apuntesdesanluis.com\/index.php\/2024\/01\/27\/para-castigar-a-las-provincias-milei-perjudicara-a-todo-el-sector-publico-con-una-medida\/#primaryimage\",\"url\":\"https:\/\/apuntesdesanluis.com\/wp-content\/uploads\/2024\/01\/adorni-2.png\",\"contentUrl\":\"https:\/\/apuntesdesanluis.com\/wp-content\/uploads\/2024\/01\/adorni-2.png\",\"width\":721,\"height\":475},{\"@type\":\"BreadcrumbList\",\"@id\":\"https:\/\/apuntesdesanluis.com\/index.php\/2024\/01\/27\/para-castigar-a-las-provincias-milei-perjudicara-a-todo-el-sector-publico-con-una-medida\/#breadcrumb\",\"itemListElement\":[{\"@type\":\"ListItem\",\"position\":1,\"name\":\"Inicio\",\"item\":\"https:\/\/apuntesdesanluis.com\/\"},{\"@type\":\"ListItem\",\"position\":2,\"name\":\"PARA CASTIGAR A LAS PROVINCIAS, MILEI PERJUDICAR\u00c1 A TODO EL SECTOR P\u00daBLICO CON UNA MEDIDA\"}]},{\"@type\":\"WebSite\",\"@id\":\"https:\/\/apuntesdesanluis.com\/#website\",\"url\":\"https:\/\/apuntesdesanluis.com\/\",\"name\":\"Apuntes de San Luis\",\"description\":\"\",\"publisher\":{\"@id\":\"https:\/\/apuntesdesanluis.com\/#\/schema\/person\/b55151d52296fcce64d1a72538a70b90\"},\"potentialAction\":[{\"@type\":\"SearchAction\",\"target\":{\"@type\":\"EntryPoint\",\"urlTemplate\":\"https:\/\/apuntesdesanluis.com\/?s={search_term_string}\"},\"query-input\":{\"@type\":\"PropertyValueSpecification\",\"valueRequired\":true,\"valueName\":\"search_term_string\"}}],\"inLanguage\":\"es-AR\"},{\"@type\":[\"Person\",\"Organization\"],\"@id\":\"https:\/\/apuntesdesanluis.com\/#\/schema\/person\/b55151d52296fcce64d1a72538a70b90\",\"name\":\"apuntesdesanluis.com\",\"image\":{\"@type\":\"ImageObject\",\"inLanguage\":\"es-AR\",\"@id\":\"https:\/\/apuntesdesanluis.com\/#\/schema\/person\/image\/\",\"url\":\"https:\/\/apuntesdesanluis.com\/wp-content\/uploads\/2023\/07\/cropped-apuntesdesanluis.png\",\"contentUrl\":\"https:\/\/apuntesdesanluis.com\/wp-content\/uploads\/2023\/07\/cropped-apuntesdesanluis.png\",\"width\":450,\"height\":112,\"caption\":\"apuntesdesanluis.com\"},\"logo\":{\"@id\":\"https:\/\/apuntesdesanluis.com\/#\/schema\/person\/image\/\"},\"sameAs\":[\"https:\/\/apuntesdesanluis.com\"],\"url\":\"https:\/\/apuntesdesanluis.com\/index.php\/author\/apuntesdesanluis-com\/\"}]}<\/script>\n<!-- \/ Yoast SEO plugin. -->","yoast_head_json":{"title":"PARA CASTIGAR A LAS PROVINCIAS, MILEI PERJUDICAR\u00c1 A TODO EL SECTOR P\u00daBLICO CON UNA MEDIDA - Apuntes de San Luis","robots":{"index":"index","follow":"follow","max-snippet":"max-snippet:-1","max-image-preview":"max-image-preview:large","max-video-preview":"max-video-preview:-1"},"canonical":"https:\/\/apuntesdesanluis.com\/index.php\/2024\/01\/27\/para-castigar-a-las-provincias-milei-perjudicara-a-todo-el-sector-publico-con-una-medida\/","og_locale":"es_ES","og_type":"article","og_title":"PARA CASTIGAR A LAS PROVINCIAS, MILEI PERJUDICAR\u00c1 A TODO EL SECTOR P\u00daBLICO CON UNA MEDIDA - Apuntes de San Luis","og_description":"El Gobierno de Javier Milei resolvi\u00f3 eliminar una excepci\u00f3n financiera del macrismo para presionar a...","og_url":"https:\/\/apuntesdesanluis.com\/index.php\/2024\/01\/27\/para-castigar-a-las-provincias-milei-perjudicara-a-todo-el-sector-publico-con-una-medida\/","og_site_name":"Apuntes de San Luis","article_published_time":"2024-01-27T17:38:51+00:00","article_modified_time":"2024-01-27T22:13:54+00:00","og_image":[{"width":721,"height":475,"url":"https:\/\/apuntesdesanluis.com\/wp-content\/uploads\/2024\/01\/adorni-2.png","type":"image\/png"}],"author":"apuntesdesanluis.com","twitter_card":"summary_large_image","twitter_misc":{"Escrito por":"apuntesdesanluis.com","Tiempo de lectura":"5 minutos"},"schema":{"@context":"https:\/\/schema.org","@graph":[{"@type":"Article","@id":"https:\/\/apuntesdesanluis.com\/index.php\/2024\/01\/27\/para-castigar-a-las-provincias-milei-perjudicara-a-todo-el-sector-publico-con-una-medida\/#article","isPartOf":{"@id":"https:\/\/apuntesdesanluis.com\/index.php\/2024\/01\/27\/para-castigar-a-las-provincias-milei-perjudicara-a-todo-el-sector-publico-con-una-medida\/"},"author":{"name":"apuntesdesanluis.com","@id":"https:\/\/apuntesdesanluis.com\/#\/schema\/person\/b55151d52296fcce64d1a72538a70b90"},"headline":"PARA CASTIGAR A LAS PROVINCIAS, MILEI PERJUDICAR\u00c1 A TODO EL SECTOR P\u00daBLICO CON UNA MEDIDA","datePublished":"2024-01-27T17:38:51+00:00","dateModified":"2024-01-27T22:13:54+00:00","mainEntityOfPage":{"@id":"https:\/\/apuntesdesanluis.com\/index.php\/2024\/01\/27\/para-castigar-a-las-provincias-milei-perjudicara-a-todo-el-sector-publico-con-una-medida\/"},"wordCount":1112,"publisher":{"@id":"https:\/\/apuntesdesanluis.com\/#\/schema\/person\/b55151d52296fcce64d1a72538a70b90"},"image":{"@id":"https:\/\/apuntesdesanluis.com\/index.php\/2024\/01\/27\/para-castigar-a-las-provincias-milei-perjudicara-a-todo-el-sector-publico-con-una-medida\/#primaryimage"},"thumbnailUrl":"https:\/\/apuntesdesanluis.com\/wp-content\/uploads\/2024\/01\/adorni-2.png","articleSection":["Nacionales\/Internacionales"],"inLanguage":"es-AR"},{"@type":"WebPage","@id":"https:\/\/apuntesdesanluis.com\/index.php\/2024\/01\/27\/para-castigar-a-las-provincias-milei-perjudicara-a-todo-el-sector-publico-con-una-medida\/","url":"https:\/\/apuntesdesanluis.com\/index.php\/2024\/01\/27\/para-castigar-a-las-provincias-milei-perjudicara-a-todo-el-sector-publico-con-una-medida\/","name":"PARA CASTIGAR A LAS PROVINCIAS, MILEI PERJUDICAR\u00c1 A TODO EL SECTOR P\u00daBLICO CON UNA MEDIDA - Apuntes de San Luis","isPartOf":{"@id":"https:\/\/apuntesdesanluis.com\/#website"},"primaryImageOfPage":{"@id":"https:\/\/apuntesdesanluis.com\/index.php\/2024\/01\/27\/para-castigar-a-las-provincias-milei-perjudicara-a-todo-el-sector-publico-con-una-medida\/#primaryimage"},"image":{"@id":"https:\/\/apuntesdesanluis.com\/index.php\/2024\/01\/27\/para-castigar-a-las-provincias-milei-perjudicara-a-todo-el-sector-publico-con-una-medida\/#primaryimage"},"thumbnailUrl":"https:\/\/apuntesdesanluis.com\/wp-content\/uploads\/2024\/01\/adorni-2.png","datePublished":"2024-01-27T17:38:51+00:00","dateModified":"2024-01-27T22:13:54+00:00","breadcrumb":{"@id":"https:\/\/apuntesdesanluis.com\/index.php\/2024\/01\/27\/para-castigar-a-las-provincias-milei-perjudicara-a-todo-el-sector-publico-con-una-medida\/#breadcrumb"},"inLanguage":"es-AR","potentialAction":[{"@type":"ReadAction","target":["https:\/\/apuntesdesanluis.com\/index.php\/2024\/01\/27\/para-castigar-a-las-provincias-milei-perjudicara-a-todo-el-sector-publico-con-una-medida\/"]}]},{"@type":"ImageObject","inLanguage":"es-AR","@id":"https:\/\/apuntesdesanluis.com\/index.php\/2024\/01\/27\/para-castigar-a-las-provincias-milei-perjudicara-a-todo-el-sector-publico-con-una-medida\/#primaryimage","url":"https:\/\/apuntesdesanluis.com\/wp-content\/uploads\/2024\/01\/adorni-2.png","contentUrl":"https:\/\/apuntesdesanluis.com\/wp-content\/uploads\/2024\/01\/adorni-2.png","width":721,"height":475},{"@type":"BreadcrumbList","@id":"https:\/\/apuntesdesanluis.com\/index.php\/2024\/01\/27\/para-castigar-a-las-provincias-milei-perjudicara-a-todo-el-sector-publico-con-una-medida\/#breadcrumb","itemListElement":[{"@type":"ListItem","position":1,"name":"Inicio","item":"https:\/\/apuntesdesanluis.com\/"},{"@type":"ListItem","position":2,"name":"PARA CASTIGAR A LAS PROVINCIAS, MILEI PERJUDICAR\u00c1 A TODO EL SECTOR P\u00daBLICO CON UNA MEDIDA"}]},{"@type":"WebSite","@id":"https:\/\/apuntesdesanluis.com\/#website","url":"https:\/\/apuntesdesanluis.com\/","name":"Apuntes de San Luis","description":"","publisher":{"@id":"https:\/\/apuntesdesanluis.com\/#\/schema\/person\/b55151d52296fcce64d1a72538a70b90"},"potentialAction":[{"@type":"SearchAction","target":{"@type":"EntryPoint","urlTemplate":"https:\/\/apuntesdesanluis.com\/?s={search_term_string}"},"query-input":{"@type":"PropertyValueSpecification","valueRequired":true,"valueName":"search_term_string"}}],"inLanguage":"es-AR"},{"@type":["Person","Organization"],"@id":"https:\/\/apuntesdesanluis.com\/#\/schema\/person\/b55151d52296fcce64d1a72538a70b90","name":"apuntesdesanluis.com","image":{"@type":"ImageObject","inLanguage":"es-AR","@id":"https:\/\/apuntesdesanluis.com\/#\/schema\/person\/image\/","url":"https:\/\/apuntesdesanluis.com\/wp-content\/uploads\/2023\/07\/cropped-apuntesdesanluis.png","contentUrl":"https:\/\/apuntesdesanluis.com\/wp-content\/uploads\/2023\/07\/cropped-apuntesdesanluis.png","width":450,"height":112,"caption":"apuntesdesanluis.com"},"logo":{"@id":"https:\/\/apuntesdesanluis.com\/#\/schema\/person\/image\/"},"sameAs":["https:\/\/apuntesdesanluis.com"],"url":"https:\/\/apuntesdesanluis.com\/index.php\/author\/apuntesdesanluis-com\/"}]}},"featured_image_urls":{"full":["https:\/\/apuntesdesanluis.com\/wp-content\/uploads\/2024\/01\/adorni-2.png",721,475,false],"thumbnail":["https:\/\/apuntesdesanluis.com\/wp-content\/uploads\/2024\/01\/adorni-2-150x150.png",150,150,true],"medium":["https:\/\/apuntesdesanluis.com\/wp-content\/uploads\/2024\/01\/adorni-2-300x198.png",300,198,true],"medium_large":["https:\/\/apuntesdesanluis.com\/wp-content\/uploads\/2024\/01\/adorni-2.png",640,422,false],"large":["https:\/\/apuntesdesanluis.com\/wp-content\/uploads\/2024\/01\/adorni-2.png",640,422,false],"1536x1536":["https:\/\/apuntesdesanluis.com\/wp-content\/uploads\/2024\/01\/adorni-2.png",721,475,false],"2048x2048":["https:\/\/apuntesdesanluis.com\/wp-content\/uploads\/2024\/01\/adorni-2.png",721,475,false],"newsever-slider-full":["https:\/\/apuntesdesanluis.com\/wp-content\/uploads\/2024\/01\/adorni-2.png",721,475,false],"newsever-featured":["https:\/\/apuntesdesanluis.com\/wp-content\/uploads\/2024\/01\/adorni-2.png",721,475,false],"newsever-medium":["https:\/\/apuntesdesanluis.com\/wp-content\/uploads\/2024\/01\/adorni-2.png",720,474,false]},"author_info":{"display_name":"apuntesdesanluis.com","author_link":"https:\/\/apuntesdesanluis.com\/index.php\/author\/apuntesdesanluis-com\/"},"category_info":"<a href=\"https:\/\/apuntesdesanluis.com\/index.php\/category\/nacionales-internacionales\/\" rel=\"category tag\">Nacionales\/Internacionales<\/a>","tag_info":"Nacionales\/Internacionales","comment_count":"0","_links":{"self":[{"href":"https:\/\/apuntesdesanluis.com\/index.php\/wp-json\/wp\/v2\/posts\/10839","targetHints":{"allow":["GET"]}}],"collection":[{"href":"https:\/\/apuntesdesanluis.com\/index.php\/wp-json\/wp\/v2\/posts"}],"about":[{"href":"https:\/\/apuntesdesanluis.com\/index.php\/wp-json\/wp\/v2\/types\/post"}],"author":[{"embeddable":true,"href":"https:\/\/apuntesdesanluis.com\/index.php\/wp-json\/wp\/v2\/users\/1"}],"replies":[{"embeddable":true,"href":"https:\/\/apuntesdesanluis.com\/index.php\/wp-json\/wp\/v2\/comments?post=10839"}],"version-history":[{"count":3,"href":"https:\/\/apuntesdesanluis.com\/index.php\/wp-json\/wp\/v2\/posts\/10839\/revisions"}],"predecessor-version":[{"id":10853,"href":"https:\/\/apuntesdesanluis.com\/index.php\/wp-json\/wp\/v2\/posts\/10839\/revisions\/10853"}],"wp:featuredmedia":[{"embeddable":true,"href":"https:\/\/apuntesdesanluis.com\/index.php\/wp-json\/wp\/v2\/media\/10326"}],"wp:attachment":[{"href":"https:\/\/apuntesdesanluis.com\/index.php\/wp-json\/wp\/v2\/media?parent=10839"}],"wp:term":[{"taxonomy":"category","embeddable":true,"href":"https:\/\/apuntesdesanluis.com\/index.php\/wp-json\/wp\/v2\/categories?post=10839"},{"taxonomy":"post_tag","embeddable":true,"href":"https:\/\/apuntesdesanluis.com\/index.php\/wp-json\/wp\/v2\/tags?post=10839"}],"curies":[{"name":"wp","href":"https:\/\/api.w.org\/{rel}","templated":true}]}}