{"id":10849,"date":"2024-01-27T19:02:30","date_gmt":"2024-01-27T22:02:30","guid":{"rendered":"https:\/\/apuntesdesanluis.com\/?p=10849"},"modified":"2024-01-27T19:02:30","modified_gmt":"2024-01-27T22:02:30","slug":"a-los-89-anos-murio-ruben-marin-fue-cuatro-veces-gobernador-de-la-pampa","status":"publish","type":"post","link":"https:\/\/apuntesdesanluis.com\/index.php\/2024\/01\/27\/a-los-89-anos-murio-ruben-marin-fue-cuatro-veces-gobernador-de-la-pampa\/","title":{"rendered":"A LOS 89 A\u00d1OS, MURI\u00d3 RUB\u00c9N MAR\u00cdN: FUE CUATRO VECES GOBERNADOR DE LA PAMPA"},"content":{"rendered":"<h3><strong>Rub\u00e9n Hugo Mar\u00edn<\/strong>, cuatro veces gobernador de La Pampa, falleci\u00f3 hoy a los 89 a\u00f1os en la cl\u00ednica donde estaba internado por neumon\u00eda.<\/h3>\n<h3>Mar\u00edn fue gobernador de La Pampa entre 1983 y 1987, y desde 1991 a 2003. Tambi\u00e9n fue diputado nacional, senador nacional y presidente del PJ provincial y a nivel pa\u00eds.<\/h3>\n<h3>Tras recibirse de abogado fue elegido vicegobernador en el a\u00f1o 1973, acompa\u00f1ando a Jos\u00e9 Aquiles Regazzoli. Durante la \u00faltima dictadura c\u00edvico militar, estuvo preso y luego volvi\u00f3 al ejercicio de la abogac\u00eda.<\/h3>\n<h3>En 1983 fue elegido gobernador con el 40,22% de los votos; entre 1987 y 1991 no pudo ser gobernador porque no hab\u00eda reelecci\u00f3n; y volvi\u00f3 a ganar las elecciones provinciales en 1991 con el 49 % de los votos.<\/h3>\n<h3>En 1995 se volvi\u00f3 a presentar y obtuvo el 54 % de los votos; y por \u00faltimo busc\u00f3 su primera reelecci\u00f3n constitucional, en 1999, que logr\u00f3 con el 57 % de los votos.<\/h3>\n<h3>Tambi\u00e9n ocup\u00f3 una banca de diputado nacional entre 1987 y 1989, cuando asumi\u00f3 como senador nacional hasta 1991; y de 2003 a 2009 fue senador nacional.<\/h3>\n<h3>Mar\u00edn fue quien encabez\u00f3 la transformaci\u00f3n de La Pampa, ya que durante sus gobiernos se extendieron las redes de servicios de gas natural, cloacas, fluviales, pluviales, electricidad, asfalto, a gran parte del territorio provincial.<\/h3>\n","protected":false},"excerpt":{"rendered":"<p>Rub\u00e9n Hugo Mar\u00edn, cuatro veces gobernador de La Pampa, falleci\u00f3 hoy a los 89 a\u00f1os&#8230;<\/p>\n","protected":false},"author":1,"featured_media":10850,"comment_status":"closed","ping_status":"closed","sticky":false,"template":"","format":"standard","meta":{"footnotes":""},"categories":[5],"tags":[],"class_list":["post-10849","post","type-post","status-publish","format-standard","has-post-thumbnail","hentry","category-nacionales-internacionales"],"yoast_head":"<!-- This site is optimized with the Yoast SEO plugin v26.1.1 - https:\/\/yoast.com\/wordpress\/plugins\/seo\/ -->\n<title>A LOS 89 A\u00d1OS, MURI\u00d3 RUB\u00c9N MAR\u00cdN: FUE CUATRO VECES GOBERNADOR DE LA PAMPA - Apuntes de San Luis<\/title>\n<meta name=\"robots\" content=\"index, follow, max-snippet:-1, max-image-preview:large, max-video-preview:-1\" \/>\n<link rel=\"canonical\" href=\"https:\/\/apuntesdesanluis.com\/index.php\/2024\/01\/27\/a-los-89-anos-murio-ruben-marin-fue-cuatro-veces-gobernador-de-la-pampa\/\" \/>\n<meta property=\"og:locale\" content=\"es_ES\" \/>\n<meta property=\"og:type\" content=\"article\" \/>\n<meta property=\"og:title\" content=\"A LOS 89 A\u00d1OS, MURI\u00d3 RUB\u00c9N MAR\u00cdN: FUE CUATRO VECES GOBERNADOR DE LA PAMPA - Apuntes de San Luis\" \/>\n<meta property=\"og:description\" content=\"Rub\u00e9n Hugo Mar\u00edn, cuatro veces gobernador de La Pampa, falleci\u00f3 hoy a los 89 a\u00f1os...\" \/>\n<meta property=\"og:url\" content=\"https:\/\/apuntesdesanluis.com\/index.php\/2024\/01\/27\/a-los-89-anos-murio-ruben-marin-fue-cuatro-veces-gobernador-de-la-pampa\/\" \/>\n<meta property=\"og:site_name\" content=\"Apuntes de San Luis\" \/>\n<meta property=\"article:published_time\" content=\"2024-01-27T22:02:30+00:00\" \/>\n<meta property=\"og:image\" content=\"https:\/\/apuntesdesanluis.com\/wp-content\/uploads\/2024\/01\/MARIN.jpg\" \/>\n\t<meta property=\"og:image:width\" content=\"600\" \/>\n\t<meta property=\"og:image:height\" content=\"337\" \/>\n\t<meta property=\"og:image:type\" content=\"image\/jpeg\" \/>\n<meta name=\"author\" content=\"apuntesdesanluis.com\" \/>\n<meta name=\"twitter:card\" content=\"summary_large_image\" \/>\n<meta name=\"twitter:label1\" content=\"Escrito por\" \/>\n\t<meta name=\"twitter:data1\" content=\"apuntesdesanluis.com\" \/>\n\t<meta name=\"twitter:label2\" content=\"Tiempo de lectura\" \/>\n\t<meta name=\"twitter:data2\" content=\"1 minuto\" \/>\n<script type=\"application\/ld+json\" class=\"yoast-schema-graph\">{\"@context\":\"https:\/\/schema.org\",\"@graph\":[{\"@type\":\"Article\",\"@id\":\"https:\/\/apuntesdesanluis.com\/index.php\/2024\/01\/27\/a-los-89-anos-murio-ruben-marin-fue-cuatro-veces-gobernador-de-la-pampa\/#article\",\"isPartOf\":{\"@id\":\"https:\/\/apuntesdesanluis.com\/index.php\/2024\/01\/27\/a-los-89-anos-murio-ruben-marin-fue-cuatro-veces-gobernador-de-la-pampa\/\"},\"author\":{\"name\":\"apuntesdesanluis.com\",\"@id\":\"https:\/\/apuntesdesanluis.com\/#\/schema\/person\/b55151d52296fcce64d1a72538a70b90\"},\"headline\":\"A LOS 89 A\u00d1OS, MURI\u00d3 RUB\u00c9N MAR\u00cdN: FUE CUATRO VECES GOBERNADOR DE LA PAMPA\",\"datePublished\":\"2024-01-27T22:02:30+00:00\",\"mainEntityOfPage\":{\"@id\":\"https:\/\/apuntesdesanluis.com\/index.php\/2024\/01\/27\/a-los-89-anos-murio-ruben-marin-fue-cuatro-veces-gobernador-de-la-pampa\/\"},\"wordCount\":227,\"publisher\":{\"@id\":\"https:\/\/apuntesdesanluis.com\/#\/schema\/person\/b55151d52296fcce64d1a72538a70b90\"},\"image\":{\"@id\":\"https:\/\/apuntesdesanluis.com\/index.php\/2024\/01\/27\/a-los-89-anos-murio-ruben-marin-fue-cuatro-veces-gobernador-de-la-pampa\/#primaryimage\"},\"thumbnailUrl\":\"https:\/\/apuntesdesanluis.com\/wp-content\/uploads\/2024\/01\/MARIN.jpg\",\"articleSection\":[\"Nacionales\/Internacionales\"],\"inLanguage\":\"es-AR\"},{\"@type\":\"WebPage\",\"@id\":\"https:\/\/apuntesdesanluis.com\/index.php\/2024\/01\/27\/a-los-89-anos-murio-ruben-marin-fue-cuatro-veces-gobernador-de-la-pampa\/\",\"url\":\"https:\/\/apuntesdesanluis.com\/index.php\/2024\/01\/27\/a-los-89-anos-murio-ruben-marin-fue-cuatro-veces-gobernador-de-la-pampa\/\",\"name\":\"A LOS 89 A\u00d1OS, MURI\u00d3 RUB\u00c9N MAR\u00cdN: FUE CUATRO VECES GOBERNADOR DE LA PAMPA - Apuntes de San Luis\",\"isPartOf\":{\"@id\":\"https:\/\/apuntesdesanluis.com\/#website\"},\"primaryImageOfPage\":{\"@id\":\"https:\/\/apuntesdesanluis.com\/index.php\/2024\/01\/27\/a-los-89-anos-murio-ruben-marin-fue-cuatro-veces-gobernador-de-la-pampa\/#primaryimage\"},\"image\":{\"@id\":\"https:\/\/apuntesdesanluis.com\/index.php\/2024\/01\/27\/a-los-89-anos-murio-ruben-marin-fue-cuatro-veces-gobernador-de-la-pampa\/#primaryimage\"},\"thumbnailUrl\":\"https:\/\/apuntesdesanluis.com\/wp-content\/uploads\/2024\/01\/MARIN.jpg\",\"datePublished\":\"2024-01-27T22:02:30+00:00\",\"breadcrumb\":{\"@id\":\"https:\/\/apuntesdesanluis.com\/index.php\/2024\/01\/27\/a-los-89-anos-murio-ruben-marin-fue-cuatro-veces-gobernador-de-la-pampa\/#breadcrumb\"},\"inLanguage\":\"es-AR\",\"potentialAction\":[{\"@type\":\"ReadAction\",\"target\":[\"https:\/\/apuntesdesanluis.com\/index.php\/2024\/01\/27\/a-los-89-anos-murio-ruben-marin-fue-cuatro-veces-gobernador-de-la-pampa\/\"]}]},{\"@type\":\"ImageObject\",\"inLanguage\":\"es-AR\",\"@id\":\"https:\/\/apuntesdesanluis.com\/index.php\/2024\/01\/27\/a-los-89-anos-murio-ruben-marin-fue-cuatro-veces-gobernador-de-la-pampa\/#primaryimage\",\"url\":\"https:\/\/apuntesdesanluis.com\/wp-content\/uploads\/2024\/01\/MARIN.jpg\",\"contentUrl\":\"https:\/\/apuntesdesanluis.com\/wp-content\/uploads\/2024\/01\/MARIN.jpg\",\"width\":600,\"height\":337},{\"@type\":\"BreadcrumbList\",\"@id\":\"https:\/\/apuntesdesanluis.com\/index.php\/2024\/01\/27\/a-los-89-anos-murio-ruben-marin-fue-cuatro-veces-gobernador-de-la-pampa\/#breadcrumb\",\"itemListElement\":[{\"@type\":\"ListItem\",\"position\":1,\"name\":\"Inicio\",\"item\":\"https:\/\/apuntesdesanluis.com\/\"},{\"@type\":\"ListItem\",\"position\":2,\"name\":\"A LOS 89 A\u00d1OS, MURI\u00d3 RUB\u00c9N MAR\u00cdN: FUE CUATRO VECES GOBERNADOR DE LA PAMPA\"}]},{\"@type\":\"WebSite\",\"@id\":\"https:\/\/apuntesdesanluis.com\/#website\",\"url\":\"https:\/\/apuntesdesanluis.com\/\",\"name\":\"Apuntes de San Luis\",\"description\":\"\",\"publisher\":{\"@id\":\"https:\/\/apuntesdesanluis.com\/#\/schema\/person\/b55151d52296fcce64d1a72538a70b90\"},\"potentialAction\":[{\"@type\":\"SearchAction\",\"target\":{\"@type\":\"EntryPoint\",\"urlTemplate\":\"https:\/\/apuntesdesanluis.com\/?s={search_term_string}\"},\"query-input\":{\"@type\":\"PropertyValueSpecification\",\"valueRequired\":true,\"valueName\":\"search_term_string\"}}],\"inLanguage\":\"es-AR\"},{\"@type\":[\"Person\",\"Organization\"],\"@id\":\"https:\/\/apuntesdesanluis.com\/#\/schema\/person\/b55151d52296fcce64d1a72538a70b90\",\"name\":\"apuntesdesanluis.com\",\"image\":{\"@type\":\"ImageObject\",\"inLanguage\":\"es-AR\",\"@id\":\"https:\/\/apuntesdesanluis.com\/#\/schema\/person\/image\/\",\"url\":\"https:\/\/apuntesdesanluis.com\/wp-content\/uploads\/2023\/07\/cropped-apuntesdesanluis.png\",\"contentUrl\":\"https:\/\/apuntesdesanluis.com\/wp-content\/uploads\/2023\/07\/cropped-apuntesdesanluis.png\",\"width\":450,\"height\":112,\"caption\":\"apuntesdesanluis.com\"},\"logo\":{\"@id\":\"https:\/\/apuntesdesanluis.com\/#\/schema\/person\/image\/\"},\"sameAs\":[\"https:\/\/apuntesdesanluis.com\"],\"url\":\"https:\/\/apuntesdesanluis.com\/index.php\/author\/apuntesdesanluis-com\/\"}]}<\/script>\n<!-- \/ Yoast SEO plugin. -->","yoast_head_json":{"title":"A LOS 89 A\u00d1OS, MURI\u00d3 RUB\u00c9N MAR\u00cdN: FUE CUATRO VECES GOBERNADOR DE LA PAMPA - Apuntes de San Luis","robots":{"index":"index","follow":"follow","max-snippet":"max-snippet:-1","max-image-preview":"max-image-preview:large","max-video-preview":"max-video-preview:-1"},"canonical":"https:\/\/apuntesdesanluis.com\/index.php\/2024\/01\/27\/a-los-89-anos-murio-ruben-marin-fue-cuatro-veces-gobernador-de-la-pampa\/","og_locale":"es_ES","og_type":"article","og_title":"A LOS 89 A\u00d1OS, MURI\u00d3 RUB\u00c9N MAR\u00cdN: FUE CUATRO VECES GOBERNADOR DE LA PAMPA - Apuntes de San Luis","og_description":"Rub\u00e9n Hugo Mar\u00edn, cuatro veces gobernador de La Pampa, falleci\u00f3 hoy a los 89 a\u00f1os...","og_url":"https:\/\/apuntesdesanluis.com\/index.php\/2024\/01\/27\/a-los-89-anos-murio-ruben-marin-fue-cuatro-veces-gobernador-de-la-pampa\/","og_site_name":"Apuntes de San Luis","article_published_time":"2024-01-27T22:02:30+00:00","og_image":[{"width":600,"height":337,"url":"https:\/\/apuntesdesanluis.com\/wp-content\/uploads\/2024\/01\/MARIN.jpg","type":"image\/jpeg"}],"author":"apuntesdesanluis.com","twitter_card":"summary_large_image","twitter_misc":{"Escrito por":"apuntesdesanluis.com","Tiempo de lectura":"1 minuto"},"schema":{"@context":"https:\/\/schema.org","@graph":[{"@type":"Article","@id":"https:\/\/apuntesdesanluis.com\/index.php\/2024\/01\/27\/a-los-89-anos-murio-ruben-marin-fue-cuatro-veces-gobernador-de-la-pampa\/#article","isPartOf":{"@id":"https:\/\/apuntesdesanluis.com\/index.php\/2024\/01\/27\/a-los-89-anos-murio-ruben-marin-fue-cuatro-veces-gobernador-de-la-pampa\/"},"author":{"name":"apuntesdesanluis.com","@id":"https:\/\/apuntesdesanluis.com\/#\/schema\/person\/b55151d52296fcce64d1a72538a70b90"},"headline":"A LOS 89 A\u00d1OS, MURI\u00d3 RUB\u00c9N MAR\u00cdN: FUE CUATRO VECES GOBERNADOR DE LA PAMPA","datePublished":"2024-01-27T22:02:30+00:00","mainEntityOfPage":{"@id":"https:\/\/apuntesdesanluis.com\/index.php\/2024\/01\/27\/a-los-89-anos-murio-ruben-marin-fue-cuatro-veces-gobernador-de-la-pampa\/"},"wordCount":227,"publisher":{"@id":"https:\/\/apuntesdesanluis.com\/#\/schema\/person\/b55151d52296fcce64d1a72538a70b90"},"image":{"@id":"https:\/\/apuntesdesanluis.com\/index.php\/2024\/01\/27\/a-los-89-anos-murio-ruben-marin-fue-cuatro-veces-gobernador-de-la-pampa\/#primaryimage"},"thumbnailUrl":"https:\/\/apuntesdesanluis.com\/wp-content\/uploads\/2024\/01\/MARIN.jpg","articleSection":["Nacionales\/Internacionales"],"inLanguage":"es-AR"},{"@type":"WebPage","@id":"https:\/\/apuntesdesanluis.com\/index.php\/2024\/01\/27\/a-los-89-anos-murio-ruben-marin-fue-cuatro-veces-gobernador-de-la-pampa\/","url":"https:\/\/apuntesdesanluis.com\/index.php\/2024\/01\/27\/a-los-89-anos-murio-ruben-marin-fue-cuatro-veces-gobernador-de-la-pampa\/","name":"A LOS 89 A\u00d1OS, MURI\u00d3 RUB\u00c9N MAR\u00cdN: FUE CUATRO VECES GOBERNADOR DE LA PAMPA - Apuntes de San Luis","isPartOf":{"@id":"https:\/\/apuntesdesanluis.com\/#website"},"primaryImageOfPage":{"@id":"https:\/\/apuntesdesanluis.com\/index.php\/2024\/01\/27\/a-los-89-anos-murio-ruben-marin-fue-cuatro-veces-gobernador-de-la-pampa\/#primaryimage"},"image":{"@id":"https:\/\/apuntesdesanluis.com\/index.php\/2024\/01\/27\/a-los-89-anos-murio-ruben-marin-fue-cuatro-veces-gobernador-de-la-pampa\/#primaryimage"},"thumbnailUrl":"https:\/\/apuntesdesanluis.com\/wp-content\/uploads\/2024\/01\/MARIN.jpg","datePublished":"2024-01-27T22:02:30+00:00","breadcrumb":{"@id":"https:\/\/apuntesdesanluis.com\/index.php\/2024\/01\/27\/a-los-89-anos-murio-ruben-marin-fue-cuatro-veces-gobernador-de-la-pampa\/#breadcrumb"},"inLanguage":"es-AR","potentialAction":[{"@type":"ReadAction","target":["https:\/\/apuntesdesanluis.com\/index.php\/2024\/01\/27\/a-los-89-anos-murio-ruben-marin-fue-cuatro-veces-gobernador-de-la-pampa\/"]}]},{"@type":"ImageObject","inLanguage":"es-AR","@id":"https:\/\/apuntesdesanluis.com\/index.php\/2024\/01\/27\/a-los-89-anos-murio-ruben-marin-fue-cuatro-veces-gobernador-de-la-pampa\/#primaryimage","url":"https:\/\/apuntesdesanluis.com\/wp-content\/uploads\/2024\/01\/MARIN.jpg","contentUrl":"https:\/\/apuntesdesanluis.com\/wp-content\/uploads\/2024\/01\/MARIN.jpg","width":600,"height":337},{"@type":"BreadcrumbList","@id":"https:\/\/apuntesdesanluis.com\/index.php\/2024\/01\/27\/a-los-89-anos-murio-ruben-marin-fue-cuatro-veces-gobernador-de-la-pampa\/#breadcrumb","itemListElement":[{"@type":"ListItem","position":1,"name":"Inicio","item":"https:\/\/apuntesdesanluis.com\/"},{"@type":"ListItem","position":2,"name":"A LOS 89 A\u00d1OS, MURI\u00d3 RUB\u00c9N MAR\u00cdN: FUE CUATRO VECES GOBERNADOR DE LA PAMPA"}]},{"@type":"WebSite","@id":"https:\/\/apuntesdesanluis.com\/#website","url":"https:\/\/apuntesdesanluis.com\/","name":"Apuntes de San Luis","description":"","publisher":{"@id":"https:\/\/apuntesdesanluis.com\/#\/schema\/person\/b55151d52296fcce64d1a72538a70b90"},"potentialAction":[{"@type":"SearchAction","target":{"@type":"EntryPoint","urlTemplate":"https:\/\/apuntesdesanluis.com\/?s={search_term_string}"},"query-input":{"@type":"PropertyValueSpecification","valueRequired":true,"valueName":"search_term_string"}}],"inLanguage":"es-AR"},{"@type":["Person","Organization"],"@id":"https:\/\/apuntesdesanluis.com\/#\/schema\/person\/b55151d52296fcce64d1a72538a70b90","name":"apuntesdesanluis.com","image":{"@type":"ImageObject","inLanguage":"es-AR","@id":"https:\/\/apuntesdesanluis.com\/#\/schema\/person\/image\/","url":"https:\/\/apuntesdesanluis.com\/wp-content\/uploads\/2023\/07\/cropped-apuntesdesanluis.png","contentUrl":"https:\/\/apuntesdesanluis.com\/wp-content\/uploads\/2023\/07\/cropped-apuntesdesanluis.png","width":450,"height":112,"caption":"apuntesdesanluis.com"},"logo":{"@id":"https:\/\/apuntesdesanluis.com\/#\/schema\/person\/image\/"},"sameAs":["https:\/\/apuntesdesanluis.com"],"url":"https:\/\/apuntesdesanluis.com\/index.php\/author\/apuntesdesanluis-com\/"}]}},"featured_image_urls":{"full":["https:\/\/apuntesdesanluis.com\/wp-content\/uploads\/2024\/01\/MARIN.jpg",600,337,false],"thumbnail":["https:\/\/apuntesdesanluis.com\/wp-content\/uploads\/2024\/01\/MARIN-150x150.jpg",150,150,true],"medium":["https:\/\/apuntesdesanluis.com\/wp-content\/uploads\/2024\/01\/MARIN-300x169.jpg",300,169,true],"medium_large":["https:\/\/apuntesdesanluis.com\/wp-content\/uploads\/2024\/01\/MARIN.jpg",600,337,false],"large":["https:\/\/apuntesdesanluis.com\/wp-content\/uploads\/2024\/01\/MARIN.jpg",600,337,false],"1536x1536":["https:\/\/apuntesdesanluis.com\/wp-content\/uploads\/2024\/01\/MARIN.jpg",600,337,false],"2048x2048":["https:\/\/apuntesdesanluis.com\/wp-content\/uploads\/2024\/01\/MARIN.jpg",600,337,false],"newsever-slider-full":["https:\/\/apuntesdesanluis.com\/wp-content\/uploads\/2024\/01\/MARIN.jpg",600,337,false],"newsever-featured":["https:\/\/apuntesdesanluis.com\/wp-content\/uploads\/2024\/01\/MARIN.jpg",600,337,false],"newsever-medium":["https:\/\/apuntesdesanluis.com\/wp-content\/uploads\/2024\/01\/MARIN.jpg",600,337,false]},"author_info":{"display_name":"apuntesdesanluis.com","author_link":"https:\/\/apuntesdesanluis.com\/index.php\/author\/apuntesdesanluis-com\/"},"category_info":"<a href=\"https:\/\/apuntesdesanluis.com\/index.php\/category\/nacionales-internacionales\/\" rel=\"category tag\">Nacionales\/Internacionales<\/a>","tag_info":"Nacionales\/Internacionales","comment_count":"0","_links":{"self":[{"href":"https:\/\/apuntesdesanluis.com\/index.php\/wp-json\/wp\/v2\/posts\/10849","targetHints":{"allow":["GET"]}}],"collection":[{"href":"https:\/\/apuntesdesanluis.com\/index.php\/wp-json\/wp\/v2\/posts"}],"about":[{"href":"https:\/\/apuntesdesanluis.com\/index.php\/wp-json\/wp\/v2\/types\/post"}],"author":[{"embeddable":true,"href":"https:\/\/apuntesdesanluis.com\/index.php\/wp-json\/wp\/v2\/users\/1"}],"replies":[{"embeddable":true,"href":"https:\/\/apuntesdesanluis.com\/index.php\/wp-json\/wp\/v2\/comments?post=10849"}],"version-history":[{"count":1,"href":"https:\/\/apuntesdesanluis.com\/index.php\/wp-json\/wp\/v2\/posts\/10849\/revisions"}],"predecessor-version":[{"id":10851,"href":"https:\/\/apuntesdesanluis.com\/index.php\/wp-json\/wp\/v2\/posts\/10849\/revisions\/10851"}],"wp:featuredmedia":[{"embeddable":true,"href":"https:\/\/apuntesdesanluis.com\/index.php\/wp-json\/wp\/v2\/media\/10850"}],"wp:attachment":[{"href":"https:\/\/apuntesdesanluis.com\/index.php\/wp-json\/wp\/v2\/media?parent=10849"}],"wp:term":[{"taxonomy":"category","embeddable":true,"href":"https:\/\/apuntesdesanluis.com\/index.php\/wp-json\/wp\/v2\/categories?post=10849"},{"taxonomy":"post_tag","embeddable":true,"href":"https:\/\/apuntesdesanluis.com\/index.php\/wp-json\/wp\/v2\/tags?post=10849"}],"curies":[{"name":"wp","href":"https:\/\/api.w.org\/{rel}","templated":true}]}}