{"id":10869,"date":"2024-01-27T20:50:32","date_gmt":"2024-01-27T23:50:32","guid":{"rendered":"https:\/\/apuntesdesanluis.com\/?p=10869"},"modified":"2024-01-27T20:50:32","modified_gmt":"2024-01-27T23:50:32","slug":"el-fuego-en-el-parque-nacional-los-alerces-ya-consumio-casi-600-hectareas","status":"publish","type":"post","link":"https:\/\/apuntesdesanluis.com\/index.php\/2024\/01\/27\/el-fuego-en-el-parque-nacional-los-alerces-ya-consumio-casi-600-hectareas\/","title":{"rendered":"EL FUEGO EN EL PARQUE NACIONAL LOS ALERCES YA CONSUMI\u00d3 CASI 600 HECT\u00c1REAS"},"content":{"rendered":"<h3>Brigadistas siguen trabajando pero no consiguen controlar las llamas<\/h3>\n<h3>El incendio en el Parque Los Alerces, en la provincia de Chubut, ya arras\u00f3 alrededor de 600 hect\u00e1reas de bosque nativo en menos de 48 horas, y contin\u00faa propag\u00e1ndose sin control, pese a la intensa tarea de los brigadistas.<\/h3>\n<h3>En el operativo de este s\u00e1bado trabaj\u00f3 personal de Parques Nacionales, Servicio Provincial del Manejo del Fuego, Servicio Nacional del Manejo del Fuego (SNMF), Bomberos, Gendarmer\u00eda, Prefectura y Defensa Civil.<\/h3>\n<p><img fetchpriority=\"high\" decoding=\"async\" class=\"wp-image-10871 aligncenter\" src=\"https:\/\/apuntesdesanluis.com\/wp-content\/uploads\/2024\/01\/helicoptero-300x153.webp\" alt=\"\" width=\"676\" height=\"345\" srcset=\"https:\/\/apuntesdesanluis.com\/wp-content\/uploads\/2024\/01\/helicoptero-300x153.webp 300w, https:\/\/apuntesdesanluis.com\/wp-content\/uploads\/2024\/01\/helicoptero-1024x522.webp 1024w, https:\/\/apuntesdesanluis.com\/wp-content\/uploads\/2024\/01\/helicoptero-768x391.webp 768w, https:\/\/apuntesdesanluis.com\/wp-content\/uploads\/2024\/01\/helicoptero.webp 1280w\" sizes=\"(max-width: 676px) 100vw, 676px\" \/><\/p>\n<h3>Adem\u00e1s, dos aviones hidrantes y dos helic\u00f3pteros participaron de las tareas en la zona de Bah\u00eda Rosales, en el Lago Futalaufquen, y sus inmediaciones.<\/h3>\n<h3>En tanto, el humo de los incendios alcanz\u00f3 a la ciudad de Esquel y otras localidades cercanas, como Trevel\u00edn, en medio de condiciones clim\u00e1ticas adversas, con elevada temperatura y fuertes vientos, que llegaron a r\u00e1fagas de 50 kil\u00f3metros por hora.<\/h3>\n<h3>Seg\u00fan los primeros indicios el fuego se habr\u00eda iniciado en dos focos intencionales, habida cuenta de que ambos comenzaron simult\u00e1neamente el jueves por la noche, y a poca distancia uno de otro.<\/h3>\n<h3>Por su parte, las autoridades emitieron un alerta por extremo peligro de incendio para otras regiones de la Patagonia, debido a las altas tempertaturas, el bajo porcentaje de humedad y la intensidad de los vientos durante los pr\u00f3ximos cuatro d\u00edas.<\/h3>\n<h3>El \u00faltimo informe t\u00e9cnico del Servicio Nacional de Manejo del Fuego detall\u00f3 que las provincias de La Pampa, Neuqu\u00e9n, R\u00edo Negro, Chubut, Santa Cruz y Tierra del Fuego est\u00e1n en una situaci\u00f3n cr\u00edtica y se\u00f1al\u00f3 que las condiciones extremas de peligro persistir\u00e1n por varias jornadas.<\/h3>\n<h3>Por tal motivo, las autoridades solicitaron evitar el uso de fogones habilitados y respetar las indicaciones diarias sobre los \u00edndices de riesgo proporcionados por las \u00e1reas protegidas. Asimismo, y con el objetivo de garantizar la seguridad de los residentes y visitantes, pidieron transitar con m\u00e1xima precauci\u00f3n por la ruta 71, que podr\u00eda verse afectada por el avance del fuego.<\/h3>\n<h3>De acuerdo con esa solicitud, &#8220;la m\u00e1xima precauci\u00f3n es crucial para prevenir incendios forestales y proteger la biodiversidad de estos ecosistemas vulnerables&#8221;.<\/h3>\n<p>&nbsp;<\/p>\n<p>&nbsp;<\/p>\n<p>&nbsp;<\/p>\n<p>&nbsp;<\/p>\n<p>&nbsp;<\/p>\n<p>&nbsp;<\/p>\n","protected":false},"excerpt":{"rendered":"<p>Brigadistas siguen trabajando pero no consiguen controlar las llamas El incendio en el Parque Los&#8230;<\/p>\n","protected":false},"author":1,"featured_media":10870,"comment_status":"closed","ping_status":"closed","sticky":false,"template":"","format":"standard","meta":{"footnotes":""},"categories":[5],"tags":[],"class_list":["post-10869","post","type-post","status-publish","format-standard","has-post-thumbnail","hentry","category-nacionales-internacionales"],"yoast_head":"<!-- This site is optimized with the Yoast SEO plugin v26.1.1 - https:\/\/yoast.com\/wordpress\/plugins\/seo\/ -->\n<title>EL FUEGO EN EL PARQUE NACIONAL LOS ALERCES YA CONSUMI\u00d3 CASI 600 HECT\u00c1REAS - Apuntes de San Luis<\/title>\n<meta name=\"robots\" content=\"index, follow, max-snippet:-1, max-image-preview:large, max-video-preview:-1\" \/>\n<link rel=\"canonical\" href=\"https:\/\/apuntesdesanluis.com\/index.php\/2024\/01\/27\/el-fuego-en-el-parque-nacional-los-alerces-ya-consumio-casi-600-hectareas\/\" \/>\n<meta property=\"og:locale\" content=\"es_ES\" \/>\n<meta property=\"og:type\" content=\"article\" \/>\n<meta property=\"og:title\" content=\"EL FUEGO EN EL PARQUE NACIONAL LOS ALERCES YA CONSUMI\u00d3 CASI 600 HECT\u00c1REAS - Apuntes de San Luis\" \/>\n<meta property=\"og:description\" content=\"Brigadistas siguen trabajando pero no consiguen controlar las llamas El incendio en el Parque Los...\" \/>\n<meta property=\"og:url\" content=\"https:\/\/apuntesdesanluis.com\/index.php\/2024\/01\/27\/el-fuego-en-el-parque-nacional-los-alerces-ya-consumio-casi-600-hectareas\/\" \/>\n<meta property=\"og:site_name\" content=\"Apuntes de San Luis\" \/>\n<meta property=\"article:published_time\" content=\"2024-01-27T23:50:32+00:00\" \/>\n<meta property=\"og:image\" content=\"https:\/\/apuntesdesanluis.com\/wp-content\/uploads\/2024\/01\/los-alerces.webp\" \/>\n\t<meta property=\"og:image:width\" content=\"608\" \/>\n\t<meta property=\"og:image:height\" content=\"342\" \/>\n\t<meta property=\"og:image:type\" content=\"image\/webp\" \/>\n<meta name=\"author\" content=\"apuntesdesanluis.com\" \/>\n<meta name=\"twitter:card\" content=\"summary_large_image\" \/>\n<meta name=\"twitter:label1\" content=\"Escrito por\" \/>\n\t<meta name=\"twitter:data1\" content=\"apuntesdesanluis.com\" \/>\n\t<meta name=\"twitter:label2\" content=\"Tiempo de lectura\" \/>\n\t<meta name=\"twitter:data2\" content=\"2 minutos\" \/>\n<script type=\"application\/ld+json\" class=\"yoast-schema-graph\">{\"@context\":\"https:\/\/schema.org\",\"@graph\":[{\"@type\":\"Article\",\"@id\":\"https:\/\/apuntesdesanluis.com\/index.php\/2024\/01\/27\/el-fuego-en-el-parque-nacional-los-alerces-ya-consumio-casi-600-hectareas\/#article\",\"isPartOf\":{\"@id\":\"https:\/\/apuntesdesanluis.com\/index.php\/2024\/01\/27\/el-fuego-en-el-parque-nacional-los-alerces-ya-consumio-casi-600-hectareas\/\"},\"author\":{\"name\":\"apuntesdesanluis.com\",\"@id\":\"https:\/\/apuntesdesanluis.com\/#\/schema\/person\/b55151d52296fcce64d1a72538a70b90\"},\"headline\":\"EL FUEGO EN EL PARQUE NACIONAL LOS ALERCES YA CONSUMI\u00d3 CASI 600 HECT\u00c1REAS\",\"datePublished\":\"2024-01-27T23:50:32+00:00\",\"mainEntityOfPage\":{\"@id\":\"https:\/\/apuntesdesanluis.com\/index.php\/2024\/01\/27\/el-fuego-en-el-parque-nacional-los-alerces-ya-consumio-casi-600-hectareas\/\"},\"wordCount\":385,\"publisher\":{\"@id\":\"https:\/\/apuntesdesanluis.com\/#\/schema\/person\/b55151d52296fcce64d1a72538a70b90\"},\"image\":{\"@id\":\"https:\/\/apuntesdesanluis.com\/index.php\/2024\/01\/27\/el-fuego-en-el-parque-nacional-los-alerces-ya-consumio-casi-600-hectareas\/#primaryimage\"},\"thumbnailUrl\":\"https:\/\/apuntesdesanluis.com\/wp-content\/uploads\/2024\/01\/los-alerces.webp\",\"articleSection\":[\"Nacionales\/Internacionales\"],\"inLanguage\":\"es-AR\"},{\"@type\":\"WebPage\",\"@id\":\"https:\/\/apuntesdesanluis.com\/index.php\/2024\/01\/27\/el-fuego-en-el-parque-nacional-los-alerces-ya-consumio-casi-600-hectareas\/\",\"url\":\"https:\/\/apuntesdesanluis.com\/index.php\/2024\/01\/27\/el-fuego-en-el-parque-nacional-los-alerces-ya-consumio-casi-600-hectareas\/\",\"name\":\"EL FUEGO EN EL PARQUE NACIONAL LOS ALERCES YA CONSUMI\u00d3 CASI 600 HECT\u00c1REAS - Apuntes de San Luis\",\"isPartOf\":{\"@id\":\"https:\/\/apuntesdesanluis.com\/#website\"},\"primaryImageOfPage\":{\"@id\":\"https:\/\/apuntesdesanluis.com\/index.php\/2024\/01\/27\/el-fuego-en-el-parque-nacional-los-alerces-ya-consumio-casi-600-hectareas\/#primaryimage\"},\"image\":{\"@id\":\"https:\/\/apuntesdesanluis.com\/index.php\/2024\/01\/27\/el-fuego-en-el-parque-nacional-los-alerces-ya-consumio-casi-600-hectareas\/#primaryimage\"},\"thumbnailUrl\":\"https:\/\/apuntesdesanluis.com\/wp-content\/uploads\/2024\/01\/los-alerces.webp\",\"datePublished\":\"2024-01-27T23:50:32+00:00\",\"breadcrumb\":{\"@id\":\"https:\/\/apuntesdesanluis.com\/index.php\/2024\/01\/27\/el-fuego-en-el-parque-nacional-los-alerces-ya-consumio-casi-600-hectareas\/#breadcrumb\"},\"inLanguage\":\"es-AR\",\"potentialAction\":[{\"@type\":\"ReadAction\",\"target\":[\"https:\/\/apuntesdesanluis.com\/index.php\/2024\/01\/27\/el-fuego-en-el-parque-nacional-los-alerces-ya-consumio-casi-600-hectareas\/\"]}]},{\"@type\":\"ImageObject\",\"inLanguage\":\"es-AR\",\"@id\":\"https:\/\/apuntesdesanluis.com\/index.php\/2024\/01\/27\/el-fuego-en-el-parque-nacional-los-alerces-ya-consumio-casi-600-hectareas\/#primaryimage\",\"url\":\"https:\/\/apuntesdesanluis.com\/wp-content\/uploads\/2024\/01\/los-alerces.webp\",\"contentUrl\":\"https:\/\/apuntesdesanluis.com\/wp-content\/uploads\/2024\/01\/los-alerces.webp\",\"width\":608,\"height\":342},{\"@type\":\"BreadcrumbList\",\"@id\":\"https:\/\/apuntesdesanluis.com\/index.php\/2024\/01\/27\/el-fuego-en-el-parque-nacional-los-alerces-ya-consumio-casi-600-hectareas\/#breadcrumb\",\"itemListElement\":[{\"@type\":\"ListItem\",\"position\":1,\"name\":\"Inicio\",\"item\":\"https:\/\/apuntesdesanluis.com\/\"},{\"@type\":\"ListItem\",\"position\":2,\"name\":\"EL FUEGO EN EL PARQUE NACIONAL LOS ALERCES YA CONSUMI\u00d3 CASI 600 HECT\u00c1REAS\"}]},{\"@type\":\"WebSite\",\"@id\":\"https:\/\/apuntesdesanluis.com\/#website\",\"url\":\"https:\/\/apuntesdesanluis.com\/\",\"name\":\"Apuntes de San Luis\",\"description\":\"\",\"publisher\":{\"@id\":\"https:\/\/apuntesdesanluis.com\/#\/schema\/person\/b55151d52296fcce64d1a72538a70b90\"},\"potentialAction\":[{\"@type\":\"SearchAction\",\"target\":{\"@type\":\"EntryPoint\",\"urlTemplate\":\"https:\/\/apuntesdesanluis.com\/?s={search_term_string}\"},\"query-input\":{\"@type\":\"PropertyValueSpecification\",\"valueRequired\":true,\"valueName\":\"search_term_string\"}}],\"inLanguage\":\"es-AR\"},{\"@type\":[\"Person\",\"Organization\"],\"@id\":\"https:\/\/apuntesdesanluis.com\/#\/schema\/person\/b55151d52296fcce64d1a72538a70b90\",\"name\":\"apuntesdesanluis.com\",\"image\":{\"@type\":\"ImageObject\",\"inLanguage\":\"es-AR\",\"@id\":\"https:\/\/apuntesdesanluis.com\/#\/schema\/person\/image\/\",\"url\":\"https:\/\/apuntesdesanluis.com\/wp-content\/uploads\/2023\/07\/cropped-apuntesdesanluis.png\",\"contentUrl\":\"https:\/\/apuntesdesanluis.com\/wp-content\/uploads\/2023\/07\/cropped-apuntesdesanluis.png\",\"width\":450,\"height\":112,\"caption\":\"apuntesdesanluis.com\"},\"logo\":{\"@id\":\"https:\/\/apuntesdesanluis.com\/#\/schema\/person\/image\/\"},\"sameAs\":[\"https:\/\/apuntesdesanluis.com\"],\"url\":\"https:\/\/apuntesdesanluis.com\/index.php\/author\/apuntesdesanluis-com\/\"}]}<\/script>\n<!-- \/ Yoast SEO plugin. -->","yoast_head_json":{"title":"EL FUEGO EN EL PARQUE NACIONAL LOS ALERCES YA CONSUMI\u00d3 CASI 600 HECT\u00c1REAS - Apuntes de San Luis","robots":{"index":"index","follow":"follow","max-snippet":"max-snippet:-1","max-image-preview":"max-image-preview:large","max-video-preview":"max-video-preview:-1"},"canonical":"https:\/\/apuntesdesanluis.com\/index.php\/2024\/01\/27\/el-fuego-en-el-parque-nacional-los-alerces-ya-consumio-casi-600-hectareas\/","og_locale":"es_ES","og_type":"article","og_title":"EL FUEGO EN EL PARQUE NACIONAL LOS ALERCES YA CONSUMI\u00d3 CASI 600 HECT\u00c1REAS - Apuntes de San Luis","og_description":"Brigadistas siguen trabajando pero no consiguen controlar las llamas El incendio en el Parque Los...","og_url":"https:\/\/apuntesdesanluis.com\/index.php\/2024\/01\/27\/el-fuego-en-el-parque-nacional-los-alerces-ya-consumio-casi-600-hectareas\/","og_site_name":"Apuntes de San Luis","article_published_time":"2024-01-27T23:50:32+00:00","og_image":[{"width":608,"height":342,"url":"https:\/\/apuntesdesanluis.com\/wp-content\/uploads\/2024\/01\/los-alerces.webp","type":"image\/webp"}],"author":"apuntesdesanluis.com","twitter_card":"summary_large_image","twitter_misc":{"Escrito por":"apuntesdesanluis.com","Tiempo de lectura":"2 minutos"},"schema":{"@context":"https:\/\/schema.org","@graph":[{"@type":"Article","@id":"https:\/\/apuntesdesanluis.com\/index.php\/2024\/01\/27\/el-fuego-en-el-parque-nacional-los-alerces-ya-consumio-casi-600-hectareas\/#article","isPartOf":{"@id":"https:\/\/apuntesdesanluis.com\/index.php\/2024\/01\/27\/el-fuego-en-el-parque-nacional-los-alerces-ya-consumio-casi-600-hectareas\/"},"author":{"name":"apuntesdesanluis.com","@id":"https:\/\/apuntesdesanluis.com\/#\/schema\/person\/b55151d52296fcce64d1a72538a70b90"},"headline":"EL FUEGO EN EL PARQUE NACIONAL LOS ALERCES YA CONSUMI\u00d3 CASI 600 HECT\u00c1REAS","datePublished":"2024-01-27T23:50:32+00:00","mainEntityOfPage":{"@id":"https:\/\/apuntesdesanluis.com\/index.php\/2024\/01\/27\/el-fuego-en-el-parque-nacional-los-alerces-ya-consumio-casi-600-hectareas\/"},"wordCount":385,"publisher":{"@id":"https:\/\/apuntesdesanluis.com\/#\/schema\/person\/b55151d52296fcce64d1a72538a70b90"},"image":{"@id":"https:\/\/apuntesdesanluis.com\/index.php\/2024\/01\/27\/el-fuego-en-el-parque-nacional-los-alerces-ya-consumio-casi-600-hectareas\/#primaryimage"},"thumbnailUrl":"https:\/\/apuntesdesanluis.com\/wp-content\/uploads\/2024\/01\/los-alerces.webp","articleSection":["Nacionales\/Internacionales"],"inLanguage":"es-AR"},{"@type":"WebPage","@id":"https:\/\/apuntesdesanluis.com\/index.php\/2024\/01\/27\/el-fuego-en-el-parque-nacional-los-alerces-ya-consumio-casi-600-hectareas\/","url":"https:\/\/apuntesdesanluis.com\/index.php\/2024\/01\/27\/el-fuego-en-el-parque-nacional-los-alerces-ya-consumio-casi-600-hectareas\/","name":"EL FUEGO EN EL PARQUE NACIONAL LOS ALERCES YA CONSUMI\u00d3 CASI 600 HECT\u00c1REAS - Apuntes de San Luis","isPartOf":{"@id":"https:\/\/apuntesdesanluis.com\/#website"},"primaryImageOfPage":{"@id":"https:\/\/apuntesdesanluis.com\/index.php\/2024\/01\/27\/el-fuego-en-el-parque-nacional-los-alerces-ya-consumio-casi-600-hectareas\/#primaryimage"},"image":{"@id":"https:\/\/apuntesdesanluis.com\/index.php\/2024\/01\/27\/el-fuego-en-el-parque-nacional-los-alerces-ya-consumio-casi-600-hectareas\/#primaryimage"},"thumbnailUrl":"https:\/\/apuntesdesanluis.com\/wp-content\/uploads\/2024\/01\/los-alerces.webp","datePublished":"2024-01-27T23:50:32+00:00","breadcrumb":{"@id":"https:\/\/apuntesdesanluis.com\/index.php\/2024\/01\/27\/el-fuego-en-el-parque-nacional-los-alerces-ya-consumio-casi-600-hectareas\/#breadcrumb"},"inLanguage":"es-AR","potentialAction":[{"@type":"ReadAction","target":["https:\/\/apuntesdesanluis.com\/index.php\/2024\/01\/27\/el-fuego-en-el-parque-nacional-los-alerces-ya-consumio-casi-600-hectareas\/"]}]},{"@type":"ImageObject","inLanguage":"es-AR","@id":"https:\/\/apuntesdesanluis.com\/index.php\/2024\/01\/27\/el-fuego-en-el-parque-nacional-los-alerces-ya-consumio-casi-600-hectareas\/#primaryimage","url":"https:\/\/apuntesdesanluis.com\/wp-content\/uploads\/2024\/01\/los-alerces.webp","contentUrl":"https:\/\/apuntesdesanluis.com\/wp-content\/uploads\/2024\/01\/los-alerces.webp","width":608,"height":342},{"@type":"BreadcrumbList","@id":"https:\/\/apuntesdesanluis.com\/index.php\/2024\/01\/27\/el-fuego-en-el-parque-nacional-los-alerces-ya-consumio-casi-600-hectareas\/#breadcrumb","itemListElement":[{"@type":"ListItem","position":1,"name":"Inicio","item":"https:\/\/apuntesdesanluis.com\/"},{"@type":"ListItem","position":2,"name":"EL FUEGO EN EL PARQUE NACIONAL LOS ALERCES YA CONSUMI\u00d3 CASI 600 HECT\u00c1REAS"}]},{"@type":"WebSite","@id":"https:\/\/apuntesdesanluis.com\/#website","url":"https:\/\/apuntesdesanluis.com\/","name":"Apuntes de San Luis","description":"","publisher":{"@id":"https:\/\/apuntesdesanluis.com\/#\/schema\/person\/b55151d52296fcce64d1a72538a70b90"},"potentialAction":[{"@type":"SearchAction","target":{"@type":"EntryPoint","urlTemplate":"https:\/\/apuntesdesanluis.com\/?s={search_term_string}"},"query-input":{"@type":"PropertyValueSpecification","valueRequired":true,"valueName":"search_term_string"}}],"inLanguage":"es-AR"},{"@type":["Person","Organization"],"@id":"https:\/\/apuntesdesanluis.com\/#\/schema\/person\/b55151d52296fcce64d1a72538a70b90","name":"apuntesdesanluis.com","image":{"@type":"ImageObject","inLanguage":"es-AR","@id":"https:\/\/apuntesdesanluis.com\/#\/schema\/person\/image\/","url":"https:\/\/apuntesdesanluis.com\/wp-content\/uploads\/2023\/07\/cropped-apuntesdesanluis.png","contentUrl":"https:\/\/apuntesdesanluis.com\/wp-content\/uploads\/2023\/07\/cropped-apuntesdesanluis.png","width":450,"height":112,"caption":"apuntesdesanluis.com"},"logo":{"@id":"https:\/\/apuntesdesanluis.com\/#\/schema\/person\/image\/"},"sameAs":["https:\/\/apuntesdesanluis.com"],"url":"https:\/\/apuntesdesanluis.com\/index.php\/author\/apuntesdesanluis-com\/"}]}},"featured_image_urls":{"full":["https:\/\/apuntesdesanluis.com\/wp-content\/uploads\/2024\/01\/los-alerces.webp",608,342,false],"thumbnail":["https:\/\/apuntesdesanluis.com\/wp-content\/uploads\/2024\/01\/los-alerces-150x150.webp",150,150,true],"medium":["https:\/\/apuntesdesanluis.com\/wp-content\/uploads\/2024\/01\/los-alerces-300x169.webp",300,169,true],"medium_large":["https:\/\/apuntesdesanluis.com\/wp-content\/uploads\/2024\/01\/los-alerces.webp",608,342,false],"large":["https:\/\/apuntesdesanluis.com\/wp-content\/uploads\/2024\/01\/los-alerces.webp",608,342,false],"1536x1536":["https:\/\/apuntesdesanluis.com\/wp-content\/uploads\/2024\/01\/los-alerces.webp",608,342,false],"2048x2048":["https:\/\/apuntesdesanluis.com\/wp-content\/uploads\/2024\/01\/los-alerces.webp",608,342,false],"newsever-slider-full":["https:\/\/apuntesdesanluis.com\/wp-content\/uploads\/2024\/01\/los-alerces.webp",608,342,false],"newsever-featured":["https:\/\/apuntesdesanluis.com\/wp-content\/uploads\/2024\/01\/los-alerces.webp",608,342,false],"newsever-medium":["https:\/\/apuntesdesanluis.com\/wp-content\/uploads\/2024\/01\/los-alerces.webp",608,342,false]},"author_info":{"display_name":"apuntesdesanluis.com","author_link":"https:\/\/apuntesdesanluis.com\/index.php\/author\/apuntesdesanluis-com\/"},"category_info":"<a href=\"https:\/\/apuntesdesanluis.com\/index.php\/category\/nacionales-internacionales\/\" rel=\"category tag\">Nacionales\/Internacionales<\/a>","tag_info":"Nacionales\/Internacionales","comment_count":"0","_links":{"self":[{"href":"https:\/\/apuntesdesanluis.com\/index.php\/wp-json\/wp\/v2\/posts\/10869","targetHints":{"allow":["GET"]}}],"collection":[{"href":"https:\/\/apuntesdesanluis.com\/index.php\/wp-json\/wp\/v2\/posts"}],"about":[{"href":"https:\/\/apuntesdesanluis.com\/index.php\/wp-json\/wp\/v2\/types\/post"}],"author":[{"embeddable":true,"href":"https:\/\/apuntesdesanluis.com\/index.php\/wp-json\/wp\/v2\/users\/1"}],"replies":[{"embeddable":true,"href":"https:\/\/apuntesdesanluis.com\/index.php\/wp-json\/wp\/v2\/comments?post=10869"}],"version-history":[{"count":1,"href":"https:\/\/apuntesdesanluis.com\/index.php\/wp-json\/wp\/v2\/posts\/10869\/revisions"}],"predecessor-version":[{"id":10872,"href":"https:\/\/apuntesdesanluis.com\/index.php\/wp-json\/wp\/v2\/posts\/10869\/revisions\/10872"}],"wp:featuredmedia":[{"embeddable":true,"href":"https:\/\/apuntesdesanluis.com\/index.php\/wp-json\/wp\/v2\/media\/10870"}],"wp:attachment":[{"href":"https:\/\/apuntesdesanluis.com\/index.php\/wp-json\/wp\/v2\/media?parent=10869"}],"wp:term":[{"taxonomy":"category","embeddable":true,"href":"https:\/\/apuntesdesanluis.com\/index.php\/wp-json\/wp\/v2\/categories?post=10869"},{"taxonomy":"post_tag","embeddable":true,"href":"https:\/\/apuntesdesanluis.com\/index.php\/wp-json\/wp\/v2\/tags?post=10869"}],"curies":[{"name":"wp","href":"https:\/\/api.w.org\/{rel}","templated":true}]}}