{"id":10876,"date":"2024-01-28T13:52:46","date_gmt":"2024-01-28T16:52:46","guid":{"rendered":"https:\/\/apuntesdesanluis.com\/?p=10876"},"modified":"2024-01-28T20:01:19","modified_gmt":"2024-01-28T23:01:19","slug":"maximiliano-frontera-propone-internas-abiertas-para-reorganizar-el-justicialismo","status":"publish","type":"post","link":"https:\/\/apuntesdesanluis.com\/index.php\/2024\/01\/28\/maximiliano-frontera-propone-internas-abiertas-para-reorganizar-el-justicialismo\/","title":{"rendered":"MAXIMILIANO FRONTERA PROPONE \u201cINTERNAS ABIERTAS\u201d  PARA REORGANIZAR EL JUSTICIALISMO"},"content":{"rendered":"<h3>As\u00ed se lo confirm\u00f3 a <span style=\"color: #000000;\"><strong>Apuntes de San Luis<\/strong><\/span>, al ser consultado sobre la par\u00e1lisis en que se encuentra el PJ tras la derrota en las \u00faltimas elecciones, que marc\u00f3 el fin de 40 a\u00f1os de un mismo r\u00e9gimen pol\u00edtico gobernando la provincia.<\/h3>\n<h3><em>\u201cNo s\u00e9 si decir par\u00e1lisis, pero es cierto que nos debemos un debate a fondo y una reorganizaci\u00f3n, porque las dos elecciones que perdimos el a\u00f1o pasado imponen un an\u00e1lisis y una rediscusi\u00f3n del rol de oposici\u00f3n que la sociedad nos ha conferido con su voto\u201d,<\/em> se\u00f1al\u00f3 el intendente <strong>Maximiliano Frontera<\/strong>.<\/h3>\n<h3>A la luz de los resultados, el villamercedino se erige como la figura m\u00e1s importante en t\u00e9rminos pol\u00edticos dentro del justicialismo, al ser el \u00fanico que \u201csalv\u00f3 la ropa\u201d y retuvo la segunda intendencia m\u00e1s importante de la provincia, logrando la reelecci\u00f3n. Por eso es que m\u00e1s de uno interpreta que podr\u00eda encarnar la renovaci\u00f3n partidaria.<\/h3>\n<h3><em>\u201cTodos saben que no tengo apetencias personales. Siempre que ocup\u00e9 un cargo lo hice pensando en mi ciudad, Villa Mercedes, mis vecinos. Tratando de hacer lo mejor. Y no s\u00e9 por qu\u00e9, pero siempre surgen dificultades y tengo que estar aprendiendo porque las circunstancias van cambiando<\/em>\u201d, dijo en otro tramo de la entrevista.<\/h3>\n<h3><strong>&#8211; \u00bfA qu\u00e9 se refiere?<\/strong><\/h3>\n<h3>Mir\u00e1 para atr\u00e1s. Fui electo intendente en una f\u00f3rmula con Ver\u00f3nica (Bailone), pero ella se enferm\u00f3 y falleci\u00f3. Me qued\u00e9 sin viceintendente. Tuve que lidiar con un Concejo Deliberante complicado y con un Tribunal de contralor adverso. Despu\u00e9s me toc\u00f3 todo el tema de la pandemia, que fue un contexto realmente dif\u00edcil. Ni yo ni nadie ten\u00eda experiencia para gobernar en medio de ese fen\u00f3meno que atraves\u00f3 el mundo y provoc\u00f3 miles de muertos. Pas\u00f3 la pandemia y en Villa Mercedes sufrimos el desastre clim\u00e1tico que ocasion\u00f3 da\u00f1os nunca vistos\u2026<\/h3>\n<h3>A pesar de todo nos repusimos, salimos adelante, con mucho trabajo. Fuimos a las elecciones, logramos retener la intendencia, pero nuestro partido perdi\u00f3 la gobernaci\u00f3n. Ahora me toca aprender a gobernar desde la oposici\u00f3n, con un gobierno provincial de un signo pol\u00edtico distinto.<\/h3>\n<h3><strong>&#8211; Pero veo que se lleva bastante bien.<\/strong><\/h3>\n<h3>El gobernador Poggi me respeta y yo a \u00e9l, porque es lo que corresponde. Te reitero: yo gobierno para todos y \u00e9l tambi\u00e9n. Mi \u00fanica preocupaci\u00f3n es la gesti\u00f3n, Villa Mercedes. Si \u00e9l gobierna bien, con sentido federal, sin arbitrariedad ni favoritismos, a Villa Mercedes le va a ir bien. Yo no le voy a poner palos en la rueda a su gobierno, como me hicieron a m\u00ed, incluso dirigentes de mi propio partido. Porque no voy a hacer lo que no me gusta que me hagan. Por m\u00e1s que muchos no me entiendan y me critiquen, mi \u00fanica preocupaci\u00f3n es la gesti\u00f3n, hacer las cosas bien para que nuestra ciudad crezca y estemos cada d\u00eda mejor.<\/h3>\n<h3><strong>&#8211; Lo entiendo, pero aunque Ud. dice que no le interesa que lo critiquen, la realidad es que en el PJ distintos dirigentes-\u00a0 al menos por lo bajo &#8211; lo cuestionan parejo&#8230;<\/strong><\/h3>\n<h3>Mir\u00e1, a la gente no le preocupan las peleas de los dirigentes. Yo recorro los barrios, converso con todos. Estamos sufriendo una crisis muy brava, muchas familias no llegan a fin de mes. Los que tenemos responsabilidad de gobierno no podemos anteponer nuestros intereses mezquinos y debemos trabajar para estar al lado de los que m\u00e1s nos necesitan. Eso es lo \u00fanico importante, lo dem\u00e1s son tonter\u00edas. Creeme: no- me-interesa-lo-que-puedan-decir (recalca). Siento permanentemente el respaldo de los vecinos, eso me tranquiliza. \u00bfVos viste c\u00f3mo me recibi\u00f3 el p\u00fablico la primera noche de la Calle Angosta? Ese cari\u00f1o lo siento cada vez que estoy en la calle, con los vecinos. Eso me llena de orgullo pero tambi\u00e9n de responsabilidad. No les puedo fallar distray\u00e9ndome en ver qu\u00e9 dicen o dejan de decir. Hace rato que me resbalan las cr\u00edticas malintencionadas. S\u00f3lo escucho y atiendo las cr\u00edticas constructivas, porque yo tambi\u00e9n cometo equivocaciones y cuando me doy cuenta trato de mejorar.<\/h3>\n<h3><strong>&#8211; Hablando de su partido, \u00bfno le parece que es tiempo de que se renueve? <\/strong><\/h3>\n<h3>S\u00ed, coincido.<\/h3>\n<h3><strong>&#8211; \u00bfY c\u00f3mo cree que deber\u00eda hacerse?<\/strong><\/h3>\n<h3>&#8211; Yo tengo una idea que vengo conversando con algunos dirigentes y creo que es la m\u00e1s conveniente y democr\u00e1tica. Llamar a elecciones internas abiertas a padr\u00f3n general. Pero aprobar antes una amnist\u00eda amplia, que vuelvan todos los compa\u00f1eros, trabajar por la unidad. Y luego convocar a elecciones y que los afiliados y la gente elijan a quienes crean que son los mejores para conducir la renovaci\u00f3n partidaria. Han pasado 40 a\u00f1os desde que el PJ llev\u00f3 adelante la transformaci\u00f3n de la provincia y creo que se impone lo que algunos llaman trasvasamiento generacional.<\/h3>\n<p>&nbsp;<\/p>\n<p>&nbsp;<\/p>\n<p>&nbsp;<\/p>\n<p>&nbsp;<\/p>\n","protected":false},"excerpt":{"rendered":"<p>As\u00ed se lo confirm\u00f3 a Apuntes de San Luis, al ser consultado sobre la par\u00e1lisis&#8230;<\/p>\n","protected":false},"author":1,"featured_media":10877,"comment_status":"closed","ping_status":"closed","sticky":false,"template":"","format":"standard","meta":{"footnotes":""},"categories":[6],"tags":[],"class_list":["post-10876","post","type-post","status-publish","format-standard","has-post-thumbnail","hentry","category-ciudad-provincia"],"yoast_head":"<!-- This site is optimized with the Yoast SEO plugin v26.1.1 - https:\/\/yoast.com\/wordpress\/plugins\/seo\/ -->\n<title>MAXIMILIANO FRONTERA PROPONE \u201cINTERNAS ABIERTAS\u201d PARA REORGANIZAR EL JUSTICIALISMO - Apuntes de San Luis<\/title>\n<meta name=\"robots\" content=\"index, follow, max-snippet:-1, max-image-preview:large, max-video-preview:-1\" \/>\n<link rel=\"canonical\" href=\"https:\/\/apuntesdesanluis.com\/index.php\/2024\/01\/28\/maximiliano-frontera-propone-internas-abiertas-para-reorganizar-el-justicialismo\/\" \/>\n<meta property=\"og:locale\" content=\"es_ES\" \/>\n<meta property=\"og:type\" content=\"article\" \/>\n<meta property=\"og:title\" content=\"MAXIMILIANO FRONTERA PROPONE \u201cINTERNAS ABIERTAS\u201d PARA REORGANIZAR EL JUSTICIALISMO - Apuntes de San Luis\" \/>\n<meta property=\"og:description\" content=\"As\u00ed se lo confirm\u00f3 a Apuntes de San Luis, al ser consultado sobre la par\u00e1lisis...\" \/>\n<meta property=\"og:url\" content=\"https:\/\/apuntesdesanluis.com\/index.php\/2024\/01\/28\/maximiliano-frontera-propone-internas-abiertas-para-reorganizar-el-justicialismo\/\" \/>\n<meta property=\"og:site_name\" content=\"Apuntes de San Luis\" \/>\n<meta property=\"article:published_time\" content=\"2024-01-28T16:52:46+00:00\" \/>\n<meta property=\"article:modified_time\" content=\"2024-01-28T23:01:19+00:00\" \/>\n<meta property=\"og:image\" content=\"https:\/\/apuntesdesanluis.com\/wp-content\/uploads\/2024\/01\/maxi-intimo.png\" \/>\n\t<meta property=\"og:image:width\" content=\"571\" \/>\n\t<meta property=\"og:image:height\" content=\"353\" \/>\n\t<meta property=\"og:image:type\" content=\"image\/png\" \/>\n<meta name=\"author\" content=\"apuntesdesanluis.com\" \/>\n<meta name=\"twitter:card\" content=\"summary_large_image\" \/>\n<meta name=\"twitter:label1\" content=\"Escrito por\" \/>\n\t<meta name=\"twitter:data1\" content=\"apuntesdesanluis.com\" \/>\n\t<meta name=\"twitter:label2\" content=\"Tiempo de lectura\" \/>\n\t<meta name=\"twitter:data2\" content=\"4 minutos\" \/>\n<script type=\"application\/ld+json\" class=\"yoast-schema-graph\">{\"@context\":\"https:\/\/schema.org\",\"@graph\":[{\"@type\":\"Article\",\"@id\":\"https:\/\/apuntesdesanluis.com\/index.php\/2024\/01\/28\/maximiliano-frontera-propone-internas-abiertas-para-reorganizar-el-justicialismo\/#article\",\"isPartOf\":{\"@id\":\"https:\/\/apuntesdesanluis.com\/index.php\/2024\/01\/28\/maximiliano-frontera-propone-internas-abiertas-para-reorganizar-el-justicialismo\/\"},\"author\":{\"name\":\"apuntesdesanluis.com\",\"@id\":\"https:\/\/apuntesdesanluis.com\/#\/schema\/person\/b55151d52296fcce64d1a72538a70b90\"},\"headline\":\"MAXIMILIANO FRONTERA PROPONE \u201cINTERNAS ABIERTAS\u201d PARA REORGANIZAR EL JUSTICIALISMO\",\"datePublished\":\"2024-01-28T16:52:46+00:00\",\"dateModified\":\"2024-01-28T23:01:19+00:00\",\"mainEntityOfPage\":{\"@id\":\"https:\/\/apuntesdesanluis.com\/index.php\/2024\/01\/28\/maximiliano-frontera-propone-internas-abiertas-para-reorganizar-el-justicialismo\/\"},\"wordCount\":846,\"publisher\":{\"@id\":\"https:\/\/apuntesdesanluis.com\/#\/schema\/person\/b55151d52296fcce64d1a72538a70b90\"},\"image\":{\"@id\":\"https:\/\/apuntesdesanluis.com\/index.php\/2024\/01\/28\/maximiliano-frontera-propone-internas-abiertas-para-reorganizar-el-justicialismo\/#primaryimage\"},\"thumbnailUrl\":\"https:\/\/apuntesdesanluis.com\/wp-content\/uploads\/2024\/01\/maxi-intimo.png\",\"articleSection\":[\"Ciudad\/Provincia\"],\"inLanguage\":\"es-AR\"},{\"@type\":\"WebPage\",\"@id\":\"https:\/\/apuntesdesanluis.com\/index.php\/2024\/01\/28\/maximiliano-frontera-propone-internas-abiertas-para-reorganizar-el-justicialismo\/\",\"url\":\"https:\/\/apuntesdesanluis.com\/index.php\/2024\/01\/28\/maximiliano-frontera-propone-internas-abiertas-para-reorganizar-el-justicialismo\/\",\"name\":\"MAXIMILIANO FRONTERA PROPONE \u201cINTERNAS ABIERTAS\u201d PARA REORGANIZAR EL JUSTICIALISMO - Apuntes de San Luis\",\"isPartOf\":{\"@id\":\"https:\/\/apuntesdesanluis.com\/#website\"},\"primaryImageOfPage\":{\"@id\":\"https:\/\/apuntesdesanluis.com\/index.php\/2024\/01\/28\/maximiliano-frontera-propone-internas-abiertas-para-reorganizar-el-justicialismo\/#primaryimage\"},\"image\":{\"@id\":\"https:\/\/apuntesdesanluis.com\/index.php\/2024\/01\/28\/maximiliano-frontera-propone-internas-abiertas-para-reorganizar-el-justicialismo\/#primaryimage\"},\"thumbnailUrl\":\"https:\/\/apuntesdesanluis.com\/wp-content\/uploads\/2024\/01\/maxi-intimo.png\",\"datePublished\":\"2024-01-28T16:52:46+00:00\",\"dateModified\":\"2024-01-28T23:01:19+00:00\",\"breadcrumb\":{\"@id\":\"https:\/\/apuntesdesanluis.com\/index.php\/2024\/01\/28\/maximiliano-frontera-propone-internas-abiertas-para-reorganizar-el-justicialismo\/#breadcrumb\"},\"inLanguage\":\"es-AR\",\"potentialAction\":[{\"@type\":\"ReadAction\",\"target\":[\"https:\/\/apuntesdesanluis.com\/index.php\/2024\/01\/28\/maximiliano-frontera-propone-internas-abiertas-para-reorganizar-el-justicialismo\/\"]}]},{\"@type\":\"ImageObject\",\"inLanguage\":\"es-AR\",\"@id\":\"https:\/\/apuntesdesanluis.com\/index.php\/2024\/01\/28\/maximiliano-frontera-propone-internas-abiertas-para-reorganizar-el-justicialismo\/#primaryimage\",\"url\":\"https:\/\/apuntesdesanluis.com\/wp-content\/uploads\/2024\/01\/maxi-intimo.png\",\"contentUrl\":\"https:\/\/apuntesdesanluis.com\/wp-content\/uploads\/2024\/01\/maxi-intimo.png\",\"width\":571,\"height\":353},{\"@type\":\"BreadcrumbList\",\"@id\":\"https:\/\/apuntesdesanluis.com\/index.php\/2024\/01\/28\/maximiliano-frontera-propone-internas-abiertas-para-reorganizar-el-justicialismo\/#breadcrumb\",\"itemListElement\":[{\"@type\":\"ListItem\",\"position\":1,\"name\":\"Inicio\",\"item\":\"https:\/\/apuntesdesanluis.com\/\"},{\"@type\":\"ListItem\",\"position\":2,\"name\":\"MAXIMILIANO FRONTERA PROPONE \u201cINTERNAS ABIERTAS\u201d PARA REORGANIZAR EL JUSTICIALISMO\"}]},{\"@type\":\"WebSite\",\"@id\":\"https:\/\/apuntesdesanluis.com\/#website\",\"url\":\"https:\/\/apuntesdesanluis.com\/\",\"name\":\"Apuntes de San Luis\",\"description\":\"\",\"publisher\":{\"@id\":\"https:\/\/apuntesdesanluis.com\/#\/schema\/person\/b55151d52296fcce64d1a72538a70b90\"},\"potentialAction\":[{\"@type\":\"SearchAction\",\"target\":{\"@type\":\"EntryPoint\",\"urlTemplate\":\"https:\/\/apuntesdesanluis.com\/?s={search_term_string}\"},\"query-input\":{\"@type\":\"PropertyValueSpecification\",\"valueRequired\":true,\"valueName\":\"search_term_string\"}}],\"inLanguage\":\"es-AR\"},{\"@type\":[\"Person\",\"Organization\"],\"@id\":\"https:\/\/apuntesdesanluis.com\/#\/schema\/person\/b55151d52296fcce64d1a72538a70b90\",\"name\":\"apuntesdesanluis.com\",\"image\":{\"@type\":\"ImageObject\",\"inLanguage\":\"es-AR\",\"@id\":\"https:\/\/apuntesdesanluis.com\/#\/schema\/person\/image\/\",\"url\":\"https:\/\/apuntesdesanluis.com\/wp-content\/uploads\/2023\/07\/cropped-apuntesdesanluis.png\",\"contentUrl\":\"https:\/\/apuntesdesanluis.com\/wp-content\/uploads\/2023\/07\/cropped-apuntesdesanluis.png\",\"width\":450,\"height\":112,\"caption\":\"apuntesdesanluis.com\"},\"logo\":{\"@id\":\"https:\/\/apuntesdesanluis.com\/#\/schema\/person\/image\/\"},\"sameAs\":[\"https:\/\/apuntesdesanluis.com\"],\"url\":\"https:\/\/apuntesdesanluis.com\/index.php\/author\/apuntesdesanluis-com\/\"}]}<\/script>\n<!-- \/ Yoast SEO plugin. -->","yoast_head_json":{"title":"MAXIMILIANO FRONTERA PROPONE \u201cINTERNAS ABIERTAS\u201d PARA REORGANIZAR EL JUSTICIALISMO - Apuntes de San Luis","robots":{"index":"index","follow":"follow","max-snippet":"max-snippet:-1","max-image-preview":"max-image-preview:large","max-video-preview":"max-video-preview:-1"},"canonical":"https:\/\/apuntesdesanluis.com\/index.php\/2024\/01\/28\/maximiliano-frontera-propone-internas-abiertas-para-reorganizar-el-justicialismo\/","og_locale":"es_ES","og_type":"article","og_title":"MAXIMILIANO FRONTERA PROPONE \u201cINTERNAS ABIERTAS\u201d PARA REORGANIZAR EL JUSTICIALISMO - Apuntes de San Luis","og_description":"As\u00ed se lo confirm\u00f3 a Apuntes de San Luis, al ser consultado sobre la par\u00e1lisis...","og_url":"https:\/\/apuntesdesanluis.com\/index.php\/2024\/01\/28\/maximiliano-frontera-propone-internas-abiertas-para-reorganizar-el-justicialismo\/","og_site_name":"Apuntes de San Luis","article_published_time":"2024-01-28T16:52:46+00:00","article_modified_time":"2024-01-28T23:01:19+00:00","og_image":[{"width":571,"height":353,"url":"https:\/\/apuntesdesanluis.com\/wp-content\/uploads\/2024\/01\/maxi-intimo.png","type":"image\/png"}],"author":"apuntesdesanluis.com","twitter_card":"summary_large_image","twitter_misc":{"Escrito por":"apuntesdesanluis.com","Tiempo de lectura":"4 minutos"},"schema":{"@context":"https:\/\/schema.org","@graph":[{"@type":"Article","@id":"https:\/\/apuntesdesanluis.com\/index.php\/2024\/01\/28\/maximiliano-frontera-propone-internas-abiertas-para-reorganizar-el-justicialismo\/#article","isPartOf":{"@id":"https:\/\/apuntesdesanluis.com\/index.php\/2024\/01\/28\/maximiliano-frontera-propone-internas-abiertas-para-reorganizar-el-justicialismo\/"},"author":{"name":"apuntesdesanluis.com","@id":"https:\/\/apuntesdesanluis.com\/#\/schema\/person\/b55151d52296fcce64d1a72538a70b90"},"headline":"MAXIMILIANO FRONTERA PROPONE \u201cINTERNAS ABIERTAS\u201d PARA REORGANIZAR EL JUSTICIALISMO","datePublished":"2024-01-28T16:52:46+00:00","dateModified":"2024-01-28T23:01:19+00:00","mainEntityOfPage":{"@id":"https:\/\/apuntesdesanluis.com\/index.php\/2024\/01\/28\/maximiliano-frontera-propone-internas-abiertas-para-reorganizar-el-justicialismo\/"},"wordCount":846,"publisher":{"@id":"https:\/\/apuntesdesanluis.com\/#\/schema\/person\/b55151d52296fcce64d1a72538a70b90"},"image":{"@id":"https:\/\/apuntesdesanluis.com\/index.php\/2024\/01\/28\/maximiliano-frontera-propone-internas-abiertas-para-reorganizar-el-justicialismo\/#primaryimage"},"thumbnailUrl":"https:\/\/apuntesdesanluis.com\/wp-content\/uploads\/2024\/01\/maxi-intimo.png","articleSection":["Ciudad\/Provincia"],"inLanguage":"es-AR"},{"@type":"WebPage","@id":"https:\/\/apuntesdesanluis.com\/index.php\/2024\/01\/28\/maximiliano-frontera-propone-internas-abiertas-para-reorganizar-el-justicialismo\/","url":"https:\/\/apuntesdesanluis.com\/index.php\/2024\/01\/28\/maximiliano-frontera-propone-internas-abiertas-para-reorganizar-el-justicialismo\/","name":"MAXIMILIANO FRONTERA PROPONE \u201cINTERNAS ABIERTAS\u201d PARA REORGANIZAR EL JUSTICIALISMO - Apuntes de San Luis","isPartOf":{"@id":"https:\/\/apuntesdesanluis.com\/#website"},"primaryImageOfPage":{"@id":"https:\/\/apuntesdesanluis.com\/index.php\/2024\/01\/28\/maximiliano-frontera-propone-internas-abiertas-para-reorganizar-el-justicialismo\/#primaryimage"},"image":{"@id":"https:\/\/apuntesdesanluis.com\/index.php\/2024\/01\/28\/maximiliano-frontera-propone-internas-abiertas-para-reorganizar-el-justicialismo\/#primaryimage"},"thumbnailUrl":"https:\/\/apuntesdesanluis.com\/wp-content\/uploads\/2024\/01\/maxi-intimo.png","datePublished":"2024-01-28T16:52:46+00:00","dateModified":"2024-01-28T23:01:19+00:00","breadcrumb":{"@id":"https:\/\/apuntesdesanluis.com\/index.php\/2024\/01\/28\/maximiliano-frontera-propone-internas-abiertas-para-reorganizar-el-justicialismo\/#breadcrumb"},"inLanguage":"es-AR","potentialAction":[{"@type":"ReadAction","target":["https:\/\/apuntesdesanluis.com\/index.php\/2024\/01\/28\/maximiliano-frontera-propone-internas-abiertas-para-reorganizar-el-justicialismo\/"]}]},{"@type":"ImageObject","inLanguage":"es-AR","@id":"https:\/\/apuntesdesanluis.com\/index.php\/2024\/01\/28\/maximiliano-frontera-propone-internas-abiertas-para-reorganizar-el-justicialismo\/#primaryimage","url":"https:\/\/apuntesdesanluis.com\/wp-content\/uploads\/2024\/01\/maxi-intimo.png","contentUrl":"https:\/\/apuntesdesanluis.com\/wp-content\/uploads\/2024\/01\/maxi-intimo.png","width":571,"height":353},{"@type":"BreadcrumbList","@id":"https:\/\/apuntesdesanluis.com\/index.php\/2024\/01\/28\/maximiliano-frontera-propone-internas-abiertas-para-reorganizar-el-justicialismo\/#breadcrumb","itemListElement":[{"@type":"ListItem","position":1,"name":"Inicio","item":"https:\/\/apuntesdesanluis.com\/"},{"@type":"ListItem","position":2,"name":"MAXIMILIANO FRONTERA PROPONE \u201cINTERNAS ABIERTAS\u201d PARA REORGANIZAR EL JUSTICIALISMO"}]},{"@type":"WebSite","@id":"https:\/\/apuntesdesanluis.com\/#website","url":"https:\/\/apuntesdesanluis.com\/","name":"Apuntes de San Luis","description":"","publisher":{"@id":"https:\/\/apuntesdesanluis.com\/#\/schema\/person\/b55151d52296fcce64d1a72538a70b90"},"potentialAction":[{"@type":"SearchAction","target":{"@type":"EntryPoint","urlTemplate":"https:\/\/apuntesdesanluis.com\/?s={search_term_string}"},"query-input":{"@type":"PropertyValueSpecification","valueRequired":true,"valueName":"search_term_string"}}],"inLanguage":"es-AR"},{"@type":["Person","Organization"],"@id":"https:\/\/apuntesdesanluis.com\/#\/schema\/person\/b55151d52296fcce64d1a72538a70b90","name":"apuntesdesanluis.com","image":{"@type":"ImageObject","inLanguage":"es-AR","@id":"https:\/\/apuntesdesanluis.com\/#\/schema\/person\/image\/","url":"https:\/\/apuntesdesanluis.com\/wp-content\/uploads\/2023\/07\/cropped-apuntesdesanluis.png","contentUrl":"https:\/\/apuntesdesanluis.com\/wp-content\/uploads\/2023\/07\/cropped-apuntesdesanluis.png","width":450,"height":112,"caption":"apuntesdesanluis.com"},"logo":{"@id":"https:\/\/apuntesdesanluis.com\/#\/schema\/person\/image\/"},"sameAs":["https:\/\/apuntesdesanluis.com"],"url":"https:\/\/apuntesdesanluis.com\/index.php\/author\/apuntesdesanluis-com\/"}]}},"featured_image_urls":{"full":["https:\/\/apuntesdesanluis.com\/wp-content\/uploads\/2024\/01\/maxi-intimo.png",571,353,false],"thumbnail":["https:\/\/apuntesdesanluis.com\/wp-content\/uploads\/2024\/01\/maxi-intimo-150x150.png",150,150,true],"medium":["https:\/\/apuntesdesanluis.com\/wp-content\/uploads\/2024\/01\/maxi-intimo-300x185.png",300,185,true],"medium_large":["https:\/\/apuntesdesanluis.com\/wp-content\/uploads\/2024\/01\/maxi-intimo.png",571,353,false],"large":["https:\/\/apuntesdesanluis.com\/wp-content\/uploads\/2024\/01\/maxi-intimo.png",571,353,false],"1536x1536":["https:\/\/apuntesdesanluis.com\/wp-content\/uploads\/2024\/01\/maxi-intimo.png",571,353,false],"2048x2048":["https:\/\/apuntesdesanluis.com\/wp-content\/uploads\/2024\/01\/maxi-intimo.png",571,353,false],"newsever-slider-full":["https:\/\/apuntesdesanluis.com\/wp-content\/uploads\/2024\/01\/maxi-intimo.png",571,353,false],"newsever-featured":["https:\/\/apuntesdesanluis.com\/wp-content\/uploads\/2024\/01\/maxi-intimo.png",571,353,false],"newsever-medium":["https:\/\/apuntesdesanluis.com\/wp-content\/uploads\/2024\/01\/maxi-intimo.png",571,353,false]},"author_info":{"display_name":"apuntesdesanluis.com","author_link":"https:\/\/apuntesdesanluis.com\/index.php\/author\/apuntesdesanluis-com\/"},"category_info":"<a href=\"https:\/\/apuntesdesanluis.com\/index.php\/category\/ciudad-provincia\/\" rel=\"category tag\">Ciudad\/Provincia<\/a>","tag_info":"Ciudad\/Provincia","comment_count":"0","_links":{"self":[{"href":"https:\/\/apuntesdesanluis.com\/index.php\/wp-json\/wp\/v2\/posts\/10876","targetHints":{"allow":["GET"]}}],"collection":[{"href":"https:\/\/apuntesdesanluis.com\/index.php\/wp-json\/wp\/v2\/posts"}],"about":[{"href":"https:\/\/apuntesdesanluis.com\/index.php\/wp-json\/wp\/v2\/types\/post"}],"author":[{"embeddable":true,"href":"https:\/\/apuntesdesanluis.com\/index.php\/wp-json\/wp\/v2\/users\/1"}],"replies":[{"embeddable":true,"href":"https:\/\/apuntesdesanluis.com\/index.php\/wp-json\/wp\/v2\/comments?post=10876"}],"version-history":[{"count":7,"href":"https:\/\/apuntesdesanluis.com\/index.php\/wp-json\/wp\/v2\/posts\/10876\/revisions"}],"predecessor-version":[{"id":10884,"href":"https:\/\/apuntesdesanluis.com\/index.php\/wp-json\/wp\/v2\/posts\/10876\/revisions\/10884"}],"wp:featuredmedia":[{"embeddable":true,"href":"https:\/\/apuntesdesanluis.com\/index.php\/wp-json\/wp\/v2\/media\/10877"}],"wp:attachment":[{"href":"https:\/\/apuntesdesanluis.com\/index.php\/wp-json\/wp\/v2\/media?parent=10876"}],"wp:term":[{"taxonomy":"category","embeddable":true,"href":"https:\/\/apuntesdesanluis.com\/index.php\/wp-json\/wp\/v2\/categories?post=10876"},{"taxonomy":"post_tag","embeddable":true,"href":"https:\/\/apuntesdesanluis.com\/index.php\/wp-json\/wp\/v2\/tags?post=10876"}],"curies":[{"name":"wp","href":"https:\/\/api.w.org\/{rel}","templated":true}]}}