{"id":10896,"date":"2024-01-28T10:38:03","date_gmt":"2024-01-28T13:38:03","guid":{"rendered":"https:\/\/apuntesdesanluis.com\/?p=10896"},"modified":"2024-01-28T21:38:26","modified_gmt":"2024-01-29T00:38:26","slug":"arte-sin-limites-una-jornada-abierta-a-la-inclusion-desde-el-corazon","status":"publish","type":"post","link":"https:\/\/apuntesdesanluis.com\/index.php\/2024\/01\/28\/arte-sin-limites-una-jornada-abierta-a-la-inclusion-desde-el-corazon\/","title":{"rendered":"\u2018ARTE SIN L\u00cdMITES\u2019: UNA JORNADA ABIERTA A LA INCLUSI\u00d3N DESDE EL CORAZ\u00d3N"},"content":{"rendered":"<h3>Este s\u00e1bado, el parque recreativo La Pedrera recibi\u00f3 a un gran n\u00famero de personas con discapacidad que asistieron a la <strong>Jornada de Puertas Abiertas<\/strong> organizada por el Gobierno. Hubo talleres recreativos, art\u00edsticos y musicales, entre otras actividades.<\/h3>\n<h3>Uno de los ejes centrales sobre los que ha hecho hincapi\u00e9 la incipiente gesti\u00f3n comandada por el gobernador, <strong>Claudio Poggi<\/strong>, es la conformaci\u00f3n de nuevos espacios de inclusi\u00f3n real para las personas con discapacidad. Con esta intenci\u00f3n se llev\u00f3 adelante la jornada <strong>\u2018Arte sin l\u00edmites\u2019<\/strong> en el parque La Pedrera de Villa Mercedes, donde j\u00f3venes y adultos compartieron una tarde divertida repleta de actividades integrativas.<\/h3>\n<h3>El secretario de Personas con Discapacidad, <strong>Luis Giraudo<\/strong>, junto con personal responsable de diferentes \u00e1reas, abri\u00f3 las puertas del predio del Centro de Equinoterapia desde las 17:00, donde desarrollaron talleres recreativos y musicales a cargo de <strong>Fernando Baz\u00e1n<\/strong>. En esta actividad inicial participaron especialistas de Villa Mercedes, San Luis y Merlo.<\/h3>\n<h3><img fetchpriority=\"high\" decoding=\"async\" class=\"wp-image-10901 aligncenter\" src=\"https:\/\/apuntesdesanluis.com\/wp-content\/uploads\/2024\/01\/bailes-300x227.png\" alt=\"\" width=\"654\" height=\"495\" srcset=\"https:\/\/apuntesdesanluis.com\/wp-content\/uploads\/2024\/01\/bailes-300x227.png 300w, https:\/\/apuntesdesanluis.com\/wp-content\/uploads\/2024\/01\/bailes.png 600w\" sizes=\"(max-width: 654px) 100vw, 654px\" \/><\/h3>\n<h3>Luego comenz\u00f3 la actuaci\u00f3n de la <strong>Academia de Folclore \u2018Fuente de Luz\u2019<\/strong>, quienes terminaron integrando a los presentes a sus rutinas de danza. La directora de la academia conformada por personas con discapacidad de todas las edades, <strong>Luciana Laconcha<\/strong>, agradeci\u00f3 emocionada la posibilidad de compartir estos espacios de integraci\u00f3n y visibilidad, al mismo tiempo que se comprometi\u00f3 a continuar apoyando estas acciones.<\/h3>\n<h3>La actividad \u2018Pintura Libre\u2019 fue ideal para que cada uno d\u00e9 rienda suelta a su creatividad, utilizando t\u00e9mperas de diferentes colores que se combinaron para formar composiciones originales.<\/h3>\n<h3><img decoding=\"async\" class=\"wp-image-10898 aligncenter\" src=\"https:\/\/apuntesdesanluis.com\/wp-content\/uploads\/2024\/01\/pintura-300x200.png\" alt=\"\" width=\"653\" height=\"435\" srcset=\"https:\/\/apuntesdesanluis.com\/wp-content\/uploads\/2024\/01\/pintura-300x200.png 300w, https:\/\/apuntesdesanluis.com\/wp-content\/uploads\/2024\/01\/pintura.png 600w\" sizes=\"(max-width: 653px) 100vw, 653px\" \/><\/h3>\n<h3>Luego, los presentes encontraron en el karaoke de m\u00fasica electr\u00f3nica, bajo el &#8220;agite&#8221; de Franco, la excusa perfecta para participar de una divertida coreograf\u00eda colectiva.<\/h3>\n<h3><img decoding=\"async\" class=\"wp-image-10899 aligncenter\" src=\"https:\/\/apuntesdesanluis.com\/wp-content\/uploads\/2024\/01\/karaoke-300x172.png\" alt=\"\" width=\"666\" height=\"382\" srcset=\"https:\/\/apuntesdesanluis.com\/wp-content\/uploads\/2024\/01\/karaoke-300x172.png 300w, https:\/\/apuntesdesanluis.com\/wp-content\/uploads\/2024\/01\/karaoke.png 600w\" sizes=\"(max-width: 666px) 100vw, 666px\" \/><\/h3>\n<h3>Durante la calurosa tarde del s\u00e1bado, la curiosidad de los asistentes los llev\u00f3 a visitar los corrales del Centro de Equinoterapia, donde pudieron interactuar brevemente con los equinos y los potrillos de cuatro meses que llegaron recientemente desde San Luis.<\/h3>\n<h3><img loading=\"lazy\" decoding=\"async\" class=\"wp-image-10900 aligncenter\" src=\"https:\/\/apuntesdesanluis.com\/wp-content\/uploads\/2024\/01\/mates-300x180.png\" alt=\"\" width=\"665\" height=\"399\" srcset=\"https:\/\/apuntesdesanluis.com\/wp-content\/uploads\/2024\/01\/mates-300x180.png 300w, https:\/\/apuntesdesanluis.com\/wp-content\/uploads\/2024\/01\/mates.png 600w\" sizes=\"(max-width: 665px) 100vw, 665px\" \/><\/h3>\n<h3>Cerca de las 20:00, reiteraron el agradecimiento a los talleristas responsables y a los padres y chicos que se sumaron a las Jornadas de Puertas Abiertas organizadas desde la Secretar\u00eda.<\/h3>\n<h3>Para finalizar, invitaron a todos a que \u201cdejen su huella\u201d en una l\u00e1mina, en la cual cada uno tuvo la oportunidad de estampar un mensaje referido a la experiencia vivida.<\/h3>\n<p><img loading=\"lazy\" decoding=\"async\" class=\"wp-image-10897 aligncenter\" src=\"https:\/\/apuntesdesanluis.com\/wp-content\/uploads\/2024\/01\/lamina-300x188.png\" alt=\"\" width=\"670\" height=\"420\" srcset=\"https:\/\/apuntesdesanluis.com\/wp-content\/uploads\/2024\/01\/lamina-300x188.png 300w, https:\/\/apuntesdesanluis.com\/wp-content\/uploads\/2024\/01\/lamina.png 600w\" sizes=\"(max-width: 670px) 100vw, 670px\" \/><\/p>\n<h3>Una tarde donde la m\u00fasica, el baile y las expresiones art\u00edsticas se convirtieron en un puente m\u00e1gico hacia la inclusi\u00f3n y la integraci\u00f3n.<\/h3>\n<p>&nbsp;<\/p>\n<p>&nbsp;<\/p>\n<p>&nbsp;<\/p>\n<p>&nbsp;<\/p>\n<p>&nbsp;<\/p>\n","protected":false},"excerpt":{"rendered":"<p>Este s\u00e1bado, el parque recreativo La Pedrera recibi\u00f3 a un gran n\u00famero de personas con&#8230;<\/p>\n","protected":false},"author":1,"featured_media":10902,"comment_status":"closed","ping_status":"closed","sticky":false,"template":"","format":"standard","meta":{"footnotes":""},"categories":[6],"tags":[],"class_list":["post-10896","post","type-post","status-publish","format-standard","has-post-thumbnail","hentry","category-ciudad-provincia"],"yoast_head":"<!-- This site is optimized with the Yoast SEO plugin v26.1.1 - https:\/\/yoast.com\/wordpress\/plugins\/seo\/ -->\n<title>\u2018ARTE SIN L\u00cdMITES\u2019: UNA JORNADA ABIERTA A LA INCLUSI\u00d3N DESDE EL CORAZ\u00d3N - Apuntes de San Luis<\/title>\n<meta name=\"robots\" content=\"index, follow, max-snippet:-1, max-image-preview:large, max-video-preview:-1\" \/>\n<link rel=\"canonical\" href=\"https:\/\/apuntesdesanluis.com\/index.php\/2024\/01\/28\/arte-sin-limites-una-jornada-abierta-a-la-inclusion-desde-el-corazon\/\" \/>\n<meta property=\"og:locale\" content=\"es_ES\" \/>\n<meta property=\"og:type\" content=\"article\" \/>\n<meta property=\"og:title\" content=\"\u2018ARTE SIN L\u00cdMITES\u2019: UNA JORNADA ABIERTA A LA INCLUSI\u00d3N DESDE EL CORAZ\u00d3N - Apuntes de San Luis\" \/>\n<meta property=\"og:description\" content=\"Este s\u00e1bado, el parque recreativo La Pedrera recibi\u00f3 a un gran n\u00famero de personas con...\" \/>\n<meta property=\"og:url\" content=\"https:\/\/apuntesdesanluis.com\/index.php\/2024\/01\/28\/arte-sin-limites-una-jornada-abierta-a-la-inclusion-desde-el-corazon\/\" \/>\n<meta property=\"og:site_name\" content=\"Apuntes de San Luis\" \/>\n<meta property=\"article:published_time\" content=\"2024-01-28T13:38:03+00:00\" \/>\n<meta property=\"article:modified_time\" content=\"2024-01-29T00:38:26+00:00\" \/>\n<meta property=\"og:image\" content=\"https:\/\/apuntesdesanluis.com\/wp-content\/uploads\/2024\/01\/giraudo-luis.png\" \/>\n\t<meta property=\"og:image:width\" content=\"600\" \/>\n\t<meta property=\"og:image:height\" content=\"393\" \/>\n\t<meta property=\"og:image:type\" content=\"image\/png\" \/>\n<meta name=\"author\" content=\"apuntesdesanluis.com\" \/>\n<meta name=\"twitter:card\" content=\"summary_large_image\" \/>\n<meta name=\"twitter:label1\" content=\"Escrito por\" \/>\n\t<meta name=\"twitter:data1\" content=\"apuntesdesanluis.com\" \/>\n\t<meta name=\"twitter:label2\" content=\"Tiempo de lectura\" \/>\n\t<meta name=\"twitter:data2\" content=\"3 minutos\" \/>\n<script type=\"application\/ld+json\" class=\"yoast-schema-graph\">{\"@context\":\"https:\/\/schema.org\",\"@graph\":[{\"@type\":\"Article\",\"@id\":\"https:\/\/apuntesdesanluis.com\/index.php\/2024\/01\/28\/arte-sin-limites-una-jornada-abierta-a-la-inclusion-desde-el-corazon\/#article\",\"isPartOf\":{\"@id\":\"https:\/\/apuntesdesanluis.com\/index.php\/2024\/01\/28\/arte-sin-limites-una-jornada-abierta-a-la-inclusion-desde-el-corazon\/\"},\"author\":{\"name\":\"apuntesdesanluis.com\",\"@id\":\"https:\/\/apuntesdesanluis.com\/#\/schema\/person\/b55151d52296fcce64d1a72538a70b90\"},\"headline\":\"\u2018ARTE SIN L\u00cdMITES\u2019: UNA JORNADA ABIERTA A LA INCLUSI\u00d3N DESDE EL CORAZ\u00d3N\",\"datePublished\":\"2024-01-28T13:38:03+00:00\",\"dateModified\":\"2024-01-29T00:38:26+00:00\",\"mainEntityOfPage\":{\"@id\":\"https:\/\/apuntesdesanluis.com\/index.php\/2024\/01\/28\/arte-sin-limites-una-jornada-abierta-a-la-inclusion-desde-el-corazon\/\"},\"wordCount\":433,\"publisher\":{\"@id\":\"https:\/\/apuntesdesanluis.com\/#\/schema\/person\/b55151d52296fcce64d1a72538a70b90\"},\"image\":{\"@id\":\"https:\/\/apuntesdesanluis.com\/index.php\/2024\/01\/28\/arte-sin-limites-una-jornada-abierta-a-la-inclusion-desde-el-corazon\/#primaryimage\"},\"thumbnailUrl\":\"https:\/\/apuntesdesanluis.com\/wp-content\/uploads\/2024\/01\/giraudo-luis.png\",\"articleSection\":[\"Ciudad\/Provincia\"],\"inLanguage\":\"es-AR\"},{\"@type\":\"WebPage\",\"@id\":\"https:\/\/apuntesdesanluis.com\/index.php\/2024\/01\/28\/arte-sin-limites-una-jornada-abierta-a-la-inclusion-desde-el-corazon\/\",\"url\":\"https:\/\/apuntesdesanluis.com\/index.php\/2024\/01\/28\/arte-sin-limites-una-jornada-abierta-a-la-inclusion-desde-el-corazon\/\",\"name\":\"\u2018ARTE SIN L\u00cdMITES\u2019: UNA JORNADA ABIERTA A LA INCLUSI\u00d3N DESDE EL CORAZ\u00d3N - Apuntes de San Luis\",\"isPartOf\":{\"@id\":\"https:\/\/apuntesdesanluis.com\/#website\"},\"primaryImageOfPage\":{\"@id\":\"https:\/\/apuntesdesanluis.com\/index.php\/2024\/01\/28\/arte-sin-limites-una-jornada-abierta-a-la-inclusion-desde-el-corazon\/#primaryimage\"},\"image\":{\"@id\":\"https:\/\/apuntesdesanluis.com\/index.php\/2024\/01\/28\/arte-sin-limites-una-jornada-abierta-a-la-inclusion-desde-el-corazon\/#primaryimage\"},\"thumbnailUrl\":\"https:\/\/apuntesdesanluis.com\/wp-content\/uploads\/2024\/01\/giraudo-luis.png\",\"datePublished\":\"2024-01-28T13:38:03+00:00\",\"dateModified\":\"2024-01-29T00:38:26+00:00\",\"breadcrumb\":{\"@id\":\"https:\/\/apuntesdesanluis.com\/index.php\/2024\/01\/28\/arte-sin-limites-una-jornada-abierta-a-la-inclusion-desde-el-corazon\/#breadcrumb\"},\"inLanguage\":\"es-AR\",\"potentialAction\":[{\"@type\":\"ReadAction\",\"target\":[\"https:\/\/apuntesdesanluis.com\/index.php\/2024\/01\/28\/arte-sin-limites-una-jornada-abierta-a-la-inclusion-desde-el-corazon\/\"]}]},{\"@type\":\"ImageObject\",\"inLanguage\":\"es-AR\",\"@id\":\"https:\/\/apuntesdesanluis.com\/index.php\/2024\/01\/28\/arte-sin-limites-una-jornada-abierta-a-la-inclusion-desde-el-corazon\/#primaryimage\",\"url\":\"https:\/\/apuntesdesanluis.com\/wp-content\/uploads\/2024\/01\/giraudo-luis.png\",\"contentUrl\":\"https:\/\/apuntesdesanluis.com\/wp-content\/uploads\/2024\/01\/giraudo-luis.png\",\"width\":600,\"height\":393},{\"@type\":\"BreadcrumbList\",\"@id\":\"https:\/\/apuntesdesanluis.com\/index.php\/2024\/01\/28\/arte-sin-limites-una-jornada-abierta-a-la-inclusion-desde-el-corazon\/#breadcrumb\",\"itemListElement\":[{\"@type\":\"ListItem\",\"position\":1,\"name\":\"Inicio\",\"item\":\"https:\/\/apuntesdesanluis.com\/\"},{\"@type\":\"ListItem\",\"position\":2,\"name\":\"\u2018ARTE SIN L\u00cdMITES\u2019: UNA JORNADA ABIERTA A LA INCLUSI\u00d3N DESDE EL CORAZ\u00d3N\"}]},{\"@type\":\"WebSite\",\"@id\":\"https:\/\/apuntesdesanluis.com\/#website\",\"url\":\"https:\/\/apuntesdesanluis.com\/\",\"name\":\"Apuntes de San Luis\",\"description\":\"\",\"publisher\":{\"@id\":\"https:\/\/apuntesdesanluis.com\/#\/schema\/person\/b55151d52296fcce64d1a72538a70b90\"},\"potentialAction\":[{\"@type\":\"SearchAction\",\"target\":{\"@type\":\"EntryPoint\",\"urlTemplate\":\"https:\/\/apuntesdesanluis.com\/?s={search_term_string}\"},\"query-input\":{\"@type\":\"PropertyValueSpecification\",\"valueRequired\":true,\"valueName\":\"search_term_string\"}}],\"inLanguage\":\"es-AR\"},{\"@type\":[\"Person\",\"Organization\"],\"@id\":\"https:\/\/apuntesdesanluis.com\/#\/schema\/person\/b55151d52296fcce64d1a72538a70b90\",\"name\":\"apuntesdesanluis.com\",\"image\":{\"@type\":\"ImageObject\",\"inLanguage\":\"es-AR\",\"@id\":\"https:\/\/apuntesdesanluis.com\/#\/schema\/person\/image\/\",\"url\":\"https:\/\/apuntesdesanluis.com\/wp-content\/uploads\/2023\/07\/cropped-apuntesdesanluis.png\",\"contentUrl\":\"https:\/\/apuntesdesanluis.com\/wp-content\/uploads\/2023\/07\/cropped-apuntesdesanluis.png\",\"width\":450,\"height\":112,\"caption\":\"apuntesdesanluis.com\"},\"logo\":{\"@id\":\"https:\/\/apuntesdesanluis.com\/#\/schema\/person\/image\/\"},\"sameAs\":[\"https:\/\/apuntesdesanluis.com\"],\"url\":\"https:\/\/apuntesdesanluis.com\/index.php\/author\/apuntesdesanluis-com\/\"}]}<\/script>\n<!-- \/ Yoast SEO plugin. -->","yoast_head_json":{"title":"\u2018ARTE SIN L\u00cdMITES\u2019: UNA JORNADA ABIERTA A LA INCLUSI\u00d3N DESDE EL CORAZ\u00d3N - Apuntes de San Luis","robots":{"index":"index","follow":"follow","max-snippet":"max-snippet:-1","max-image-preview":"max-image-preview:large","max-video-preview":"max-video-preview:-1"},"canonical":"https:\/\/apuntesdesanluis.com\/index.php\/2024\/01\/28\/arte-sin-limites-una-jornada-abierta-a-la-inclusion-desde-el-corazon\/","og_locale":"es_ES","og_type":"article","og_title":"\u2018ARTE SIN L\u00cdMITES\u2019: UNA JORNADA ABIERTA A LA INCLUSI\u00d3N DESDE EL CORAZ\u00d3N - Apuntes de San Luis","og_description":"Este s\u00e1bado, el parque recreativo La Pedrera recibi\u00f3 a un gran n\u00famero de personas con...","og_url":"https:\/\/apuntesdesanluis.com\/index.php\/2024\/01\/28\/arte-sin-limites-una-jornada-abierta-a-la-inclusion-desde-el-corazon\/","og_site_name":"Apuntes de San Luis","article_published_time":"2024-01-28T13:38:03+00:00","article_modified_time":"2024-01-29T00:38:26+00:00","og_image":[{"width":600,"height":393,"url":"https:\/\/apuntesdesanluis.com\/wp-content\/uploads\/2024\/01\/giraudo-luis.png","type":"image\/png"}],"author":"apuntesdesanluis.com","twitter_card":"summary_large_image","twitter_misc":{"Escrito por":"apuntesdesanluis.com","Tiempo de lectura":"3 minutos"},"schema":{"@context":"https:\/\/schema.org","@graph":[{"@type":"Article","@id":"https:\/\/apuntesdesanluis.com\/index.php\/2024\/01\/28\/arte-sin-limites-una-jornada-abierta-a-la-inclusion-desde-el-corazon\/#article","isPartOf":{"@id":"https:\/\/apuntesdesanluis.com\/index.php\/2024\/01\/28\/arte-sin-limites-una-jornada-abierta-a-la-inclusion-desde-el-corazon\/"},"author":{"name":"apuntesdesanluis.com","@id":"https:\/\/apuntesdesanluis.com\/#\/schema\/person\/b55151d52296fcce64d1a72538a70b90"},"headline":"\u2018ARTE SIN L\u00cdMITES\u2019: UNA JORNADA ABIERTA A LA INCLUSI\u00d3N DESDE EL CORAZ\u00d3N","datePublished":"2024-01-28T13:38:03+00:00","dateModified":"2024-01-29T00:38:26+00:00","mainEntityOfPage":{"@id":"https:\/\/apuntesdesanluis.com\/index.php\/2024\/01\/28\/arte-sin-limites-una-jornada-abierta-a-la-inclusion-desde-el-corazon\/"},"wordCount":433,"publisher":{"@id":"https:\/\/apuntesdesanluis.com\/#\/schema\/person\/b55151d52296fcce64d1a72538a70b90"},"image":{"@id":"https:\/\/apuntesdesanluis.com\/index.php\/2024\/01\/28\/arte-sin-limites-una-jornada-abierta-a-la-inclusion-desde-el-corazon\/#primaryimage"},"thumbnailUrl":"https:\/\/apuntesdesanluis.com\/wp-content\/uploads\/2024\/01\/giraudo-luis.png","articleSection":["Ciudad\/Provincia"],"inLanguage":"es-AR"},{"@type":"WebPage","@id":"https:\/\/apuntesdesanluis.com\/index.php\/2024\/01\/28\/arte-sin-limites-una-jornada-abierta-a-la-inclusion-desde-el-corazon\/","url":"https:\/\/apuntesdesanluis.com\/index.php\/2024\/01\/28\/arte-sin-limites-una-jornada-abierta-a-la-inclusion-desde-el-corazon\/","name":"\u2018ARTE SIN L\u00cdMITES\u2019: UNA JORNADA ABIERTA A LA INCLUSI\u00d3N DESDE EL CORAZ\u00d3N - Apuntes de San Luis","isPartOf":{"@id":"https:\/\/apuntesdesanluis.com\/#website"},"primaryImageOfPage":{"@id":"https:\/\/apuntesdesanluis.com\/index.php\/2024\/01\/28\/arte-sin-limites-una-jornada-abierta-a-la-inclusion-desde-el-corazon\/#primaryimage"},"image":{"@id":"https:\/\/apuntesdesanluis.com\/index.php\/2024\/01\/28\/arte-sin-limites-una-jornada-abierta-a-la-inclusion-desde-el-corazon\/#primaryimage"},"thumbnailUrl":"https:\/\/apuntesdesanluis.com\/wp-content\/uploads\/2024\/01\/giraudo-luis.png","datePublished":"2024-01-28T13:38:03+00:00","dateModified":"2024-01-29T00:38:26+00:00","breadcrumb":{"@id":"https:\/\/apuntesdesanluis.com\/index.php\/2024\/01\/28\/arte-sin-limites-una-jornada-abierta-a-la-inclusion-desde-el-corazon\/#breadcrumb"},"inLanguage":"es-AR","potentialAction":[{"@type":"ReadAction","target":["https:\/\/apuntesdesanluis.com\/index.php\/2024\/01\/28\/arte-sin-limites-una-jornada-abierta-a-la-inclusion-desde-el-corazon\/"]}]},{"@type":"ImageObject","inLanguage":"es-AR","@id":"https:\/\/apuntesdesanluis.com\/index.php\/2024\/01\/28\/arte-sin-limites-una-jornada-abierta-a-la-inclusion-desde-el-corazon\/#primaryimage","url":"https:\/\/apuntesdesanluis.com\/wp-content\/uploads\/2024\/01\/giraudo-luis.png","contentUrl":"https:\/\/apuntesdesanluis.com\/wp-content\/uploads\/2024\/01\/giraudo-luis.png","width":600,"height":393},{"@type":"BreadcrumbList","@id":"https:\/\/apuntesdesanluis.com\/index.php\/2024\/01\/28\/arte-sin-limites-una-jornada-abierta-a-la-inclusion-desde-el-corazon\/#breadcrumb","itemListElement":[{"@type":"ListItem","position":1,"name":"Inicio","item":"https:\/\/apuntesdesanluis.com\/"},{"@type":"ListItem","position":2,"name":"\u2018ARTE SIN L\u00cdMITES\u2019: UNA JORNADA ABIERTA A LA INCLUSI\u00d3N DESDE EL CORAZ\u00d3N"}]},{"@type":"WebSite","@id":"https:\/\/apuntesdesanluis.com\/#website","url":"https:\/\/apuntesdesanluis.com\/","name":"Apuntes de San Luis","description":"","publisher":{"@id":"https:\/\/apuntesdesanluis.com\/#\/schema\/person\/b55151d52296fcce64d1a72538a70b90"},"potentialAction":[{"@type":"SearchAction","target":{"@type":"EntryPoint","urlTemplate":"https:\/\/apuntesdesanluis.com\/?s={search_term_string}"},"query-input":{"@type":"PropertyValueSpecification","valueRequired":true,"valueName":"search_term_string"}}],"inLanguage":"es-AR"},{"@type":["Person","Organization"],"@id":"https:\/\/apuntesdesanluis.com\/#\/schema\/person\/b55151d52296fcce64d1a72538a70b90","name":"apuntesdesanluis.com","image":{"@type":"ImageObject","inLanguage":"es-AR","@id":"https:\/\/apuntesdesanluis.com\/#\/schema\/person\/image\/","url":"https:\/\/apuntesdesanluis.com\/wp-content\/uploads\/2023\/07\/cropped-apuntesdesanluis.png","contentUrl":"https:\/\/apuntesdesanluis.com\/wp-content\/uploads\/2023\/07\/cropped-apuntesdesanluis.png","width":450,"height":112,"caption":"apuntesdesanluis.com"},"logo":{"@id":"https:\/\/apuntesdesanluis.com\/#\/schema\/person\/image\/"},"sameAs":["https:\/\/apuntesdesanluis.com"],"url":"https:\/\/apuntesdesanluis.com\/index.php\/author\/apuntesdesanluis-com\/"}]}},"featured_image_urls":{"full":["https:\/\/apuntesdesanluis.com\/wp-content\/uploads\/2024\/01\/giraudo-luis.png",600,393,false],"thumbnail":["https:\/\/apuntesdesanluis.com\/wp-content\/uploads\/2024\/01\/giraudo-luis-150x150.png",150,150,true],"medium":["https:\/\/apuntesdesanluis.com\/wp-content\/uploads\/2024\/01\/giraudo-luis-300x197.png",300,197,true],"medium_large":["https:\/\/apuntesdesanluis.com\/wp-content\/uploads\/2024\/01\/giraudo-luis.png",600,393,false],"large":["https:\/\/apuntesdesanluis.com\/wp-content\/uploads\/2024\/01\/giraudo-luis.png",600,393,false],"1536x1536":["https:\/\/apuntesdesanluis.com\/wp-content\/uploads\/2024\/01\/giraudo-luis.png",600,393,false],"2048x2048":["https:\/\/apuntesdesanluis.com\/wp-content\/uploads\/2024\/01\/giraudo-luis.png",600,393,false],"newsever-slider-full":["https:\/\/apuntesdesanluis.com\/wp-content\/uploads\/2024\/01\/giraudo-luis.png",600,393,false],"newsever-featured":["https:\/\/apuntesdesanluis.com\/wp-content\/uploads\/2024\/01\/giraudo-luis.png",600,393,false],"newsever-medium":["https:\/\/apuntesdesanluis.com\/wp-content\/uploads\/2024\/01\/giraudo-luis.png",600,393,false]},"author_info":{"display_name":"apuntesdesanluis.com","author_link":"https:\/\/apuntesdesanluis.com\/index.php\/author\/apuntesdesanluis-com\/"},"category_info":"<a href=\"https:\/\/apuntesdesanluis.com\/index.php\/category\/ciudad-provincia\/\" rel=\"category tag\">Ciudad\/Provincia<\/a>","tag_info":"Ciudad\/Provincia","comment_count":"0","_links":{"self":[{"href":"https:\/\/apuntesdesanluis.com\/index.php\/wp-json\/wp\/v2\/posts\/10896","targetHints":{"allow":["GET"]}}],"collection":[{"href":"https:\/\/apuntesdesanluis.com\/index.php\/wp-json\/wp\/v2\/posts"}],"about":[{"href":"https:\/\/apuntesdesanluis.com\/index.php\/wp-json\/wp\/v2\/types\/post"}],"author":[{"embeddable":true,"href":"https:\/\/apuntesdesanluis.com\/index.php\/wp-json\/wp\/v2\/users\/1"}],"replies":[{"embeddable":true,"href":"https:\/\/apuntesdesanluis.com\/index.php\/wp-json\/wp\/v2\/comments?post=10896"}],"version-history":[{"count":1,"href":"https:\/\/apuntesdesanluis.com\/index.php\/wp-json\/wp\/v2\/posts\/10896\/revisions"}],"predecessor-version":[{"id":10903,"href":"https:\/\/apuntesdesanluis.com\/index.php\/wp-json\/wp\/v2\/posts\/10896\/revisions\/10903"}],"wp:featuredmedia":[{"embeddable":true,"href":"https:\/\/apuntesdesanluis.com\/index.php\/wp-json\/wp\/v2\/media\/10902"}],"wp:attachment":[{"href":"https:\/\/apuntesdesanluis.com\/index.php\/wp-json\/wp\/v2\/media?parent=10896"}],"wp:term":[{"taxonomy":"category","embeddable":true,"href":"https:\/\/apuntesdesanluis.com\/index.php\/wp-json\/wp\/v2\/categories?post=10896"},{"taxonomy":"post_tag","embeddable":true,"href":"https:\/\/apuntesdesanluis.com\/index.php\/wp-json\/wp\/v2\/tags?post=10896"}],"curies":[{"name":"wp","href":"https:\/\/api.w.org\/{rel}","templated":true}]}}