{"id":10925,"date":"2024-01-29T14:04:44","date_gmt":"2024-01-29T17:04:44","guid":{"rendered":"https:\/\/apuntesdesanluis.com\/?p=10925"},"modified":"2024-01-29T10:05:53","modified_gmt":"2024-01-29T13:05:53","slug":"el-gobierno-apelo-el-fallo-que-declaro-invalidos-seis-articulos-del-dnu-en-materia-laboral","status":"publish","type":"post","link":"https:\/\/apuntesdesanluis.com\/index.php\/2024\/01\/29\/el-gobierno-apelo-el-fallo-que-declaro-invalidos-seis-articulos-del-dnu-en-materia-laboral\/","title":{"rendered":"EL GOBIERNO APEL\u00d3 EL FALLO QUE DECLAR\u00d3 INV\u00c1LIDOS SEIS ART\u00cdCULOS DEL DNU EN MATERIA LABORAL"},"content":{"rendered":"<h3>El Gobierno apel\u00f3 el fallo de una jueza de feria que declar\u00f3 inv\u00e1lidos seis art\u00edculos del DNU 70\/23 vinculados con los derechos de los trabajadores.<\/h3>\n<h3>Mediante una presentaci\u00f3n de una treintena de p\u00e1ginas, la Secretar\u00eda de Trabajo sostuvo que se trata de una \u201cdecisi\u00f3n pol\u00edtica no judiciable\u201d y, por lo tanto, el fallo nunca debi\u00f3 haber existido.<\/h3>\n<h3>La semana pasada, la jueza Liliana Rodr\u00edguez Fern\u00e1ndez hizo lugar parcialmente a una acci\u00f3n de amparo de la CGT y declar\u00f3 la invalidez de los art\u00edculos 73 (retenci\u00f3n de la cuota sindical); 79 (negociaci\u00f3n colectiva); 86 (cl\u00e1usulas obligacionales); 87, 88 y 97 (servicios esenciales y modalidad de protestas).<\/h3>\n<h3>\u201cResulta necesario exponer cuales son los riesgos de encontrarnos con un Poder Judicial que desatienda las necesidades impostergables que hoy tiene la Rep\u00fablica Argentina\u201d, sostiene la apelaci\u00f3n del gobierno.<\/h3>\n<h3>\u201cLa indiferencia al entendimiento de la situaci\u00f3n y la anteposici\u00f3n de intereses particulares por sobre los de la Naci\u00f3n, pone en riesgo la subsistencia misma de la organizaci\u00f3n social, jur\u00eddica y pol\u00edtica constituida, afectando su normal desarrollo en procura del bien com\u00fan\u201d, a\u00f1ade.<\/h3>\n<h3>Para el gobierno, \u201cel legal y leg\u00edtimo ejercicio del derecho a huelga ha quedado desnaturalizado por completo\u201d.<\/h3>\n<h3>\u201cEl derecho constitucional a huelga ha quedado en las \u00faltimas d\u00e9cadas convertido en una instancia de violencia, de irrespetuosidad al derecho de otros; dir\u00edamos que qued\u00f3 enmarcado en el ejercicio abusivo del derecho\u201d, subray\u00f3 el escrito.<\/h3>\n<h3>\u201cEl ejercicio de ese derecho constitucional y supraconstitucional no puede ser llevado a cabo en forma violenta ni tampoco abusiva, es decir, con medidas adicionales que avasallen los derechos de otros sujetos de un modo innecesario para el despliegue de la huelga. Que en definitiva es lo que viene a reglar el DNU\u201d, subray\u00f3 el documento.<\/h3>\n<p>&nbsp;<\/p>\n<p>&nbsp;<\/p>\n<p>&nbsp;<\/p>\n<p>&nbsp;<\/p>\n","protected":false},"excerpt":{"rendered":"<p>El Gobierno apel\u00f3 el fallo de una jueza de feria que declar\u00f3 inv\u00e1lidos seis art\u00edculos&#8230;<\/p>\n","protected":false},"author":1,"featured_media":9621,"comment_status":"closed","ping_status":"closed","sticky":false,"template":"","format":"standard","meta":{"footnotes":""},"categories":[5],"tags":[],"class_list":["post-10925","post","type-post","status-publish","format-standard","has-post-thumbnail","hentry","category-nacionales-internacionales"],"yoast_head":"<!-- This site is optimized with the Yoast SEO plugin v26.1.1 - https:\/\/yoast.com\/wordpress\/plugins\/seo\/ -->\n<title>EL GOBIERNO APEL\u00d3 EL FALLO QUE DECLAR\u00d3 INV\u00c1LIDOS SEIS ART\u00cdCULOS DEL DNU EN MATERIA LABORAL - Apuntes de San Luis<\/title>\n<meta name=\"robots\" content=\"index, follow, max-snippet:-1, max-image-preview:large, max-video-preview:-1\" \/>\n<link rel=\"canonical\" href=\"https:\/\/apuntesdesanluis.com\/index.php\/2024\/01\/29\/el-gobierno-apelo-el-fallo-que-declaro-invalidos-seis-articulos-del-dnu-en-materia-laboral\/\" \/>\n<meta property=\"og:locale\" content=\"es_ES\" \/>\n<meta property=\"og:type\" content=\"article\" \/>\n<meta property=\"og:title\" content=\"EL GOBIERNO APEL\u00d3 EL FALLO QUE DECLAR\u00d3 INV\u00c1LIDOS SEIS ART\u00cdCULOS DEL DNU EN MATERIA LABORAL - Apuntes de San Luis\" \/>\n<meta property=\"og:description\" content=\"El Gobierno apel\u00f3 el fallo de una jueza de feria que declar\u00f3 inv\u00e1lidos seis art\u00edculos...\" \/>\n<meta property=\"og:url\" content=\"https:\/\/apuntesdesanluis.com\/index.php\/2024\/01\/29\/el-gobierno-apelo-el-fallo-que-declaro-invalidos-seis-articulos-del-dnu-en-materia-laboral\/\" \/>\n<meta property=\"og:site_name\" content=\"Apuntes de San Luis\" \/>\n<meta property=\"article:published_time\" content=\"2024-01-29T17:04:44+00:00\" \/>\n<meta property=\"og:image\" content=\"https:\/\/apuntesdesanluis.com\/wp-content\/uploads\/2024\/01\/MILEI-Y-GABINETE.jpg\" \/>\n\t<meta property=\"og:image:width\" content=\"600\" \/>\n\t<meta property=\"og:image:height\" content=\"337\" \/>\n\t<meta property=\"og:image:type\" content=\"image\/jpeg\" \/>\n<meta name=\"author\" content=\"apuntesdesanluis.com\" \/>\n<meta name=\"twitter:card\" content=\"summary_large_image\" \/>\n<meta name=\"twitter:label1\" content=\"Escrito por\" \/>\n\t<meta name=\"twitter:data1\" content=\"apuntesdesanluis.com\" \/>\n\t<meta name=\"twitter:label2\" content=\"Tiempo de lectura\" \/>\n\t<meta name=\"twitter:data2\" content=\"2 minutos\" \/>\n<script type=\"application\/ld+json\" class=\"yoast-schema-graph\">{\"@context\":\"https:\/\/schema.org\",\"@graph\":[{\"@type\":\"Article\",\"@id\":\"https:\/\/apuntesdesanluis.com\/index.php\/2024\/01\/29\/el-gobierno-apelo-el-fallo-que-declaro-invalidos-seis-articulos-del-dnu-en-materia-laboral\/#article\",\"isPartOf\":{\"@id\":\"https:\/\/apuntesdesanluis.com\/index.php\/2024\/01\/29\/el-gobierno-apelo-el-fallo-que-declaro-invalidos-seis-articulos-del-dnu-en-materia-laboral\/\"},\"author\":{\"name\":\"apuntesdesanluis.com\",\"@id\":\"https:\/\/apuntesdesanluis.com\/#\/schema\/person\/b55151d52296fcce64d1a72538a70b90\"},\"headline\":\"EL GOBIERNO APEL\u00d3 EL FALLO QUE DECLAR\u00d3 INV\u00c1LIDOS SEIS ART\u00cdCULOS DEL DNU EN MATERIA LABORAL\",\"datePublished\":\"2024-01-29T17:04:44+00:00\",\"mainEntityOfPage\":{\"@id\":\"https:\/\/apuntesdesanluis.com\/index.php\/2024\/01\/29\/el-gobierno-apelo-el-fallo-que-declaro-invalidos-seis-articulos-del-dnu-en-materia-laboral\/\"},\"wordCount\":327,\"publisher\":{\"@id\":\"https:\/\/apuntesdesanluis.com\/#\/schema\/person\/b55151d52296fcce64d1a72538a70b90\"},\"image\":{\"@id\":\"https:\/\/apuntesdesanluis.com\/index.php\/2024\/01\/29\/el-gobierno-apelo-el-fallo-que-declaro-invalidos-seis-articulos-del-dnu-en-materia-laboral\/#primaryimage\"},\"thumbnailUrl\":\"https:\/\/apuntesdesanluis.com\/wp-content\/uploads\/2024\/01\/MILEI-Y-GABINETE.jpg\",\"articleSection\":[\"Nacionales\/Internacionales\"],\"inLanguage\":\"es-AR\"},{\"@type\":\"WebPage\",\"@id\":\"https:\/\/apuntesdesanluis.com\/index.php\/2024\/01\/29\/el-gobierno-apelo-el-fallo-que-declaro-invalidos-seis-articulos-del-dnu-en-materia-laboral\/\",\"url\":\"https:\/\/apuntesdesanluis.com\/index.php\/2024\/01\/29\/el-gobierno-apelo-el-fallo-que-declaro-invalidos-seis-articulos-del-dnu-en-materia-laboral\/\",\"name\":\"EL GOBIERNO APEL\u00d3 EL FALLO QUE DECLAR\u00d3 INV\u00c1LIDOS SEIS ART\u00cdCULOS DEL DNU EN MATERIA LABORAL - Apuntes de San Luis\",\"isPartOf\":{\"@id\":\"https:\/\/apuntesdesanluis.com\/#website\"},\"primaryImageOfPage\":{\"@id\":\"https:\/\/apuntesdesanluis.com\/index.php\/2024\/01\/29\/el-gobierno-apelo-el-fallo-que-declaro-invalidos-seis-articulos-del-dnu-en-materia-laboral\/#primaryimage\"},\"image\":{\"@id\":\"https:\/\/apuntesdesanluis.com\/index.php\/2024\/01\/29\/el-gobierno-apelo-el-fallo-que-declaro-invalidos-seis-articulos-del-dnu-en-materia-laboral\/#primaryimage\"},\"thumbnailUrl\":\"https:\/\/apuntesdesanluis.com\/wp-content\/uploads\/2024\/01\/MILEI-Y-GABINETE.jpg\",\"datePublished\":\"2024-01-29T17:04:44+00:00\",\"breadcrumb\":{\"@id\":\"https:\/\/apuntesdesanluis.com\/index.php\/2024\/01\/29\/el-gobierno-apelo-el-fallo-que-declaro-invalidos-seis-articulos-del-dnu-en-materia-laboral\/#breadcrumb\"},\"inLanguage\":\"es-AR\",\"potentialAction\":[{\"@type\":\"ReadAction\",\"target\":[\"https:\/\/apuntesdesanluis.com\/index.php\/2024\/01\/29\/el-gobierno-apelo-el-fallo-que-declaro-invalidos-seis-articulos-del-dnu-en-materia-laboral\/\"]}]},{\"@type\":\"ImageObject\",\"inLanguage\":\"es-AR\",\"@id\":\"https:\/\/apuntesdesanluis.com\/index.php\/2024\/01\/29\/el-gobierno-apelo-el-fallo-que-declaro-invalidos-seis-articulos-del-dnu-en-materia-laboral\/#primaryimage\",\"url\":\"https:\/\/apuntesdesanluis.com\/wp-content\/uploads\/2024\/01\/MILEI-Y-GABINETE.jpg\",\"contentUrl\":\"https:\/\/apuntesdesanluis.com\/wp-content\/uploads\/2024\/01\/MILEI-Y-GABINETE.jpg\",\"width\":600,\"height\":337},{\"@type\":\"BreadcrumbList\",\"@id\":\"https:\/\/apuntesdesanluis.com\/index.php\/2024\/01\/29\/el-gobierno-apelo-el-fallo-que-declaro-invalidos-seis-articulos-del-dnu-en-materia-laboral\/#breadcrumb\",\"itemListElement\":[{\"@type\":\"ListItem\",\"position\":1,\"name\":\"Inicio\",\"item\":\"https:\/\/apuntesdesanluis.com\/\"},{\"@type\":\"ListItem\",\"position\":2,\"name\":\"EL GOBIERNO APEL\u00d3 EL FALLO QUE DECLAR\u00d3 INV\u00c1LIDOS SEIS ART\u00cdCULOS DEL DNU EN MATERIA LABORAL\"}]},{\"@type\":\"WebSite\",\"@id\":\"https:\/\/apuntesdesanluis.com\/#website\",\"url\":\"https:\/\/apuntesdesanluis.com\/\",\"name\":\"Apuntes de San Luis\",\"description\":\"\",\"publisher\":{\"@id\":\"https:\/\/apuntesdesanluis.com\/#\/schema\/person\/b55151d52296fcce64d1a72538a70b90\"},\"potentialAction\":[{\"@type\":\"SearchAction\",\"target\":{\"@type\":\"EntryPoint\",\"urlTemplate\":\"https:\/\/apuntesdesanluis.com\/?s={search_term_string}\"},\"query-input\":{\"@type\":\"PropertyValueSpecification\",\"valueRequired\":true,\"valueName\":\"search_term_string\"}}],\"inLanguage\":\"es-AR\"},{\"@type\":[\"Person\",\"Organization\"],\"@id\":\"https:\/\/apuntesdesanluis.com\/#\/schema\/person\/b55151d52296fcce64d1a72538a70b90\",\"name\":\"apuntesdesanluis.com\",\"image\":{\"@type\":\"ImageObject\",\"inLanguage\":\"es-AR\",\"@id\":\"https:\/\/apuntesdesanluis.com\/#\/schema\/person\/image\/\",\"url\":\"https:\/\/apuntesdesanluis.com\/wp-content\/uploads\/2023\/07\/cropped-apuntesdesanluis.png\",\"contentUrl\":\"https:\/\/apuntesdesanluis.com\/wp-content\/uploads\/2023\/07\/cropped-apuntesdesanluis.png\",\"width\":450,\"height\":112,\"caption\":\"apuntesdesanluis.com\"},\"logo\":{\"@id\":\"https:\/\/apuntesdesanluis.com\/#\/schema\/person\/image\/\"},\"sameAs\":[\"https:\/\/apuntesdesanluis.com\"],\"url\":\"https:\/\/apuntesdesanluis.com\/index.php\/author\/apuntesdesanluis-com\/\"}]}<\/script>\n<!-- \/ Yoast SEO plugin. -->","yoast_head_json":{"title":"EL GOBIERNO APEL\u00d3 EL FALLO QUE DECLAR\u00d3 INV\u00c1LIDOS SEIS ART\u00cdCULOS DEL DNU EN MATERIA LABORAL - Apuntes de San Luis","robots":{"index":"index","follow":"follow","max-snippet":"max-snippet:-1","max-image-preview":"max-image-preview:large","max-video-preview":"max-video-preview:-1"},"canonical":"https:\/\/apuntesdesanluis.com\/index.php\/2024\/01\/29\/el-gobierno-apelo-el-fallo-que-declaro-invalidos-seis-articulos-del-dnu-en-materia-laboral\/","og_locale":"es_ES","og_type":"article","og_title":"EL GOBIERNO APEL\u00d3 EL FALLO QUE DECLAR\u00d3 INV\u00c1LIDOS SEIS ART\u00cdCULOS DEL DNU EN MATERIA LABORAL - Apuntes de San Luis","og_description":"El Gobierno apel\u00f3 el fallo de una jueza de feria que declar\u00f3 inv\u00e1lidos seis art\u00edculos...","og_url":"https:\/\/apuntesdesanluis.com\/index.php\/2024\/01\/29\/el-gobierno-apelo-el-fallo-que-declaro-invalidos-seis-articulos-del-dnu-en-materia-laboral\/","og_site_name":"Apuntes de San Luis","article_published_time":"2024-01-29T17:04:44+00:00","og_image":[{"width":600,"height":337,"url":"https:\/\/apuntesdesanluis.com\/wp-content\/uploads\/2024\/01\/MILEI-Y-GABINETE.jpg","type":"image\/jpeg"}],"author":"apuntesdesanluis.com","twitter_card":"summary_large_image","twitter_misc":{"Escrito por":"apuntesdesanluis.com","Tiempo de lectura":"2 minutos"},"schema":{"@context":"https:\/\/schema.org","@graph":[{"@type":"Article","@id":"https:\/\/apuntesdesanluis.com\/index.php\/2024\/01\/29\/el-gobierno-apelo-el-fallo-que-declaro-invalidos-seis-articulos-del-dnu-en-materia-laboral\/#article","isPartOf":{"@id":"https:\/\/apuntesdesanluis.com\/index.php\/2024\/01\/29\/el-gobierno-apelo-el-fallo-que-declaro-invalidos-seis-articulos-del-dnu-en-materia-laboral\/"},"author":{"name":"apuntesdesanluis.com","@id":"https:\/\/apuntesdesanluis.com\/#\/schema\/person\/b55151d52296fcce64d1a72538a70b90"},"headline":"EL GOBIERNO APEL\u00d3 EL FALLO QUE DECLAR\u00d3 INV\u00c1LIDOS SEIS ART\u00cdCULOS DEL DNU EN MATERIA LABORAL","datePublished":"2024-01-29T17:04:44+00:00","mainEntityOfPage":{"@id":"https:\/\/apuntesdesanluis.com\/index.php\/2024\/01\/29\/el-gobierno-apelo-el-fallo-que-declaro-invalidos-seis-articulos-del-dnu-en-materia-laboral\/"},"wordCount":327,"publisher":{"@id":"https:\/\/apuntesdesanluis.com\/#\/schema\/person\/b55151d52296fcce64d1a72538a70b90"},"image":{"@id":"https:\/\/apuntesdesanluis.com\/index.php\/2024\/01\/29\/el-gobierno-apelo-el-fallo-que-declaro-invalidos-seis-articulos-del-dnu-en-materia-laboral\/#primaryimage"},"thumbnailUrl":"https:\/\/apuntesdesanluis.com\/wp-content\/uploads\/2024\/01\/MILEI-Y-GABINETE.jpg","articleSection":["Nacionales\/Internacionales"],"inLanguage":"es-AR"},{"@type":"WebPage","@id":"https:\/\/apuntesdesanluis.com\/index.php\/2024\/01\/29\/el-gobierno-apelo-el-fallo-que-declaro-invalidos-seis-articulos-del-dnu-en-materia-laboral\/","url":"https:\/\/apuntesdesanluis.com\/index.php\/2024\/01\/29\/el-gobierno-apelo-el-fallo-que-declaro-invalidos-seis-articulos-del-dnu-en-materia-laboral\/","name":"EL GOBIERNO APEL\u00d3 EL FALLO QUE DECLAR\u00d3 INV\u00c1LIDOS SEIS ART\u00cdCULOS DEL DNU EN MATERIA LABORAL - Apuntes de San Luis","isPartOf":{"@id":"https:\/\/apuntesdesanluis.com\/#website"},"primaryImageOfPage":{"@id":"https:\/\/apuntesdesanluis.com\/index.php\/2024\/01\/29\/el-gobierno-apelo-el-fallo-que-declaro-invalidos-seis-articulos-del-dnu-en-materia-laboral\/#primaryimage"},"image":{"@id":"https:\/\/apuntesdesanluis.com\/index.php\/2024\/01\/29\/el-gobierno-apelo-el-fallo-que-declaro-invalidos-seis-articulos-del-dnu-en-materia-laboral\/#primaryimage"},"thumbnailUrl":"https:\/\/apuntesdesanluis.com\/wp-content\/uploads\/2024\/01\/MILEI-Y-GABINETE.jpg","datePublished":"2024-01-29T17:04:44+00:00","breadcrumb":{"@id":"https:\/\/apuntesdesanluis.com\/index.php\/2024\/01\/29\/el-gobierno-apelo-el-fallo-que-declaro-invalidos-seis-articulos-del-dnu-en-materia-laboral\/#breadcrumb"},"inLanguage":"es-AR","potentialAction":[{"@type":"ReadAction","target":["https:\/\/apuntesdesanluis.com\/index.php\/2024\/01\/29\/el-gobierno-apelo-el-fallo-que-declaro-invalidos-seis-articulos-del-dnu-en-materia-laboral\/"]}]},{"@type":"ImageObject","inLanguage":"es-AR","@id":"https:\/\/apuntesdesanluis.com\/index.php\/2024\/01\/29\/el-gobierno-apelo-el-fallo-que-declaro-invalidos-seis-articulos-del-dnu-en-materia-laboral\/#primaryimage","url":"https:\/\/apuntesdesanluis.com\/wp-content\/uploads\/2024\/01\/MILEI-Y-GABINETE.jpg","contentUrl":"https:\/\/apuntesdesanluis.com\/wp-content\/uploads\/2024\/01\/MILEI-Y-GABINETE.jpg","width":600,"height":337},{"@type":"BreadcrumbList","@id":"https:\/\/apuntesdesanluis.com\/index.php\/2024\/01\/29\/el-gobierno-apelo-el-fallo-que-declaro-invalidos-seis-articulos-del-dnu-en-materia-laboral\/#breadcrumb","itemListElement":[{"@type":"ListItem","position":1,"name":"Inicio","item":"https:\/\/apuntesdesanluis.com\/"},{"@type":"ListItem","position":2,"name":"EL GOBIERNO APEL\u00d3 EL FALLO QUE DECLAR\u00d3 INV\u00c1LIDOS SEIS ART\u00cdCULOS DEL DNU EN MATERIA LABORAL"}]},{"@type":"WebSite","@id":"https:\/\/apuntesdesanluis.com\/#website","url":"https:\/\/apuntesdesanluis.com\/","name":"Apuntes de San Luis","description":"","publisher":{"@id":"https:\/\/apuntesdesanluis.com\/#\/schema\/person\/b55151d52296fcce64d1a72538a70b90"},"potentialAction":[{"@type":"SearchAction","target":{"@type":"EntryPoint","urlTemplate":"https:\/\/apuntesdesanluis.com\/?s={search_term_string}"},"query-input":{"@type":"PropertyValueSpecification","valueRequired":true,"valueName":"search_term_string"}}],"inLanguage":"es-AR"},{"@type":["Person","Organization"],"@id":"https:\/\/apuntesdesanluis.com\/#\/schema\/person\/b55151d52296fcce64d1a72538a70b90","name":"apuntesdesanluis.com","image":{"@type":"ImageObject","inLanguage":"es-AR","@id":"https:\/\/apuntesdesanluis.com\/#\/schema\/person\/image\/","url":"https:\/\/apuntesdesanluis.com\/wp-content\/uploads\/2023\/07\/cropped-apuntesdesanluis.png","contentUrl":"https:\/\/apuntesdesanluis.com\/wp-content\/uploads\/2023\/07\/cropped-apuntesdesanluis.png","width":450,"height":112,"caption":"apuntesdesanluis.com"},"logo":{"@id":"https:\/\/apuntesdesanluis.com\/#\/schema\/person\/image\/"},"sameAs":["https:\/\/apuntesdesanluis.com"],"url":"https:\/\/apuntesdesanluis.com\/index.php\/author\/apuntesdesanluis-com\/"}]}},"featured_image_urls":{"full":["https:\/\/apuntesdesanluis.com\/wp-content\/uploads\/2024\/01\/MILEI-Y-GABINETE.jpg",600,337,false],"thumbnail":["https:\/\/apuntesdesanluis.com\/wp-content\/uploads\/2024\/01\/MILEI-Y-GABINETE-150x150.jpg",150,150,true],"medium":["https:\/\/apuntesdesanluis.com\/wp-content\/uploads\/2024\/01\/MILEI-Y-GABINETE-300x169.jpg",300,169,true],"medium_large":["https:\/\/apuntesdesanluis.com\/wp-content\/uploads\/2024\/01\/MILEI-Y-GABINETE.jpg",600,337,false],"large":["https:\/\/apuntesdesanluis.com\/wp-content\/uploads\/2024\/01\/MILEI-Y-GABINETE.jpg",600,337,false],"1536x1536":["https:\/\/apuntesdesanluis.com\/wp-content\/uploads\/2024\/01\/MILEI-Y-GABINETE.jpg",600,337,false],"2048x2048":["https:\/\/apuntesdesanluis.com\/wp-content\/uploads\/2024\/01\/MILEI-Y-GABINETE.jpg",600,337,false],"newsever-slider-full":["https:\/\/apuntesdesanluis.com\/wp-content\/uploads\/2024\/01\/MILEI-Y-GABINETE.jpg",600,337,false],"newsever-featured":["https:\/\/apuntesdesanluis.com\/wp-content\/uploads\/2024\/01\/MILEI-Y-GABINETE.jpg",600,337,false],"newsever-medium":["https:\/\/apuntesdesanluis.com\/wp-content\/uploads\/2024\/01\/MILEI-Y-GABINETE.jpg",600,337,false]},"author_info":{"display_name":"apuntesdesanluis.com","author_link":"https:\/\/apuntesdesanluis.com\/index.php\/author\/apuntesdesanluis-com\/"},"category_info":"<a href=\"https:\/\/apuntesdesanluis.com\/index.php\/category\/nacionales-internacionales\/\" rel=\"category tag\">Nacionales\/Internacionales<\/a>","tag_info":"Nacionales\/Internacionales","comment_count":"0","_links":{"self":[{"href":"https:\/\/apuntesdesanluis.com\/index.php\/wp-json\/wp\/v2\/posts\/10925","targetHints":{"allow":["GET"]}}],"collection":[{"href":"https:\/\/apuntesdesanluis.com\/index.php\/wp-json\/wp\/v2\/posts"}],"about":[{"href":"https:\/\/apuntesdesanluis.com\/index.php\/wp-json\/wp\/v2\/types\/post"}],"author":[{"embeddable":true,"href":"https:\/\/apuntesdesanluis.com\/index.php\/wp-json\/wp\/v2\/users\/1"}],"replies":[{"embeddable":true,"href":"https:\/\/apuntesdesanluis.com\/index.php\/wp-json\/wp\/v2\/comments?post=10925"}],"version-history":[{"count":1,"href":"https:\/\/apuntesdesanluis.com\/index.php\/wp-json\/wp\/v2\/posts\/10925\/revisions"}],"predecessor-version":[{"id":10926,"href":"https:\/\/apuntesdesanluis.com\/index.php\/wp-json\/wp\/v2\/posts\/10925\/revisions\/10926"}],"wp:featuredmedia":[{"embeddable":true,"href":"https:\/\/apuntesdesanluis.com\/index.php\/wp-json\/wp\/v2\/media\/9621"}],"wp:attachment":[{"href":"https:\/\/apuntesdesanluis.com\/index.php\/wp-json\/wp\/v2\/media?parent=10925"}],"wp:term":[{"taxonomy":"category","embeddable":true,"href":"https:\/\/apuntesdesanluis.com\/index.php\/wp-json\/wp\/v2\/categories?post=10925"},{"taxonomy":"post_tag","embeddable":true,"href":"https:\/\/apuntesdesanluis.com\/index.php\/wp-json\/wp\/v2\/tags?post=10925"}],"curies":[{"name":"wp","href":"https:\/\/api.w.org\/{rel}","templated":true}]}}