{"id":10927,"date":"2024-01-29T14:12:58","date_gmt":"2024-01-29T17:12:58","guid":{"rendered":"https:\/\/apuntesdesanluis.com\/?p=10927"},"modified":"2024-01-29T10:14:22","modified_gmt":"2024-01-29T13:14:22","slug":"el-papa-hablo-de-su-reunion-con-milei-estoy-dispuesto-a-iniciar-un-dialogo-de-palabra-y-de-escucha","status":"publish","type":"post","link":"https:\/\/apuntesdesanluis.com\/index.php\/2024\/01\/29\/el-papa-hablo-de-su-reunion-con-milei-estoy-dispuesto-a-iniciar-un-dialogo-de-palabra-y-de-escucha\/","title":{"rendered":"EL PAPA HABL\u00d3 DE SU REUNI\u00d3N CON MILEI: \u201cESTOY DISPUESTO A INICIAR UN DI\u00c1LOGO DE PALABRA Y DE ESCUCHA\u201d"},"content":{"rendered":"<h3>El P<strong>apa Francisco<\/strong> har\u00e1 al menos dos viajes en 2024, uno a B\u00e9lgica y otro a varios pa\u00edses asi\u00e1ticos, Timor Oriental, Pap\u00faa Nueva Guinea e Indonesia, mientras que su visita a la Argentina es a\u00fan \u201cuna hip\u00f3tesis\u201d que podr\u00eda avanzar tras el encuentro del pont\u00edfice con el presidente <strong>Javier Milei<\/strong>, el mes pr\u00f3ximo en el Vaticano.<\/h3>\n<h3>As\u00ed lo revela el propio Pont\u00edfice en una entrevista concedida al diario italiano \u201cLa Stampa\u201d al ser consultado por sus viajes de este a\u00f1o: \u201cUno en B\u00e9lgica, otro en Timor Oriental, Pap\u00faa Nueva Guinea e Indonesia, en agosto; luego est\u00e1 la hip\u00f3tesis Argentina, pero la tengo por ahora \u2018entre par\u00e9ntesis\u2019: la organizaci\u00f3n de la visita a\u00fan no ha comenzado\u201d.<\/h3>\n<h3>En el mismo reportaje, Francisco asegur\u00f3 que no se molest\u00f3 con las cr\u00edticas de Milei, quien cambi\u00f3 su actitud luego de ganar las elecciones y lo ha invitado p\u00fablicamente a visitar la Argentina, un convite que reiterar\u00e1 en persona cuando se encuentren en el Vaticano el pr\u00f3ximo 12 de febrero.<\/h3>\n<h3>\u201cNo me molestaron, las palabras en campa\u00f1a electoral van y vienen\u201d, responde cuando le preguntan si se sinti\u00f3 ofendido por las duras acusaciones de Milei, que pese a ser cat\u00f3lico, abraz\u00f3 el juda\u00edsmo en los \u00faltimos meses. En diciembre ya se hab\u00eda expresado con palabras similares sobre el mismo tema.<\/h3>\n<h3>Y sobre el encuentro en el Vaticano, Francisco anticip\u00f3 que se reunir\u00e1 con Milei porque participar\u00e1 el 11 de febrero en la ceremonia de canonizaci\u00f3n de la beata Mar\u00eda Antonia de Paz y Figueroa, conocida popularmente como \u2018Mama Antula\u2019, fundadora de la Casa de Ejercicios Espirituales de Buenos Aires.<\/h3>\n<h3>\u201cAntes de las canonizaciones es costumbre el saludo con las autoridades en la sacrist\u00eda. Adem\u00e1s, s\u00e9 que pidi\u00f3 una cita para una entrevista conmigo, as\u00ed que acept\u00e9, nos veremos. Y estoy dispuesto a iniciar un di\u00e1logo -de palabra y de escucha- con \u00e9l, como con todos\u201d, a\u00f1adi\u00f3.<\/h3>\n<h3>Seg\u00fan fuentes del gobierno argentino, el mismo d\u00eda 11 de febrero ser\u00e1 recibido por la presidenta del Consejo de Ministros de Italia, Giorgia Meloni, en el Palacio Chigi, sede del Ejecutivo italiano, mientras que la audiencia con Francisco tendr\u00e1 lugar al d\u00eda siguiente.<\/h3>\n<h3>Ser\u00e1 el primer encuentro entre ambos despu\u00e9s de que Milei lo atacara en diversas ocasiones en su campa\u00f1a electoral, pero tras ganar las elecciones, Francisco convers\u00f3 con \u00e9l por tel\u00e9fono y le hizo llegar un rosario bendecido.<\/h3>\n<h3>El presidente le escribi\u00f3 una carta, que la canciller entreg\u00f3 al emisario del Vaticano, en la cual le transmit\u00eda el \u201cfilial afecto del pueblo argentino\u201d y le invitaba a visitar su pa\u00eds natal. \u201cSu presencia y su mensaje contribuir\u00e1n a la tan deseada unidad de todos nuestros compatriotas y nos brindar\u00e1 la fuerza colectiva necesaria para preservar nuestra paz y trabajar por la prosperidad y el engrandecimiento de nuestra querida Rep\u00fablica Argentina\u201d, asegur\u00f3 el jefe de Estado argentino en la carta.<\/h3>\n<h3>LOS DETALLES DEL VIAJE DE MILEI AL VATICANO<\/h3>\n<h3>Milei estar\u00e1 en el Vaticano junto a la comitiva que viajar\u00e1 a Roma para la canonizaci\u00f3n de Mar\u00eda Antonia de Paz y Figueroa, conocida popularmente como Mama Antula, prevista para el domingo 11 del mes pr\u00f3ximo: se trata de la primera santa argentina. Seg\u00fan trascendi\u00f3, el presidente ser\u00eda recibido antes de eso por el Papa para luego s\u00ed encontrarse a solas al d\u00eda siguiente, en lo que ser\u00e1 el primer mano a mano despu\u00e9s de una campa\u00f1a que incluy\u00f3, por parte de Milei, dur\u00edsimos cuestionamientos.<\/h3>\n<h3>Tras la reuni\u00f3n, tendr\u00eda un almuerzo con su par italiano, Sergio Mattarella. Y m\u00e1s tarde una cumbre con Giorgia Meloni, la presidenta del Consejo de Ministros. En paralelo, la canciller Diana Mondino, que ser\u00e1 parte de la comitiva, prev\u00e9 encabezar una ronda de reuniones con empresarios.<\/h3>\n<h3>Milei tiene en agenda viajar primero a Israel para despu\u00e9s s\u00ed desembarcar en Roma. Ser\u00e1, en ese sentido, una verdadera prueba de fuego tras los cuestionamientos que hizo en la campa\u00f1a a la figura papal, a pesar de que pidi\u00f3 perd\u00f3n en reiteradas oportunidades y de que tuvo un breve intercambio telef\u00f3nico con Francisco a trav\u00e9s de su oftalm\u00f3logo.<\/h3>\n<h3>Seg\u00fan supo este medio, se analiza adem\u00e1s por estas horas en Canciller\u00eda la continuidad o no de Francisco S\u00e1nchez, el elegido para ocupar la Secretar\u00eda de Culto que todav\u00eda no present\u00f3 los papeles para el tr\u00e1mite burocr\u00e1tico necesario para la designaci\u00f3n oficial. Fuentes oficiales abundaron en que Mondino a\u00fan define qu\u00e9 hacer despu\u00e9s de que se filtraran viejos tuits del dirigente neuquino con fuertes cr\u00edticas al Papa: ni la canciller ni ning\u00fan funcionario hab\u00eda rastreado las redes sociales, y no preve\u00edan el revuelo que se arm\u00f3, a pesar de que S\u00e1nchez al final pidi\u00f3 perd\u00f3n.<\/h3>\n<p>&nbsp;<\/p>\n<p>&nbsp;<\/p>\n<p>&nbsp;<\/p>\n<p>&nbsp;<\/p>\n","protected":false},"excerpt":{"rendered":"<p>El Papa Francisco har\u00e1 al menos dos viajes en 2024, uno a B\u00e9lgica y otro&#8230;<\/p>\n","protected":false},"author":1,"featured_media":7138,"comment_status":"closed","ping_status":"closed","sticky":false,"template":"","format":"standard","meta":{"footnotes":""},"categories":[5],"tags":[],"class_list":["post-10927","post","type-post","status-publish","format-standard","has-post-thumbnail","hentry","category-nacionales-internacionales"],"yoast_head":"<!-- This site is optimized with the Yoast SEO plugin v26.1.1 - https:\/\/yoast.com\/wordpress\/plugins\/seo\/ -->\n<title>EL PAPA HABL\u00d3 DE SU REUNI\u00d3N CON MILEI: \u201cESTOY DISPUESTO A INICIAR UN DI\u00c1LOGO DE PALABRA Y DE ESCUCHA\u201d - Apuntes de San Luis<\/title>\n<meta name=\"robots\" content=\"index, follow, max-snippet:-1, max-image-preview:large, max-video-preview:-1\" \/>\n<link rel=\"canonical\" href=\"https:\/\/apuntesdesanluis.com\/index.php\/2024\/01\/29\/el-papa-hablo-de-su-reunion-con-milei-estoy-dispuesto-a-iniciar-un-dialogo-de-palabra-y-de-escucha\/\" \/>\n<meta property=\"og:locale\" content=\"es_ES\" \/>\n<meta property=\"og:type\" content=\"article\" \/>\n<meta property=\"og:title\" content=\"EL PAPA HABL\u00d3 DE SU REUNI\u00d3N CON MILEI: \u201cESTOY DISPUESTO A INICIAR UN DI\u00c1LOGO DE PALABRA Y DE ESCUCHA\u201d - Apuntes de San Luis\" \/>\n<meta property=\"og:description\" content=\"El Papa Francisco har\u00e1 al menos dos viajes en 2024, uno a B\u00e9lgica y otro...\" \/>\n<meta property=\"og:url\" content=\"https:\/\/apuntesdesanluis.com\/index.php\/2024\/01\/29\/el-papa-hablo-de-su-reunion-con-milei-estoy-dispuesto-a-iniciar-un-dialogo-de-palabra-y-de-escucha\/\" \/>\n<meta property=\"og:site_name\" content=\"Apuntes de San Luis\" \/>\n<meta property=\"article:published_time\" content=\"2024-01-29T17:12:58+00:00\" \/>\n<meta property=\"og:image\" content=\"https:\/\/apuntesdesanluis.com\/wp-content\/uploads\/2023\/11\/milei-y-el-papa.png\" \/>\n\t<meta property=\"og:image:width\" content=\"600\" \/>\n\t<meta property=\"og:image:height\" content=\"352\" \/>\n\t<meta property=\"og:image:type\" content=\"image\/png\" \/>\n<meta name=\"author\" content=\"apuntesdesanluis.com\" \/>\n<meta name=\"twitter:card\" content=\"summary_large_image\" \/>\n<meta name=\"twitter:label1\" content=\"Escrito por\" \/>\n\t<meta name=\"twitter:data1\" content=\"apuntesdesanluis.com\" \/>\n\t<meta name=\"twitter:label2\" content=\"Tiempo de lectura\" \/>\n\t<meta name=\"twitter:data2\" content=\"4 minutos\" \/>\n<script type=\"application\/ld+json\" class=\"yoast-schema-graph\">{\"@context\":\"https:\/\/schema.org\",\"@graph\":[{\"@type\":\"Article\",\"@id\":\"https:\/\/apuntesdesanluis.com\/index.php\/2024\/01\/29\/el-papa-hablo-de-su-reunion-con-milei-estoy-dispuesto-a-iniciar-un-dialogo-de-palabra-y-de-escucha\/#article\",\"isPartOf\":{\"@id\":\"https:\/\/apuntesdesanluis.com\/index.php\/2024\/01\/29\/el-papa-hablo-de-su-reunion-con-milei-estoy-dispuesto-a-iniciar-un-dialogo-de-palabra-y-de-escucha\/\"},\"author\":{\"name\":\"apuntesdesanluis.com\",\"@id\":\"https:\/\/apuntesdesanluis.com\/#\/schema\/person\/b55151d52296fcce64d1a72538a70b90\"},\"headline\":\"EL PAPA HABL\u00d3 DE SU REUNI\u00d3N CON MILEI: \u201cESTOY DISPUESTO A INICIAR UN DI\u00c1LOGO DE PALABRA Y DE ESCUCHA\u201d\",\"datePublished\":\"2024-01-29T17:12:58+00:00\",\"mainEntityOfPage\":{\"@id\":\"https:\/\/apuntesdesanluis.com\/index.php\/2024\/01\/29\/el-papa-hablo-de-su-reunion-con-milei-estoy-dispuesto-a-iniciar-un-dialogo-de-palabra-y-de-escucha\/\"},\"wordCount\":860,\"publisher\":{\"@id\":\"https:\/\/apuntesdesanluis.com\/#\/schema\/person\/b55151d52296fcce64d1a72538a70b90\"},\"image\":{\"@id\":\"https:\/\/apuntesdesanluis.com\/index.php\/2024\/01\/29\/el-papa-hablo-de-su-reunion-con-milei-estoy-dispuesto-a-iniciar-un-dialogo-de-palabra-y-de-escucha\/#primaryimage\"},\"thumbnailUrl\":\"https:\/\/apuntesdesanluis.com\/wp-content\/uploads\/2023\/11\/milei-y-el-papa.png\",\"articleSection\":[\"Nacionales\/Internacionales\"],\"inLanguage\":\"es-AR\"},{\"@type\":\"WebPage\",\"@id\":\"https:\/\/apuntesdesanluis.com\/index.php\/2024\/01\/29\/el-papa-hablo-de-su-reunion-con-milei-estoy-dispuesto-a-iniciar-un-dialogo-de-palabra-y-de-escucha\/\",\"url\":\"https:\/\/apuntesdesanluis.com\/index.php\/2024\/01\/29\/el-papa-hablo-de-su-reunion-con-milei-estoy-dispuesto-a-iniciar-un-dialogo-de-palabra-y-de-escucha\/\",\"name\":\"EL PAPA HABL\u00d3 DE SU REUNI\u00d3N CON MILEI: \u201cESTOY DISPUESTO A INICIAR UN DI\u00c1LOGO DE PALABRA Y DE ESCUCHA\u201d - Apuntes de San Luis\",\"isPartOf\":{\"@id\":\"https:\/\/apuntesdesanluis.com\/#website\"},\"primaryImageOfPage\":{\"@id\":\"https:\/\/apuntesdesanluis.com\/index.php\/2024\/01\/29\/el-papa-hablo-de-su-reunion-con-milei-estoy-dispuesto-a-iniciar-un-dialogo-de-palabra-y-de-escucha\/#primaryimage\"},\"image\":{\"@id\":\"https:\/\/apuntesdesanluis.com\/index.php\/2024\/01\/29\/el-papa-hablo-de-su-reunion-con-milei-estoy-dispuesto-a-iniciar-un-dialogo-de-palabra-y-de-escucha\/#primaryimage\"},\"thumbnailUrl\":\"https:\/\/apuntesdesanluis.com\/wp-content\/uploads\/2023\/11\/milei-y-el-papa.png\",\"datePublished\":\"2024-01-29T17:12:58+00:00\",\"breadcrumb\":{\"@id\":\"https:\/\/apuntesdesanluis.com\/index.php\/2024\/01\/29\/el-papa-hablo-de-su-reunion-con-milei-estoy-dispuesto-a-iniciar-un-dialogo-de-palabra-y-de-escucha\/#breadcrumb\"},\"inLanguage\":\"es-AR\",\"potentialAction\":[{\"@type\":\"ReadAction\",\"target\":[\"https:\/\/apuntesdesanluis.com\/index.php\/2024\/01\/29\/el-papa-hablo-de-su-reunion-con-milei-estoy-dispuesto-a-iniciar-un-dialogo-de-palabra-y-de-escucha\/\"]}]},{\"@type\":\"ImageObject\",\"inLanguage\":\"es-AR\",\"@id\":\"https:\/\/apuntesdesanluis.com\/index.php\/2024\/01\/29\/el-papa-hablo-de-su-reunion-con-milei-estoy-dispuesto-a-iniciar-un-dialogo-de-palabra-y-de-escucha\/#primaryimage\",\"url\":\"https:\/\/apuntesdesanluis.com\/wp-content\/uploads\/2023\/11\/milei-y-el-papa.png\",\"contentUrl\":\"https:\/\/apuntesdesanluis.com\/wp-content\/uploads\/2023\/11\/milei-y-el-papa.png\",\"width\":600,\"height\":352},{\"@type\":\"BreadcrumbList\",\"@id\":\"https:\/\/apuntesdesanluis.com\/index.php\/2024\/01\/29\/el-papa-hablo-de-su-reunion-con-milei-estoy-dispuesto-a-iniciar-un-dialogo-de-palabra-y-de-escucha\/#breadcrumb\",\"itemListElement\":[{\"@type\":\"ListItem\",\"position\":1,\"name\":\"Inicio\",\"item\":\"https:\/\/apuntesdesanluis.com\/\"},{\"@type\":\"ListItem\",\"position\":2,\"name\":\"EL PAPA HABL\u00d3 DE SU REUNI\u00d3N CON MILEI: \u201cESTOY DISPUESTO A INICIAR UN DI\u00c1LOGO DE PALABRA Y DE ESCUCHA\u201d\"}]},{\"@type\":\"WebSite\",\"@id\":\"https:\/\/apuntesdesanluis.com\/#website\",\"url\":\"https:\/\/apuntesdesanluis.com\/\",\"name\":\"Apuntes de San Luis\",\"description\":\"\",\"publisher\":{\"@id\":\"https:\/\/apuntesdesanluis.com\/#\/schema\/person\/b55151d52296fcce64d1a72538a70b90\"},\"potentialAction\":[{\"@type\":\"SearchAction\",\"target\":{\"@type\":\"EntryPoint\",\"urlTemplate\":\"https:\/\/apuntesdesanluis.com\/?s={search_term_string}\"},\"query-input\":{\"@type\":\"PropertyValueSpecification\",\"valueRequired\":true,\"valueName\":\"search_term_string\"}}],\"inLanguage\":\"es-AR\"},{\"@type\":[\"Person\",\"Organization\"],\"@id\":\"https:\/\/apuntesdesanluis.com\/#\/schema\/person\/b55151d52296fcce64d1a72538a70b90\",\"name\":\"apuntesdesanluis.com\",\"image\":{\"@type\":\"ImageObject\",\"inLanguage\":\"es-AR\",\"@id\":\"https:\/\/apuntesdesanluis.com\/#\/schema\/person\/image\/\",\"url\":\"https:\/\/apuntesdesanluis.com\/wp-content\/uploads\/2023\/07\/cropped-apuntesdesanluis.png\",\"contentUrl\":\"https:\/\/apuntesdesanluis.com\/wp-content\/uploads\/2023\/07\/cropped-apuntesdesanluis.png\",\"width\":450,\"height\":112,\"caption\":\"apuntesdesanluis.com\"},\"logo\":{\"@id\":\"https:\/\/apuntesdesanluis.com\/#\/schema\/person\/image\/\"},\"sameAs\":[\"https:\/\/apuntesdesanluis.com\"],\"url\":\"https:\/\/apuntesdesanluis.com\/index.php\/author\/apuntesdesanluis-com\/\"}]}<\/script>\n<!-- \/ Yoast SEO plugin. -->","yoast_head_json":{"title":"EL PAPA HABL\u00d3 DE SU REUNI\u00d3N CON MILEI: \u201cESTOY DISPUESTO A INICIAR UN DI\u00c1LOGO DE PALABRA Y DE ESCUCHA\u201d - Apuntes de San Luis","robots":{"index":"index","follow":"follow","max-snippet":"max-snippet:-1","max-image-preview":"max-image-preview:large","max-video-preview":"max-video-preview:-1"},"canonical":"https:\/\/apuntesdesanluis.com\/index.php\/2024\/01\/29\/el-papa-hablo-de-su-reunion-con-milei-estoy-dispuesto-a-iniciar-un-dialogo-de-palabra-y-de-escucha\/","og_locale":"es_ES","og_type":"article","og_title":"EL PAPA HABL\u00d3 DE SU REUNI\u00d3N CON MILEI: \u201cESTOY DISPUESTO A INICIAR UN DI\u00c1LOGO DE PALABRA Y DE ESCUCHA\u201d - Apuntes de San Luis","og_description":"El Papa Francisco har\u00e1 al menos dos viajes en 2024, uno a B\u00e9lgica y otro...","og_url":"https:\/\/apuntesdesanluis.com\/index.php\/2024\/01\/29\/el-papa-hablo-de-su-reunion-con-milei-estoy-dispuesto-a-iniciar-un-dialogo-de-palabra-y-de-escucha\/","og_site_name":"Apuntes de San Luis","article_published_time":"2024-01-29T17:12:58+00:00","og_image":[{"width":600,"height":352,"url":"https:\/\/apuntesdesanluis.com\/wp-content\/uploads\/2023\/11\/milei-y-el-papa.png","type":"image\/png"}],"author":"apuntesdesanluis.com","twitter_card":"summary_large_image","twitter_misc":{"Escrito por":"apuntesdesanluis.com","Tiempo de lectura":"4 minutos"},"schema":{"@context":"https:\/\/schema.org","@graph":[{"@type":"Article","@id":"https:\/\/apuntesdesanluis.com\/index.php\/2024\/01\/29\/el-papa-hablo-de-su-reunion-con-milei-estoy-dispuesto-a-iniciar-un-dialogo-de-palabra-y-de-escucha\/#article","isPartOf":{"@id":"https:\/\/apuntesdesanluis.com\/index.php\/2024\/01\/29\/el-papa-hablo-de-su-reunion-con-milei-estoy-dispuesto-a-iniciar-un-dialogo-de-palabra-y-de-escucha\/"},"author":{"name":"apuntesdesanluis.com","@id":"https:\/\/apuntesdesanluis.com\/#\/schema\/person\/b55151d52296fcce64d1a72538a70b90"},"headline":"EL PAPA HABL\u00d3 DE SU REUNI\u00d3N CON MILEI: \u201cESTOY DISPUESTO A INICIAR UN DI\u00c1LOGO DE PALABRA Y DE ESCUCHA\u201d","datePublished":"2024-01-29T17:12:58+00:00","mainEntityOfPage":{"@id":"https:\/\/apuntesdesanluis.com\/index.php\/2024\/01\/29\/el-papa-hablo-de-su-reunion-con-milei-estoy-dispuesto-a-iniciar-un-dialogo-de-palabra-y-de-escucha\/"},"wordCount":860,"publisher":{"@id":"https:\/\/apuntesdesanluis.com\/#\/schema\/person\/b55151d52296fcce64d1a72538a70b90"},"image":{"@id":"https:\/\/apuntesdesanluis.com\/index.php\/2024\/01\/29\/el-papa-hablo-de-su-reunion-con-milei-estoy-dispuesto-a-iniciar-un-dialogo-de-palabra-y-de-escucha\/#primaryimage"},"thumbnailUrl":"https:\/\/apuntesdesanluis.com\/wp-content\/uploads\/2023\/11\/milei-y-el-papa.png","articleSection":["Nacionales\/Internacionales"],"inLanguage":"es-AR"},{"@type":"WebPage","@id":"https:\/\/apuntesdesanluis.com\/index.php\/2024\/01\/29\/el-papa-hablo-de-su-reunion-con-milei-estoy-dispuesto-a-iniciar-un-dialogo-de-palabra-y-de-escucha\/","url":"https:\/\/apuntesdesanluis.com\/index.php\/2024\/01\/29\/el-papa-hablo-de-su-reunion-con-milei-estoy-dispuesto-a-iniciar-un-dialogo-de-palabra-y-de-escucha\/","name":"EL PAPA HABL\u00d3 DE SU REUNI\u00d3N CON MILEI: \u201cESTOY DISPUESTO A INICIAR UN DI\u00c1LOGO DE PALABRA Y DE ESCUCHA\u201d - Apuntes de San Luis","isPartOf":{"@id":"https:\/\/apuntesdesanluis.com\/#website"},"primaryImageOfPage":{"@id":"https:\/\/apuntesdesanluis.com\/index.php\/2024\/01\/29\/el-papa-hablo-de-su-reunion-con-milei-estoy-dispuesto-a-iniciar-un-dialogo-de-palabra-y-de-escucha\/#primaryimage"},"image":{"@id":"https:\/\/apuntesdesanluis.com\/index.php\/2024\/01\/29\/el-papa-hablo-de-su-reunion-con-milei-estoy-dispuesto-a-iniciar-un-dialogo-de-palabra-y-de-escucha\/#primaryimage"},"thumbnailUrl":"https:\/\/apuntesdesanluis.com\/wp-content\/uploads\/2023\/11\/milei-y-el-papa.png","datePublished":"2024-01-29T17:12:58+00:00","breadcrumb":{"@id":"https:\/\/apuntesdesanluis.com\/index.php\/2024\/01\/29\/el-papa-hablo-de-su-reunion-con-milei-estoy-dispuesto-a-iniciar-un-dialogo-de-palabra-y-de-escucha\/#breadcrumb"},"inLanguage":"es-AR","potentialAction":[{"@type":"ReadAction","target":["https:\/\/apuntesdesanluis.com\/index.php\/2024\/01\/29\/el-papa-hablo-de-su-reunion-con-milei-estoy-dispuesto-a-iniciar-un-dialogo-de-palabra-y-de-escucha\/"]}]},{"@type":"ImageObject","inLanguage":"es-AR","@id":"https:\/\/apuntesdesanluis.com\/index.php\/2024\/01\/29\/el-papa-hablo-de-su-reunion-con-milei-estoy-dispuesto-a-iniciar-un-dialogo-de-palabra-y-de-escucha\/#primaryimage","url":"https:\/\/apuntesdesanluis.com\/wp-content\/uploads\/2023\/11\/milei-y-el-papa.png","contentUrl":"https:\/\/apuntesdesanluis.com\/wp-content\/uploads\/2023\/11\/milei-y-el-papa.png","width":600,"height":352},{"@type":"BreadcrumbList","@id":"https:\/\/apuntesdesanluis.com\/index.php\/2024\/01\/29\/el-papa-hablo-de-su-reunion-con-milei-estoy-dispuesto-a-iniciar-un-dialogo-de-palabra-y-de-escucha\/#breadcrumb","itemListElement":[{"@type":"ListItem","position":1,"name":"Inicio","item":"https:\/\/apuntesdesanluis.com\/"},{"@type":"ListItem","position":2,"name":"EL PAPA HABL\u00d3 DE SU REUNI\u00d3N CON MILEI: \u201cESTOY DISPUESTO A INICIAR UN DI\u00c1LOGO DE PALABRA Y DE ESCUCHA\u201d"}]},{"@type":"WebSite","@id":"https:\/\/apuntesdesanluis.com\/#website","url":"https:\/\/apuntesdesanluis.com\/","name":"Apuntes de San Luis","description":"","publisher":{"@id":"https:\/\/apuntesdesanluis.com\/#\/schema\/person\/b55151d52296fcce64d1a72538a70b90"},"potentialAction":[{"@type":"SearchAction","target":{"@type":"EntryPoint","urlTemplate":"https:\/\/apuntesdesanluis.com\/?s={search_term_string}"},"query-input":{"@type":"PropertyValueSpecification","valueRequired":true,"valueName":"search_term_string"}}],"inLanguage":"es-AR"},{"@type":["Person","Organization"],"@id":"https:\/\/apuntesdesanluis.com\/#\/schema\/person\/b55151d52296fcce64d1a72538a70b90","name":"apuntesdesanluis.com","image":{"@type":"ImageObject","inLanguage":"es-AR","@id":"https:\/\/apuntesdesanluis.com\/#\/schema\/person\/image\/","url":"https:\/\/apuntesdesanluis.com\/wp-content\/uploads\/2023\/07\/cropped-apuntesdesanluis.png","contentUrl":"https:\/\/apuntesdesanluis.com\/wp-content\/uploads\/2023\/07\/cropped-apuntesdesanluis.png","width":450,"height":112,"caption":"apuntesdesanluis.com"},"logo":{"@id":"https:\/\/apuntesdesanluis.com\/#\/schema\/person\/image\/"},"sameAs":["https:\/\/apuntesdesanluis.com"],"url":"https:\/\/apuntesdesanluis.com\/index.php\/author\/apuntesdesanluis-com\/"}]}},"featured_image_urls":{"full":["https:\/\/apuntesdesanluis.com\/wp-content\/uploads\/2023\/11\/milei-y-el-papa.png",600,352,false],"thumbnail":["https:\/\/apuntesdesanluis.com\/wp-content\/uploads\/2023\/11\/milei-y-el-papa-150x150.png",150,150,true],"medium":["https:\/\/apuntesdesanluis.com\/wp-content\/uploads\/2023\/11\/milei-y-el-papa-300x176.png",300,176,true],"medium_large":["https:\/\/apuntesdesanluis.com\/wp-content\/uploads\/2023\/11\/milei-y-el-papa.png",600,352,false],"large":["https:\/\/apuntesdesanluis.com\/wp-content\/uploads\/2023\/11\/milei-y-el-papa.png",600,352,false],"1536x1536":["https:\/\/apuntesdesanluis.com\/wp-content\/uploads\/2023\/11\/milei-y-el-papa.png",600,352,false],"2048x2048":["https:\/\/apuntesdesanluis.com\/wp-content\/uploads\/2023\/11\/milei-y-el-papa.png",600,352,false],"newsever-slider-full":["https:\/\/apuntesdesanluis.com\/wp-content\/uploads\/2023\/11\/milei-y-el-papa.png",600,352,false],"newsever-featured":["https:\/\/apuntesdesanluis.com\/wp-content\/uploads\/2023\/11\/milei-y-el-papa.png",600,352,false],"newsever-medium":["https:\/\/apuntesdesanluis.com\/wp-content\/uploads\/2023\/11\/milei-y-el-papa.png",600,352,false]},"author_info":{"display_name":"apuntesdesanluis.com","author_link":"https:\/\/apuntesdesanluis.com\/index.php\/author\/apuntesdesanluis-com\/"},"category_info":"<a href=\"https:\/\/apuntesdesanluis.com\/index.php\/category\/nacionales-internacionales\/\" rel=\"category tag\">Nacionales\/Internacionales<\/a>","tag_info":"Nacionales\/Internacionales","comment_count":"0","_links":{"self":[{"href":"https:\/\/apuntesdesanluis.com\/index.php\/wp-json\/wp\/v2\/posts\/10927","targetHints":{"allow":["GET"]}}],"collection":[{"href":"https:\/\/apuntesdesanluis.com\/index.php\/wp-json\/wp\/v2\/posts"}],"about":[{"href":"https:\/\/apuntesdesanluis.com\/index.php\/wp-json\/wp\/v2\/types\/post"}],"author":[{"embeddable":true,"href":"https:\/\/apuntesdesanluis.com\/index.php\/wp-json\/wp\/v2\/users\/1"}],"replies":[{"embeddable":true,"href":"https:\/\/apuntesdesanluis.com\/index.php\/wp-json\/wp\/v2\/comments?post=10927"}],"version-history":[{"count":1,"href":"https:\/\/apuntesdesanluis.com\/index.php\/wp-json\/wp\/v2\/posts\/10927\/revisions"}],"predecessor-version":[{"id":10928,"href":"https:\/\/apuntesdesanluis.com\/index.php\/wp-json\/wp\/v2\/posts\/10927\/revisions\/10928"}],"wp:featuredmedia":[{"embeddable":true,"href":"https:\/\/apuntesdesanluis.com\/index.php\/wp-json\/wp\/v2\/media\/7138"}],"wp:attachment":[{"href":"https:\/\/apuntesdesanluis.com\/index.php\/wp-json\/wp\/v2\/media?parent=10927"}],"wp:term":[{"taxonomy":"category","embeddable":true,"href":"https:\/\/apuntesdesanluis.com\/index.php\/wp-json\/wp\/v2\/categories?post=10927"},{"taxonomy":"post_tag","embeddable":true,"href":"https:\/\/apuntesdesanluis.com\/index.php\/wp-json\/wp\/v2\/tags?post=10927"}],"curies":[{"name":"wp","href":"https:\/\/api.w.org\/{rel}","templated":true}]}}