{"id":10933,"date":"2024-01-29T10:37:24","date_gmt":"2024-01-29T13:37:24","guid":{"rendered":"https:\/\/apuntesdesanluis.com\/?p=10933"},"modified":"2024-01-30T21:11:10","modified_gmt":"2024-01-31T00:11:10","slug":"investigan-presunto-matricidio-en-complejo-960-viviendas-de-villa-mercedes","status":"publish","type":"post","link":"https:\/\/apuntesdesanluis.com\/index.php\/2024\/01\/29\/investigan-presunto-matricidio-en-complejo-960-viviendas-de-villa-mercedes\/","title":{"rendered":"INVESTIGAN PRESUNTO MATRICIDIO EN COMPLEJO 960 VIVIENDAS DE VILLA MERCEDES"},"content":{"rendered":"<h3>El hecho habr\u00eda tenido lugar luego de una discusi\u00f3n dom\u00e9stica. Se encuentra detenido el hijo.<\/h3>\n<h3>Polic\u00edas del Departamento Homicidios investigan las circunstancias del fallecimiento de una mujer, que se produjo este lunes en horas de la madrugada, en la ciudad de Villa Mercedes.<\/h3>\n<h3>Seg\u00fan las primeras averiguaciones, <strong>Martha Magallam<\/strong>, de unos 70 a\u00f1os de edad, fue asesinada en su vivienda ubicada en el barrio Santa Rita de Casia, y por el hecho fue detenido su hijo, un hombre de 32 a\u00f1os, de apellido <strong>Vel\u00e1zquez<\/strong>.<\/h3>\n<h3>Un familiar de la v\u00edctima fue quien alert\u00f3 al personal policial de la Comisar\u00eda 10ma., quienes se hicieron presentes en el lugar y detuvieron al sujeto.<\/h3>\n<h3>Asimismo, se solicit\u00f3 personal m\u00e9dico del SEMPRO, quienes constataron el fallecimiento de la mujer, la que presentar\u00eda signos de violencia.<\/h3>\n<h3>Seg\u00fan las primeras informaciones policiales, el incidente se habr\u00eda producido tras una discusi\u00f3n. El hombre est\u00e1 detenido y a disposici\u00f3n de la Justicia.<\/h3>\n<h3>En la causa interviene el fiscal Jos\u00e9 Olgu\u00edn, quien orden\u00f3 la autopsia.<\/h3>\n","protected":false},"excerpt":{"rendered":"<p>El hecho habr\u00eda tenido lugar luego de una discusi\u00f3n dom\u00e9stica. Se encuentra detenido el hijo&#8230;.<\/p>\n","protected":false},"author":1,"featured_media":10934,"comment_status":"closed","ping_status":"closed","sticky":false,"template":"","format":"standard","meta":{"footnotes":""},"categories":[6],"tags":[],"class_list":["post-10933","post","type-post","status-publish","format-standard","has-post-thumbnail","hentry","category-ciudad-provincia"],"yoast_head":"<!-- This site is optimized with the Yoast SEO plugin v26.1.1 - https:\/\/yoast.com\/wordpress\/plugins\/seo\/ -->\n<title>INVESTIGAN PRESUNTO MATRICIDIO EN COMPLEJO 960 VIVIENDAS DE VILLA MERCEDES - Apuntes de San Luis<\/title>\n<meta name=\"robots\" content=\"index, follow, max-snippet:-1, max-image-preview:large, max-video-preview:-1\" \/>\n<link rel=\"canonical\" href=\"https:\/\/apuntesdesanluis.com\/index.php\/2024\/01\/29\/investigan-presunto-matricidio-en-complejo-960-viviendas-de-villa-mercedes\/\" \/>\n<meta property=\"og:locale\" content=\"es_ES\" \/>\n<meta property=\"og:type\" content=\"article\" \/>\n<meta property=\"og:title\" content=\"INVESTIGAN PRESUNTO MATRICIDIO EN COMPLEJO 960 VIVIENDAS DE VILLA MERCEDES - Apuntes de San Luis\" \/>\n<meta property=\"og:description\" content=\"El hecho habr\u00eda tenido lugar luego de una discusi\u00f3n dom\u00e9stica. Se encuentra detenido el hijo....\" \/>\n<meta property=\"og:url\" content=\"https:\/\/apuntesdesanluis.com\/index.php\/2024\/01\/29\/investigan-presunto-matricidio-en-complejo-960-viviendas-de-villa-mercedes\/\" \/>\n<meta property=\"og:site_name\" content=\"Apuntes de San Luis\" \/>\n<meta property=\"article:published_time\" content=\"2024-01-29T13:37:24+00:00\" \/>\n<meta property=\"article:modified_time\" content=\"2024-01-31T00:11:10+00:00\" \/>\n<meta property=\"og:image\" content=\"https:\/\/apuntesdesanluis.com\/wp-content\/uploads\/2024\/01\/detenido.jpg\" \/>\n\t<meta property=\"og:image:width\" content=\"591\" \/>\n\t<meta property=\"og:image:height\" content=\"353\" \/>\n\t<meta property=\"og:image:type\" content=\"image\/jpeg\" \/>\n<meta name=\"author\" content=\"apuntesdesanluis.com\" \/>\n<meta name=\"twitter:card\" content=\"summary_large_image\" \/>\n<meta name=\"twitter:label1\" content=\"Escrito por\" \/>\n\t<meta name=\"twitter:data1\" content=\"apuntesdesanluis.com\" \/>\n\t<meta name=\"twitter:label2\" content=\"Tiempo de lectura\" \/>\n\t<meta name=\"twitter:data2\" content=\"1 minuto\" \/>\n<script type=\"application\/ld+json\" class=\"yoast-schema-graph\">{\"@context\":\"https:\/\/schema.org\",\"@graph\":[{\"@type\":\"Article\",\"@id\":\"https:\/\/apuntesdesanluis.com\/index.php\/2024\/01\/29\/investigan-presunto-matricidio-en-complejo-960-viviendas-de-villa-mercedes\/#article\",\"isPartOf\":{\"@id\":\"https:\/\/apuntesdesanluis.com\/index.php\/2024\/01\/29\/investigan-presunto-matricidio-en-complejo-960-viviendas-de-villa-mercedes\/\"},\"author\":{\"name\":\"apuntesdesanluis.com\",\"@id\":\"https:\/\/apuntesdesanluis.com\/#\/schema\/person\/b55151d52296fcce64d1a72538a70b90\"},\"headline\":\"INVESTIGAN PRESUNTO MATRICIDIO EN COMPLEJO 960 VIVIENDAS DE VILLA MERCEDES\",\"datePublished\":\"2024-01-29T13:37:24+00:00\",\"dateModified\":\"2024-01-31T00:11:10+00:00\",\"mainEntityOfPage\":{\"@id\":\"https:\/\/apuntesdesanluis.com\/index.php\/2024\/01\/29\/investigan-presunto-matricidio-en-complejo-960-viviendas-de-villa-mercedes\/\"},\"wordCount\":189,\"publisher\":{\"@id\":\"https:\/\/apuntesdesanluis.com\/#\/schema\/person\/b55151d52296fcce64d1a72538a70b90\"},\"image\":{\"@id\":\"https:\/\/apuntesdesanluis.com\/index.php\/2024\/01\/29\/investigan-presunto-matricidio-en-complejo-960-viviendas-de-villa-mercedes\/#primaryimage\"},\"thumbnailUrl\":\"https:\/\/apuntesdesanluis.com\/wp-content\/uploads\/2024\/01\/detenido.jpg\",\"articleSection\":[\"Ciudad\/Provincia\"],\"inLanguage\":\"es-AR\"},{\"@type\":\"WebPage\",\"@id\":\"https:\/\/apuntesdesanluis.com\/index.php\/2024\/01\/29\/investigan-presunto-matricidio-en-complejo-960-viviendas-de-villa-mercedes\/\",\"url\":\"https:\/\/apuntesdesanluis.com\/index.php\/2024\/01\/29\/investigan-presunto-matricidio-en-complejo-960-viviendas-de-villa-mercedes\/\",\"name\":\"INVESTIGAN PRESUNTO MATRICIDIO EN COMPLEJO 960 VIVIENDAS DE VILLA MERCEDES - Apuntes de San Luis\",\"isPartOf\":{\"@id\":\"https:\/\/apuntesdesanluis.com\/#website\"},\"primaryImageOfPage\":{\"@id\":\"https:\/\/apuntesdesanluis.com\/index.php\/2024\/01\/29\/investigan-presunto-matricidio-en-complejo-960-viviendas-de-villa-mercedes\/#primaryimage\"},\"image\":{\"@id\":\"https:\/\/apuntesdesanluis.com\/index.php\/2024\/01\/29\/investigan-presunto-matricidio-en-complejo-960-viviendas-de-villa-mercedes\/#primaryimage\"},\"thumbnailUrl\":\"https:\/\/apuntesdesanluis.com\/wp-content\/uploads\/2024\/01\/detenido.jpg\",\"datePublished\":\"2024-01-29T13:37:24+00:00\",\"dateModified\":\"2024-01-31T00:11:10+00:00\",\"breadcrumb\":{\"@id\":\"https:\/\/apuntesdesanluis.com\/index.php\/2024\/01\/29\/investigan-presunto-matricidio-en-complejo-960-viviendas-de-villa-mercedes\/#breadcrumb\"},\"inLanguage\":\"es-AR\",\"potentialAction\":[{\"@type\":\"ReadAction\",\"target\":[\"https:\/\/apuntesdesanluis.com\/index.php\/2024\/01\/29\/investigan-presunto-matricidio-en-complejo-960-viviendas-de-villa-mercedes\/\"]}]},{\"@type\":\"ImageObject\",\"inLanguage\":\"es-AR\",\"@id\":\"https:\/\/apuntesdesanluis.com\/index.php\/2024\/01\/29\/investigan-presunto-matricidio-en-complejo-960-viviendas-de-villa-mercedes\/#primaryimage\",\"url\":\"https:\/\/apuntesdesanluis.com\/wp-content\/uploads\/2024\/01\/detenido.jpg\",\"contentUrl\":\"https:\/\/apuntesdesanluis.com\/wp-content\/uploads\/2024\/01\/detenido.jpg\",\"width\":591,\"height\":353},{\"@type\":\"BreadcrumbList\",\"@id\":\"https:\/\/apuntesdesanluis.com\/index.php\/2024\/01\/29\/investigan-presunto-matricidio-en-complejo-960-viviendas-de-villa-mercedes\/#breadcrumb\",\"itemListElement\":[{\"@type\":\"ListItem\",\"position\":1,\"name\":\"Inicio\",\"item\":\"https:\/\/apuntesdesanluis.com\/\"},{\"@type\":\"ListItem\",\"position\":2,\"name\":\"INVESTIGAN PRESUNTO MATRICIDIO EN COMPLEJO 960 VIVIENDAS DE VILLA MERCEDES\"}]},{\"@type\":\"WebSite\",\"@id\":\"https:\/\/apuntesdesanluis.com\/#website\",\"url\":\"https:\/\/apuntesdesanluis.com\/\",\"name\":\"Apuntes de San Luis\",\"description\":\"\",\"publisher\":{\"@id\":\"https:\/\/apuntesdesanluis.com\/#\/schema\/person\/b55151d52296fcce64d1a72538a70b90\"},\"potentialAction\":[{\"@type\":\"SearchAction\",\"target\":{\"@type\":\"EntryPoint\",\"urlTemplate\":\"https:\/\/apuntesdesanluis.com\/?s={search_term_string}\"},\"query-input\":{\"@type\":\"PropertyValueSpecification\",\"valueRequired\":true,\"valueName\":\"search_term_string\"}}],\"inLanguage\":\"es-AR\"},{\"@type\":[\"Person\",\"Organization\"],\"@id\":\"https:\/\/apuntesdesanluis.com\/#\/schema\/person\/b55151d52296fcce64d1a72538a70b90\",\"name\":\"apuntesdesanluis.com\",\"image\":{\"@type\":\"ImageObject\",\"inLanguage\":\"es-AR\",\"@id\":\"https:\/\/apuntesdesanluis.com\/#\/schema\/person\/image\/\",\"url\":\"https:\/\/apuntesdesanluis.com\/wp-content\/uploads\/2023\/07\/cropped-apuntesdesanluis.png\",\"contentUrl\":\"https:\/\/apuntesdesanluis.com\/wp-content\/uploads\/2023\/07\/cropped-apuntesdesanluis.png\",\"width\":450,\"height\":112,\"caption\":\"apuntesdesanluis.com\"},\"logo\":{\"@id\":\"https:\/\/apuntesdesanluis.com\/#\/schema\/person\/image\/\"},\"sameAs\":[\"https:\/\/apuntesdesanluis.com\"],\"url\":\"https:\/\/apuntesdesanluis.com\/index.php\/author\/apuntesdesanluis-com\/\"}]}<\/script>\n<!-- \/ Yoast SEO plugin. -->","yoast_head_json":{"title":"INVESTIGAN PRESUNTO MATRICIDIO EN COMPLEJO 960 VIVIENDAS DE VILLA MERCEDES - Apuntes de San Luis","robots":{"index":"index","follow":"follow","max-snippet":"max-snippet:-1","max-image-preview":"max-image-preview:large","max-video-preview":"max-video-preview:-1"},"canonical":"https:\/\/apuntesdesanluis.com\/index.php\/2024\/01\/29\/investigan-presunto-matricidio-en-complejo-960-viviendas-de-villa-mercedes\/","og_locale":"es_ES","og_type":"article","og_title":"INVESTIGAN PRESUNTO MATRICIDIO EN COMPLEJO 960 VIVIENDAS DE VILLA MERCEDES - Apuntes de San Luis","og_description":"El hecho habr\u00eda tenido lugar luego de una discusi\u00f3n dom\u00e9stica. Se encuentra detenido el hijo....","og_url":"https:\/\/apuntesdesanluis.com\/index.php\/2024\/01\/29\/investigan-presunto-matricidio-en-complejo-960-viviendas-de-villa-mercedes\/","og_site_name":"Apuntes de San Luis","article_published_time":"2024-01-29T13:37:24+00:00","article_modified_time":"2024-01-31T00:11:10+00:00","og_image":[{"width":591,"height":353,"url":"https:\/\/apuntesdesanluis.com\/wp-content\/uploads\/2024\/01\/detenido.jpg","type":"image\/jpeg"}],"author":"apuntesdesanluis.com","twitter_card":"summary_large_image","twitter_misc":{"Escrito por":"apuntesdesanluis.com","Tiempo de lectura":"1 minuto"},"schema":{"@context":"https:\/\/schema.org","@graph":[{"@type":"Article","@id":"https:\/\/apuntesdesanluis.com\/index.php\/2024\/01\/29\/investigan-presunto-matricidio-en-complejo-960-viviendas-de-villa-mercedes\/#article","isPartOf":{"@id":"https:\/\/apuntesdesanluis.com\/index.php\/2024\/01\/29\/investigan-presunto-matricidio-en-complejo-960-viviendas-de-villa-mercedes\/"},"author":{"name":"apuntesdesanluis.com","@id":"https:\/\/apuntesdesanluis.com\/#\/schema\/person\/b55151d52296fcce64d1a72538a70b90"},"headline":"INVESTIGAN PRESUNTO MATRICIDIO EN COMPLEJO 960 VIVIENDAS DE VILLA MERCEDES","datePublished":"2024-01-29T13:37:24+00:00","dateModified":"2024-01-31T00:11:10+00:00","mainEntityOfPage":{"@id":"https:\/\/apuntesdesanluis.com\/index.php\/2024\/01\/29\/investigan-presunto-matricidio-en-complejo-960-viviendas-de-villa-mercedes\/"},"wordCount":189,"publisher":{"@id":"https:\/\/apuntesdesanluis.com\/#\/schema\/person\/b55151d52296fcce64d1a72538a70b90"},"image":{"@id":"https:\/\/apuntesdesanluis.com\/index.php\/2024\/01\/29\/investigan-presunto-matricidio-en-complejo-960-viviendas-de-villa-mercedes\/#primaryimage"},"thumbnailUrl":"https:\/\/apuntesdesanluis.com\/wp-content\/uploads\/2024\/01\/detenido.jpg","articleSection":["Ciudad\/Provincia"],"inLanguage":"es-AR"},{"@type":"WebPage","@id":"https:\/\/apuntesdesanluis.com\/index.php\/2024\/01\/29\/investigan-presunto-matricidio-en-complejo-960-viviendas-de-villa-mercedes\/","url":"https:\/\/apuntesdesanluis.com\/index.php\/2024\/01\/29\/investigan-presunto-matricidio-en-complejo-960-viviendas-de-villa-mercedes\/","name":"INVESTIGAN PRESUNTO MATRICIDIO EN COMPLEJO 960 VIVIENDAS DE VILLA MERCEDES - Apuntes de San Luis","isPartOf":{"@id":"https:\/\/apuntesdesanluis.com\/#website"},"primaryImageOfPage":{"@id":"https:\/\/apuntesdesanluis.com\/index.php\/2024\/01\/29\/investigan-presunto-matricidio-en-complejo-960-viviendas-de-villa-mercedes\/#primaryimage"},"image":{"@id":"https:\/\/apuntesdesanluis.com\/index.php\/2024\/01\/29\/investigan-presunto-matricidio-en-complejo-960-viviendas-de-villa-mercedes\/#primaryimage"},"thumbnailUrl":"https:\/\/apuntesdesanluis.com\/wp-content\/uploads\/2024\/01\/detenido.jpg","datePublished":"2024-01-29T13:37:24+00:00","dateModified":"2024-01-31T00:11:10+00:00","breadcrumb":{"@id":"https:\/\/apuntesdesanluis.com\/index.php\/2024\/01\/29\/investigan-presunto-matricidio-en-complejo-960-viviendas-de-villa-mercedes\/#breadcrumb"},"inLanguage":"es-AR","potentialAction":[{"@type":"ReadAction","target":["https:\/\/apuntesdesanluis.com\/index.php\/2024\/01\/29\/investigan-presunto-matricidio-en-complejo-960-viviendas-de-villa-mercedes\/"]}]},{"@type":"ImageObject","inLanguage":"es-AR","@id":"https:\/\/apuntesdesanluis.com\/index.php\/2024\/01\/29\/investigan-presunto-matricidio-en-complejo-960-viviendas-de-villa-mercedes\/#primaryimage","url":"https:\/\/apuntesdesanluis.com\/wp-content\/uploads\/2024\/01\/detenido.jpg","contentUrl":"https:\/\/apuntesdesanluis.com\/wp-content\/uploads\/2024\/01\/detenido.jpg","width":591,"height":353},{"@type":"BreadcrumbList","@id":"https:\/\/apuntesdesanluis.com\/index.php\/2024\/01\/29\/investigan-presunto-matricidio-en-complejo-960-viviendas-de-villa-mercedes\/#breadcrumb","itemListElement":[{"@type":"ListItem","position":1,"name":"Inicio","item":"https:\/\/apuntesdesanluis.com\/"},{"@type":"ListItem","position":2,"name":"INVESTIGAN PRESUNTO MATRICIDIO EN COMPLEJO 960 VIVIENDAS DE VILLA MERCEDES"}]},{"@type":"WebSite","@id":"https:\/\/apuntesdesanluis.com\/#website","url":"https:\/\/apuntesdesanluis.com\/","name":"Apuntes de San Luis","description":"","publisher":{"@id":"https:\/\/apuntesdesanluis.com\/#\/schema\/person\/b55151d52296fcce64d1a72538a70b90"},"potentialAction":[{"@type":"SearchAction","target":{"@type":"EntryPoint","urlTemplate":"https:\/\/apuntesdesanluis.com\/?s={search_term_string}"},"query-input":{"@type":"PropertyValueSpecification","valueRequired":true,"valueName":"search_term_string"}}],"inLanguage":"es-AR"},{"@type":["Person","Organization"],"@id":"https:\/\/apuntesdesanluis.com\/#\/schema\/person\/b55151d52296fcce64d1a72538a70b90","name":"apuntesdesanluis.com","image":{"@type":"ImageObject","inLanguage":"es-AR","@id":"https:\/\/apuntesdesanluis.com\/#\/schema\/person\/image\/","url":"https:\/\/apuntesdesanluis.com\/wp-content\/uploads\/2023\/07\/cropped-apuntesdesanluis.png","contentUrl":"https:\/\/apuntesdesanluis.com\/wp-content\/uploads\/2023\/07\/cropped-apuntesdesanluis.png","width":450,"height":112,"caption":"apuntesdesanluis.com"},"logo":{"@id":"https:\/\/apuntesdesanluis.com\/#\/schema\/person\/image\/"},"sameAs":["https:\/\/apuntesdesanluis.com"],"url":"https:\/\/apuntesdesanluis.com\/index.php\/author\/apuntesdesanluis-com\/"}]}},"featured_image_urls":{"full":["https:\/\/apuntesdesanluis.com\/wp-content\/uploads\/2024\/01\/detenido.jpg",591,353,false],"thumbnail":["https:\/\/apuntesdesanluis.com\/wp-content\/uploads\/2024\/01\/detenido-150x150.jpg",150,150,true],"medium":["https:\/\/apuntesdesanluis.com\/wp-content\/uploads\/2024\/01\/detenido-300x179.jpg",300,179,true],"medium_large":["https:\/\/apuntesdesanluis.com\/wp-content\/uploads\/2024\/01\/detenido.jpg",591,353,false],"large":["https:\/\/apuntesdesanluis.com\/wp-content\/uploads\/2024\/01\/detenido.jpg",591,353,false],"1536x1536":["https:\/\/apuntesdesanluis.com\/wp-content\/uploads\/2024\/01\/detenido.jpg",591,353,false],"2048x2048":["https:\/\/apuntesdesanluis.com\/wp-content\/uploads\/2024\/01\/detenido.jpg",591,353,false],"newsever-slider-full":["https:\/\/apuntesdesanluis.com\/wp-content\/uploads\/2024\/01\/detenido.jpg",591,353,false],"newsever-featured":["https:\/\/apuntesdesanluis.com\/wp-content\/uploads\/2024\/01\/detenido.jpg",591,353,false],"newsever-medium":["https:\/\/apuntesdesanluis.com\/wp-content\/uploads\/2024\/01\/detenido.jpg",591,353,false]},"author_info":{"display_name":"apuntesdesanluis.com","author_link":"https:\/\/apuntesdesanluis.com\/index.php\/author\/apuntesdesanluis-com\/"},"category_info":"<a href=\"https:\/\/apuntesdesanluis.com\/index.php\/category\/ciudad-provincia\/\" rel=\"category tag\">Ciudad\/Provincia<\/a>","tag_info":"Ciudad\/Provincia","comment_count":"0","_links":{"self":[{"href":"https:\/\/apuntesdesanluis.com\/index.php\/wp-json\/wp\/v2\/posts\/10933","targetHints":{"allow":["GET"]}}],"collection":[{"href":"https:\/\/apuntesdesanluis.com\/index.php\/wp-json\/wp\/v2\/posts"}],"about":[{"href":"https:\/\/apuntesdesanluis.com\/index.php\/wp-json\/wp\/v2\/types\/post"}],"author":[{"embeddable":true,"href":"https:\/\/apuntesdesanluis.com\/index.php\/wp-json\/wp\/v2\/users\/1"}],"replies":[{"embeddable":true,"href":"https:\/\/apuntesdesanluis.com\/index.php\/wp-json\/wp\/v2\/comments?post=10933"}],"version-history":[{"count":4,"href":"https:\/\/apuntesdesanluis.com\/index.php\/wp-json\/wp\/v2\/posts\/10933\/revisions"}],"predecessor-version":[{"id":10967,"href":"https:\/\/apuntesdesanluis.com\/index.php\/wp-json\/wp\/v2\/posts\/10933\/revisions\/10967"}],"wp:featuredmedia":[{"embeddable":true,"href":"https:\/\/apuntesdesanluis.com\/index.php\/wp-json\/wp\/v2\/media\/10934"}],"wp:attachment":[{"href":"https:\/\/apuntesdesanluis.com\/index.php\/wp-json\/wp\/v2\/media?parent=10933"}],"wp:term":[{"taxonomy":"category","embeddable":true,"href":"https:\/\/apuntesdesanluis.com\/index.php\/wp-json\/wp\/v2\/categories?post=10933"},{"taxonomy":"post_tag","embeddable":true,"href":"https:\/\/apuntesdesanluis.com\/index.php\/wp-json\/wp\/v2\/tags?post=10933"}],"curies":[{"name":"wp","href":"https:\/\/api.w.org\/{rel}","templated":true}]}}