{"id":10946,"date":"2024-01-30T20:02:54","date_gmt":"2024-01-30T23:02:54","guid":{"rendered":"https:\/\/apuntesdesanluis.com\/?p=10946"},"modified":"2024-01-30T20:02:54","modified_gmt":"2024-01-30T23:02:54","slug":"siguen-los-traspies-para-el-gobierno-el-dnu-fue-declarado-inconstitucional-en-materia-laboral","status":"publish","type":"post","link":"https:\/\/apuntesdesanluis.com\/index.php\/2024\/01\/30\/siguen-los-traspies-para-el-gobierno-el-dnu-fue-declarado-inconstitucional-en-materia-laboral\/","title":{"rendered":"SIGUEN LOS TRASPI\u00c9S PARA EL GOBIERNO: EL DNU FUE DECLARADO INCONSTITUCIONAL EN MATERIA LABORAL"},"content":{"rendered":"<h3>La C\u00e1mara Nacional del Trabajo decidi\u00f3 hoy que el DNU del presidente <strong>Javier Milei<\/strong> es inconstitucional en materia del cap\u00edtulo de reformas laborales al analizar la cuesti\u00f3n de fondo.<\/h3>\n<h3>Lo hizo luego de que en una medida cautelar frenara las reformas. Ahora todo est\u00e1 bajo estudio de la Corte Suprema de Justicia.<\/h3>\n<h3>La decisi\u00f3n es de otros jueces a aquellos que dictaron la cautelar y en la misma analizaron \u201cel fondo\u201d del planteo hecho por la CGT pero que ellos determinaron que es de alcance colectivo, esto es para todos los trabajadores no s\u00f3lo a aquellos representados por la Central Obrera.<\/h3>\n<h3>Para los jueces no exist\u00eda \u201cning\u00fan impedimento para la reuni\u00f3n de las c\u00e1maras del Congreso\u201d tal cual intent\u00f3 argumentar el Gobierno al pretender las reformas por el DNU, el cual fue publicado en el bolet\u00edn oficial el 21 de diciembre y \u201cno ten\u00eda fecha de vigencia\u201d, tal cual el Tribunal.<\/h3>\n<h3>Incluso, retom\u00f3 el Tribunal que el 26 el propio Gobierno convoc\u00f3 a sesiones extraordinarias por lo que \u201cno se registraba impedimento para la reuni\u00f3n de las c\u00e1maras del Congreso, e incluso el 27 de diciembre de 2023, es decir, con anterioridad a la fecha de entrada en vigencia del DNU 70\/2023, el \u00f3rgano legislativo se encontraba convocado, en funciones, y con facultades para examinar el contenido de las reformas propiciadas en dicho DNU\u201d.<\/h3>\n<h3>\u201cLos propios considerandos de dicho DNU traducen -al menos en lo que respecta a la materia laboral- que no se evidencia objetivamente la \u201cnecesidad\u201d de adoptar tan numerosas medidas, y que, aunque ello pudiera -hipot\u00e9ticamente- justificarse en las referencias gen\u00e9ricas a \u201cun hecho demostrado\u201d, lo cierto y jur\u00eddicamente relevante es que no se avizora que las que se alegan constituyan razones de \u201curgencia\u201d para eludir la debida intervenci\u00f3n del Poder Legislativo en lo que hace a la legislaci\u00f3n de fondo, m\u00e1xime cuando varias de las normas que el Poder Ejecutivo Nacional pretende modificar sin darle intervenci\u00f3n a los legisladores tienen naturaleza represiva o sancionatoria, al punto que se las ha incluido como integrativas del derecho penal laboral, calificadas como \u201cleyes antievasi\u00f3n\u201d\u201d, analizaron los magistrados.<\/h3>\n<h3>\u201cLas consideraciones vertidas precedentemente acerca del defecto de origen del DNU 70\/2023 bastan para sustentar este pronunciamiento y, consecuentemente, tornan innecesario un examen espec\u00edfico de las alegaciones de la amparista acerca de la supuesta invalidez de aqu\u00e9l en raz\u00f3n del \u201ccontenido sustantivo\u201d de su articulado\u201d, remarcaron los camaristas Manuel Diez Selva, H\u00e9ctor Guisado y Mario Fera.<\/h3>\n<h3>Ahora, el Gobierno tiene la posibilidad de apelar ante la Corte Suprema de Justicia el fallo aunque ya est\u00e1 dada la intervenci\u00f3n del m\u00e1s alto tribunal por la cautelar que otros jueces laborales concedieron por las reformas laborales y por el amparo presentado por la provincia de La Rioja contra la totalidad del DNU de Javier Milei.<\/h3>\n<h3>La Corte Suprema de Justicia no tiene plazos para resolver y s\u00f3lo ha adelantado que ellos s\u00ed asumen la competencia al menos en el caso la Rioja porque es la demanda de un estado provincial contra el nacional y la cuesti\u00f3n es de competencia originaria.<\/h3>\n<h3><\/h3>\n<h3><\/h3>\n<h3><\/h3>\n<h3><\/h3>\n<p>&nbsp;<\/p>\n","protected":false},"excerpt":{"rendered":"<p>La C\u00e1mara Nacional del Trabajo decidi\u00f3 hoy que el DNU del presidente Javier Milei es&#8230;<\/p>\n","protected":false},"author":1,"featured_media":10572,"comment_status":"closed","ping_status":"closed","sticky":false,"template":"","format":"standard","meta":{"footnotes":""},"categories":[5],"tags":[],"class_list":["post-10946","post","type-post","status-publish","format-standard","has-post-thumbnail","hentry","category-nacionales-internacionales"],"yoast_head":"<!-- This site is optimized with the Yoast SEO plugin v26.1.1 - https:\/\/yoast.com\/wordpress\/plugins\/seo\/ -->\n<title>SIGUEN LOS TRASPI\u00c9S PARA EL GOBIERNO: EL DNU FUE DECLARADO INCONSTITUCIONAL EN MATERIA LABORAL - Apuntes de San Luis<\/title>\n<meta name=\"robots\" content=\"index, follow, max-snippet:-1, max-image-preview:large, max-video-preview:-1\" \/>\n<link rel=\"canonical\" href=\"https:\/\/apuntesdesanluis.com\/index.php\/2024\/01\/30\/siguen-los-traspies-para-el-gobierno-el-dnu-fue-declarado-inconstitucional-en-materia-laboral\/\" \/>\n<meta property=\"og:locale\" content=\"es_ES\" \/>\n<meta property=\"og:type\" content=\"article\" \/>\n<meta property=\"og:title\" content=\"SIGUEN LOS TRASPI\u00c9S PARA EL GOBIERNO: EL DNU FUE DECLARADO INCONSTITUCIONAL EN MATERIA LABORAL - Apuntes de San Luis\" \/>\n<meta property=\"og:description\" content=\"La C\u00e1mara Nacional del Trabajo decidi\u00f3 hoy que el DNU del presidente Javier Milei es...\" \/>\n<meta property=\"og:url\" content=\"https:\/\/apuntesdesanluis.com\/index.php\/2024\/01\/30\/siguen-los-traspies-para-el-gobierno-el-dnu-fue-declarado-inconstitucional-en-materia-laboral\/\" \/>\n<meta property=\"og:site_name\" content=\"Apuntes de San Luis\" \/>\n<meta property=\"article:published_time\" content=\"2024-01-30T23:02:54+00:00\" \/>\n<meta property=\"og:image\" content=\"https:\/\/apuntesdesanluis.com\/wp-content\/uploads\/2024\/01\/cgt-1.png\" \/>\n\t<meta property=\"og:image:width\" content=\"803\" \/>\n\t<meta property=\"og:image:height\" content=\"526\" \/>\n\t<meta property=\"og:image:type\" content=\"image\/png\" \/>\n<meta name=\"author\" content=\"apuntesdesanluis.com\" \/>\n<meta name=\"twitter:card\" content=\"summary_large_image\" \/>\n<meta name=\"twitter:label1\" content=\"Escrito por\" \/>\n\t<meta name=\"twitter:data1\" content=\"apuntesdesanluis.com\" \/>\n\t<meta name=\"twitter:label2\" content=\"Tiempo de lectura\" \/>\n\t<meta name=\"twitter:data2\" content=\"3 minutos\" \/>\n<script type=\"application\/ld+json\" class=\"yoast-schema-graph\">{\"@context\":\"https:\/\/schema.org\",\"@graph\":[{\"@type\":\"Article\",\"@id\":\"https:\/\/apuntesdesanluis.com\/index.php\/2024\/01\/30\/siguen-los-traspies-para-el-gobierno-el-dnu-fue-declarado-inconstitucional-en-materia-laboral\/#article\",\"isPartOf\":{\"@id\":\"https:\/\/apuntesdesanluis.com\/index.php\/2024\/01\/30\/siguen-los-traspies-para-el-gobierno-el-dnu-fue-declarado-inconstitucional-en-materia-laboral\/\"},\"author\":{\"name\":\"apuntesdesanluis.com\",\"@id\":\"https:\/\/apuntesdesanluis.com\/#\/schema\/person\/b55151d52296fcce64d1a72538a70b90\"},\"headline\":\"SIGUEN LOS TRASPI\u00c9S PARA EL GOBIERNO: EL DNU FUE DECLARADO INCONSTITUCIONAL EN MATERIA LABORAL\",\"datePublished\":\"2024-01-30T23:02:54+00:00\",\"mainEntityOfPage\":{\"@id\":\"https:\/\/apuntesdesanluis.com\/index.php\/2024\/01\/30\/siguen-los-traspies-para-el-gobierno-el-dnu-fue-declarado-inconstitucional-en-materia-laboral\/\"},\"wordCount\":545,\"publisher\":{\"@id\":\"https:\/\/apuntesdesanluis.com\/#\/schema\/person\/b55151d52296fcce64d1a72538a70b90\"},\"image\":{\"@id\":\"https:\/\/apuntesdesanluis.com\/index.php\/2024\/01\/30\/siguen-los-traspies-para-el-gobierno-el-dnu-fue-declarado-inconstitucional-en-materia-laboral\/#primaryimage\"},\"thumbnailUrl\":\"https:\/\/apuntesdesanluis.com\/wp-content\/uploads\/2024\/01\/cgt-1.png\",\"articleSection\":[\"Nacionales\/Internacionales\"],\"inLanguage\":\"es-AR\"},{\"@type\":\"WebPage\",\"@id\":\"https:\/\/apuntesdesanluis.com\/index.php\/2024\/01\/30\/siguen-los-traspies-para-el-gobierno-el-dnu-fue-declarado-inconstitucional-en-materia-laboral\/\",\"url\":\"https:\/\/apuntesdesanluis.com\/index.php\/2024\/01\/30\/siguen-los-traspies-para-el-gobierno-el-dnu-fue-declarado-inconstitucional-en-materia-laboral\/\",\"name\":\"SIGUEN LOS TRASPI\u00c9S PARA EL GOBIERNO: EL DNU FUE DECLARADO INCONSTITUCIONAL EN MATERIA LABORAL - Apuntes de San Luis\",\"isPartOf\":{\"@id\":\"https:\/\/apuntesdesanluis.com\/#website\"},\"primaryImageOfPage\":{\"@id\":\"https:\/\/apuntesdesanluis.com\/index.php\/2024\/01\/30\/siguen-los-traspies-para-el-gobierno-el-dnu-fue-declarado-inconstitucional-en-materia-laboral\/#primaryimage\"},\"image\":{\"@id\":\"https:\/\/apuntesdesanluis.com\/index.php\/2024\/01\/30\/siguen-los-traspies-para-el-gobierno-el-dnu-fue-declarado-inconstitucional-en-materia-laboral\/#primaryimage\"},\"thumbnailUrl\":\"https:\/\/apuntesdesanluis.com\/wp-content\/uploads\/2024\/01\/cgt-1.png\",\"datePublished\":\"2024-01-30T23:02:54+00:00\",\"breadcrumb\":{\"@id\":\"https:\/\/apuntesdesanluis.com\/index.php\/2024\/01\/30\/siguen-los-traspies-para-el-gobierno-el-dnu-fue-declarado-inconstitucional-en-materia-laboral\/#breadcrumb\"},\"inLanguage\":\"es-AR\",\"potentialAction\":[{\"@type\":\"ReadAction\",\"target\":[\"https:\/\/apuntesdesanluis.com\/index.php\/2024\/01\/30\/siguen-los-traspies-para-el-gobierno-el-dnu-fue-declarado-inconstitucional-en-materia-laboral\/\"]}]},{\"@type\":\"ImageObject\",\"inLanguage\":\"es-AR\",\"@id\":\"https:\/\/apuntesdesanluis.com\/index.php\/2024\/01\/30\/siguen-los-traspies-para-el-gobierno-el-dnu-fue-declarado-inconstitucional-en-materia-laboral\/#primaryimage\",\"url\":\"https:\/\/apuntesdesanluis.com\/wp-content\/uploads\/2024\/01\/cgt-1.png\",\"contentUrl\":\"https:\/\/apuntesdesanluis.com\/wp-content\/uploads\/2024\/01\/cgt-1.png\",\"width\":803,\"height\":526},{\"@type\":\"BreadcrumbList\",\"@id\":\"https:\/\/apuntesdesanluis.com\/index.php\/2024\/01\/30\/siguen-los-traspies-para-el-gobierno-el-dnu-fue-declarado-inconstitucional-en-materia-laboral\/#breadcrumb\",\"itemListElement\":[{\"@type\":\"ListItem\",\"position\":1,\"name\":\"Inicio\",\"item\":\"https:\/\/apuntesdesanluis.com\/\"},{\"@type\":\"ListItem\",\"position\":2,\"name\":\"SIGUEN LOS TRASPI\u00c9S PARA EL GOBIERNO: EL DNU FUE DECLARADO INCONSTITUCIONAL EN MATERIA LABORAL\"}]},{\"@type\":\"WebSite\",\"@id\":\"https:\/\/apuntesdesanluis.com\/#website\",\"url\":\"https:\/\/apuntesdesanluis.com\/\",\"name\":\"Apuntes de San Luis\",\"description\":\"\",\"publisher\":{\"@id\":\"https:\/\/apuntesdesanluis.com\/#\/schema\/person\/b55151d52296fcce64d1a72538a70b90\"},\"potentialAction\":[{\"@type\":\"SearchAction\",\"target\":{\"@type\":\"EntryPoint\",\"urlTemplate\":\"https:\/\/apuntesdesanluis.com\/?s={search_term_string}\"},\"query-input\":{\"@type\":\"PropertyValueSpecification\",\"valueRequired\":true,\"valueName\":\"search_term_string\"}}],\"inLanguage\":\"es-AR\"},{\"@type\":[\"Person\",\"Organization\"],\"@id\":\"https:\/\/apuntesdesanluis.com\/#\/schema\/person\/b55151d52296fcce64d1a72538a70b90\",\"name\":\"apuntesdesanluis.com\",\"image\":{\"@type\":\"ImageObject\",\"inLanguage\":\"es-AR\",\"@id\":\"https:\/\/apuntesdesanluis.com\/#\/schema\/person\/image\/\",\"url\":\"https:\/\/apuntesdesanluis.com\/wp-content\/uploads\/2023\/07\/cropped-apuntesdesanluis.png\",\"contentUrl\":\"https:\/\/apuntesdesanluis.com\/wp-content\/uploads\/2023\/07\/cropped-apuntesdesanluis.png\",\"width\":450,\"height\":112,\"caption\":\"apuntesdesanluis.com\"},\"logo\":{\"@id\":\"https:\/\/apuntesdesanluis.com\/#\/schema\/person\/image\/\"},\"sameAs\":[\"https:\/\/apuntesdesanluis.com\"],\"url\":\"https:\/\/apuntesdesanluis.com\/index.php\/author\/apuntesdesanluis-com\/\"}]}<\/script>\n<!-- \/ Yoast SEO plugin. -->","yoast_head_json":{"title":"SIGUEN LOS TRASPI\u00c9S PARA EL GOBIERNO: EL DNU FUE DECLARADO INCONSTITUCIONAL EN MATERIA LABORAL - Apuntes de San Luis","robots":{"index":"index","follow":"follow","max-snippet":"max-snippet:-1","max-image-preview":"max-image-preview:large","max-video-preview":"max-video-preview:-1"},"canonical":"https:\/\/apuntesdesanluis.com\/index.php\/2024\/01\/30\/siguen-los-traspies-para-el-gobierno-el-dnu-fue-declarado-inconstitucional-en-materia-laboral\/","og_locale":"es_ES","og_type":"article","og_title":"SIGUEN LOS TRASPI\u00c9S PARA EL GOBIERNO: EL DNU FUE DECLARADO INCONSTITUCIONAL EN MATERIA LABORAL - Apuntes de San Luis","og_description":"La C\u00e1mara Nacional del Trabajo decidi\u00f3 hoy que el DNU del presidente Javier Milei es...","og_url":"https:\/\/apuntesdesanluis.com\/index.php\/2024\/01\/30\/siguen-los-traspies-para-el-gobierno-el-dnu-fue-declarado-inconstitucional-en-materia-laboral\/","og_site_name":"Apuntes de San Luis","article_published_time":"2024-01-30T23:02:54+00:00","og_image":[{"width":803,"height":526,"url":"https:\/\/apuntesdesanluis.com\/wp-content\/uploads\/2024\/01\/cgt-1.png","type":"image\/png"}],"author":"apuntesdesanluis.com","twitter_card":"summary_large_image","twitter_misc":{"Escrito por":"apuntesdesanluis.com","Tiempo de lectura":"3 minutos"},"schema":{"@context":"https:\/\/schema.org","@graph":[{"@type":"Article","@id":"https:\/\/apuntesdesanluis.com\/index.php\/2024\/01\/30\/siguen-los-traspies-para-el-gobierno-el-dnu-fue-declarado-inconstitucional-en-materia-laboral\/#article","isPartOf":{"@id":"https:\/\/apuntesdesanluis.com\/index.php\/2024\/01\/30\/siguen-los-traspies-para-el-gobierno-el-dnu-fue-declarado-inconstitucional-en-materia-laboral\/"},"author":{"name":"apuntesdesanluis.com","@id":"https:\/\/apuntesdesanluis.com\/#\/schema\/person\/b55151d52296fcce64d1a72538a70b90"},"headline":"SIGUEN LOS TRASPI\u00c9S PARA EL GOBIERNO: EL DNU FUE DECLARADO INCONSTITUCIONAL EN MATERIA LABORAL","datePublished":"2024-01-30T23:02:54+00:00","mainEntityOfPage":{"@id":"https:\/\/apuntesdesanluis.com\/index.php\/2024\/01\/30\/siguen-los-traspies-para-el-gobierno-el-dnu-fue-declarado-inconstitucional-en-materia-laboral\/"},"wordCount":545,"publisher":{"@id":"https:\/\/apuntesdesanluis.com\/#\/schema\/person\/b55151d52296fcce64d1a72538a70b90"},"image":{"@id":"https:\/\/apuntesdesanluis.com\/index.php\/2024\/01\/30\/siguen-los-traspies-para-el-gobierno-el-dnu-fue-declarado-inconstitucional-en-materia-laboral\/#primaryimage"},"thumbnailUrl":"https:\/\/apuntesdesanluis.com\/wp-content\/uploads\/2024\/01\/cgt-1.png","articleSection":["Nacionales\/Internacionales"],"inLanguage":"es-AR"},{"@type":"WebPage","@id":"https:\/\/apuntesdesanluis.com\/index.php\/2024\/01\/30\/siguen-los-traspies-para-el-gobierno-el-dnu-fue-declarado-inconstitucional-en-materia-laboral\/","url":"https:\/\/apuntesdesanluis.com\/index.php\/2024\/01\/30\/siguen-los-traspies-para-el-gobierno-el-dnu-fue-declarado-inconstitucional-en-materia-laboral\/","name":"SIGUEN LOS TRASPI\u00c9S PARA EL GOBIERNO: EL DNU FUE DECLARADO INCONSTITUCIONAL EN MATERIA LABORAL - Apuntes de San Luis","isPartOf":{"@id":"https:\/\/apuntesdesanluis.com\/#website"},"primaryImageOfPage":{"@id":"https:\/\/apuntesdesanluis.com\/index.php\/2024\/01\/30\/siguen-los-traspies-para-el-gobierno-el-dnu-fue-declarado-inconstitucional-en-materia-laboral\/#primaryimage"},"image":{"@id":"https:\/\/apuntesdesanluis.com\/index.php\/2024\/01\/30\/siguen-los-traspies-para-el-gobierno-el-dnu-fue-declarado-inconstitucional-en-materia-laboral\/#primaryimage"},"thumbnailUrl":"https:\/\/apuntesdesanluis.com\/wp-content\/uploads\/2024\/01\/cgt-1.png","datePublished":"2024-01-30T23:02:54+00:00","breadcrumb":{"@id":"https:\/\/apuntesdesanluis.com\/index.php\/2024\/01\/30\/siguen-los-traspies-para-el-gobierno-el-dnu-fue-declarado-inconstitucional-en-materia-laboral\/#breadcrumb"},"inLanguage":"es-AR","potentialAction":[{"@type":"ReadAction","target":["https:\/\/apuntesdesanluis.com\/index.php\/2024\/01\/30\/siguen-los-traspies-para-el-gobierno-el-dnu-fue-declarado-inconstitucional-en-materia-laboral\/"]}]},{"@type":"ImageObject","inLanguage":"es-AR","@id":"https:\/\/apuntesdesanluis.com\/index.php\/2024\/01\/30\/siguen-los-traspies-para-el-gobierno-el-dnu-fue-declarado-inconstitucional-en-materia-laboral\/#primaryimage","url":"https:\/\/apuntesdesanluis.com\/wp-content\/uploads\/2024\/01\/cgt-1.png","contentUrl":"https:\/\/apuntesdesanluis.com\/wp-content\/uploads\/2024\/01\/cgt-1.png","width":803,"height":526},{"@type":"BreadcrumbList","@id":"https:\/\/apuntesdesanluis.com\/index.php\/2024\/01\/30\/siguen-los-traspies-para-el-gobierno-el-dnu-fue-declarado-inconstitucional-en-materia-laboral\/#breadcrumb","itemListElement":[{"@type":"ListItem","position":1,"name":"Inicio","item":"https:\/\/apuntesdesanluis.com\/"},{"@type":"ListItem","position":2,"name":"SIGUEN LOS TRASPI\u00c9S PARA EL GOBIERNO: EL DNU FUE DECLARADO INCONSTITUCIONAL EN MATERIA LABORAL"}]},{"@type":"WebSite","@id":"https:\/\/apuntesdesanluis.com\/#website","url":"https:\/\/apuntesdesanluis.com\/","name":"Apuntes de San Luis","description":"","publisher":{"@id":"https:\/\/apuntesdesanluis.com\/#\/schema\/person\/b55151d52296fcce64d1a72538a70b90"},"potentialAction":[{"@type":"SearchAction","target":{"@type":"EntryPoint","urlTemplate":"https:\/\/apuntesdesanluis.com\/?s={search_term_string}"},"query-input":{"@type":"PropertyValueSpecification","valueRequired":true,"valueName":"search_term_string"}}],"inLanguage":"es-AR"},{"@type":["Person","Organization"],"@id":"https:\/\/apuntesdesanluis.com\/#\/schema\/person\/b55151d52296fcce64d1a72538a70b90","name":"apuntesdesanluis.com","image":{"@type":"ImageObject","inLanguage":"es-AR","@id":"https:\/\/apuntesdesanluis.com\/#\/schema\/person\/image\/","url":"https:\/\/apuntesdesanluis.com\/wp-content\/uploads\/2023\/07\/cropped-apuntesdesanluis.png","contentUrl":"https:\/\/apuntesdesanluis.com\/wp-content\/uploads\/2023\/07\/cropped-apuntesdesanluis.png","width":450,"height":112,"caption":"apuntesdesanluis.com"},"logo":{"@id":"https:\/\/apuntesdesanluis.com\/#\/schema\/person\/image\/"},"sameAs":["https:\/\/apuntesdesanluis.com"],"url":"https:\/\/apuntesdesanluis.com\/index.php\/author\/apuntesdesanluis-com\/"}]}},"featured_image_urls":{"full":["https:\/\/apuntesdesanluis.com\/wp-content\/uploads\/2024\/01\/cgt-1.png",803,526,false],"thumbnail":["https:\/\/apuntesdesanluis.com\/wp-content\/uploads\/2024\/01\/cgt-1-150x150.png",150,150,true],"medium":["https:\/\/apuntesdesanluis.com\/wp-content\/uploads\/2024\/01\/cgt-1-300x197.png",300,197,true],"medium_large":["https:\/\/apuntesdesanluis.com\/wp-content\/uploads\/2024\/01\/cgt-1-768x503.png",640,419,true],"large":["https:\/\/apuntesdesanluis.com\/wp-content\/uploads\/2024\/01\/cgt-1.png",640,419,false],"1536x1536":["https:\/\/apuntesdesanluis.com\/wp-content\/uploads\/2024\/01\/cgt-1.png",803,526,false],"2048x2048":["https:\/\/apuntesdesanluis.com\/wp-content\/uploads\/2024\/01\/cgt-1.png",803,526,false],"newsever-slider-full":["https:\/\/apuntesdesanluis.com\/wp-content\/uploads\/2024\/01\/cgt-1.png",803,526,false],"newsever-featured":["https:\/\/apuntesdesanluis.com\/wp-content\/uploads\/2024\/01\/cgt-1.png",803,526,false],"newsever-medium":["https:\/\/apuntesdesanluis.com\/wp-content\/uploads\/2024\/01\/cgt-1-720x475.png",720,475,true]},"author_info":{"display_name":"apuntesdesanluis.com","author_link":"https:\/\/apuntesdesanluis.com\/index.php\/author\/apuntesdesanluis-com\/"},"category_info":"<a href=\"https:\/\/apuntesdesanluis.com\/index.php\/category\/nacionales-internacionales\/\" rel=\"category tag\">Nacionales\/Internacionales<\/a>","tag_info":"Nacionales\/Internacionales","comment_count":"0","_links":{"self":[{"href":"https:\/\/apuntesdesanluis.com\/index.php\/wp-json\/wp\/v2\/posts\/10946","targetHints":{"allow":["GET"]}}],"collection":[{"href":"https:\/\/apuntesdesanluis.com\/index.php\/wp-json\/wp\/v2\/posts"}],"about":[{"href":"https:\/\/apuntesdesanluis.com\/index.php\/wp-json\/wp\/v2\/types\/post"}],"author":[{"embeddable":true,"href":"https:\/\/apuntesdesanluis.com\/index.php\/wp-json\/wp\/v2\/users\/1"}],"replies":[{"embeddable":true,"href":"https:\/\/apuntesdesanluis.com\/index.php\/wp-json\/wp\/v2\/comments?post=10946"}],"version-history":[{"count":1,"href":"https:\/\/apuntesdesanluis.com\/index.php\/wp-json\/wp\/v2\/posts\/10946\/revisions"}],"predecessor-version":[{"id":10947,"href":"https:\/\/apuntesdesanluis.com\/index.php\/wp-json\/wp\/v2\/posts\/10946\/revisions\/10947"}],"wp:featuredmedia":[{"embeddable":true,"href":"https:\/\/apuntesdesanluis.com\/index.php\/wp-json\/wp\/v2\/media\/10572"}],"wp:attachment":[{"href":"https:\/\/apuntesdesanluis.com\/index.php\/wp-json\/wp\/v2\/media?parent=10946"}],"wp:term":[{"taxonomy":"category","embeddable":true,"href":"https:\/\/apuntesdesanluis.com\/index.php\/wp-json\/wp\/v2\/categories?post=10946"},{"taxonomy":"post_tag","embeddable":true,"href":"https:\/\/apuntesdesanluis.com\/index.php\/wp-json\/wp\/v2\/tags?post=10946"}],"curies":[{"name":"wp","href":"https:\/\/api.w.org\/{rel}","templated":true}]}}