{"id":10950,"date":"2024-01-30T20:32:33","date_gmt":"2024-01-30T23:32:33","guid":{"rendered":"https:\/\/apuntesdesanluis.com\/?p=10950"},"modified":"2024-01-30T20:32:47","modified_gmt":"2024-01-30T23:32:47","slug":"un-camaleon-ahi-daniel-scioli-se-sumara-al-gobierno-nacional-como-secretario-de-turismo-ambiente-y-deportes","status":"publish","type":"post","link":"https:\/\/apuntesdesanluis.com\/index.php\/2024\/01\/30\/un-camaleon-ahi-daniel-scioli-se-sumara-al-gobierno-nacional-como-secretario-de-turismo-ambiente-y-deportes\/","title":{"rendered":"UN CAMALE\u00d3N AH\u00cd: DANIEL SCIOLI SE SUMAR\u00c1 AL GOBIERNO NACIONAL COMO SECRETARIO DE TURISMO, AMBIENTE Y DEPORTES"},"content":{"rendered":"<h3>As\u00ed lo anunci\u00f3 el ministro del Interior, <strong>Guillermo Francos<\/strong>, en su cuenta de la red social X, quien acompa\u00f1\u00f3 el mensaje con una foto en la que est\u00e1n posando \u00e9l, Scioli y el presidente Milei.<\/h3>\n<h3>\u201cAgradezco al presidente @JMilei y al ministro @GAFrancosOk por la responsabilidad que me conf\u00edan para sumar mi experiencia y compromiso en este momento del pa\u00eds\u201d, escribi\u00f3 en la misma red social <strong>Daniel Scioli<\/strong>, horas despu\u00e9s de que se conociera la designaci\u00f3n.<\/h3>\n<h3>De esta manera, Scioli dejar\u00e1 su cargo diplom\u00e1tico en el pa\u00eds vecino, pese a que su primera intenci\u00f3n, consensuada con la gesti\u00f3n libertaria, era seguir cumpliendo su misi\u00f3n en Brasil.<\/h3>\n<h3>\u201cGracias Daniel por la gran tarea realizada para nuestro pa\u00eds como Embajador en Brasil, reconocida por todos los sectores, y por dejar ese destino, para sumarte a nuestro equipo donde estamos seguros que har\u00e1s un enorme aporte\u201d, escribi\u00f3 Francos.<\/h3>\n<h3>Tras el desembarco de Milei, a Scioli le ofrecieron quedarse para sostener la relaci\u00f3n con el gobierno de Luiz In\u00e1cio Lula Da Silva y el ex motonauta acept\u00f3.<\/h3>\n<h3>Pero el ex gobernador fortaleci\u00f3 en las \u00faltimas semanas sus lazos con el gobierno libertario y ya era un secreto a voces su inminente toma de posesi\u00f3n de un cargo en el Gabinete de Milei.<\/h3>\n<h3>En paralelo, trascendi\u00f3 que a Lula no le habr\u00eda ca\u00eddo bien que Scioli, tras representar al gobierno de su amigo Alberto Fern\u00e1ndez no se abriera de la gesti\u00f3n de Milei, con quien no se lleva bien debido a su cercan\u00eda con Jair Bolsonaro.<\/h3>\n<h3>Fuentes del Gobierno dijeron que &#8220;hace rato que Francos quer\u00eda llevar a Scioli&#8221; al Ejecutivo, ya que est\u00e1 &#8220;conforme con el trabajo de \u00e9l como embajador en Brasil&#8221;.<\/h3>\n<h3>&#8220;Consider\u00f3 que las capacidades ya conocidas de Scioli pod\u00edan servir en este Gobierno, busc\u00f3 durante este tiempo convencerlo de que deje su trabajo en Brasil, donde le fue muy bien acercando a los dos pa\u00edses y potenciando el comercio&#8221;, remarcaron las mismas fuentes.<\/h3>\n<h3>A su vez, recordaron que Scioli a\u00fan no hab\u00eda tenido la aprobaci\u00f3n en el Senado de su pliego para continuar como embajador y confirmaron que, tras su salida, a\u00fan no est\u00e1 definido qui\u00e9n lo suceder\u00e1 en la Embajada en el vecino pa\u00eds.<\/h3>\n<h3>El acercamiento de Scioli a Milei, a quien conoce desde hace varios a\u00f1os, hab\u00eda quedado reflejado en una resonante foto que se conoci\u00f3 semanas atr\u00e1s en la que se lo ve\u00eda al ex motonauta junto al CEO de Flaybondi posando con una gorra con la inscripci\u00f3n &#8220;Las fuerzas del cielo&#8221; y un retrato suyo junto al actual mandatario.<\/h3>\n<h3>Scioli estuvo el viernes \u00faltimo durante algunas horas en la Casa Rosada, donde se termin\u00f3 de sellar su desembarco en la mega Secretar\u00eda de Turismo, Ambiente y Deportes, que estar\u00e1 bajo la \u00f3rbita de Interior.<\/h3>\n<h3>En aquella jornada, al retirarse de Balcarce 50 se cruz\u00f3 con el ministro de Econom\u00eda, Luis Caputo, quien ingresaba para dar la conferencia de prensa en la que anunci\u00f3 el retiro del paquete fiscal de la Ley \u00f3mnibus, y ambos mantuvieron una animada charla en el Sal\u00f3n de los Bustos.<\/h3>\n<h3>El ex motonauta ya hab\u00eda sido secretario de Deportes y Turismo durante la breve gesti\u00f3n de Adolfo Rodr\u00edguez Sa\u00e1 a fines de 2001 y continu\u00f3 en ese cargo en el gobierno de Eduardo Duhalde.<\/h3>\n<h3>Durante este martes se conoci\u00f3 tambi\u00e9n la oficializaci\u00f3n de Santiago Caputo como asesor presidencial, a trav\u00e9s de una resoluci\u00f3n que llev\u00f3 la firma de la secretaria General de la Presidencia, Karina Milei.<\/h3>\n<h3>Santiago Caputo ya ven\u00eda llevando adelante esa funci\u00f3n desde la asunci\u00f3n de Milei pero reci\u00e9n en las \u00faltimas horas fue designado formalmente y, de acuerdo a la resoluci\u00f3n, fue contratado bajo el r\u00e9gimen de prestaci\u00f3n de servicios profesionales aut\u00f3nomos, por lo que no ser\u00e1 funcionario.<\/h3>\n<h3>El Gobierno necesitaba emprolijar esta situaci\u00f3n y darle un cargo oficial al consultor m\u00e1s cercano a Milei, ya que se trata de alguien que tiene un rol muy activo en la administraci\u00f3n, con actividades como negociar en nombre del Presidente, adem\u00e1s de ocupar un despacho en la Casa Rosada (en el Sal\u00f3n de las Mujeres) y participar de las reuniones de Gabinete y de alg\u00fan viaje oficial.<\/h3>\n<p>&nbsp;<\/p>\n<p>&nbsp;<\/p>\n<p>&nbsp;<\/p>\n<p>&nbsp;<\/p>\n","protected":false},"excerpt":{"rendered":"<p>As\u00ed lo anunci\u00f3 el ministro del Interior, Guillermo Francos, en su cuenta de la red&#8230;<\/p>\n","protected":false},"author":1,"featured_media":10951,"comment_status":"closed","ping_status":"closed","sticky":false,"template":"","format":"standard","meta":{"footnotes":""},"categories":[5],"tags":[],"class_list":["post-10950","post","type-post","status-publish","format-standard","has-post-thumbnail","hentry","category-nacionales-internacionales"],"yoast_head":"<!-- This site is optimized with the Yoast SEO plugin v26.1.1 - https:\/\/yoast.com\/wordpress\/plugins\/seo\/ -->\n<title>UN CAMALE\u00d3N AH\u00cd: DANIEL SCIOLI SE SUMAR\u00c1 AL GOBIERNO NACIONAL COMO SECRETARIO DE TURISMO, AMBIENTE Y DEPORTES - Apuntes de San Luis<\/title>\n<meta name=\"robots\" content=\"index, follow, max-snippet:-1, max-image-preview:large, max-video-preview:-1\" \/>\n<link rel=\"canonical\" href=\"https:\/\/apuntesdesanluis.com\/index.php\/2024\/01\/30\/un-camaleon-ahi-daniel-scioli-se-sumara-al-gobierno-nacional-como-secretario-de-turismo-ambiente-y-deportes\/\" \/>\n<meta property=\"og:locale\" content=\"es_ES\" \/>\n<meta property=\"og:type\" content=\"article\" \/>\n<meta property=\"og:title\" content=\"UN CAMALE\u00d3N AH\u00cd: DANIEL SCIOLI SE SUMAR\u00c1 AL GOBIERNO NACIONAL COMO SECRETARIO DE TURISMO, AMBIENTE Y DEPORTES - Apuntes de San Luis\" \/>\n<meta property=\"og:description\" content=\"As\u00ed lo anunci\u00f3 el ministro del Interior, Guillermo Francos, en su cuenta de la red...\" \/>\n<meta property=\"og:url\" content=\"https:\/\/apuntesdesanluis.com\/index.php\/2024\/01\/30\/un-camaleon-ahi-daniel-scioli-se-sumara-al-gobierno-nacional-como-secretario-de-turismo-ambiente-y-deportes\/\" \/>\n<meta property=\"og:site_name\" content=\"Apuntes de San Luis\" \/>\n<meta property=\"article:published_time\" content=\"2024-01-30T23:32:33+00:00\" \/>\n<meta property=\"article:modified_time\" content=\"2024-01-30T23:32:47+00:00\" \/>\n<meta property=\"og:image\" content=\"https:\/\/apuntesdesanluis.com\/wp-content\/uploads\/2024\/01\/SCIOLI.png\" \/>\n\t<meta property=\"og:image:width\" content=\"558\" \/>\n\t<meta property=\"og:image:height\" content=\"354\" \/>\n\t<meta property=\"og:image:type\" content=\"image\/png\" \/>\n<meta name=\"author\" content=\"apuntesdesanluis.com\" \/>\n<meta name=\"twitter:card\" content=\"summary_large_image\" \/>\n<meta name=\"twitter:label1\" content=\"Escrito por\" \/>\n\t<meta name=\"twitter:data1\" content=\"apuntesdesanluis.com\" \/>\n\t<meta name=\"twitter:label2\" content=\"Tiempo de lectura\" \/>\n\t<meta name=\"twitter:data2\" content=\"4 minutos\" \/>\n<script type=\"application\/ld+json\" class=\"yoast-schema-graph\">{\"@context\":\"https:\/\/schema.org\",\"@graph\":[{\"@type\":\"Article\",\"@id\":\"https:\/\/apuntesdesanluis.com\/index.php\/2024\/01\/30\/un-camaleon-ahi-daniel-scioli-se-sumara-al-gobierno-nacional-como-secretario-de-turismo-ambiente-y-deportes\/#article\",\"isPartOf\":{\"@id\":\"https:\/\/apuntesdesanluis.com\/index.php\/2024\/01\/30\/un-camaleon-ahi-daniel-scioli-se-sumara-al-gobierno-nacional-como-secretario-de-turismo-ambiente-y-deportes\/\"},\"author\":{\"name\":\"apuntesdesanluis.com\",\"@id\":\"https:\/\/apuntesdesanluis.com\/#\/schema\/person\/b55151d52296fcce64d1a72538a70b90\"},\"headline\":\"UN CAMALE\u00d3N AH\u00cd: DANIEL SCIOLI SE SUMAR\u00c1 AL GOBIERNO NACIONAL COMO SECRETARIO DE TURISMO, AMBIENTE Y DEPORTES\",\"datePublished\":\"2024-01-30T23:32:33+00:00\",\"dateModified\":\"2024-01-30T23:32:47+00:00\",\"mainEntityOfPage\":{\"@id\":\"https:\/\/apuntesdesanluis.com\/index.php\/2024\/01\/30\/un-camaleon-ahi-daniel-scioli-se-sumara-al-gobierno-nacional-como-secretario-de-turismo-ambiente-y-deportes\/\"},\"wordCount\":763,\"publisher\":{\"@id\":\"https:\/\/apuntesdesanluis.com\/#\/schema\/person\/b55151d52296fcce64d1a72538a70b90\"},\"image\":{\"@id\":\"https:\/\/apuntesdesanluis.com\/index.php\/2024\/01\/30\/un-camaleon-ahi-daniel-scioli-se-sumara-al-gobierno-nacional-como-secretario-de-turismo-ambiente-y-deportes\/#primaryimage\"},\"thumbnailUrl\":\"https:\/\/apuntesdesanluis.com\/wp-content\/uploads\/2024\/01\/SCIOLI.png\",\"articleSection\":[\"Nacionales\/Internacionales\"],\"inLanguage\":\"es-AR\"},{\"@type\":\"WebPage\",\"@id\":\"https:\/\/apuntesdesanluis.com\/index.php\/2024\/01\/30\/un-camaleon-ahi-daniel-scioli-se-sumara-al-gobierno-nacional-como-secretario-de-turismo-ambiente-y-deportes\/\",\"url\":\"https:\/\/apuntesdesanluis.com\/index.php\/2024\/01\/30\/un-camaleon-ahi-daniel-scioli-se-sumara-al-gobierno-nacional-como-secretario-de-turismo-ambiente-y-deportes\/\",\"name\":\"UN CAMALE\u00d3N AH\u00cd: DANIEL SCIOLI SE SUMAR\u00c1 AL GOBIERNO NACIONAL COMO SECRETARIO DE TURISMO, AMBIENTE Y DEPORTES - Apuntes de San Luis\",\"isPartOf\":{\"@id\":\"https:\/\/apuntesdesanluis.com\/#website\"},\"primaryImageOfPage\":{\"@id\":\"https:\/\/apuntesdesanluis.com\/index.php\/2024\/01\/30\/un-camaleon-ahi-daniel-scioli-se-sumara-al-gobierno-nacional-como-secretario-de-turismo-ambiente-y-deportes\/#primaryimage\"},\"image\":{\"@id\":\"https:\/\/apuntesdesanluis.com\/index.php\/2024\/01\/30\/un-camaleon-ahi-daniel-scioli-se-sumara-al-gobierno-nacional-como-secretario-de-turismo-ambiente-y-deportes\/#primaryimage\"},\"thumbnailUrl\":\"https:\/\/apuntesdesanluis.com\/wp-content\/uploads\/2024\/01\/SCIOLI.png\",\"datePublished\":\"2024-01-30T23:32:33+00:00\",\"dateModified\":\"2024-01-30T23:32:47+00:00\",\"breadcrumb\":{\"@id\":\"https:\/\/apuntesdesanluis.com\/index.php\/2024\/01\/30\/un-camaleon-ahi-daniel-scioli-se-sumara-al-gobierno-nacional-como-secretario-de-turismo-ambiente-y-deportes\/#breadcrumb\"},\"inLanguage\":\"es-AR\",\"potentialAction\":[{\"@type\":\"ReadAction\",\"target\":[\"https:\/\/apuntesdesanluis.com\/index.php\/2024\/01\/30\/un-camaleon-ahi-daniel-scioli-se-sumara-al-gobierno-nacional-como-secretario-de-turismo-ambiente-y-deportes\/\"]}]},{\"@type\":\"ImageObject\",\"inLanguage\":\"es-AR\",\"@id\":\"https:\/\/apuntesdesanluis.com\/index.php\/2024\/01\/30\/un-camaleon-ahi-daniel-scioli-se-sumara-al-gobierno-nacional-como-secretario-de-turismo-ambiente-y-deportes\/#primaryimage\",\"url\":\"https:\/\/apuntesdesanluis.com\/wp-content\/uploads\/2024\/01\/SCIOLI.png\",\"contentUrl\":\"https:\/\/apuntesdesanluis.com\/wp-content\/uploads\/2024\/01\/SCIOLI.png\",\"width\":558,\"height\":354},{\"@type\":\"BreadcrumbList\",\"@id\":\"https:\/\/apuntesdesanluis.com\/index.php\/2024\/01\/30\/un-camaleon-ahi-daniel-scioli-se-sumara-al-gobierno-nacional-como-secretario-de-turismo-ambiente-y-deportes\/#breadcrumb\",\"itemListElement\":[{\"@type\":\"ListItem\",\"position\":1,\"name\":\"Inicio\",\"item\":\"https:\/\/apuntesdesanluis.com\/\"},{\"@type\":\"ListItem\",\"position\":2,\"name\":\"UN CAMALE\u00d3N AH\u00cd: DANIEL SCIOLI SE SUMAR\u00c1 AL GOBIERNO NACIONAL COMO SECRETARIO DE TURISMO, AMBIENTE Y DEPORTES\"}]},{\"@type\":\"WebSite\",\"@id\":\"https:\/\/apuntesdesanluis.com\/#website\",\"url\":\"https:\/\/apuntesdesanluis.com\/\",\"name\":\"Apuntes de San Luis\",\"description\":\"\",\"publisher\":{\"@id\":\"https:\/\/apuntesdesanluis.com\/#\/schema\/person\/b55151d52296fcce64d1a72538a70b90\"},\"potentialAction\":[{\"@type\":\"SearchAction\",\"target\":{\"@type\":\"EntryPoint\",\"urlTemplate\":\"https:\/\/apuntesdesanluis.com\/?s={search_term_string}\"},\"query-input\":{\"@type\":\"PropertyValueSpecification\",\"valueRequired\":true,\"valueName\":\"search_term_string\"}}],\"inLanguage\":\"es-AR\"},{\"@type\":[\"Person\",\"Organization\"],\"@id\":\"https:\/\/apuntesdesanluis.com\/#\/schema\/person\/b55151d52296fcce64d1a72538a70b90\",\"name\":\"apuntesdesanluis.com\",\"image\":{\"@type\":\"ImageObject\",\"inLanguage\":\"es-AR\",\"@id\":\"https:\/\/apuntesdesanluis.com\/#\/schema\/person\/image\/\",\"url\":\"https:\/\/apuntesdesanluis.com\/wp-content\/uploads\/2023\/07\/cropped-apuntesdesanluis.png\",\"contentUrl\":\"https:\/\/apuntesdesanluis.com\/wp-content\/uploads\/2023\/07\/cropped-apuntesdesanluis.png\",\"width\":450,\"height\":112,\"caption\":\"apuntesdesanluis.com\"},\"logo\":{\"@id\":\"https:\/\/apuntesdesanluis.com\/#\/schema\/person\/image\/\"},\"sameAs\":[\"https:\/\/apuntesdesanluis.com\"],\"url\":\"https:\/\/apuntesdesanluis.com\/index.php\/author\/apuntesdesanluis-com\/\"}]}<\/script>\n<!-- \/ Yoast SEO plugin. -->","yoast_head_json":{"title":"UN CAMALE\u00d3N AH\u00cd: DANIEL SCIOLI SE SUMAR\u00c1 AL GOBIERNO NACIONAL COMO SECRETARIO DE TURISMO, AMBIENTE Y DEPORTES - Apuntes de San Luis","robots":{"index":"index","follow":"follow","max-snippet":"max-snippet:-1","max-image-preview":"max-image-preview:large","max-video-preview":"max-video-preview:-1"},"canonical":"https:\/\/apuntesdesanluis.com\/index.php\/2024\/01\/30\/un-camaleon-ahi-daniel-scioli-se-sumara-al-gobierno-nacional-como-secretario-de-turismo-ambiente-y-deportes\/","og_locale":"es_ES","og_type":"article","og_title":"UN CAMALE\u00d3N AH\u00cd: DANIEL SCIOLI SE SUMAR\u00c1 AL GOBIERNO NACIONAL COMO SECRETARIO DE TURISMO, AMBIENTE Y DEPORTES - Apuntes de San Luis","og_description":"As\u00ed lo anunci\u00f3 el ministro del Interior, Guillermo Francos, en su cuenta de la red...","og_url":"https:\/\/apuntesdesanluis.com\/index.php\/2024\/01\/30\/un-camaleon-ahi-daniel-scioli-se-sumara-al-gobierno-nacional-como-secretario-de-turismo-ambiente-y-deportes\/","og_site_name":"Apuntes de San Luis","article_published_time":"2024-01-30T23:32:33+00:00","article_modified_time":"2024-01-30T23:32:47+00:00","og_image":[{"width":558,"height":354,"url":"https:\/\/apuntesdesanluis.com\/wp-content\/uploads\/2024\/01\/SCIOLI.png","type":"image\/png"}],"author":"apuntesdesanluis.com","twitter_card":"summary_large_image","twitter_misc":{"Escrito por":"apuntesdesanluis.com","Tiempo de lectura":"4 minutos"},"schema":{"@context":"https:\/\/schema.org","@graph":[{"@type":"Article","@id":"https:\/\/apuntesdesanluis.com\/index.php\/2024\/01\/30\/un-camaleon-ahi-daniel-scioli-se-sumara-al-gobierno-nacional-como-secretario-de-turismo-ambiente-y-deportes\/#article","isPartOf":{"@id":"https:\/\/apuntesdesanluis.com\/index.php\/2024\/01\/30\/un-camaleon-ahi-daniel-scioli-se-sumara-al-gobierno-nacional-como-secretario-de-turismo-ambiente-y-deportes\/"},"author":{"name":"apuntesdesanluis.com","@id":"https:\/\/apuntesdesanluis.com\/#\/schema\/person\/b55151d52296fcce64d1a72538a70b90"},"headline":"UN CAMALE\u00d3N AH\u00cd: DANIEL SCIOLI SE SUMAR\u00c1 AL GOBIERNO NACIONAL COMO SECRETARIO DE TURISMO, AMBIENTE Y DEPORTES","datePublished":"2024-01-30T23:32:33+00:00","dateModified":"2024-01-30T23:32:47+00:00","mainEntityOfPage":{"@id":"https:\/\/apuntesdesanluis.com\/index.php\/2024\/01\/30\/un-camaleon-ahi-daniel-scioli-se-sumara-al-gobierno-nacional-como-secretario-de-turismo-ambiente-y-deportes\/"},"wordCount":763,"publisher":{"@id":"https:\/\/apuntesdesanluis.com\/#\/schema\/person\/b55151d52296fcce64d1a72538a70b90"},"image":{"@id":"https:\/\/apuntesdesanluis.com\/index.php\/2024\/01\/30\/un-camaleon-ahi-daniel-scioli-se-sumara-al-gobierno-nacional-como-secretario-de-turismo-ambiente-y-deportes\/#primaryimage"},"thumbnailUrl":"https:\/\/apuntesdesanluis.com\/wp-content\/uploads\/2024\/01\/SCIOLI.png","articleSection":["Nacionales\/Internacionales"],"inLanguage":"es-AR"},{"@type":"WebPage","@id":"https:\/\/apuntesdesanluis.com\/index.php\/2024\/01\/30\/un-camaleon-ahi-daniel-scioli-se-sumara-al-gobierno-nacional-como-secretario-de-turismo-ambiente-y-deportes\/","url":"https:\/\/apuntesdesanluis.com\/index.php\/2024\/01\/30\/un-camaleon-ahi-daniel-scioli-se-sumara-al-gobierno-nacional-como-secretario-de-turismo-ambiente-y-deportes\/","name":"UN CAMALE\u00d3N AH\u00cd: DANIEL SCIOLI SE SUMAR\u00c1 AL GOBIERNO NACIONAL COMO SECRETARIO DE TURISMO, AMBIENTE Y DEPORTES - Apuntes de San Luis","isPartOf":{"@id":"https:\/\/apuntesdesanluis.com\/#website"},"primaryImageOfPage":{"@id":"https:\/\/apuntesdesanluis.com\/index.php\/2024\/01\/30\/un-camaleon-ahi-daniel-scioli-se-sumara-al-gobierno-nacional-como-secretario-de-turismo-ambiente-y-deportes\/#primaryimage"},"image":{"@id":"https:\/\/apuntesdesanluis.com\/index.php\/2024\/01\/30\/un-camaleon-ahi-daniel-scioli-se-sumara-al-gobierno-nacional-como-secretario-de-turismo-ambiente-y-deportes\/#primaryimage"},"thumbnailUrl":"https:\/\/apuntesdesanluis.com\/wp-content\/uploads\/2024\/01\/SCIOLI.png","datePublished":"2024-01-30T23:32:33+00:00","dateModified":"2024-01-30T23:32:47+00:00","breadcrumb":{"@id":"https:\/\/apuntesdesanluis.com\/index.php\/2024\/01\/30\/un-camaleon-ahi-daniel-scioli-se-sumara-al-gobierno-nacional-como-secretario-de-turismo-ambiente-y-deportes\/#breadcrumb"},"inLanguage":"es-AR","potentialAction":[{"@type":"ReadAction","target":["https:\/\/apuntesdesanluis.com\/index.php\/2024\/01\/30\/un-camaleon-ahi-daniel-scioli-se-sumara-al-gobierno-nacional-como-secretario-de-turismo-ambiente-y-deportes\/"]}]},{"@type":"ImageObject","inLanguage":"es-AR","@id":"https:\/\/apuntesdesanluis.com\/index.php\/2024\/01\/30\/un-camaleon-ahi-daniel-scioli-se-sumara-al-gobierno-nacional-como-secretario-de-turismo-ambiente-y-deportes\/#primaryimage","url":"https:\/\/apuntesdesanluis.com\/wp-content\/uploads\/2024\/01\/SCIOLI.png","contentUrl":"https:\/\/apuntesdesanluis.com\/wp-content\/uploads\/2024\/01\/SCIOLI.png","width":558,"height":354},{"@type":"BreadcrumbList","@id":"https:\/\/apuntesdesanluis.com\/index.php\/2024\/01\/30\/un-camaleon-ahi-daniel-scioli-se-sumara-al-gobierno-nacional-como-secretario-de-turismo-ambiente-y-deportes\/#breadcrumb","itemListElement":[{"@type":"ListItem","position":1,"name":"Inicio","item":"https:\/\/apuntesdesanluis.com\/"},{"@type":"ListItem","position":2,"name":"UN CAMALE\u00d3N AH\u00cd: DANIEL SCIOLI SE SUMAR\u00c1 AL GOBIERNO NACIONAL COMO SECRETARIO DE TURISMO, AMBIENTE Y DEPORTES"}]},{"@type":"WebSite","@id":"https:\/\/apuntesdesanluis.com\/#website","url":"https:\/\/apuntesdesanluis.com\/","name":"Apuntes de San Luis","description":"","publisher":{"@id":"https:\/\/apuntesdesanluis.com\/#\/schema\/person\/b55151d52296fcce64d1a72538a70b90"},"potentialAction":[{"@type":"SearchAction","target":{"@type":"EntryPoint","urlTemplate":"https:\/\/apuntesdesanluis.com\/?s={search_term_string}"},"query-input":{"@type":"PropertyValueSpecification","valueRequired":true,"valueName":"search_term_string"}}],"inLanguage":"es-AR"},{"@type":["Person","Organization"],"@id":"https:\/\/apuntesdesanluis.com\/#\/schema\/person\/b55151d52296fcce64d1a72538a70b90","name":"apuntesdesanluis.com","image":{"@type":"ImageObject","inLanguage":"es-AR","@id":"https:\/\/apuntesdesanluis.com\/#\/schema\/person\/image\/","url":"https:\/\/apuntesdesanluis.com\/wp-content\/uploads\/2023\/07\/cropped-apuntesdesanluis.png","contentUrl":"https:\/\/apuntesdesanluis.com\/wp-content\/uploads\/2023\/07\/cropped-apuntesdesanluis.png","width":450,"height":112,"caption":"apuntesdesanluis.com"},"logo":{"@id":"https:\/\/apuntesdesanluis.com\/#\/schema\/person\/image\/"},"sameAs":["https:\/\/apuntesdesanluis.com"],"url":"https:\/\/apuntesdesanluis.com\/index.php\/author\/apuntesdesanluis-com\/"}]}},"featured_image_urls":{"full":["https:\/\/apuntesdesanluis.com\/wp-content\/uploads\/2024\/01\/SCIOLI.png",558,354,false],"thumbnail":["https:\/\/apuntesdesanluis.com\/wp-content\/uploads\/2024\/01\/SCIOLI-150x150.png",150,150,true],"medium":["https:\/\/apuntesdesanluis.com\/wp-content\/uploads\/2024\/01\/SCIOLI-300x190.png",300,190,true],"medium_large":["https:\/\/apuntesdesanluis.com\/wp-content\/uploads\/2024\/01\/SCIOLI.png",558,354,false],"large":["https:\/\/apuntesdesanluis.com\/wp-content\/uploads\/2024\/01\/SCIOLI.png",558,354,false],"1536x1536":["https:\/\/apuntesdesanluis.com\/wp-content\/uploads\/2024\/01\/SCIOLI.png",558,354,false],"2048x2048":["https:\/\/apuntesdesanluis.com\/wp-content\/uploads\/2024\/01\/SCIOLI.png",558,354,false],"newsever-slider-full":["https:\/\/apuntesdesanluis.com\/wp-content\/uploads\/2024\/01\/SCIOLI.png",558,354,false],"newsever-featured":["https:\/\/apuntesdesanluis.com\/wp-content\/uploads\/2024\/01\/SCIOLI.png",558,354,false],"newsever-medium":["https:\/\/apuntesdesanluis.com\/wp-content\/uploads\/2024\/01\/SCIOLI.png",558,354,false]},"author_info":{"display_name":"apuntesdesanluis.com","author_link":"https:\/\/apuntesdesanluis.com\/index.php\/author\/apuntesdesanluis-com\/"},"category_info":"<a href=\"https:\/\/apuntesdesanluis.com\/index.php\/category\/nacionales-internacionales\/\" rel=\"category tag\">Nacionales\/Internacionales<\/a>","tag_info":"Nacionales\/Internacionales","comment_count":"0","_links":{"self":[{"href":"https:\/\/apuntesdesanluis.com\/index.php\/wp-json\/wp\/v2\/posts\/10950","targetHints":{"allow":["GET"]}}],"collection":[{"href":"https:\/\/apuntesdesanluis.com\/index.php\/wp-json\/wp\/v2\/posts"}],"about":[{"href":"https:\/\/apuntesdesanluis.com\/index.php\/wp-json\/wp\/v2\/types\/post"}],"author":[{"embeddable":true,"href":"https:\/\/apuntesdesanluis.com\/index.php\/wp-json\/wp\/v2\/users\/1"}],"replies":[{"embeddable":true,"href":"https:\/\/apuntesdesanluis.com\/index.php\/wp-json\/wp\/v2\/comments?post=10950"}],"version-history":[{"count":2,"href":"https:\/\/apuntesdesanluis.com\/index.php\/wp-json\/wp\/v2\/posts\/10950\/revisions"}],"predecessor-version":[{"id":10953,"href":"https:\/\/apuntesdesanluis.com\/index.php\/wp-json\/wp\/v2\/posts\/10950\/revisions\/10953"}],"wp:featuredmedia":[{"embeddable":true,"href":"https:\/\/apuntesdesanluis.com\/index.php\/wp-json\/wp\/v2\/media\/10951"}],"wp:attachment":[{"href":"https:\/\/apuntesdesanluis.com\/index.php\/wp-json\/wp\/v2\/media?parent=10950"}],"wp:term":[{"taxonomy":"category","embeddable":true,"href":"https:\/\/apuntesdesanluis.com\/index.php\/wp-json\/wp\/v2\/categories?post=10950"},{"taxonomy":"post_tag","embeddable":true,"href":"https:\/\/apuntesdesanluis.com\/index.php\/wp-json\/wp\/v2\/tags?post=10950"}],"curies":[{"name":"wp","href":"https:\/\/api.w.org\/{rel}","templated":true}]}}