{"id":10958,"date":"2024-01-30T20:42:01","date_gmt":"2024-01-30T23:42:01","guid":{"rendered":"https:\/\/apuntesdesanluis.com\/?p=10958"},"modified":"2024-01-30T20:51:08","modified_gmt":"2024-01-30T23:51:08","slug":"el-oficialismo-ya-tiene-el-quorum-para-dar-inicio-a-la-sesion-de-manana-por-la-ley-omnibus","status":"publish","type":"post","link":"https:\/\/apuntesdesanluis.com\/index.php\/2024\/01\/30\/el-oficialismo-ya-tiene-el-quorum-para-dar-inicio-a-la-sesion-de-manana-por-la-ley-omnibus\/","title":{"rendered":"EL OFICIALISMO YA TIENE EL QU\u00d3RUM PARA DAR INICIO A LA SESI\u00d3N DE MA\u00d1ANA POR LA LEY \u00d3MNIBUS"},"content":{"rendered":"<h3>Luego de distintas reuniones de bloques de los sectores dialoguistas, LLA ya cuenta con las 129 voluntades para comenzar con el debate en el recinto que promete ser marat\u00f3nico. El proyecto original recibi\u00f3 tantos cambios que ya nadie sabe bien qu\u00e9 va a quedar y c\u00f3mo se va a votar, porque persisten las diferencias.<\/h3>\n<h3>A menos de 24 horas de la convocatoria a sesionar en la C\u00e1mara de Diputados para debatir la denominada Ley \u00d3mnibus, La Libertad Avanza ya logr\u00f3 reunir las voluntades necesarias para garantizarse, al menos, el arranque de la discusi\u00f3n con 129 diputados sentados en sus bancas.<\/h3>\n<h3>La citaci\u00f3n a sesi\u00f3n especial fue realizada para este mi\u00e9rcoles a las 10 y los libertarios buscaban como prioridad despejar cualquier duda sobre el arranque de la sesi\u00f3n, lo que ya fue solucionado.<\/h3>\n<h3>La primera se\u00f1al la dio el bloque de la UCR que preside el cordob\u00e9s Rodrigo De Loredo, que luego de una extensa reuni\u00f3n de la bancada confirm\u00f3 a trav\u00e9s de un comunicado que daran qu\u00f3rum y que acompa\u00f1ar\u00e1n en general la Ley de Bases y Puntos de Partida para la Libertad de los Argentinos. Se trata del resultado de una compleja negociaci\u00f3n a nivel interno del partido radical que le permite sumar a LLA unos valiosos 34 votos y se da luego de que un sector de los diputados boina blanca firmaron en disidencia el dictamen de la mayor\u00eda mientras otro grupo menor directamente no aport\u00f3 sus votos para el despacho del plenario de comisiones.<\/h3>\n<h3>&#8220;En una extensa reuni\u00f3n de nuestro bloque, adelantamos que desde el conjunto del radicalismo daremos qu\u00f3rum para habilitar el debate parlamentario de la Ley \u00d3mnibus ma\u00f1ana y acompa\u00f1aremos en general la Ley. Entendemos la responsabilidad de la hora y las urgencias del pa\u00eds&#8221;, coment\u00f3 el cordob\u00e9s a trav\u00e9s de las redes sociales. De Loredo marc\u00f3 que hubo &#8220;desorganizaci\u00f3n&#8221; y &#8220;agravios&#8221; en el tratamiento encarado por parte del Ejecutivo, pero confirm\u00f3 que &#8220;daremos las herramientas para que un gobierno que reci\u00e9n inicia pueda llevar adelante su plan de gesti\u00f3n&#8221;.<\/h3>\n<h3>La Libertad Avanza ya cuenta con 38 diputados propios, a los que se suman tambi\u00e9n 40 integrantes del PRO, que tuvieron una reuni\u00f3n de bloque\u00a0 encabezada por Cristian Ritondo en la previa, en donde se sum\u00f3 de manera virtual el expresidente Mauricio Macri para brindar su respaldo a los legisladores.<\/h3>\n<h3>&#8220;Nosotros vamos a acompa\u00f1ar la ley, vamos a dar qu\u00f3rum, estamos de acuerdo en c\u00f3mo se va a trabajar ahora, veremos c\u00f3mo va a ser el desarrollo pero va a ser una sesi\u00f3n muy larga&#8221;, anticip\u00f3 Ritondo en las inmediaciones del Congreso, donde iban y ven\u00edan numerosos referentes de distintos partidos inmersos en las negociaciones.<\/h3>\n<h3>Pero el dato m\u00e1s relevante tiene que ver con la confirmaci\u00f3n de que el bloque de Hacemos Coalici\u00f3n Federal que comanda Miguel Pichetto estar\u00e1 desde el arranque de la sesi\u00f3n, convirti\u00e9ndose as\u00ed en la llave para que LLA pueda avanzar hacia la media sanci\u00f3n.<\/h3>\n<h3>&#8220;Desde Hacemos Coalici\u00f3n Federal vamos a dar qu\u00f3rum y acompa\u00f1ar en general, pero plantearemos las disidencias en varios art\u00edculos. Quienes somos parte del bloque Hacemos Coalici\u00f3n Federal siempre planteamos nuestro compromiso de aportar herramientas de gobernabilidad y honrando esa premisa daremos qu\u00f3rum para que en la sesi\u00f3n de ma\u00f1ana en la C\u00e1mara de Diputados se pueda discutir la denominada Ley Bases enviada por el Poder Ejecutivo&#8221;, indica el texto de HCF.<\/h3>\n<h3>Asimismo, aclararon que &#8220;a instancias de que algunos integrantes del bloque presentaron dict\u00e1menes propios, a la hora de discutir los art\u00edculos en particular plantearemos en muchos de ellos nuestras propias visiones, disidencias, o modificaciones a los mismos&#8221;. Esto se refiere al dictamen de minor\u00eda que presentaron en conjunto las diputadas Margarita Stolbizer y M\u00f3nica Fein, del socialismo, que llevar\u00e1 a defender en particular algunas de las cuestiones que se incluyen en su propuesta.<\/h3>\n<h3>As\u00ed lo confirm\u00f3 luego el diputado Esteban Paul\u00f3n, del Partido Socialista, quien se\u00f1al\u00f3 que &#8220;tal como anticipamos durante todos estos d\u00edas no vamos a acompa\u00f1ar en general el proyecto de ley Bases. Tenemos dictamen propio e iremos al recinto a defenderlo&#8221;. Es decir que no ser\u00e1 uniforme la postura del bloque dialoguista, que aportar\u00e1 sus 23 referentes para el inicio pero eso no se traducir\u00e1 en un voto a favor del conjunto.<\/h3>\n<h3><strong>ACUERDOS Y DIFERENCIAS<\/strong><\/h3>\n<h3>M\u00e1s all\u00e1 de que se angostaron las diferencias con los bloques de la oposici\u00f3n blanda, persist\u00edan algunos desacuerdos, especialmente en materia de<strong>\u00a0delegaci\u00f3n de facultades y privatizaciones.<\/strong><\/h3>\n<h3>Por caso, Hacemos Coalici\u00f3n Federal pidi\u00f3 seguir reduciendo la cantidad de\u00a0<strong>emergencias<\/strong>, que de punta a punta pasaron de 11 a 7 (el Ejecutivo quit\u00f3 las emergencias en materia previsional, fiscal, de defensa y salud).<\/h3>\n<h3>El bloque que comanda Pichetto exige quitar tambi\u00e9n las\u00a0<strong>facultades delegadas\u00a0<\/strong>en materia tarifaria, energ\u00e9tica y de seguridad.<\/h3>\n<h3>Otro tema donde todav\u00eda faltaba pulir acuerdos es en materia de privatizaciones. La UCR y Hacemos Coalici\u00f3n Federal estaban intentando unificar criterios en este sentido, ya que parten de premisas diferentes.<\/h3>\n<h3>Mientras que el bloque liderado por De Loredo propone tratar cada caso por separado con el env\u00edo de una ley al Congreso, la bancada de Pichetto busca que las propuestas de privatizaci\u00f3n sean enviadas a una comisi\u00f3n bicameral ad-hoc para dictaminar y que luego se vote en el recinto.<\/h3>\n<h3>El destino de las acciones del Fondo de Garant\u00eda de Sustentabilidad de ANSeS y Biocombustibles son otros temas en los que todav\u00eda no hay acuerdo y podr\u00edan caerse en la votaci\u00f3n en particular.<\/h3>\n<h3>Hay cambios que ya fueron consensuados y que los bloques de la oposici\u00f3n recibieron con benepl\u00e1cito. La movida principal fue el retiro del cap\u00edtulo fiscal (retenciones, jubilaciones, blanqueo, moratoria, Bienes Personales), que es la que allan\u00f3 la convocatoria a la sesi\u00f3n del mi\u00e9rcoles.<\/h3>\n<h3>Tambi\u00e9n se dio marcha atr\u00e1s con la eliminaci\u00f3n del\u00a0<strong>subsidio por zona fr\u00eda para usuarios residenciales de gas,\u00a0<\/strong>y se barri\u00f3 el art\u00edculo que habilitaba la &#8220;disoluci\u00f3n&#8221; de empresas p\u00fablicas, universidades nacionales y organismos aut\u00e1rquicos como el INTA y el Conicet.<\/h3>\n<h3>En tanto, la \u00faltima versi\u00f3n del proyecto de Bases permite liquidar la deuda p\u00fablica consolidada en poder de la ANSES, aunque elimina la autorizaci\u00f3n para vender los activos de la cartera del FGS.<\/h3>\n<h3>Tambi\u00e9n se suprimi\u00f3 la parte que rezaba que &#8220;los recursos que se obtengan como consecuencia de la venta de las participaciones accionarias no podr\u00e1n ser utilizados para un destino diferente que no sea el sistema de seguridad social\u201d.<\/h3>\n<h3><\/h3>\n<p>&nbsp;<\/p>\n<p>&nbsp;<\/p>\n<p>&nbsp;<\/p>\n<p>&nbsp;<\/p>\n","protected":false},"excerpt":{"rendered":"<p>Luego de distintas reuniones de bloques de los sectores dialoguistas, LLA ya cuenta con las&#8230;<\/p>\n","protected":false},"author":1,"featured_media":10959,"comment_status":"closed","ping_status":"closed","sticky":false,"template":"","format":"standard","meta":{"footnotes":""},"categories":[5],"tags":[],"class_list":["post-10958","post","type-post","status-publish","format-standard","has-post-thumbnail","hentry","category-nacionales-internacionales"],"yoast_head":"<!-- This site is optimized with the Yoast SEO plugin v26.1.1 - https:\/\/yoast.com\/wordpress\/plugins\/seo\/ -->\n<title>EL OFICIALISMO YA TIENE EL QU\u00d3RUM PARA DAR INICIO A LA SESI\u00d3N DE MA\u00d1ANA POR LA LEY \u00d3MNIBUS - Apuntes de San Luis<\/title>\n<meta name=\"robots\" content=\"index, follow, max-snippet:-1, max-image-preview:large, max-video-preview:-1\" \/>\n<link rel=\"canonical\" href=\"https:\/\/apuntesdesanluis.com\/index.php\/2024\/01\/30\/el-oficialismo-ya-tiene-el-quorum-para-dar-inicio-a-la-sesion-de-manana-por-la-ley-omnibus\/\" \/>\n<meta property=\"og:locale\" content=\"es_ES\" \/>\n<meta property=\"og:type\" content=\"article\" \/>\n<meta property=\"og:title\" content=\"EL OFICIALISMO YA TIENE EL QU\u00d3RUM PARA DAR INICIO A LA SESI\u00d3N DE MA\u00d1ANA POR LA LEY \u00d3MNIBUS - Apuntes de San Luis\" \/>\n<meta property=\"og:description\" content=\"Luego de distintas reuniones de bloques de los sectores dialoguistas, LLA ya cuenta con las...\" \/>\n<meta property=\"og:url\" content=\"https:\/\/apuntesdesanluis.com\/index.php\/2024\/01\/30\/el-oficialismo-ya-tiene-el-quorum-para-dar-inicio-a-la-sesion-de-manana-por-la-ley-omnibus\/\" \/>\n<meta property=\"og:site_name\" content=\"Apuntes de San Luis\" \/>\n<meta property=\"article:published_time\" content=\"2024-01-30T23:42:01+00:00\" \/>\n<meta property=\"article:modified_time\" content=\"2024-01-30T23:51:08+00:00\" \/>\n<meta property=\"og:image\" content=\"https:\/\/apuntesdesanluis.com\/wp-content\/uploads\/2024\/01\/diputados-menem.png\" \/>\n\t<meta property=\"og:image:width\" content=\"678\" \/>\n\t<meta property=\"og:image:height\" content=\"421\" \/>\n\t<meta property=\"og:image:type\" content=\"image\/png\" \/>\n<meta name=\"author\" content=\"apuntesdesanluis.com\" \/>\n<meta name=\"twitter:card\" content=\"summary_large_image\" \/>\n<meta name=\"twitter:label1\" content=\"Escrito por\" \/>\n\t<meta name=\"twitter:data1\" content=\"apuntesdesanluis.com\" \/>\n\t<meta name=\"twitter:label2\" content=\"Tiempo de lectura\" \/>\n\t<meta name=\"twitter:data2\" content=\"5 minutos\" \/>\n<script type=\"application\/ld+json\" class=\"yoast-schema-graph\">{\"@context\":\"https:\/\/schema.org\",\"@graph\":[{\"@type\":\"Article\",\"@id\":\"https:\/\/apuntesdesanluis.com\/index.php\/2024\/01\/30\/el-oficialismo-ya-tiene-el-quorum-para-dar-inicio-a-la-sesion-de-manana-por-la-ley-omnibus\/#article\",\"isPartOf\":{\"@id\":\"https:\/\/apuntesdesanluis.com\/index.php\/2024\/01\/30\/el-oficialismo-ya-tiene-el-quorum-para-dar-inicio-a-la-sesion-de-manana-por-la-ley-omnibus\/\"},\"author\":{\"name\":\"apuntesdesanluis.com\",\"@id\":\"https:\/\/apuntesdesanluis.com\/#\/schema\/person\/b55151d52296fcce64d1a72538a70b90\"},\"headline\":\"EL OFICIALISMO YA TIENE EL QU\u00d3RUM PARA DAR INICIO A LA SESI\u00d3N DE MA\u00d1ANA POR LA LEY \u00d3MNIBUS\",\"datePublished\":\"2024-01-30T23:42:01+00:00\",\"dateModified\":\"2024-01-30T23:51:08+00:00\",\"mainEntityOfPage\":{\"@id\":\"https:\/\/apuntesdesanluis.com\/index.php\/2024\/01\/30\/el-oficialismo-ya-tiene-el-quorum-para-dar-inicio-a-la-sesion-de-manana-por-la-ley-omnibus\/\"},\"wordCount\":1159,\"publisher\":{\"@id\":\"https:\/\/apuntesdesanluis.com\/#\/schema\/person\/b55151d52296fcce64d1a72538a70b90\"},\"image\":{\"@id\":\"https:\/\/apuntesdesanluis.com\/index.php\/2024\/01\/30\/el-oficialismo-ya-tiene-el-quorum-para-dar-inicio-a-la-sesion-de-manana-por-la-ley-omnibus\/#primaryimage\"},\"thumbnailUrl\":\"https:\/\/apuntesdesanluis.com\/wp-content\/uploads\/2024\/01\/diputados-menem.png\",\"articleSection\":[\"Nacionales\/Internacionales\"],\"inLanguage\":\"es-AR\"},{\"@type\":\"WebPage\",\"@id\":\"https:\/\/apuntesdesanluis.com\/index.php\/2024\/01\/30\/el-oficialismo-ya-tiene-el-quorum-para-dar-inicio-a-la-sesion-de-manana-por-la-ley-omnibus\/\",\"url\":\"https:\/\/apuntesdesanluis.com\/index.php\/2024\/01\/30\/el-oficialismo-ya-tiene-el-quorum-para-dar-inicio-a-la-sesion-de-manana-por-la-ley-omnibus\/\",\"name\":\"EL OFICIALISMO YA TIENE EL QU\u00d3RUM PARA DAR INICIO A LA SESI\u00d3N DE MA\u00d1ANA POR LA LEY \u00d3MNIBUS - Apuntes de San Luis\",\"isPartOf\":{\"@id\":\"https:\/\/apuntesdesanluis.com\/#website\"},\"primaryImageOfPage\":{\"@id\":\"https:\/\/apuntesdesanluis.com\/index.php\/2024\/01\/30\/el-oficialismo-ya-tiene-el-quorum-para-dar-inicio-a-la-sesion-de-manana-por-la-ley-omnibus\/#primaryimage\"},\"image\":{\"@id\":\"https:\/\/apuntesdesanluis.com\/index.php\/2024\/01\/30\/el-oficialismo-ya-tiene-el-quorum-para-dar-inicio-a-la-sesion-de-manana-por-la-ley-omnibus\/#primaryimage\"},\"thumbnailUrl\":\"https:\/\/apuntesdesanluis.com\/wp-content\/uploads\/2024\/01\/diputados-menem.png\",\"datePublished\":\"2024-01-30T23:42:01+00:00\",\"dateModified\":\"2024-01-30T23:51:08+00:00\",\"breadcrumb\":{\"@id\":\"https:\/\/apuntesdesanluis.com\/index.php\/2024\/01\/30\/el-oficialismo-ya-tiene-el-quorum-para-dar-inicio-a-la-sesion-de-manana-por-la-ley-omnibus\/#breadcrumb\"},\"inLanguage\":\"es-AR\",\"potentialAction\":[{\"@type\":\"ReadAction\",\"target\":[\"https:\/\/apuntesdesanluis.com\/index.php\/2024\/01\/30\/el-oficialismo-ya-tiene-el-quorum-para-dar-inicio-a-la-sesion-de-manana-por-la-ley-omnibus\/\"]}]},{\"@type\":\"ImageObject\",\"inLanguage\":\"es-AR\",\"@id\":\"https:\/\/apuntesdesanluis.com\/index.php\/2024\/01\/30\/el-oficialismo-ya-tiene-el-quorum-para-dar-inicio-a-la-sesion-de-manana-por-la-ley-omnibus\/#primaryimage\",\"url\":\"https:\/\/apuntesdesanluis.com\/wp-content\/uploads\/2024\/01\/diputados-menem.png\",\"contentUrl\":\"https:\/\/apuntesdesanluis.com\/wp-content\/uploads\/2024\/01\/diputados-menem.png\",\"width\":678,\"height\":421},{\"@type\":\"BreadcrumbList\",\"@id\":\"https:\/\/apuntesdesanluis.com\/index.php\/2024\/01\/30\/el-oficialismo-ya-tiene-el-quorum-para-dar-inicio-a-la-sesion-de-manana-por-la-ley-omnibus\/#breadcrumb\",\"itemListElement\":[{\"@type\":\"ListItem\",\"position\":1,\"name\":\"Inicio\",\"item\":\"https:\/\/apuntesdesanluis.com\/\"},{\"@type\":\"ListItem\",\"position\":2,\"name\":\"EL OFICIALISMO YA TIENE EL QU\u00d3RUM PARA DAR INICIO A LA SESI\u00d3N DE MA\u00d1ANA POR LA LEY \u00d3MNIBUS\"}]},{\"@type\":\"WebSite\",\"@id\":\"https:\/\/apuntesdesanluis.com\/#website\",\"url\":\"https:\/\/apuntesdesanluis.com\/\",\"name\":\"Apuntes de San Luis\",\"description\":\"\",\"publisher\":{\"@id\":\"https:\/\/apuntesdesanluis.com\/#\/schema\/person\/b55151d52296fcce64d1a72538a70b90\"},\"potentialAction\":[{\"@type\":\"SearchAction\",\"target\":{\"@type\":\"EntryPoint\",\"urlTemplate\":\"https:\/\/apuntesdesanluis.com\/?s={search_term_string}\"},\"query-input\":{\"@type\":\"PropertyValueSpecification\",\"valueRequired\":true,\"valueName\":\"search_term_string\"}}],\"inLanguage\":\"es-AR\"},{\"@type\":[\"Person\",\"Organization\"],\"@id\":\"https:\/\/apuntesdesanluis.com\/#\/schema\/person\/b55151d52296fcce64d1a72538a70b90\",\"name\":\"apuntesdesanluis.com\",\"image\":{\"@type\":\"ImageObject\",\"inLanguage\":\"es-AR\",\"@id\":\"https:\/\/apuntesdesanluis.com\/#\/schema\/person\/image\/\",\"url\":\"https:\/\/apuntesdesanluis.com\/wp-content\/uploads\/2023\/07\/cropped-apuntesdesanluis.png\",\"contentUrl\":\"https:\/\/apuntesdesanluis.com\/wp-content\/uploads\/2023\/07\/cropped-apuntesdesanluis.png\",\"width\":450,\"height\":112,\"caption\":\"apuntesdesanluis.com\"},\"logo\":{\"@id\":\"https:\/\/apuntesdesanluis.com\/#\/schema\/person\/image\/\"},\"sameAs\":[\"https:\/\/apuntesdesanluis.com\"],\"url\":\"https:\/\/apuntesdesanluis.com\/index.php\/author\/apuntesdesanluis-com\/\"}]}<\/script>\n<!-- \/ Yoast SEO plugin. -->","yoast_head_json":{"title":"EL OFICIALISMO YA TIENE EL QU\u00d3RUM PARA DAR INICIO A LA SESI\u00d3N DE MA\u00d1ANA POR LA LEY \u00d3MNIBUS - Apuntes de San Luis","robots":{"index":"index","follow":"follow","max-snippet":"max-snippet:-1","max-image-preview":"max-image-preview:large","max-video-preview":"max-video-preview:-1"},"canonical":"https:\/\/apuntesdesanluis.com\/index.php\/2024\/01\/30\/el-oficialismo-ya-tiene-el-quorum-para-dar-inicio-a-la-sesion-de-manana-por-la-ley-omnibus\/","og_locale":"es_ES","og_type":"article","og_title":"EL OFICIALISMO YA TIENE EL QU\u00d3RUM PARA DAR INICIO A LA SESI\u00d3N DE MA\u00d1ANA POR LA LEY \u00d3MNIBUS - Apuntes de San Luis","og_description":"Luego de distintas reuniones de bloques de los sectores dialoguistas, LLA ya cuenta con las...","og_url":"https:\/\/apuntesdesanluis.com\/index.php\/2024\/01\/30\/el-oficialismo-ya-tiene-el-quorum-para-dar-inicio-a-la-sesion-de-manana-por-la-ley-omnibus\/","og_site_name":"Apuntes de San Luis","article_published_time":"2024-01-30T23:42:01+00:00","article_modified_time":"2024-01-30T23:51:08+00:00","og_image":[{"width":678,"height":421,"url":"https:\/\/apuntesdesanluis.com\/wp-content\/uploads\/2024\/01\/diputados-menem.png","type":"image\/png"}],"author":"apuntesdesanluis.com","twitter_card":"summary_large_image","twitter_misc":{"Escrito por":"apuntesdesanluis.com","Tiempo de lectura":"5 minutos"},"schema":{"@context":"https:\/\/schema.org","@graph":[{"@type":"Article","@id":"https:\/\/apuntesdesanluis.com\/index.php\/2024\/01\/30\/el-oficialismo-ya-tiene-el-quorum-para-dar-inicio-a-la-sesion-de-manana-por-la-ley-omnibus\/#article","isPartOf":{"@id":"https:\/\/apuntesdesanluis.com\/index.php\/2024\/01\/30\/el-oficialismo-ya-tiene-el-quorum-para-dar-inicio-a-la-sesion-de-manana-por-la-ley-omnibus\/"},"author":{"name":"apuntesdesanluis.com","@id":"https:\/\/apuntesdesanluis.com\/#\/schema\/person\/b55151d52296fcce64d1a72538a70b90"},"headline":"EL OFICIALISMO YA TIENE EL QU\u00d3RUM PARA DAR INICIO A LA SESI\u00d3N DE MA\u00d1ANA POR LA LEY \u00d3MNIBUS","datePublished":"2024-01-30T23:42:01+00:00","dateModified":"2024-01-30T23:51:08+00:00","mainEntityOfPage":{"@id":"https:\/\/apuntesdesanluis.com\/index.php\/2024\/01\/30\/el-oficialismo-ya-tiene-el-quorum-para-dar-inicio-a-la-sesion-de-manana-por-la-ley-omnibus\/"},"wordCount":1159,"publisher":{"@id":"https:\/\/apuntesdesanluis.com\/#\/schema\/person\/b55151d52296fcce64d1a72538a70b90"},"image":{"@id":"https:\/\/apuntesdesanluis.com\/index.php\/2024\/01\/30\/el-oficialismo-ya-tiene-el-quorum-para-dar-inicio-a-la-sesion-de-manana-por-la-ley-omnibus\/#primaryimage"},"thumbnailUrl":"https:\/\/apuntesdesanluis.com\/wp-content\/uploads\/2024\/01\/diputados-menem.png","articleSection":["Nacionales\/Internacionales"],"inLanguage":"es-AR"},{"@type":"WebPage","@id":"https:\/\/apuntesdesanluis.com\/index.php\/2024\/01\/30\/el-oficialismo-ya-tiene-el-quorum-para-dar-inicio-a-la-sesion-de-manana-por-la-ley-omnibus\/","url":"https:\/\/apuntesdesanluis.com\/index.php\/2024\/01\/30\/el-oficialismo-ya-tiene-el-quorum-para-dar-inicio-a-la-sesion-de-manana-por-la-ley-omnibus\/","name":"EL OFICIALISMO YA TIENE EL QU\u00d3RUM PARA DAR INICIO A LA SESI\u00d3N DE MA\u00d1ANA POR LA LEY \u00d3MNIBUS - Apuntes de San Luis","isPartOf":{"@id":"https:\/\/apuntesdesanluis.com\/#website"},"primaryImageOfPage":{"@id":"https:\/\/apuntesdesanluis.com\/index.php\/2024\/01\/30\/el-oficialismo-ya-tiene-el-quorum-para-dar-inicio-a-la-sesion-de-manana-por-la-ley-omnibus\/#primaryimage"},"image":{"@id":"https:\/\/apuntesdesanluis.com\/index.php\/2024\/01\/30\/el-oficialismo-ya-tiene-el-quorum-para-dar-inicio-a-la-sesion-de-manana-por-la-ley-omnibus\/#primaryimage"},"thumbnailUrl":"https:\/\/apuntesdesanluis.com\/wp-content\/uploads\/2024\/01\/diputados-menem.png","datePublished":"2024-01-30T23:42:01+00:00","dateModified":"2024-01-30T23:51:08+00:00","breadcrumb":{"@id":"https:\/\/apuntesdesanluis.com\/index.php\/2024\/01\/30\/el-oficialismo-ya-tiene-el-quorum-para-dar-inicio-a-la-sesion-de-manana-por-la-ley-omnibus\/#breadcrumb"},"inLanguage":"es-AR","potentialAction":[{"@type":"ReadAction","target":["https:\/\/apuntesdesanluis.com\/index.php\/2024\/01\/30\/el-oficialismo-ya-tiene-el-quorum-para-dar-inicio-a-la-sesion-de-manana-por-la-ley-omnibus\/"]}]},{"@type":"ImageObject","inLanguage":"es-AR","@id":"https:\/\/apuntesdesanluis.com\/index.php\/2024\/01\/30\/el-oficialismo-ya-tiene-el-quorum-para-dar-inicio-a-la-sesion-de-manana-por-la-ley-omnibus\/#primaryimage","url":"https:\/\/apuntesdesanluis.com\/wp-content\/uploads\/2024\/01\/diputados-menem.png","contentUrl":"https:\/\/apuntesdesanluis.com\/wp-content\/uploads\/2024\/01\/diputados-menem.png","width":678,"height":421},{"@type":"BreadcrumbList","@id":"https:\/\/apuntesdesanluis.com\/index.php\/2024\/01\/30\/el-oficialismo-ya-tiene-el-quorum-para-dar-inicio-a-la-sesion-de-manana-por-la-ley-omnibus\/#breadcrumb","itemListElement":[{"@type":"ListItem","position":1,"name":"Inicio","item":"https:\/\/apuntesdesanluis.com\/"},{"@type":"ListItem","position":2,"name":"EL OFICIALISMO YA TIENE EL QU\u00d3RUM PARA DAR INICIO A LA SESI\u00d3N DE MA\u00d1ANA POR LA LEY \u00d3MNIBUS"}]},{"@type":"WebSite","@id":"https:\/\/apuntesdesanluis.com\/#website","url":"https:\/\/apuntesdesanluis.com\/","name":"Apuntes de San Luis","description":"","publisher":{"@id":"https:\/\/apuntesdesanluis.com\/#\/schema\/person\/b55151d52296fcce64d1a72538a70b90"},"potentialAction":[{"@type":"SearchAction","target":{"@type":"EntryPoint","urlTemplate":"https:\/\/apuntesdesanluis.com\/?s={search_term_string}"},"query-input":{"@type":"PropertyValueSpecification","valueRequired":true,"valueName":"search_term_string"}}],"inLanguage":"es-AR"},{"@type":["Person","Organization"],"@id":"https:\/\/apuntesdesanluis.com\/#\/schema\/person\/b55151d52296fcce64d1a72538a70b90","name":"apuntesdesanluis.com","image":{"@type":"ImageObject","inLanguage":"es-AR","@id":"https:\/\/apuntesdesanluis.com\/#\/schema\/person\/image\/","url":"https:\/\/apuntesdesanluis.com\/wp-content\/uploads\/2023\/07\/cropped-apuntesdesanluis.png","contentUrl":"https:\/\/apuntesdesanluis.com\/wp-content\/uploads\/2023\/07\/cropped-apuntesdesanluis.png","width":450,"height":112,"caption":"apuntesdesanluis.com"},"logo":{"@id":"https:\/\/apuntesdesanluis.com\/#\/schema\/person\/image\/"},"sameAs":["https:\/\/apuntesdesanluis.com"],"url":"https:\/\/apuntesdesanluis.com\/index.php\/author\/apuntesdesanluis-com\/"}]}},"featured_image_urls":{"full":["https:\/\/apuntesdesanluis.com\/wp-content\/uploads\/2024\/01\/diputados-menem.png",678,421,false],"thumbnail":["https:\/\/apuntesdesanluis.com\/wp-content\/uploads\/2024\/01\/diputados-menem-150x150.png",150,150,true],"medium":["https:\/\/apuntesdesanluis.com\/wp-content\/uploads\/2024\/01\/diputados-menem-300x186.png",300,186,true],"medium_large":["https:\/\/apuntesdesanluis.com\/wp-content\/uploads\/2024\/01\/diputados-menem.png",640,397,false],"large":["https:\/\/apuntesdesanluis.com\/wp-content\/uploads\/2024\/01\/diputados-menem.png",640,397,false],"1536x1536":["https:\/\/apuntesdesanluis.com\/wp-content\/uploads\/2024\/01\/diputados-menem.png",678,421,false],"2048x2048":["https:\/\/apuntesdesanluis.com\/wp-content\/uploads\/2024\/01\/diputados-menem.png",678,421,false],"newsever-slider-full":["https:\/\/apuntesdesanluis.com\/wp-content\/uploads\/2024\/01\/diputados-menem.png",678,421,false],"newsever-featured":["https:\/\/apuntesdesanluis.com\/wp-content\/uploads\/2024\/01\/diputados-menem.png",678,421,false],"newsever-medium":["https:\/\/apuntesdesanluis.com\/wp-content\/uploads\/2024\/01\/diputados-menem.png",678,421,false]},"author_info":{"display_name":"apuntesdesanluis.com","author_link":"https:\/\/apuntesdesanluis.com\/index.php\/author\/apuntesdesanluis-com\/"},"category_info":"<a href=\"https:\/\/apuntesdesanluis.com\/index.php\/category\/nacionales-internacionales\/\" rel=\"category tag\">Nacionales\/Internacionales<\/a>","tag_info":"Nacionales\/Internacionales","comment_count":"0","_links":{"self":[{"href":"https:\/\/apuntesdesanluis.com\/index.php\/wp-json\/wp\/v2\/posts\/10958","targetHints":{"allow":["GET"]}}],"collection":[{"href":"https:\/\/apuntesdesanluis.com\/index.php\/wp-json\/wp\/v2\/posts"}],"about":[{"href":"https:\/\/apuntesdesanluis.com\/index.php\/wp-json\/wp\/v2\/types\/post"}],"author":[{"embeddable":true,"href":"https:\/\/apuntesdesanluis.com\/index.php\/wp-json\/wp\/v2\/users\/1"}],"replies":[{"embeddable":true,"href":"https:\/\/apuntesdesanluis.com\/index.php\/wp-json\/wp\/v2\/comments?post=10958"}],"version-history":[{"count":3,"href":"https:\/\/apuntesdesanluis.com\/index.php\/wp-json\/wp\/v2\/posts\/10958\/revisions"}],"predecessor-version":[{"id":10962,"href":"https:\/\/apuntesdesanluis.com\/index.php\/wp-json\/wp\/v2\/posts\/10958\/revisions\/10962"}],"wp:featuredmedia":[{"embeddable":true,"href":"https:\/\/apuntesdesanluis.com\/index.php\/wp-json\/wp\/v2\/media\/10959"}],"wp:attachment":[{"href":"https:\/\/apuntesdesanluis.com\/index.php\/wp-json\/wp\/v2\/media?parent=10958"}],"wp:term":[{"taxonomy":"category","embeddable":true,"href":"https:\/\/apuntesdesanluis.com\/index.php\/wp-json\/wp\/v2\/categories?post=10958"},{"taxonomy":"post_tag","embeddable":true,"href":"https:\/\/apuntesdesanluis.com\/index.php\/wp-json\/wp\/v2\/tags?post=10958"}],"curies":[{"name":"wp","href":"https:\/\/api.w.org\/{rel}","templated":true}]}}