{"id":10963,"date":"2024-01-30T20:57:55","date_gmt":"2024-01-30T23:57:55","guid":{"rendered":"https:\/\/apuntesdesanluis.com\/?p=10963"},"modified":"2024-01-30T20:57:55","modified_gmt":"2024-01-30T23:57:55","slug":"solucionaron-un-importante-corte-de-luz-que-afecto-a-san-luis","status":"publish","type":"post","link":"https:\/\/apuntesdesanluis.com\/index.php\/2024\/01\/30\/solucionaron-un-importante-corte-de-luz-que-afecto-a-san-luis\/","title":{"rendered":"SOLUCIONARON UN IMPORTANTE CORTE DE LUZ QUE AFECT\u00d3 A SAN LUIS"},"content":{"rendered":"<h3>El inconveniente, que alcanz\u00f3 tambi\u00e9n a la provincia de Mendoza, sucedi\u00f3 aproximadamente a las 13:30, cuando se interrumpi\u00f3 el abastecimiento que llega desde R\u00edo Cuarto y Villa Dolores. Con el problema neutralizado, la <strong>Comisi\u00f3n Reguladora Provincial de Energ\u00eda<\/strong> El\u00e9ctrica mantiene una l\u00ednea de seguimiento sobre el incidente.<\/h3>\n<h3>Por algunos minutos, durante la jornada de este martes, San Luis sufri\u00f3 un corte del servicio de electricidad, y luego de varios intentos logr\u00f3 restablecerse y normalizarse.<\/h3>\n<h3>La empresa el\u00e9ctrica se\u00f1al\u00f3 que se trat\u00f3 de un corte abrupto de energ\u00eda del sistema interconectado nacional, lo que produjo la salida de servicio de 1.500 megawatts. Por eso qued\u00f3 fuera de servicio el suministro proveniente desde los v\u00ednculos de conexi\u00f3n de R\u00edo Cuarto y de Villa Dolores, los cuales abastecen a San Luis.<\/h3>\n<h3>Tambi\u00e9n se\u00f1alaron que, junto con autoridades de la Comisi\u00f3n Reguladora Provincial de Energ\u00eda El\u00e9ctrica (CRPEE), realizan las gestiones a nivel nacional con la Compa\u00f1\u00eda Administradora Mayorista del Mercado El\u00e9ctrico (Cammesa) para conocer el alcance de la situaci\u00f3n y determinar las acciones a seguir.<\/h3>\n<h3>Desde la CRPEE indicaron que recibieron los informes de Edesal y que al finalizar la jornada probablemente tengan precisiones sobre los motivos del corte que desestabiliz\u00f3 a toda la zona de Cuyo.<\/h3>\n<h3><strong>USO RACIONAL DE LA ENERG\u00cdA<\/strong><\/h3>\n<h3>Cada verano, el uso racional de aires acondicionados est\u00e1 entre las m\u00e1ximas recomendaciones para contribuir con el servicio de electricidad, dado que generan una mayor demanda de energ\u00eda, lo que en ocasiones alcanza niveles cr\u00edticos.\u00a0 Sobre buenas pr\u00e1cticas de climatizaci\u00f3n en el hogar, el Ente Nacional Regulador de la Electricidad aconseja fijar la temperatura del aire acondicionado en 24\u00b0C, cerrar puertas y ventanas para evitar el ingreso de aire exterior, optimizar el funcionamiento del aparato con la limpieza de filtros cada seis meses y apagarlo cuando se abandona el ambiente.<\/h3>\n<h3>Incluso hacen \u00e9nfasis en recordar que el ventilador consume menos electricidad y en algunos ambientes combate mejor el calor. Los ejemplares de techo pueden producir una sensaci\u00f3n de descenso de la temperatura de entre 3 y 5\u00b0 C. Otra ventaja es que pr\u00e1cticamente no necesitan mantenimiento.<\/h3>\n","protected":false},"excerpt":{"rendered":"<p>El inconveniente, que alcanz\u00f3 tambi\u00e9n a la provincia de Mendoza, sucedi\u00f3 aproximadamente a las 13:30,&#8230;<\/p>\n","protected":false},"author":1,"featured_media":10964,"comment_status":"closed","ping_status":"closed","sticky":false,"template":"","format":"standard","meta":{"footnotes":""},"categories":[6],"tags":[],"class_list":["post-10963","post","type-post","status-publish","format-standard","has-post-thumbnail","hentry","category-ciudad-provincia"],"yoast_head":"<!-- This site is optimized with the Yoast SEO plugin v26.1.1 - https:\/\/yoast.com\/wordpress\/plugins\/seo\/ -->\n<title>SOLUCIONARON UN IMPORTANTE CORTE DE LUZ QUE AFECT\u00d3 A SAN LUIS - Apuntes de San Luis<\/title>\n<meta name=\"robots\" content=\"index, follow, max-snippet:-1, max-image-preview:large, max-video-preview:-1\" \/>\n<link rel=\"canonical\" href=\"https:\/\/apuntesdesanluis.com\/index.php\/2024\/01\/30\/solucionaron-un-importante-corte-de-luz-que-afecto-a-san-luis\/\" \/>\n<meta property=\"og:locale\" content=\"es_ES\" \/>\n<meta property=\"og:type\" content=\"article\" \/>\n<meta property=\"og:title\" content=\"SOLUCIONARON UN IMPORTANTE CORTE DE LUZ QUE AFECT\u00d3 A SAN LUIS - Apuntes de San Luis\" \/>\n<meta property=\"og:description\" content=\"El inconveniente, que alcanz\u00f3 tambi\u00e9n a la provincia de Mendoza, sucedi\u00f3 aproximadamente a las 13:30,...\" \/>\n<meta property=\"og:url\" content=\"https:\/\/apuntesdesanluis.com\/index.php\/2024\/01\/30\/solucionaron-un-importante-corte-de-luz-que-afecto-a-san-luis\/\" \/>\n<meta property=\"og:site_name\" content=\"Apuntes de San Luis\" \/>\n<meta property=\"article:published_time\" content=\"2024-01-30T23:57:55+00:00\" \/>\n<meta property=\"og:image\" content=\"https:\/\/apuntesdesanluis.com\/wp-content\/uploads\/2024\/01\/energia.png\" \/>\n\t<meta property=\"og:image:width\" content=\"600\" \/>\n\t<meta property=\"og:image:height\" content=\"339\" \/>\n\t<meta property=\"og:image:type\" content=\"image\/png\" \/>\n<meta name=\"author\" content=\"apuntesdesanluis.com\" \/>\n<meta name=\"twitter:card\" content=\"summary_large_image\" \/>\n<meta name=\"twitter:label1\" content=\"Escrito por\" \/>\n\t<meta name=\"twitter:data1\" content=\"apuntesdesanluis.com\" \/>\n\t<meta name=\"twitter:label2\" content=\"Tiempo de lectura\" \/>\n\t<meta name=\"twitter:data2\" content=\"2 minutos\" \/>\n<script type=\"application\/ld+json\" class=\"yoast-schema-graph\">{\"@context\":\"https:\/\/schema.org\",\"@graph\":[{\"@type\":\"Article\",\"@id\":\"https:\/\/apuntesdesanluis.com\/index.php\/2024\/01\/30\/solucionaron-un-importante-corte-de-luz-que-afecto-a-san-luis\/#article\",\"isPartOf\":{\"@id\":\"https:\/\/apuntesdesanluis.com\/index.php\/2024\/01\/30\/solucionaron-un-importante-corte-de-luz-que-afecto-a-san-luis\/\"},\"author\":{\"name\":\"apuntesdesanluis.com\",\"@id\":\"https:\/\/apuntesdesanluis.com\/#\/schema\/person\/b55151d52296fcce64d1a72538a70b90\"},\"headline\":\"SOLUCIONARON UN IMPORTANTE CORTE DE LUZ QUE AFECT\u00d3 A SAN LUIS\",\"datePublished\":\"2024-01-30T23:57:55+00:00\",\"mainEntityOfPage\":{\"@id\":\"https:\/\/apuntesdesanluis.com\/index.php\/2024\/01\/30\/solucionaron-un-importante-corte-de-luz-que-afecto-a-san-luis\/\"},\"wordCount\":379,\"publisher\":{\"@id\":\"https:\/\/apuntesdesanluis.com\/#\/schema\/person\/b55151d52296fcce64d1a72538a70b90\"},\"image\":{\"@id\":\"https:\/\/apuntesdesanluis.com\/index.php\/2024\/01\/30\/solucionaron-un-importante-corte-de-luz-que-afecto-a-san-luis\/#primaryimage\"},\"thumbnailUrl\":\"https:\/\/apuntesdesanluis.com\/wp-content\/uploads\/2024\/01\/energia.png\",\"articleSection\":[\"Ciudad\/Provincia\"],\"inLanguage\":\"es-AR\"},{\"@type\":\"WebPage\",\"@id\":\"https:\/\/apuntesdesanluis.com\/index.php\/2024\/01\/30\/solucionaron-un-importante-corte-de-luz-que-afecto-a-san-luis\/\",\"url\":\"https:\/\/apuntesdesanluis.com\/index.php\/2024\/01\/30\/solucionaron-un-importante-corte-de-luz-que-afecto-a-san-luis\/\",\"name\":\"SOLUCIONARON UN IMPORTANTE CORTE DE LUZ QUE AFECT\u00d3 A SAN LUIS - Apuntes de San Luis\",\"isPartOf\":{\"@id\":\"https:\/\/apuntesdesanluis.com\/#website\"},\"primaryImageOfPage\":{\"@id\":\"https:\/\/apuntesdesanluis.com\/index.php\/2024\/01\/30\/solucionaron-un-importante-corte-de-luz-que-afecto-a-san-luis\/#primaryimage\"},\"image\":{\"@id\":\"https:\/\/apuntesdesanluis.com\/index.php\/2024\/01\/30\/solucionaron-un-importante-corte-de-luz-que-afecto-a-san-luis\/#primaryimage\"},\"thumbnailUrl\":\"https:\/\/apuntesdesanluis.com\/wp-content\/uploads\/2024\/01\/energia.png\",\"datePublished\":\"2024-01-30T23:57:55+00:00\",\"breadcrumb\":{\"@id\":\"https:\/\/apuntesdesanluis.com\/index.php\/2024\/01\/30\/solucionaron-un-importante-corte-de-luz-que-afecto-a-san-luis\/#breadcrumb\"},\"inLanguage\":\"es-AR\",\"potentialAction\":[{\"@type\":\"ReadAction\",\"target\":[\"https:\/\/apuntesdesanluis.com\/index.php\/2024\/01\/30\/solucionaron-un-importante-corte-de-luz-que-afecto-a-san-luis\/\"]}]},{\"@type\":\"ImageObject\",\"inLanguage\":\"es-AR\",\"@id\":\"https:\/\/apuntesdesanluis.com\/index.php\/2024\/01\/30\/solucionaron-un-importante-corte-de-luz-que-afecto-a-san-luis\/#primaryimage\",\"url\":\"https:\/\/apuntesdesanluis.com\/wp-content\/uploads\/2024\/01\/energia.png\",\"contentUrl\":\"https:\/\/apuntesdesanluis.com\/wp-content\/uploads\/2024\/01\/energia.png\",\"width\":600,\"height\":339},{\"@type\":\"BreadcrumbList\",\"@id\":\"https:\/\/apuntesdesanluis.com\/index.php\/2024\/01\/30\/solucionaron-un-importante-corte-de-luz-que-afecto-a-san-luis\/#breadcrumb\",\"itemListElement\":[{\"@type\":\"ListItem\",\"position\":1,\"name\":\"Inicio\",\"item\":\"https:\/\/apuntesdesanluis.com\/\"},{\"@type\":\"ListItem\",\"position\":2,\"name\":\"SOLUCIONARON UN IMPORTANTE CORTE DE LUZ QUE AFECT\u00d3 A SAN LUIS\"}]},{\"@type\":\"WebSite\",\"@id\":\"https:\/\/apuntesdesanluis.com\/#website\",\"url\":\"https:\/\/apuntesdesanluis.com\/\",\"name\":\"Apuntes de San Luis\",\"description\":\"\",\"publisher\":{\"@id\":\"https:\/\/apuntesdesanluis.com\/#\/schema\/person\/b55151d52296fcce64d1a72538a70b90\"},\"potentialAction\":[{\"@type\":\"SearchAction\",\"target\":{\"@type\":\"EntryPoint\",\"urlTemplate\":\"https:\/\/apuntesdesanluis.com\/?s={search_term_string}\"},\"query-input\":{\"@type\":\"PropertyValueSpecification\",\"valueRequired\":true,\"valueName\":\"search_term_string\"}}],\"inLanguage\":\"es-AR\"},{\"@type\":[\"Person\",\"Organization\"],\"@id\":\"https:\/\/apuntesdesanluis.com\/#\/schema\/person\/b55151d52296fcce64d1a72538a70b90\",\"name\":\"apuntesdesanluis.com\",\"image\":{\"@type\":\"ImageObject\",\"inLanguage\":\"es-AR\",\"@id\":\"https:\/\/apuntesdesanluis.com\/#\/schema\/person\/image\/\",\"url\":\"https:\/\/apuntesdesanluis.com\/wp-content\/uploads\/2023\/07\/cropped-apuntesdesanluis.png\",\"contentUrl\":\"https:\/\/apuntesdesanluis.com\/wp-content\/uploads\/2023\/07\/cropped-apuntesdesanluis.png\",\"width\":450,\"height\":112,\"caption\":\"apuntesdesanluis.com\"},\"logo\":{\"@id\":\"https:\/\/apuntesdesanluis.com\/#\/schema\/person\/image\/\"},\"sameAs\":[\"https:\/\/apuntesdesanluis.com\"],\"url\":\"https:\/\/apuntesdesanluis.com\/index.php\/author\/apuntesdesanluis-com\/\"}]}<\/script>\n<!-- \/ Yoast SEO plugin. -->","yoast_head_json":{"title":"SOLUCIONARON UN IMPORTANTE CORTE DE LUZ QUE AFECT\u00d3 A SAN LUIS - Apuntes de San Luis","robots":{"index":"index","follow":"follow","max-snippet":"max-snippet:-1","max-image-preview":"max-image-preview:large","max-video-preview":"max-video-preview:-1"},"canonical":"https:\/\/apuntesdesanluis.com\/index.php\/2024\/01\/30\/solucionaron-un-importante-corte-de-luz-que-afecto-a-san-luis\/","og_locale":"es_ES","og_type":"article","og_title":"SOLUCIONARON UN IMPORTANTE CORTE DE LUZ QUE AFECT\u00d3 A SAN LUIS - Apuntes de San Luis","og_description":"El inconveniente, que alcanz\u00f3 tambi\u00e9n a la provincia de Mendoza, sucedi\u00f3 aproximadamente a las 13:30,...","og_url":"https:\/\/apuntesdesanluis.com\/index.php\/2024\/01\/30\/solucionaron-un-importante-corte-de-luz-que-afecto-a-san-luis\/","og_site_name":"Apuntes de San Luis","article_published_time":"2024-01-30T23:57:55+00:00","og_image":[{"width":600,"height":339,"url":"https:\/\/apuntesdesanluis.com\/wp-content\/uploads\/2024\/01\/energia.png","type":"image\/png"}],"author":"apuntesdesanluis.com","twitter_card":"summary_large_image","twitter_misc":{"Escrito por":"apuntesdesanluis.com","Tiempo de lectura":"2 minutos"},"schema":{"@context":"https:\/\/schema.org","@graph":[{"@type":"Article","@id":"https:\/\/apuntesdesanluis.com\/index.php\/2024\/01\/30\/solucionaron-un-importante-corte-de-luz-que-afecto-a-san-luis\/#article","isPartOf":{"@id":"https:\/\/apuntesdesanluis.com\/index.php\/2024\/01\/30\/solucionaron-un-importante-corte-de-luz-que-afecto-a-san-luis\/"},"author":{"name":"apuntesdesanluis.com","@id":"https:\/\/apuntesdesanluis.com\/#\/schema\/person\/b55151d52296fcce64d1a72538a70b90"},"headline":"SOLUCIONARON UN IMPORTANTE CORTE DE LUZ QUE AFECT\u00d3 A SAN LUIS","datePublished":"2024-01-30T23:57:55+00:00","mainEntityOfPage":{"@id":"https:\/\/apuntesdesanluis.com\/index.php\/2024\/01\/30\/solucionaron-un-importante-corte-de-luz-que-afecto-a-san-luis\/"},"wordCount":379,"publisher":{"@id":"https:\/\/apuntesdesanluis.com\/#\/schema\/person\/b55151d52296fcce64d1a72538a70b90"},"image":{"@id":"https:\/\/apuntesdesanluis.com\/index.php\/2024\/01\/30\/solucionaron-un-importante-corte-de-luz-que-afecto-a-san-luis\/#primaryimage"},"thumbnailUrl":"https:\/\/apuntesdesanluis.com\/wp-content\/uploads\/2024\/01\/energia.png","articleSection":["Ciudad\/Provincia"],"inLanguage":"es-AR"},{"@type":"WebPage","@id":"https:\/\/apuntesdesanluis.com\/index.php\/2024\/01\/30\/solucionaron-un-importante-corte-de-luz-que-afecto-a-san-luis\/","url":"https:\/\/apuntesdesanluis.com\/index.php\/2024\/01\/30\/solucionaron-un-importante-corte-de-luz-que-afecto-a-san-luis\/","name":"SOLUCIONARON UN IMPORTANTE CORTE DE LUZ QUE AFECT\u00d3 A SAN LUIS - Apuntes de San Luis","isPartOf":{"@id":"https:\/\/apuntesdesanluis.com\/#website"},"primaryImageOfPage":{"@id":"https:\/\/apuntesdesanluis.com\/index.php\/2024\/01\/30\/solucionaron-un-importante-corte-de-luz-que-afecto-a-san-luis\/#primaryimage"},"image":{"@id":"https:\/\/apuntesdesanluis.com\/index.php\/2024\/01\/30\/solucionaron-un-importante-corte-de-luz-que-afecto-a-san-luis\/#primaryimage"},"thumbnailUrl":"https:\/\/apuntesdesanluis.com\/wp-content\/uploads\/2024\/01\/energia.png","datePublished":"2024-01-30T23:57:55+00:00","breadcrumb":{"@id":"https:\/\/apuntesdesanluis.com\/index.php\/2024\/01\/30\/solucionaron-un-importante-corte-de-luz-que-afecto-a-san-luis\/#breadcrumb"},"inLanguage":"es-AR","potentialAction":[{"@type":"ReadAction","target":["https:\/\/apuntesdesanluis.com\/index.php\/2024\/01\/30\/solucionaron-un-importante-corte-de-luz-que-afecto-a-san-luis\/"]}]},{"@type":"ImageObject","inLanguage":"es-AR","@id":"https:\/\/apuntesdesanluis.com\/index.php\/2024\/01\/30\/solucionaron-un-importante-corte-de-luz-que-afecto-a-san-luis\/#primaryimage","url":"https:\/\/apuntesdesanluis.com\/wp-content\/uploads\/2024\/01\/energia.png","contentUrl":"https:\/\/apuntesdesanluis.com\/wp-content\/uploads\/2024\/01\/energia.png","width":600,"height":339},{"@type":"BreadcrumbList","@id":"https:\/\/apuntesdesanluis.com\/index.php\/2024\/01\/30\/solucionaron-un-importante-corte-de-luz-que-afecto-a-san-luis\/#breadcrumb","itemListElement":[{"@type":"ListItem","position":1,"name":"Inicio","item":"https:\/\/apuntesdesanluis.com\/"},{"@type":"ListItem","position":2,"name":"SOLUCIONARON UN IMPORTANTE CORTE DE LUZ QUE AFECT\u00d3 A SAN LUIS"}]},{"@type":"WebSite","@id":"https:\/\/apuntesdesanluis.com\/#website","url":"https:\/\/apuntesdesanluis.com\/","name":"Apuntes de San Luis","description":"","publisher":{"@id":"https:\/\/apuntesdesanluis.com\/#\/schema\/person\/b55151d52296fcce64d1a72538a70b90"},"potentialAction":[{"@type":"SearchAction","target":{"@type":"EntryPoint","urlTemplate":"https:\/\/apuntesdesanluis.com\/?s={search_term_string}"},"query-input":{"@type":"PropertyValueSpecification","valueRequired":true,"valueName":"search_term_string"}}],"inLanguage":"es-AR"},{"@type":["Person","Organization"],"@id":"https:\/\/apuntesdesanluis.com\/#\/schema\/person\/b55151d52296fcce64d1a72538a70b90","name":"apuntesdesanluis.com","image":{"@type":"ImageObject","inLanguage":"es-AR","@id":"https:\/\/apuntesdesanluis.com\/#\/schema\/person\/image\/","url":"https:\/\/apuntesdesanluis.com\/wp-content\/uploads\/2023\/07\/cropped-apuntesdesanluis.png","contentUrl":"https:\/\/apuntesdesanluis.com\/wp-content\/uploads\/2023\/07\/cropped-apuntesdesanluis.png","width":450,"height":112,"caption":"apuntesdesanluis.com"},"logo":{"@id":"https:\/\/apuntesdesanluis.com\/#\/schema\/person\/image\/"},"sameAs":["https:\/\/apuntesdesanluis.com"],"url":"https:\/\/apuntesdesanluis.com\/index.php\/author\/apuntesdesanluis-com\/"}]}},"featured_image_urls":{"full":["https:\/\/apuntesdesanluis.com\/wp-content\/uploads\/2024\/01\/energia.png",600,339,false],"thumbnail":["https:\/\/apuntesdesanluis.com\/wp-content\/uploads\/2024\/01\/energia-150x150.png",150,150,true],"medium":["https:\/\/apuntesdesanluis.com\/wp-content\/uploads\/2024\/01\/energia-300x170.png",300,170,true],"medium_large":["https:\/\/apuntesdesanluis.com\/wp-content\/uploads\/2024\/01\/energia.png",600,339,false],"large":["https:\/\/apuntesdesanluis.com\/wp-content\/uploads\/2024\/01\/energia.png",600,339,false],"1536x1536":["https:\/\/apuntesdesanluis.com\/wp-content\/uploads\/2024\/01\/energia.png",600,339,false],"2048x2048":["https:\/\/apuntesdesanluis.com\/wp-content\/uploads\/2024\/01\/energia.png",600,339,false],"newsever-slider-full":["https:\/\/apuntesdesanluis.com\/wp-content\/uploads\/2024\/01\/energia.png",600,339,false],"newsever-featured":["https:\/\/apuntesdesanluis.com\/wp-content\/uploads\/2024\/01\/energia.png",600,339,false],"newsever-medium":["https:\/\/apuntesdesanluis.com\/wp-content\/uploads\/2024\/01\/energia.png",600,339,false]},"author_info":{"display_name":"apuntesdesanluis.com","author_link":"https:\/\/apuntesdesanluis.com\/index.php\/author\/apuntesdesanluis-com\/"},"category_info":"<a href=\"https:\/\/apuntesdesanluis.com\/index.php\/category\/ciudad-provincia\/\" rel=\"category tag\">Ciudad\/Provincia<\/a>","tag_info":"Ciudad\/Provincia","comment_count":"0","_links":{"self":[{"href":"https:\/\/apuntesdesanluis.com\/index.php\/wp-json\/wp\/v2\/posts\/10963","targetHints":{"allow":["GET"]}}],"collection":[{"href":"https:\/\/apuntesdesanluis.com\/index.php\/wp-json\/wp\/v2\/posts"}],"about":[{"href":"https:\/\/apuntesdesanluis.com\/index.php\/wp-json\/wp\/v2\/types\/post"}],"author":[{"embeddable":true,"href":"https:\/\/apuntesdesanluis.com\/index.php\/wp-json\/wp\/v2\/users\/1"}],"replies":[{"embeddable":true,"href":"https:\/\/apuntesdesanluis.com\/index.php\/wp-json\/wp\/v2\/comments?post=10963"}],"version-history":[{"count":1,"href":"https:\/\/apuntesdesanluis.com\/index.php\/wp-json\/wp\/v2\/posts\/10963\/revisions"}],"predecessor-version":[{"id":10965,"href":"https:\/\/apuntesdesanluis.com\/index.php\/wp-json\/wp\/v2\/posts\/10963\/revisions\/10965"}],"wp:featuredmedia":[{"embeddable":true,"href":"https:\/\/apuntesdesanluis.com\/index.php\/wp-json\/wp\/v2\/media\/10964"}],"wp:attachment":[{"href":"https:\/\/apuntesdesanluis.com\/index.php\/wp-json\/wp\/v2\/media?parent=10963"}],"wp:term":[{"taxonomy":"category","embeddable":true,"href":"https:\/\/apuntesdesanluis.com\/index.php\/wp-json\/wp\/v2\/categories?post=10963"},{"taxonomy":"post_tag","embeddable":true,"href":"https:\/\/apuntesdesanluis.com\/index.php\/wp-json\/wp\/v2\/tags?post=10963"}],"curies":[{"name":"wp","href":"https:\/\/api.w.org\/{rel}","templated":true}]}}