{"id":10977,"date":"2024-01-30T22:03:06","date_gmt":"2024-01-31T01:03:06","guid":{"rendered":"https:\/\/apuntesdesanluis.com\/?p=10977"},"modified":"2024-01-30T22:03:06","modified_gmt":"2024-01-31T01:03:06","slug":"confirman-que-en-marzo-se-realizara-la-calle-angosta-cuarteto","status":"publish","type":"post","link":"https:\/\/apuntesdesanluis.com\/index.php\/2024\/01\/30\/confirman-que-en-marzo-se-realizara-la-calle-angosta-cuarteto\/","title":{"rendered":"CONFIRMAN QUE EN MARZO SE REALIZAR\u00c1 LA \u201cCALLE ANGOSTA CUARTETO\u201d"},"content":{"rendered":"<h3>Este martes por la ma\u00f1ana los organizadores de <strong>&#8220;Calle Angosta Cuarteto&#8221;<\/strong> brindaron en una conferencia de prensa junto con funcionarios municipales, para ofrecer detalles del evento.<\/h3>\n<h3>Esta fiesta cuartetera organizada por empresarios privados, que se realizar\u00e1 por primera vez en la ciudad, tendr\u00e1 lugar los pr\u00f3ximos d\u00edas <strong>8 y 9 de marzo<\/strong> en el anfiteatro de Calle Angosta y contar\u00e1 con reconocidos cantantes y grupos.<\/h3>\n<h3>La grilla ya est\u00e1 lista y estos ser\u00e1n los artistas que subir\u00e1n al escenario:<\/h3>\n<h3>El viernes 8 estar\u00e1n Euge Quevedo y la Banda de Carlitos, La Barra, Jean Carlos, Los Playeros, Vicky Bar\u00e1n y La Q Suena.<\/h3>\n<h3>El s\u00e1bado ser\u00e1 el turno de El Loco Amato, Sim\u00f3n Aguirre, Magui Olave, Los Herrera, Uno X Uno y Nataly Bel\u00e9n.<\/h3>\n<h3>El precio de las entradas por noche ser\u00e1 de $6.780 y se puede adquirir en \u00a0<a href=\"http:\/\/www.tuentrada.com\">www.tuentrada.com<\/a>. Tambi\u00e9n habr\u00e1 puntos de venta presencial.<\/h3>\n<h3>Desde la Municipalidad \u201cacompa\u00f1amos estas iniciativas del sector privado, ya que permiten que haya un importante movimiento econ\u00f3mico para distintos sectores y que m\u00e1s personas puedan conocer Villa Mercedes\u201d, indic\u00f3 la Secretaria General de la Municipalidad, Carolina Sosa.<\/h3>\n<p>&nbsp;<\/p>\n<p>&nbsp;<\/p>\n<p>&nbsp;<\/p>\n","protected":false},"excerpt":{"rendered":"<p>Este martes por la ma\u00f1ana los organizadores de &#8220;Calle Angosta Cuarteto&#8221; brindaron en una conferencia&#8230;<\/p>\n","protected":false},"author":1,"featured_media":10978,"comment_status":"closed","ping_status":"closed","sticky":false,"template":"","format":"standard","meta":{"footnotes":""},"categories":[6],"tags":[],"class_list":["post-10977","post","type-post","status-publish","format-standard","has-post-thumbnail","hentry","category-ciudad-provincia"],"yoast_head":"<!-- This site is optimized with the Yoast SEO plugin v26.1.1 - https:\/\/yoast.com\/wordpress\/plugins\/seo\/ -->\n<title>CONFIRMAN QUE EN MARZO SE REALIZAR\u00c1 LA \u201cCALLE ANGOSTA CUARTETO\u201d - Apuntes de San Luis<\/title>\n<meta name=\"robots\" content=\"index, follow, max-snippet:-1, max-image-preview:large, max-video-preview:-1\" \/>\n<link rel=\"canonical\" href=\"https:\/\/apuntesdesanluis.com\/index.php\/2024\/01\/30\/confirman-que-en-marzo-se-realizara-la-calle-angosta-cuarteto\/\" \/>\n<meta property=\"og:locale\" content=\"es_ES\" \/>\n<meta property=\"og:type\" content=\"article\" \/>\n<meta property=\"og:title\" content=\"CONFIRMAN QUE EN MARZO SE REALIZAR\u00c1 LA \u201cCALLE ANGOSTA CUARTETO\u201d - Apuntes de San Luis\" \/>\n<meta property=\"og:description\" content=\"Este martes por la ma\u00f1ana los organizadores de &#8220;Calle Angosta Cuarteto&#8221; brindaron en una conferencia...\" \/>\n<meta property=\"og:url\" content=\"https:\/\/apuntesdesanluis.com\/index.php\/2024\/01\/30\/confirman-que-en-marzo-se-realizara-la-calle-angosta-cuarteto\/\" \/>\n<meta property=\"og:site_name\" content=\"Apuntes de San Luis\" \/>\n<meta property=\"article:published_time\" content=\"2024-01-31T01:03:06+00:00\" \/>\n<meta property=\"og:image\" content=\"https:\/\/apuntesdesanluis.com\/wp-content\/uploads\/2024\/01\/comision.png\" \/>\n\t<meta property=\"og:image:width\" content=\"806\" \/>\n\t<meta property=\"og:image:height\" content=\"422\" \/>\n\t<meta property=\"og:image:type\" content=\"image\/png\" \/>\n<meta name=\"author\" content=\"apuntesdesanluis.com\" \/>\n<meta name=\"twitter:card\" content=\"summary_large_image\" \/>\n<meta name=\"twitter:label1\" content=\"Escrito por\" \/>\n\t<meta name=\"twitter:data1\" content=\"apuntesdesanluis.com\" \/>\n\t<meta name=\"twitter:label2\" content=\"Tiempo de lectura\" \/>\n\t<meta name=\"twitter:data2\" content=\"1 minuto\" \/>\n<script type=\"application\/ld+json\" class=\"yoast-schema-graph\">{\"@context\":\"https:\/\/schema.org\",\"@graph\":[{\"@type\":\"Article\",\"@id\":\"https:\/\/apuntesdesanluis.com\/index.php\/2024\/01\/30\/confirman-que-en-marzo-se-realizara-la-calle-angosta-cuarteto\/#article\",\"isPartOf\":{\"@id\":\"https:\/\/apuntesdesanluis.com\/index.php\/2024\/01\/30\/confirman-que-en-marzo-se-realizara-la-calle-angosta-cuarteto\/\"},\"author\":{\"name\":\"apuntesdesanluis.com\",\"@id\":\"https:\/\/apuntesdesanluis.com\/#\/schema\/person\/b55151d52296fcce64d1a72538a70b90\"},\"headline\":\"CONFIRMAN QUE EN MARZO SE REALIZAR\u00c1 LA \u201cCALLE ANGOSTA CUARTETO\u201d\",\"datePublished\":\"2024-01-31T01:03:06+00:00\",\"mainEntityOfPage\":{\"@id\":\"https:\/\/apuntesdesanluis.com\/index.php\/2024\/01\/30\/confirman-que-en-marzo-se-realizara-la-calle-angosta-cuarteto\/\"},\"wordCount\":208,\"publisher\":{\"@id\":\"https:\/\/apuntesdesanluis.com\/#\/schema\/person\/b55151d52296fcce64d1a72538a70b90\"},\"image\":{\"@id\":\"https:\/\/apuntesdesanluis.com\/index.php\/2024\/01\/30\/confirman-que-en-marzo-se-realizara-la-calle-angosta-cuarteto\/#primaryimage\"},\"thumbnailUrl\":\"https:\/\/apuntesdesanluis.com\/wp-content\/uploads\/2024\/01\/comision.png\",\"articleSection\":[\"Ciudad\/Provincia\"],\"inLanguage\":\"es-AR\"},{\"@type\":\"WebPage\",\"@id\":\"https:\/\/apuntesdesanluis.com\/index.php\/2024\/01\/30\/confirman-que-en-marzo-se-realizara-la-calle-angosta-cuarteto\/\",\"url\":\"https:\/\/apuntesdesanluis.com\/index.php\/2024\/01\/30\/confirman-que-en-marzo-se-realizara-la-calle-angosta-cuarteto\/\",\"name\":\"CONFIRMAN QUE EN MARZO SE REALIZAR\u00c1 LA \u201cCALLE ANGOSTA CUARTETO\u201d - Apuntes de San Luis\",\"isPartOf\":{\"@id\":\"https:\/\/apuntesdesanluis.com\/#website\"},\"primaryImageOfPage\":{\"@id\":\"https:\/\/apuntesdesanluis.com\/index.php\/2024\/01\/30\/confirman-que-en-marzo-se-realizara-la-calle-angosta-cuarteto\/#primaryimage\"},\"image\":{\"@id\":\"https:\/\/apuntesdesanluis.com\/index.php\/2024\/01\/30\/confirman-que-en-marzo-se-realizara-la-calle-angosta-cuarteto\/#primaryimage\"},\"thumbnailUrl\":\"https:\/\/apuntesdesanluis.com\/wp-content\/uploads\/2024\/01\/comision.png\",\"datePublished\":\"2024-01-31T01:03:06+00:00\",\"breadcrumb\":{\"@id\":\"https:\/\/apuntesdesanluis.com\/index.php\/2024\/01\/30\/confirman-que-en-marzo-se-realizara-la-calle-angosta-cuarteto\/#breadcrumb\"},\"inLanguage\":\"es-AR\",\"potentialAction\":[{\"@type\":\"ReadAction\",\"target\":[\"https:\/\/apuntesdesanluis.com\/index.php\/2024\/01\/30\/confirman-que-en-marzo-se-realizara-la-calle-angosta-cuarteto\/\"]}]},{\"@type\":\"ImageObject\",\"inLanguage\":\"es-AR\",\"@id\":\"https:\/\/apuntesdesanluis.com\/index.php\/2024\/01\/30\/confirman-que-en-marzo-se-realizara-la-calle-angosta-cuarteto\/#primaryimage\",\"url\":\"https:\/\/apuntesdesanluis.com\/wp-content\/uploads\/2024\/01\/comision.png\",\"contentUrl\":\"https:\/\/apuntesdesanluis.com\/wp-content\/uploads\/2024\/01\/comision.png\",\"width\":806,\"height\":422},{\"@type\":\"BreadcrumbList\",\"@id\":\"https:\/\/apuntesdesanluis.com\/index.php\/2024\/01\/30\/confirman-que-en-marzo-se-realizara-la-calle-angosta-cuarteto\/#breadcrumb\",\"itemListElement\":[{\"@type\":\"ListItem\",\"position\":1,\"name\":\"Inicio\",\"item\":\"https:\/\/apuntesdesanluis.com\/\"},{\"@type\":\"ListItem\",\"position\":2,\"name\":\"CONFIRMAN QUE EN MARZO SE REALIZAR\u00c1 LA \u201cCALLE ANGOSTA CUARTETO\u201d\"}]},{\"@type\":\"WebSite\",\"@id\":\"https:\/\/apuntesdesanluis.com\/#website\",\"url\":\"https:\/\/apuntesdesanluis.com\/\",\"name\":\"Apuntes de San Luis\",\"description\":\"\",\"publisher\":{\"@id\":\"https:\/\/apuntesdesanluis.com\/#\/schema\/person\/b55151d52296fcce64d1a72538a70b90\"},\"potentialAction\":[{\"@type\":\"SearchAction\",\"target\":{\"@type\":\"EntryPoint\",\"urlTemplate\":\"https:\/\/apuntesdesanluis.com\/?s={search_term_string}\"},\"query-input\":{\"@type\":\"PropertyValueSpecification\",\"valueRequired\":true,\"valueName\":\"search_term_string\"}}],\"inLanguage\":\"es-AR\"},{\"@type\":[\"Person\",\"Organization\"],\"@id\":\"https:\/\/apuntesdesanluis.com\/#\/schema\/person\/b55151d52296fcce64d1a72538a70b90\",\"name\":\"apuntesdesanluis.com\",\"image\":{\"@type\":\"ImageObject\",\"inLanguage\":\"es-AR\",\"@id\":\"https:\/\/apuntesdesanluis.com\/#\/schema\/person\/image\/\",\"url\":\"https:\/\/apuntesdesanluis.com\/wp-content\/uploads\/2023\/07\/cropped-apuntesdesanluis.png\",\"contentUrl\":\"https:\/\/apuntesdesanluis.com\/wp-content\/uploads\/2023\/07\/cropped-apuntesdesanluis.png\",\"width\":450,\"height\":112,\"caption\":\"apuntesdesanluis.com\"},\"logo\":{\"@id\":\"https:\/\/apuntesdesanluis.com\/#\/schema\/person\/image\/\"},\"sameAs\":[\"https:\/\/apuntesdesanluis.com\"],\"url\":\"https:\/\/apuntesdesanluis.com\/index.php\/author\/apuntesdesanluis-com\/\"}]}<\/script>\n<!-- \/ Yoast SEO plugin. -->","yoast_head_json":{"title":"CONFIRMAN QUE EN MARZO SE REALIZAR\u00c1 LA \u201cCALLE ANGOSTA CUARTETO\u201d - Apuntes de San Luis","robots":{"index":"index","follow":"follow","max-snippet":"max-snippet:-1","max-image-preview":"max-image-preview:large","max-video-preview":"max-video-preview:-1"},"canonical":"https:\/\/apuntesdesanluis.com\/index.php\/2024\/01\/30\/confirman-que-en-marzo-se-realizara-la-calle-angosta-cuarteto\/","og_locale":"es_ES","og_type":"article","og_title":"CONFIRMAN QUE EN MARZO SE REALIZAR\u00c1 LA \u201cCALLE ANGOSTA CUARTETO\u201d - Apuntes de San Luis","og_description":"Este martes por la ma\u00f1ana los organizadores de &#8220;Calle Angosta Cuarteto&#8221; brindaron en una conferencia...","og_url":"https:\/\/apuntesdesanluis.com\/index.php\/2024\/01\/30\/confirman-que-en-marzo-se-realizara-la-calle-angosta-cuarteto\/","og_site_name":"Apuntes de San Luis","article_published_time":"2024-01-31T01:03:06+00:00","og_image":[{"width":806,"height":422,"url":"https:\/\/apuntesdesanluis.com\/wp-content\/uploads\/2024\/01\/comision.png","type":"image\/png"}],"author":"apuntesdesanluis.com","twitter_card":"summary_large_image","twitter_misc":{"Escrito por":"apuntesdesanluis.com","Tiempo de lectura":"1 minuto"},"schema":{"@context":"https:\/\/schema.org","@graph":[{"@type":"Article","@id":"https:\/\/apuntesdesanluis.com\/index.php\/2024\/01\/30\/confirman-que-en-marzo-se-realizara-la-calle-angosta-cuarteto\/#article","isPartOf":{"@id":"https:\/\/apuntesdesanluis.com\/index.php\/2024\/01\/30\/confirman-que-en-marzo-se-realizara-la-calle-angosta-cuarteto\/"},"author":{"name":"apuntesdesanluis.com","@id":"https:\/\/apuntesdesanluis.com\/#\/schema\/person\/b55151d52296fcce64d1a72538a70b90"},"headline":"CONFIRMAN QUE EN MARZO SE REALIZAR\u00c1 LA \u201cCALLE ANGOSTA CUARTETO\u201d","datePublished":"2024-01-31T01:03:06+00:00","mainEntityOfPage":{"@id":"https:\/\/apuntesdesanluis.com\/index.php\/2024\/01\/30\/confirman-que-en-marzo-se-realizara-la-calle-angosta-cuarteto\/"},"wordCount":208,"publisher":{"@id":"https:\/\/apuntesdesanluis.com\/#\/schema\/person\/b55151d52296fcce64d1a72538a70b90"},"image":{"@id":"https:\/\/apuntesdesanluis.com\/index.php\/2024\/01\/30\/confirman-que-en-marzo-se-realizara-la-calle-angosta-cuarteto\/#primaryimage"},"thumbnailUrl":"https:\/\/apuntesdesanluis.com\/wp-content\/uploads\/2024\/01\/comision.png","articleSection":["Ciudad\/Provincia"],"inLanguage":"es-AR"},{"@type":"WebPage","@id":"https:\/\/apuntesdesanluis.com\/index.php\/2024\/01\/30\/confirman-que-en-marzo-se-realizara-la-calle-angosta-cuarteto\/","url":"https:\/\/apuntesdesanluis.com\/index.php\/2024\/01\/30\/confirman-que-en-marzo-se-realizara-la-calle-angosta-cuarteto\/","name":"CONFIRMAN QUE EN MARZO SE REALIZAR\u00c1 LA \u201cCALLE ANGOSTA CUARTETO\u201d - Apuntes de San Luis","isPartOf":{"@id":"https:\/\/apuntesdesanluis.com\/#website"},"primaryImageOfPage":{"@id":"https:\/\/apuntesdesanluis.com\/index.php\/2024\/01\/30\/confirman-que-en-marzo-se-realizara-la-calle-angosta-cuarteto\/#primaryimage"},"image":{"@id":"https:\/\/apuntesdesanluis.com\/index.php\/2024\/01\/30\/confirman-que-en-marzo-se-realizara-la-calle-angosta-cuarteto\/#primaryimage"},"thumbnailUrl":"https:\/\/apuntesdesanluis.com\/wp-content\/uploads\/2024\/01\/comision.png","datePublished":"2024-01-31T01:03:06+00:00","breadcrumb":{"@id":"https:\/\/apuntesdesanluis.com\/index.php\/2024\/01\/30\/confirman-que-en-marzo-se-realizara-la-calle-angosta-cuarteto\/#breadcrumb"},"inLanguage":"es-AR","potentialAction":[{"@type":"ReadAction","target":["https:\/\/apuntesdesanluis.com\/index.php\/2024\/01\/30\/confirman-que-en-marzo-se-realizara-la-calle-angosta-cuarteto\/"]}]},{"@type":"ImageObject","inLanguage":"es-AR","@id":"https:\/\/apuntesdesanluis.com\/index.php\/2024\/01\/30\/confirman-que-en-marzo-se-realizara-la-calle-angosta-cuarteto\/#primaryimage","url":"https:\/\/apuntesdesanluis.com\/wp-content\/uploads\/2024\/01\/comision.png","contentUrl":"https:\/\/apuntesdesanluis.com\/wp-content\/uploads\/2024\/01\/comision.png","width":806,"height":422},{"@type":"BreadcrumbList","@id":"https:\/\/apuntesdesanluis.com\/index.php\/2024\/01\/30\/confirman-que-en-marzo-se-realizara-la-calle-angosta-cuarteto\/#breadcrumb","itemListElement":[{"@type":"ListItem","position":1,"name":"Inicio","item":"https:\/\/apuntesdesanluis.com\/"},{"@type":"ListItem","position":2,"name":"CONFIRMAN QUE EN MARZO SE REALIZAR\u00c1 LA \u201cCALLE ANGOSTA CUARTETO\u201d"}]},{"@type":"WebSite","@id":"https:\/\/apuntesdesanluis.com\/#website","url":"https:\/\/apuntesdesanluis.com\/","name":"Apuntes de San Luis","description":"","publisher":{"@id":"https:\/\/apuntesdesanluis.com\/#\/schema\/person\/b55151d52296fcce64d1a72538a70b90"},"potentialAction":[{"@type":"SearchAction","target":{"@type":"EntryPoint","urlTemplate":"https:\/\/apuntesdesanluis.com\/?s={search_term_string}"},"query-input":{"@type":"PropertyValueSpecification","valueRequired":true,"valueName":"search_term_string"}}],"inLanguage":"es-AR"},{"@type":["Person","Organization"],"@id":"https:\/\/apuntesdesanluis.com\/#\/schema\/person\/b55151d52296fcce64d1a72538a70b90","name":"apuntesdesanluis.com","image":{"@type":"ImageObject","inLanguage":"es-AR","@id":"https:\/\/apuntesdesanluis.com\/#\/schema\/person\/image\/","url":"https:\/\/apuntesdesanluis.com\/wp-content\/uploads\/2023\/07\/cropped-apuntesdesanluis.png","contentUrl":"https:\/\/apuntesdesanluis.com\/wp-content\/uploads\/2023\/07\/cropped-apuntesdesanluis.png","width":450,"height":112,"caption":"apuntesdesanluis.com"},"logo":{"@id":"https:\/\/apuntesdesanluis.com\/#\/schema\/person\/image\/"},"sameAs":["https:\/\/apuntesdesanluis.com"],"url":"https:\/\/apuntesdesanluis.com\/index.php\/author\/apuntesdesanluis-com\/"}]}},"featured_image_urls":{"full":["https:\/\/apuntesdesanluis.com\/wp-content\/uploads\/2024\/01\/comision.png",806,422,false],"thumbnail":["https:\/\/apuntesdesanluis.com\/wp-content\/uploads\/2024\/01\/comision-150x150.png",150,150,true],"medium":["https:\/\/apuntesdesanluis.com\/wp-content\/uploads\/2024\/01\/comision-300x157.png",300,157,true],"medium_large":["https:\/\/apuntesdesanluis.com\/wp-content\/uploads\/2024\/01\/comision-768x402.png",640,335,true],"large":["https:\/\/apuntesdesanluis.com\/wp-content\/uploads\/2024\/01\/comision.png",640,335,false],"1536x1536":["https:\/\/apuntesdesanluis.com\/wp-content\/uploads\/2024\/01\/comision.png",806,422,false],"2048x2048":["https:\/\/apuntesdesanluis.com\/wp-content\/uploads\/2024\/01\/comision.png",806,422,false],"newsever-slider-full":["https:\/\/apuntesdesanluis.com\/wp-content\/uploads\/2024\/01\/comision.png",806,422,false],"newsever-featured":["https:\/\/apuntesdesanluis.com\/wp-content\/uploads\/2024\/01\/comision.png",806,422,false],"newsever-medium":["https:\/\/apuntesdesanluis.com\/wp-content\/uploads\/2024\/01\/comision-720x422.png",720,422,true]},"author_info":{"display_name":"apuntesdesanluis.com","author_link":"https:\/\/apuntesdesanluis.com\/index.php\/author\/apuntesdesanluis-com\/"},"category_info":"<a href=\"https:\/\/apuntesdesanluis.com\/index.php\/category\/ciudad-provincia\/\" rel=\"category tag\">Ciudad\/Provincia<\/a>","tag_info":"Ciudad\/Provincia","comment_count":"0","_links":{"self":[{"href":"https:\/\/apuntesdesanluis.com\/index.php\/wp-json\/wp\/v2\/posts\/10977","targetHints":{"allow":["GET"]}}],"collection":[{"href":"https:\/\/apuntesdesanluis.com\/index.php\/wp-json\/wp\/v2\/posts"}],"about":[{"href":"https:\/\/apuntesdesanluis.com\/index.php\/wp-json\/wp\/v2\/types\/post"}],"author":[{"embeddable":true,"href":"https:\/\/apuntesdesanluis.com\/index.php\/wp-json\/wp\/v2\/users\/1"}],"replies":[{"embeddable":true,"href":"https:\/\/apuntesdesanluis.com\/index.php\/wp-json\/wp\/v2\/comments?post=10977"}],"version-history":[{"count":1,"href":"https:\/\/apuntesdesanluis.com\/index.php\/wp-json\/wp\/v2\/posts\/10977\/revisions"}],"predecessor-version":[{"id":10979,"href":"https:\/\/apuntesdesanluis.com\/index.php\/wp-json\/wp\/v2\/posts\/10977\/revisions\/10979"}],"wp:featuredmedia":[{"embeddable":true,"href":"https:\/\/apuntesdesanluis.com\/index.php\/wp-json\/wp\/v2\/media\/10978"}],"wp:attachment":[{"href":"https:\/\/apuntesdesanluis.com\/index.php\/wp-json\/wp\/v2\/media?parent=10977"}],"wp:term":[{"taxonomy":"category","embeddable":true,"href":"https:\/\/apuntesdesanluis.com\/index.php\/wp-json\/wp\/v2\/categories?post=10977"},{"taxonomy":"post_tag","embeddable":true,"href":"https:\/\/apuntesdesanluis.com\/index.php\/wp-json\/wp\/v2\/tags?post=10977"}],"curies":[{"name":"wp","href":"https:\/\/api.w.org\/{rel}","templated":true}]}}