{"id":10980,"date":"2024-01-30T22:57:48","date_gmt":"2024-01-31T01:57:48","guid":{"rendered":"https:\/\/apuntesdesanluis.com\/?p=10980"},"modified":"2024-01-30T22:57:48","modified_gmt":"2024-01-31T01:57:48","slug":"por-la-ola-de-calor-los-beneficiarios-que-trabajan-en-parcelas-no-deben-asistir-este-miercoles","status":"publish","type":"post","link":"https:\/\/apuntesdesanluis.com\/index.php\/2024\/01\/30\/por-la-ola-de-calor-los-beneficiarios-que-trabajan-en-parcelas-no-deben-asistir-este-miercoles\/","title":{"rendered":"POR LA OLA DE CALOR, LOS BENEFICIARIOS QUE TRABAJAN EN PARCELAS NO DEBEN ASISTIR ESTE MI\u00c9RCOLES"},"content":{"rendered":"<h3>Desde el Ministerio de Desarrollo Humano informaron que este mi\u00e9rcoles 31 de enero, todos aquellos beneficiarios que desarrollan actividades en parcelas no deber\u00e1n asistir.<\/h3>\n<h3>La medida se determin\u00f3 ante la alerta por ola de calor que alcanza a San Luis.<\/h3>\n<h3>Para este <strong>mi\u00e9rcoles<\/strong> la<strong> Red de Estaciones Meteorol\u00f3gicas<\/strong> de la provincia adelant\u00f3 que tendremos una jornada con descenso en las temperaturas m\u00e1ximas, pero no tanto. El cielo parcialmente nublado con probabilidad de precipitaciones aisladas. En promedio, se esperan m\u00ednimas de 21\u00b0C y m\u00e1ximas de 37\u00b0C. El viento ser\u00e1 del sector noreste rotando por la tarde al este.<\/h3>\n<h3>Para el <strong>jueves<\/strong>, la jornada se presenta inestable, con el cielo parcialmente nublado y con probabilidad de lluvias y tormentas aisladas. Tendremos una m\u00ednima de 22\u00b0C y m\u00e1ximas de 38\u00b0C, en promedio. El viento ser\u00e1 de direcciones variables a lo largo del d\u00eda.<\/h3>\n<h3>En tanto que para el <strong>viernes<\/strong> el d\u00eda ser\u00e1 ventoso y c\u00e1lido y el cielo estar\u00e1 mayormente despejado. En promedio, se esperan m\u00ednimas de 23\u00b0C y m\u00e1ximas de 39\u00b0C. El viento ser\u00e1 del sector noreste con r\u00e1fagas muy fuertes.<\/h3>\n<p>&nbsp;<\/p>\n<p>&nbsp;<\/p>\n<p>&nbsp;<\/p>\n","protected":false},"excerpt":{"rendered":"<p>Desde el Ministerio de Desarrollo Humano informaron que este mi\u00e9rcoles 31 de enero, todos aquellos&#8230;<\/p>\n","protected":false},"author":1,"featured_media":10981,"comment_status":"closed","ping_status":"closed","sticky":false,"template":"","format":"standard","meta":{"footnotes":""},"categories":[6],"tags":[],"class_list":["post-10980","post","type-post","status-publish","format-standard","has-post-thumbnail","hentry","category-ciudad-provincia"],"yoast_head":"<!-- This site is optimized with the Yoast SEO plugin v26.1.1 - https:\/\/yoast.com\/wordpress\/plugins\/seo\/ -->\n<title>POR LA OLA DE CALOR, LOS BENEFICIARIOS QUE TRABAJAN EN PARCELAS NO DEBEN ASISTIR ESTE MI\u00c9RCOLES - Apuntes de San Luis<\/title>\n<meta name=\"robots\" content=\"index, follow, max-snippet:-1, max-image-preview:large, max-video-preview:-1\" \/>\n<link rel=\"canonical\" href=\"https:\/\/apuntesdesanluis.com\/index.php\/2024\/01\/30\/por-la-ola-de-calor-los-beneficiarios-que-trabajan-en-parcelas-no-deben-asistir-este-miercoles\/\" \/>\n<meta property=\"og:locale\" content=\"es_ES\" \/>\n<meta property=\"og:type\" content=\"article\" \/>\n<meta property=\"og:title\" content=\"POR LA OLA DE CALOR, LOS BENEFICIARIOS QUE TRABAJAN EN PARCELAS NO DEBEN ASISTIR ESTE MI\u00c9RCOLES - Apuntes de San Luis\" \/>\n<meta property=\"og:description\" content=\"Desde el Ministerio de Desarrollo Humano informaron que este mi\u00e9rcoles 31 de enero, todos aquellos...\" \/>\n<meta property=\"og:url\" content=\"https:\/\/apuntesdesanluis.com\/index.php\/2024\/01\/30\/por-la-ola-de-calor-los-beneficiarios-que-trabajan-en-parcelas-no-deben-asistir-este-miercoles\/\" \/>\n<meta property=\"og:site_name\" content=\"Apuntes de San Luis\" \/>\n<meta property=\"article:published_time\" content=\"2024-01-31T01:57:48+00:00\" \/>\n<meta property=\"og:image\" content=\"https:\/\/apuntesdesanluis.com\/wp-content\/uploads\/2024\/01\/calor-plan-de-inclusion.png\" \/>\n\t<meta property=\"og:image:width\" content=\"670\" \/>\n\t<meta property=\"og:image:height\" content=\"432\" \/>\n\t<meta property=\"og:image:type\" content=\"image\/png\" \/>\n<meta name=\"author\" content=\"apuntesdesanluis.com\" \/>\n<meta name=\"twitter:card\" content=\"summary_large_image\" \/>\n<meta name=\"twitter:label1\" content=\"Escrito por\" \/>\n\t<meta name=\"twitter:data1\" content=\"apuntesdesanluis.com\" \/>\n\t<meta name=\"twitter:label2\" content=\"Tiempo de lectura\" \/>\n\t<meta name=\"twitter:data2\" content=\"1 minuto\" \/>\n<script type=\"application\/ld+json\" class=\"yoast-schema-graph\">{\"@context\":\"https:\/\/schema.org\",\"@graph\":[{\"@type\":\"Article\",\"@id\":\"https:\/\/apuntesdesanluis.com\/index.php\/2024\/01\/30\/por-la-ola-de-calor-los-beneficiarios-que-trabajan-en-parcelas-no-deben-asistir-este-miercoles\/#article\",\"isPartOf\":{\"@id\":\"https:\/\/apuntesdesanluis.com\/index.php\/2024\/01\/30\/por-la-ola-de-calor-los-beneficiarios-que-trabajan-en-parcelas-no-deben-asistir-este-miercoles\/\"},\"author\":{\"name\":\"apuntesdesanluis.com\",\"@id\":\"https:\/\/apuntesdesanluis.com\/#\/schema\/person\/b55151d52296fcce64d1a72538a70b90\"},\"headline\":\"POR LA OLA DE CALOR, LOS BENEFICIARIOS QUE TRABAJAN EN PARCELAS NO DEBEN ASISTIR ESTE MI\u00c9RCOLES\",\"datePublished\":\"2024-01-31T01:57:48+00:00\",\"mainEntityOfPage\":{\"@id\":\"https:\/\/apuntesdesanluis.com\/index.php\/2024\/01\/30\/por-la-ola-de-calor-los-beneficiarios-que-trabajan-en-parcelas-no-deben-asistir-este-miercoles\/\"},\"wordCount\":213,\"publisher\":{\"@id\":\"https:\/\/apuntesdesanluis.com\/#\/schema\/person\/b55151d52296fcce64d1a72538a70b90\"},\"image\":{\"@id\":\"https:\/\/apuntesdesanluis.com\/index.php\/2024\/01\/30\/por-la-ola-de-calor-los-beneficiarios-que-trabajan-en-parcelas-no-deben-asistir-este-miercoles\/#primaryimage\"},\"thumbnailUrl\":\"https:\/\/apuntesdesanluis.com\/wp-content\/uploads\/2024\/01\/calor-plan-de-inclusion.png\",\"articleSection\":[\"Ciudad\/Provincia\"],\"inLanguage\":\"es-AR\"},{\"@type\":\"WebPage\",\"@id\":\"https:\/\/apuntesdesanluis.com\/index.php\/2024\/01\/30\/por-la-ola-de-calor-los-beneficiarios-que-trabajan-en-parcelas-no-deben-asistir-este-miercoles\/\",\"url\":\"https:\/\/apuntesdesanluis.com\/index.php\/2024\/01\/30\/por-la-ola-de-calor-los-beneficiarios-que-trabajan-en-parcelas-no-deben-asistir-este-miercoles\/\",\"name\":\"POR LA OLA DE CALOR, LOS BENEFICIARIOS QUE TRABAJAN EN PARCELAS NO DEBEN ASISTIR ESTE MI\u00c9RCOLES - Apuntes de San Luis\",\"isPartOf\":{\"@id\":\"https:\/\/apuntesdesanluis.com\/#website\"},\"primaryImageOfPage\":{\"@id\":\"https:\/\/apuntesdesanluis.com\/index.php\/2024\/01\/30\/por-la-ola-de-calor-los-beneficiarios-que-trabajan-en-parcelas-no-deben-asistir-este-miercoles\/#primaryimage\"},\"image\":{\"@id\":\"https:\/\/apuntesdesanluis.com\/index.php\/2024\/01\/30\/por-la-ola-de-calor-los-beneficiarios-que-trabajan-en-parcelas-no-deben-asistir-este-miercoles\/#primaryimage\"},\"thumbnailUrl\":\"https:\/\/apuntesdesanluis.com\/wp-content\/uploads\/2024\/01\/calor-plan-de-inclusion.png\",\"datePublished\":\"2024-01-31T01:57:48+00:00\",\"breadcrumb\":{\"@id\":\"https:\/\/apuntesdesanluis.com\/index.php\/2024\/01\/30\/por-la-ola-de-calor-los-beneficiarios-que-trabajan-en-parcelas-no-deben-asistir-este-miercoles\/#breadcrumb\"},\"inLanguage\":\"es-AR\",\"potentialAction\":[{\"@type\":\"ReadAction\",\"target\":[\"https:\/\/apuntesdesanluis.com\/index.php\/2024\/01\/30\/por-la-ola-de-calor-los-beneficiarios-que-trabajan-en-parcelas-no-deben-asistir-este-miercoles\/\"]}]},{\"@type\":\"ImageObject\",\"inLanguage\":\"es-AR\",\"@id\":\"https:\/\/apuntesdesanluis.com\/index.php\/2024\/01\/30\/por-la-ola-de-calor-los-beneficiarios-que-trabajan-en-parcelas-no-deben-asistir-este-miercoles\/#primaryimage\",\"url\":\"https:\/\/apuntesdesanluis.com\/wp-content\/uploads\/2024\/01\/calor-plan-de-inclusion.png\",\"contentUrl\":\"https:\/\/apuntesdesanluis.com\/wp-content\/uploads\/2024\/01\/calor-plan-de-inclusion.png\",\"width\":670,\"height\":432},{\"@type\":\"BreadcrumbList\",\"@id\":\"https:\/\/apuntesdesanluis.com\/index.php\/2024\/01\/30\/por-la-ola-de-calor-los-beneficiarios-que-trabajan-en-parcelas-no-deben-asistir-este-miercoles\/#breadcrumb\",\"itemListElement\":[{\"@type\":\"ListItem\",\"position\":1,\"name\":\"Inicio\",\"item\":\"https:\/\/apuntesdesanluis.com\/\"},{\"@type\":\"ListItem\",\"position\":2,\"name\":\"POR LA OLA DE CALOR, LOS BENEFICIARIOS QUE TRABAJAN EN PARCELAS NO DEBEN ASISTIR ESTE MI\u00c9RCOLES\"}]},{\"@type\":\"WebSite\",\"@id\":\"https:\/\/apuntesdesanluis.com\/#website\",\"url\":\"https:\/\/apuntesdesanluis.com\/\",\"name\":\"Apuntes de San Luis\",\"description\":\"\",\"publisher\":{\"@id\":\"https:\/\/apuntesdesanluis.com\/#\/schema\/person\/b55151d52296fcce64d1a72538a70b90\"},\"potentialAction\":[{\"@type\":\"SearchAction\",\"target\":{\"@type\":\"EntryPoint\",\"urlTemplate\":\"https:\/\/apuntesdesanluis.com\/?s={search_term_string}\"},\"query-input\":{\"@type\":\"PropertyValueSpecification\",\"valueRequired\":true,\"valueName\":\"search_term_string\"}}],\"inLanguage\":\"es-AR\"},{\"@type\":[\"Person\",\"Organization\"],\"@id\":\"https:\/\/apuntesdesanluis.com\/#\/schema\/person\/b55151d52296fcce64d1a72538a70b90\",\"name\":\"apuntesdesanluis.com\",\"image\":{\"@type\":\"ImageObject\",\"inLanguage\":\"es-AR\",\"@id\":\"https:\/\/apuntesdesanluis.com\/#\/schema\/person\/image\/\",\"url\":\"https:\/\/apuntesdesanluis.com\/wp-content\/uploads\/2023\/07\/cropped-apuntesdesanluis.png\",\"contentUrl\":\"https:\/\/apuntesdesanluis.com\/wp-content\/uploads\/2023\/07\/cropped-apuntesdesanluis.png\",\"width\":450,\"height\":112,\"caption\":\"apuntesdesanluis.com\"},\"logo\":{\"@id\":\"https:\/\/apuntesdesanluis.com\/#\/schema\/person\/image\/\"},\"sameAs\":[\"https:\/\/apuntesdesanluis.com\"],\"url\":\"https:\/\/apuntesdesanluis.com\/index.php\/author\/apuntesdesanluis-com\/\"}]}<\/script>\n<!-- \/ Yoast SEO plugin. -->","yoast_head_json":{"title":"POR LA OLA DE CALOR, LOS BENEFICIARIOS QUE TRABAJAN EN PARCELAS NO DEBEN ASISTIR ESTE MI\u00c9RCOLES - Apuntes de San Luis","robots":{"index":"index","follow":"follow","max-snippet":"max-snippet:-1","max-image-preview":"max-image-preview:large","max-video-preview":"max-video-preview:-1"},"canonical":"https:\/\/apuntesdesanluis.com\/index.php\/2024\/01\/30\/por-la-ola-de-calor-los-beneficiarios-que-trabajan-en-parcelas-no-deben-asistir-este-miercoles\/","og_locale":"es_ES","og_type":"article","og_title":"POR LA OLA DE CALOR, LOS BENEFICIARIOS QUE TRABAJAN EN PARCELAS NO DEBEN ASISTIR ESTE MI\u00c9RCOLES - Apuntes de San Luis","og_description":"Desde el Ministerio de Desarrollo Humano informaron que este mi\u00e9rcoles 31 de enero, todos aquellos...","og_url":"https:\/\/apuntesdesanluis.com\/index.php\/2024\/01\/30\/por-la-ola-de-calor-los-beneficiarios-que-trabajan-en-parcelas-no-deben-asistir-este-miercoles\/","og_site_name":"Apuntes de San Luis","article_published_time":"2024-01-31T01:57:48+00:00","og_image":[{"width":670,"height":432,"url":"https:\/\/apuntesdesanluis.com\/wp-content\/uploads\/2024\/01\/calor-plan-de-inclusion.png","type":"image\/png"}],"author":"apuntesdesanluis.com","twitter_card":"summary_large_image","twitter_misc":{"Escrito por":"apuntesdesanluis.com","Tiempo de lectura":"1 minuto"},"schema":{"@context":"https:\/\/schema.org","@graph":[{"@type":"Article","@id":"https:\/\/apuntesdesanluis.com\/index.php\/2024\/01\/30\/por-la-ola-de-calor-los-beneficiarios-que-trabajan-en-parcelas-no-deben-asistir-este-miercoles\/#article","isPartOf":{"@id":"https:\/\/apuntesdesanluis.com\/index.php\/2024\/01\/30\/por-la-ola-de-calor-los-beneficiarios-que-trabajan-en-parcelas-no-deben-asistir-este-miercoles\/"},"author":{"name":"apuntesdesanluis.com","@id":"https:\/\/apuntesdesanluis.com\/#\/schema\/person\/b55151d52296fcce64d1a72538a70b90"},"headline":"POR LA OLA DE CALOR, LOS BENEFICIARIOS QUE TRABAJAN EN PARCELAS NO DEBEN ASISTIR ESTE MI\u00c9RCOLES","datePublished":"2024-01-31T01:57:48+00:00","mainEntityOfPage":{"@id":"https:\/\/apuntesdesanluis.com\/index.php\/2024\/01\/30\/por-la-ola-de-calor-los-beneficiarios-que-trabajan-en-parcelas-no-deben-asistir-este-miercoles\/"},"wordCount":213,"publisher":{"@id":"https:\/\/apuntesdesanluis.com\/#\/schema\/person\/b55151d52296fcce64d1a72538a70b90"},"image":{"@id":"https:\/\/apuntesdesanluis.com\/index.php\/2024\/01\/30\/por-la-ola-de-calor-los-beneficiarios-que-trabajan-en-parcelas-no-deben-asistir-este-miercoles\/#primaryimage"},"thumbnailUrl":"https:\/\/apuntesdesanluis.com\/wp-content\/uploads\/2024\/01\/calor-plan-de-inclusion.png","articleSection":["Ciudad\/Provincia"],"inLanguage":"es-AR"},{"@type":"WebPage","@id":"https:\/\/apuntesdesanluis.com\/index.php\/2024\/01\/30\/por-la-ola-de-calor-los-beneficiarios-que-trabajan-en-parcelas-no-deben-asistir-este-miercoles\/","url":"https:\/\/apuntesdesanluis.com\/index.php\/2024\/01\/30\/por-la-ola-de-calor-los-beneficiarios-que-trabajan-en-parcelas-no-deben-asistir-este-miercoles\/","name":"POR LA OLA DE CALOR, LOS BENEFICIARIOS QUE TRABAJAN EN PARCELAS NO DEBEN ASISTIR ESTE MI\u00c9RCOLES - Apuntes de San Luis","isPartOf":{"@id":"https:\/\/apuntesdesanluis.com\/#website"},"primaryImageOfPage":{"@id":"https:\/\/apuntesdesanluis.com\/index.php\/2024\/01\/30\/por-la-ola-de-calor-los-beneficiarios-que-trabajan-en-parcelas-no-deben-asistir-este-miercoles\/#primaryimage"},"image":{"@id":"https:\/\/apuntesdesanluis.com\/index.php\/2024\/01\/30\/por-la-ola-de-calor-los-beneficiarios-que-trabajan-en-parcelas-no-deben-asistir-este-miercoles\/#primaryimage"},"thumbnailUrl":"https:\/\/apuntesdesanluis.com\/wp-content\/uploads\/2024\/01\/calor-plan-de-inclusion.png","datePublished":"2024-01-31T01:57:48+00:00","breadcrumb":{"@id":"https:\/\/apuntesdesanluis.com\/index.php\/2024\/01\/30\/por-la-ola-de-calor-los-beneficiarios-que-trabajan-en-parcelas-no-deben-asistir-este-miercoles\/#breadcrumb"},"inLanguage":"es-AR","potentialAction":[{"@type":"ReadAction","target":["https:\/\/apuntesdesanluis.com\/index.php\/2024\/01\/30\/por-la-ola-de-calor-los-beneficiarios-que-trabajan-en-parcelas-no-deben-asistir-este-miercoles\/"]}]},{"@type":"ImageObject","inLanguage":"es-AR","@id":"https:\/\/apuntesdesanluis.com\/index.php\/2024\/01\/30\/por-la-ola-de-calor-los-beneficiarios-que-trabajan-en-parcelas-no-deben-asistir-este-miercoles\/#primaryimage","url":"https:\/\/apuntesdesanluis.com\/wp-content\/uploads\/2024\/01\/calor-plan-de-inclusion.png","contentUrl":"https:\/\/apuntesdesanluis.com\/wp-content\/uploads\/2024\/01\/calor-plan-de-inclusion.png","width":670,"height":432},{"@type":"BreadcrumbList","@id":"https:\/\/apuntesdesanluis.com\/index.php\/2024\/01\/30\/por-la-ola-de-calor-los-beneficiarios-que-trabajan-en-parcelas-no-deben-asistir-este-miercoles\/#breadcrumb","itemListElement":[{"@type":"ListItem","position":1,"name":"Inicio","item":"https:\/\/apuntesdesanluis.com\/"},{"@type":"ListItem","position":2,"name":"POR LA OLA DE CALOR, LOS BENEFICIARIOS QUE TRABAJAN EN PARCELAS NO DEBEN ASISTIR ESTE MI\u00c9RCOLES"}]},{"@type":"WebSite","@id":"https:\/\/apuntesdesanluis.com\/#website","url":"https:\/\/apuntesdesanluis.com\/","name":"Apuntes de San Luis","description":"","publisher":{"@id":"https:\/\/apuntesdesanluis.com\/#\/schema\/person\/b55151d52296fcce64d1a72538a70b90"},"potentialAction":[{"@type":"SearchAction","target":{"@type":"EntryPoint","urlTemplate":"https:\/\/apuntesdesanluis.com\/?s={search_term_string}"},"query-input":{"@type":"PropertyValueSpecification","valueRequired":true,"valueName":"search_term_string"}}],"inLanguage":"es-AR"},{"@type":["Person","Organization"],"@id":"https:\/\/apuntesdesanluis.com\/#\/schema\/person\/b55151d52296fcce64d1a72538a70b90","name":"apuntesdesanluis.com","image":{"@type":"ImageObject","inLanguage":"es-AR","@id":"https:\/\/apuntesdesanluis.com\/#\/schema\/person\/image\/","url":"https:\/\/apuntesdesanluis.com\/wp-content\/uploads\/2023\/07\/cropped-apuntesdesanluis.png","contentUrl":"https:\/\/apuntesdesanluis.com\/wp-content\/uploads\/2023\/07\/cropped-apuntesdesanluis.png","width":450,"height":112,"caption":"apuntesdesanluis.com"},"logo":{"@id":"https:\/\/apuntesdesanluis.com\/#\/schema\/person\/image\/"},"sameAs":["https:\/\/apuntesdesanluis.com"],"url":"https:\/\/apuntesdesanluis.com\/index.php\/author\/apuntesdesanluis-com\/"}]}},"featured_image_urls":{"full":["https:\/\/apuntesdesanluis.com\/wp-content\/uploads\/2024\/01\/calor-plan-de-inclusion.png",670,432,false],"thumbnail":["https:\/\/apuntesdesanluis.com\/wp-content\/uploads\/2024\/01\/calor-plan-de-inclusion-150x150.png",150,150,true],"medium":["https:\/\/apuntesdesanluis.com\/wp-content\/uploads\/2024\/01\/calor-plan-de-inclusion-300x193.png",300,193,true],"medium_large":["https:\/\/apuntesdesanluis.com\/wp-content\/uploads\/2024\/01\/calor-plan-de-inclusion.png",640,413,false],"large":["https:\/\/apuntesdesanluis.com\/wp-content\/uploads\/2024\/01\/calor-plan-de-inclusion.png",640,413,false],"1536x1536":["https:\/\/apuntesdesanluis.com\/wp-content\/uploads\/2024\/01\/calor-plan-de-inclusion.png",670,432,false],"2048x2048":["https:\/\/apuntesdesanluis.com\/wp-content\/uploads\/2024\/01\/calor-plan-de-inclusion.png",670,432,false],"newsever-slider-full":["https:\/\/apuntesdesanluis.com\/wp-content\/uploads\/2024\/01\/calor-plan-de-inclusion.png",670,432,false],"newsever-featured":["https:\/\/apuntesdesanluis.com\/wp-content\/uploads\/2024\/01\/calor-plan-de-inclusion.png",670,432,false],"newsever-medium":["https:\/\/apuntesdesanluis.com\/wp-content\/uploads\/2024\/01\/calor-plan-de-inclusion.png",670,432,false]},"author_info":{"display_name":"apuntesdesanluis.com","author_link":"https:\/\/apuntesdesanluis.com\/index.php\/author\/apuntesdesanluis-com\/"},"category_info":"<a href=\"https:\/\/apuntesdesanluis.com\/index.php\/category\/ciudad-provincia\/\" rel=\"category tag\">Ciudad\/Provincia<\/a>","tag_info":"Ciudad\/Provincia","comment_count":"0","_links":{"self":[{"href":"https:\/\/apuntesdesanluis.com\/index.php\/wp-json\/wp\/v2\/posts\/10980","targetHints":{"allow":["GET"]}}],"collection":[{"href":"https:\/\/apuntesdesanluis.com\/index.php\/wp-json\/wp\/v2\/posts"}],"about":[{"href":"https:\/\/apuntesdesanluis.com\/index.php\/wp-json\/wp\/v2\/types\/post"}],"author":[{"embeddable":true,"href":"https:\/\/apuntesdesanluis.com\/index.php\/wp-json\/wp\/v2\/users\/1"}],"replies":[{"embeddable":true,"href":"https:\/\/apuntesdesanluis.com\/index.php\/wp-json\/wp\/v2\/comments?post=10980"}],"version-history":[{"count":1,"href":"https:\/\/apuntesdesanluis.com\/index.php\/wp-json\/wp\/v2\/posts\/10980\/revisions"}],"predecessor-version":[{"id":10982,"href":"https:\/\/apuntesdesanluis.com\/index.php\/wp-json\/wp\/v2\/posts\/10980\/revisions\/10982"}],"wp:featuredmedia":[{"embeddable":true,"href":"https:\/\/apuntesdesanluis.com\/index.php\/wp-json\/wp\/v2\/media\/10981"}],"wp:attachment":[{"href":"https:\/\/apuntesdesanluis.com\/index.php\/wp-json\/wp\/v2\/media?parent=10980"}],"wp:term":[{"taxonomy":"category","embeddable":true,"href":"https:\/\/apuntesdesanluis.com\/index.php\/wp-json\/wp\/v2\/categories?post=10980"},{"taxonomy":"post_tag","embeddable":true,"href":"https:\/\/apuntesdesanluis.com\/index.php\/wp-json\/wp\/v2\/tags?post=10980"}],"curies":[{"name":"wp","href":"https:\/\/api.w.org\/{rel}","templated":true}]}}