{"id":10983,"date":"2024-01-30T23:29:06","date_gmt":"2024-01-31T02:29:06","guid":{"rendered":"https:\/\/apuntesdesanluis.com\/?p=10983"},"modified":"2024-01-30T23:37:30","modified_gmt":"2024-01-31T02:37:30","slug":"gestiones-de-pucci-ante-la-acuciante-situacion-economica-nacional","status":"publish","type":"post","link":"https:\/\/apuntesdesanluis.com\/index.php\/2024\/01\/30\/gestiones-de-pucci-ante-la-acuciante-situacion-economica-nacional\/","title":{"rendered":"GESTIONES DE PUCCI ANTE LA ACUCIANTE SITUACI\u00d3N ECON\u00d3MICA NACIONAL"},"content":{"rendered":"<h3>El Secretario General de la <strong>Asociaci\u00f3n de Docentes e Investigadores<\/strong> (ADOU) de la Unvime, Ing. <strong>Arnoldo Pucci<\/strong>, mantuvo reuniones entre lunes y martes con legisladores nacionales, a partir de conocerse la decisi\u00f3n del gobierno nacional de prohibir los anticipos financieros de los bancos para el pago en t\u00e9rmino de los salarios a los empleados del sector p\u00fablico.<\/h3>\n<h3>\u201cApenas conocimos esta medida del Banco Central, que iba a tener consecuencias sobre el pago salarial en t\u00e9rmino del personal de las universidades, entre otros sectores, junto a otros dirigentes gremiales concurrimos al congreso y nos reunimos con legisladores del oficialismo y de la oposici\u00f3n, para expresar nuestro rechazo y reclamar que se revirtiera esta medida\u201d, se\u00f1al\u00f3.<\/h3>\n<h3>En este sentido, agreg\u00f3 su benepl\u00e1cito por la noticia conocida hoy, de que el Banco Central extendi\u00f3 la autorizaci\u00f3n para que el Banco Naci\u00f3n contin\u00fae adelantando los fondos de n\u00f3mina salarial a las universidades y entidades de las que es agente financiero.<\/h3>\n<h3>\u201cEs lo que corresponde, porque la medida ten\u00eda resultado neutro para el gobierno. No le sale m\u00e1s caro ni m\u00e1s barato dar o cortar este financiamiento. Era una medida que en principio estuvo destinada a castigar y coaccionar a las provincias, para que sus legisladores voten la ley \u00f3mnibus, pero no se llev\u00f3 en cuenta que terminaba perjudicando tambi\u00e9n a las universidades y a todos los empleados p\u00fablicos nacionales en cada provincia, por lo que el Ministerio de Econom\u00eda tuvo que dar marcha atr\u00e1s\u201d, explic\u00f3.<\/h3>\n<h3>Por otro lado Pucci, quien tambi\u00e9n integra la mesa nacional de CONADU y se encuentra realizando gestiones en Buenos Aires, expres\u00f3 su preocupaci\u00f3n por el deterioro salarial de los \u00faltimos meses y la necesidad de una \u201curgente recomposici\u00f3n salarial\u201d para todo el personal de las universidades.<\/h3>\n<h3>Al respecto adelant\u00f3 que \u201cproducto de las reuniones mantenidas con los legisladores nacionales se logr\u00f3 dejar sin efecto la medida y tambi\u00e9n se abrieron las puertas para una reuni\u00f3n que mantendremos con funcionarios nacionales, para comenzar a hablar una compensaci\u00f3n ante la escalada inflacionaria\u201d.<\/h3>\n<h3>En este contexto, precis\u00f3 que este <strong>jueves a las 17:30 h<\/strong> los gremios que representan a los docentes universitarios y al personal nodocente, ser\u00e1n recibidos por <strong>Carlos Torrendell<\/strong>, el nuevo Secretario de Educaci\u00f3n, y <strong>Omar Yasin<\/strong>, flamante Secretario de Trabajo.<\/h3>\n<p>&nbsp;<\/p>\n<h3><span style=\"color: #3366ff;\">NOTICIA RELACIONADA:<\/span><\/h3>\n<p><a href=\"https:\/\/apuntesdesanluis.com\/index.php\/2024\/01\/30\/un-castigo-menos-despues-de-los-reclamos-caputo-libero-fondos-para-el-pago-de-sueldos-en-organismos-publicos\/\" target=\"_blank\" rel=\"noopener\"><img fetchpriority=\"high\" decoding=\"async\" class=\"alignnone  wp-image-10986\" src=\"https:\/\/apuntesdesanluis.com\/wp-content\/uploads\/2024\/01\/POSTEO-12-300x247.png\" alt=\"\" width=\"440\" height=\"362\" srcset=\"https:\/\/apuntesdesanluis.com\/wp-content\/uploads\/2024\/01\/POSTEO-12-300x247.png 300w, https:\/\/apuntesdesanluis.com\/wp-content\/uploads\/2024\/01\/POSTEO-12.png 648w\" sizes=\"(max-width: 440px) 100vw, 440px\" \/><\/a><\/p>\n<p>&nbsp;<\/p>\n<p>&nbsp;<\/p>\n<p>&nbsp;<\/p>\n","protected":false},"excerpt":{"rendered":"<p>El Secretario General de la Asociaci\u00f3n de Docentes e Investigadores (ADOU) de la Unvime, Ing&#8230;.<\/p>\n","protected":false},"author":1,"featured_media":2077,"comment_status":"closed","ping_status":"closed","sticky":false,"template":"","format":"standard","meta":{"footnotes":""},"categories":[6],"tags":[],"class_list":["post-10983","post","type-post","status-publish","format-standard","has-post-thumbnail","hentry","category-ciudad-provincia"],"yoast_head":"<!-- This site is optimized with the Yoast SEO plugin v26.1.1 - https:\/\/yoast.com\/wordpress\/plugins\/seo\/ -->\n<title>GESTIONES DE PUCCI ANTE LA ACUCIANTE SITUACI\u00d3N ECON\u00d3MICA NACIONAL - Apuntes de San Luis<\/title>\n<meta name=\"robots\" content=\"index, follow, max-snippet:-1, max-image-preview:large, max-video-preview:-1\" \/>\n<link rel=\"canonical\" href=\"https:\/\/apuntesdesanluis.com\/index.php\/2024\/01\/30\/gestiones-de-pucci-ante-la-acuciante-situacion-economica-nacional\/\" \/>\n<meta property=\"og:locale\" content=\"es_ES\" \/>\n<meta property=\"og:type\" content=\"article\" \/>\n<meta property=\"og:title\" content=\"GESTIONES DE PUCCI ANTE LA ACUCIANTE SITUACI\u00d3N ECON\u00d3MICA NACIONAL - Apuntes de San Luis\" \/>\n<meta property=\"og:description\" content=\"El Secretario General de la Asociaci\u00f3n de Docentes e Investigadores (ADOU) de la Unvime, Ing....\" \/>\n<meta property=\"og:url\" content=\"https:\/\/apuntesdesanluis.com\/index.php\/2024\/01\/30\/gestiones-de-pucci-ante-la-acuciante-situacion-economica-nacional\/\" \/>\n<meta property=\"og:site_name\" content=\"Apuntes de San Luis\" \/>\n<meta property=\"article:published_time\" content=\"2024-01-31T02:29:06+00:00\" \/>\n<meta property=\"article:modified_time\" content=\"2024-01-31T02:37:30+00:00\" \/>\n<meta property=\"og:image\" content=\"https:\/\/apuntesdesanluis.com\/wp-content\/uploads\/2023\/08\/A.Pucci_-e1706668191513.jpg\" \/>\n\t<meta property=\"og:image:width\" content=\"499\" \/>\n\t<meta property=\"og:image:height\" content=\"417\" \/>\n\t<meta property=\"og:image:type\" content=\"image\/jpeg\" \/>\n<meta name=\"author\" content=\"apuntesdesanluis.com\" \/>\n<meta name=\"twitter:card\" content=\"summary_large_image\" \/>\n<meta name=\"twitter:label1\" content=\"Escrito por\" \/>\n\t<meta name=\"twitter:data1\" content=\"apuntesdesanluis.com\" \/>\n\t<meta name=\"twitter:label2\" content=\"Tiempo de lectura\" \/>\n\t<meta name=\"twitter:data2\" content=\"2 minutos\" \/>\n<script type=\"application\/ld+json\" class=\"yoast-schema-graph\">{\"@context\":\"https:\/\/schema.org\",\"@graph\":[{\"@type\":\"Article\",\"@id\":\"https:\/\/apuntesdesanluis.com\/index.php\/2024\/01\/30\/gestiones-de-pucci-ante-la-acuciante-situacion-economica-nacional\/#article\",\"isPartOf\":{\"@id\":\"https:\/\/apuntesdesanluis.com\/index.php\/2024\/01\/30\/gestiones-de-pucci-ante-la-acuciante-situacion-economica-nacional\/\"},\"author\":{\"name\":\"apuntesdesanluis.com\",\"@id\":\"https:\/\/apuntesdesanluis.com\/#\/schema\/person\/b55151d52296fcce64d1a72538a70b90\"},\"headline\":\"GESTIONES DE PUCCI ANTE LA ACUCIANTE SITUACI\u00d3N ECON\u00d3MICA NACIONAL\",\"datePublished\":\"2024-01-31T02:29:06+00:00\",\"dateModified\":\"2024-01-31T02:37:30+00:00\",\"mainEntityOfPage\":{\"@id\":\"https:\/\/apuntesdesanluis.com\/index.php\/2024\/01\/30\/gestiones-de-pucci-ante-la-acuciante-situacion-economica-nacional\/\"},\"wordCount\":414,\"publisher\":{\"@id\":\"https:\/\/apuntesdesanluis.com\/#\/schema\/person\/b55151d52296fcce64d1a72538a70b90\"},\"image\":{\"@id\":\"https:\/\/apuntesdesanluis.com\/index.php\/2024\/01\/30\/gestiones-de-pucci-ante-la-acuciante-situacion-economica-nacional\/#primaryimage\"},\"thumbnailUrl\":\"https:\/\/apuntesdesanluis.com\/wp-content\/uploads\/2023\/08\/A.Pucci_-e1706668191513.jpg\",\"articleSection\":[\"Ciudad\/Provincia\"],\"inLanguage\":\"es-AR\"},{\"@type\":\"WebPage\",\"@id\":\"https:\/\/apuntesdesanluis.com\/index.php\/2024\/01\/30\/gestiones-de-pucci-ante-la-acuciante-situacion-economica-nacional\/\",\"url\":\"https:\/\/apuntesdesanluis.com\/index.php\/2024\/01\/30\/gestiones-de-pucci-ante-la-acuciante-situacion-economica-nacional\/\",\"name\":\"GESTIONES DE PUCCI ANTE LA ACUCIANTE SITUACI\u00d3N ECON\u00d3MICA NACIONAL - Apuntes de San Luis\",\"isPartOf\":{\"@id\":\"https:\/\/apuntesdesanluis.com\/#website\"},\"primaryImageOfPage\":{\"@id\":\"https:\/\/apuntesdesanluis.com\/index.php\/2024\/01\/30\/gestiones-de-pucci-ante-la-acuciante-situacion-economica-nacional\/#primaryimage\"},\"image\":{\"@id\":\"https:\/\/apuntesdesanluis.com\/index.php\/2024\/01\/30\/gestiones-de-pucci-ante-la-acuciante-situacion-economica-nacional\/#primaryimage\"},\"thumbnailUrl\":\"https:\/\/apuntesdesanluis.com\/wp-content\/uploads\/2023\/08\/A.Pucci_-e1706668191513.jpg\",\"datePublished\":\"2024-01-31T02:29:06+00:00\",\"dateModified\":\"2024-01-31T02:37:30+00:00\",\"breadcrumb\":{\"@id\":\"https:\/\/apuntesdesanluis.com\/index.php\/2024\/01\/30\/gestiones-de-pucci-ante-la-acuciante-situacion-economica-nacional\/#breadcrumb\"},\"inLanguage\":\"es-AR\",\"potentialAction\":[{\"@type\":\"ReadAction\",\"target\":[\"https:\/\/apuntesdesanluis.com\/index.php\/2024\/01\/30\/gestiones-de-pucci-ante-la-acuciante-situacion-economica-nacional\/\"]}]},{\"@type\":\"ImageObject\",\"inLanguage\":\"es-AR\",\"@id\":\"https:\/\/apuntesdesanluis.com\/index.php\/2024\/01\/30\/gestiones-de-pucci-ante-la-acuciante-situacion-economica-nacional\/#primaryimage\",\"url\":\"https:\/\/apuntesdesanluis.com\/wp-content\/uploads\/2023\/08\/A.Pucci_-e1706668191513.jpg\",\"contentUrl\":\"https:\/\/apuntesdesanluis.com\/wp-content\/uploads\/2023\/08\/A.Pucci_-e1706668191513.jpg\",\"width\":499,\"height\":417},{\"@type\":\"BreadcrumbList\",\"@id\":\"https:\/\/apuntesdesanluis.com\/index.php\/2024\/01\/30\/gestiones-de-pucci-ante-la-acuciante-situacion-economica-nacional\/#breadcrumb\",\"itemListElement\":[{\"@type\":\"ListItem\",\"position\":1,\"name\":\"Inicio\",\"item\":\"https:\/\/apuntesdesanluis.com\/\"},{\"@type\":\"ListItem\",\"position\":2,\"name\":\"GESTIONES DE PUCCI ANTE LA ACUCIANTE SITUACI\u00d3N ECON\u00d3MICA NACIONAL\"}]},{\"@type\":\"WebSite\",\"@id\":\"https:\/\/apuntesdesanluis.com\/#website\",\"url\":\"https:\/\/apuntesdesanluis.com\/\",\"name\":\"Apuntes de San Luis\",\"description\":\"\",\"publisher\":{\"@id\":\"https:\/\/apuntesdesanluis.com\/#\/schema\/person\/b55151d52296fcce64d1a72538a70b90\"},\"potentialAction\":[{\"@type\":\"SearchAction\",\"target\":{\"@type\":\"EntryPoint\",\"urlTemplate\":\"https:\/\/apuntesdesanluis.com\/?s={search_term_string}\"},\"query-input\":{\"@type\":\"PropertyValueSpecification\",\"valueRequired\":true,\"valueName\":\"search_term_string\"}}],\"inLanguage\":\"es-AR\"},{\"@type\":[\"Person\",\"Organization\"],\"@id\":\"https:\/\/apuntesdesanluis.com\/#\/schema\/person\/b55151d52296fcce64d1a72538a70b90\",\"name\":\"apuntesdesanluis.com\",\"image\":{\"@type\":\"ImageObject\",\"inLanguage\":\"es-AR\",\"@id\":\"https:\/\/apuntesdesanluis.com\/#\/schema\/person\/image\/\",\"url\":\"https:\/\/apuntesdesanluis.com\/wp-content\/uploads\/2023\/07\/cropped-apuntesdesanluis.png\",\"contentUrl\":\"https:\/\/apuntesdesanluis.com\/wp-content\/uploads\/2023\/07\/cropped-apuntesdesanluis.png\",\"width\":450,\"height\":112,\"caption\":\"apuntesdesanluis.com\"},\"logo\":{\"@id\":\"https:\/\/apuntesdesanluis.com\/#\/schema\/person\/image\/\"},\"sameAs\":[\"https:\/\/apuntesdesanluis.com\"],\"url\":\"https:\/\/apuntesdesanluis.com\/index.php\/author\/apuntesdesanluis-com\/\"}]}<\/script>\n<!-- \/ Yoast SEO plugin. -->","yoast_head_json":{"title":"GESTIONES DE PUCCI ANTE LA ACUCIANTE SITUACI\u00d3N ECON\u00d3MICA NACIONAL - Apuntes de San Luis","robots":{"index":"index","follow":"follow","max-snippet":"max-snippet:-1","max-image-preview":"max-image-preview:large","max-video-preview":"max-video-preview:-1"},"canonical":"https:\/\/apuntesdesanluis.com\/index.php\/2024\/01\/30\/gestiones-de-pucci-ante-la-acuciante-situacion-economica-nacional\/","og_locale":"es_ES","og_type":"article","og_title":"GESTIONES DE PUCCI ANTE LA ACUCIANTE SITUACI\u00d3N ECON\u00d3MICA NACIONAL - Apuntes de San Luis","og_description":"El Secretario General de la Asociaci\u00f3n de Docentes e Investigadores (ADOU) de la Unvime, Ing....","og_url":"https:\/\/apuntesdesanluis.com\/index.php\/2024\/01\/30\/gestiones-de-pucci-ante-la-acuciante-situacion-economica-nacional\/","og_site_name":"Apuntes de San Luis","article_published_time":"2024-01-31T02:29:06+00:00","article_modified_time":"2024-01-31T02:37:30+00:00","og_image":[{"width":499,"height":417,"url":"https:\/\/apuntesdesanluis.com\/wp-content\/uploads\/2023\/08\/A.Pucci_-e1706668191513.jpg","type":"image\/jpeg"}],"author":"apuntesdesanluis.com","twitter_card":"summary_large_image","twitter_misc":{"Escrito por":"apuntesdesanluis.com","Tiempo de lectura":"2 minutos"},"schema":{"@context":"https:\/\/schema.org","@graph":[{"@type":"Article","@id":"https:\/\/apuntesdesanluis.com\/index.php\/2024\/01\/30\/gestiones-de-pucci-ante-la-acuciante-situacion-economica-nacional\/#article","isPartOf":{"@id":"https:\/\/apuntesdesanluis.com\/index.php\/2024\/01\/30\/gestiones-de-pucci-ante-la-acuciante-situacion-economica-nacional\/"},"author":{"name":"apuntesdesanluis.com","@id":"https:\/\/apuntesdesanluis.com\/#\/schema\/person\/b55151d52296fcce64d1a72538a70b90"},"headline":"GESTIONES DE PUCCI ANTE LA ACUCIANTE SITUACI\u00d3N ECON\u00d3MICA NACIONAL","datePublished":"2024-01-31T02:29:06+00:00","dateModified":"2024-01-31T02:37:30+00:00","mainEntityOfPage":{"@id":"https:\/\/apuntesdesanluis.com\/index.php\/2024\/01\/30\/gestiones-de-pucci-ante-la-acuciante-situacion-economica-nacional\/"},"wordCount":414,"publisher":{"@id":"https:\/\/apuntesdesanluis.com\/#\/schema\/person\/b55151d52296fcce64d1a72538a70b90"},"image":{"@id":"https:\/\/apuntesdesanluis.com\/index.php\/2024\/01\/30\/gestiones-de-pucci-ante-la-acuciante-situacion-economica-nacional\/#primaryimage"},"thumbnailUrl":"https:\/\/apuntesdesanluis.com\/wp-content\/uploads\/2023\/08\/A.Pucci_-e1706668191513.jpg","articleSection":["Ciudad\/Provincia"],"inLanguage":"es-AR"},{"@type":"WebPage","@id":"https:\/\/apuntesdesanluis.com\/index.php\/2024\/01\/30\/gestiones-de-pucci-ante-la-acuciante-situacion-economica-nacional\/","url":"https:\/\/apuntesdesanluis.com\/index.php\/2024\/01\/30\/gestiones-de-pucci-ante-la-acuciante-situacion-economica-nacional\/","name":"GESTIONES DE PUCCI ANTE LA ACUCIANTE SITUACI\u00d3N ECON\u00d3MICA NACIONAL - Apuntes de San Luis","isPartOf":{"@id":"https:\/\/apuntesdesanluis.com\/#website"},"primaryImageOfPage":{"@id":"https:\/\/apuntesdesanluis.com\/index.php\/2024\/01\/30\/gestiones-de-pucci-ante-la-acuciante-situacion-economica-nacional\/#primaryimage"},"image":{"@id":"https:\/\/apuntesdesanluis.com\/index.php\/2024\/01\/30\/gestiones-de-pucci-ante-la-acuciante-situacion-economica-nacional\/#primaryimage"},"thumbnailUrl":"https:\/\/apuntesdesanluis.com\/wp-content\/uploads\/2023\/08\/A.Pucci_-e1706668191513.jpg","datePublished":"2024-01-31T02:29:06+00:00","dateModified":"2024-01-31T02:37:30+00:00","breadcrumb":{"@id":"https:\/\/apuntesdesanluis.com\/index.php\/2024\/01\/30\/gestiones-de-pucci-ante-la-acuciante-situacion-economica-nacional\/#breadcrumb"},"inLanguage":"es-AR","potentialAction":[{"@type":"ReadAction","target":["https:\/\/apuntesdesanluis.com\/index.php\/2024\/01\/30\/gestiones-de-pucci-ante-la-acuciante-situacion-economica-nacional\/"]}]},{"@type":"ImageObject","inLanguage":"es-AR","@id":"https:\/\/apuntesdesanluis.com\/index.php\/2024\/01\/30\/gestiones-de-pucci-ante-la-acuciante-situacion-economica-nacional\/#primaryimage","url":"https:\/\/apuntesdesanluis.com\/wp-content\/uploads\/2023\/08\/A.Pucci_-e1706668191513.jpg","contentUrl":"https:\/\/apuntesdesanluis.com\/wp-content\/uploads\/2023\/08\/A.Pucci_-e1706668191513.jpg","width":499,"height":417},{"@type":"BreadcrumbList","@id":"https:\/\/apuntesdesanluis.com\/index.php\/2024\/01\/30\/gestiones-de-pucci-ante-la-acuciante-situacion-economica-nacional\/#breadcrumb","itemListElement":[{"@type":"ListItem","position":1,"name":"Inicio","item":"https:\/\/apuntesdesanluis.com\/"},{"@type":"ListItem","position":2,"name":"GESTIONES DE PUCCI ANTE LA ACUCIANTE SITUACI\u00d3N ECON\u00d3MICA NACIONAL"}]},{"@type":"WebSite","@id":"https:\/\/apuntesdesanluis.com\/#website","url":"https:\/\/apuntesdesanluis.com\/","name":"Apuntes de San Luis","description":"","publisher":{"@id":"https:\/\/apuntesdesanluis.com\/#\/schema\/person\/b55151d52296fcce64d1a72538a70b90"},"potentialAction":[{"@type":"SearchAction","target":{"@type":"EntryPoint","urlTemplate":"https:\/\/apuntesdesanluis.com\/?s={search_term_string}"},"query-input":{"@type":"PropertyValueSpecification","valueRequired":true,"valueName":"search_term_string"}}],"inLanguage":"es-AR"},{"@type":["Person","Organization"],"@id":"https:\/\/apuntesdesanluis.com\/#\/schema\/person\/b55151d52296fcce64d1a72538a70b90","name":"apuntesdesanluis.com","image":{"@type":"ImageObject","inLanguage":"es-AR","@id":"https:\/\/apuntesdesanluis.com\/#\/schema\/person\/image\/","url":"https:\/\/apuntesdesanluis.com\/wp-content\/uploads\/2023\/07\/cropped-apuntesdesanluis.png","contentUrl":"https:\/\/apuntesdesanluis.com\/wp-content\/uploads\/2023\/07\/cropped-apuntesdesanluis.png","width":450,"height":112,"caption":"apuntesdesanluis.com"},"logo":{"@id":"https:\/\/apuntesdesanluis.com\/#\/schema\/person\/image\/"},"sameAs":["https:\/\/apuntesdesanluis.com"],"url":"https:\/\/apuntesdesanluis.com\/index.php\/author\/apuntesdesanluis-com\/"}]}},"featured_image_urls":{"full":["https:\/\/apuntesdesanluis.com\/wp-content\/uploads\/2023\/08\/A.Pucci_-e1706668191513.jpg",499,417,false],"thumbnail":["https:\/\/apuntesdesanluis.com\/wp-content\/uploads\/2023\/08\/A.Pucci_-e1706668191513-150x150.jpg",150,150,true],"medium":["https:\/\/apuntesdesanluis.com\/wp-content\/uploads\/2023\/08\/A.Pucci_-e1706668191513-300x251.jpg",300,251,true],"medium_large":["https:\/\/apuntesdesanluis.com\/wp-content\/uploads\/2023\/08\/A.Pucci_-e1706668191513.jpg",499,417,false],"large":["https:\/\/apuntesdesanluis.com\/wp-content\/uploads\/2023\/08\/A.Pucci_-e1706668191513.jpg",499,417,false],"1536x1536":["https:\/\/apuntesdesanluis.com\/wp-content\/uploads\/2023\/08\/A.Pucci_-e1706668191513.jpg",499,417,false],"2048x2048":["https:\/\/apuntesdesanluis.com\/wp-content\/uploads\/2023\/08\/A.Pucci_-e1706668191513.jpg",499,417,false],"newsever-slider-full":["https:\/\/apuntesdesanluis.com\/wp-content\/uploads\/2023\/08\/A.Pucci_-e1706668191513.jpg",499,417,false],"newsever-featured":["https:\/\/apuntesdesanluis.com\/wp-content\/uploads\/2023\/08\/A.Pucci_-e1706668191513.jpg",499,417,false],"newsever-medium":["https:\/\/apuntesdesanluis.com\/wp-content\/uploads\/2023\/08\/A.Pucci_-500x475.jpg",500,475,true]},"author_info":{"display_name":"apuntesdesanluis.com","author_link":"https:\/\/apuntesdesanluis.com\/index.php\/author\/apuntesdesanluis-com\/"},"category_info":"<a href=\"https:\/\/apuntesdesanluis.com\/index.php\/category\/ciudad-provincia\/\" rel=\"category tag\">Ciudad\/Provincia<\/a>","tag_info":"Ciudad\/Provincia","comment_count":"0","_links":{"self":[{"href":"https:\/\/apuntesdesanluis.com\/index.php\/wp-json\/wp\/v2\/posts\/10983","targetHints":{"allow":["GET"]}}],"collection":[{"href":"https:\/\/apuntesdesanluis.com\/index.php\/wp-json\/wp\/v2\/posts"}],"about":[{"href":"https:\/\/apuntesdesanluis.com\/index.php\/wp-json\/wp\/v2\/types\/post"}],"author":[{"embeddable":true,"href":"https:\/\/apuntesdesanluis.com\/index.php\/wp-json\/wp\/v2\/users\/1"}],"replies":[{"embeddable":true,"href":"https:\/\/apuntesdesanluis.com\/index.php\/wp-json\/wp\/v2\/comments?post=10983"}],"version-history":[{"count":3,"href":"https:\/\/apuntesdesanluis.com\/index.php\/wp-json\/wp\/v2\/posts\/10983\/revisions"}],"predecessor-version":[{"id":10987,"href":"https:\/\/apuntesdesanluis.com\/index.php\/wp-json\/wp\/v2\/posts\/10983\/revisions\/10987"}],"wp:featuredmedia":[{"embeddable":true,"href":"https:\/\/apuntesdesanluis.com\/index.php\/wp-json\/wp\/v2\/media\/2077"}],"wp:attachment":[{"href":"https:\/\/apuntesdesanluis.com\/index.php\/wp-json\/wp\/v2\/media?parent=10983"}],"wp:term":[{"taxonomy":"category","embeddable":true,"href":"https:\/\/apuntesdesanluis.com\/index.php\/wp-json\/wp\/v2\/categories?post=10983"},{"taxonomy":"post_tag","embeddable":true,"href":"https:\/\/apuntesdesanluis.com\/index.php\/wp-json\/wp\/v2\/tags?post=10983"}],"curies":[{"name":"wp","href":"https:\/\/api.w.org\/{rel}","templated":true}]}}