{"id":10988,"date":"2024-01-31T00:09:01","date_gmt":"2024-01-31T03:09:01","guid":{"rendered":"https:\/\/apuntesdesanluis.com\/?p=10988"},"modified":"2024-01-31T00:36:44","modified_gmt":"2024-01-31T03:36:44","slug":"horacio-rodriguez-larreta-podria-asesorar-al-gobierno-de-san-luis","status":"publish","type":"post","link":"https:\/\/apuntesdesanluis.com\/index.php\/2024\/01\/31\/horacio-rodriguez-larreta-podria-asesorar-al-gobierno-de-san-luis\/","title":{"rendered":"\u00bfHORACIO RODR\u00cdGUEZ LARRETA PODR\u00cdA ASESORAR AL GOBIERNO DE SAN LUIS?"},"content":{"rendered":"<h3>La reuni\u00f3n que mantuvo el ex jefe de Gobierno de la ciudad Aut\u00f3noma de Buenos Aires este lunes, con el gobernador de San Luis, <strong>Claudio Poggi<\/strong>, fue interpretada por distintos medios nacionales como una &#8220;vuelta a la pol\u00edtica&#8221; del frustrado candidato presidencial.<\/h3>\n<p><img fetchpriority=\"high\" decoding=\"async\" class=\"wp-image-10998 aligncenter\" src=\"https:\/\/apuntesdesanluis.com\/wp-content\/uploads\/2024\/01\/border-300x263.png\" alt=\"\" width=\"583\" height=\"511\" srcset=\"https:\/\/apuntesdesanluis.com\/wp-content\/uploads\/2024\/01\/border-300x263.png 300w, https:\/\/apuntesdesanluis.com\/wp-content\/uploads\/2024\/01\/border.png 746w\" sizes=\"(max-width: 583px) 100vw, 583px\" \/><\/p>\n<h3>La reuni\u00f3n se concret\u00f3 en horas del mediod\u00eda en el despacho del primer mandatario, en Terrazas del Portezuelo. En la misma, adem\u00e1s de abordar diversos temas espec\u00edficos, analizaron el contexto nacional y provincial actual.<\/h3>\n<h3>Durante el encuentro, que se extendi\u00f3 por aproximadamente una hora, <strong>Horacio Rodr\u00edguez Larreta<\/strong> \u201cse puso a disposici\u00f3n del Gobernador para colaborar en pol\u00edticas centrales como la salud, seguridad y educaci\u00f3n, temas que desarroll\u00f3 durante su gesti\u00f3n con marcado \u00e9xito\u201d, inform\u00f3 la Agencia de Noticias San Luis.<\/h3>\n<h3>A partir de ese momento comenz\u00f3 a especularse con la posibilidad de que el gobernador le haya ofrecido a Rodr\u00edguez Larreta un cargo de asesor en su gobierno, utilizando la Casa de San Luis como su despacho. Como se recordar\u00e1, esa extensi\u00f3n puntana en Capital Federal est\u00e1 a cargo de la ex senadora nacional del PRO, <strong>Gabriela Gonz\u00e1lez Riollo<\/strong>, quien ocupa el pomposo cargo de Secretaria de Estado de Vinculaci\u00f3n Interjurisdiccional, aunque en la pr\u00e1ctica reside y trabaja en Buenos Aires y casi nunca se la ve en San Luis.<\/h3>\n<h3>El ex mandam\u00e1s porte\u00f1o luego de la reuni\u00f3n con Poggi continu\u00f3 viaje a Mendoza, pero a los pocos minutos efectu\u00f3 un posteo que aliment\u00f3 a\u00fan m\u00e1s las versiones. <strong>&#8220;Mi vocaci\u00f3n por cambiar la Argentina no depende de un puesto o una elecci\u00f3n. Por eso visit\u00e9 San Luis para trabajar junto a @claudiojpoggi y aportar mi experiencia en gesti\u00f3n, para que desde la gobernaci\u00f3n se puedan hacer los cambios que la provincia necesita&#8221;<\/strong>, escribi\u00f3 Larreta.<\/h3>\n<h3><img decoding=\"async\" class=\"wp-image-10990 aligncenter\" src=\"https:\/\/apuntesdesanluis.com\/wp-content\/uploads\/2024\/01\/posteo-de-horacio-296x300.png\" alt=\"\" width=\"606\" height=\"614\" srcset=\"https:\/\/apuntesdesanluis.com\/wp-content\/uploads\/2024\/01\/posteo-de-horacio-296x300.png 296w, https:\/\/apuntesdesanluis.com\/wp-content\/uploads\/2024\/01\/posteo-de-horacio.png 741w\" sizes=\"(max-width: 606px) 100vw, 606px\" \/><\/h3>\n<h3>Es de recordar que el ex alcalde capitalino y Poggi construyeron una relaci\u00f3n de mucha cercan\u00eda en los \u00faltimos a\u00f1os, cuando este \u00faltimo era senador y luego diputado nacional. Tanto es as\u00ed que incluso fue uno de los principales sostenes para su campa\u00f1a a la gobernaci\u00f3n. Poggi por su lado le retribuy\u00f3 apoy\u00e1ndolo en las PASO cuando compiti\u00f3 por la candidatura presidencial con Patricia Bullrich.<\/h3>\n<h3>Dos fuentes consultadas de Terrazas del Portezuelo sobre la posibilidad de que se le haya ofrecido a Larreta un cargo en el gobierno de Claudio Poggi, expresaron dis\u00edmiles respuestas: \u201cMe suena a pescado podrido\u201d, dijo uno. El otro aventur\u00f3 que \u201ceso lo sabe s\u00f3lo Claudio, pero no lo descarto en absoluto, ser\u00eda un lujo\u201d.<\/h3>\n<p><img decoding=\"async\" class=\"wp-image-10995 aligncenter\" src=\"https:\/\/apuntesdesanluis.com\/wp-content\/uploads\/2024\/01\/solos-300x181.png\" alt=\"\" width=\"580\" height=\"350\" srcset=\"https:\/\/apuntesdesanluis.com\/wp-content\/uploads\/2024\/01\/solos-300x181.png 300w, https:\/\/apuntesdesanluis.com\/wp-content\/uploads\/2024\/01\/solos.png 550w\" sizes=\"(max-width: 580px) 100vw, 580px\" \/><\/p>\n<h3>Lo cierto es que los dirigentes estuvieron reunidos por aproximadamente una hora, a solas, en el despacho del gobernador, quien incluso luego lo present\u00f3 en la reuni\u00f3n de gabinete a todos los ministros. \u00bfPara que lo llev\u00f3 y lo present\u00f3?, es otra de las preguntas.<\/h3>\n<h3>Cuando el r\u00edo suena \u2026<\/h3>\n<p>&nbsp;<\/p>\n<p>&nbsp;<\/p>\n<p>&nbsp;<\/p>\n<p>&nbsp;<\/p>\n<p>&nbsp;<\/p>\n<p>&nbsp;<\/p>\n<p>&nbsp;<\/p>\n","protected":false},"excerpt":{"rendered":"<p>La reuni\u00f3n que mantuvo el ex jefe de Gobierno de la ciudad Aut\u00f3noma de Buenos&#8230;<\/p>\n","protected":false},"author":1,"featured_media":10989,"comment_status":"closed","ping_status":"closed","sticky":false,"template":"","format":"standard","meta":{"footnotes":""},"categories":[6],"tags":[],"class_list":["post-10988","post","type-post","status-publish","format-standard","has-post-thumbnail","hentry","category-ciudad-provincia"],"yoast_head":"<!-- This site is optimized with the Yoast SEO plugin v26.1.1 - https:\/\/yoast.com\/wordpress\/plugins\/seo\/ -->\n<title>\u00bfHORACIO RODR\u00cdGUEZ LARRETA PODR\u00cdA ASESORAR AL GOBIERNO DE SAN LUIS? - Apuntes de San Luis<\/title>\n<meta name=\"robots\" content=\"index, follow, max-snippet:-1, max-image-preview:large, max-video-preview:-1\" \/>\n<link rel=\"canonical\" href=\"https:\/\/apuntesdesanluis.com\/index.php\/2024\/01\/31\/horacio-rodriguez-larreta-podria-asesorar-al-gobierno-de-san-luis\/\" \/>\n<meta property=\"og:locale\" content=\"es_ES\" \/>\n<meta property=\"og:type\" content=\"article\" \/>\n<meta property=\"og:title\" content=\"\u00bfHORACIO RODR\u00cdGUEZ LARRETA PODR\u00cdA ASESORAR AL GOBIERNO DE SAN LUIS? - Apuntes de San Luis\" \/>\n<meta property=\"og:description\" content=\"La reuni\u00f3n que mantuvo el ex jefe de Gobierno de la ciudad Aut\u00f3noma de Buenos...\" \/>\n<meta property=\"og:url\" content=\"https:\/\/apuntesdesanluis.com\/index.php\/2024\/01\/31\/horacio-rodriguez-larreta-podria-asesorar-al-gobierno-de-san-luis\/\" \/>\n<meta property=\"og:site_name\" content=\"Apuntes de San Luis\" \/>\n<meta property=\"article:published_time\" content=\"2024-01-31T03:09:01+00:00\" \/>\n<meta property=\"article:modified_time\" content=\"2024-01-31T03:36:44+00:00\" \/>\n<meta property=\"og:image\" content=\"https:\/\/apuntesdesanluis.com\/wp-content\/uploads\/2024\/01\/POGGI-Y-LARRETA.png\" \/>\n\t<meta property=\"og:image:width\" content=\"600\" \/>\n\t<meta property=\"og:image:height\" content=\"401\" \/>\n\t<meta property=\"og:image:type\" content=\"image\/png\" \/>\n<meta name=\"author\" content=\"apuntesdesanluis.com\" \/>\n<meta name=\"twitter:card\" content=\"summary_large_image\" \/>\n<meta name=\"twitter:label1\" content=\"Escrito por\" \/>\n\t<meta name=\"twitter:data1\" content=\"apuntesdesanluis.com\" \/>\n\t<meta name=\"twitter:label2\" content=\"Tiempo de lectura\" \/>\n\t<meta name=\"twitter:data2\" content=\"3 minutos\" \/>\n<script type=\"application\/ld+json\" class=\"yoast-schema-graph\">{\"@context\":\"https:\/\/schema.org\",\"@graph\":[{\"@type\":\"Article\",\"@id\":\"https:\/\/apuntesdesanluis.com\/index.php\/2024\/01\/31\/horacio-rodriguez-larreta-podria-asesorar-al-gobierno-de-san-luis\/#article\",\"isPartOf\":{\"@id\":\"https:\/\/apuntesdesanluis.com\/index.php\/2024\/01\/31\/horacio-rodriguez-larreta-podria-asesorar-al-gobierno-de-san-luis\/\"},\"author\":{\"name\":\"apuntesdesanluis.com\",\"@id\":\"https:\/\/apuntesdesanluis.com\/#\/schema\/person\/b55151d52296fcce64d1a72538a70b90\"},\"headline\":\"\u00bfHORACIO RODR\u00cdGUEZ LARRETA PODR\u00cdA ASESORAR AL GOBIERNO DE SAN LUIS?\",\"datePublished\":\"2024-01-31T03:09:01+00:00\",\"dateModified\":\"2024-01-31T03:36:44+00:00\",\"mainEntityOfPage\":{\"@id\":\"https:\/\/apuntesdesanluis.com\/index.php\/2024\/01\/31\/horacio-rodriguez-larreta-podria-asesorar-al-gobierno-de-san-luis\/\"},\"wordCount\":510,\"publisher\":{\"@id\":\"https:\/\/apuntesdesanluis.com\/#\/schema\/person\/b55151d52296fcce64d1a72538a70b90\"},\"image\":{\"@id\":\"https:\/\/apuntesdesanluis.com\/index.php\/2024\/01\/31\/horacio-rodriguez-larreta-podria-asesorar-al-gobierno-de-san-luis\/#primaryimage\"},\"thumbnailUrl\":\"https:\/\/apuntesdesanluis.com\/wp-content\/uploads\/2024\/01\/POGGI-Y-LARRETA.png\",\"articleSection\":[\"Ciudad\/Provincia\"],\"inLanguage\":\"es-AR\"},{\"@type\":\"WebPage\",\"@id\":\"https:\/\/apuntesdesanluis.com\/index.php\/2024\/01\/31\/horacio-rodriguez-larreta-podria-asesorar-al-gobierno-de-san-luis\/\",\"url\":\"https:\/\/apuntesdesanluis.com\/index.php\/2024\/01\/31\/horacio-rodriguez-larreta-podria-asesorar-al-gobierno-de-san-luis\/\",\"name\":\"\u00bfHORACIO RODR\u00cdGUEZ LARRETA PODR\u00cdA ASESORAR AL GOBIERNO DE SAN LUIS? - Apuntes de San Luis\",\"isPartOf\":{\"@id\":\"https:\/\/apuntesdesanluis.com\/#website\"},\"primaryImageOfPage\":{\"@id\":\"https:\/\/apuntesdesanluis.com\/index.php\/2024\/01\/31\/horacio-rodriguez-larreta-podria-asesorar-al-gobierno-de-san-luis\/#primaryimage\"},\"image\":{\"@id\":\"https:\/\/apuntesdesanluis.com\/index.php\/2024\/01\/31\/horacio-rodriguez-larreta-podria-asesorar-al-gobierno-de-san-luis\/#primaryimage\"},\"thumbnailUrl\":\"https:\/\/apuntesdesanluis.com\/wp-content\/uploads\/2024\/01\/POGGI-Y-LARRETA.png\",\"datePublished\":\"2024-01-31T03:09:01+00:00\",\"dateModified\":\"2024-01-31T03:36:44+00:00\",\"breadcrumb\":{\"@id\":\"https:\/\/apuntesdesanluis.com\/index.php\/2024\/01\/31\/horacio-rodriguez-larreta-podria-asesorar-al-gobierno-de-san-luis\/#breadcrumb\"},\"inLanguage\":\"es-AR\",\"potentialAction\":[{\"@type\":\"ReadAction\",\"target\":[\"https:\/\/apuntesdesanluis.com\/index.php\/2024\/01\/31\/horacio-rodriguez-larreta-podria-asesorar-al-gobierno-de-san-luis\/\"]}]},{\"@type\":\"ImageObject\",\"inLanguage\":\"es-AR\",\"@id\":\"https:\/\/apuntesdesanluis.com\/index.php\/2024\/01\/31\/horacio-rodriguez-larreta-podria-asesorar-al-gobierno-de-san-luis\/#primaryimage\",\"url\":\"https:\/\/apuntesdesanluis.com\/wp-content\/uploads\/2024\/01\/POGGI-Y-LARRETA.png\",\"contentUrl\":\"https:\/\/apuntesdesanluis.com\/wp-content\/uploads\/2024\/01\/POGGI-Y-LARRETA.png\",\"width\":600,\"height\":401},{\"@type\":\"BreadcrumbList\",\"@id\":\"https:\/\/apuntesdesanluis.com\/index.php\/2024\/01\/31\/horacio-rodriguez-larreta-podria-asesorar-al-gobierno-de-san-luis\/#breadcrumb\",\"itemListElement\":[{\"@type\":\"ListItem\",\"position\":1,\"name\":\"Inicio\",\"item\":\"https:\/\/apuntesdesanluis.com\/\"},{\"@type\":\"ListItem\",\"position\":2,\"name\":\"\u00bfHORACIO RODR\u00cdGUEZ LARRETA PODR\u00cdA ASESORAR AL GOBIERNO DE SAN LUIS?\"}]},{\"@type\":\"WebSite\",\"@id\":\"https:\/\/apuntesdesanluis.com\/#website\",\"url\":\"https:\/\/apuntesdesanluis.com\/\",\"name\":\"Apuntes de San Luis\",\"description\":\"\",\"publisher\":{\"@id\":\"https:\/\/apuntesdesanluis.com\/#\/schema\/person\/b55151d52296fcce64d1a72538a70b90\"},\"potentialAction\":[{\"@type\":\"SearchAction\",\"target\":{\"@type\":\"EntryPoint\",\"urlTemplate\":\"https:\/\/apuntesdesanluis.com\/?s={search_term_string}\"},\"query-input\":{\"@type\":\"PropertyValueSpecification\",\"valueRequired\":true,\"valueName\":\"search_term_string\"}}],\"inLanguage\":\"es-AR\"},{\"@type\":[\"Person\",\"Organization\"],\"@id\":\"https:\/\/apuntesdesanluis.com\/#\/schema\/person\/b55151d52296fcce64d1a72538a70b90\",\"name\":\"apuntesdesanluis.com\",\"image\":{\"@type\":\"ImageObject\",\"inLanguage\":\"es-AR\",\"@id\":\"https:\/\/apuntesdesanluis.com\/#\/schema\/person\/image\/\",\"url\":\"https:\/\/apuntesdesanluis.com\/wp-content\/uploads\/2023\/07\/cropped-apuntesdesanluis.png\",\"contentUrl\":\"https:\/\/apuntesdesanluis.com\/wp-content\/uploads\/2023\/07\/cropped-apuntesdesanluis.png\",\"width\":450,\"height\":112,\"caption\":\"apuntesdesanluis.com\"},\"logo\":{\"@id\":\"https:\/\/apuntesdesanluis.com\/#\/schema\/person\/image\/\"},\"sameAs\":[\"https:\/\/apuntesdesanluis.com\"],\"url\":\"https:\/\/apuntesdesanluis.com\/index.php\/author\/apuntesdesanluis-com\/\"}]}<\/script>\n<!-- \/ Yoast SEO plugin. -->","yoast_head_json":{"title":"\u00bfHORACIO RODR\u00cdGUEZ LARRETA PODR\u00cdA ASESORAR AL GOBIERNO DE SAN LUIS? - Apuntes de San Luis","robots":{"index":"index","follow":"follow","max-snippet":"max-snippet:-1","max-image-preview":"max-image-preview:large","max-video-preview":"max-video-preview:-1"},"canonical":"https:\/\/apuntesdesanluis.com\/index.php\/2024\/01\/31\/horacio-rodriguez-larreta-podria-asesorar-al-gobierno-de-san-luis\/","og_locale":"es_ES","og_type":"article","og_title":"\u00bfHORACIO RODR\u00cdGUEZ LARRETA PODR\u00cdA ASESORAR AL GOBIERNO DE SAN LUIS? - Apuntes de San Luis","og_description":"La reuni\u00f3n que mantuvo el ex jefe de Gobierno de la ciudad Aut\u00f3noma de Buenos...","og_url":"https:\/\/apuntesdesanluis.com\/index.php\/2024\/01\/31\/horacio-rodriguez-larreta-podria-asesorar-al-gobierno-de-san-luis\/","og_site_name":"Apuntes de San Luis","article_published_time":"2024-01-31T03:09:01+00:00","article_modified_time":"2024-01-31T03:36:44+00:00","og_image":[{"width":600,"height":401,"url":"https:\/\/apuntesdesanluis.com\/wp-content\/uploads\/2024\/01\/POGGI-Y-LARRETA.png","type":"image\/png"}],"author":"apuntesdesanluis.com","twitter_card":"summary_large_image","twitter_misc":{"Escrito por":"apuntesdesanluis.com","Tiempo de lectura":"3 minutos"},"schema":{"@context":"https:\/\/schema.org","@graph":[{"@type":"Article","@id":"https:\/\/apuntesdesanluis.com\/index.php\/2024\/01\/31\/horacio-rodriguez-larreta-podria-asesorar-al-gobierno-de-san-luis\/#article","isPartOf":{"@id":"https:\/\/apuntesdesanluis.com\/index.php\/2024\/01\/31\/horacio-rodriguez-larreta-podria-asesorar-al-gobierno-de-san-luis\/"},"author":{"name":"apuntesdesanluis.com","@id":"https:\/\/apuntesdesanluis.com\/#\/schema\/person\/b55151d52296fcce64d1a72538a70b90"},"headline":"\u00bfHORACIO RODR\u00cdGUEZ LARRETA PODR\u00cdA ASESORAR AL GOBIERNO DE SAN LUIS?","datePublished":"2024-01-31T03:09:01+00:00","dateModified":"2024-01-31T03:36:44+00:00","mainEntityOfPage":{"@id":"https:\/\/apuntesdesanluis.com\/index.php\/2024\/01\/31\/horacio-rodriguez-larreta-podria-asesorar-al-gobierno-de-san-luis\/"},"wordCount":510,"publisher":{"@id":"https:\/\/apuntesdesanluis.com\/#\/schema\/person\/b55151d52296fcce64d1a72538a70b90"},"image":{"@id":"https:\/\/apuntesdesanluis.com\/index.php\/2024\/01\/31\/horacio-rodriguez-larreta-podria-asesorar-al-gobierno-de-san-luis\/#primaryimage"},"thumbnailUrl":"https:\/\/apuntesdesanluis.com\/wp-content\/uploads\/2024\/01\/POGGI-Y-LARRETA.png","articleSection":["Ciudad\/Provincia"],"inLanguage":"es-AR"},{"@type":"WebPage","@id":"https:\/\/apuntesdesanluis.com\/index.php\/2024\/01\/31\/horacio-rodriguez-larreta-podria-asesorar-al-gobierno-de-san-luis\/","url":"https:\/\/apuntesdesanluis.com\/index.php\/2024\/01\/31\/horacio-rodriguez-larreta-podria-asesorar-al-gobierno-de-san-luis\/","name":"\u00bfHORACIO RODR\u00cdGUEZ LARRETA PODR\u00cdA ASESORAR AL GOBIERNO DE SAN LUIS? - Apuntes de San Luis","isPartOf":{"@id":"https:\/\/apuntesdesanluis.com\/#website"},"primaryImageOfPage":{"@id":"https:\/\/apuntesdesanluis.com\/index.php\/2024\/01\/31\/horacio-rodriguez-larreta-podria-asesorar-al-gobierno-de-san-luis\/#primaryimage"},"image":{"@id":"https:\/\/apuntesdesanluis.com\/index.php\/2024\/01\/31\/horacio-rodriguez-larreta-podria-asesorar-al-gobierno-de-san-luis\/#primaryimage"},"thumbnailUrl":"https:\/\/apuntesdesanluis.com\/wp-content\/uploads\/2024\/01\/POGGI-Y-LARRETA.png","datePublished":"2024-01-31T03:09:01+00:00","dateModified":"2024-01-31T03:36:44+00:00","breadcrumb":{"@id":"https:\/\/apuntesdesanluis.com\/index.php\/2024\/01\/31\/horacio-rodriguez-larreta-podria-asesorar-al-gobierno-de-san-luis\/#breadcrumb"},"inLanguage":"es-AR","potentialAction":[{"@type":"ReadAction","target":["https:\/\/apuntesdesanluis.com\/index.php\/2024\/01\/31\/horacio-rodriguez-larreta-podria-asesorar-al-gobierno-de-san-luis\/"]}]},{"@type":"ImageObject","inLanguage":"es-AR","@id":"https:\/\/apuntesdesanluis.com\/index.php\/2024\/01\/31\/horacio-rodriguez-larreta-podria-asesorar-al-gobierno-de-san-luis\/#primaryimage","url":"https:\/\/apuntesdesanluis.com\/wp-content\/uploads\/2024\/01\/POGGI-Y-LARRETA.png","contentUrl":"https:\/\/apuntesdesanluis.com\/wp-content\/uploads\/2024\/01\/POGGI-Y-LARRETA.png","width":600,"height":401},{"@type":"BreadcrumbList","@id":"https:\/\/apuntesdesanluis.com\/index.php\/2024\/01\/31\/horacio-rodriguez-larreta-podria-asesorar-al-gobierno-de-san-luis\/#breadcrumb","itemListElement":[{"@type":"ListItem","position":1,"name":"Inicio","item":"https:\/\/apuntesdesanluis.com\/"},{"@type":"ListItem","position":2,"name":"\u00bfHORACIO RODR\u00cdGUEZ LARRETA PODR\u00cdA ASESORAR AL GOBIERNO DE SAN LUIS?"}]},{"@type":"WebSite","@id":"https:\/\/apuntesdesanluis.com\/#website","url":"https:\/\/apuntesdesanluis.com\/","name":"Apuntes de San Luis","description":"","publisher":{"@id":"https:\/\/apuntesdesanluis.com\/#\/schema\/person\/b55151d52296fcce64d1a72538a70b90"},"potentialAction":[{"@type":"SearchAction","target":{"@type":"EntryPoint","urlTemplate":"https:\/\/apuntesdesanluis.com\/?s={search_term_string}"},"query-input":{"@type":"PropertyValueSpecification","valueRequired":true,"valueName":"search_term_string"}}],"inLanguage":"es-AR"},{"@type":["Person","Organization"],"@id":"https:\/\/apuntesdesanluis.com\/#\/schema\/person\/b55151d52296fcce64d1a72538a70b90","name":"apuntesdesanluis.com","image":{"@type":"ImageObject","inLanguage":"es-AR","@id":"https:\/\/apuntesdesanluis.com\/#\/schema\/person\/image\/","url":"https:\/\/apuntesdesanluis.com\/wp-content\/uploads\/2023\/07\/cropped-apuntesdesanluis.png","contentUrl":"https:\/\/apuntesdesanluis.com\/wp-content\/uploads\/2023\/07\/cropped-apuntesdesanluis.png","width":450,"height":112,"caption":"apuntesdesanluis.com"},"logo":{"@id":"https:\/\/apuntesdesanluis.com\/#\/schema\/person\/image\/"},"sameAs":["https:\/\/apuntesdesanluis.com"],"url":"https:\/\/apuntesdesanluis.com\/index.php\/author\/apuntesdesanluis-com\/"}]}},"featured_image_urls":{"full":["https:\/\/apuntesdesanluis.com\/wp-content\/uploads\/2024\/01\/POGGI-Y-LARRETA.png",600,401,false],"thumbnail":["https:\/\/apuntesdesanluis.com\/wp-content\/uploads\/2024\/01\/POGGI-Y-LARRETA-150x150.png",150,150,true],"medium":["https:\/\/apuntesdesanluis.com\/wp-content\/uploads\/2024\/01\/POGGI-Y-LARRETA-300x201.png",300,201,true],"medium_large":["https:\/\/apuntesdesanluis.com\/wp-content\/uploads\/2024\/01\/POGGI-Y-LARRETA.png",600,401,false],"large":["https:\/\/apuntesdesanluis.com\/wp-content\/uploads\/2024\/01\/POGGI-Y-LARRETA.png",600,401,false],"1536x1536":["https:\/\/apuntesdesanluis.com\/wp-content\/uploads\/2024\/01\/POGGI-Y-LARRETA.png",600,401,false],"2048x2048":["https:\/\/apuntesdesanluis.com\/wp-content\/uploads\/2024\/01\/POGGI-Y-LARRETA.png",600,401,false],"newsever-slider-full":["https:\/\/apuntesdesanluis.com\/wp-content\/uploads\/2024\/01\/POGGI-Y-LARRETA.png",600,401,false],"newsever-featured":["https:\/\/apuntesdesanluis.com\/wp-content\/uploads\/2024\/01\/POGGI-Y-LARRETA.png",600,401,false],"newsever-medium":["https:\/\/apuntesdesanluis.com\/wp-content\/uploads\/2024\/01\/POGGI-Y-LARRETA.png",600,401,false]},"author_info":{"display_name":"apuntesdesanluis.com","author_link":"https:\/\/apuntesdesanluis.com\/index.php\/author\/apuntesdesanluis-com\/"},"category_info":"<a href=\"https:\/\/apuntesdesanluis.com\/index.php\/category\/ciudad-provincia\/\" rel=\"category tag\">Ciudad\/Provincia<\/a>","tag_info":"Ciudad\/Provincia","comment_count":"0","_links":{"self":[{"href":"https:\/\/apuntesdesanluis.com\/index.php\/wp-json\/wp\/v2\/posts\/10988","targetHints":{"allow":["GET"]}}],"collection":[{"href":"https:\/\/apuntesdesanluis.com\/index.php\/wp-json\/wp\/v2\/posts"}],"about":[{"href":"https:\/\/apuntesdesanluis.com\/index.php\/wp-json\/wp\/v2\/types\/post"}],"author":[{"embeddable":true,"href":"https:\/\/apuntesdesanluis.com\/index.php\/wp-json\/wp\/v2\/users\/1"}],"replies":[{"embeddable":true,"href":"https:\/\/apuntesdesanluis.com\/index.php\/wp-json\/wp\/v2\/comments?post=10988"}],"version-history":[{"count":6,"href":"https:\/\/apuntesdesanluis.com\/index.php\/wp-json\/wp\/v2\/posts\/10988\/revisions"}],"predecessor-version":[{"id":10999,"href":"https:\/\/apuntesdesanluis.com\/index.php\/wp-json\/wp\/v2\/posts\/10988\/revisions\/10999"}],"wp:featuredmedia":[{"embeddable":true,"href":"https:\/\/apuntesdesanluis.com\/index.php\/wp-json\/wp\/v2\/media\/10989"}],"wp:attachment":[{"href":"https:\/\/apuntesdesanluis.com\/index.php\/wp-json\/wp\/v2\/media?parent=10988"}],"wp:term":[{"taxonomy":"category","embeddable":true,"href":"https:\/\/apuntesdesanluis.com\/index.php\/wp-json\/wp\/v2\/categories?post=10988"},{"taxonomy":"post_tag","embeddable":true,"href":"https:\/\/apuntesdesanluis.com\/index.php\/wp-json\/wp\/v2\/tags?post=10988"}],"curies":[{"name":"wp","href":"https:\/\/api.w.org\/{rel}","templated":true}]}}