{"id":11010,"date":"2024-01-31T09:59:29","date_gmt":"2024-01-31T12:59:29","guid":{"rendered":"https:\/\/apuntesdesanluis.com\/?p=11010"},"modified":"2024-01-31T10:04:29","modified_gmt":"2024-01-31T13:04:29","slug":"la-municipalidad-de-san-luis-denuncio-a-ate-que-no-cede-en-sus-reclamos","status":"publish","type":"post","link":"https:\/\/apuntesdesanluis.com\/index.php\/2024\/01\/31\/la-municipalidad-de-san-luis-denuncio-a-ate-que-no-cede-en-sus-reclamos\/","title":{"rendered":"LA MUNICIPALIDAD DE SAN LUIS DENUNCI\u00d3 A ATE, QUE NO CEDE EN SUS RECLAMOS"},"content":{"rendered":"<h3>El apoderado de la Municipalidad de la ciudad de San Luis, <strong>Crist\u00f3bal Ib\u00e1\u00f1ez<\/strong>, present\u00f3 una denuncia penal contra\u00a0 gremialistas de ATE San Luis, encabezados por <strong>Fernando Gatica<\/strong>, por los hechos que se registraron ayer aproximadamente a las 11:30 h.<\/h3>\n<h3>La protesta de <strong>Asociaci\u00f3n de Trabajadores del Estado<\/strong> seccional San Luis comenz\u00f3 desde las 8.30 con un corte de ruta en cercan\u00edas de Terrazas del Portezuelo y posteriormente se traslad\u00f3 a la Municipalidad de San Luis. All\u00ed se procedi\u00f3 a instalar un gazebo sobre la vereda de calle San Mart\u00edn, donde aproximadamente 35 personas se manifestaron para pedir la reincorporaci\u00f3n de municipales despedidos.<\/h3>\n<p><img fetchpriority=\"high\" decoding=\"async\" class=\"wp-image-11013 aligncenter\" src=\"https:\/\/apuntesdesanluis.com\/wp-content\/uploads\/2024\/01\/ate-en-corte-de-ruta-300x183.png\" alt=\"\" width=\"666\" height=\"406\" srcset=\"https:\/\/apuntesdesanluis.com\/wp-content\/uploads\/2024\/01\/ate-en-corte-de-ruta-300x183.png 300w, https:\/\/apuntesdesanluis.com\/wp-content\/uploads\/2024\/01\/ate-en-corte-de-ruta.png 600w\" sizes=\"(max-width: 666px) 100vw, 666px\" \/><\/p>\n<h3>Al ritmo de la elevada temperatura, los \u00e1nimos se fueron caldeando, por lo que personal de seguridad del municipio procedi\u00f3 a cerrar el ingreso principal del edificio, ante el avance de los manifestantes, que exig\u00edan poder reunirse con intendente <strong>Gast\u00f3n Hissa<\/strong>.<\/h3>\n<p><img decoding=\"async\" class=\"wp-image-11014 aligncenter\" src=\"https:\/\/apuntesdesanluis.com\/wp-content\/uploads\/2024\/01\/ate-calle-300x182.png\" alt=\"\" width=\"664\" height=\"403\" srcset=\"https:\/\/apuntesdesanluis.com\/wp-content\/uploads\/2024\/01\/ate-calle-300x182.png 300w, https:\/\/apuntesdesanluis.com\/wp-content\/uploads\/2024\/01\/ate-calle.png 684w\" sizes=\"(max-width: 664px) 100vw, 664px\" \/><\/p>\n<h3>Cerca del medio el secretario de ATE Fernando Gatica junto otros dirigentes forzaron la puerta e ingresaron a la sede comunal, donde a los gritos hicieron conocer su repudio a los despidos y exigieron la reincorporaci\u00f3n de los mismos. Seg\u00fan la denuncia, provocaron temor en los empleados que se encontraban ejerciendo sus funciones y en vecinos que realizaban tr\u00e1mites.<\/h3>\n<h3>El jefe comunal, para preservar la integridad f\u00edsica de los empleados, instruy\u00f3 a los mismos que dejaran libre su lugar de trabajo y se retiraran.<\/h3>\n<h3>La presentaci\u00f3n judicial encuadrar\u00eda en el delito de \u201cda\u00f1o agravado\u201d establecido en el art\u00edculo 184, inciso 1 del C\u00f3digo Penal, seg\u00fan la acci\u00f3n penal y en el art\u00edculo 149 bis y concordantes por las amenazas e insultos. La denuncia alcanza a Gatica y a los dirigentes Florencia Mendoza y Walter Daniel Barroso.<\/h3>\n<p><img decoding=\"async\" class=\"wp-image-11015 aligncenter\" src=\"https:\/\/apuntesdesanluis.com\/wp-content\/uploads\/2024\/01\/ate-dos-300x178.png\" alt=\"\" width=\"672\" height=\"399\" srcset=\"https:\/\/apuntesdesanluis.com\/wp-content\/uploads\/2024\/01\/ate-dos-300x178.png 300w, https:\/\/apuntesdesanluis.com\/wp-content\/uploads\/2024\/01\/ate-dos-768x456.png 768w, https:\/\/apuntesdesanluis.com\/wp-content\/uploads\/2024\/01\/ate-dos.png 791w\" sizes=\"(max-width: 672px) 100vw, 672px\" \/><\/p>\n<h3>A efectos de cuidar no solo el patrimonio municipal, sino garantizar los servicios b\u00e1sicos esenciales y el resguardo y seguridad de las personas que a\u00fan se encontraban trabajando en el municipio, se solicit\u00f3 el desalojo de los gremialistas.<\/h3>\n<h3>La denuncia tiene un anexo de fotos donde se pueden observar los da\u00f1os producidos y videos del ingreso por la fuerza al establecimiento.<\/h3>\n<h3>PROTESTA EN LA AUTOPISTA<\/h3>\n<h3>Antes de los incidentes en la municipalidad puntana, ATE realiz\u00f3 un corte de la Ruta 7 a la altura de Terrazas de Portezuelo, en rechazo a la medida de quite de fondos para el pago de salarios dignos a las y los trabajadores municipales.<\/h3>\n<p><img loading=\"lazy\" decoding=\"async\" class=\"wp-image-11016 aligncenter\" src=\"https:\/\/apuntesdesanluis.com\/wp-content\/uploads\/2024\/01\/basta-300x176.png\" alt=\"\" width=\"675\" height=\"396\" srcset=\"https:\/\/apuntesdesanluis.com\/wp-content\/uploads\/2024\/01\/basta-300x176.png 300w, https:\/\/apuntesdesanluis.com\/wp-content\/uploads\/2024\/01\/basta.png 600w\" sizes=\"(max-width: 675px) 100vw, 675px\" \/><\/p>\n<h3>\u201cEl denominado tratado de La Toma, llev\u00f3 a las familias municipales de toda la provincia un reconocimiento econ\u00f3mico en lo salarial que luchamos durante a\u00f1os, logramos que el gobierno provincial entendiera que no exist\u00eda justicia social con trabajadoras y trabajadores municipales pobre o indigentes. Es por ello, que celebramos en su momento la decisi\u00f3n de SACAR DE LA POBREZA AL PERSONAL MUNICIPAL DE TODA LA PROVINCIA,\u00a0 cuesti\u00f3n que el gobierno actual ni bien asume quita inmediatamente estos fondos que deb\u00edan ser usados solo para el pago de salarios de dignidad (por encima de la l\u00ednea de la pobreza), arrojando de un mes para el otro a los municipales de toda la provincia engrosar las filas de los trabajadores indigentes por sus ingresos salariales\u201d, indic\u00f3 en un comunicado.<\/h3>\n<h3>Agrega que \u201choy el promedio de sueldos en municipios va de los 150 a 200 mil pesos, en medio de una de las crisis econ\u00f3micas m\u00e1s graves de los \u00faltimos tiempos\u201d.<\/h3>\n<h3>\u201cEsta medida del gobierno provincial no solo nos parece INACEPTABLE sino de una INSENSIBILIDAD pocas veces vistas. Si hay una emergencia econ\u00f3mica no se sale de la misma con este ajuste salvaje a los que menos tienen, es todo lo contrario. El trabajador municipal es el primer contacto de la sociedad con el Estado, es quien lamentablemente siempre trabajo en las peores condiciones laborales y con las remuneraciones m\u00e1s bajas, es por eso que desde ATE SAN LUIS LUCHAMOS POR SU DIGNIDAD LABORAL\u201d.<\/h3>\n<h3><img loading=\"lazy\" decoding=\"async\" class=\"wp-image-11011 aligncenter\" src=\"https:\/\/apuntesdesanluis.com\/wp-content\/uploads\/2024\/01\/posteo-ate-300x153.png\" alt=\"\" width=\"635\" height=\"324\" srcset=\"https:\/\/apuntesdesanluis.com\/wp-content\/uploads\/2024\/01\/posteo-ate-300x153.png 300w, https:\/\/apuntesdesanluis.com\/wp-content\/uploads\/2024\/01\/posteo-ate.png 691w\" sizes=\"(max-width: 635px) 100vw, 635px\" \/><\/h3>\n<h3><strong>HISSA: &#8220;PLAN DE DESESTABILIZACI\u00d3N&#8221;<\/strong><\/h3>\n<h3>El intendente <strong>Gast\u00f3n Hissa<\/strong> brind\u00f3 a trav\u00e9s de un video un mensaje despu\u00e9s de las amenazas y destrozos en el edificio municipal por parte de gremialistas de ATE.<\/h3>\n<h3>\u201cEs un claro plan de desestabilizaci\u00f3n que responde pol\u00edticamente a aquellos que perdieron las elecciones el 11 de junio\u201d, sostuvo a las 19:30 de ayer en sus redes sociales<\/h3>\n<h3>Responsabiliz\u00f3 al ex gobernador <strong>Alberto Rodr\u00edguez Sa\u00e1<\/strong>, al ex intendente <strong>Sergio Tamay<\/strong>o y a los concejales <strong>Andr\u00e9s Russo, Juan Mart\u00edn Divizia y Agustina Gatto<\/strong>.<\/h3>\n<h3>\u201cSon ellos los que tambi\u00e9n desde el 11 de junio al 10 de diciembre prepararon todo esto para no dejarnos gobernar. Es por eso que nos encontramos con una Municipalidad desguazada, con altos \u00edndices de corrupci\u00f3n que fueron denunciados penalmente y que est\u00e1 avanzando en la Justicia y que ellos los denunciados no quieren que avance en los llamados a indagatoria o en los procesos judiciales\u201d, destac\u00f3 el intendente capitalino.<\/h3>\n<h3>\u201cHoy han venido 30 \u00f3 40 inadaptados a interrumpir la paz social y no lo vamos a permitir. El 11 de junio, ustedes votaron el cambio, otra forma de hacer pol\u00edtica, votaron para que trabajemos para cada vecino y est\u00e1n intentando que no lo logremos\u201d, expres\u00f3.<\/h3>\n<!--[if lt IE 9]><script>document.createElement('video');<\/script><![endif]-->\n\t<div class=\"wp-playlist wp-video-playlist wp-playlist-light\">\n\t\t<video controls=\"controls\" preload=\"none\" width=\"618\"\n\t\t height=\"1112\"\t><\/video>\n\t<div class=\"wp-playlist-next\"><\/div>\n\t<div class=\"wp-playlist-prev\"><\/div>\n\t<noscript>\n\t<ol>\n\t\t<li><a href='https:\/\/apuntesdesanluis.com\/wp-content\/uploads\/2024\/01\/GC6OThmZGQ1LKKgFALdzuhAaYNAHbmdjAAAF.mp4'>GC6OThmZGQ1LKKgFALdzuhAaYNAHbmdjAAAF<\/a><\/li>\t<\/ol>\n\t<\/noscript>\n\t<script type=\"application\/json\" class=\"wp-playlist-script\">{\"type\":\"video\",\"tracklist\":true,\"tracknumbers\":true,\"images\":true,\"artists\":true,\"tracks\":[{\"src\":\"https:\\\/\\\/apuntesdesanluis.com\\\/wp-content\\\/uploads\\\/2024\\\/01\\\/GC6OThmZGQ1LKKgFALdzuhAaYNAHbmdjAAAF.mp4\",\"type\":\"video\\\/mp4\",\"title\":\"GC6OThmZGQ1LKKgFALdzuhAaYNAHbmdjAAAF\",\"caption\":\"\",\"description\":\"\",\"meta\":{\"length_formatted\":\"3:31\"},\"dimensions\":{\"original\":{\"width\":480,\"height\":864},\"resized\":{\"width\":618,\"height\":1112}},\"image\":{\"src\":\"https:\\\/\\\/apuntesdesanluis.com\\\/wp-includes\\\/images\\\/media\\\/video.svg\",\"width\":48,\"height\":64},\"thumb\":{\"src\":\"https:\\\/\\\/apuntesdesanluis.com\\\/wp-includes\\\/images\\\/media\\\/video.svg\",\"width\":48,\"height\":64}}]}<\/script>\n<\/div>\n\t\n<h3>Anunci\u00f3 que reestablecer\u00e1n los servicios b\u00e1sicos, el parque automotor e ir\u00e1n hasta las \u00faltimas consecuencias en los hechos de corrupci\u00f3n y a \u201cponer de pie el municipio como nos hemos trazado desde el primer d\u00eda\u201d.<\/h3>\n<h3>En cuanto a las razones de las desvinculaciones, que causaron la violenta protesta de ATE, Hissa expres\u00f3:<\/h3>\n<h3>\u201cUn intendente firm\u00f3 decretos entre gallos y medianoche pasando gente del ejecutivo municipal al Concejo Deliberante para que sean \u00f1oquis que cobren sin trabajar. Gente que fue pasada de planta permanente en plazos irregulares, que fueron contratados en los \u00faltimos dos o tres meses de la planta pol\u00edtica y militante de Alberto Rodr\u00edguez Sa\u00e1, de Tamayo y todo el s\u00e9quito que se fue y la gente eligi\u00f3 que se vaya. Muchos de ellos, son los que han sido desvinculados. Basta de aprovechados, de \u00f1oquis en la pol\u00edtica. Me votaron para que act\u00fae de esta manera y lo voy a sostener\u201d, puntualiz\u00f3.<\/h3>\n<p>&nbsp;<\/p>\n<p>&nbsp;<\/p>\n<p>&nbsp;<\/p>\n<p>&nbsp;<\/p>\n<h3><\/h3>\n<h3><\/h3>\n","protected":false},"excerpt":{"rendered":"<p>El apoderado de la Municipalidad de la ciudad de San Luis, Crist\u00f3bal Ib\u00e1\u00f1ez, present\u00f3 una&#8230;<\/p>\n","protected":false},"author":1,"featured_media":11012,"comment_status":"closed","ping_status":"closed","sticky":false,"template":"","format":"standard","meta":{"footnotes":""},"categories":[6],"tags":[],"class_list":["post-11010","post","type-post","status-publish","format-standard","has-post-thumbnail","hentry","category-ciudad-provincia"],"yoast_head":"<!-- This site is optimized with the Yoast SEO plugin v26.1.1 - https:\/\/yoast.com\/wordpress\/plugins\/seo\/ -->\n<title>LA MUNICIPALIDAD DE SAN LUIS DENUNCI\u00d3 A ATE, QUE NO CEDE EN SUS RECLAMOS - Apuntes de San Luis<\/title>\n<meta name=\"robots\" content=\"index, follow, max-snippet:-1, max-image-preview:large, max-video-preview:-1\" \/>\n<link rel=\"canonical\" href=\"https:\/\/apuntesdesanluis.com\/index.php\/2024\/01\/31\/la-municipalidad-de-san-luis-denuncio-a-ate-que-no-cede-en-sus-reclamos\/\" \/>\n<meta property=\"og:locale\" content=\"es_ES\" \/>\n<meta property=\"og:type\" content=\"article\" \/>\n<meta property=\"og:title\" content=\"LA MUNICIPALIDAD DE SAN LUIS DENUNCI\u00d3 A ATE, QUE NO CEDE EN SUS RECLAMOS - Apuntes de San Luis\" \/>\n<meta property=\"og:description\" content=\"El apoderado de la Municipalidad de la ciudad de San Luis, Crist\u00f3bal Ib\u00e1\u00f1ez, present\u00f3 una...\" \/>\n<meta property=\"og:url\" content=\"https:\/\/apuntesdesanluis.com\/index.php\/2024\/01\/31\/la-municipalidad-de-san-luis-denuncio-a-ate-que-no-cede-en-sus-reclamos\/\" \/>\n<meta property=\"og:site_name\" content=\"Apuntes de San Luis\" \/>\n<meta property=\"article:published_time\" content=\"2024-01-31T12:59:29+00:00\" \/>\n<meta property=\"article:modified_time\" content=\"2024-01-31T13:04:29+00:00\" \/>\n<meta property=\"og:image\" content=\"https:\/\/apuntesdesanluis.com\/wp-content\/uploads\/2024\/01\/ate-portada-hissa.png\" \/>\n\t<meta property=\"og:image:width\" content=\"659\" \/>\n\t<meta property=\"og:image:height\" content=\"436\" \/>\n\t<meta property=\"og:image:type\" content=\"image\/png\" \/>\n<meta name=\"author\" content=\"apuntesdesanluis.com\" \/>\n<meta name=\"twitter:card\" content=\"summary_large_image\" \/>\n<meta name=\"twitter:label1\" content=\"Escrito por\" \/>\n\t<meta name=\"twitter:data1\" content=\"apuntesdesanluis.com\" \/>\n\t<meta name=\"twitter:label2\" content=\"Tiempo de lectura\" \/>\n\t<meta name=\"twitter:data2\" content=\"6 minutos\" \/>\n<script type=\"application\/ld+json\" class=\"yoast-schema-graph\">{\"@context\":\"https:\/\/schema.org\",\"@graph\":[{\"@type\":\"Article\",\"@id\":\"https:\/\/apuntesdesanluis.com\/index.php\/2024\/01\/31\/la-municipalidad-de-san-luis-denuncio-a-ate-que-no-cede-en-sus-reclamos\/#article\",\"isPartOf\":{\"@id\":\"https:\/\/apuntesdesanluis.com\/index.php\/2024\/01\/31\/la-municipalidad-de-san-luis-denuncio-a-ate-que-no-cede-en-sus-reclamos\/\"},\"author\":{\"name\":\"apuntesdesanluis.com\",\"@id\":\"https:\/\/apuntesdesanluis.com\/#\/schema\/person\/b55151d52296fcce64d1a72538a70b90\"},\"headline\":\"LA MUNICIPALIDAD DE SAN LUIS DENUNCI\u00d3 A ATE, QUE NO CEDE EN SUS RECLAMOS\",\"datePublished\":\"2024-01-31T12:59:29+00:00\",\"dateModified\":\"2024-01-31T13:04:29+00:00\",\"mainEntityOfPage\":{\"@id\":\"https:\/\/apuntesdesanluis.com\/index.php\/2024\/01\/31\/la-municipalidad-de-san-luis-denuncio-a-ate-que-no-cede-en-sus-reclamos\/\"},\"wordCount\":1045,\"publisher\":{\"@id\":\"https:\/\/apuntesdesanluis.com\/#\/schema\/person\/b55151d52296fcce64d1a72538a70b90\"},\"image\":{\"@id\":\"https:\/\/apuntesdesanluis.com\/index.php\/2024\/01\/31\/la-municipalidad-de-san-luis-denuncio-a-ate-que-no-cede-en-sus-reclamos\/#primaryimage\"},\"thumbnailUrl\":\"https:\/\/apuntesdesanluis.com\/wp-content\/uploads\/2024\/01\/ate-portada-hissa.png\",\"articleSection\":[\"Ciudad\/Provincia\"],\"inLanguage\":\"es-AR\"},{\"@type\":\"WebPage\",\"@id\":\"https:\/\/apuntesdesanluis.com\/index.php\/2024\/01\/31\/la-municipalidad-de-san-luis-denuncio-a-ate-que-no-cede-en-sus-reclamos\/\",\"url\":\"https:\/\/apuntesdesanluis.com\/index.php\/2024\/01\/31\/la-municipalidad-de-san-luis-denuncio-a-ate-que-no-cede-en-sus-reclamos\/\",\"name\":\"LA MUNICIPALIDAD DE SAN LUIS DENUNCI\u00d3 A ATE, QUE NO CEDE EN SUS RECLAMOS - Apuntes de San Luis\",\"isPartOf\":{\"@id\":\"https:\/\/apuntesdesanluis.com\/#website\"},\"primaryImageOfPage\":{\"@id\":\"https:\/\/apuntesdesanluis.com\/index.php\/2024\/01\/31\/la-municipalidad-de-san-luis-denuncio-a-ate-que-no-cede-en-sus-reclamos\/#primaryimage\"},\"image\":{\"@id\":\"https:\/\/apuntesdesanluis.com\/index.php\/2024\/01\/31\/la-municipalidad-de-san-luis-denuncio-a-ate-que-no-cede-en-sus-reclamos\/#primaryimage\"},\"thumbnailUrl\":\"https:\/\/apuntesdesanluis.com\/wp-content\/uploads\/2024\/01\/ate-portada-hissa.png\",\"datePublished\":\"2024-01-31T12:59:29+00:00\",\"dateModified\":\"2024-01-31T13:04:29+00:00\",\"breadcrumb\":{\"@id\":\"https:\/\/apuntesdesanluis.com\/index.php\/2024\/01\/31\/la-municipalidad-de-san-luis-denuncio-a-ate-que-no-cede-en-sus-reclamos\/#breadcrumb\"},\"inLanguage\":\"es-AR\",\"potentialAction\":[{\"@type\":\"ReadAction\",\"target\":[\"https:\/\/apuntesdesanluis.com\/index.php\/2024\/01\/31\/la-municipalidad-de-san-luis-denuncio-a-ate-que-no-cede-en-sus-reclamos\/\"]}]},{\"@type\":\"ImageObject\",\"inLanguage\":\"es-AR\",\"@id\":\"https:\/\/apuntesdesanluis.com\/index.php\/2024\/01\/31\/la-municipalidad-de-san-luis-denuncio-a-ate-que-no-cede-en-sus-reclamos\/#primaryimage\",\"url\":\"https:\/\/apuntesdesanluis.com\/wp-content\/uploads\/2024\/01\/ate-portada-hissa.png\",\"contentUrl\":\"https:\/\/apuntesdesanluis.com\/wp-content\/uploads\/2024\/01\/ate-portada-hissa.png\",\"width\":659,\"height\":436},{\"@type\":\"BreadcrumbList\",\"@id\":\"https:\/\/apuntesdesanluis.com\/index.php\/2024\/01\/31\/la-municipalidad-de-san-luis-denuncio-a-ate-que-no-cede-en-sus-reclamos\/#breadcrumb\",\"itemListElement\":[{\"@type\":\"ListItem\",\"position\":1,\"name\":\"Inicio\",\"item\":\"https:\/\/apuntesdesanluis.com\/\"},{\"@type\":\"ListItem\",\"position\":2,\"name\":\"LA MUNICIPALIDAD DE SAN LUIS DENUNCI\u00d3 A ATE, QUE NO CEDE EN SUS RECLAMOS\"}]},{\"@type\":\"WebSite\",\"@id\":\"https:\/\/apuntesdesanluis.com\/#website\",\"url\":\"https:\/\/apuntesdesanluis.com\/\",\"name\":\"Apuntes de San Luis\",\"description\":\"\",\"publisher\":{\"@id\":\"https:\/\/apuntesdesanluis.com\/#\/schema\/person\/b55151d52296fcce64d1a72538a70b90\"},\"potentialAction\":[{\"@type\":\"SearchAction\",\"target\":{\"@type\":\"EntryPoint\",\"urlTemplate\":\"https:\/\/apuntesdesanluis.com\/?s={search_term_string}\"},\"query-input\":{\"@type\":\"PropertyValueSpecification\",\"valueRequired\":true,\"valueName\":\"search_term_string\"}}],\"inLanguage\":\"es-AR\"},{\"@type\":[\"Person\",\"Organization\"],\"@id\":\"https:\/\/apuntesdesanluis.com\/#\/schema\/person\/b55151d52296fcce64d1a72538a70b90\",\"name\":\"apuntesdesanluis.com\",\"image\":{\"@type\":\"ImageObject\",\"inLanguage\":\"es-AR\",\"@id\":\"https:\/\/apuntesdesanluis.com\/#\/schema\/person\/image\/\",\"url\":\"https:\/\/apuntesdesanluis.com\/wp-content\/uploads\/2023\/07\/cropped-apuntesdesanluis.png\",\"contentUrl\":\"https:\/\/apuntesdesanluis.com\/wp-content\/uploads\/2023\/07\/cropped-apuntesdesanluis.png\",\"width\":450,\"height\":112,\"caption\":\"apuntesdesanluis.com\"},\"logo\":{\"@id\":\"https:\/\/apuntesdesanluis.com\/#\/schema\/person\/image\/\"},\"sameAs\":[\"https:\/\/apuntesdesanluis.com\"],\"url\":\"https:\/\/apuntesdesanluis.com\/index.php\/author\/apuntesdesanluis-com\/\"}]}<\/script>\n<!-- \/ Yoast SEO plugin. -->","yoast_head_json":{"title":"LA MUNICIPALIDAD DE SAN LUIS DENUNCI\u00d3 A ATE, QUE NO CEDE EN SUS RECLAMOS - Apuntes de San Luis","robots":{"index":"index","follow":"follow","max-snippet":"max-snippet:-1","max-image-preview":"max-image-preview:large","max-video-preview":"max-video-preview:-1"},"canonical":"https:\/\/apuntesdesanluis.com\/index.php\/2024\/01\/31\/la-municipalidad-de-san-luis-denuncio-a-ate-que-no-cede-en-sus-reclamos\/","og_locale":"es_ES","og_type":"article","og_title":"LA MUNICIPALIDAD DE SAN LUIS DENUNCI\u00d3 A ATE, QUE NO CEDE EN SUS RECLAMOS - Apuntes de San Luis","og_description":"El apoderado de la Municipalidad de la ciudad de San Luis, Crist\u00f3bal Ib\u00e1\u00f1ez, present\u00f3 una...","og_url":"https:\/\/apuntesdesanluis.com\/index.php\/2024\/01\/31\/la-municipalidad-de-san-luis-denuncio-a-ate-que-no-cede-en-sus-reclamos\/","og_site_name":"Apuntes de San Luis","article_published_time":"2024-01-31T12:59:29+00:00","article_modified_time":"2024-01-31T13:04:29+00:00","og_image":[{"width":659,"height":436,"url":"https:\/\/apuntesdesanluis.com\/wp-content\/uploads\/2024\/01\/ate-portada-hissa.png","type":"image\/png"}],"author":"apuntesdesanluis.com","twitter_card":"summary_large_image","twitter_misc":{"Escrito por":"apuntesdesanluis.com","Tiempo de lectura":"6 minutos"},"schema":{"@context":"https:\/\/schema.org","@graph":[{"@type":"Article","@id":"https:\/\/apuntesdesanluis.com\/index.php\/2024\/01\/31\/la-municipalidad-de-san-luis-denuncio-a-ate-que-no-cede-en-sus-reclamos\/#article","isPartOf":{"@id":"https:\/\/apuntesdesanluis.com\/index.php\/2024\/01\/31\/la-municipalidad-de-san-luis-denuncio-a-ate-que-no-cede-en-sus-reclamos\/"},"author":{"name":"apuntesdesanluis.com","@id":"https:\/\/apuntesdesanluis.com\/#\/schema\/person\/b55151d52296fcce64d1a72538a70b90"},"headline":"LA MUNICIPALIDAD DE SAN LUIS DENUNCI\u00d3 A ATE, QUE NO CEDE EN SUS RECLAMOS","datePublished":"2024-01-31T12:59:29+00:00","dateModified":"2024-01-31T13:04:29+00:00","mainEntityOfPage":{"@id":"https:\/\/apuntesdesanluis.com\/index.php\/2024\/01\/31\/la-municipalidad-de-san-luis-denuncio-a-ate-que-no-cede-en-sus-reclamos\/"},"wordCount":1045,"publisher":{"@id":"https:\/\/apuntesdesanluis.com\/#\/schema\/person\/b55151d52296fcce64d1a72538a70b90"},"image":{"@id":"https:\/\/apuntesdesanluis.com\/index.php\/2024\/01\/31\/la-municipalidad-de-san-luis-denuncio-a-ate-que-no-cede-en-sus-reclamos\/#primaryimage"},"thumbnailUrl":"https:\/\/apuntesdesanluis.com\/wp-content\/uploads\/2024\/01\/ate-portada-hissa.png","articleSection":["Ciudad\/Provincia"],"inLanguage":"es-AR"},{"@type":"WebPage","@id":"https:\/\/apuntesdesanluis.com\/index.php\/2024\/01\/31\/la-municipalidad-de-san-luis-denuncio-a-ate-que-no-cede-en-sus-reclamos\/","url":"https:\/\/apuntesdesanluis.com\/index.php\/2024\/01\/31\/la-municipalidad-de-san-luis-denuncio-a-ate-que-no-cede-en-sus-reclamos\/","name":"LA MUNICIPALIDAD DE SAN LUIS DENUNCI\u00d3 A ATE, QUE NO CEDE EN SUS RECLAMOS - Apuntes de San Luis","isPartOf":{"@id":"https:\/\/apuntesdesanluis.com\/#website"},"primaryImageOfPage":{"@id":"https:\/\/apuntesdesanluis.com\/index.php\/2024\/01\/31\/la-municipalidad-de-san-luis-denuncio-a-ate-que-no-cede-en-sus-reclamos\/#primaryimage"},"image":{"@id":"https:\/\/apuntesdesanluis.com\/index.php\/2024\/01\/31\/la-municipalidad-de-san-luis-denuncio-a-ate-que-no-cede-en-sus-reclamos\/#primaryimage"},"thumbnailUrl":"https:\/\/apuntesdesanluis.com\/wp-content\/uploads\/2024\/01\/ate-portada-hissa.png","datePublished":"2024-01-31T12:59:29+00:00","dateModified":"2024-01-31T13:04:29+00:00","breadcrumb":{"@id":"https:\/\/apuntesdesanluis.com\/index.php\/2024\/01\/31\/la-municipalidad-de-san-luis-denuncio-a-ate-que-no-cede-en-sus-reclamos\/#breadcrumb"},"inLanguage":"es-AR","potentialAction":[{"@type":"ReadAction","target":["https:\/\/apuntesdesanluis.com\/index.php\/2024\/01\/31\/la-municipalidad-de-san-luis-denuncio-a-ate-que-no-cede-en-sus-reclamos\/"]}]},{"@type":"ImageObject","inLanguage":"es-AR","@id":"https:\/\/apuntesdesanluis.com\/index.php\/2024\/01\/31\/la-municipalidad-de-san-luis-denuncio-a-ate-que-no-cede-en-sus-reclamos\/#primaryimage","url":"https:\/\/apuntesdesanluis.com\/wp-content\/uploads\/2024\/01\/ate-portada-hissa.png","contentUrl":"https:\/\/apuntesdesanluis.com\/wp-content\/uploads\/2024\/01\/ate-portada-hissa.png","width":659,"height":436},{"@type":"BreadcrumbList","@id":"https:\/\/apuntesdesanluis.com\/index.php\/2024\/01\/31\/la-municipalidad-de-san-luis-denuncio-a-ate-que-no-cede-en-sus-reclamos\/#breadcrumb","itemListElement":[{"@type":"ListItem","position":1,"name":"Inicio","item":"https:\/\/apuntesdesanluis.com\/"},{"@type":"ListItem","position":2,"name":"LA MUNICIPALIDAD DE SAN LUIS DENUNCI\u00d3 A ATE, QUE NO CEDE EN SUS RECLAMOS"}]},{"@type":"WebSite","@id":"https:\/\/apuntesdesanluis.com\/#website","url":"https:\/\/apuntesdesanluis.com\/","name":"Apuntes de San Luis","description":"","publisher":{"@id":"https:\/\/apuntesdesanluis.com\/#\/schema\/person\/b55151d52296fcce64d1a72538a70b90"},"potentialAction":[{"@type":"SearchAction","target":{"@type":"EntryPoint","urlTemplate":"https:\/\/apuntesdesanluis.com\/?s={search_term_string}"},"query-input":{"@type":"PropertyValueSpecification","valueRequired":true,"valueName":"search_term_string"}}],"inLanguage":"es-AR"},{"@type":["Person","Organization"],"@id":"https:\/\/apuntesdesanluis.com\/#\/schema\/person\/b55151d52296fcce64d1a72538a70b90","name":"apuntesdesanluis.com","image":{"@type":"ImageObject","inLanguage":"es-AR","@id":"https:\/\/apuntesdesanluis.com\/#\/schema\/person\/image\/","url":"https:\/\/apuntesdesanluis.com\/wp-content\/uploads\/2023\/07\/cropped-apuntesdesanluis.png","contentUrl":"https:\/\/apuntesdesanluis.com\/wp-content\/uploads\/2023\/07\/cropped-apuntesdesanluis.png","width":450,"height":112,"caption":"apuntesdesanluis.com"},"logo":{"@id":"https:\/\/apuntesdesanluis.com\/#\/schema\/person\/image\/"},"sameAs":["https:\/\/apuntesdesanluis.com"],"url":"https:\/\/apuntesdesanluis.com\/index.php\/author\/apuntesdesanluis-com\/"}]}},"featured_image_urls":{"full":["https:\/\/apuntesdesanluis.com\/wp-content\/uploads\/2024\/01\/ate-portada-hissa.png",659,436,false],"thumbnail":["https:\/\/apuntesdesanluis.com\/wp-content\/uploads\/2024\/01\/ate-portada-hissa-150x150.png",150,150,true],"medium":["https:\/\/apuntesdesanluis.com\/wp-content\/uploads\/2024\/01\/ate-portada-hissa-300x198.png",300,198,true],"medium_large":["https:\/\/apuntesdesanluis.com\/wp-content\/uploads\/2024\/01\/ate-portada-hissa.png",640,423,false],"large":["https:\/\/apuntesdesanluis.com\/wp-content\/uploads\/2024\/01\/ate-portada-hissa.png",640,423,false],"1536x1536":["https:\/\/apuntesdesanluis.com\/wp-content\/uploads\/2024\/01\/ate-portada-hissa.png",659,436,false],"2048x2048":["https:\/\/apuntesdesanluis.com\/wp-content\/uploads\/2024\/01\/ate-portada-hissa.png",659,436,false],"newsever-slider-full":["https:\/\/apuntesdesanluis.com\/wp-content\/uploads\/2024\/01\/ate-portada-hissa.png",659,436,false],"newsever-featured":["https:\/\/apuntesdesanluis.com\/wp-content\/uploads\/2024\/01\/ate-portada-hissa.png",659,436,false],"newsever-medium":["https:\/\/apuntesdesanluis.com\/wp-content\/uploads\/2024\/01\/ate-portada-hissa.png",659,436,false]},"author_info":{"display_name":"apuntesdesanluis.com","author_link":"https:\/\/apuntesdesanluis.com\/index.php\/author\/apuntesdesanluis-com\/"},"category_info":"<a href=\"https:\/\/apuntesdesanluis.com\/index.php\/category\/ciudad-provincia\/\" rel=\"category tag\">Ciudad\/Provincia<\/a>","tag_info":"Ciudad\/Provincia","comment_count":"0","_links":{"self":[{"href":"https:\/\/apuntesdesanluis.com\/index.php\/wp-json\/wp\/v2\/posts\/11010","targetHints":{"allow":["GET"]}}],"collection":[{"href":"https:\/\/apuntesdesanluis.com\/index.php\/wp-json\/wp\/v2\/posts"}],"about":[{"href":"https:\/\/apuntesdesanluis.com\/index.php\/wp-json\/wp\/v2\/types\/post"}],"author":[{"embeddable":true,"href":"https:\/\/apuntesdesanluis.com\/index.php\/wp-json\/wp\/v2\/users\/1"}],"replies":[{"embeddable":true,"href":"https:\/\/apuntesdesanluis.com\/index.php\/wp-json\/wp\/v2\/comments?post=11010"}],"version-history":[{"count":6,"href":"https:\/\/apuntesdesanluis.com\/index.php\/wp-json\/wp\/v2\/posts\/11010\/revisions"}],"predecessor-version":[{"id":11023,"href":"https:\/\/apuntesdesanluis.com\/index.php\/wp-json\/wp\/v2\/posts\/11010\/revisions\/11023"}],"wp:featuredmedia":[{"embeddable":true,"href":"https:\/\/apuntesdesanluis.com\/index.php\/wp-json\/wp\/v2\/media\/11012"}],"wp:attachment":[{"href":"https:\/\/apuntesdesanluis.com\/index.php\/wp-json\/wp\/v2\/media?parent=11010"}],"wp:term":[{"taxonomy":"category","embeddable":true,"href":"https:\/\/apuntesdesanluis.com\/index.php\/wp-json\/wp\/v2\/categories?post=11010"},{"taxonomy":"post_tag","embeddable":true,"href":"https:\/\/apuntesdesanluis.com\/index.php\/wp-json\/wp\/v2\/tags?post=11010"}],"curies":[{"name":"wp","href":"https:\/\/api.w.org\/{rel}","templated":true}]}}