{"id":11030,"date":"2024-01-31T13:45:13","date_gmt":"2024-01-31T16:45:13","guid":{"rendered":"https:\/\/apuntesdesanluis.com\/?p=11030"},"modified":"2024-01-31T13:46:28","modified_gmt":"2024-01-31T16:46:28","slug":"dosep-busca-mejorar-la-atencion-a-personas-con-discapacidad","status":"publish","type":"post","link":"https:\/\/apuntesdesanluis.com\/index.php\/2024\/01\/31\/dosep-busca-mejorar-la-atencion-a-personas-con-discapacidad\/","title":{"rendered":"DOSEP BUSCA MEJORAR LA ATENCI\u00d3N A PERSONAS CON DISCAPACIDAD"},"content":{"rendered":"<h3>La coordinadora general de la obra social m\u00e1s grande de la provincia, <strong>Teresa Nigra<\/strong>, adelant\u00f3 la decisi\u00f3n de concretar la apertura de la cartilla de profesionales m\u00e9dicos y de facilitar las condiciones para el traslado, sobre todo cuando deben ir a tratarse fuera de la provincia.<\/h3>\n<h3>El encuentro con las ONG dedicadas a atender la discapacidad dej\u00f3 algo en claro: pretenden una mejor atenci\u00f3n de DOSEP, la obra social que tienen los empleados p\u00fablicos de la provincia de San Luis. Ese s\u00e1bado, el gobernador <strong>Claudio Poggi<\/strong> tom\u00f3 nota de todas las inquietudes y ya el Gobierno, que tiene la atenci\u00f3n de la discapacidad como una pol\u00edtica de Estado, activ\u00f3 a los funcionarios correspondientes para comenzar a brindar respuestas y que la atenci\u00f3n de las personas con discapacidad pueda estar a la altura de sus necesidades.<\/h3>\n<h3>Por eso Teresa Nigra, la coordinadora general de DOSEP, recibi\u00f3 a <strong>Luis Giraudo<\/strong>, el secretario de Personas con Discapacidad, para dialogar sobre distintas cuestiones relativas a la atenci\u00f3n en materia de salud y para solucionar algunos problemas que se presentan con el transporte.<\/h3>\n<h3><img fetchpriority=\"high\" decoding=\"async\" class=\"wp-image-11032 aligncenter\" src=\"https:\/\/apuntesdesanluis.com\/wp-content\/uploads\/2024\/01\/giraudo-frente-300x179.png\" alt=\"\" width=\"603\" height=\"360\" srcset=\"https:\/\/apuntesdesanluis.com\/wp-content\/uploads\/2024\/01\/giraudo-frente-300x179.png 300w, https:\/\/apuntesdesanluis.com\/wp-content\/uploads\/2024\/01\/giraudo-frente.png 499w\" sizes=\"(max-width: 603px) 100vw, 603px\" \/><\/h3>\n<h3>Lo mismo hab\u00eda hecho el funcionario con la coordinadora de la obra social en Villa Mercedes, cuando ambos abrieron una mesa de di\u00e1logo para poner el foco sobre la atenci\u00f3n que reciben los afiliados, la insuficiente cantidad de profesionales capacitados y para gestionar soluciones para el problema del transporte para discapacitados, sobre todo cuando necesitan viajar para ser atendidos fuera de la provincia.<\/h3>\n<h3>Nigra adelant\u00f3 la decisi\u00f3n de concretar la apertura de la cartilla de profesionales m\u00e9dicos en las distintas especialidades y facilitar las condiciones para el traslado de personas con discapacidad, teniendo en cuenta que existe adem\u00e1s una ley nacional que asigna un cupo en este sentido.<\/h3>\n<h3><strong>ACOMPA\u00d1ANTES TERAP\u00c9UTICOS<\/strong><\/h3>\n<h3>El presidente de la Asociaci\u00f3n de Acompa\u00f1antes Terap\u00e9uticos, asegur\u00f3 que faltan profesionales especializados, lo que lleva a las familias a contratar personal sin capacitaci\u00f3n. Mostr\u00f3 c\u00f3mo trabajan con el Poder Judicial, un ejemplo que quiere replicar en su relaci\u00f3n con la secretar\u00eda de Personas con Discapacidad.<\/h3>\n<h3><img decoding=\"async\" class=\"wp-image-11033 aligncenter\" src=\"https:\/\/apuntesdesanluis.com\/wp-content\/uploads\/2024\/01\/goraip-acompaantes-300x179.png\" alt=\"\" width=\"603\" height=\"360\" srcset=\"https:\/\/apuntesdesanluis.com\/wp-content\/uploads\/2024\/01\/goraip-acompaantes-300x179.png 300w, https:\/\/apuntesdesanluis.com\/wp-content\/uploads\/2024\/01\/goraip-acompaantes.png 600w\" sizes=\"(max-width: 603px) 100vw, 603px\" \/><\/h3>\n<h3>La secretar\u00eda de Personas con Discapacidad que ocupa <strong>Luis Giraudo<\/strong> recibi\u00f3 al titular de la Asociaci\u00f3n de Acompa\u00f1antes Terap\u00e9uticos, <strong>Sergio Su\u00e1rez<\/strong>, en un primer encuentro que sirvi\u00f3 de presentaci\u00f3n y para escuchar los problemas que tienen estos profesionales para desempe\u00f1ar su trabajo.<\/h3>\n<h3>Su\u00e1rez, autor del libro \u2018Acompa\u00f1ante Terap\u00e9utico. Nuevos escenarios\/miradas diferentes\u2019, asegur\u00f3 que faltan profesionales especializados, lo que muchas veces lleva a las familias a contratar personal que no est\u00e1 capacitado o no realiz\u00f3 curso alguno para llevar adelante una tarea que es muy delicada.<\/h3>\n<h3>\u201cNos encontramos con las manos atadas, porque no actuamos como entes reguladores\u201d, le explic\u00f3 a Luis Giraudo, el secretario de Personas con Discapacidad. Su aspiraci\u00f3n es llegar a tener una relaci\u00f3n como la que mantiene la Asociaci\u00f3n con el Poder Judicial: \u201cGeneralmente nos derivan casos que requieren de la participaci\u00f3n de profesionales formados. Venimos trabajando activamente en San Luis, Merlo y Concar\u00e1n\u201d, agreg\u00f3.<\/h3>\n<h3>La secretar\u00eda de Personas con Discapacidad le propuso firmar un convenio de cooperaci\u00f3n, a partir del cual se efectuar\u00e1 una convocatoria a profesionales para crear un registro de Acompa\u00f1antes Terap\u00e9uticos. Su\u00e1rez asegur\u00f3 que su entidad lo que pretende es \u201ceducar a la familia y a la comunidad, trabajando en conjunto con la Secretar\u00eda e integrando a psic\u00f3logos y asistentes sociales\u201d.<\/h3>\n<h3><strong>JORNADA DE TIRO CON ARCO ADAPTADO<\/strong><\/h3>\n<h3>Ser\u00e1 una actividad recreativa, con una charla a cargo de <strong>Jorge Marinotti<\/strong>, director de la Escuela de Arquer\u00eda, y una demostraci\u00f3n pr\u00e1ctica de <strong>Albina Torres<\/strong>, integrante del Seleccionado argentino de este deporte que permite una f\u00e1cil adaptaci\u00f3n para las personas con discapacidad.<\/h3>\n<h3>Este s\u00e1bado, entre las 17:30 y las 20, la secretar\u00eda de Personas con Discapacidad llevar\u00e1 adelante en la Escuela Provincial de Equinoterapia de La Pedrera una actividad recreativa compuesta por una charla motivadora y una demostraci\u00f3n de tiro con arco y flecha adaptados. Contar\u00e1 con la presencia de <strong>Albina Torres<\/strong>, integrante del Seleccionado argentino de la especialidad.<\/h3>\n<h3><img decoding=\"async\" class=\"wp-image-11034 aligncenter\" src=\"https:\/\/apuntesdesanluis.com\/wp-content\/uploads\/2024\/01\/arco-adaptado-300x205.png\" alt=\"\" width=\"657\" height=\"449\" srcset=\"https:\/\/apuntesdesanluis.com\/wp-content\/uploads\/2024\/01\/arco-adaptado-300x205.png 300w, https:\/\/apuntesdesanluis.com\/wp-content\/uploads\/2024\/01\/arco-adaptado.png 600w\" sizes=\"(max-width: 657px) 100vw, 657px\" \/><\/h3>\n<h3>La charla estar\u00e1 a cargo de Jorge Marinotti, quien tiene una escuela de arquer\u00eda y ense\u00f1a en el Parque La Pedrera. Cuando hablamos de un deporte como el tiro con arco y flecha pensamos que una persona con ceguera o con alguna otra discapacidad no es apto, dado que la precisi\u00f3n es lo primero que se viene a nuestra mente. Pues no, nada m\u00e1s lejos de la realidad.<\/h3>\n<h3>Y este s\u00e1bado quedar\u00e1 demostrado porque hay diferentes clasificaciones, dependiendo de la funcionalidad. Hay arqueros en silla de ruedas y otros que tienen una discapacidad visual y necesitan un arco adaptado. Ser\u00e1 el puntapi\u00e9 inicial de una serie de jornadas con distintas disciplinas.<\/h3>\n<h3>La idea es hacer una por mes, y no s\u00f3lo destinadas a personas con discapacidad, sino tambi\u00e9n para toda la sociedad. Ser\u00e1 una forma de romper barreras, lograr una mayor integraci\u00f3n y construir puentes entre toda la comunidad. <strong>Arneli Winter<\/strong>, encargada de la sub\u00e1rea de Deporte Adaptado, espera \u201cque sea una tarde llena de emociones, que invite a conectarnos con la naturaleza y el deporte\u201d.<\/h3>\n<p>&nbsp;<\/p>\n<p>&nbsp;<\/p>\n<p>&nbsp;<\/p>\n<p>&nbsp;<\/p>\n<h3><\/h3>\n<h3><\/h3>\n","protected":false},"excerpt":{"rendered":"<p>La coordinadora general de la obra social m\u00e1s grande de la provincia, Teresa Nigra, adelant\u00f3&#8230;<\/p>\n","protected":false},"author":1,"featured_media":11031,"comment_status":"closed","ping_status":"closed","sticky":false,"template":"","format":"standard","meta":{"footnotes":""},"categories":[6],"tags":[],"class_list":["post-11030","post","type-post","status-publish","format-standard","has-post-thumbnail","hentry","category-ciudad-provincia"],"yoast_head":"<!-- This site is optimized with the Yoast SEO plugin v26.1.1 - https:\/\/yoast.com\/wordpress\/plugins\/seo\/ -->\n<title>DOSEP BUSCA MEJORAR LA ATENCI\u00d3N A PERSONAS CON DISCAPACIDAD - Apuntes de San Luis<\/title>\n<meta name=\"robots\" content=\"index, follow, max-snippet:-1, max-image-preview:large, max-video-preview:-1\" \/>\n<link rel=\"canonical\" href=\"https:\/\/apuntesdesanluis.com\/index.php\/2024\/01\/31\/dosep-busca-mejorar-la-atencion-a-personas-con-discapacidad\/\" \/>\n<meta property=\"og:locale\" content=\"es_ES\" \/>\n<meta property=\"og:type\" content=\"article\" \/>\n<meta property=\"og:title\" content=\"DOSEP BUSCA MEJORAR LA ATENCI\u00d3N A PERSONAS CON DISCAPACIDAD - Apuntes de San Luis\" \/>\n<meta property=\"og:description\" content=\"La coordinadora general de la obra social m\u00e1s grande de la provincia, Teresa Nigra, adelant\u00f3...\" \/>\n<meta property=\"og:url\" content=\"https:\/\/apuntesdesanluis.com\/index.php\/2024\/01\/31\/dosep-busca-mejorar-la-atencion-a-personas-con-discapacidad\/\" \/>\n<meta property=\"og:site_name\" content=\"Apuntes de San Luis\" \/>\n<meta property=\"article:published_time\" content=\"2024-01-31T16:45:13+00:00\" \/>\n<meta property=\"article:modified_time\" content=\"2024-01-31T16:46:28+00:00\" \/>\n<meta property=\"og:image\" content=\"https:\/\/apuntesdesanluis.com\/wp-content\/uploads\/2024\/01\/giraudo-de-espalda.png\" \/>\n\t<meta property=\"og:image:width\" content=\"600\" \/>\n\t<meta property=\"og:image:height\" content=\"336\" \/>\n\t<meta property=\"og:image:type\" content=\"image\/png\" \/>\n<meta name=\"author\" content=\"apuntesdesanluis.com\" \/>\n<meta name=\"twitter:card\" content=\"summary_large_image\" \/>\n<meta name=\"twitter:label1\" content=\"Escrito por\" \/>\n\t<meta name=\"twitter:data1\" content=\"apuntesdesanluis.com\" \/>\n\t<meta name=\"twitter:label2\" content=\"Tiempo de lectura\" \/>\n\t<meta name=\"twitter:data2\" content=\"5 minutos\" \/>\n<script type=\"application\/ld+json\" class=\"yoast-schema-graph\">{\"@context\":\"https:\/\/schema.org\",\"@graph\":[{\"@type\":\"Article\",\"@id\":\"https:\/\/apuntesdesanluis.com\/index.php\/2024\/01\/31\/dosep-busca-mejorar-la-atencion-a-personas-con-discapacidad\/#article\",\"isPartOf\":{\"@id\":\"https:\/\/apuntesdesanluis.com\/index.php\/2024\/01\/31\/dosep-busca-mejorar-la-atencion-a-personas-con-discapacidad\/\"},\"author\":{\"name\":\"apuntesdesanluis.com\",\"@id\":\"https:\/\/apuntesdesanluis.com\/#\/schema\/person\/b55151d52296fcce64d1a72538a70b90\"},\"headline\":\"DOSEP BUSCA MEJORAR LA ATENCI\u00d3N A PERSONAS CON DISCAPACIDAD\",\"datePublished\":\"2024-01-31T16:45:13+00:00\",\"dateModified\":\"2024-01-31T16:46:28+00:00\",\"mainEntityOfPage\":{\"@id\":\"https:\/\/apuntesdesanluis.com\/index.php\/2024\/01\/31\/dosep-busca-mejorar-la-atencion-a-personas-con-discapacidad\/\"},\"wordCount\":900,\"publisher\":{\"@id\":\"https:\/\/apuntesdesanluis.com\/#\/schema\/person\/b55151d52296fcce64d1a72538a70b90\"},\"image\":{\"@id\":\"https:\/\/apuntesdesanluis.com\/index.php\/2024\/01\/31\/dosep-busca-mejorar-la-atencion-a-personas-con-discapacidad\/#primaryimage\"},\"thumbnailUrl\":\"https:\/\/apuntesdesanluis.com\/wp-content\/uploads\/2024\/01\/giraudo-de-espalda.png\",\"articleSection\":[\"Ciudad\/Provincia\"],\"inLanguage\":\"es-AR\"},{\"@type\":\"WebPage\",\"@id\":\"https:\/\/apuntesdesanluis.com\/index.php\/2024\/01\/31\/dosep-busca-mejorar-la-atencion-a-personas-con-discapacidad\/\",\"url\":\"https:\/\/apuntesdesanluis.com\/index.php\/2024\/01\/31\/dosep-busca-mejorar-la-atencion-a-personas-con-discapacidad\/\",\"name\":\"DOSEP BUSCA MEJORAR LA ATENCI\u00d3N A PERSONAS CON DISCAPACIDAD - Apuntes de San Luis\",\"isPartOf\":{\"@id\":\"https:\/\/apuntesdesanluis.com\/#website\"},\"primaryImageOfPage\":{\"@id\":\"https:\/\/apuntesdesanluis.com\/index.php\/2024\/01\/31\/dosep-busca-mejorar-la-atencion-a-personas-con-discapacidad\/#primaryimage\"},\"image\":{\"@id\":\"https:\/\/apuntesdesanluis.com\/index.php\/2024\/01\/31\/dosep-busca-mejorar-la-atencion-a-personas-con-discapacidad\/#primaryimage\"},\"thumbnailUrl\":\"https:\/\/apuntesdesanluis.com\/wp-content\/uploads\/2024\/01\/giraudo-de-espalda.png\",\"datePublished\":\"2024-01-31T16:45:13+00:00\",\"dateModified\":\"2024-01-31T16:46:28+00:00\",\"breadcrumb\":{\"@id\":\"https:\/\/apuntesdesanluis.com\/index.php\/2024\/01\/31\/dosep-busca-mejorar-la-atencion-a-personas-con-discapacidad\/#breadcrumb\"},\"inLanguage\":\"es-AR\",\"potentialAction\":[{\"@type\":\"ReadAction\",\"target\":[\"https:\/\/apuntesdesanluis.com\/index.php\/2024\/01\/31\/dosep-busca-mejorar-la-atencion-a-personas-con-discapacidad\/\"]}]},{\"@type\":\"ImageObject\",\"inLanguage\":\"es-AR\",\"@id\":\"https:\/\/apuntesdesanluis.com\/index.php\/2024\/01\/31\/dosep-busca-mejorar-la-atencion-a-personas-con-discapacidad\/#primaryimage\",\"url\":\"https:\/\/apuntesdesanluis.com\/wp-content\/uploads\/2024\/01\/giraudo-de-espalda.png\",\"contentUrl\":\"https:\/\/apuntesdesanluis.com\/wp-content\/uploads\/2024\/01\/giraudo-de-espalda.png\",\"width\":600,\"height\":336},{\"@type\":\"BreadcrumbList\",\"@id\":\"https:\/\/apuntesdesanluis.com\/index.php\/2024\/01\/31\/dosep-busca-mejorar-la-atencion-a-personas-con-discapacidad\/#breadcrumb\",\"itemListElement\":[{\"@type\":\"ListItem\",\"position\":1,\"name\":\"Inicio\",\"item\":\"https:\/\/apuntesdesanluis.com\/\"},{\"@type\":\"ListItem\",\"position\":2,\"name\":\"DOSEP BUSCA MEJORAR LA ATENCI\u00d3N A PERSONAS CON DISCAPACIDAD\"}]},{\"@type\":\"WebSite\",\"@id\":\"https:\/\/apuntesdesanluis.com\/#website\",\"url\":\"https:\/\/apuntesdesanluis.com\/\",\"name\":\"Apuntes de San Luis\",\"description\":\"\",\"publisher\":{\"@id\":\"https:\/\/apuntesdesanluis.com\/#\/schema\/person\/b55151d52296fcce64d1a72538a70b90\"},\"potentialAction\":[{\"@type\":\"SearchAction\",\"target\":{\"@type\":\"EntryPoint\",\"urlTemplate\":\"https:\/\/apuntesdesanluis.com\/?s={search_term_string}\"},\"query-input\":{\"@type\":\"PropertyValueSpecification\",\"valueRequired\":true,\"valueName\":\"search_term_string\"}}],\"inLanguage\":\"es-AR\"},{\"@type\":[\"Person\",\"Organization\"],\"@id\":\"https:\/\/apuntesdesanluis.com\/#\/schema\/person\/b55151d52296fcce64d1a72538a70b90\",\"name\":\"apuntesdesanluis.com\",\"image\":{\"@type\":\"ImageObject\",\"inLanguage\":\"es-AR\",\"@id\":\"https:\/\/apuntesdesanluis.com\/#\/schema\/person\/image\/\",\"url\":\"https:\/\/apuntesdesanluis.com\/wp-content\/uploads\/2023\/07\/cropped-apuntesdesanluis.png\",\"contentUrl\":\"https:\/\/apuntesdesanluis.com\/wp-content\/uploads\/2023\/07\/cropped-apuntesdesanluis.png\",\"width\":450,\"height\":112,\"caption\":\"apuntesdesanluis.com\"},\"logo\":{\"@id\":\"https:\/\/apuntesdesanluis.com\/#\/schema\/person\/image\/\"},\"sameAs\":[\"https:\/\/apuntesdesanluis.com\"],\"url\":\"https:\/\/apuntesdesanluis.com\/index.php\/author\/apuntesdesanluis-com\/\"}]}<\/script>\n<!-- \/ Yoast SEO plugin. -->","yoast_head_json":{"title":"DOSEP BUSCA MEJORAR LA ATENCI\u00d3N A PERSONAS CON DISCAPACIDAD - Apuntes de San Luis","robots":{"index":"index","follow":"follow","max-snippet":"max-snippet:-1","max-image-preview":"max-image-preview:large","max-video-preview":"max-video-preview:-1"},"canonical":"https:\/\/apuntesdesanluis.com\/index.php\/2024\/01\/31\/dosep-busca-mejorar-la-atencion-a-personas-con-discapacidad\/","og_locale":"es_ES","og_type":"article","og_title":"DOSEP BUSCA MEJORAR LA ATENCI\u00d3N A PERSONAS CON DISCAPACIDAD - Apuntes de San Luis","og_description":"La coordinadora general de la obra social m\u00e1s grande de la provincia, Teresa Nigra, adelant\u00f3...","og_url":"https:\/\/apuntesdesanluis.com\/index.php\/2024\/01\/31\/dosep-busca-mejorar-la-atencion-a-personas-con-discapacidad\/","og_site_name":"Apuntes de San Luis","article_published_time":"2024-01-31T16:45:13+00:00","article_modified_time":"2024-01-31T16:46:28+00:00","og_image":[{"width":600,"height":336,"url":"https:\/\/apuntesdesanluis.com\/wp-content\/uploads\/2024\/01\/giraudo-de-espalda.png","type":"image\/png"}],"author":"apuntesdesanluis.com","twitter_card":"summary_large_image","twitter_misc":{"Escrito por":"apuntesdesanluis.com","Tiempo de lectura":"5 minutos"},"schema":{"@context":"https:\/\/schema.org","@graph":[{"@type":"Article","@id":"https:\/\/apuntesdesanluis.com\/index.php\/2024\/01\/31\/dosep-busca-mejorar-la-atencion-a-personas-con-discapacidad\/#article","isPartOf":{"@id":"https:\/\/apuntesdesanluis.com\/index.php\/2024\/01\/31\/dosep-busca-mejorar-la-atencion-a-personas-con-discapacidad\/"},"author":{"name":"apuntesdesanluis.com","@id":"https:\/\/apuntesdesanluis.com\/#\/schema\/person\/b55151d52296fcce64d1a72538a70b90"},"headline":"DOSEP BUSCA MEJORAR LA ATENCI\u00d3N A PERSONAS CON DISCAPACIDAD","datePublished":"2024-01-31T16:45:13+00:00","dateModified":"2024-01-31T16:46:28+00:00","mainEntityOfPage":{"@id":"https:\/\/apuntesdesanluis.com\/index.php\/2024\/01\/31\/dosep-busca-mejorar-la-atencion-a-personas-con-discapacidad\/"},"wordCount":900,"publisher":{"@id":"https:\/\/apuntesdesanluis.com\/#\/schema\/person\/b55151d52296fcce64d1a72538a70b90"},"image":{"@id":"https:\/\/apuntesdesanluis.com\/index.php\/2024\/01\/31\/dosep-busca-mejorar-la-atencion-a-personas-con-discapacidad\/#primaryimage"},"thumbnailUrl":"https:\/\/apuntesdesanluis.com\/wp-content\/uploads\/2024\/01\/giraudo-de-espalda.png","articleSection":["Ciudad\/Provincia"],"inLanguage":"es-AR"},{"@type":"WebPage","@id":"https:\/\/apuntesdesanluis.com\/index.php\/2024\/01\/31\/dosep-busca-mejorar-la-atencion-a-personas-con-discapacidad\/","url":"https:\/\/apuntesdesanluis.com\/index.php\/2024\/01\/31\/dosep-busca-mejorar-la-atencion-a-personas-con-discapacidad\/","name":"DOSEP BUSCA MEJORAR LA ATENCI\u00d3N A PERSONAS CON DISCAPACIDAD - Apuntes de San Luis","isPartOf":{"@id":"https:\/\/apuntesdesanluis.com\/#website"},"primaryImageOfPage":{"@id":"https:\/\/apuntesdesanluis.com\/index.php\/2024\/01\/31\/dosep-busca-mejorar-la-atencion-a-personas-con-discapacidad\/#primaryimage"},"image":{"@id":"https:\/\/apuntesdesanluis.com\/index.php\/2024\/01\/31\/dosep-busca-mejorar-la-atencion-a-personas-con-discapacidad\/#primaryimage"},"thumbnailUrl":"https:\/\/apuntesdesanluis.com\/wp-content\/uploads\/2024\/01\/giraudo-de-espalda.png","datePublished":"2024-01-31T16:45:13+00:00","dateModified":"2024-01-31T16:46:28+00:00","breadcrumb":{"@id":"https:\/\/apuntesdesanluis.com\/index.php\/2024\/01\/31\/dosep-busca-mejorar-la-atencion-a-personas-con-discapacidad\/#breadcrumb"},"inLanguage":"es-AR","potentialAction":[{"@type":"ReadAction","target":["https:\/\/apuntesdesanluis.com\/index.php\/2024\/01\/31\/dosep-busca-mejorar-la-atencion-a-personas-con-discapacidad\/"]}]},{"@type":"ImageObject","inLanguage":"es-AR","@id":"https:\/\/apuntesdesanluis.com\/index.php\/2024\/01\/31\/dosep-busca-mejorar-la-atencion-a-personas-con-discapacidad\/#primaryimage","url":"https:\/\/apuntesdesanluis.com\/wp-content\/uploads\/2024\/01\/giraudo-de-espalda.png","contentUrl":"https:\/\/apuntesdesanluis.com\/wp-content\/uploads\/2024\/01\/giraudo-de-espalda.png","width":600,"height":336},{"@type":"BreadcrumbList","@id":"https:\/\/apuntesdesanluis.com\/index.php\/2024\/01\/31\/dosep-busca-mejorar-la-atencion-a-personas-con-discapacidad\/#breadcrumb","itemListElement":[{"@type":"ListItem","position":1,"name":"Inicio","item":"https:\/\/apuntesdesanluis.com\/"},{"@type":"ListItem","position":2,"name":"DOSEP BUSCA MEJORAR LA ATENCI\u00d3N A PERSONAS CON DISCAPACIDAD"}]},{"@type":"WebSite","@id":"https:\/\/apuntesdesanluis.com\/#website","url":"https:\/\/apuntesdesanluis.com\/","name":"Apuntes de San Luis","description":"","publisher":{"@id":"https:\/\/apuntesdesanluis.com\/#\/schema\/person\/b55151d52296fcce64d1a72538a70b90"},"potentialAction":[{"@type":"SearchAction","target":{"@type":"EntryPoint","urlTemplate":"https:\/\/apuntesdesanluis.com\/?s={search_term_string}"},"query-input":{"@type":"PropertyValueSpecification","valueRequired":true,"valueName":"search_term_string"}}],"inLanguage":"es-AR"},{"@type":["Person","Organization"],"@id":"https:\/\/apuntesdesanluis.com\/#\/schema\/person\/b55151d52296fcce64d1a72538a70b90","name":"apuntesdesanluis.com","image":{"@type":"ImageObject","inLanguage":"es-AR","@id":"https:\/\/apuntesdesanluis.com\/#\/schema\/person\/image\/","url":"https:\/\/apuntesdesanluis.com\/wp-content\/uploads\/2023\/07\/cropped-apuntesdesanluis.png","contentUrl":"https:\/\/apuntesdesanluis.com\/wp-content\/uploads\/2023\/07\/cropped-apuntesdesanluis.png","width":450,"height":112,"caption":"apuntesdesanluis.com"},"logo":{"@id":"https:\/\/apuntesdesanluis.com\/#\/schema\/person\/image\/"},"sameAs":["https:\/\/apuntesdesanluis.com"],"url":"https:\/\/apuntesdesanluis.com\/index.php\/author\/apuntesdesanluis-com\/"}]}},"featured_image_urls":{"full":["https:\/\/apuntesdesanluis.com\/wp-content\/uploads\/2024\/01\/giraudo-de-espalda.png",600,336,false],"thumbnail":["https:\/\/apuntesdesanluis.com\/wp-content\/uploads\/2024\/01\/giraudo-de-espalda-150x150.png",150,150,true],"medium":["https:\/\/apuntesdesanluis.com\/wp-content\/uploads\/2024\/01\/giraudo-de-espalda-300x168.png",300,168,true],"medium_large":["https:\/\/apuntesdesanluis.com\/wp-content\/uploads\/2024\/01\/giraudo-de-espalda.png",600,336,false],"large":["https:\/\/apuntesdesanluis.com\/wp-content\/uploads\/2024\/01\/giraudo-de-espalda.png",600,336,false],"1536x1536":["https:\/\/apuntesdesanluis.com\/wp-content\/uploads\/2024\/01\/giraudo-de-espalda.png",600,336,false],"2048x2048":["https:\/\/apuntesdesanluis.com\/wp-content\/uploads\/2024\/01\/giraudo-de-espalda.png",600,336,false],"newsever-slider-full":["https:\/\/apuntesdesanluis.com\/wp-content\/uploads\/2024\/01\/giraudo-de-espalda.png",600,336,false],"newsever-featured":["https:\/\/apuntesdesanluis.com\/wp-content\/uploads\/2024\/01\/giraudo-de-espalda.png",600,336,false],"newsever-medium":["https:\/\/apuntesdesanluis.com\/wp-content\/uploads\/2024\/01\/giraudo-de-espalda.png",600,336,false]},"author_info":{"display_name":"apuntesdesanluis.com","author_link":"https:\/\/apuntesdesanluis.com\/index.php\/author\/apuntesdesanluis-com\/"},"category_info":"<a href=\"https:\/\/apuntesdesanluis.com\/index.php\/category\/ciudad-provincia\/\" rel=\"category tag\">Ciudad\/Provincia<\/a>","tag_info":"Ciudad\/Provincia","comment_count":"0","_links":{"self":[{"href":"https:\/\/apuntesdesanluis.com\/index.php\/wp-json\/wp\/v2\/posts\/11030","targetHints":{"allow":["GET"]}}],"collection":[{"href":"https:\/\/apuntesdesanluis.com\/index.php\/wp-json\/wp\/v2\/posts"}],"about":[{"href":"https:\/\/apuntesdesanluis.com\/index.php\/wp-json\/wp\/v2\/types\/post"}],"author":[{"embeddable":true,"href":"https:\/\/apuntesdesanluis.com\/index.php\/wp-json\/wp\/v2\/users\/1"}],"replies":[{"embeddable":true,"href":"https:\/\/apuntesdesanluis.com\/index.php\/wp-json\/wp\/v2\/comments?post=11030"}],"version-history":[{"count":4,"href":"https:\/\/apuntesdesanluis.com\/index.php\/wp-json\/wp\/v2\/posts\/11030\/revisions"}],"predecessor-version":[{"id":11038,"href":"https:\/\/apuntesdesanluis.com\/index.php\/wp-json\/wp\/v2\/posts\/11030\/revisions\/11038"}],"wp:featuredmedia":[{"embeddable":true,"href":"https:\/\/apuntesdesanluis.com\/index.php\/wp-json\/wp\/v2\/media\/11031"}],"wp:attachment":[{"href":"https:\/\/apuntesdesanluis.com\/index.php\/wp-json\/wp\/v2\/media?parent=11030"}],"wp:term":[{"taxonomy":"category","embeddable":true,"href":"https:\/\/apuntesdesanluis.com\/index.php\/wp-json\/wp\/v2\/categories?post=11030"},{"taxonomy":"post_tag","embeddable":true,"href":"https:\/\/apuntesdesanluis.com\/index.php\/wp-json\/wp\/v2\/tags?post=11030"}],"curies":[{"name":"wp","href":"https:\/\/api.w.org\/{rel}","templated":true}]}}