{"id":11039,"date":"2024-01-31T15:08:51","date_gmt":"2024-01-31T18:08:51","guid":{"rendered":"https:\/\/apuntesdesanluis.com\/?p=11039"},"modified":"2024-01-31T15:16:47","modified_gmt":"2024-01-31T18:16:47","slug":"ernesto-pipi-ali-asumio-como-diputado-nacional-pro-tempore","status":"publish","type":"post","link":"https:\/\/apuntesdesanluis.com\/index.php\/2024\/01\/31\/ernesto-pipi-ali-asumio-como-diputado-nacional-pro-tempore\/","title":{"rendered":"ERNESTO \u201cPIPI\u201d ALI ASUMI\u00d3 COMO DIPUTADO NACIONAL \u201cPRO TEMPORE\u201d"},"content":{"rendered":"<h3>El intendente de licencia <strong>Ernesto Nader \u201cPipi\u201d Al\u00ed<\/strong> jur\u00f3 esta ma\u00f1ana como diputado nacional \u201cpor un tiempo\u201d por la bancada de Uni\u00f3n por la Patria, luego que no lo hiciera el pasado 10 de diciembre, cuando todav\u00eda no ten\u00eda decidido si ir o quedarse. Lo hizo minutos antes de comenzar la sesi\u00f3n en la que se debate la ley \u00f3mnibus<\/h3>\n<h3>Con voz firme y decidida, el legislador pronunci\u00f3 sin trabarse un discurso que prepar\u00f3 cuidadosamente en los \u00faltimos d\u00edas, cosa de hacerse notar: <em>&#8220;Por mi amada ciudad de La Toma, por mi amada provincia de San Luis, por la lealtad a mi doctrina ideol\u00f3gica, a las tres banderas y al Alberto (Rodr\u00edguez Sa\u00e1), y para luchar contra el avasallamiento de los derechos y el atropello a las personas que estamos viviendo en Argentina y en San Luis, s\u00ed, juro&#8221;,<\/em> dijo a la hora de expresar su compromiso.<\/h3>\n<!--[if lt IE 9]><script>document.createElement('video');<\/script><![endif]-->\n\t<div class=\"wp-playlist wp-video-playlist wp-playlist-light\">\n\t\t<video controls=\"controls\" preload=\"none\" width=\"618\"\n\t\t height=\"280\"\t><\/video>\n\t<div class=\"wp-playlist-next\"><\/div>\n\t<div class=\"wp-playlist-prev\"><\/div>\n\t<noscript>\n\t<ol>\n\t\t<li><a href='https:\/\/apuntesdesanluis.com\/wp-content\/uploads\/2024\/01\/juramento.mp4'>juramento<\/a><\/li>\t<\/ol>\n\t<\/noscript>\n\t<script type=\"application\/json\" class=\"wp-playlist-script\">{\"type\":\"video\",\"tracklist\":true,\"tracknumbers\":true,\"images\":true,\"artists\":true,\"tracks\":[{\"src\":\"https:\\\/\\\/apuntesdesanluis.com\\\/wp-content\\\/uploads\\\/2024\\\/01\\\/juramento.mp4\",\"type\":\"video\\\/mp4\",\"title\":\"juramento\",\"caption\":\"\",\"description\":\"\",\"meta\":{\"length_formatted\":\"0:53\"},\"dimensions\":{\"original\":{\"width\":848,\"height\":384},\"resized\":{\"width\":618,\"height\":280}},\"image\":{\"src\":\"https:\\\/\\\/apuntesdesanluis.com\\\/wp-includes\\\/images\\\/media\\\/video.svg\",\"width\":48,\"height\":64},\"thumb\":{\"src\":\"https:\\\/\\\/apuntesdesanluis.com\\\/wp-includes\\\/images\\\/media\\\/video.svg\",\"width\":48,\"height\":64}}]}<\/script>\n<\/div>\n\t\n<h3>Adem\u00e1s de Ali tambi\u00e9n jur\u00f3 el cargo <strong>M\u00f3nica Ferreyra<\/strong> (La Libertad Avanza-CABA), en reemplazo de <strong>Diana Mondino<\/strong>, designada por el presidente Javier Milei como ministra de Relaciones Exteriores.<\/h3>\n<h3>El flamante legislador se sentar\u00e1 en su banca poco menos de 10 meses, hasta el 18 de noviembre, luego de la inaudita licencia que le concedi\u00f3 la mayor\u00eda propia del Concejo Deliberante de La Toma, en lugar de permanecer hasta diciembre de 2027, que es el tiempo que se extiende su mandato.<\/h3>\n<h3>De todos modos, nadie arriesga pron\u00f3stico sobre los pr\u00f3ximos pasos del \u201cPipi\u201d. Tanto puede quedarse hasta noviembre de este a\u00f1o o pedir una nueva licencia y continuar como legislador nacional un tiempo m\u00e1s. Las circunstancias dir\u00e1n.<\/h3>\n<h3>Incluso un amigo que lo conoce de chiquito va m\u00e1s all\u00e1: <em>\u201cEl Pipi va a hacer cualquiera, siempre fue igual de audaz y no tiene l\u00edmites. Es capaz m\u00e1s adelante de renunciar y volver a presentarse como candidato a intendente, para seguir estando. No s\u00e9 c\u00f3mo hace, pero en el pueblo nadie lo quiere pero despu\u00e9s lo terminan votando\u201d<\/em>.<\/h3>\n<h3><span style=\"color: #3366ff;\"><strong>NOTICIA RELACIONADA:<\/strong><\/span><\/h3>\n<p><a href=\"https:\/\/apuntesdesanluis.com\/index.php\/2024\/01\/18\/al-final-pipi-ali-se-tomara-licencia-y-asumira-por-un-tiempito-como-diputado-nacional\/\" target=\"_blank\" rel=\"noopener\"><img fetchpriority=\"high\" decoding=\"async\" class=\"alignnone wp-image-11040\" src=\"https:\/\/apuntesdesanluis.com\/wp-content\/uploads\/2024\/01\/posteo-13-300x249.png\" alt=\"\" width=\"489\" height=\"406\" srcset=\"https:\/\/apuntesdesanluis.com\/wp-content\/uploads\/2024\/01\/posteo-13-300x249.png 300w, https:\/\/apuntesdesanluis.com\/wp-content\/uploads\/2024\/01\/posteo-13.png 643w\" sizes=\"(max-width: 489px) 100vw, 489px\" \/><\/a><\/p>\n<p>&nbsp;<\/p>\n<p>&nbsp;<\/p>\n<p>&nbsp;<\/p>\n<p>&nbsp;<\/p>\n","protected":false},"excerpt":{"rendered":"<p>El intendente de licencia Ernesto Nader \u201cPipi\u201d Al\u00ed jur\u00f3 esta ma\u00f1ana como diputado nacional \u201cpor&#8230;<\/p>\n","protected":false},"author":1,"featured_media":11043,"comment_status":"closed","ping_status":"closed","sticky":false,"template":"","format":"standard","meta":{"footnotes":""},"categories":[6],"tags":[],"class_list":["post-11039","post","type-post","status-publish","format-standard","has-post-thumbnail","hentry","category-ciudad-provincia"],"yoast_head":"<!-- This site is optimized with the Yoast SEO plugin v26.1.1 - https:\/\/yoast.com\/wordpress\/plugins\/seo\/ -->\n<title>ERNESTO \u201cPIPI\u201d ALI ASUMI\u00d3 COMO DIPUTADO NACIONAL \u201cPRO TEMPORE\u201d - Apuntes de San Luis<\/title>\n<meta name=\"robots\" content=\"index, follow, max-snippet:-1, max-image-preview:large, max-video-preview:-1\" \/>\n<link rel=\"canonical\" href=\"https:\/\/apuntesdesanluis.com\/index.php\/2024\/01\/31\/ernesto-pipi-ali-asumio-como-diputado-nacional-pro-tempore\/\" \/>\n<meta property=\"og:locale\" content=\"es_ES\" \/>\n<meta property=\"og:type\" content=\"article\" \/>\n<meta property=\"og:title\" content=\"ERNESTO \u201cPIPI\u201d ALI ASUMI\u00d3 COMO DIPUTADO NACIONAL \u201cPRO TEMPORE\u201d - Apuntes de San Luis\" \/>\n<meta property=\"og:description\" content=\"El intendente de licencia Ernesto Nader \u201cPipi\u201d Al\u00ed jur\u00f3 esta ma\u00f1ana como diputado nacional \u201cpor...\" \/>\n<meta property=\"og:url\" content=\"https:\/\/apuntesdesanluis.com\/index.php\/2024\/01\/31\/ernesto-pipi-ali-asumio-como-diputado-nacional-pro-tempore\/\" \/>\n<meta property=\"og:site_name\" content=\"Apuntes de San Luis\" \/>\n<meta property=\"article:published_time\" content=\"2024-01-31T18:08:51+00:00\" \/>\n<meta property=\"article:modified_time\" content=\"2024-01-31T18:16:47+00:00\" \/>\n<meta property=\"og:image\" content=\"https:\/\/apuntesdesanluis.com\/wp-content\/uploads\/2024\/01\/ali-3.png\" \/>\n\t<meta property=\"og:image:width\" content=\"664\" \/>\n\t<meta property=\"og:image:height\" content=\"431\" \/>\n\t<meta property=\"og:image:type\" content=\"image\/png\" \/>\n<meta name=\"author\" content=\"apuntesdesanluis.com\" \/>\n<meta name=\"twitter:card\" content=\"summary_large_image\" \/>\n<meta name=\"twitter:label1\" content=\"Escrito por\" \/>\n\t<meta name=\"twitter:data1\" content=\"apuntesdesanluis.com\" \/>\n\t<meta name=\"twitter:label2\" content=\"Tiempo de lectura\" \/>\n\t<meta name=\"twitter:data2\" content=\"2 minutos\" \/>\n<script type=\"application\/ld+json\" class=\"yoast-schema-graph\">{\"@context\":\"https:\/\/schema.org\",\"@graph\":[{\"@type\":\"Article\",\"@id\":\"https:\/\/apuntesdesanluis.com\/index.php\/2024\/01\/31\/ernesto-pipi-ali-asumio-como-diputado-nacional-pro-tempore\/#article\",\"isPartOf\":{\"@id\":\"https:\/\/apuntesdesanluis.com\/index.php\/2024\/01\/31\/ernesto-pipi-ali-asumio-como-diputado-nacional-pro-tempore\/\"},\"author\":{\"name\":\"apuntesdesanluis.com\",\"@id\":\"https:\/\/apuntesdesanluis.com\/#\/schema\/person\/b55151d52296fcce64d1a72538a70b90\"},\"headline\":\"ERNESTO \u201cPIPI\u201d ALI ASUMI\u00d3 COMO DIPUTADO NACIONAL \u201cPRO TEMPORE\u201d\",\"datePublished\":\"2024-01-31T18:08:51+00:00\",\"dateModified\":\"2024-01-31T18:16:47+00:00\",\"mainEntityOfPage\":{\"@id\":\"https:\/\/apuntesdesanluis.com\/index.php\/2024\/01\/31\/ernesto-pipi-ali-asumio-como-diputado-nacional-pro-tempore\/\"},\"wordCount\":359,\"publisher\":{\"@id\":\"https:\/\/apuntesdesanluis.com\/#\/schema\/person\/b55151d52296fcce64d1a72538a70b90\"},\"image\":{\"@id\":\"https:\/\/apuntesdesanluis.com\/index.php\/2024\/01\/31\/ernesto-pipi-ali-asumio-como-diputado-nacional-pro-tempore\/#primaryimage\"},\"thumbnailUrl\":\"https:\/\/apuntesdesanluis.com\/wp-content\/uploads\/2024\/01\/ali-3.png\",\"articleSection\":[\"Ciudad\/Provincia\"],\"inLanguage\":\"es-AR\"},{\"@type\":\"WebPage\",\"@id\":\"https:\/\/apuntesdesanluis.com\/index.php\/2024\/01\/31\/ernesto-pipi-ali-asumio-como-diputado-nacional-pro-tempore\/\",\"url\":\"https:\/\/apuntesdesanluis.com\/index.php\/2024\/01\/31\/ernesto-pipi-ali-asumio-como-diputado-nacional-pro-tempore\/\",\"name\":\"ERNESTO \u201cPIPI\u201d ALI ASUMI\u00d3 COMO DIPUTADO NACIONAL \u201cPRO TEMPORE\u201d - Apuntes de San Luis\",\"isPartOf\":{\"@id\":\"https:\/\/apuntesdesanluis.com\/#website\"},\"primaryImageOfPage\":{\"@id\":\"https:\/\/apuntesdesanluis.com\/index.php\/2024\/01\/31\/ernesto-pipi-ali-asumio-como-diputado-nacional-pro-tempore\/#primaryimage\"},\"image\":{\"@id\":\"https:\/\/apuntesdesanluis.com\/index.php\/2024\/01\/31\/ernesto-pipi-ali-asumio-como-diputado-nacional-pro-tempore\/#primaryimage\"},\"thumbnailUrl\":\"https:\/\/apuntesdesanluis.com\/wp-content\/uploads\/2024\/01\/ali-3.png\",\"datePublished\":\"2024-01-31T18:08:51+00:00\",\"dateModified\":\"2024-01-31T18:16:47+00:00\",\"breadcrumb\":{\"@id\":\"https:\/\/apuntesdesanluis.com\/index.php\/2024\/01\/31\/ernesto-pipi-ali-asumio-como-diputado-nacional-pro-tempore\/#breadcrumb\"},\"inLanguage\":\"es-AR\",\"potentialAction\":[{\"@type\":\"ReadAction\",\"target\":[\"https:\/\/apuntesdesanluis.com\/index.php\/2024\/01\/31\/ernesto-pipi-ali-asumio-como-diputado-nacional-pro-tempore\/\"]}]},{\"@type\":\"ImageObject\",\"inLanguage\":\"es-AR\",\"@id\":\"https:\/\/apuntesdesanluis.com\/index.php\/2024\/01\/31\/ernesto-pipi-ali-asumio-como-diputado-nacional-pro-tempore\/#primaryimage\",\"url\":\"https:\/\/apuntesdesanluis.com\/wp-content\/uploads\/2024\/01\/ali-3.png\",\"contentUrl\":\"https:\/\/apuntesdesanluis.com\/wp-content\/uploads\/2024\/01\/ali-3.png\",\"width\":664,\"height\":431},{\"@type\":\"BreadcrumbList\",\"@id\":\"https:\/\/apuntesdesanluis.com\/index.php\/2024\/01\/31\/ernesto-pipi-ali-asumio-como-diputado-nacional-pro-tempore\/#breadcrumb\",\"itemListElement\":[{\"@type\":\"ListItem\",\"position\":1,\"name\":\"Inicio\",\"item\":\"https:\/\/apuntesdesanluis.com\/\"},{\"@type\":\"ListItem\",\"position\":2,\"name\":\"ERNESTO \u201cPIPI\u201d ALI ASUMI\u00d3 COMO DIPUTADO NACIONAL \u201cPRO TEMPORE\u201d\"}]},{\"@type\":\"WebSite\",\"@id\":\"https:\/\/apuntesdesanluis.com\/#website\",\"url\":\"https:\/\/apuntesdesanluis.com\/\",\"name\":\"Apuntes de San Luis\",\"description\":\"\",\"publisher\":{\"@id\":\"https:\/\/apuntesdesanluis.com\/#\/schema\/person\/b55151d52296fcce64d1a72538a70b90\"},\"potentialAction\":[{\"@type\":\"SearchAction\",\"target\":{\"@type\":\"EntryPoint\",\"urlTemplate\":\"https:\/\/apuntesdesanluis.com\/?s={search_term_string}\"},\"query-input\":{\"@type\":\"PropertyValueSpecification\",\"valueRequired\":true,\"valueName\":\"search_term_string\"}}],\"inLanguage\":\"es-AR\"},{\"@type\":[\"Person\",\"Organization\"],\"@id\":\"https:\/\/apuntesdesanluis.com\/#\/schema\/person\/b55151d52296fcce64d1a72538a70b90\",\"name\":\"apuntesdesanluis.com\",\"image\":{\"@type\":\"ImageObject\",\"inLanguage\":\"es-AR\",\"@id\":\"https:\/\/apuntesdesanluis.com\/#\/schema\/person\/image\/\",\"url\":\"https:\/\/apuntesdesanluis.com\/wp-content\/uploads\/2023\/07\/cropped-apuntesdesanluis.png\",\"contentUrl\":\"https:\/\/apuntesdesanluis.com\/wp-content\/uploads\/2023\/07\/cropped-apuntesdesanluis.png\",\"width\":450,\"height\":112,\"caption\":\"apuntesdesanluis.com\"},\"logo\":{\"@id\":\"https:\/\/apuntesdesanluis.com\/#\/schema\/person\/image\/\"},\"sameAs\":[\"https:\/\/apuntesdesanluis.com\"],\"url\":\"https:\/\/apuntesdesanluis.com\/index.php\/author\/apuntesdesanluis-com\/\"}]}<\/script>\n<!-- \/ Yoast SEO plugin. -->","yoast_head_json":{"title":"ERNESTO \u201cPIPI\u201d ALI ASUMI\u00d3 COMO DIPUTADO NACIONAL \u201cPRO TEMPORE\u201d - Apuntes de San Luis","robots":{"index":"index","follow":"follow","max-snippet":"max-snippet:-1","max-image-preview":"max-image-preview:large","max-video-preview":"max-video-preview:-1"},"canonical":"https:\/\/apuntesdesanluis.com\/index.php\/2024\/01\/31\/ernesto-pipi-ali-asumio-como-diputado-nacional-pro-tempore\/","og_locale":"es_ES","og_type":"article","og_title":"ERNESTO \u201cPIPI\u201d ALI ASUMI\u00d3 COMO DIPUTADO NACIONAL \u201cPRO TEMPORE\u201d - Apuntes de San Luis","og_description":"El intendente de licencia Ernesto Nader \u201cPipi\u201d Al\u00ed jur\u00f3 esta ma\u00f1ana como diputado nacional \u201cpor...","og_url":"https:\/\/apuntesdesanluis.com\/index.php\/2024\/01\/31\/ernesto-pipi-ali-asumio-como-diputado-nacional-pro-tempore\/","og_site_name":"Apuntes de San Luis","article_published_time":"2024-01-31T18:08:51+00:00","article_modified_time":"2024-01-31T18:16:47+00:00","og_image":[{"width":664,"height":431,"url":"https:\/\/apuntesdesanluis.com\/wp-content\/uploads\/2024\/01\/ali-3.png","type":"image\/png"}],"author":"apuntesdesanluis.com","twitter_card":"summary_large_image","twitter_misc":{"Escrito por":"apuntesdesanluis.com","Tiempo de lectura":"2 minutos"},"schema":{"@context":"https:\/\/schema.org","@graph":[{"@type":"Article","@id":"https:\/\/apuntesdesanluis.com\/index.php\/2024\/01\/31\/ernesto-pipi-ali-asumio-como-diputado-nacional-pro-tempore\/#article","isPartOf":{"@id":"https:\/\/apuntesdesanluis.com\/index.php\/2024\/01\/31\/ernesto-pipi-ali-asumio-como-diputado-nacional-pro-tempore\/"},"author":{"name":"apuntesdesanluis.com","@id":"https:\/\/apuntesdesanluis.com\/#\/schema\/person\/b55151d52296fcce64d1a72538a70b90"},"headline":"ERNESTO \u201cPIPI\u201d ALI ASUMI\u00d3 COMO DIPUTADO NACIONAL \u201cPRO TEMPORE\u201d","datePublished":"2024-01-31T18:08:51+00:00","dateModified":"2024-01-31T18:16:47+00:00","mainEntityOfPage":{"@id":"https:\/\/apuntesdesanluis.com\/index.php\/2024\/01\/31\/ernesto-pipi-ali-asumio-como-diputado-nacional-pro-tempore\/"},"wordCount":359,"publisher":{"@id":"https:\/\/apuntesdesanluis.com\/#\/schema\/person\/b55151d52296fcce64d1a72538a70b90"},"image":{"@id":"https:\/\/apuntesdesanluis.com\/index.php\/2024\/01\/31\/ernesto-pipi-ali-asumio-como-diputado-nacional-pro-tempore\/#primaryimage"},"thumbnailUrl":"https:\/\/apuntesdesanluis.com\/wp-content\/uploads\/2024\/01\/ali-3.png","articleSection":["Ciudad\/Provincia"],"inLanguage":"es-AR"},{"@type":"WebPage","@id":"https:\/\/apuntesdesanluis.com\/index.php\/2024\/01\/31\/ernesto-pipi-ali-asumio-como-diputado-nacional-pro-tempore\/","url":"https:\/\/apuntesdesanluis.com\/index.php\/2024\/01\/31\/ernesto-pipi-ali-asumio-como-diputado-nacional-pro-tempore\/","name":"ERNESTO \u201cPIPI\u201d ALI ASUMI\u00d3 COMO DIPUTADO NACIONAL \u201cPRO TEMPORE\u201d - Apuntes de San Luis","isPartOf":{"@id":"https:\/\/apuntesdesanluis.com\/#website"},"primaryImageOfPage":{"@id":"https:\/\/apuntesdesanluis.com\/index.php\/2024\/01\/31\/ernesto-pipi-ali-asumio-como-diputado-nacional-pro-tempore\/#primaryimage"},"image":{"@id":"https:\/\/apuntesdesanluis.com\/index.php\/2024\/01\/31\/ernesto-pipi-ali-asumio-como-diputado-nacional-pro-tempore\/#primaryimage"},"thumbnailUrl":"https:\/\/apuntesdesanluis.com\/wp-content\/uploads\/2024\/01\/ali-3.png","datePublished":"2024-01-31T18:08:51+00:00","dateModified":"2024-01-31T18:16:47+00:00","breadcrumb":{"@id":"https:\/\/apuntesdesanluis.com\/index.php\/2024\/01\/31\/ernesto-pipi-ali-asumio-como-diputado-nacional-pro-tempore\/#breadcrumb"},"inLanguage":"es-AR","potentialAction":[{"@type":"ReadAction","target":["https:\/\/apuntesdesanluis.com\/index.php\/2024\/01\/31\/ernesto-pipi-ali-asumio-como-diputado-nacional-pro-tempore\/"]}]},{"@type":"ImageObject","inLanguage":"es-AR","@id":"https:\/\/apuntesdesanluis.com\/index.php\/2024\/01\/31\/ernesto-pipi-ali-asumio-como-diputado-nacional-pro-tempore\/#primaryimage","url":"https:\/\/apuntesdesanluis.com\/wp-content\/uploads\/2024\/01\/ali-3.png","contentUrl":"https:\/\/apuntesdesanluis.com\/wp-content\/uploads\/2024\/01\/ali-3.png","width":664,"height":431},{"@type":"BreadcrumbList","@id":"https:\/\/apuntesdesanluis.com\/index.php\/2024\/01\/31\/ernesto-pipi-ali-asumio-como-diputado-nacional-pro-tempore\/#breadcrumb","itemListElement":[{"@type":"ListItem","position":1,"name":"Inicio","item":"https:\/\/apuntesdesanluis.com\/"},{"@type":"ListItem","position":2,"name":"ERNESTO \u201cPIPI\u201d ALI ASUMI\u00d3 COMO DIPUTADO NACIONAL \u201cPRO TEMPORE\u201d"}]},{"@type":"WebSite","@id":"https:\/\/apuntesdesanluis.com\/#website","url":"https:\/\/apuntesdesanluis.com\/","name":"Apuntes de San Luis","description":"","publisher":{"@id":"https:\/\/apuntesdesanluis.com\/#\/schema\/person\/b55151d52296fcce64d1a72538a70b90"},"potentialAction":[{"@type":"SearchAction","target":{"@type":"EntryPoint","urlTemplate":"https:\/\/apuntesdesanluis.com\/?s={search_term_string}"},"query-input":{"@type":"PropertyValueSpecification","valueRequired":true,"valueName":"search_term_string"}}],"inLanguage":"es-AR"},{"@type":["Person","Organization"],"@id":"https:\/\/apuntesdesanluis.com\/#\/schema\/person\/b55151d52296fcce64d1a72538a70b90","name":"apuntesdesanluis.com","image":{"@type":"ImageObject","inLanguage":"es-AR","@id":"https:\/\/apuntesdesanluis.com\/#\/schema\/person\/image\/","url":"https:\/\/apuntesdesanluis.com\/wp-content\/uploads\/2023\/07\/cropped-apuntesdesanluis.png","contentUrl":"https:\/\/apuntesdesanluis.com\/wp-content\/uploads\/2023\/07\/cropped-apuntesdesanluis.png","width":450,"height":112,"caption":"apuntesdesanluis.com"},"logo":{"@id":"https:\/\/apuntesdesanluis.com\/#\/schema\/person\/image\/"},"sameAs":["https:\/\/apuntesdesanluis.com"],"url":"https:\/\/apuntesdesanluis.com\/index.php\/author\/apuntesdesanluis-com\/"}]}},"featured_image_urls":{"full":["https:\/\/apuntesdesanluis.com\/wp-content\/uploads\/2024\/01\/ali-3.png",664,431,false],"thumbnail":["https:\/\/apuntesdesanluis.com\/wp-content\/uploads\/2024\/01\/ali-3-150x150.png",150,150,true],"medium":["https:\/\/apuntesdesanluis.com\/wp-content\/uploads\/2024\/01\/ali-3-300x195.png",300,195,true],"medium_large":["https:\/\/apuntesdesanluis.com\/wp-content\/uploads\/2024\/01\/ali-3.png",640,415,false],"large":["https:\/\/apuntesdesanluis.com\/wp-content\/uploads\/2024\/01\/ali-3.png",640,415,false],"1536x1536":["https:\/\/apuntesdesanluis.com\/wp-content\/uploads\/2024\/01\/ali-3.png",664,431,false],"2048x2048":["https:\/\/apuntesdesanluis.com\/wp-content\/uploads\/2024\/01\/ali-3.png",664,431,false],"newsever-slider-full":["https:\/\/apuntesdesanluis.com\/wp-content\/uploads\/2024\/01\/ali-3.png",664,431,false],"newsever-featured":["https:\/\/apuntesdesanluis.com\/wp-content\/uploads\/2024\/01\/ali-3.png",664,431,false],"newsever-medium":["https:\/\/apuntesdesanluis.com\/wp-content\/uploads\/2024\/01\/ali-3.png",664,431,false]},"author_info":{"display_name":"apuntesdesanluis.com","author_link":"https:\/\/apuntesdesanluis.com\/index.php\/author\/apuntesdesanluis-com\/"},"category_info":"<a href=\"https:\/\/apuntesdesanluis.com\/index.php\/category\/ciudad-provincia\/\" rel=\"category tag\">Ciudad\/Provincia<\/a>","tag_info":"Ciudad\/Provincia","comment_count":"0","_links":{"self":[{"href":"https:\/\/apuntesdesanluis.com\/index.php\/wp-json\/wp\/v2\/posts\/11039","targetHints":{"allow":["GET"]}}],"collection":[{"href":"https:\/\/apuntesdesanluis.com\/index.php\/wp-json\/wp\/v2\/posts"}],"about":[{"href":"https:\/\/apuntesdesanluis.com\/index.php\/wp-json\/wp\/v2\/types\/post"}],"author":[{"embeddable":true,"href":"https:\/\/apuntesdesanluis.com\/index.php\/wp-json\/wp\/v2\/users\/1"}],"replies":[{"embeddable":true,"href":"https:\/\/apuntesdesanluis.com\/index.php\/wp-json\/wp\/v2\/comments?post=11039"}],"version-history":[{"count":4,"href":"https:\/\/apuntesdesanluis.com\/index.php\/wp-json\/wp\/v2\/posts\/11039\/revisions"}],"predecessor-version":[{"id":11046,"href":"https:\/\/apuntesdesanluis.com\/index.php\/wp-json\/wp\/v2\/posts\/11039\/revisions\/11046"}],"wp:featuredmedia":[{"embeddable":true,"href":"https:\/\/apuntesdesanluis.com\/index.php\/wp-json\/wp\/v2\/media\/11043"}],"wp:attachment":[{"href":"https:\/\/apuntesdesanluis.com\/index.php\/wp-json\/wp\/v2\/media?parent=11039"}],"wp:term":[{"taxonomy":"category","embeddable":true,"href":"https:\/\/apuntesdesanluis.com\/index.php\/wp-json\/wp\/v2\/categories?post=11039"},{"taxonomy":"post_tag","embeddable":true,"href":"https:\/\/apuntesdesanluis.com\/index.php\/wp-json\/wp\/v2\/tags?post=11039"}],"curies":[{"name":"wp","href":"https:\/\/api.w.org\/{rel}","templated":true}]}}