{"id":1104,"date":"2023-08-05T21:26:39","date_gmt":"2023-08-06T00:26:39","guid":{"rendered":"https:\/\/apuntesdesanluis.com\/?p=1104"},"modified":"2023-08-05T21:38:09","modified_gmt":"2023-08-06T00:38:09","slug":"apoyo-a-patricia-bullrich-porque-tiene-la-conviccion-y-el-coraje-para-combatir-la-inseguridad-y-el-narcotrafico","status":"publish","type":"post","link":"https:\/\/apuntesdesanluis.com\/index.php\/2023\/08\/05\/apoyo-a-patricia-bullrich-porque-tiene-la-conviccion-y-el-coraje-para-combatir-la-inseguridad-y-el-narcotrafico\/","title":{"rendered":"\u201cAPOYO A PATRICIA BULLRICH PORQUE TIENE LA CONVICCI\u00d3N Y EL CORAJE PARA COMBATIR LA INSEGURIDAD Y EL NARCOTR\u00c1FICO\u201d"},"content":{"rendered":"<h3>\u00c9se es el principal motivo que expres\u00f3 el ex gobernador <strong>\u00c1ngel Rafael Ruiz<\/strong> para brindar su respaldo a la precandidata presidencial, a quien acompa\u00f1a como suplente en la lista de legisladores al ParlaSur, evaluando adem\u00e1s que en las pr\u00f3ximas elecciones PASO \u201cla gente va a priorizar la elecci\u00f3n del presidente, despu\u00e9s de la gesti\u00f3n nefasta de Fern\u00e1ndez, antes que las candidaturas locales\u201d.<\/h3>\n<h3>El ex diputado nacional brind\u00f3 una extensa entrevista a <strong>Apuntes de San Luis<\/strong>, durante la cual rese\u00f1\u00f3 los motivos por los que se alej\u00f3 del Partido Justicialista. \u201cMuerto Per\u00f3n, desaparecieron las 62 Organizaciones, que era la columna vertebral que representaba a los trabajadores. Tambi\u00e9n la Rama Femenina y se atomiz\u00f3 la rama de la juventud. S\u00f3lo qued\u00f3 el partido, como herramienta electoral, manejado por los presidentes de turno\u201d, apunt\u00f3.<\/h3>\n<h3>Un d\u00eda tom\u00f3 la decisi\u00f3n de \u201cdesafiliarse del PJ y afiliarse al PRO. Analiz\u00f3 que siempre la Argentina fue gobernada por el partido peronista, el partido radical o el partido militar, sector este \u00faltimo que provoc\u00f3 la cruenta dictadura militar. Dejando de lado a \u00e9ste, \u201clos presidentes siempre fueron abogados. Pens\u00e9 que pod\u00eda ser bueno que nuestro pa\u00eds fuera gobernado por un ingeniero, viendo c\u00f3mo lo hab\u00eda hecho como jefe de gobierno y el \u00e9xito que hab\u00eda sido en Boca. Pero en su gabinete no ten\u00eda el genio de Bianchi ni el genio de Riquelme, sino a Pe\u00f1a y el ecuatoriano Dur\u00e1n Barba\u201d, ironiz\u00f3.<\/h3>\n<p>&nbsp;<\/p>\n<p><img fetchpriority=\"high\" decoding=\"async\" class=\"wp-image-1116 aligncenter\" src=\"https:\/\/apuntesdesanluis.com\/wp-content\/uploads\/2023\/08\/ruiz-patricia-2-300x144.png\" alt=\"\" width=\"823\" height=\"395\" srcset=\"https:\/\/apuntesdesanluis.com\/wp-content\/uploads\/2023\/08\/ruiz-patricia-2-300x144.png 300w, https:\/\/apuntesdesanluis.com\/wp-content\/uploads\/2023\/08\/ruiz-patricia-2.png 490w\" sizes=\"(max-width: 823px) 100vw, 823px\" \/><\/p>\n<h3>Con respecto a su candidatura, reconoci\u00f3 que cuando se lo ofrecieron, en primera instancia la rechaz\u00f3, pero ante la insistencia de su amigo &#8220;Charly&#8221; Pereyra, por pedido de la propia Bullrich, acept\u00f3 &#8220;pero como suplente, para que quedara claro que no lo hac\u00eda por obtener una candidatura&#8221;, sino a modo de respaldo.<\/h3>\n<h3>Ruiz desestima que el problema principal del pa\u00eds sea la econom\u00eda. \u201cEso se puede arreglar con un buen plan, un buen ministro de Econom\u00eda y t\u00e9cnicos eficientes. El principal problema de nuestro pa\u00eds es la inseguridad y el avance del narcotr\u00e1fico. Veamos lo que pasa en Rosario, donde mueren dos o tres personas por d\u00eda, en peleas de las bandas por el territorio. Para resolver eso hace falta una persona como <strong>Patricia Bullrich<\/strong>, que tenga personalidad, decisi\u00f3n, convicci\u00f3n y coraje para combatir a las pandillas\u201d, atributos que no ve en su contrincante en la interna <strong>Horacio Rodr\u00edguez Larreta<\/strong>.<\/h3>\n<h3>\u201cPara m\u00ed el tema de la droga es un problema sustancial. Siempre se dijo que nuestro pa\u00eds era un pa\u00eds de paso, hoy es un pa\u00eds de producci\u00f3n y consumo de droga. Ese mismo narcotr\u00e1fico no s\u00f3lo es un problema porque produce y genera el consumo, sino que corrompe las instituciones del Estado y provoca inseguridad\u201d, enfatiz\u00f3.<\/h3>\n<h3>Agreg\u00f3 que a \u00e9l Patricia Bullrich le demostr\u00f3 su capacidad cuando fue ministra de Trabajo \u201cy le puso freno a un pesado, como Moyano. Porque convengamos que tambi\u00e9n existen las mafias sindicales. Y en su gesti\u00f3n al frente del Ministerio de Seguridad los \u00edndices eran buenos. Entonces hoy con su propuesta en seguridad y dem\u00e1s, a m\u00ed me convenci\u00f3, sino me hubiera quedado en mi casa\u201d, dijo.<\/h3>\n<!--[if lt IE 9]><script>document.createElement('audio');<\/script><![endif]-->\n<audio class=\"wp-audio-shortcode\" id=\"audio-1104-1\" preload=\"none\" style=\"width: 100%;\" controls=\"controls\"><source type=\"audio\/mpeg\" src=\"https:\/\/apuntesdesanluis.com\/wp-content\/uploads\/2023\/08\/ANGEL-RUIZ-mp3cut.net_.mp3?_=1\" \/><a href=\"https:\/\/apuntesdesanluis.com\/wp-content\/uploads\/2023\/08\/ANGEL-RUIZ-mp3cut.net_.mp3\">https:\/\/apuntesdesanluis.com\/wp-content\/uploads\/2023\/08\/ANGEL-RUIZ-mp3cut.net_.mp3<\/a><\/audio>\n<h3>\u201cSi la cuesti\u00f3n era qui\u00e9n tiene el mejor plan econ\u00f3mico, eso lo tiene cualquiera. Pero en el tema de la seguridad es diferente, porque la lucha contra el narcotr\u00e1fico es la lucha de todos los d\u00edas y hay que convencer a los ciudadanos de que hay que hay que luchar y tomar responsabilidades, denunciando. \u00bfY qu\u00e9 hace que un ciudadano denuncie estos hechos? Tener la sensaci\u00f3n y la certeza de que su denuncia no va a caer en saco roto. Que la polic\u00eda y la justicia van a actuar. Que el delincuente no va a entrar por una puerta y a salir por la otra. Para eso hace falta tambi\u00e9n modificar el C\u00f3digo Penal, la ley de drogas y los c\u00f3digos de procedimiento\u201d.<\/h3>\n<h3>En este sentido, insisti\u00f3 en que \u201cPatricia Bullrich tiene el temple, la personalidad y el coraje para llevar adelante esta pelea. Porque adem\u00e1s lo demostr\u00f3. No lo veo en Rodriguez Larreta\u201d.<\/h3>\n<h3>Finalmente expuso su preocupaci\u00f3n con lo que puede pasar en la provincia despu\u00e9s del 10 de diciembre. \u201cHay toda una maniobra descubierta, puesta en acci\u00f3n y ejecuci\u00f3n por parte del gobierno de la provincia, que genera una serie de situaciones de violencia que profundizan la grieta\u201d, ejemplificando \u201cla acci\u00f3n pol\u00edtica de una secretar\u00eda que conduce una chica, Rodr\u00edguez Sa\u00e1, que organiza los escraches a los miembros de Cambiemos. Primero a Larreta y despu\u00e9s a Patricia Bullrich. M\u00e1s todo lo que est\u00e1 haciendo a nivel institucional. F\u00edjese el nuevo Defensor del Pueblo, la estructura de cargos en el Estado, todo dirigido a limar al gobierno de Claudio Poggi\u201d, cuestion\u00f3.<\/h3>\n<audio class=\"wp-audio-shortcode\" id=\"audio-1104-2\" preload=\"none\" style=\"width: 100%;\" controls=\"controls\"><source type=\"audio\/mpeg\" src=\"https:\/\/apuntesdesanluis.com\/wp-content\/uploads\/2023\/08\/ANGEL-RAFAEL-RUIZ-mp3cut.net-1.mp3?_=2\" \/><a href=\"https:\/\/apuntesdesanluis.com\/wp-content\/uploads\/2023\/08\/ANGEL-RAFAEL-RUIZ-mp3cut.net-1.mp3\">https:\/\/apuntesdesanluis.com\/wp-content\/uploads\/2023\/08\/ANGEL-RAFAEL-RUIZ-mp3cut.net-1.mp3<\/a><\/audio>\n<p>&nbsp;<\/p>\n<p>&nbsp;<\/p>\n","protected":false},"excerpt":{"rendered":"<p>\u00c9se es el principal motivo que expres\u00f3 el ex gobernador \u00c1ngel Rafael Ruiz para brindar&#8230;<\/p>\n","protected":false},"author":1,"featured_media":1109,"comment_status":"closed","ping_status":"closed","sticky":false,"template":"","format":"standard","meta":{"footnotes":""},"categories":[6],"tags":[],"class_list":["post-1104","post","type-post","status-publish","format-standard","has-post-thumbnail","hentry","category-ciudad-provincia"],"yoast_head":"<!-- This site is optimized with the Yoast SEO plugin v26.1.1 - https:\/\/yoast.com\/wordpress\/plugins\/seo\/ -->\n<title>\u201cAPOYO A PATRICIA BULLRICH PORQUE TIENE LA CONVICCI\u00d3N Y EL CORAJE PARA COMBATIR LA INSEGURIDAD Y EL NARCOTR\u00c1FICO\u201d - Apuntes de San Luis<\/title>\n<meta name=\"robots\" content=\"index, follow, max-snippet:-1, max-image-preview:large, max-video-preview:-1\" \/>\n<link rel=\"canonical\" href=\"https:\/\/apuntesdesanluis.com\/index.php\/2023\/08\/05\/apoyo-a-patricia-bullrich-porque-tiene-la-conviccion-y-el-coraje-para-combatir-la-inseguridad-y-el-narcotrafico\/\" \/>\n<meta property=\"og:locale\" content=\"es_ES\" \/>\n<meta property=\"og:type\" content=\"article\" \/>\n<meta property=\"og:title\" content=\"\u201cAPOYO A PATRICIA BULLRICH PORQUE TIENE LA CONVICCI\u00d3N Y EL CORAJE PARA COMBATIR LA INSEGURIDAD Y EL NARCOTR\u00c1FICO\u201d - Apuntes de San Luis\" \/>\n<meta property=\"og:description\" content=\"\u00c9se es el principal motivo que expres\u00f3 el ex gobernador \u00c1ngel Rafael Ruiz para brindar...\" \/>\n<meta property=\"og:url\" content=\"https:\/\/apuntesdesanluis.com\/index.php\/2023\/08\/05\/apoyo-a-patricia-bullrich-porque-tiene-la-conviccion-y-el-coraje-para-combatir-la-inseguridad-y-el-narcotrafico\/\" \/>\n<meta property=\"og:site_name\" content=\"Apuntes de San Luis\" \/>\n<meta property=\"article:published_time\" content=\"2023-08-06T00:26:39+00:00\" \/>\n<meta property=\"article:modified_time\" content=\"2023-08-06T00:38:09+00:00\" \/>\n<meta property=\"og:image\" content=\"https:\/\/apuntesdesanluis.com\/wp-content\/uploads\/2023\/08\/Ruiz-Bullrich.jpg\" \/>\n\t<meta property=\"og:image:width\" content=\"700\" \/>\n\t<meta property=\"og:image:height\" content=\"428\" \/>\n\t<meta property=\"og:image:type\" content=\"image\/jpeg\" \/>\n<meta name=\"author\" content=\"apuntesdesanluis.com\" \/>\n<meta name=\"twitter:card\" content=\"summary_large_image\" \/>\n<meta name=\"twitter:label1\" content=\"Escrito por\" \/>\n\t<meta name=\"twitter:data1\" content=\"apuntesdesanluis.com\" \/>\n\t<meta name=\"twitter:label2\" content=\"Tiempo de lectura\" \/>\n\t<meta name=\"twitter:data2\" content=\"4 minutos\" \/>\n<script type=\"application\/ld+json\" class=\"yoast-schema-graph\">{\"@context\":\"https:\/\/schema.org\",\"@graph\":[{\"@type\":\"Article\",\"@id\":\"https:\/\/apuntesdesanluis.com\/index.php\/2023\/08\/05\/apoyo-a-patricia-bullrich-porque-tiene-la-conviccion-y-el-coraje-para-combatir-la-inseguridad-y-el-narcotrafico\/#article\",\"isPartOf\":{\"@id\":\"https:\/\/apuntesdesanluis.com\/index.php\/2023\/08\/05\/apoyo-a-patricia-bullrich-porque-tiene-la-conviccion-y-el-coraje-para-combatir-la-inseguridad-y-el-narcotrafico\/\"},\"author\":{\"name\":\"apuntesdesanluis.com\",\"@id\":\"https:\/\/apuntesdesanluis.com\/#\/schema\/person\/b55151d52296fcce64d1a72538a70b90\"},\"headline\":\"\u201cAPOYO A PATRICIA BULLRICH PORQUE TIENE LA CONVICCI\u00d3N Y EL CORAJE PARA COMBATIR LA INSEGURIDAD Y EL NARCOTR\u00c1FICO\u201d\",\"datePublished\":\"2023-08-06T00:26:39+00:00\",\"dateModified\":\"2023-08-06T00:38:09+00:00\",\"mainEntityOfPage\":{\"@id\":\"https:\/\/apuntesdesanluis.com\/index.php\/2023\/08\/05\/apoyo-a-patricia-bullrich-porque-tiene-la-conviccion-y-el-coraje-para-combatir-la-inseguridad-y-el-narcotrafico\/\"},\"wordCount\":878,\"publisher\":{\"@id\":\"https:\/\/apuntesdesanluis.com\/#\/schema\/person\/b55151d52296fcce64d1a72538a70b90\"},\"image\":{\"@id\":\"https:\/\/apuntesdesanluis.com\/index.php\/2023\/08\/05\/apoyo-a-patricia-bullrich-porque-tiene-la-conviccion-y-el-coraje-para-combatir-la-inseguridad-y-el-narcotrafico\/#primaryimage\"},\"thumbnailUrl\":\"https:\/\/apuntesdesanluis.com\/wp-content\/uploads\/2023\/08\/Ruiz-Bullrich.jpg\",\"articleSection\":[\"Ciudad\/Provincia\"],\"inLanguage\":\"es-AR\"},{\"@type\":\"WebPage\",\"@id\":\"https:\/\/apuntesdesanluis.com\/index.php\/2023\/08\/05\/apoyo-a-patricia-bullrich-porque-tiene-la-conviccion-y-el-coraje-para-combatir-la-inseguridad-y-el-narcotrafico\/\",\"url\":\"https:\/\/apuntesdesanluis.com\/index.php\/2023\/08\/05\/apoyo-a-patricia-bullrich-porque-tiene-la-conviccion-y-el-coraje-para-combatir-la-inseguridad-y-el-narcotrafico\/\",\"name\":\"\u201cAPOYO A PATRICIA BULLRICH PORQUE TIENE LA CONVICCI\u00d3N Y EL CORAJE PARA COMBATIR LA INSEGURIDAD Y EL NARCOTR\u00c1FICO\u201d - Apuntes de San Luis\",\"isPartOf\":{\"@id\":\"https:\/\/apuntesdesanluis.com\/#website\"},\"primaryImageOfPage\":{\"@id\":\"https:\/\/apuntesdesanluis.com\/index.php\/2023\/08\/05\/apoyo-a-patricia-bullrich-porque-tiene-la-conviccion-y-el-coraje-para-combatir-la-inseguridad-y-el-narcotrafico\/#primaryimage\"},\"image\":{\"@id\":\"https:\/\/apuntesdesanluis.com\/index.php\/2023\/08\/05\/apoyo-a-patricia-bullrich-porque-tiene-la-conviccion-y-el-coraje-para-combatir-la-inseguridad-y-el-narcotrafico\/#primaryimage\"},\"thumbnailUrl\":\"https:\/\/apuntesdesanluis.com\/wp-content\/uploads\/2023\/08\/Ruiz-Bullrich.jpg\",\"datePublished\":\"2023-08-06T00:26:39+00:00\",\"dateModified\":\"2023-08-06T00:38:09+00:00\",\"breadcrumb\":{\"@id\":\"https:\/\/apuntesdesanluis.com\/index.php\/2023\/08\/05\/apoyo-a-patricia-bullrich-porque-tiene-la-conviccion-y-el-coraje-para-combatir-la-inseguridad-y-el-narcotrafico\/#breadcrumb\"},\"inLanguage\":\"es-AR\",\"potentialAction\":[{\"@type\":\"ReadAction\",\"target\":[\"https:\/\/apuntesdesanluis.com\/index.php\/2023\/08\/05\/apoyo-a-patricia-bullrich-porque-tiene-la-conviccion-y-el-coraje-para-combatir-la-inseguridad-y-el-narcotrafico\/\"]}]},{\"@type\":\"ImageObject\",\"inLanguage\":\"es-AR\",\"@id\":\"https:\/\/apuntesdesanluis.com\/index.php\/2023\/08\/05\/apoyo-a-patricia-bullrich-porque-tiene-la-conviccion-y-el-coraje-para-combatir-la-inseguridad-y-el-narcotrafico\/#primaryimage\",\"url\":\"https:\/\/apuntesdesanluis.com\/wp-content\/uploads\/2023\/08\/Ruiz-Bullrich.jpg\",\"contentUrl\":\"https:\/\/apuntesdesanluis.com\/wp-content\/uploads\/2023\/08\/Ruiz-Bullrich.jpg\",\"width\":700,\"height\":428},{\"@type\":\"BreadcrumbList\",\"@id\":\"https:\/\/apuntesdesanluis.com\/index.php\/2023\/08\/05\/apoyo-a-patricia-bullrich-porque-tiene-la-conviccion-y-el-coraje-para-combatir-la-inseguridad-y-el-narcotrafico\/#breadcrumb\",\"itemListElement\":[{\"@type\":\"ListItem\",\"position\":1,\"name\":\"Inicio\",\"item\":\"https:\/\/apuntesdesanluis.com\/\"},{\"@type\":\"ListItem\",\"position\":2,\"name\":\"\u201cAPOYO A PATRICIA BULLRICH PORQUE TIENE LA CONVICCI\u00d3N Y EL CORAJE PARA COMBATIR LA INSEGURIDAD Y EL NARCOTR\u00c1FICO\u201d\"}]},{\"@type\":\"WebSite\",\"@id\":\"https:\/\/apuntesdesanluis.com\/#website\",\"url\":\"https:\/\/apuntesdesanluis.com\/\",\"name\":\"Apuntes de San Luis\",\"description\":\"\",\"publisher\":{\"@id\":\"https:\/\/apuntesdesanluis.com\/#\/schema\/person\/b55151d52296fcce64d1a72538a70b90\"},\"potentialAction\":[{\"@type\":\"SearchAction\",\"target\":{\"@type\":\"EntryPoint\",\"urlTemplate\":\"https:\/\/apuntesdesanluis.com\/?s={search_term_string}\"},\"query-input\":{\"@type\":\"PropertyValueSpecification\",\"valueRequired\":true,\"valueName\":\"search_term_string\"}}],\"inLanguage\":\"es-AR\"},{\"@type\":[\"Person\",\"Organization\"],\"@id\":\"https:\/\/apuntesdesanluis.com\/#\/schema\/person\/b55151d52296fcce64d1a72538a70b90\",\"name\":\"apuntesdesanluis.com\",\"image\":{\"@type\":\"ImageObject\",\"inLanguage\":\"es-AR\",\"@id\":\"https:\/\/apuntesdesanluis.com\/#\/schema\/person\/image\/\",\"url\":\"https:\/\/apuntesdesanluis.com\/wp-content\/uploads\/2023\/07\/cropped-apuntesdesanluis.png\",\"contentUrl\":\"https:\/\/apuntesdesanluis.com\/wp-content\/uploads\/2023\/07\/cropped-apuntesdesanluis.png\",\"width\":450,\"height\":112,\"caption\":\"apuntesdesanluis.com\"},\"logo\":{\"@id\":\"https:\/\/apuntesdesanluis.com\/#\/schema\/person\/image\/\"},\"sameAs\":[\"https:\/\/apuntesdesanluis.com\"],\"url\":\"https:\/\/apuntesdesanluis.com\/index.php\/author\/apuntesdesanluis-com\/\"}]}<\/script>\n<!-- \/ Yoast SEO plugin. -->","yoast_head_json":{"title":"\u201cAPOYO A PATRICIA BULLRICH PORQUE TIENE LA CONVICCI\u00d3N Y EL CORAJE PARA COMBATIR LA INSEGURIDAD Y EL NARCOTR\u00c1FICO\u201d - Apuntes de San Luis","robots":{"index":"index","follow":"follow","max-snippet":"max-snippet:-1","max-image-preview":"max-image-preview:large","max-video-preview":"max-video-preview:-1"},"canonical":"https:\/\/apuntesdesanluis.com\/index.php\/2023\/08\/05\/apoyo-a-patricia-bullrich-porque-tiene-la-conviccion-y-el-coraje-para-combatir-la-inseguridad-y-el-narcotrafico\/","og_locale":"es_ES","og_type":"article","og_title":"\u201cAPOYO A PATRICIA BULLRICH PORQUE TIENE LA CONVICCI\u00d3N Y EL CORAJE PARA COMBATIR LA INSEGURIDAD Y EL NARCOTR\u00c1FICO\u201d - Apuntes de San Luis","og_description":"\u00c9se es el principal motivo que expres\u00f3 el ex gobernador \u00c1ngel Rafael Ruiz para brindar...","og_url":"https:\/\/apuntesdesanluis.com\/index.php\/2023\/08\/05\/apoyo-a-patricia-bullrich-porque-tiene-la-conviccion-y-el-coraje-para-combatir-la-inseguridad-y-el-narcotrafico\/","og_site_name":"Apuntes de San Luis","article_published_time":"2023-08-06T00:26:39+00:00","article_modified_time":"2023-08-06T00:38:09+00:00","og_image":[{"width":700,"height":428,"url":"https:\/\/apuntesdesanluis.com\/wp-content\/uploads\/2023\/08\/Ruiz-Bullrich.jpg","type":"image\/jpeg"}],"author":"apuntesdesanluis.com","twitter_card":"summary_large_image","twitter_misc":{"Escrito por":"apuntesdesanluis.com","Tiempo de lectura":"4 minutos"},"schema":{"@context":"https:\/\/schema.org","@graph":[{"@type":"Article","@id":"https:\/\/apuntesdesanluis.com\/index.php\/2023\/08\/05\/apoyo-a-patricia-bullrich-porque-tiene-la-conviccion-y-el-coraje-para-combatir-la-inseguridad-y-el-narcotrafico\/#article","isPartOf":{"@id":"https:\/\/apuntesdesanluis.com\/index.php\/2023\/08\/05\/apoyo-a-patricia-bullrich-porque-tiene-la-conviccion-y-el-coraje-para-combatir-la-inseguridad-y-el-narcotrafico\/"},"author":{"name":"apuntesdesanluis.com","@id":"https:\/\/apuntesdesanluis.com\/#\/schema\/person\/b55151d52296fcce64d1a72538a70b90"},"headline":"\u201cAPOYO A PATRICIA BULLRICH PORQUE TIENE LA CONVICCI\u00d3N Y EL CORAJE PARA COMBATIR LA INSEGURIDAD Y EL NARCOTR\u00c1FICO\u201d","datePublished":"2023-08-06T00:26:39+00:00","dateModified":"2023-08-06T00:38:09+00:00","mainEntityOfPage":{"@id":"https:\/\/apuntesdesanluis.com\/index.php\/2023\/08\/05\/apoyo-a-patricia-bullrich-porque-tiene-la-conviccion-y-el-coraje-para-combatir-la-inseguridad-y-el-narcotrafico\/"},"wordCount":878,"publisher":{"@id":"https:\/\/apuntesdesanluis.com\/#\/schema\/person\/b55151d52296fcce64d1a72538a70b90"},"image":{"@id":"https:\/\/apuntesdesanluis.com\/index.php\/2023\/08\/05\/apoyo-a-patricia-bullrich-porque-tiene-la-conviccion-y-el-coraje-para-combatir-la-inseguridad-y-el-narcotrafico\/#primaryimage"},"thumbnailUrl":"https:\/\/apuntesdesanluis.com\/wp-content\/uploads\/2023\/08\/Ruiz-Bullrich.jpg","articleSection":["Ciudad\/Provincia"],"inLanguage":"es-AR"},{"@type":"WebPage","@id":"https:\/\/apuntesdesanluis.com\/index.php\/2023\/08\/05\/apoyo-a-patricia-bullrich-porque-tiene-la-conviccion-y-el-coraje-para-combatir-la-inseguridad-y-el-narcotrafico\/","url":"https:\/\/apuntesdesanluis.com\/index.php\/2023\/08\/05\/apoyo-a-patricia-bullrich-porque-tiene-la-conviccion-y-el-coraje-para-combatir-la-inseguridad-y-el-narcotrafico\/","name":"\u201cAPOYO A PATRICIA BULLRICH PORQUE TIENE LA CONVICCI\u00d3N Y EL CORAJE PARA COMBATIR LA INSEGURIDAD Y EL NARCOTR\u00c1FICO\u201d - Apuntes de San Luis","isPartOf":{"@id":"https:\/\/apuntesdesanluis.com\/#website"},"primaryImageOfPage":{"@id":"https:\/\/apuntesdesanluis.com\/index.php\/2023\/08\/05\/apoyo-a-patricia-bullrich-porque-tiene-la-conviccion-y-el-coraje-para-combatir-la-inseguridad-y-el-narcotrafico\/#primaryimage"},"image":{"@id":"https:\/\/apuntesdesanluis.com\/index.php\/2023\/08\/05\/apoyo-a-patricia-bullrich-porque-tiene-la-conviccion-y-el-coraje-para-combatir-la-inseguridad-y-el-narcotrafico\/#primaryimage"},"thumbnailUrl":"https:\/\/apuntesdesanluis.com\/wp-content\/uploads\/2023\/08\/Ruiz-Bullrich.jpg","datePublished":"2023-08-06T00:26:39+00:00","dateModified":"2023-08-06T00:38:09+00:00","breadcrumb":{"@id":"https:\/\/apuntesdesanluis.com\/index.php\/2023\/08\/05\/apoyo-a-patricia-bullrich-porque-tiene-la-conviccion-y-el-coraje-para-combatir-la-inseguridad-y-el-narcotrafico\/#breadcrumb"},"inLanguage":"es-AR","potentialAction":[{"@type":"ReadAction","target":["https:\/\/apuntesdesanluis.com\/index.php\/2023\/08\/05\/apoyo-a-patricia-bullrich-porque-tiene-la-conviccion-y-el-coraje-para-combatir-la-inseguridad-y-el-narcotrafico\/"]}]},{"@type":"ImageObject","inLanguage":"es-AR","@id":"https:\/\/apuntesdesanluis.com\/index.php\/2023\/08\/05\/apoyo-a-patricia-bullrich-porque-tiene-la-conviccion-y-el-coraje-para-combatir-la-inseguridad-y-el-narcotrafico\/#primaryimage","url":"https:\/\/apuntesdesanluis.com\/wp-content\/uploads\/2023\/08\/Ruiz-Bullrich.jpg","contentUrl":"https:\/\/apuntesdesanluis.com\/wp-content\/uploads\/2023\/08\/Ruiz-Bullrich.jpg","width":700,"height":428},{"@type":"BreadcrumbList","@id":"https:\/\/apuntesdesanluis.com\/index.php\/2023\/08\/05\/apoyo-a-patricia-bullrich-porque-tiene-la-conviccion-y-el-coraje-para-combatir-la-inseguridad-y-el-narcotrafico\/#breadcrumb","itemListElement":[{"@type":"ListItem","position":1,"name":"Inicio","item":"https:\/\/apuntesdesanluis.com\/"},{"@type":"ListItem","position":2,"name":"\u201cAPOYO A PATRICIA BULLRICH PORQUE TIENE LA CONVICCI\u00d3N Y EL CORAJE PARA COMBATIR LA INSEGURIDAD Y EL NARCOTR\u00c1FICO\u201d"}]},{"@type":"WebSite","@id":"https:\/\/apuntesdesanluis.com\/#website","url":"https:\/\/apuntesdesanluis.com\/","name":"Apuntes de San Luis","description":"","publisher":{"@id":"https:\/\/apuntesdesanluis.com\/#\/schema\/person\/b55151d52296fcce64d1a72538a70b90"},"potentialAction":[{"@type":"SearchAction","target":{"@type":"EntryPoint","urlTemplate":"https:\/\/apuntesdesanluis.com\/?s={search_term_string}"},"query-input":{"@type":"PropertyValueSpecification","valueRequired":true,"valueName":"search_term_string"}}],"inLanguage":"es-AR"},{"@type":["Person","Organization"],"@id":"https:\/\/apuntesdesanluis.com\/#\/schema\/person\/b55151d52296fcce64d1a72538a70b90","name":"apuntesdesanluis.com","image":{"@type":"ImageObject","inLanguage":"es-AR","@id":"https:\/\/apuntesdesanluis.com\/#\/schema\/person\/image\/","url":"https:\/\/apuntesdesanluis.com\/wp-content\/uploads\/2023\/07\/cropped-apuntesdesanluis.png","contentUrl":"https:\/\/apuntesdesanluis.com\/wp-content\/uploads\/2023\/07\/cropped-apuntesdesanluis.png","width":450,"height":112,"caption":"apuntesdesanluis.com"},"logo":{"@id":"https:\/\/apuntesdesanluis.com\/#\/schema\/person\/image\/"},"sameAs":["https:\/\/apuntesdesanluis.com"],"url":"https:\/\/apuntesdesanluis.com\/index.php\/author\/apuntesdesanluis-com\/"}]}},"featured_image_urls":{"full":["https:\/\/apuntesdesanluis.com\/wp-content\/uploads\/2023\/08\/Ruiz-Bullrich.jpg",700,428,false],"thumbnail":["https:\/\/apuntesdesanluis.com\/wp-content\/uploads\/2023\/08\/Ruiz-Bullrich-150x150.jpg",150,150,true],"medium":["https:\/\/apuntesdesanluis.com\/wp-content\/uploads\/2023\/08\/Ruiz-Bullrich-300x183.jpg",300,183,true],"medium_large":["https:\/\/apuntesdesanluis.com\/wp-content\/uploads\/2023\/08\/Ruiz-Bullrich.jpg",640,391,false],"large":["https:\/\/apuntesdesanluis.com\/wp-content\/uploads\/2023\/08\/Ruiz-Bullrich.jpg",640,391,false],"1536x1536":["https:\/\/apuntesdesanluis.com\/wp-content\/uploads\/2023\/08\/Ruiz-Bullrich.jpg",700,428,false],"2048x2048":["https:\/\/apuntesdesanluis.com\/wp-content\/uploads\/2023\/08\/Ruiz-Bullrich.jpg",700,428,false],"newsever-slider-full":["https:\/\/apuntesdesanluis.com\/wp-content\/uploads\/2023\/08\/Ruiz-Bullrich.jpg",700,428,false],"newsever-featured":["https:\/\/apuntesdesanluis.com\/wp-content\/uploads\/2023\/08\/Ruiz-Bullrich.jpg",700,428,false],"newsever-medium":["https:\/\/apuntesdesanluis.com\/wp-content\/uploads\/2023\/08\/Ruiz-Bullrich.jpg",700,428,false]},"author_info":{"display_name":"apuntesdesanluis.com","author_link":"https:\/\/apuntesdesanluis.com\/index.php\/author\/apuntesdesanluis-com\/"},"category_info":"<a href=\"https:\/\/apuntesdesanluis.com\/index.php\/category\/ciudad-provincia\/\" rel=\"category tag\">Ciudad\/Provincia<\/a>","tag_info":"Ciudad\/Provincia","comment_count":"0","_links":{"self":[{"href":"https:\/\/apuntesdesanluis.com\/index.php\/wp-json\/wp\/v2\/posts\/1104","targetHints":{"allow":["GET"]}}],"collection":[{"href":"https:\/\/apuntesdesanluis.com\/index.php\/wp-json\/wp\/v2\/posts"}],"about":[{"href":"https:\/\/apuntesdesanluis.com\/index.php\/wp-json\/wp\/v2\/types\/post"}],"author":[{"embeddable":true,"href":"https:\/\/apuntesdesanluis.com\/index.php\/wp-json\/wp\/v2\/users\/1"}],"replies":[{"embeddable":true,"href":"https:\/\/apuntesdesanluis.com\/index.php\/wp-json\/wp\/v2\/comments?post=1104"}],"version-history":[{"count":8,"href":"https:\/\/apuntesdesanluis.com\/index.php\/wp-json\/wp\/v2\/posts\/1104\/revisions"}],"predecessor-version":[{"id":1118,"href":"https:\/\/apuntesdesanluis.com\/index.php\/wp-json\/wp\/v2\/posts\/1104\/revisions\/1118"}],"wp:featuredmedia":[{"embeddable":true,"href":"https:\/\/apuntesdesanluis.com\/index.php\/wp-json\/wp\/v2\/media\/1109"}],"wp:attachment":[{"href":"https:\/\/apuntesdesanluis.com\/index.php\/wp-json\/wp\/v2\/media?parent=1104"}],"wp:term":[{"taxonomy":"category","embeddable":true,"href":"https:\/\/apuntesdesanluis.com\/index.php\/wp-json\/wp\/v2\/categories?post=1104"},{"taxonomy":"post_tag","embeddable":true,"href":"https:\/\/apuntesdesanluis.com\/index.php\/wp-json\/wp\/v2\/tags?post=1104"}],"curies":[{"name":"wp","href":"https:\/\/api.w.org\/{rel}","templated":true}]}}