{"id":11048,"date":"2024-01-31T18:46:36","date_gmt":"2024-01-31T21:46:36","guid":{"rendered":"https:\/\/apuntesdesanluis.com\/?p=11048"},"modified":"2024-01-31T18:46:36","modified_gmt":"2024-01-31T21:46:36","slug":"milei-sigue-desde-olivos-el-tratamiento-de-la-ley-omnibus-se-termina-la-novela","status":"publish","type":"post","link":"https:\/\/apuntesdesanluis.com\/index.php\/2024\/01\/31\/milei-sigue-desde-olivos-el-tratamiento-de-la-ley-omnibus-se-termina-la-novela\/","title":{"rendered":"MILEI SIGUE DESDE OLIVOS EL TRATAMIENTO DE LA LEY \u00d3MNIBUS: &#8220;SE TERMINA LA NOVELA&#8221;"},"content":{"rendered":"<h3>En Casa Rosada consideran que est\u00e1n los votos para la media sanci\u00f3n, aunque se mantienen expectantes respecto al rol de los aliados.<\/h3>\n<h3>El presidente <strong>Javier Milei<\/strong> sigue de cerca el devenir de una de las jornadas m\u00e1s importantes de su mandato: los diputados debaten y deber\u00e1n votar el paquete de reformas contempladas en la Ley \u00d3mnibus. Hasta ahora, lo hace desde la quinta de Olivos, como todos los mi\u00e9rcoles, donde se recluye en compa\u00f1\u00eda de su hermana, Karina Milei, la funcionaria m\u00e1s influyente del Gabinete.<\/h3>\n<h3>\u201cSe termina la novela\u201d, se esperanzan en Casa Rosada, y prometen que el megaproyecto \u201csale como sale\u201d. En tanto, el mandatario supervisa la discusi\u00f3n sobre el futuro de su administraci\u00f3n y monitorea la movilizaci\u00f3n convocada por Unidad Piquetera prevista para las inmediaciones del Congreso de la Naci\u00f3n en rechazo a su normativa.<\/h3>\n<h3>Se encuentra solo, en compa\u00f1\u00eda de la secretaria secretaria General de la Presidencia, pero no se descarta que se sume alguno de los colaboradores que operan como nexos con lo que se est\u00e1 discutiendo en el Congreso.<\/h3>\n<h3>Desde su presentaci\u00f3n hasta hoy, el primer d\u00eda de la sesi\u00f3n, los delfines pol\u00edticos a cargo de dialogar y negociar con los opositores fueron el ministro del Interior, Guillermo Francos, y el asesor presidencial, Santiago Caputo, flamante profesional aut\u00f3nomo de la Secretar\u00eda General de la Presidencia.<\/h3>\n<h3>Con los diputados en pleno debate, el Poder Ejecutivo les hizo llegar un mensaje publicado en la cuenta de X, exTwitter de la Oficina del Presidente. \u201cHoy la pol\u00edtica tiene la oportunidad de empezar a revertir el da\u00f1o que le ha causado al pueblo argentino. El Gobierno Nacional ha escuchado toda recomendaci\u00f3n y objeci\u00f3n\u201d, reza la comunicaci\u00f3n.<\/h3>\n<h3>En la misma l\u00ednea, remarca que &#8220;ahora es responsabilidad de los se\u00f1ores diputados promover las reformas planteadas en la Ley de Bases y Puntos de Partida para la Libertad de los Argentinos, cada una de ellas fundamentales para liberar las fuerzas productivas de nuestra Naci\u00f3n y recuperar nuestro futuro\u201d.<\/h3>\n<h3>En la sede de Gobierno se muestran expectantes ante el desenlace de la \u201cmarat\u00f3nica\u201d sesi\u00f3n que se extender\u00e1 por lo menos 35 horas. La mirada est\u00e1 puesta en el accionar de los aliados, que, reuniones mediante, avanzaron en la construcci\u00f3n de acuerdos a respetarse, aunque con escasas garant\u00edas de su cumplimiento.<\/h3>\n<h3><img fetchpriority=\"high\" decoding=\"async\" class=\"wp-image-11049 aligncenter\" src=\"https:\/\/apuntesdesanluis.com\/wp-content\/uploads\/2024\/01\/post-300x201.png\" alt=\"\" width=\"599\" height=\"401\" srcset=\"https:\/\/apuntesdesanluis.com\/wp-content\/uploads\/2024\/01\/post-300x201.png 300w, https:\/\/apuntesdesanluis.com\/wp-content\/uploads\/2024\/01\/post.png 560w\" sizes=\"(max-width: 599px) 100vw, 599px\" \/><\/h3>\n<h3>En post de la media sanci\u00f3n, el oficialismo resign\u00f3 la eliminaci\u00f3n del cap\u00edtulo fiscal, pero la pol\u00e9mica contin\u00faa en torno a las privatizaciones, la liquidaci\u00f3n del Fondo de Garant\u00eda de Sustentabilidad de la ANSES y la cantidad de facultades delegadas para el Ejecutivo.<\/h3>\n<h3>Mientras los legisladores intercambian pareceres, por los pasillos de Casa Rosada se lo vio hoy a Federico Sturzzenegger, uno de los autores de la ley \u00d3mnibus y del DNU de desregulaci\u00f3n econ\u00f3mica, secundado por su colaborador Lucas Llanch. Al respecto, desde la administraci\u00f3n libertaria descartaron que estuvieran trabajando en modificaciones sobre tablas al descartar la posibilidad de aplicar nuevos cambios. \u201cNo hay m\u00e1s modificaciones posibles. Se vota tal cual. Hasta ac\u00e1 lleg\u00f3 el gobierno\u201d, sostuvieron fuentes con oficinas en Balcarce 50.<\/h3>\n<h3>A pesar de que la sesi\u00f3n se extender\u00e1 incluso el d\u00eda jueves, en Gobierno insisten en que el jefe de Estado encabezar\u00e1 ma\u00f1ana su habitual reuni\u00f3n de Gabinete en Casa Rosada.<\/h3>\n","protected":false},"excerpt":{"rendered":"<p>En Casa Rosada consideran que est\u00e1n los votos para la media sanci\u00f3n, aunque se mantienen&#8230;<\/p>\n","protected":false},"author":1,"featured_media":7191,"comment_status":"closed","ping_status":"closed","sticky":false,"template":"","format":"standard","meta":{"footnotes":""},"categories":[5],"tags":[],"class_list":["post-11048","post","type-post","status-publish","format-standard","has-post-thumbnail","hentry","category-nacionales-internacionales"],"yoast_head":"<!-- This site is optimized with the Yoast SEO plugin v26.1.1 - https:\/\/yoast.com\/wordpress\/plugins\/seo\/ -->\n<title>MILEI SIGUE DESDE OLIVOS EL TRATAMIENTO DE LA LEY \u00d3MNIBUS: &quot;SE TERMINA LA NOVELA&quot; - Apuntes de San Luis<\/title>\n<meta name=\"robots\" content=\"index, follow, max-snippet:-1, max-image-preview:large, max-video-preview:-1\" \/>\n<link rel=\"canonical\" href=\"https:\/\/apuntesdesanluis.com\/index.php\/2024\/01\/31\/milei-sigue-desde-olivos-el-tratamiento-de-la-ley-omnibus-se-termina-la-novela\/\" \/>\n<meta property=\"og:locale\" content=\"es_ES\" \/>\n<meta property=\"og:type\" content=\"article\" \/>\n<meta property=\"og:title\" content=\"MILEI SIGUE DESDE OLIVOS EL TRATAMIENTO DE LA LEY \u00d3MNIBUS: &quot;SE TERMINA LA NOVELA&quot; - Apuntes de San Luis\" \/>\n<meta property=\"og:description\" content=\"En Casa Rosada consideran que est\u00e1n los votos para la media sanci\u00f3n, aunque se mantienen...\" \/>\n<meta property=\"og:url\" content=\"https:\/\/apuntesdesanluis.com\/index.php\/2024\/01\/31\/milei-sigue-desde-olivos-el-tratamiento-de-la-ley-omnibus-se-termina-la-novela\/\" \/>\n<meta property=\"og:site_name\" content=\"Apuntes de San Luis\" \/>\n<meta property=\"article:published_time\" content=\"2024-01-31T21:46:36+00:00\" \/>\n<meta property=\"og:image\" content=\"https:\/\/apuntesdesanluis.com\/wp-content\/uploads\/2023\/11\/MILEI-8.png\" \/>\n\t<meta property=\"og:image:width\" content=\"788\" \/>\n\t<meta property=\"og:image:height\" content=\"483\" \/>\n\t<meta property=\"og:image:type\" content=\"image\/png\" \/>\n<meta name=\"author\" content=\"apuntesdesanluis.com\" \/>\n<meta name=\"twitter:card\" content=\"summary_large_image\" \/>\n<meta name=\"twitter:label1\" content=\"Escrito por\" \/>\n\t<meta name=\"twitter:data1\" content=\"apuntesdesanluis.com\" \/>\n\t<meta name=\"twitter:label2\" content=\"Tiempo de lectura\" \/>\n\t<meta name=\"twitter:data2\" content=\"3 minutos\" \/>\n<script type=\"application\/ld+json\" class=\"yoast-schema-graph\">{\"@context\":\"https:\/\/schema.org\",\"@graph\":[{\"@type\":\"Article\",\"@id\":\"https:\/\/apuntesdesanluis.com\/index.php\/2024\/01\/31\/milei-sigue-desde-olivos-el-tratamiento-de-la-ley-omnibus-se-termina-la-novela\/#article\",\"isPartOf\":{\"@id\":\"https:\/\/apuntesdesanluis.com\/index.php\/2024\/01\/31\/milei-sigue-desde-olivos-el-tratamiento-de-la-ley-omnibus-se-termina-la-novela\/\"},\"author\":{\"name\":\"apuntesdesanluis.com\",\"@id\":\"https:\/\/apuntesdesanluis.com\/#\/schema\/person\/b55151d52296fcce64d1a72538a70b90\"},\"headline\":\"MILEI SIGUE DESDE OLIVOS EL TRATAMIENTO DE LA LEY \u00d3MNIBUS: &#8220;SE TERMINA LA NOVELA&#8221;\",\"datePublished\":\"2024-01-31T21:46:36+00:00\",\"mainEntityOfPage\":{\"@id\":\"https:\/\/apuntesdesanluis.com\/index.php\/2024\/01\/31\/milei-sigue-desde-olivos-el-tratamiento-de-la-ley-omnibus-se-termina-la-novela\/\"},\"wordCount\":589,\"publisher\":{\"@id\":\"https:\/\/apuntesdesanluis.com\/#\/schema\/person\/b55151d52296fcce64d1a72538a70b90\"},\"image\":{\"@id\":\"https:\/\/apuntesdesanluis.com\/index.php\/2024\/01\/31\/milei-sigue-desde-olivos-el-tratamiento-de-la-ley-omnibus-se-termina-la-novela\/#primaryimage\"},\"thumbnailUrl\":\"https:\/\/apuntesdesanluis.com\/wp-content\/uploads\/2023\/11\/MILEI-8.png\",\"articleSection\":[\"Nacionales\/Internacionales\"],\"inLanguage\":\"es-AR\"},{\"@type\":\"WebPage\",\"@id\":\"https:\/\/apuntesdesanluis.com\/index.php\/2024\/01\/31\/milei-sigue-desde-olivos-el-tratamiento-de-la-ley-omnibus-se-termina-la-novela\/\",\"url\":\"https:\/\/apuntesdesanluis.com\/index.php\/2024\/01\/31\/milei-sigue-desde-olivos-el-tratamiento-de-la-ley-omnibus-se-termina-la-novela\/\",\"name\":\"MILEI SIGUE DESDE OLIVOS EL TRATAMIENTO DE LA LEY \u00d3MNIBUS: \\\"SE TERMINA LA NOVELA\\\" - Apuntes de San Luis\",\"isPartOf\":{\"@id\":\"https:\/\/apuntesdesanluis.com\/#website\"},\"primaryImageOfPage\":{\"@id\":\"https:\/\/apuntesdesanluis.com\/index.php\/2024\/01\/31\/milei-sigue-desde-olivos-el-tratamiento-de-la-ley-omnibus-se-termina-la-novela\/#primaryimage\"},\"image\":{\"@id\":\"https:\/\/apuntesdesanluis.com\/index.php\/2024\/01\/31\/milei-sigue-desde-olivos-el-tratamiento-de-la-ley-omnibus-se-termina-la-novela\/#primaryimage\"},\"thumbnailUrl\":\"https:\/\/apuntesdesanluis.com\/wp-content\/uploads\/2023\/11\/MILEI-8.png\",\"datePublished\":\"2024-01-31T21:46:36+00:00\",\"breadcrumb\":{\"@id\":\"https:\/\/apuntesdesanluis.com\/index.php\/2024\/01\/31\/milei-sigue-desde-olivos-el-tratamiento-de-la-ley-omnibus-se-termina-la-novela\/#breadcrumb\"},\"inLanguage\":\"es-AR\",\"potentialAction\":[{\"@type\":\"ReadAction\",\"target\":[\"https:\/\/apuntesdesanluis.com\/index.php\/2024\/01\/31\/milei-sigue-desde-olivos-el-tratamiento-de-la-ley-omnibus-se-termina-la-novela\/\"]}]},{\"@type\":\"ImageObject\",\"inLanguage\":\"es-AR\",\"@id\":\"https:\/\/apuntesdesanluis.com\/index.php\/2024\/01\/31\/milei-sigue-desde-olivos-el-tratamiento-de-la-ley-omnibus-se-termina-la-novela\/#primaryimage\",\"url\":\"https:\/\/apuntesdesanluis.com\/wp-content\/uploads\/2023\/11\/MILEI-8.png\",\"contentUrl\":\"https:\/\/apuntesdesanluis.com\/wp-content\/uploads\/2023\/11\/MILEI-8.png\",\"width\":788,\"height\":483},{\"@type\":\"BreadcrumbList\",\"@id\":\"https:\/\/apuntesdesanluis.com\/index.php\/2024\/01\/31\/milei-sigue-desde-olivos-el-tratamiento-de-la-ley-omnibus-se-termina-la-novela\/#breadcrumb\",\"itemListElement\":[{\"@type\":\"ListItem\",\"position\":1,\"name\":\"Inicio\",\"item\":\"https:\/\/apuntesdesanluis.com\/\"},{\"@type\":\"ListItem\",\"position\":2,\"name\":\"MILEI SIGUE DESDE OLIVOS EL TRATAMIENTO DE LA LEY \u00d3MNIBUS: &#8220;SE TERMINA LA NOVELA&#8221;\"}]},{\"@type\":\"WebSite\",\"@id\":\"https:\/\/apuntesdesanluis.com\/#website\",\"url\":\"https:\/\/apuntesdesanluis.com\/\",\"name\":\"Apuntes de San Luis\",\"description\":\"\",\"publisher\":{\"@id\":\"https:\/\/apuntesdesanluis.com\/#\/schema\/person\/b55151d52296fcce64d1a72538a70b90\"},\"potentialAction\":[{\"@type\":\"SearchAction\",\"target\":{\"@type\":\"EntryPoint\",\"urlTemplate\":\"https:\/\/apuntesdesanluis.com\/?s={search_term_string}\"},\"query-input\":{\"@type\":\"PropertyValueSpecification\",\"valueRequired\":true,\"valueName\":\"search_term_string\"}}],\"inLanguage\":\"es-AR\"},{\"@type\":[\"Person\",\"Organization\"],\"@id\":\"https:\/\/apuntesdesanluis.com\/#\/schema\/person\/b55151d52296fcce64d1a72538a70b90\",\"name\":\"apuntesdesanluis.com\",\"image\":{\"@type\":\"ImageObject\",\"inLanguage\":\"es-AR\",\"@id\":\"https:\/\/apuntesdesanluis.com\/#\/schema\/person\/image\/\",\"url\":\"https:\/\/apuntesdesanluis.com\/wp-content\/uploads\/2023\/07\/cropped-apuntesdesanluis.png\",\"contentUrl\":\"https:\/\/apuntesdesanluis.com\/wp-content\/uploads\/2023\/07\/cropped-apuntesdesanluis.png\",\"width\":450,\"height\":112,\"caption\":\"apuntesdesanluis.com\"},\"logo\":{\"@id\":\"https:\/\/apuntesdesanluis.com\/#\/schema\/person\/image\/\"},\"sameAs\":[\"https:\/\/apuntesdesanluis.com\"],\"url\":\"https:\/\/apuntesdesanluis.com\/index.php\/author\/apuntesdesanluis-com\/\"}]}<\/script>\n<!-- \/ Yoast SEO plugin. -->","yoast_head_json":{"title":"MILEI SIGUE DESDE OLIVOS EL TRATAMIENTO DE LA LEY \u00d3MNIBUS: \"SE TERMINA LA NOVELA\" - Apuntes de San Luis","robots":{"index":"index","follow":"follow","max-snippet":"max-snippet:-1","max-image-preview":"max-image-preview:large","max-video-preview":"max-video-preview:-1"},"canonical":"https:\/\/apuntesdesanluis.com\/index.php\/2024\/01\/31\/milei-sigue-desde-olivos-el-tratamiento-de-la-ley-omnibus-se-termina-la-novela\/","og_locale":"es_ES","og_type":"article","og_title":"MILEI SIGUE DESDE OLIVOS EL TRATAMIENTO DE LA LEY \u00d3MNIBUS: \"SE TERMINA LA NOVELA\" - Apuntes de San Luis","og_description":"En Casa Rosada consideran que est\u00e1n los votos para la media sanci\u00f3n, aunque se mantienen...","og_url":"https:\/\/apuntesdesanluis.com\/index.php\/2024\/01\/31\/milei-sigue-desde-olivos-el-tratamiento-de-la-ley-omnibus-se-termina-la-novela\/","og_site_name":"Apuntes de San Luis","article_published_time":"2024-01-31T21:46:36+00:00","og_image":[{"width":788,"height":483,"url":"https:\/\/apuntesdesanluis.com\/wp-content\/uploads\/2023\/11\/MILEI-8.png","type":"image\/png"}],"author":"apuntesdesanluis.com","twitter_card":"summary_large_image","twitter_misc":{"Escrito por":"apuntesdesanluis.com","Tiempo de lectura":"3 minutos"},"schema":{"@context":"https:\/\/schema.org","@graph":[{"@type":"Article","@id":"https:\/\/apuntesdesanluis.com\/index.php\/2024\/01\/31\/milei-sigue-desde-olivos-el-tratamiento-de-la-ley-omnibus-se-termina-la-novela\/#article","isPartOf":{"@id":"https:\/\/apuntesdesanluis.com\/index.php\/2024\/01\/31\/milei-sigue-desde-olivos-el-tratamiento-de-la-ley-omnibus-se-termina-la-novela\/"},"author":{"name":"apuntesdesanluis.com","@id":"https:\/\/apuntesdesanluis.com\/#\/schema\/person\/b55151d52296fcce64d1a72538a70b90"},"headline":"MILEI SIGUE DESDE OLIVOS EL TRATAMIENTO DE LA LEY \u00d3MNIBUS: &#8220;SE TERMINA LA NOVELA&#8221;","datePublished":"2024-01-31T21:46:36+00:00","mainEntityOfPage":{"@id":"https:\/\/apuntesdesanluis.com\/index.php\/2024\/01\/31\/milei-sigue-desde-olivos-el-tratamiento-de-la-ley-omnibus-se-termina-la-novela\/"},"wordCount":589,"publisher":{"@id":"https:\/\/apuntesdesanluis.com\/#\/schema\/person\/b55151d52296fcce64d1a72538a70b90"},"image":{"@id":"https:\/\/apuntesdesanluis.com\/index.php\/2024\/01\/31\/milei-sigue-desde-olivos-el-tratamiento-de-la-ley-omnibus-se-termina-la-novela\/#primaryimage"},"thumbnailUrl":"https:\/\/apuntesdesanluis.com\/wp-content\/uploads\/2023\/11\/MILEI-8.png","articleSection":["Nacionales\/Internacionales"],"inLanguage":"es-AR"},{"@type":"WebPage","@id":"https:\/\/apuntesdesanluis.com\/index.php\/2024\/01\/31\/milei-sigue-desde-olivos-el-tratamiento-de-la-ley-omnibus-se-termina-la-novela\/","url":"https:\/\/apuntesdesanluis.com\/index.php\/2024\/01\/31\/milei-sigue-desde-olivos-el-tratamiento-de-la-ley-omnibus-se-termina-la-novela\/","name":"MILEI SIGUE DESDE OLIVOS EL TRATAMIENTO DE LA LEY \u00d3MNIBUS: \"SE TERMINA LA NOVELA\" - Apuntes de San Luis","isPartOf":{"@id":"https:\/\/apuntesdesanluis.com\/#website"},"primaryImageOfPage":{"@id":"https:\/\/apuntesdesanluis.com\/index.php\/2024\/01\/31\/milei-sigue-desde-olivos-el-tratamiento-de-la-ley-omnibus-se-termina-la-novela\/#primaryimage"},"image":{"@id":"https:\/\/apuntesdesanluis.com\/index.php\/2024\/01\/31\/milei-sigue-desde-olivos-el-tratamiento-de-la-ley-omnibus-se-termina-la-novela\/#primaryimage"},"thumbnailUrl":"https:\/\/apuntesdesanluis.com\/wp-content\/uploads\/2023\/11\/MILEI-8.png","datePublished":"2024-01-31T21:46:36+00:00","breadcrumb":{"@id":"https:\/\/apuntesdesanluis.com\/index.php\/2024\/01\/31\/milei-sigue-desde-olivos-el-tratamiento-de-la-ley-omnibus-se-termina-la-novela\/#breadcrumb"},"inLanguage":"es-AR","potentialAction":[{"@type":"ReadAction","target":["https:\/\/apuntesdesanluis.com\/index.php\/2024\/01\/31\/milei-sigue-desde-olivos-el-tratamiento-de-la-ley-omnibus-se-termina-la-novela\/"]}]},{"@type":"ImageObject","inLanguage":"es-AR","@id":"https:\/\/apuntesdesanluis.com\/index.php\/2024\/01\/31\/milei-sigue-desde-olivos-el-tratamiento-de-la-ley-omnibus-se-termina-la-novela\/#primaryimage","url":"https:\/\/apuntesdesanluis.com\/wp-content\/uploads\/2023\/11\/MILEI-8.png","contentUrl":"https:\/\/apuntesdesanluis.com\/wp-content\/uploads\/2023\/11\/MILEI-8.png","width":788,"height":483},{"@type":"BreadcrumbList","@id":"https:\/\/apuntesdesanluis.com\/index.php\/2024\/01\/31\/milei-sigue-desde-olivos-el-tratamiento-de-la-ley-omnibus-se-termina-la-novela\/#breadcrumb","itemListElement":[{"@type":"ListItem","position":1,"name":"Inicio","item":"https:\/\/apuntesdesanluis.com\/"},{"@type":"ListItem","position":2,"name":"MILEI SIGUE DESDE OLIVOS EL TRATAMIENTO DE LA LEY \u00d3MNIBUS: &#8220;SE TERMINA LA NOVELA&#8221;"}]},{"@type":"WebSite","@id":"https:\/\/apuntesdesanluis.com\/#website","url":"https:\/\/apuntesdesanluis.com\/","name":"Apuntes de San Luis","description":"","publisher":{"@id":"https:\/\/apuntesdesanluis.com\/#\/schema\/person\/b55151d52296fcce64d1a72538a70b90"},"potentialAction":[{"@type":"SearchAction","target":{"@type":"EntryPoint","urlTemplate":"https:\/\/apuntesdesanluis.com\/?s={search_term_string}"},"query-input":{"@type":"PropertyValueSpecification","valueRequired":true,"valueName":"search_term_string"}}],"inLanguage":"es-AR"},{"@type":["Person","Organization"],"@id":"https:\/\/apuntesdesanluis.com\/#\/schema\/person\/b55151d52296fcce64d1a72538a70b90","name":"apuntesdesanluis.com","image":{"@type":"ImageObject","inLanguage":"es-AR","@id":"https:\/\/apuntesdesanluis.com\/#\/schema\/person\/image\/","url":"https:\/\/apuntesdesanluis.com\/wp-content\/uploads\/2023\/07\/cropped-apuntesdesanluis.png","contentUrl":"https:\/\/apuntesdesanluis.com\/wp-content\/uploads\/2023\/07\/cropped-apuntesdesanluis.png","width":450,"height":112,"caption":"apuntesdesanluis.com"},"logo":{"@id":"https:\/\/apuntesdesanluis.com\/#\/schema\/person\/image\/"},"sameAs":["https:\/\/apuntesdesanluis.com"],"url":"https:\/\/apuntesdesanluis.com\/index.php\/author\/apuntesdesanluis-com\/"}]}},"featured_image_urls":{"full":["https:\/\/apuntesdesanluis.com\/wp-content\/uploads\/2023\/11\/MILEI-8.png",788,483,false],"thumbnail":["https:\/\/apuntesdesanluis.com\/wp-content\/uploads\/2023\/11\/MILEI-8-150x150.png",150,150,true],"medium":["https:\/\/apuntesdesanluis.com\/wp-content\/uploads\/2023\/11\/MILEI-8-300x184.png",300,184,true],"medium_large":["https:\/\/apuntesdesanluis.com\/wp-content\/uploads\/2023\/11\/MILEI-8-768x471.png",640,393,true],"large":["https:\/\/apuntesdesanluis.com\/wp-content\/uploads\/2023\/11\/MILEI-8.png",640,392,false],"1536x1536":["https:\/\/apuntesdesanluis.com\/wp-content\/uploads\/2023\/11\/MILEI-8.png",788,483,false],"2048x2048":["https:\/\/apuntesdesanluis.com\/wp-content\/uploads\/2023\/11\/MILEI-8.png",788,483,false],"newsever-slider-full":["https:\/\/apuntesdesanluis.com\/wp-content\/uploads\/2023\/11\/MILEI-8.png",788,483,false],"newsever-featured":["https:\/\/apuntesdesanluis.com\/wp-content\/uploads\/2023\/11\/MILEI-8.png",788,483,false],"newsever-medium":["https:\/\/apuntesdesanluis.com\/wp-content\/uploads\/2023\/11\/MILEI-8-720x475.png",720,475,true]},"author_info":{"display_name":"apuntesdesanluis.com","author_link":"https:\/\/apuntesdesanluis.com\/index.php\/author\/apuntesdesanluis-com\/"},"category_info":"<a href=\"https:\/\/apuntesdesanluis.com\/index.php\/category\/nacionales-internacionales\/\" rel=\"category tag\">Nacionales\/Internacionales<\/a>","tag_info":"Nacionales\/Internacionales","comment_count":"0","_links":{"self":[{"href":"https:\/\/apuntesdesanluis.com\/index.php\/wp-json\/wp\/v2\/posts\/11048","targetHints":{"allow":["GET"]}}],"collection":[{"href":"https:\/\/apuntesdesanluis.com\/index.php\/wp-json\/wp\/v2\/posts"}],"about":[{"href":"https:\/\/apuntesdesanluis.com\/index.php\/wp-json\/wp\/v2\/types\/post"}],"author":[{"embeddable":true,"href":"https:\/\/apuntesdesanluis.com\/index.php\/wp-json\/wp\/v2\/users\/1"}],"replies":[{"embeddable":true,"href":"https:\/\/apuntesdesanluis.com\/index.php\/wp-json\/wp\/v2\/comments?post=11048"}],"version-history":[{"count":1,"href":"https:\/\/apuntesdesanluis.com\/index.php\/wp-json\/wp\/v2\/posts\/11048\/revisions"}],"predecessor-version":[{"id":11050,"href":"https:\/\/apuntesdesanluis.com\/index.php\/wp-json\/wp\/v2\/posts\/11048\/revisions\/11050"}],"wp:featuredmedia":[{"embeddable":true,"href":"https:\/\/apuntesdesanluis.com\/index.php\/wp-json\/wp\/v2\/media\/7191"}],"wp:attachment":[{"href":"https:\/\/apuntesdesanluis.com\/index.php\/wp-json\/wp\/v2\/media?parent=11048"}],"wp:term":[{"taxonomy":"category","embeddable":true,"href":"https:\/\/apuntesdesanluis.com\/index.php\/wp-json\/wp\/v2\/categories?post=11048"},{"taxonomy":"post_tag","embeddable":true,"href":"https:\/\/apuntesdesanluis.com\/index.php\/wp-json\/wp\/v2\/tags?post=11048"}],"curies":[{"name":"wp","href":"https:\/\/api.w.org\/{rel}","templated":true}]}}