{"id":11086,"date":"2024-02-01T12:37:48","date_gmt":"2024-02-01T15:37:48","guid":{"rendered":"https:\/\/apuntesdesanluis.com\/?p=11086"},"modified":"2024-02-01T12:37:48","modified_gmt":"2024-02-01T15:37:48","slug":"difunden-el-nuevo-cuadro-tarifario-del-transporte-interurbano","status":"publish","type":"post","link":"https:\/\/apuntesdesanluis.com\/index.php\/2024\/02\/01\/difunden-el-nuevo-cuadro-tarifario-del-transporte-interurbano\/","title":{"rendered":"DIFUNDEN EL NUEVO CUADRO TARIFARIO DEL TRANSPORTE INTERURBANO"},"content":{"rendered":"<h3>La direcci\u00f3n de Transporte anunci\u00f3 los nuevos valores del <strong>servicio interurbano<\/strong> de corta, media y larga distancia. La medida es indispensable para garantizar la continuidad y el funcionamiento \u00f3ptimo del transporte p\u00fablico.<\/h3>\n<h3>Las nuevas tarifas, que entrar\u00e1n en vigencia a partir del 1\u00b0 de febrero, responden a la voluntad de seguir prestando un servicio de transporte p\u00fablico efectivo en medio de la incertidumbre respecto a los subsidios nacionales en este \u00e1mbito. La actualizaci\u00f3n aparece como una soluci\u00f3n para hacer frente a los incrementos de los costos operativos, como la escala salarial de la Uni\u00f3n Tranviarios Automotor (UTA), y el aumento del precio del combustible y otros insumos necesarios para la prestaci\u00f3n de servicio.<\/h3>\n<h3>La direcci\u00f3n de Transporte tambi\u00e9n le solicit\u00f3 a las empresas que contin\u00faen con la incorporaci\u00f3n de nuevas unidades al servicio de transporte, como los nueve ejemplares 0km que ya han sido puestos en marcha, con el fin de brindar a los usuarios una experiencia de viaje m\u00e1s c\u00f3moda y segura.<\/h3>\n<h3><strong>NUEVOS VALORES<\/strong><\/h3>\n<h3>-San Luis-La Punta $530.<\/h3>\n<h3>-San Luis-Juana Koslay $530.<\/h3>\n<h3>-San Luis-Potrero $550.<\/h3>\n<h3>-San Luis-Trapiche $900.<\/h3>\n<h3>-San Luis-Villa Mercedes $3000.<\/h3>\n<h3>-San Luis-Merlo $5400.<\/h3>\n<h3>-San Luis-Candelaria $5400.<\/h3>\n<h3>-Villa Mercedes-Merlo $5400.<\/h3>\n<p>&nbsp;<\/p>\n<p>&nbsp;<\/p>\n<p>&nbsp;<\/p>\n","protected":false},"excerpt":{"rendered":"<p>La direcci\u00f3n de Transporte anunci\u00f3 los nuevos valores del servicio interurbano de corta, media y&#8230;<\/p>\n","protected":false},"author":1,"featured_media":0,"comment_status":"closed","ping_status":"closed","sticky":false,"template":"","format":"standard","meta":{"footnotes":""},"categories":[6],"tags":[],"class_list":["post-11086","post","type-post","status-publish","format-standard","hentry","category-ciudad-provincia"],"yoast_head":"<!-- This site is optimized with the Yoast SEO plugin v26.1.1 - https:\/\/yoast.com\/wordpress\/plugins\/seo\/ -->\n<title>DIFUNDEN EL NUEVO CUADRO TARIFARIO DEL TRANSPORTE INTERURBANO - Apuntes de San Luis<\/title>\n<meta name=\"robots\" content=\"index, follow, max-snippet:-1, max-image-preview:large, max-video-preview:-1\" \/>\n<link rel=\"canonical\" href=\"https:\/\/apuntesdesanluis.com\/index.php\/2024\/02\/01\/difunden-el-nuevo-cuadro-tarifario-del-transporte-interurbano\/\" \/>\n<meta property=\"og:locale\" content=\"es_ES\" \/>\n<meta property=\"og:type\" content=\"article\" \/>\n<meta property=\"og:title\" content=\"DIFUNDEN EL NUEVO CUADRO TARIFARIO DEL TRANSPORTE INTERURBANO - Apuntes de San Luis\" \/>\n<meta property=\"og:description\" content=\"La direcci\u00f3n de Transporte anunci\u00f3 los nuevos valores del servicio interurbano de corta, media y...\" \/>\n<meta property=\"og:url\" content=\"https:\/\/apuntesdesanluis.com\/index.php\/2024\/02\/01\/difunden-el-nuevo-cuadro-tarifario-del-transporte-interurbano\/\" \/>\n<meta property=\"og:site_name\" content=\"Apuntes de San Luis\" \/>\n<meta property=\"article:published_time\" content=\"2024-02-01T15:37:48+00:00\" \/>\n<meta property=\"og:image\" content=\"https:\/\/apuntesdesanluis.com\/wp-content\/uploads\/2023\/12\/ediro.png\" \/>\n\t<meta property=\"og:image:width\" content=\"656\" \/>\n\t<meta property=\"og:image:height\" content=\"374\" \/>\n\t<meta property=\"og:image:type\" content=\"image\/png\" \/>\n<meta name=\"author\" content=\"apuntesdesanluis.com\" \/>\n<meta name=\"twitter:card\" content=\"summary_large_image\" \/>\n<meta name=\"twitter:label1\" content=\"Escrito por\" \/>\n\t<meta name=\"twitter:data1\" content=\"apuntesdesanluis.com\" \/>\n\t<meta name=\"twitter:label2\" content=\"Tiempo de lectura\" \/>\n\t<meta name=\"twitter:data2\" content=\"1 minuto\" \/>\n<script type=\"application\/ld+json\" class=\"yoast-schema-graph\">{\"@context\":\"https:\/\/schema.org\",\"@graph\":[{\"@type\":\"Article\",\"@id\":\"https:\/\/apuntesdesanluis.com\/index.php\/2024\/02\/01\/difunden-el-nuevo-cuadro-tarifario-del-transporte-interurbano\/#article\",\"isPartOf\":{\"@id\":\"https:\/\/apuntesdesanluis.com\/index.php\/2024\/02\/01\/difunden-el-nuevo-cuadro-tarifario-del-transporte-interurbano\/\"},\"author\":{\"name\":\"apuntesdesanluis.com\",\"@id\":\"https:\/\/apuntesdesanluis.com\/#\/schema\/person\/b55151d52296fcce64d1a72538a70b90\"},\"headline\":\"DIFUNDEN EL NUEVO CUADRO TARIFARIO DEL TRANSPORTE INTERURBANO\",\"datePublished\":\"2024-02-01T15:37:48+00:00\",\"mainEntityOfPage\":{\"@id\":\"https:\/\/apuntesdesanluis.com\/index.php\/2024\/02\/01\/difunden-el-nuevo-cuadro-tarifario-del-transporte-interurbano\/\"},\"wordCount\":208,\"publisher\":{\"@id\":\"https:\/\/apuntesdesanluis.com\/#\/schema\/person\/b55151d52296fcce64d1a72538a70b90\"},\"articleSection\":[\"Ciudad\/Provincia\"],\"inLanguage\":\"es-AR\"},{\"@type\":\"WebPage\",\"@id\":\"https:\/\/apuntesdesanluis.com\/index.php\/2024\/02\/01\/difunden-el-nuevo-cuadro-tarifario-del-transporte-interurbano\/\",\"url\":\"https:\/\/apuntesdesanluis.com\/index.php\/2024\/02\/01\/difunden-el-nuevo-cuadro-tarifario-del-transporte-interurbano\/\",\"name\":\"DIFUNDEN EL NUEVO CUADRO TARIFARIO DEL TRANSPORTE INTERURBANO - Apuntes de San Luis\",\"isPartOf\":{\"@id\":\"https:\/\/apuntesdesanluis.com\/#website\"},\"datePublished\":\"2024-02-01T15:37:48+00:00\",\"breadcrumb\":{\"@id\":\"https:\/\/apuntesdesanluis.com\/index.php\/2024\/02\/01\/difunden-el-nuevo-cuadro-tarifario-del-transporte-interurbano\/#breadcrumb\"},\"inLanguage\":\"es-AR\",\"potentialAction\":[{\"@type\":\"ReadAction\",\"target\":[\"https:\/\/apuntesdesanluis.com\/index.php\/2024\/02\/01\/difunden-el-nuevo-cuadro-tarifario-del-transporte-interurbano\/\"]}]},{\"@type\":\"BreadcrumbList\",\"@id\":\"https:\/\/apuntesdesanluis.com\/index.php\/2024\/02\/01\/difunden-el-nuevo-cuadro-tarifario-del-transporte-interurbano\/#breadcrumb\",\"itemListElement\":[{\"@type\":\"ListItem\",\"position\":1,\"name\":\"Inicio\",\"item\":\"https:\/\/apuntesdesanluis.com\/\"},{\"@type\":\"ListItem\",\"position\":2,\"name\":\"DIFUNDEN EL NUEVO CUADRO TARIFARIO DEL TRANSPORTE INTERURBANO\"}]},{\"@type\":\"WebSite\",\"@id\":\"https:\/\/apuntesdesanluis.com\/#website\",\"url\":\"https:\/\/apuntesdesanluis.com\/\",\"name\":\"Apuntes de San Luis\",\"description\":\"\",\"publisher\":{\"@id\":\"https:\/\/apuntesdesanluis.com\/#\/schema\/person\/b55151d52296fcce64d1a72538a70b90\"},\"potentialAction\":[{\"@type\":\"SearchAction\",\"target\":{\"@type\":\"EntryPoint\",\"urlTemplate\":\"https:\/\/apuntesdesanluis.com\/?s={search_term_string}\"},\"query-input\":{\"@type\":\"PropertyValueSpecification\",\"valueRequired\":true,\"valueName\":\"search_term_string\"}}],\"inLanguage\":\"es-AR\"},{\"@type\":[\"Person\",\"Organization\"],\"@id\":\"https:\/\/apuntesdesanluis.com\/#\/schema\/person\/b55151d52296fcce64d1a72538a70b90\",\"name\":\"apuntesdesanluis.com\",\"image\":{\"@type\":\"ImageObject\",\"inLanguage\":\"es-AR\",\"@id\":\"https:\/\/apuntesdesanluis.com\/#\/schema\/person\/image\/\",\"url\":\"https:\/\/apuntesdesanluis.com\/wp-content\/uploads\/2023\/07\/cropped-apuntesdesanluis.png\",\"contentUrl\":\"https:\/\/apuntesdesanluis.com\/wp-content\/uploads\/2023\/07\/cropped-apuntesdesanluis.png\",\"width\":450,\"height\":112,\"caption\":\"apuntesdesanluis.com\"},\"logo\":{\"@id\":\"https:\/\/apuntesdesanluis.com\/#\/schema\/person\/image\/\"},\"sameAs\":[\"https:\/\/apuntesdesanluis.com\"],\"url\":\"https:\/\/apuntesdesanluis.com\/index.php\/author\/apuntesdesanluis-com\/\"}]}<\/script>\n<!-- \/ Yoast SEO plugin. -->","yoast_head_json":{"title":"DIFUNDEN EL NUEVO CUADRO TARIFARIO DEL TRANSPORTE INTERURBANO - Apuntes de San Luis","robots":{"index":"index","follow":"follow","max-snippet":"max-snippet:-1","max-image-preview":"max-image-preview:large","max-video-preview":"max-video-preview:-1"},"canonical":"https:\/\/apuntesdesanluis.com\/index.php\/2024\/02\/01\/difunden-el-nuevo-cuadro-tarifario-del-transporte-interurbano\/","og_locale":"es_ES","og_type":"article","og_title":"DIFUNDEN EL NUEVO CUADRO TARIFARIO DEL TRANSPORTE INTERURBANO - Apuntes de San Luis","og_description":"La direcci\u00f3n de Transporte anunci\u00f3 los nuevos valores del servicio interurbano de corta, media y...","og_url":"https:\/\/apuntesdesanluis.com\/index.php\/2024\/02\/01\/difunden-el-nuevo-cuadro-tarifario-del-transporte-interurbano\/","og_site_name":"Apuntes de San Luis","article_published_time":"2024-02-01T15:37:48+00:00","og_image":[{"width":656,"height":374,"url":"https:\/\/apuntesdesanluis.com\/wp-content\/uploads\/2023\/12\/ediro.png","type":"image\/png"}],"author":"apuntesdesanluis.com","twitter_card":"summary_large_image","twitter_misc":{"Escrito por":"apuntesdesanluis.com","Tiempo de lectura":"1 minuto"},"schema":{"@context":"https:\/\/schema.org","@graph":[{"@type":"Article","@id":"https:\/\/apuntesdesanluis.com\/index.php\/2024\/02\/01\/difunden-el-nuevo-cuadro-tarifario-del-transporte-interurbano\/#article","isPartOf":{"@id":"https:\/\/apuntesdesanluis.com\/index.php\/2024\/02\/01\/difunden-el-nuevo-cuadro-tarifario-del-transporte-interurbano\/"},"author":{"name":"apuntesdesanluis.com","@id":"https:\/\/apuntesdesanluis.com\/#\/schema\/person\/b55151d52296fcce64d1a72538a70b90"},"headline":"DIFUNDEN EL NUEVO CUADRO TARIFARIO DEL TRANSPORTE INTERURBANO","datePublished":"2024-02-01T15:37:48+00:00","mainEntityOfPage":{"@id":"https:\/\/apuntesdesanluis.com\/index.php\/2024\/02\/01\/difunden-el-nuevo-cuadro-tarifario-del-transporte-interurbano\/"},"wordCount":208,"publisher":{"@id":"https:\/\/apuntesdesanluis.com\/#\/schema\/person\/b55151d52296fcce64d1a72538a70b90"},"articleSection":["Ciudad\/Provincia"],"inLanguage":"es-AR"},{"@type":"WebPage","@id":"https:\/\/apuntesdesanluis.com\/index.php\/2024\/02\/01\/difunden-el-nuevo-cuadro-tarifario-del-transporte-interurbano\/","url":"https:\/\/apuntesdesanluis.com\/index.php\/2024\/02\/01\/difunden-el-nuevo-cuadro-tarifario-del-transporte-interurbano\/","name":"DIFUNDEN EL NUEVO CUADRO TARIFARIO DEL TRANSPORTE INTERURBANO - Apuntes de San Luis","isPartOf":{"@id":"https:\/\/apuntesdesanluis.com\/#website"},"datePublished":"2024-02-01T15:37:48+00:00","breadcrumb":{"@id":"https:\/\/apuntesdesanluis.com\/index.php\/2024\/02\/01\/difunden-el-nuevo-cuadro-tarifario-del-transporte-interurbano\/#breadcrumb"},"inLanguage":"es-AR","potentialAction":[{"@type":"ReadAction","target":["https:\/\/apuntesdesanluis.com\/index.php\/2024\/02\/01\/difunden-el-nuevo-cuadro-tarifario-del-transporte-interurbano\/"]}]},{"@type":"BreadcrumbList","@id":"https:\/\/apuntesdesanluis.com\/index.php\/2024\/02\/01\/difunden-el-nuevo-cuadro-tarifario-del-transporte-interurbano\/#breadcrumb","itemListElement":[{"@type":"ListItem","position":1,"name":"Inicio","item":"https:\/\/apuntesdesanluis.com\/"},{"@type":"ListItem","position":2,"name":"DIFUNDEN EL NUEVO CUADRO TARIFARIO DEL TRANSPORTE INTERURBANO"}]},{"@type":"WebSite","@id":"https:\/\/apuntesdesanluis.com\/#website","url":"https:\/\/apuntesdesanluis.com\/","name":"Apuntes de San Luis","description":"","publisher":{"@id":"https:\/\/apuntesdesanluis.com\/#\/schema\/person\/b55151d52296fcce64d1a72538a70b90"},"potentialAction":[{"@type":"SearchAction","target":{"@type":"EntryPoint","urlTemplate":"https:\/\/apuntesdesanluis.com\/?s={search_term_string}"},"query-input":{"@type":"PropertyValueSpecification","valueRequired":true,"valueName":"search_term_string"}}],"inLanguage":"es-AR"},{"@type":["Person","Organization"],"@id":"https:\/\/apuntesdesanluis.com\/#\/schema\/person\/b55151d52296fcce64d1a72538a70b90","name":"apuntesdesanluis.com","image":{"@type":"ImageObject","inLanguage":"es-AR","@id":"https:\/\/apuntesdesanluis.com\/#\/schema\/person\/image\/","url":"https:\/\/apuntesdesanluis.com\/wp-content\/uploads\/2023\/07\/cropped-apuntesdesanluis.png","contentUrl":"https:\/\/apuntesdesanluis.com\/wp-content\/uploads\/2023\/07\/cropped-apuntesdesanluis.png","width":450,"height":112,"caption":"apuntesdesanluis.com"},"logo":{"@id":"https:\/\/apuntesdesanluis.com\/#\/schema\/person\/image\/"},"sameAs":["https:\/\/apuntesdesanluis.com"],"url":"https:\/\/apuntesdesanluis.com\/index.php\/author\/apuntesdesanluis-com\/"}]}},"featured_image_urls":{"full":"","thumbnail":"","medium":"","medium_large":"","large":"","1536x1536":"","2048x2048":"","newsever-slider-full":"","newsever-featured":"","newsever-medium":""},"author_info":{"display_name":"apuntesdesanluis.com","author_link":"https:\/\/apuntesdesanluis.com\/index.php\/author\/apuntesdesanluis-com\/"},"category_info":"<a href=\"https:\/\/apuntesdesanluis.com\/index.php\/category\/ciudad-provincia\/\" rel=\"category tag\">Ciudad\/Provincia<\/a>","tag_info":"Ciudad\/Provincia","comment_count":"0","_links":{"self":[{"href":"https:\/\/apuntesdesanluis.com\/index.php\/wp-json\/wp\/v2\/posts\/11086","targetHints":{"allow":["GET"]}}],"collection":[{"href":"https:\/\/apuntesdesanluis.com\/index.php\/wp-json\/wp\/v2\/posts"}],"about":[{"href":"https:\/\/apuntesdesanluis.com\/index.php\/wp-json\/wp\/v2\/types\/post"}],"author":[{"embeddable":true,"href":"https:\/\/apuntesdesanluis.com\/index.php\/wp-json\/wp\/v2\/users\/1"}],"replies":[{"embeddable":true,"href":"https:\/\/apuntesdesanluis.com\/index.php\/wp-json\/wp\/v2\/comments?post=11086"}],"version-history":[{"count":1,"href":"https:\/\/apuntesdesanluis.com\/index.php\/wp-json\/wp\/v2\/posts\/11086\/revisions"}],"predecessor-version":[{"id":11087,"href":"https:\/\/apuntesdesanluis.com\/index.php\/wp-json\/wp\/v2\/posts\/11086\/revisions\/11087"}],"wp:attachment":[{"href":"https:\/\/apuntesdesanluis.com\/index.php\/wp-json\/wp\/v2\/media?parent=11086"}],"wp:term":[{"taxonomy":"category","embeddable":true,"href":"https:\/\/apuntesdesanluis.com\/index.php\/wp-json\/wp\/v2\/categories?post=11086"},{"taxonomy":"post_tag","embeddable":true,"href":"https:\/\/apuntesdesanluis.com\/index.php\/wp-json\/wp\/v2\/tags?post=11086"}],"curies":[{"name":"wp","href":"https:\/\/api.w.org\/{rel}","templated":true}]}}