{"id":11103,"date":"2024-02-01T21:50:20","date_gmt":"2024-02-02T00:50:20","guid":{"rendered":"https:\/\/apuntesdesanluis.com\/?p=11103"},"modified":"2024-02-01T22:22:53","modified_gmt":"2024-02-02T01:22:53","slug":"poggi-la-zona-logistica-tiene-que-potenciar-la-competitividad-de-las-empresas","status":"publish","type":"post","link":"https:\/\/apuntesdesanluis.com\/index.php\/2024\/02\/01\/poggi-la-zona-logistica-tiene-que-potenciar-la-competitividad-de-las-empresas\/","title":{"rendered":"POGGI: \u201cLA ZONA LOG\u00cdSTICA TIENE QUE POTENCIAR LA COMPETITIVIDAD DE LAS EMPRESAS\u201d"},"content":{"rendered":"<h3>El gobernador, Claudio Poggi, visit\u00f3 este jueves el coraz\u00f3n industrial de Villa Mercedes, y luego habl\u00f3 de una de las aristas claves para la recuperaci\u00f3n de San Luis: el trabajo. Tambi\u00e9n recorri\u00f3 la nueva sede de la UPrO, que ser\u00e1 cedida en pr\u00e9stamo a la UNViMe (<span style=\"color: #3366ff;\">ver nota aparte<\/span>).<\/h3>\n<h3>Durante su recorrida por la empresa Glucovil, ahora en manos de Cargill, y la Zona de Actividades Log\u00edsticas, el Primer mandatario volvi\u00f3 sobre un tema prioritario: darle protagonismo al sector privado como el gran generador de trabajo que necesita San Luis. \u201cEn un pa\u00eds que est\u00e1 embromado en lo econ\u00f3mico y social, no tenemos que bajar los brazos\u201d, dijo.<\/h3>\n<h3>\u201cSiempre vamos a querer que haya mucho trabajo. Est\u00e1 claro el norte que hemos impuesto en esta gesti\u00f3n, hacer que el sector privado de San Luis vuelva a crecer y generar empleo. En el Estado ya no entra m\u00e1s nadie, ni un alfiler, explot\u00f3. Tenemos dificultades hasta para pagar los salarios. Ahora hay que hacer crecer el sector privado. El otro d\u00eda pusimos una piedra fundamental en lo que hab\u00eda sido la f\u00e1brica Lan\u00edn, 10 u 11 hect\u00e1reas, que va a ser una especie de incubadora de empresas, de emprendedores. Ese fue el primer paso, en los pr\u00f3ximos d\u00edas seguramente vamos a tener los primeros emprendedores radicados all\u00ed. Va a ser como un minipredio de est\u00edmulo y de desarrollo de emprendedores y generadores de trabajo\u201d, fueron las primeras palabras del Mandatario provincial.<\/h3>\n<p><img fetchpriority=\"high\" decoding=\"async\" class=\"wp-image-11106 aligncenter\" src=\"https:\/\/apuntesdesanluis.com\/wp-content\/uploads\/2024\/02\/POGGI-BRIDGER-300x182.png\" alt=\"\" width=\"628\" height=\"381\" srcset=\"https:\/\/apuntesdesanluis.com\/wp-content\/uploads\/2024\/02\/POGGI-BRIDGER-300x182.png 300w, https:\/\/apuntesdesanluis.com\/wp-content\/uploads\/2024\/02\/POGGI-BRIDGER.png 600w\" sizes=\"(max-width: 628px) 100vw, 628px\" \/><\/p>\n<h3>Y luego se refiri\u00f3 a Cargill, que se hizo cargo de lo que era Glucovil, y tambi\u00e9n del objetivo de su segunda visita, la ZAL: \u201cHace 10 a\u00f1os que no la visitaba, una empresa con 40 a\u00f1os en San Luis, con 350 puestos de trabajo, m\u00e1s otros 300 indirectos. Una firma mercedina de pura cepa que quiere hacer convenios con la Zona de Actividades Log\u00edsticas (ZAL) para potenciar su competitividad. Para eso est\u00e1 la zona log\u00edstica con su Agrozal, Alfazal, Ferrozal, todo este complejo tenemos que ponerlo al servicio de la producci\u00f3n y de la generaci\u00f3n de trabajo\u201c, continu\u00f3 Poggi, quien lament\u00f3 que toda esa zona industrial \u201cestaba opacada, o al servicio de unos pocos\u201d.<\/h3>\n<h3>Pidi\u00f3 \u201cagregarle valor a nuestros productos. Pensemos en Glucovil, cuyo principal insumo es el ma\u00edz, un cultivo que, si desarrollamos al 100% nuestro campo, lo pueden proveer nuestros productores agr\u00edcolas, que en lugar de vender el ma\u00edz a granel al puerto, donde le descuentan el flete y le rinde menos, lo pueden entregar ac\u00e1, en Glucovil, en Diaser, en los feedlots que estamos desarrollando en San Luis\u201d.<\/h3>\n<h3>Sobre el transporte de cargas, asegur\u00f3 que el Gobierno va a acordar con Belgrano Cargas, que tiene la concesi\u00f3n de las v\u00edas f\u00e9rreas que pasan por San Luis. \u201cEstos planes nos generan esperanza. En un pa\u00eds que est\u00e1 embromado en lo econ\u00f3mico y social tenemos que no paralizarnos, tenemos que seguir, seguir, seguir y seguir\u201d, areng\u00f3.<\/h3>\n<h3>Tambi\u00e9n agradeci\u00f3 a Harold Bridger, el secretario de Actividades Log\u00edsticas, por el trabajo desarrollado en este mes y medio de gesti\u00f3n. \u201cTodo este complejo son 100 hect\u00e1reas, esta es la Zona de Actividades Log\u00edsticas de Villa Mercedes, ubicada en un punto estrat\u00e9gico de la provincia, entre las rutas 7 y 8, con el ferrocarril, con Villa Reynolds. Una zona productiva, agroindustrial, espectacular, a la que tenemos que sumarle competitividad para que lleguen inversores y ampl\u00eden la provincia y generen nuevos puestos de trabajo. Ese es el camino. Gobernar es generar trabajo\u201d, cerr\u00f3 Poggi.<\/h3>\n<h3>CARGIL<\/h3>\n<h3>Previamente el gobernador Claudio Poggi hizo la primera escala en el Parque Industrial Sur, donde lo recibieron los responsables de Cargill, la firma estadounidense que en 2020 se hizo cargo de la ex Glucovil, una hist\u00f3rica planta fabril que perteneci\u00f3 al grupo Ledesma y ahora forma parte de la unidad de negocios conocida en la Argentina como Food Solutions.<\/h3>\n<h3>Jeremy Viell, el gerente comercial de Cargill, acompa\u00f1\u00f3 jefe del Ejecutivo y a su comitiva a recorrer las instalaciones de esta planta dedicada a la elaboraci\u00f3n de productos alimenticios para consumo animal y humano. \u201cCargill comenz\u00f3 con la adquisici\u00f3n del 30% de la firma en 2008, diez a\u00f1os despu\u00e9s adquiri\u00f3 hasta el 70% del paquete accionario y en 2020 se hizo cargo del 100% de la empresa\u201d, cont\u00f3 el directivo, quien agreg\u00f3 que actualmente es una empresa de molienda de ma\u00edz h\u00famedo, en la cual se generan dos tipos de productos principales, que son los almidones y los jarabes con los cuales se abastece la industria alimenticia de la Argentina en un 85%, mientras el otro 15% va a exportaci\u00f3n\u201d.<\/h3>\n<h3><img decoding=\"async\" class=\"wp-image-11108 aligncenter\" src=\"https:\/\/apuntesdesanluis.com\/wp-content\/uploads\/2024\/02\/cargill-caminando-300x182.png\" alt=\"\" width=\"621\" height=\"377\" srcset=\"https:\/\/apuntesdesanluis.com\/wp-content\/uploads\/2024\/02\/cargill-caminando-300x182.png 300w, https:\/\/apuntesdesanluis.com\/wp-content\/uploads\/2024\/02\/cargill-caminando.png 600w\" sizes=\"(max-width: 621px) 100vw, 621px\" \/><\/h3>\n<h3>Los coproductos de la molienda van a abastecer a industrias, por ejemplo los feedlots y las industrias que fabrican alimento para mascotas, que hay varias en la zona. Actualmente, de forma directa, la empresa emplea a 350 personas y tiene m\u00e1s de 350 contratistas, o sea que mueve un promedio de 700 personas diarias. \u201cSolo para tomar dimensi\u00f3n, Cargill trabaja anualmente en San Luis con cerca de 35.000 camiones, entonces podemos considerar que de forma indirecta tambi\u00e9n da empleo a mucha gente\u201d, explic\u00f3 Viell.<\/h3>\n<h3>A esos n\u00fameros hay que agregar las personas que brindan soporte y servicio, que tambi\u00e9n mueven la econom\u00eda local. Seg\u00fan el directivo, Cargill invierte 8 millones de d\u00f3lares en el mantenimiento de su industria. \u201cHemos llevado la molienda a su m\u00e1ximo expresi\u00f3n, pero seguramente van a venir m\u00e1s inversiones porque esta regi\u00f3n sigue teniendo un gran potencial para explotar\u201d, continu\u00f3 Viell, quien reconoci\u00f3 que \u201ces muy grato recibir al Gobernador, que nos venga a conocer, que se interiorice sobre nuestros procesos. Es muy importante sentir el respaldo del Estado, sentirse acompa\u00f1ado, poder obviamente tener reglas de juego claras. La comunicaci\u00f3n comenz\u00f3 en diciembre, apenas asumi\u00f3 el nuevo Gobierno, creo que hay tela para cortar y seguir creciendo en conjunto. Posiblemente participemos del Consejo Provincial Productivo en algunos de sus encuentros\u201d, finaliz\u00f3 Viell.<\/h3>\n<p><img decoding=\"async\" class=\"wp-image-11109 aligncenter\" src=\"https:\/\/apuntesdesanluis.com\/wp-content\/uploads\/2024\/02\/cargilll-300x210.png\" alt=\"\" width=\"629\" height=\"440\" srcset=\"https:\/\/apuntesdesanluis.com\/wp-content\/uploads\/2024\/02\/cargilll-300x210.png 300w, https:\/\/apuntesdesanluis.com\/wp-content\/uploads\/2024\/02\/cargilll.png 600w\" sizes=\"(max-width: 629px) 100vw, 629px\" \/><\/p>\n<p>&nbsp;<\/p>\n<p>&nbsp;<\/p>\n<p>&nbsp;<\/p>\n<p>&nbsp;<\/p>\n","protected":false},"excerpt":{"rendered":"<p>El gobernador, Claudio Poggi, visit\u00f3 este jueves el coraz\u00f3n industrial de Villa Mercedes, y luego&#8230;<\/p>\n","protected":false},"author":1,"featured_media":11105,"comment_status":"closed","ping_status":"closed","sticky":false,"template":"","format":"standard","meta":{"footnotes":""},"categories":[6],"tags":[],"class_list":["post-11103","post","type-post","status-publish","format-standard","has-post-thumbnail","hentry","category-ciudad-provincia"],"yoast_head":"<!-- This site is optimized with the Yoast SEO plugin v26.1.1 - https:\/\/yoast.com\/wordpress\/plugins\/seo\/ -->\n<title>POGGI: \u201cLA ZONA LOG\u00cdSTICA TIENE QUE POTENCIAR LA COMPETITIVIDAD DE LAS EMPRESAS\u201d - Apuntes de San Luis<\/title>\n<meta name=\"robots\" content=\"index, follow, max-snippet:-1, max-image-preview:large, max-video-preview:-1\" \/>\n<link rel=\"canonical\" href=\"https:\/\/apuntesdesanluis.com\/index.php\/2024\/02\/01\/poggi-la-zona-logistica-tiene-que-potenciar-la-competitividad-de-las-empresas\/\" \/>\n<meta property=\"og:locale\" content=\"es_ES\" \/>\n<meta property=\"og:type\" content=\"article\" \/>\n<meta property=\"og:title\" content=\"POGGI: \u201cLA ZONA LOG\u00cdSTICA TIENE QUE POTENCIAR LA COMPETITIVIDAD DE LAS EMPRESAS\u201d - Apuntes de San Luis\" \/>\n<meta property=\"og:description\" content=\"El gobernador, Claudio Poggi, visit\u00f3 este jueves el coraz\u00f3n industrial de Villa Mercedes, y luego...\" \/>\n<meta property=\"og:url\" content=\"https:\/\/apuntesdesanluis.com\/index.php\/2024\/02\/01\/poggi-la-zona-logistica-tiene-que-potenciar-la-competitividad-de-las-empresas\/\" \/>\n<meta property=\"og:site_name\" content=\"Apuntes de San Luis\" \/>\n<meta property=\"article:published_time\" content=\"2024-02-02T00:50:20+00:00\" \/>\n<meta property=\"article:modified_time\" content=\"2024-02-02T01:22:53+00:00\" \/>\n<meta property=\"og:image\" content=\"https:\/\/apuntesdesanluis.com\/wp-content\/uploads\/2024\/02\/POGGI-ZAL.png\" \/>\n\t<meta property=\"og:image:width\" content=\"600\" \/>\n\t<meta property=\"og:image:height\" content=\"365\" \/>\n\t<meta property=\"og:image:type\" content=\"image\/png\" \/>\n<meta name=\"author\" content=\"apuntesdesanluis.com\" \/>\n<meta name=\"twitter:card\" content=\"summary_large_image\" \/>\n<meta name=\"twitter:label1\" content=\"Escrito por\" \/>\n\t<meta name=\"twitter:data1\" content=\"apuntesdesanluis.com\" \/>\n\t<meta name=\"twitter:label2\" content=\"Tiempo de lectura\" \/>\n\t<meta name=\"twitter:data2\" content=\"6 minutos\" \/>\n<script type=\"application\/ld+json\" class=\"yoast-schema-graph\">{\"@context\":\"https:\/\/schema.org\",\"@graph\":[{\"@type\":\"Article\",\"@id\":\"https:\/\/apuntesdesanluis.com\/index.php\/2024\/02\/01\/poggi-la-zona-logistica-tiene-que-potenciar-la-competitividad-de-las-empresas\/#article\",\"isPartOf\":{\"@id\":\"https:\/\/apuntesdesanluis.com\/index.php\/2024\/02\/01\/poggi-la-zona-logistica-tiene-que-potenciar-la-competitividad-de-las-empresas\/\"},\"author\":{\"name\":\"apuntesdesanluis.com\",\"@id\":\"https:\/\/apuntesdesanluis.com\/#\/schema\/person\/b55151d52296fcce64d1a72538a70b90\"},\"headline\":\"POGGI: \u201cLA ZONA LOG\u00cdSTICA TIENE QUE POTENCIAR LA COMPETITIVIDAD DE LAS EMPRESAS\u201d\",\"datePublished\":\"2024-02-02T00:50:20+00:00\",\"dateModified\":\"2024-02-02T01:22:53+00:00\",\"mainEntityOfPage\":{\"@id\":\"https:\/\/apuntesdesanluis.com\/index.php\/2024\/02\/01\/poggi-la-zona-logistica-tiene-que-potenciar-la-competitividad-de-las-empresas\/\"},\"wordCount\":1023,\"publisher\":{\"@id\":\"https:\/\/apuntesdesanluis.com\/#\/schema\/person\/b55151d52296fcce64d1a72538a70b90\"},\"image\":{\"@id\":\"https:\/\/apuntesdesanluis.com\/index.php\/2024\/02\/01\/poggi-la-zona-logistica-tiene-que-potenciar-la-competitividad-de-las-empresas\/#primaryimage\"},\"thumbnailUrl\":\"https:\/\/apuntesdesanluis.com\/wp-content\/uploads\/2024\/02\/POGGI-ZAL.png\",\"articleSection\":[\"Ciudad\/Provincia\"],\"inLanguage\":\"es-AR\"},{\"@type\":\"WebPage\",\"@id\":\"https:\/\/apuntesdesanluis.com\/index.php\/2024\/02\/01\/poggi-la-zona-logistica-tiene-que-potenciar-la-competitividad-de-las-empresas\/\",\"url\":\"https:\/\/apuntesdesanluis.com\/index.php\/2024\/02\/01\/poggi-la-zona-logistica-tiene-que-potenciar-la-competitividad-de-las-empresas\/\",\"name\":\"POGGI: \u201cLA ZONA LOG\u00cdSTICA TIENE QUE POTENCIAR LA COMPETITIVIDAD DE LAS EMPRESAS\u201d - Apuntes de San Luis\",\"isPartOf\":{\"@id\":\"https:\/\/apuntesdesanluis.com\/#website\"},\"primaryImageOfPage\":{\"@id\":\"https:\/\/apuntesdesanluis.com\/index.php\/2024\/02\/01\/poggi-la-zona-logistica-tiene-que-potenciar-la-competitividad-de-las-empresas\/#primaryimage\"},\"image\":{\"@id\":\"https:\/\/apuntesdesanluis.com\/index.php\/2024\/02\/01\/poggi-la-zona-logistica-tiene-que-potenciar-la-competitividad-de-las-empresas\/#primaryimage\"},\"thumbnailUrl\":\"https:\/\/apuntesdesanluis.com\/wp-content\/uploads\/2024\/02\/POGGI-ZAL.png\",\"datePublished\":\"2024-02-02T00:50:20+00:00\",\"dateModified\":\"2024-02-02T01:22:53+00:00\",\"breadcrumb\":{\"@id\":\"https:\/\/apuntesdesanluis.com\/index.php\/2024\/02\/01\/poggi-la-zona-logistica-tiene-que-potenciar-la-competitividad-de-las-empresas\/#breadcrumb\"},\"inLanguage\":\"es-AR\",\"potentialAction\":[{\"@type\":\"ReadAction\",\"target\":[\"https:\/\/apuntesdesanluis.com\/index.php\/2024\/02\/01\/poggi-la-zona-logistica-tiene-que-potenciar-la-competitividad-de-las-empresas\/\"]}]},{\"@type\":\"ImageObject\",\"inLanguage\":\"es-AR\",\"@id\":\"https:\/\/apuntesdesanluis.com\/index.php\/2024\/02\/01\/poggi-la-zona-logistica-tiene-que-potenciar-la-competitividad-de-las-empresas\/#primaryimage\",\"url\":\"https:\/\/apuntesdesanluis.com\/wp-content\/uploads\/2024\/02\/POGGI-ZAL.png\",\"contentUrl\":\"https:\/\/apuntesdesanluis.com\/wp-content\/uploads\/2024\/02\/POGGI-ZAL.png\",\"width\":600,\"height\":365},{\"@type\":\"BreadcrumbList\",\"@id\":\"https:\/\/apuntesdesanluis.com\/index.php\/2024\/02\/01\/poggi-la-zona-logistica-tiene-que-potenciar-la-competitividad-de-las-empresas\/#breadcrumb\",\"itemListElement\":[{\"@type\":\"ListItem\",\"position\":1,\"name\":\"Inicio\",\"item\":\"https:\/\/apuntesdesanluis.com\/\"},{\"@type\":\"ListItem\",\"position\":2,\"name\":\"POGGI: \u201cLA ZONA LOG\u00cdSTICA TIENE QUE POTENCIAR LA COMPETITIVIDAD DE LAS EMPRESAS\u201d\"}]},{\"@type\":\"WebSite\",\"@id\":\"https:\/\/apuntesdesanluis.com\/#website\",\"url\":\"https:\/\/apuntesdesanluis.com\/\",\"name\":\"Apuntes de San Luis\",\"description\":\"\",\"publisher\":{\"@id\":\"https:\/\/apuntesdesanluis.com\/#\/schema\/person\/b55151d52296fcce64d1a72538a70b90\"},\"potentialAction\":[{\"@type\":\"SearchAction\",\"target\":{\"@type\":\"EntryPoint\",\"urlTemplate\":\"https:\/\/apuntesdesanluis.com\/?s={search_term_string}\"},\"query-input\":{\"@type\":\"PropertyValueSpecification\",\"valueRequired\":true,\"valueName\":\"search_term_string\"}}],\"inLanguage\":\"es-AR\"},{\"@type\":[\"Person\",\"Organization\"],\"@id\":\"https:\/\/apuntesdesanluis.com\/#\/schema\/person\/b55151d52296fcce64d1a72538a70b90\",\"name\":\"apuntesdesanluis.com\",\"image\":{\"@type\":\"ImageObject\",\"inLanguage\":\"es-AR\",\"@id\":\"https:\/\/apuntesdesanluis.com\/#\/schema\/person\/image\/\",\"url\":\"https:\/\/apuntesdesanluis.com\/wp-content\/uploads\/2023\/07\/cropped-apuntesdesanluis.png\",\"contentUrl\":\"https:\/\/apuntesdesanluis.com\/wp-content\/uploads\/2023\/07\/cropped-apuntesdesanluis.png\",\"width\":450,\"height\":112,\"caption\":\"apuntesdesanluis.com\"},\"logo\":{\"@id\":\"https:\/\/apuntesdesanluis.com\/#\/schema\/person\/image\/\"},\"sameAs\":[\"https:\/\/apuntesdesanluis.com\"],\"url\":\"https:\/\/apuntesdesanluis.com\/index.php\/author\/apuntesdesanluis-com\/\"}]}<\/script>\n<!-- \/ Yoast SEO plugin. -->","yoast_head_json":{"title":"POGGI: \u201cLA ZONA LOG\u00cdSTICA TIENE QUE POTENCIAR LA COMPETITIVIDAD DE LAS EMPRESAS\u201d - Apuntes de San Luis","robots":{"index":"index","follow":"follow","max-snippet":"max-snippet:-1","max-image-preview":"max-image-preview:large","max-video-preview":"max-video-preview:-1"},"canonical":"https:\/\/apuntesdesanluis.com\/index.php\/2024\/02\/01\/poggi-la-zona-logistica-tiene-que-potenciar-la-competitividad-de-las-empresas\/","og_locale":"es_ES","og_type":"article","og_title":"POGGI: \u201cLA ZONA LOG\u00cdSTICA TIENE QUE POTENCIAR LA COMPETITIVIDAD DE LAS EMPRESAS\u201d - Apuntes de San Luis","og_description":"El gobernador, Claudio Poggi, visit\u00f3 este jueves el coraz\u00f3n industrial de Villa Mercedes, y luego...","og_url":"https:\/\/apuntesdesanluis.com\/index.php\/2024\/02\/01\/poggi-la-zona-logistica-tiene-que-potenciar-la-competitividad-de-las-empresas\/","og_site_name":"Apuntes de San Luis","article_published_time":"2024-02-02T00:50:20+00:00","article_modified_time":"2024-02-02T01:22:53+00:00","og_image":[{"width":600,"height":365,"url":"https:\/\/apuntesdesanluis.com\/wp-content\/uploads\/2024\/02\/POGGI-ZAL.png","type":"image\/png"}],"author":"apuntesdesanluis.com","twitter_card":"summary_large_image","twitter_misc":{"Escrito por":"apuntesdesanluis.com","Tiempo de lectura":"6 minutos"},"schema":{"@context":"https:\/\/schema.org","@graph":[{"@type":"Article","@id":"https:\/\/apuntesdesanluis.com\/index.php\/2024\/02\/01\/poggi-la-zona-logistica-tiene-que-potenciar-la-competitividad-de-las-empresas\/#article","isPartOf":{"@id":"https:\/\/apuntesdesanluis.com\/index.php\/2024\/02\/01\/poggi-la-zona-logistica-tiene-que-potenciar-la-competitividad-de-las-empresas\/"},"author":{"name":"apuntesdesanluis.com","@id":"https:\/\/apuntesdesanluis.com\/#\/schema\/person\/b55151d52296fcce64d1a72538a70b90"},"headline":"POGGI: \u201cLA ZONA LOG\u00cdSTICA TIENE QUE POTENCIAR LA COMPETITIVIDAD DE LAS EMPRESAS\u201d","datePublished":"2024-02-02T00:50:20+00:00","dateModified":"2024-02-02T01:22:53+00:00","mainEntityOfPage":{"@id":"https:\/\/apuntesdesanluis.com\/index.php\/2024\/02\/01\/poggi-la-zona-logistica-tiene-que-potenciar-la-competitividad-de-las-empresas\/"},"wordCount":1023,"publisher":{"@id":"https:\/\/apuntesdesanluis.com\/#\/schema\/person\/b55151d52296fcce64d1a72538a70b90"},"image":{"@id":"https:\/\/apuntesdesanluis.com\/index.php\/2024\/02\/01\/poggi-la-zona-logistica-tiene-que-potenciar-la-competitividad-de-las-empresas\/#primaryimage"},"thumbnailUrl":"https:\/\/apuntesdesanluis.com\/wp-content\/uploads\/2024\/02\/POGGI-ZAL.png","articleSection":["Ciudad\/Provincia"],"inLanguage":"es-AR"},{"@type":"WebPage","@id":"https:\/\/apuntesdesanluis.com\/index.php\/2024\/02\/01\/poggi-la-zona-logistica-tiene-que-potenciar-la-competitividad-de-las-empresas\/","url":"https:\/\/apuntesdesanluis.com\/index.php\/2024\/02\/01\/poggi-la-zona-logistica-tiene-que-potenciar-la-competitividad-de-las-empresas\/","name":"POGGI: \u201cLA ZONA LOG\u00cdSTICA TIENE QUE POTENCIAR LA COMPETITIVIDAD DE LAS EMPRESAS\u201d - Apuntes de San Luis","isPartOf":{"@id":"https:\/\/apuntesdesanluis.com\/#website"},"primaryImageOfPage":{"@id":"https:\/\/apuntesdesanluis.com\/index.php\/2024\/02\/01\/poggi-la-zona-logistica-tiene-que-potenciar-la-competitividad-de-las-empresas\/#primaryimage"},"image":{"@id":"https:\/\/apuntesdesanluis.com\/index.php\/2024\/02\/01\/poggi-la-zona-logistica-tiene-que-potenciar-la-competitividad-de-las-empresas\/#primaryimage"},"thumbnailUrl":"https:\/\/apuntesdesanluis.com\/wp-content\/uploads\/2024\/02\/POGGI-ZAL.png","datePublished":"2024-02-02T00:50:20+00:00","dateModified":"2024-02-02T01:22:53+00:00","breadcrumb":{"@id":"https:\/\/apuntesdesanluis.com\/index.php\/2024\/02\/01\/poggi-la-zona-logistica-tiene-que-potenciar-la-competitividad-de-las-empresas\/#breadcrumb"},"inLanguage":"es-AR","potentialAction":[{"@type":"ReadAction","target":["https:\/\/apuntesdesanluis.com\/index.php\/2024\/02\/01\/poggi-la-zona-logistica-tiene-que-potenciar-la-competitividad-de-las-empresas\/"]}]},{"@type":"ImageObject","inLanguage":"es-AR","@id":"https:\/\/apuntesdesanluis.com\/index.php\/2024\/02\/01\/poggi-la-zona-logistica-tiene-que-potenciar-la-competitividad-de-las-empresas\/#primaryimage","url":"https:\/\/apuntesdesanluis.com\/wp-content\/uploads\/2024\/02\/POGGI-ZAL.png","contentUrl":"https:\/\/apuntesdesanluis.com\/wp-content\/uploads\/2024\/02\/POGGI-ZAL.png","width":600,"height":365},{"@type":"BreadcrumbList","@id":"https:\/\/apuntesdesanluis.com\/index.php\/2024\/02\/01\/poggi-la-zona-logistica-tiene-que-potenciar-la-competitividad-de-las-empresas\/#breadcrumb","itemListElement":[{"@type":"ListItem","position":1,"name":"Inicio","item":"https:\/\/apuntesdesanluis.com\/"},{"@type":"ListItem","position":2,"name":"POGGI: \u201cLA ZONA LOG\u00cdSTICA TIENE QUE POTENCIAR LA COMPETITIVIDAD DE LAS EMPRESAS\u201d"}]},{"@type":"WebSite","@id":"https:\/\/apuntesdesanluis.com\/#website","url":"https:\/\/apuntesdesanluis.com\/","name":"Apuntes de San Luis","description":"","publisher":{"@id":"https:\/\/apuntesdesanluis.com\/#\/schema\/person\/b55151d52296fcce64d1a72538a70b90"},"potentialAction":[{"@type":"SearchAction","target":{"@type":"EntryPoint","urlTemplate":"https:\/\/apuntesdesanluis.com\/?s={search_term_string}"},"query-input":{"@type":"PropertyValueSpecification","valueRequired":true,"valueName":"search_term_string"}}],"inLanguage":"es-AR"},{"@type":["Person","Organization"],"@id":"https:\/\/apuntesdesanluis.com\/#\/schema\/person\/b55151d52296fcce64d1a72538a70b90","name":"apuntesdesanluis.com","image":{"@type":"ImageObject","inLanguage":"es-AR","@id":"https:\/\/apuntesdesanluis.com\/#\/schema\/person\/image\/","url":"https:\/\/apuntesdesanluis.com\/wp-content\/uploads\/2023\/07\/cropped-apuntesdesanluis.png","contentUrl":"https:\/\/apuntesdesanluis.com\/wp-content\/uploads\/2023\/07\/cropped-apuntesdesanluis.png","width":450,"height":112,"caption":"apuntesdesanluis.com"},"logo":{"@id":"https:\/\/apuntesdesanluis.com\/#\/schema\/person\/image\/"},"sameAs":["https:\/\/apuntesdesanluis.com"],"url":"https:\/\/apuntesdesanluis.com\/index.php\/author\/apuntesdesanluis-com\/"}]}},"featured_image_urls":{"full":["https:\/\/apuntesdesanluis.com\/wp-content\/uploads\/2024\/02\/POGGI-ZAL.png",600,365,false],"thumbnail":["https:\/\/apuntesdesanluis.com\/wp-content\/uploads\/2024\/02\/POGGI-ZAL-150x150.png",150,150,true],"medium":["https:\/\/apuntesdesanluis.com\/wp-content\/uploads\/2024\/02\/POGGI-ZAL-300x183.png",300,183,true],"medium_large":["https:\/\/apuntesdesanluis.com\/wp-content\/uploads\/2024\/02\/POGGI-ZAL.png",600,365,false],"large":["https:\/\/apuntesdesanluis.com\/wp-content\/uploads\/2024\/02\/POGGI-ZAL.png",600,365,false],"1536x1536":["https:\/\/apuntesdesanluis.com\/wp-content\/uploads\/2024\/02\/POGGI-ZAL.png",600,365,false],"2048x2048":["https:\/\/apuntesdesanluis.com\/wp-content\/uploads\/2024\/02\/POGGI-ZAL.png",600,365,false],"newsever-slider-full":["https:\/\/apuntesdesanluis.com\/wp-content\/uploads\/2024\/02\/POGGI-ZAL.png",600,365,false],"newsever-featured":["https:\/\/apuntesdesanluis.com\/wp-content\/uploads\/2024\/02\/POGGI-ZAL.png",600,365,false],"newsever-medium":["https:\/\/apuntesdesanluis.com\/wp-content\/uploads\/2024\/02\/POGGI-ZAL.png",600,365,false]},"author_info":{"display_name":"apuntesdesanluis.com","author_link":"https:\/\/apuntesdesanluis.com\/index.php\/author\/apuntesdesanluis-com\/"},"category_info":"<a href=\"https:\/\/apuntesdesanluis.com\/index.php\/category\/ciudad-provincia\/\" rel=\"category tag\">Ciudad\/Provincia<\/a>","tag_info":"Ciudad\/Provincia","comment_count":"0","_links":{"self":[{"href":"https:\/\/apuntesdesanluis.com\/index.php\/wp-json\/wp\/v2\/posts\/11103","targetHints":{"allow":["GET"]}}],"collection":[{"href":"https:\/\/apuntesdesanluis.com\/index.php\/wp-json\/wp\/v2\/posts"}],"about":[{"href":"https:\/\/apuntesdesanluis.com\/index.php\/wp-json\/wp\/v2\/types\/post"}],"author":[{"embeddable":true,"href":"https:\/\/apuntesdesanluis.com\/index.php\/wp-json\/wp\/v2\/users\/1"}],"replies":[{"embeddable":true,"href":"https:\/\/apuntesdesanluis.com\/index.php\/wp-json\/wp\/v2\/comments?post=11103"}],"version-history":[{"count":3,"href":"https:\/\/apuntesdesanluis.com\/index.php\/wp-json\/wp\/v2\/posts\/11103\/revisions"}],"predecessor-version":[{"id":11110,"href":"https:\/\/apuntesdesanluis.com\/index.php\/wp-json\/wp\/v2\/posts\/11103\/revisions\/11110"}],"wp:featuredmedia":[{"embeddable":true,"href":"https:\/\/apuntesdesanluis.com\/index.php\/wp-json\/wp\/v2\/media\/11105"}],"wp:attachment":[{"href":"https:\/\/apuntesdesanluis.com\/index.php\/wp-json\/wp\/v2\/media?parent=11103"}],"wp:term":[{"taxonomy":"category","embeddable":true,"href":"https:\/\/apuntesdesanluis.com\/index.php\/wp-json\/wp\/v2\/categories?post=11103"},{"taxonomy":"post_tag","embeddable":true,"href":"https:\/\/apuntesdesanluis.com\/index.php\/wp-json\/wp\/v2\/tags?post=11103"}],"curies":[{"name":"wp","href":"https:\/\/api.w.org\/{rel}","templated":true}]}}