{"id":11118,"date":"2024-02-01T22:38:13","date_gmt":"2024-02-02T01:38:13","guid":{"rendered":"https:\/\/apuntesdesanluis.com\/?p=11118"},"modified":"2024-02-01T22:38:13","modified_gmt":"2024-02-02T01:38:13","slug":"nuevos-incidentes-en-la-segunda-jornada-de-protestas-en-el-congreso-heridos-y-detenidos","status":"publish","type":"post","link":"https:\/\/apuntesdesanluis.com\/index.php\/2024\/02\/01\/nuevos-incidentes-en-la-segunda-jornada-de-protestas-en-el-congreso-heridos-y-detenidos\/","title":{"rendered":"NUEVOS INCIDENTES EN LA SEGUNDA JORNADA DE PROTESTAS EN EL CONGRESO: HERIDOS Y DETENIDOS"},"content":{"rendered":"<h3>La segunda jornada de protestas en las inmediaciones del Congreso contra la ley \u00f3mnibus registr\u00f3 nuevos incidentes y fuerte tensi\u00f3n, con efectivos de las fuerzas federales que arrojaron gas pimienta y dispararon balas de goma contra los manifestantes.<\/h3>\n<h3>Por los enfrentamientos, decenas de personas resultaron heridas de bala de goma, descompensadas por el calor y el gas pimienta, y varios quedaron detenidos.<\/h3>\n<h3>La tensi\u00f3n comenz\u00f3 pasadas las 17.30, cuando manifestantes intentaban colocar banderas y la polic\u00eda quiso impedirlo.<\/h3>\n<h3>Durante los incidentes, una persona fue detenida por personal de las fuerzas de seguridad, seg\u00fan supo Noticias Argentinas de fuentes judiciales.<\/h3>\n<h3>A su vez, un militante fue herido en la mand\u00edbula y recibi\u00f3 atenci\u00f3n en la Plaza del Congreso.<\/h3>\n<p><img fetchpriority=\"high\" decoding=\"async\" class=\"wp-image-11120 aligncenter\" src=\"https:\/\/apuntesdesanluis.com\/wp-content\/uploads\/2024\/02\/BOLONKI-300x176.png\" alt=\"\" width=\"656\" height=\"385\" srcset=\"https:\/\/apuntesdesanluis.com\/wp-content\/uploads\/2024\/02\/BOLONKI-300x176.png 300w, https:\/\/apuntesdesanluis.com\/wp-content\/uploads\/2024\/02\/BOLONKI-768x451.png 768w, https:\/\/apuntesdesanluis.com\/wp-content\/uploads\/2024\/02\/BOLONKI.png 865w\" sizes=\"(max-width: 656px) 100vw, 656px\" \/><\/p>\n<h3>A las 18 comenzaron a llegar las principales columnas de manifestantes para expresarse contra el proyecto de ley y la tensi\u00f3n sigui\u00f3 subiendo.<\/h3>\n<h3>Escenas de extrema violencia se vivieron cerca de las 21, cuando un grupo de motos de la Polic\u00eda Federal comenz\u00f3 a moverse en c\u00edrculos en la esquina de Entre R\u00edos e Hip\u00f3lito Yrigoyen.<\/h3>\n<h3>En ese momento, tras dar varias vueltas, efectivos comenzaron a tirar gas pimienta hacia los manifestantes que estaban sobre la plazoleta frente al Congreso y luego dispararon balas de goma.<\/h3>\n<h3>Luego, se fueron con las motos sobre los manifestantes y se enfrentaron cuerpo a cuerpo, mientras volaban piedras y botellas.<\/h3>\n<h3>El objetivo de la Polic\u00eda era mover a la gente, que no estaba sobre la calle, para el fondo de la plaza del Congreso.<\/h3>\n<h3>Por la balacera, decenas de personas terminaron con heridas de balas de goma, incluidos reporteros gr\u00e1ficos que se encontraban en el lugar.<\/h3>\n","protected":false},"excerpt":{"rendered":"<p>La segunda jornada de protestas en las inmediaciones del Congreso contra la ley \u00f3mnibus registr\u00f3&#8230;<\/p>\n","protected":false},"author":1,"featured_media":11119,"comment_status":"closed","ping_status":"closed","sticky":false,"template":"","format":"standard","meta":{"footnotes":""},"categories":[5],"tags":[],"class_list":["post-11118","post","type-post","status-publish","format-standard","has-post-thumbnail","hentry","category-nacionales-internacionales"],"yoast_head":"<!-- This site is optimized with the Yoast SEO plugin v26.1.1 - https:\/\/yoast.com\/wordpress\/plugins\/seo\/ -->\n<title>NUEVOS INCIDENTES EN LA SEGUNDA JORNADA DE PROTESTAS EN EL CONGRESO: HERIDOS Y DETENIDOS - Apuntes de San Luis<\/title>\n<meta name=\"robots\" content=\"index, follow, max-snippet:-1, max-image-preview:large, max-video-preview:-1\" \/>\n<link rel=\"canonical\" href=\"https:\/\/apuntesdesanluis.com\/index.php\/2024\/02\/01\/nuevos-incidentes-en-la-segunda-jornada-de-protestas-en-el-congreso-heridos-y-detenidos\/\" \/>\n<meta property=\"og:locale\" content=\"es_ES\" \/>\n<meta property=\"og:type\" content=\"article\" \/>\n<meta property=\"og:title\" content=\"NUEVOS INCIDENTES EN LA SEGUNDA JORNADA DE PROTESTAS EN EL CONGRESO: HERIDOS Y DETENIDOS - Apuntes de San Luis\" \/>\n<meta property=\"og:description\" content=\"La segunda jornada de protestas en las inmediaciones del Congreso contra la ley \u00f3mnibus registr\u00f3...\" \/>\n<meta property=\"og:url\" content=\"https:\/\/apuntesdesanluis.com\/index.php\/2024\/02\/01\/nuevos-incidentes-en-la-segunda-jornada-de-protestas-en-el-congreso-heridos-y-detenidos\/\" \/>\n<meta property=\"og:site_name\" content=\"Apuntes de San Luis\" \/>\n<meta property=\"article:published_time\" content=\"2024-02-02T01:38:13+00:00\" \/>\n<meta property=\"og:image\" content=\"https:\/\/apuntesdesanluis.com\/wp-content\/uploads\/2024\/02\/HERIDO.png\" \/>\n\t<meta property=\"og:image:width\" content=\"720\" \/>\n\t<meta property=\"og:image:height\" content=\"447\" \/>\n\t<meta property=\"og:image:type\" content=\"image\/png\" \/>\n<meta name=\"author\" content=\"apuntesdesanluis.com\" \/>\n<meta name=\"twitter:card\" content=\"summary_large_image\" \/>\n<meta name=\"twitter:label1\" content=\"Escrito por\" \/>\n\t<meta name=\"twitter:data1\" content=\"apuntesdesanluis.com\" \/>\n\t<meta name=\"twitter:label2\" content=\"Tiempo de lectura\" \/>\n\t<meta name=\"twitter:data2\" content=\"2 minutos\" \/>\n<script type=\"application\/ld+json\" class=\"yoast-schema-graph\">{\"@context\":\"https:\/\/schema.org\",\"@graph\":[{\"@type\":\"Article\",\"@id\":\"https:\/\/apuntesdesanluis.com\/index.php\/2024\/02\/01\/nuevos-incidentes-en-la-segunda-jornada-de-protestas-en-el-congreso-heridos-y-detenidos\/#article\",\"isPartOf\":{\"@id\":\"https:\/\/apuntesdesanluis.com\/index.php\/2024\/02\/01\/nuevos-incidentes-en-la-segunda-jornada-de-protestas-en-el-congreso-heridos-y-detenidos\/\"},\"author\":{\"name\":\"apuntesdesanluis.com\",\"@id\":\"https:\/\/apuntesdesanluis.com\/#\/schema\/person\/b55151d52296fcce64d1a72538a70b90\"},\"headline\":\"NUEVOS INCIDENTES EN LA SEGUNDA JORNADA DE PROTESTAS EN EL CONGRESO: HERIDOS Y DETENIDOS\",\"datePublished\":\"2024-02-02T01:38:13+00:00\",\"mainEntityOfPage\":{\"@id\":\"https:\/\/apuntesdesanluis.com\/index.php\/2024\/02\/01\/nuevos-incidentes-en-la-segunda-jornada-de-protestas-en-el-congreso-heridos-y-detenidos\/\"},\"wordCount\":293,\"publisher\":{\"@id\":\"https:\/\/apuntesdesanluis.com\/#\/schema\/person\/b55151d52296fcce64d1a72538a70b90\"},\"image\":{\"@id\":\"https:\/\/apuntesdesanluis.com\/index.php\/2024\/02\/01\/nuevos-incidentes-en-la-segunda-jornada-de-protestas-en-el-congreso-heridos-y-detenidos\/#primaryimage\"},\"thumbnailUrl\":\"https:\/\/apuntesdesanluis.com\/wp-content\/uploads\/2024\/02\/HERIDO.png\",\"articleSection\":[\"Nacionales\/Internacionales\"],\"inLanguage\":\"es-AR\"},{\"@type\":\"WebPage\",\"@id\":\"https:\/\/apuntesdesanluis.com\/index.php\/2024\/02\/01\/nuevos-incidentes-en-la-segunda-jornada-de-protestas-en-el-congreso-heridos-y-detenidos\/\",\"url\":\"https:\/\/apuntesdesanluis.com\/index.php\/2024\/02\/01\/nuevos-incidentes-en-la-segunda-jornada-de-protestas-en-el-congreso-heridos-y-detenidos\/\",\"name\":\"NUEVOS INCIDENTES EN LA SEGUNDA JORNADA DE PROTESTAS EN EL CONGRESO: HERIDOS Y DETENIDOS - Apuntes de San Luis\",\"isPartOf\":{\"@id\":\"https:\/\/apuntesdesanluis.com\/#website\"},\"primaryImageOfPage\":{\"@id\":\"https:\/\/apuntesdesanluis.com\/index.php\/2024\/02\/01\/nuevos-incidentes-en-la-segunda-jornada-de-protestas-en-el-congreso-heridos-y-detenidos\/#primaryimage\"},\"image\":{\"@id\":\"https:\/\/apuntesdesanluis.com\/index.php\/2024\/02\/01\/nuevos-incidentes-en-la-segunda-jornada-de-protestas-en-el-congreso-heridos-y-detenidos\/#primaryimage\"},\"thumbnailUrl\":\"https:\/\/apuntesdesanluis.com\/wp-content\/uploads\/2024\/02\/HERIDO.png\",\"datePublished\":\"2024-02-02T01:38:13+00:00\",\"breadcrumb\":{\"@id\":\"https:\/\/apuntesdesanluis.com\/index.php\/2024\/02\/01\/nuevos-incidentes-en-la-segunda-jornada-de-protestas-en-el-congreso-heridos-y-detenidos\/#breadcrumb\"},\"inLanguage\":\"es-AR\",\"potentialAction\":[{\"@type\":\"ReadAction\",\"target\":[\"https:\/\/apuntesdesanluis.com\/index.php\/2024\/02\/01\/nuevos-incidentes-en-la-segunda-jornada-de-protestas-en-el-congreso-heridos-y-detenidos\/\"]}]},{\"@type\":\"ImageObject\",\"inLanguage\":\"es-AR\",\"@id\":\"https:\/\/apuntesdesanluis.com\/index.php\/2024\/02\/01\/nuevos-incidentes-en-la-segunda-jornada-de-protestas-en-el-congreso-heridos-y-detenidos\/#primaryimage\",\"url\":\"https:\/\/apuntesdesanluis.com\/wp-content\/uploads\/2024\/02\/HERIDO.png\",\"contentUrl\":\"https:\/\/apuntesdesanluis.com\/wp-content\/uploads\/2024\/02\/HERIDO.png\",\"width\":720,\"height\":447},{\"@type\":\"BreadcrumbList\",\"@id\":\"https:\/\/apuntesdesanluis.com\/index.php\/2024\/02\/01\/nuevos-incidentes-en-la-segunda-jornada-de-protestas-en-el-congreso-heridos-y-detenidos\/#breadcrumb\",\"itemListElement\":[{\"@type\":\"ListItem\",\"position\":1,\"name\":\"Inicio\",\"item\":\"https:\/\/apuntesdesanluis.com\/\"},{\"@type\":\"ListItem\",\"position\":2,\"name\":\"NUEVOS INCIDENTES EN LA SEGUNDA JORNADA DE PROTESTAS EN EL CONGRESO: HERIDOS Y DETENIDOS\"}]},{\"@type\":\"WebSite\",\"@id\":\"https:\/\/apuntesdesanluis.com\/#website\",\"url\":\"https:\/\/apuntesdesanluis.com\/\",\"name\":\"Apuntes de San Luis\",\"description\":\"\",\"publisher\":{\"@id\":\"https:\/\/apuntesdesanluis.com\/#\/schema\/person\/b55151d52296fcce64d1a72538a70b90\"},\"potentialAction\":[{\"@type\":\"SearchAction\",\"target\":{\"@type\":\"EntryPoint\",\"urlTemplate\":\"https:\/\/apuntesdesanluis.com\/?s={search_term_string}\"},\"query-input\":{\"@type\":\"PropertyValueSpecification\",\"valueRequired\":true,\"valueName\":\"search_term_string\"}}],\"inLanguage\":\"es-AR\"},{\"@type\":[\"Person\",\"Organization\"],\"@id\":\"https:\/\/apuntesdesanluis.com\/#\/schema\/person\/b55151d52296fcce64d1a72538a70b90\",\"name\":\"apuntesdesanluis.com\",\"image\":{\"@type\":\"ImageObject\",\"inLanguage\":\"es-AR\",\"@id\":\"https:\/\/apuntesdesanluis.com\/#\/schema\/person\/image\/\",\"url\":\"https:\/\/apuntesdesanluis.com\/wp-content\/uploads\/2023\/07\/cropped-apuntesdesanluis.png\",\"contentUrl\":\"https:\/\/apuntesdesanluis.com\/wp-content\/uploads\/2023\/07\/cropped-apuntesdesanluis.png\",\"width\":450,\"height\":112,\"caption\":\"apuntesdesanluis.com\"},\"logo\":{\"@id\":\"https:\/\/apuntesdesanluis.com\/#\/schema\/person\/image\/\"},\"sameAs\":[\"https:\/\/apuntesdesanluis.com\"],\"url\":\"https:\/\/apuntesdesanluis.com\/index.php\/author\/apuntesdesanluis-com\/\"}]}<\/script>\n<!-- \/ Yoast SEO plugin. -->","yoast_head_json":{"title":"NUEVOS INCIDENTES EN LA SEGUNDA JORNADA DE PROTESTAS EN EL CONGRESO: HERIDOS Y DETENIDOS - Apuntes de San Luis","robots":{"index":"index","follow":"follow","max-snippet":"max-snippet:-1","max-image-preview":"max-image-preview:large","max-video-preview":"max-video-preview:-1"},"canonical":"https:\/\/apuntesdesanluis.com\/index.php\/2024\/02\/01\/nuevos-incidentes-en-la-segunda-jornada-de-protestas-en-el-congreso-heridos-y-detenidos\/","og_locale":"es_ES","og_type":"article","og_title":"NUEVOS INCIDENTES EN LA SEGUNDA JORNADA DE PROTESTAS EN EL CONGRESO: HERIDOS Y DETENIDOS - Apuntes de San Luis","og_description":"La segunda jornada de protestas en las inmediaciones del Congreso contra la ley \u00f3mnibus registr\u00f3...","og_url":"https:\/\/apuntesdesanluis.com\/index.php\/2024\/02\/01\/nuevos-incidentes-en-la-segunda-jornada-de-protestas-en-el-congreso-heridos-y-detenidos\/","og_site_name":"Apuntes de San Luis","article_published_time":"2024-02-02T01:38:13+00:00","og_image":[{"width":720,"height":447,"url":"https:\/\/apuntesdesanluis.com\/wp-content\/uploads\/2024\/02\/HERIDO.png","type":"image\/png"}],"author":"apuntesdesanluis.com","twitter_card":"summary_large_image","twitter_misc":{"Escrito por":"apuntesdesanluis.com","Tiempo de lectura":"2 minutos"},"schema":{"@context":"https:\/\/schema.org","@graph":[{"@type":"Article","@id":"https:\/\/apuntesdesanluis.com\/index.php\/2024\/02\/01\/nuevos-incidentes-en-la-segunda-jornada-de-protestas-en-el-congreso-heridos-y-detenidos\/#article","isPartOf":{"@id":"https:\/\/apuntesdesanluis.com\/index.php\/2024\/02\/01\/nuevos-incidentes-en-la-segunda-jornada-de-protestas-en-el-congreso-heridos-y-detenidos\/"},"author":{"name":"apuntesdesanluis.com","@id":"https:\/\/apuntesdesanluis.com\/#\/schema\/person\/b55151d52296fcce64d1a72538a70b90"},"headline":"NUEVOS INCIDENTES EN LA SEGUNDA JORNADA DE PROTESTAS EN EL CONGRESO: HERIDOS Y DETENIDOS","datePublished":"2024-02-02T01:38:13+00:00","mainEntityOfPage":{"@id":"https:\/\/apuntesdesanluis.com\/index.php\/2024\/02\/01\/nuevos-incidentes-en-la-segunda-jornada-de-protestas-en-el-congreso-heridos-y-detenidos\/"},"wordCount":293,"publisher":{"@id":"https:\/\/apuntesdesanluis.com\/#\/schema\/person\/b55151d52296fcce64d1a72538a70b90"},"image":{"@id":"https:\/\/apuntesdesanluis.com\/index.php\/2024\/02\/01\/nuevos-incidentes-en-la-segunda-jornada-de-protestas-en-el-congreso-heridos-y-detenidos\/#primaryimage"},"thumbnailUrl":"https:\/\/apuntesdesanluis.com\/wp-content\/uploads\/2024\/02\/HERIDO.png","articleSection":["Nacionales\/Internacionales"],"inLanguage":"es-AR"},{"@type":"WebPage","@id":"https:\/\/apuntesdesanluis.com\/index.php\/2024\/02\/01\/nuevos-incidentes-en-la-segunda-jornada-de-protestas-en-el-congreso-heridos-y-detenidos\/","url":"https:\/\/apuntesdesanluis.com\/index.php\/2024\/02\/01\/nuevos-incidentes-en-la-segunda-jornada-de-protestas-en-el-congreso-heridos-y-detenidos\/","name":"NUEVOS INCIDENTES EN LA SEGUNDA JORNADA DE PROTESTAS EN EL CONGRESO: HERIDOS Y DETENIDOS - Apuntes de San Luis","isPartOf":{"@id":"https:\/\/apuntesdesanluis.com\/#website"},"primaryImageOfPage":{"@id":"https:\/\/apuntesdesanluis.com\/index.php\/2024\/02\/01\/nuevos-incidentes-en-la-segunda-jornada-de-protestas-en-el-congreso-heridos-y-detenidos\/#primaryimage"},"image":{"@id":"https:\/\/apuntesdesanluis.com\/index.php\/2024\/02\/01\/nuevos-incidentes-en-la-segunda-jornada-de-protestas-en-el-congreso-heridos-y-detenidos\/#primaryimage"},"thumbnailUrl":"https:\/\/apuntesdesanluis.com\/wp-content\/uploads\/2024\/02\/HERIDO.png","datePublished":"2024-02-02T01:38:13+00:00","breadcrumb":{"@id":"https:\/\/apuntesdesanluis.com\/index.php\/2024\/02\/01\/nuevos-incidentes-en-la-segunda-jornada-de-protestas-en-el-congreso-heridos-y-detenidos\/#breadcrumb"},"inLanguage":"es-AR","potentialAction":[{"@type":"ReadAction","target":["https:\/\/apuntesdesanluis.com\/index.php\/2024\/02\/01\/nuevos-incidentes-en-la-segunda-jornada-de-protestas-en-el-congreso-heridos-y-detenidos\/"]}]},{"@type":"ImageObject","inLanguage":"es-AR","@id":"https:\/\/apuntesdesanluis.com\/index.php\/2024\/02\/01\/nuevos-incidentes-en-la-segunda-jornada-de-protestas-en-el-congreso-heridos-y-detenidos\/#primaryimage","url":"https:\/\/apuntesdesanluis.com\/wp-content\/uploads\/2024\/02\/HERIDO.png","contentUrl":"https:\/\/apuntesdesanluis.com\/wp-content\/uploads\/2024\/02\/HERIDO.png","width":720,"height":447},{"@type":"BreadcrumbList","@id":"https:\/\/apuntesdesanluis.com\/index.php\/2024\/02\/01\/nuevos-incidentes-en-la-segunda-jornada-de-protestas-en-el-congreso-heridos-y-detenidos\/#breadcrumb","itemListElement":[{"@type":"ListItem","position":1,"name":"Inicio","item":"https:\/\/apuntesdesanluis.com\/"},{"@type":"ListItem","position":2,"name":"NUEVOS INCIDENTES EN LA SEGUNDA JORNADA DE PROTESTAS EN EL CONGRESO: HERIDOS Y DETENIDOS"}]},{"@type":"WebSite","@id":"https:\/\/apuntesdesanluis.com\/#website","url":"https:\/\/apuntesdesanluis.com\/","name":"Apuntes de San Luis","description":"","publisher":{"@id":"https:\/\/apuntesdesanluis.com\/#\/schema\/person\/b55151d52296fcce64d1a72538a70b90"},"potentialAction":[{"@type":"SearchAction","target":{"@type":"EntryPoint","urlTemplate":"https:\/\/apuntesdesanluis.com\/?s={search_term_string}"},"query-input":{"@type":"PropertyValueSpecification","valueRequired":true,"valueName":"search_term_string"}}],"inLanguage":"es-AR"},{"@type":["Person","Organization"],"@id":"https:\/\/apuntesdesanluis.com\/#\/schema\/person\/b55151d52296fcce64d1a72538a70b90","name":"apuntesdesanluis.com","image":{"@type":"ImageObject","inLanguage":"es-AR","@id":"https:\/\/apuntesdesanluis.com\/#\/schema\/person\/image\/","url":"https:\/\/apuntesdesanluis.com\/wp-content\/uploads\/2023\/07\/cropped-apuntesdesanluis.png","contentUrl":"https:\/\/apuntesdesanluis.com\/wp-content\/uploads\/2023\/07\/cropped-apuntesdesanluis.png","width":450,"height":112,"caption":"apuntesdesanluis.com"},"logo":{"@id":"https:\/\/apuntesdesanluis.com\/#\/schema\/person\/image\/"},"sameAs":["https:\/\/apuntesdesanluis.com"],"url":"https:\/\/apuntesdesanluis.com\/index.php\/author\/apuntesdesanluis-com\/"}]}},"featured_image_urls":{"full":["https:\/\/apuntesdesanluis.com\/wp-content\/uploads\/2024\/02\/HERIDO.png",720,447,false],"thumbnail":["https:\/\/apuntesdesanluis.com\/wp-content\/uploads\/2024\/02\/HERIDO-150x150.png",150,150,true],"medium":["https:\/\/apuntesdesanluis.com\/wp-content\/uploads\/2024\/02\/HERIDO-300x186.png",300,186,true],"medium_large":["https:\/\/apuntesdesanluis.com\/wp-content\/uploads\/2024\/02\/HERIDO.png",640,397,false],"large":["https:\/\/apuntesdesanluis.com\/wp-content\/uploads\/2024\/02\/HERIDO.png",640,397,false],"1536x1536":["https:\/\/apuntesdesanluis.com\/wp-content\/uploads\/2024\/02\/HERIDO.png",720,447,false],"2048x2048":["https:\/\/apuntesdesanluis.com\/wp-content\/uploads\/2024\/02\/HERIDO.png",720,447,false],"newsever-slider-full":["https:\/\/apuntesdesanluis.com\/wp-content\/uploads\/2024\/02\/HERIDO.png",720,447,false],"newsever-featured":["https:\/\/apuntesdesanluis.com\/wp-content\/uploads\/2024\/02\/HERIDO.png",720,447,false],"newsever-medium":["https:\/\/apuntesdesanluis.com\/wp-content\/uploads\/2024\/02\/HERIDO.png",720,447,false]},"author_info":{"display_name":"apuntesdesanluis.com","author_link":"https:\/\/apuntesdesanluis.com\/index.php\/author\/apuntesdesanluis-com\/"},"category_info":"<a href=\"https:\/\/apuntesdesanluis.com\/index.php\/category\/nacionales-internacionales\/\" rel=\"category tag\">Nacionales\/Internacionales<\/a>","tag_info":"Nacionales\/Internacionales","comment_count":"0","_links":{"self":[{"href":"https:\/\/apuntesdesanluis.com\/index.php\/wp-json\/wp\/v2\/posts\/11118","targetHints":{"allow":["GET"]}}],"collection":[{"href":"https:\/\/apuntesdesanluis.com\/index.php\/wp-json\/wp\/v2\/posts"}],"about":[{"href":"https:\/\/apuntesdesanluis.com\/index.php\/wp-json\/wp\/v2\/types\/post"}],"author":[{"embeddable":true,"href":"https:\/\/apuntesdesanluis.com\/index.php\/wp-json\/wp\/v2\/users\/1"}],"replies":[{"embeddable":true,"href":"https:\/\/apuntesdesanluis.com\/index.php\/wp-json\/wp\/v2\/comments?post=11118"}],"version-history":[{"count":1,"href":"https:\/\/apuntesdesanluis.com\/index.php\/wp-json\/wp\/v2\/posts\/11118\/revisions"}],"predecessor-version":[{"id":11121,"href":"https:\/\/apuntesdesanluis.com\/index.php\/wp-json\/wp\/v2\/posts\/11118\/revisions\/11121"}],"wp:featuredmedia":[{"embeddable":true,"href":"https:\/\/apuntesdesanluis.com\/index.php\/wp-json\/wp\/v2\/media\/11119"}],"wp:attachment":[{"href":"https:\/\/apuntesdesanluis.com\/index.php\/wp-json\/wp\/v2\/media?parent=11118"}],"wp:term":[{"taxonomy":"category","embeddable":true,"href":"https:\/\/apuntesdesanluis.com\/index.php\/wp-json\/wp\/v2\/categories?post=11118"},{"taxonomy":"post_tag","embeddable":true,"href":"https:\/\/apuntesdesanluis.com\/index.php\/wp-json\/wp\/v2\/tags?post=11118"}],"curies":[{"name":"wp","href":"https:\/\/api.w.org\/{rel}","templated":true}]}}