{"id":11144,"date":"2024-02-04T18:41:54","date_gmt":"2024-02-04T21:41:54","guid":{"rendered":"https:\/\/apuntesdesanluis.com\/?p=11144"},"modified":"2024-02-04T18:41:54","modified_gmt":"2024-02-04T21:41:54","slug":"el-gobierno-intervendra-los-medios-de-comunicacion-publicos","status":"publish","type":"post","link":"https:\/\/apuntesdesanluis.com\/index.php\/2024\/02\/04\/el-gobierno-intervendra-los-medios-de-comunicacion-publicos\/","title":{"rendered":"EL GOBIERNO INTERVENDR\u00c1 LOS MEDIOS DE COMUNICACI\u00d3N P\u00daBLICOS"},"content":{"rendered":"<h3>El Gobierno nacional intervendr\u00e1 durante un a\u00f1o los medios de comunicaci\u00f3n p\u00fablicos, al igual que la sociedad del Estado Educ.ar en medio del proceso que impulsa el oficialismo de reorganizar las empresas p\u00fablicas.<\/h3>\n<h3>En esta primera instancia, las sociedades del Estado que ser\u00e1n intervenidas ser\u00e1n la agencia de noticias <strong>T\u00e9lam, Radio y Televisi\u00f3n Argentina y Contenidos P\u00fablicos, al igual que la plataforma Educ.ar<\/strong>.<\/h3>\n<h3>Pese a que la decisi\u00f3n no fue oficializada, se sabe que se designar\u00e1 al abogado <strong>Diego Mart\u00edn Chaher<\/strong> como interventor, quien tendr\u00e1 como interventor adjunto a <strong>Diego Sebasti\u00e1n Marias<\/strong>. Esta medida tendr\u00e1 una validez de un a\u00f1o, una vez que sea oficializada en el Bolet\u00edn Oficial.<\/h3>\n<h3>Ambos tendr\u00e1n varias facultades tales como: elaborar un plan de reformulaci\u00f3n, readecuaci\u00f3n y acci\u00f3n para las sociedades, el cual deber\u00e1 ser puesto a consideraci\u00f3n del Poder Ejecutivo Nacional; evaluar, modificar el Estatuto para el Personal del organismo y\/o aprobar uno nuevo; evaluar, modificar el r\u00e9gimen de administraci\u00f3n de fondos, ampliando o reduciendo las partidas presupuestarias y\/o aprobar uno nuevo; modificar el Reglamento de Contrataciones de obras, bienes y servicios del organismo y\/o aprobar uno nuevo; y modificar la estructura org\u00e1nica y funcional, los organigramas correspondientes y los Reg\u00edmenes Profesionales del Personal contratado, de planta permanente y de gabinete y\/o aprobar una nueva.<\/h3>\n<h3>A su vez, podr\u00e1n revisar la administraci\u00f3n de compras y contrataciones; disponer una auditor\u00eda integral sobre el estado de las instalaciones, bienes que se recepcionan y estado de los mismos; operar y mantener las sociedades, de modo de optimizar la gesti\u00f3n administrativa con miras a tornar sustentable estas empresas; as\u00ed como designar y remover a funcionarios y personal de cada una de las sociedades mencionadas.<\/h3>\n<h3>Con respecto a las auditor\u00edas, en el caso de identificar alguna anomal\u00eda, Chaher y Marias tendr\u00e1n que informar el impacto que ocasiona o ha ocasionado sobre la gesti\u00f3n esta irregularidad, acompa\u00f1ando con la informaci\u00f3n y los documentos de trabajo que den cuenta de eso.<\/h3>\n<h3>Esta decisi\u00f3n se da en el marco de una reestructuraci\u00f3n de las empresas y organismos del Estado. Este proceso comenz\u00f3 en diciembre de 2023 cuando se dispuso la transformaci\u00f3n de las Sociedades o Empresas con participaci\u00f3n del Estado en Sociedades An\u00f3nimas, acordes al r\u00e9gimen de la Ley General de Sociedades.<\/h3>\n<h3>Adem\u00e1s, desde el Gobierno, alegan que esta decisi\u00f3n acompa\u00f1a las medidas tomadas por la crisis en materia econ\u00f3mica, financiera, fiscal y administrativa que atraviesa el pa\u00eds.<\/h3>\n<h3>Desde el equipo de Javier Milei, aseguran que esta iniciativa tiene como objetivo alcanzar una mayor eficiencia en el funcionamiento del sector p\u00fablico al considerar de suma relevancia optimizar la eficacia y eficiencia de las acciones que cumplen cada una de las sociedades.<\/h3>\n<h3>A principios de mes, se conoci\u00f3 la noticia de que Radio Nacional no renov\u00f3 m\u00e1s de 500 contratos correspondientes a m\u00e1s de 40 emisoras de todo el pa\u00eds, por lo que reconocidas figuras quedaron fuera de la programaci\u00f3n.<\/h3>\n<h3>\u201cAnte la adversidad presupuestaria que tenemos en este momento y lo que est\u00e1 pasando pol\u00edticamente, nosotros no hemos renovado los contratos art\u00edsticos. Tenemos un presupuesto del a\u00f1o 2022 que se ejecut\u00f3 en el 2023, reconducido para el 2024. Estamos hipercomplicados en la parte presupuestaria para garantizar el pago de los sueldos\u201d, aclar\u00f3 uno de los titulares provisorios, Javier Monte, en di\u00e1logo con T\u00e9lam semanas atr\u00e1s sobre los motivos del cese de 500 contratos en Radio Nacional. A su vez, asegur\u00f3 que otros 86 s\u00ed se renovaron a pedido de la gerencia.<\/h3>\n<h3>Desde el directorio, ya aseguraron que esta decisi\u00f3n no estar\u00eda relacionada con una reducci\u00f3n de los medios p\u00fablicos y adjudican los cambios a la falta de presupuesto y cambios en la programaci\u00f3n. Incluso, Cristi\u00e1n Larsen, director provisorio por la segunda minor\u00eda, ya hab\u00eda adelantado en diciembre de 2023 en una entrevista con Baby Etchecopar: \u201cDesde el primero de enero pensamos en otro formato de medios p\u00fablicos porque claramente los medios p\u00fablicos que tenemos hoy no sirven para el fin que fueron creados que es transmitir contenidos culturales y servicios informativos\u201d.<\/h3>\n<p>&nbsp;<\/p>\n<p>&nbsp;<\/p>\n<p>&nbsp;<\/p>\n","protected":false},"excerpt":{"rendered":"<p>El Gobierno nacional intervendr\u00e1 durante un a\u00f1o los medios de comunicaci\u00f3n p\u00fablicos, al igual que&#8230;<\/p>\n","protected":false},"author":1,"featured_media":11145,"comment_status":"closed","ping_status":"closed","sticky":false,"template":"","format":"standard","meta":{"footnotes":""},"categories":[5],"tags":[],"class_list":["post-11144","post","type-post","status-publish","format-standard","has-post-thumbnail","hentry","category-nacionales-internacionales"],"yoast_head":"<!-- This site is optimized with the Yoast SEO plugin v26.1.1 - https:\/\/yoast.com\/wordpress\/plugins\/seo\/ -->\n<title>EL GOBIERNO INTERVENDR\u00c1 LOS MEDIOS DE COMUNICACI\u00d3N P\u00daBLICOS - Apuntes de San Luis<\/title>\n<meta name=\"robots\" content=\"index, follow, max-snippet:-1, max-image-preview:large, max-video-preview:-1\" \/>\n<link rel=\"canonical\" href=\"https:\/\/apuntesdesanluis.com\/index.php\/2024\/02\/04\/el-gobierno-intervendra-los-medios-de-comunicacion-publicos\/\" \/>\n<meta property=\"og:locale\" content=\"es_ES\" \/>\n<meta property=\"og:type\" content=\"article\" \/>\n<meta property=\"og:title\" content=\"EL GOBIERNO INTERVENDR\u00c1 LOS MEDIOS DE COMUNICACI\u00d3N P\u00daBLICOS - Apuntes de San Luis\" \/>\n<meta property=\"og:description\" content=\"El Gobierno nacional intervendr\u00e1 durante un a\u00f1o los medios de comunicaci\u00f3n p\u00fablicos, al igual que...\" \/>\n<meta property=\"og:url\" content=\"https:\/\/apuntesdesanluis.com\/index.php\/2024\/02\/04\/el-gobierno-intervendra-los-medios-de-comunicacion-publicos\/\" \/>\n<meta property=\"og:site_name\" content=\"Apuntes de San Luis\" \/>\n<meta property=\"article:published_time\" content=\"2024-02-04T21:41:54+00:00\" \/>\n<meta property=\"og:image\" content=\"https:\/\/apuntesdesanluis.com\/wp-content\/uploads\/2024\/02\/RADIO-NACIONAL.png\" \/>\n\t<meta property=\"og:image:width\" content=\"787\" \/>\n\t<meta property=\"og:image:height\" content=\"468\" \/>\n\t<meta property=\"og:image:type\" content=\"image\/png\" \/>\n<meta name=\"author\" content=\"apuntesdesanluis.com\" \/>\n<meta name=\"twitter:card\" content=\"summary_large_image\" \/>\n<meta name=\"twitter:label1\" content=\"Escrito por\" \/>\n\t<meta name=\"twitter:data1\" content=\"apuntesdesanluis.com\" \/>\n\t<meta name=\"twitter:label2\" content=\"Tiempo de lectura\" \/>\n\t<meta name=\"twitter:data2\" content=\"4 minutos\" \/>\n<script type=\"application\/ld+json\" class=\"yoast-schema-graph\">{\"@context\":\"https:\/\/schema.org\",\"@graph\":[{\"@type\":\"Article\",\"@id\":\"https:\/\/apuntesdesanluis.com\/index.php\/2024\/02\/04\/el-gobierno-intervendra-los-medios-de-comunicacion-publicos\/#article\",\"isPartOf\":{\"@id\":\"https:\/\/apuntesdesanluis.com\/index.php\/2024\/02\/04\/el-gobierno-intervendra-los-medios-de-comunicacion-publicos\/\"},\"author\":{\"name\":\"apuntesdesanluis.com\",\"@id\":\"https:\/\/apuntesdesanluis.com\/#\/schema\/person\/b55151d52296fcce64d1a72538a70b90\"},\"headline\":\"EL GOBIERNO INTERVENDR\u00c1 LOS MEDIOS DE COMUNICACI\u00d3N P\u00daBLICOS\",\"datePublished\":\"2024-02-04T21:41:54+00:00\",\"mainEntityOfPage\":{\"@id\":\"https:\/\/apuntesdesanluis.com\/index.php\/2024\/02\/04\/el-gobierno-intervendra-los-medios-de-comunicacion-publicos\/\"},\"wordCount\":733,\"publisher\":{\"@id\":\"https:\/\/apuntesdesanluis.com\/#\/schema\/person\/b55151d52296fcce64d1a72538a70b90\"},\"image\":{\"@id\":\"https:\/\/apuntesdesanluis.com\/index.php\/2024\/02\/04\/el-gobierno-intervendra-los-medios-de-comunicacion-publicos\/#primaryimage\"},\"thumbnailUrl\":\"https:\/\/apuntesdesanluis.com\/wp-content\/uploads\/2024\/02\/RADIO-NACIONAL.png\",\"articleSection\":[\"Nacionales\/Internacionales\"],\"inLanguage\":\"es-AR\"},{\"@type\":\"WebPage\",\"@id\":\"https:\/\/apuntesdesanluis.com\/index.php\/2024\/02\/04\/el-gobierno-intervendra-los-medios-de-comunicacion-publicos\/\",\"url\":\"https:\/\/apuntesdesanluis.com\/index.php\/2024\/02\/04\/el-gobierno-intervendra-los-medios-de-comunicacion-publicos\/\",\"name\":\"EL GOBIERNO INTERVENDR\u00c1 LOS MEDIOS DE COMUNICACI\u00d3N P\u00daBLICOS - Apuntes de San Luis\",\"isPartOf\":{\"@id\":\"https:\/\/apuntesdesanluis.com\/#website\"},\"primaryImageOfPage\":{\"@id\":\"https:\/\/apuntesdesanluis.com\/index.php\/2024\/02\/04\/el-gobierno-intervendra-los-medios-de-comunicacion-publicos\/#primaryimage\"},\"image\":{\"@id\":\"https:\/\/apuntesdesanluis.com\/index.php\/2024\/02\/04\/el-gobierno-intervendra-los-medios-de-comunicacion-publicos\/#primaryimage\"},\"thumbnailUrl\":\"https:\/\/apuntesdesanluis.com\/wp-content\/uploads\/2024\/02\/RADIO-NACIONAL.png\",\"datePublished\":\"2024-02-04T21:41:54+00:00\",\"breadcrumb\":{\"@id\":\"https:\/\/apuntesdesanluis.com\/index.php\/2024\/02\/04\/el-gobierno-intervendra-los-medios-de-comunicacion-publicos\/#breadcrumb\"},\"inLanguage\":\"es-AR\",\"potentialAction\":[{\"@type\":\"ReadAction\",\"target\":[\"https:\/\/apuntesdesanluis.com\/index.php\/2024\/02\/04\/el-gobierno-intervendra-los-medios-de-comunicacion-publicos\/\"]}]},{\"@type\":\"ImageObject\",\"inLanguage\":\"es-AR\",\"@id\":\"https:\/\/apuntesdesanluis.com\/index.php\/2024\/02\/04\/el-gobierno-intervendra-los-medios-de-comunicacion-publicos\/#primaryimage\",\"url\":\"https:\/\/apuntesdesanluis.com\/wp-content\/uploads\/2024\/02\/RADIO-NACIONAL.png\",\"contentUrl\":\"https:\/\/apuntesdesanluis.com\/wp-content\/uploads\/2024\/02\/RADIO-NACIONAL.png\",\"width\":787,\"height\":468},{\"@type\":\"BreadcrumbList\",\"@id\":\"https:\/\/apuntesdesanluis.com\/index.php\/2024\/02\/04\/el-gobierno-intervendra-los-medios-de-comunicacion-publicos\/#breadcrumb\",\"itemListElement\":[{\"@type\":\"ListItem\",\"position\":1,\"name\":\"Inicio\",\"item\":\"https:\/\/apuntesdesanluis.com\/\"},{\"@type\":\"ListItem\",\"position\":2,\"name\":\"EL GOBIERNO INTERVENDR\u00c1 LOS MEDIOS DE COMUNICACI\u00d3N P\u00daBLICOS\"}]},{\"@type\":\"WebSite\",\"@id\":\"https:\/\/apuntesdesanluis.com\/#website\",\"url\":\"https:\/\/apuntesdesanluis.com\/\",\"name\":\"Apuntes de San Luis\",\"description\":\"\",\"publisher\":{\"@id\":\"https:\/\/apuntesdesanluis.com\/#\/schema\/person\/b55151d52296fcce64d1a72538a70b90\"},\"potentialAction\":[{\"@type\":\"SearchAction\",\"target\":{\"@type\":\"EntryPoint\",\"urlTemplate\":\"https:\/\/apuntesdesanluis.com\/?s={search_term_string}\"},\"query-input\":{\"@type\":\"PropertyValueSpecification\",\"valueRequired\":true,\"valueName\":\"search_term_string\"}}],\"inLanguage\":\"es-AR\"},{\"@type\":[\"Person\",\"Organization\"],\"@id\":\"https:\/\/apuntesdesanluis.com\/#\/schema\/person\/b55151d52296fcce64d1a72538a70b90\",\"name\":\"apuntesdesanluis.com\",\"image\":{\"@type\":\"ImageObject\",\"inLanguage\":\"es-AR\",\"@id\":\"https:\/\/apuntesdesanluis.com\/#\/schema\/person\/image\/\",\"url\":\"https:\/\/apuntesdesanluis.com\/wp-content\/uploads\/2023\/07\/cropped-apuntesdesanluis.png\",\"contentUrl\":\"https:\/\/apuntesdesanluis.com\/wp-content\/uploads\/2023\/07\/cropped-apuntesdesanluis.png\",\"width\":450,\"height\":112,\"caption\":\"apuntesdesanluis.com\"},\"logo\":{\"@id\":\"https:\/\/apuntesdesanluis.com\/#\/schema\/person\/image\/\"},\"sameAs\":[\"https:\/\/apuntesdesanluis.com\"],\"url\":\"https:\/\/apuntesdesanluis.com\/index.php\/author\/apuntesdesanluis-com\/\"}]}<\/script>\n<!-- \/ Yoast SEO plugin. -->","yoast_head_json":{"title":"EL GOBIERNO INTERVENDR\u00c1 LOS MEDIOS DE COMUNICACI\u00d3N P\u00daBLICOS - Apuntes de San Luis","robots":{"index":"index","follow":"follow","max-snippet":"max-snippet:-1","max-image-preview":"max-image-preview:large","max-video-preview":"max-video-preview:-1"},"canonical":"https:\/\/apuntesdesanluis.com\/index.php\/2024\/02\/04\/el-gobierno-intervendra-los-medios-de-comunicacion-publicos\/","og_locale":"es_ES","og_type":"article","og_title":"EL GOBIERNO INTERVENDR\u00c1 LOS MEDIOS DE COMUNICACI\u00d3N P\u00daBLICOS - Apuntes de San Luis","og_description":"El Gobierno nacional intervendr\u00e1 durante un a\u00f1o los medios de comunicaci\u00f3n p\u00fablicos, al igual que...","og_url":"https:\/\/apuntesdesanluis.com\/index.php\/2024\/02\/04\/el-gobierno-intervendra-los-medios-de-comunicacion-publicos\/","og_site_name":"Apuntes de San Luis","article_published_time":"2024-02-04T21:41:54+00:00","og_image":[{"width":787,"height":468,"url":"https:\/\/apuntesdesanluis.com\/wp-content\/uploads\/2024\/02\/RADIO-NACIONAL.png","type":"image\/png"}],"author":"apuntesdesanluis.com","twitter_card":"summary_large_image","twitter_misc":{"Escrito por":"apuntesdesanluis.com","Tiempo de lectura":"4 minutos"},"schema":{"@context":"https:\/\/schema.org","@graph":[{"@type":"Article","@id":"https:\/\/apuntesdesanluis.com\/index.php\/2024\/02\/04\/el-gobierno-intervendra-los-medios-de-comunicacion-publicos\/#article","isPartOf":{"@id":"https:\/\/apuntesdesanluis.com\/index.php\/2024\/02\/04\/el-gobierno-intervendra-los-medios-de-comunicacion-publicos\/"},"author":{"name":"apuntesdesanluis.com","@id":"https:\/\/apuntesdesanluis.com\/#\/schema\/person\/b55151d52296fcce64d1a72538a70b90"},"headline":"EL GOBIERNO INTERVENDR\u00c1 LOS MEDIOS DE COMUNICACI\u00d3N P\u00daBLICOS","datePublished":"2024-02-04T21:41:54+00:00","mainEntityOfPage":{"@id":"https:\/\/apuntesdesanluis.com\/index.php\/2024\/02\/04\/el-gobierno-intervendra-los-medios-de-comunicacion-publicos\/"},"wordCount":733,"publisher":{"@id":"https:\/\/apuntesdesanluis.com\/#\/schema\/person\/b55151d52296fcce64d1a72538a70b90"},"image":{"@id":"https:\/\/apuntesdesanluis.com\/index.php\/2024\/02\/04\/el-gobierno-intervendra-los-medios-de-comunicacion-publicos\/#primaryimage"},"thumbnailUrl":"https:\/\/apuntesdesanluis.com\/wp-content\/uploads\/2024\/02\/RADIO-NACIONAL.png","articleSection":["Nacionales\/Internacionales"],"inLanguage":"es-AR"},{"@type":"WebPage","@id":"https:\/\/apuntesdesanluis.com\/index.php\/2024\/02\/04\/el-gobierno-intervendra-los-medios-de-comunicacion-publicos\/","url":"https:\/\/apuntesdesanluis.com\/index.php\/2024\/02\/04\/el-gobierno-intervendra-los-medios-de-comunicacion-publicos\/","name":"EL GOBIERNO INTERVENDR\u00c1 LOS MEDIOS DE COMUNICACI\u00d3N P\u00daBLICOS - Apuntes de San Luis","isPartOf":{"@id":"https:\/\/apuntesdesanluis.com\/#website"},"primaryImageOfPage":{"@id":"https:\/\/apuntesdesanluis.com\/index.php\/2024\/02\/04\/el-gobierno-intervendra-los-medios-de-comunicacion-publicos\/#primaryimage"},"image":{"@id":"https:\/\/apuntesdesanluis.com\/index.php\/2024\/02\/04\/el-gobierno-intervendra-los-medios-de-comunicacion-publicos\/#primaryimage"},"thumbnailUrl":"https:\/\/apuntesdesanluis.com\/wp-content\/uploads\/2024\/02\/RADIO-NACIONAL.png","datePublished":"2024-02-04T21:41:54+00:00","breadcrumb":{"@id":"https:\/\/apuntesdesanluis.com\/index.php\/2024\/02\/04\/el-gobierno-intervendra-los-medios-de-comunicacion-publicos\/#breadcrumb"},"inLanguage":"es-AR","potentialAction":[{"@type":"ReadAction","target":["https:\/\/apuntesdesanluis.com\/index.php\/2024\/02\/04\/el-gobierno-intervendra-los-medios-de-comunicacion-publicos\/"]}]},{"@type":"ImageObject","inLanguage":"es-AR","@id":"https:\/\/apuntesdesanluis.com\/index.php\/2024\/02\/04\/el-gobierno-intervendra-los-medios-de-comunicacion-publicos\/#primaryimage","url":"https:\/\/apuntesdesanluis.com\/wp-content\/uploads\/2024\/02\/RADIO-NACIONAL.png","contentUrl":"https:\/\/apuntesdesanluis.com\/wp-content\/uploads\/2024\/02\/RADIO-NACIONAL.png","width":787,"height":468},{"@type":"BreadcrumbList","@id":"https:\/\/apuntesdesanluis.com\/index.php\/2024\/02\/04\/el-gobierno-intervendra-los-medios-de-comunicacion-publicos\/#breadcrumb","itemListElement":[{"@type":"ListItem","position":1,"name":"Inicio","item":"https:\/\/apuntesdesanluis.com\/"},{"@type":"ListItem","position":2,"name":"EL GOBIERNO INTERVENDR\u00c1 LOS MEDIOS DE COMUNICACI\u00d3N P\u00daBLICOS"}]},{"@type":"WebSite","@id":"https:\/\/apuntesdesanluis.com\/#website","url":"https:\/\/apuntesdesanluis.com\/","name":"Apuntes de San Luis","description":"","publisher":{"@id":"https:\/\/apuntesdesanluis.com\/#\/schema\/person\/b55151d52296fcce64d1a72538a70b90"},"potentialAction":[{"@type":"SearchAction","target":{"@type":"EntryPoint","urlTemplate":"https:\/\/apuntesdesanluis.com\/?s={search_term_string}"},"query-input":{"@type":"PropertyValueSpecification","valueRequired":true,"valueName":"search_term_string"}}],"inLanguage":"es-AR"},{"@type":["Person","Organization"],"@id":"https:\/\/apuntesdesanluis.com\/#\/schema\/person\/b55151d52296fcce64d1a72538a70b90","name":"apuntesdesanluis.com","image":{"@type":"ImageObject","inLanguage":"es-AR","@id":"https:\/\/apuntesdesanluis.com\/#\/schema\/person\/image\/","url":"https:\/\/apuntesdesanluis.com\/wp-content\/uploads\/2023\/07\/cropped-apuntesdesanluis.png","contentUrl":"https:\/\/apuntesdesanluis.com\/wp-content\/uploads\/2023\/07\/cropped-apuntesdesanluis.png","width":450,"height":112,"caption":"apuntesdesanluis.com"},"logo":{"@id":"https:\/\/apuntesdesanluis.com\/#\/schema\/person\/image\/"},"sameAs":["https:\/\/apuntesdesanluis.com"],"url":"https:\/\/apuntesdesanluis.com\/index.php\/author\/apuntesdesanluis-com\/"}]}},"featured_image_urls":{"full":["https:\/\/apuntesdesanluis.com\/wp-content\/uploads\/2024\/02\/RADIO-NACIONAL.png",787,468,false],"thumbnail":["https:\/\/apuntesdesanluis.com\/wp-content\/uploads\/2024\/02\/RADIO-NACIONAL-150x150.png",150,150,true],"medium":["https:\/\/apuntesdesanluis.com\/wp-content\/uploads\/2024\/02\/RADIO-NACIONAL-300x178.png",300,178,true],"medium_large":["https:\/\/apuntesdesanluis.com\/wp-content\/uploads\/2024\/02\/RADIO-NACIONAL-768x457.png",640,381,true],"large":["https:\/\/apuntesdesanluis.com\/wp-content\/uploads\/2024\/02\/RADIO-NACIONAL.png",640,381,false],"1536x1536":["https:\/\/apuntesdesanluis.com\/wp-content\/uploads\/2024\/02\/RADIO-NACIONAL.png",787,468,false],"2048x2048":["https:\/\/apuntesdesanluis.com\/wp-content\/uploads\/2024\/02\/RADIO-NACIONAL.png",787,468,false],"newsever-slider-full":["https:\/\/apuntesdesanluis.com\/wp-content\/uploads\/2024\/02\/RADIO-NACIONAL.png",787,468,false],"newsever-featured":["https:\/\/apuntesdesanluis.com\/wp-content\/uploads\/2024\/02\/RADIO-NACIONAL.png",787,468,false],"newsever-medium":["https:\/\/apuntesdesanluis.com\/wp-content\/uploads\/2024\/02\/RADIO-NACIONAL-720x468.png",720,468,true]},"author_info":{"display_name":"apuntesdesanluis.com","author_link":"https:\/\/apuntesdesanluis.com\/index.php\/author\/apuntesdesanluis-com\/"},"category_info":"<a href=\"https:\/\/apuntesdesanluis.com\/index.php\/category\/nacionales-internacionales\/\" rel=\"category tag\">Nacionales\/Internacionales<\/a>","tag_info":"Nacionales\/Internacionales","comment_count":"0","_links":{"self":[{"href":"https:\/\/apuntesdesanluis.com\/index.php\/wp-json\/wp\/v2\/posts\/11144","targetHints":{"allow":["GET"]}}],"collection":[{"href":"https:\/\/apuntesdesanluis.com\/index.php\/wp-json\/wp\/v2\/posts"}],"about":[{"href":"https:\/\/apuntesdesanluis.com\/index.php\/wp-json\/wp\/v2\/types\/post"}],"author":[{"embeddable":true,"href":"https:\/\/apuntesdesanluis.com\/index.php\/wp-json\/wp\/v2\/users\/1"}],"replies":[{"embeddable":true,"href":"https:\/\/apuntesdesanluis.com\/index.php\/wp-json\/wp\/v2\/comments?post=11144"}],"version-history":[{"count":1,"href":"https:\/\/apuntesdesanluis.com\/index.php\/wp-json\/wp\/v2\/posts\/11144\/revisions"}],"predecessor-version":[{"id":11146,"href":"https:\/\/apuntesdesanluis.com\/index.php\/wp-json\/wp\/v2\/posts\/11144\/revisions\/11146"}],"wp:featuredmedia":[{"embeddable":true,"href":"https:\/\/apuntesdesanluis.com\/index.php\/wp-json\/wp\/v2\/media\/11145"}],"wp:attachment":[{"href":"https:\/\/apuntesdesanluis.com\/index.php\/wp-json\/wp\/v2\/media?parent=11144"}],"wp:term":[{"taxonomy":"category","embeddable":true,"href":"https:\/\/apuntesdesanluis.com\/index.php\/wp-json\/wp\/v2\/categories?post=11144"},{"taxonomy":"post_tag","embeddable":true,"href":"https:\/\/apuntesdesanluis.com\/index.php\/wp-json\/wp\/v2\/tags?post=11144"}],"curies":[{"name":"wp","href":"https:\/\/api.w.org\/{rel}","templated":true}]}}