{"id":11147,"date":"2024-02-04T18:48:20","date_gmt":"2024-02-04T21:48:20","guid":{"rendered":"https:\/\/apuntesdesanluis.com\/?p=11147"},"modified":"2024-02-04T18:48:20","modified_gmt":"2024-02-04T21:48:20","slug":"macri-puso-al-dos-de-los-medios-publicos-y-se-mete-en-el-negocio-de-la-privatizacion","status":"publish","type":"post","link":"https:\/\/apuntesdesanluis.com\/index.php\/2024\/02\/04\/macri-puso-al-dos-de-los-medios-publicos-y-se-mete-en-el-negocio-de-la-privatizacion\/","title":{"rendered":"MACRI PUSO AL DOS DE LOS MEDIOS P\u00daBLICOS Y SE METE EN EL NEGOCIO DE LA PRIVATIZACI\u00d3N"},"content":{"rendered":"<h3><strong>Mauricio Macri<\/strong> logr\u00f3 ubicar al interventor adjunto de los medios p\u00fablicos y tendr\u00e1 injerencia en el millonario negocio que supone una eventual privatizaci\u00f3n de la Televisi\u00f3n P\u00fablica, la agencia T\u00e9lam y Radio Nacional.<\/h3>\n<h3>El elegido por el ex presidente es <strong>Diego Marias<\/strong>, un nombre conocido dentro del PRO. Fue diputado porte\u00f1o y funcionario del Ministerio de Educaci\u00f3n durante el gobierno de Macri. Tambi\u00e9n integr\u00f3 el Consejo de la Magistratura en representaci\u00f3n de los abogados de la Capital Federal.<\/h3>\n<h3>Macri logr\u00f3 as\u00ed abortar la jugada de Hern\u00e1n Lombardi, que ven\u00eda trabajando un acercamiento a Karina Milei para quedarse con los medios p\u00fablicos.<\/h3>\n<h3>Al frente de la intervenci\u00f3n estar\u00e1 <strong>Diego Chaher<\/strong>, un abogado de Mendoza que trabaja desde hace casi 20 a\u00f1os en el Grupo Am\u00e9rica.<\/h3>\n<h3>Chaher fue director Asuntos Legales de Grupo Supercanal Arlink y director TVEO Productora Contenidos Audiovisuales. Es mendocino y tambi\u00e9n est\u00e1 vinculado a las \u00e1reas legales de UNO Medios. Fue tambi\u00e9n gerente de Canal 8 de San Juan, del Grupo Am\u00e9rica.<\/h3>\n<h3>En esa tarea conoci\u00f3 a Alejandro Spinello, CEO del Grupo Am\u00e9rica Cuyo, que acaba de quedarse con los contenidos audiovisuales de la Presidencia.<\/h3>\n<h3>Spinello trabaja desde el a\u00f1o pasado como CEO de los medios del holding de Vila en Mendoza y San Juan, donde logr\u00f3 que aumente de manera considerable su audiencia. Spinello trabaj\u00f3 activamente en la campa\u00f1a de Javier Milei y fue el responsable de armar el bunker para el d\u00eda de la elecci\u00f3n.<\/h3>\n<h3>Chaher tiene cierta experiencia en reestructurar empresas y en la normativa de licencias de medios. Cuando Facundo Prado compr\u00f3 Supercanal a Vila y Manzano decidi\u00f3 quedarse con Chaher. Prado fue parte del grupo de empresarios que le armaron a Milei durante la campa\u00f1a, la contracumbre de Idea.<\/h3>\n<h3>LPO pudo confirmar que el empresario Ignacio Cincunegui fue quien le ofreci\u00f3 a Chaher el cargo de interventor, en nombre del jefe de Gabinete, Nicol\u00e1s Posse, que se qued\u00f3 con el negocio de la privatizaci\u00f3n de los medios p\u00fablicos.<\/h3>\n<h3>Tanto en el Grupo Am\u00e9rica como en el entorno de Prado niegan que hayan influido en su designaci\u00f3n. LPO pudo confirmar que el funcionario Ignacio Cincolani fue quien le ofreci\u00f3 el cargo, en nombre del jefe de Gabinete, Nicol\u00e1s Posse, que se qued\u00f3 con el negocio de la privatizaci\u00f3n de los medios p\u00fablicos.<\/h3>\n<h3>&#8220;Nadie quer\u00eda agarrar y Chahe es un valiente, se mand\u00f3&#8221;, explic\u00f3 a LPO una fuente al tanto de los pormenores de su incorporaci\u00f3n.<\/h3>\n<h3>Mientras tanto, Juan Cruz \u00c1vila logro designar a Juan Parodi como gerente de programaci\u00f3n de Canal 7. Es un premio consuelo para \u00c1vila tras el fracaso del secretario de Comunicaci\u00f3n y Prensa, Eduardo Serenellini, quien hab\u00eda llegado al gobierno a instancias de su gesti\u00f3n.<\/h3>\n<h3>LPO cont\u00f3 que Javier Milei vaci\u00f3 por completo la Secretar\u00eda de Serenellini y traspas\u00f3 la mayor\u00eda de las funciones a la \u00f3rbita de su hermana Karina, al mismo tiempo que le dio la llave a Nicol\u00e1s Posse para intervenir los medios p\u00fablicos, en un paso previo para la privatizaci\u00f3n.<\/h3>\n<h3>Es que el negocio de la privatizaci\u00f3n es un eje central en las discusiones dentro del gobierno sobre qu\u00e9 hacer con los medios p\u00fablicos. En definitiva se trata de un negocio inmobiliario millonario, un \u00e1rea que suele interesar a Macri y su socio Nicky Caputo.<\/h3>\n<h3>No hay una cifra certera respecto de lo que vale el predio de Canal 7 en avenida Figueroa Alcorta y Tagle, pero los m\u00e1s entusiastas hablan de 600 millones de d\u00f3lares e imaginan que se podr\u00eda armar un distrito de superlujo, al estilo del que se est\u00e1 construyendo en el ex Tiro Federal, solo que con los valores por metro cuadrado m\u00e1s caros de la ciudad, ya que se ubica en pleno Barrio Parque.<\/h3>\n<h3>Los medios p\u00fablicos tienen una planta de unos 3.500 trabajadores. El c\u00e1lculo es que para que esos medios sean eficientes tiene que quedar unos 600 y que el costo de indemnizar al resto puede rondar los 80 millones de d\u00f3lares.<\/h3>\n<h3>En tanto, Radio Nacional cuenta con un enorme predio a uno de los lados de la Panamericana en General Pacheco, cerca de Pilar, donde funciona la planta transmisora. Se trata de la zona conocida como Corredor Norte, una de las m\u00e1s caras. Adem\u00e1s, la emisora tiene inmuebles de gran calidad en el centro porte\u00f1o y en la mayor\u00eda de las provincias.<\/h3>\n<h3>Quienes siguen de cerca el plan del gobierno explican que los medios p\u00fablicos tienen una planta de unos 3.500 trabajadores. El c\u00e1lculo es que para que esos medios sean eficientes tiene que quedar unos 600 y que el costo de indemnizar al resto puede rondar los 80 millones de d\u00f3lares.<\/h3>\n<h3>Es un costo bajo para el millonario negocio inmobiliario que viene de la mano de la privatizaci\u00f3n de los medios p\u00fablicos, pero no es un negocio sencillo. Habr\u00e1 entramados judiciales, afectaciones espec\u00edficas en los predios, amparos judiciales y seguramente una fuerte resistencia de los trabajadores. (La Pol\u00edtica Online)<\/h3>\n","protected":false},"excerpt":{"rendered":"<p>Mauricio Macri logr\u00f3 ubicar al interventor adjunto de los medios p\u00fablicos y tendr\u00e1 injerencia en&#8230;<\/p>\n","protected":false},"author":1,"featured_media":11148,"comment_status":"closed","ping_status":"closed","sticky":false,"template":"","format":"standard","meta":{"footnotes":""},"categories":[5],"tags":[],"class_list":["post-11147","post","type-post","status-publish","format-standard","has-post-thumbnail","hentry","category-nacionales-internacionales"],"yoast_head":"<!-- This site is optimized with the Yoast SEO plugin v26.1.1 - https:\/\/yoast.com\/wordpress\/plugins\/seo\/ -->\n<title>MACRI PUSO AL DOS DE LOS MEDIOS P\u00daBLICOS Y SE METE EN EL NEGOCIO DE LA PRIVATIZACI\u00d3N - Apuntes de San Luis<\/title>\n<meta name=\"robots\" content=\"index, follow, max-snippet:-1, max-image-preview:large, max-video-preview:-1\" \/>\n<link rel=\"canonical\" href=\"https:\/\/apuntesdesanluis.com\/index.php\/2024\/02\/04\/macri-puso-al-dos-de-los-medios-publicos-y-se-mete-en-el-negocio-de-la-privatizacion\/\" \/>\n<meta property=\"og:locale\" content=\"es_ES\" \/>\n<meta property=\"og:type\" content=\"article\" \/>\n<meta property=\"og:title\" content=\"MACRI PUSO AL DOS DE LOS MEDIOS P\u00daBLICOS Y SE METE EN EL NEGOCIO DE LA PRIVATIZACI\u00d3N - Apuntes de San Luis\" \/>\n<meta property=\"og:description\" content=\"Mauricio Macri logr\u00f3 ubicar al interventor adjunto de los medios p\u00fablicos y tendr\u00e1 injerencia en...\" \/>\n<meta property=\"og:url\" content=\"https:\/\/apuntesdesanluis.com\/index.php\/2024\/02\/04\/macri-puso-al-dos-de-los-medios-publicos-y-se-mete-en-el-negocio-de-la-privatizacion\/\" \/>\n<meta property=\"og:site_name\" content=\"Apuntes de San Luis\" \/>\n<meta property=\"article:published_time\" content=\"2024-02-04T21:48:20+00:00\" \/>\n<meta property=\"og:image\" content=\"https:\/\/apuntesdesanluis.com\/wp-content\/uploads\/2024\/02\/MARIAS.png\" \/>\n\t<meta property=\"og:image:width\" content=\"600\" \/>\n\t<meta property=\"og:image:height\" content=\"346\" \/>\n\t<meta property=\"og:image:type\" content=\"image\/png\" \/>\n<meta name=\"author\" content=\"apuntesdesanluis.com\" \/>\n<meta name=\"twitter:card\" content=\"summary_large_image\" \/>\n<meta name=\"twitter:label1\" content=\"Escrito por\" \/>\n\t<meta name=\"twitter:data1\" content=\"apuntesdesanluis.com\" \/>\n\t<meta name=\"twitter:label2\" content=\"Tiempo de lectura\" \/>\n\t<meta name=\"twitter:data2\" content=\"4 minutos\" \/>\n<script type=\"application\/ld+json\" class=\"yoast-schema-graph\">{\"@context\":\"https:\/\/schema.org\",\"@graph\":[{\"@type\":\"Article\",\"@id\":\"https:\/\/apuntesdesanluis.com\/index.php\/2024\/02\/04\/macri-puso-al-dos-de-los-medios-publicos-y-se-mete-en-el-negocio-de-la-privatizacion\/#article\",\"isPartOf\":{\"@id\":\"https:\/\/apuntesdesanluis.com\/index.php\/2024\/02\/04\/macri-puso-al-dos-de-los-medios-publicos-y-se-mete-en-el-negocio-de-la-privatizacion\/\"},\"author\":{\"name\":\"apuntesdesanluis.com\",\"@id\":\"https:\/\/apuntesdesanluis.com\/#\/schema\/person\/b55151d52296fcce64d1a72538a70b90\"},\"headline\":\"MACRI PUSO AL DOS DE LOS MEDIOS P\u00daBLICOS Y SE METE EN EL NEGOCIO DE LA PRIVATIZACI\u00d3N\",\"datePublished\":\"2024-02-04T21:48:20+00:00\",\"mainEntityOfPage\":{\"@id\":\"https:\/\/apuntesdesanluis.com\/index.php\/2024\/02\/04\/macri-puso-al-dos-de-los-medios-publicos-y-se-mete-en-el-negocio-de-la-privatizacion\/\"},\"wordCount\":883,\"publisher\":{\"@id\":\"https:\/\/apuntesdesanluis.com\/#\/schema\/person\/b55151d52296fcce64d1a72538a70b90\"},\"image\":{\"@id\":\"https:\/\/apuntesdesanluis.com\/index.php\/2024\/02\/04\/macri-puso-al-dos-de-los-medios-publicos-y-se-mete-en-el-negocio-de-la-privatizacion\/#primaryimage\"},\"thumbnailUrl\":\"https:\/\/apuntesdesanluis.com\/wp-content\/uploads\/2024\/02\/MARIAS.png\",\"articleSection\":[\"Nacionales\/Internacionales\"],\"inLanguage\":\"es-AR\"},{\"@type\":\"WebPage\",\"@id\":\"https:\/\/apuntesdesanluis.com\/index.php\/2024\/02\/04\/macri-puso-al-dos-de-los-medios-publicos-y-se-mete-en-el-negocio-de-la-privatizacion\/\",\"url\":\"https:\/\/apuntesdesanluis.com\/index.php\/2024\/02\/04\/macri-puso-al-dos-de-los-medios-publicos-y-se-mete-en-el-negocio-de-la-privatizacion\/\",\"name\":\"MACRI PUSO AL DOS DE LOS MEDIOS P\u00daBLICOS Y SE METE EN EL NEGOCIO DE LA PRIVATIZACI\u00d3N - Apuntes de San Luis\",\"isPartOf\":{\"@id\":\"https:\/\/apuntesdesanluis.com\/#website\"},\"primaryImageOfPage\":{\"@id\":\"https:\/\/apuntesdesanluis.com\/index.php\/2024\/02\/04\/macri-puso-al-dos-de-los-medios-publicos-y-se-mete-en-el-negocio-de-la-privatizacion\/#primaryimage\"},\"image\":{\"@id\":\"https:\/\/apuntesdesanluis.com\/index.php\/2024\/02\/04\/macri-puso-al-dos-de-los-medios-publicos-y-se-mete-en-el-negocio-de-la-privatizacion\/#primaryimage\"},\"thumbnailUrl\":\"https:\/\/apuntesdesanluis.com\/wp-content\/uploads\/2024\/02\/MARIAS.png\",\"datePublished\":\"2024-02-04T21:48:20+00:00\",\"breadcrumb\":{\"@id\":\"https:\/\/apuntesdesanluis.com\/index.php\/2024\/02\/04\/macri-puso-al-dos-de-los-medios-publicos-y-se-mete-en-el-negocio-de-la-privatizacion\/#breadcrumb\"},\"inLanguage\":\"es-AR\",\"potentialAction\":[{\"@type\":\"ReadAction\",\"target\":[\"https:\/\/apuntesdesanluis.com\/index.php\/2024\/02\/04\/macri-puso-al-dos-de-los-medios-publicos-y-se-mete-en-el-negocio-de-la-privatizacion\/\"]}]},{\"@type\":\"ImageObject\",\"inLanguage\":\"es-AR\",\"@id\":\"https:\/\/apuntesdesanluis.com\/index.php\/2024\/02\/04\/macri-puso-al-dos-de-los-medios-publicos-y-se-mete-en-el-negocio-de-la-privatizacion\/#primaryimage\",\"url\":\"https:\/\/apuntesdesanluis.com\/wp-content\/uploads\/2024\/02\/MARIAS.png\",\"contentUrl\":\"https:\/\/apuntesdesanluis.com\/wp-content\/uploads\/2024\/02\/MARIAS.png\",\"width\":600,\"height\":346},{\"@type\":\"BreadcrumbList\",\"@id\":\"https:\/\/apuntesdesanluis.com\/index.php\/2024\/02\/04\/macri-puso-al-dos-de-los-medios-publicos-y-se-mete-en-el-negocio-de-la-privatizacion\/#breadcrumb\",\"itemListElement\":[{\"@type\":\"ListItem\",\"position\":1,\"name\":\"Inicio\",\"item\":\"https:\/\/apuntesdesanluis.com\/\"},{\"@type\":\"ListItem\",\"position\":2,\"name\":\"MACRI PUSO AL DOS DE LOS MEDIOS P\u00daBLICOS Y SE METE EN EL NEGOCIO DE LA PRIVATIZACI\u00d3N\"}]},{\"@type\":\"WebSite\",\"@id\":\"https:\/\/apuntesdesanluis.com\/#website\",\"url\":\"https:\/\/apuntesdesanluis.com\/\",\"name\":\"Apuntes de San Luis\",\"description\":\"\",\"publisher\":{\"@id\":\"https:\/\/apuntesdesanluis.com\/#\/schema\/person\/b55151d52296fcce64d1a72538a70b90\"},\"potentialAction\":[{\"@type\":\"SearchAction\",\"target\":{\"@type\":\"EntryPoint\",\"urlTemplate\":\"https:\/\/apuntesdesanluis.com\/?s={search_term_string}\"},\"query-input\":{\"@type\":\"PropertyValueSpecification\",\"valueRequired\":true,\"valueName\":\"search_term_string\"}}],\"inLanguage\":\"es-AR\"},{\"@type\":[\"Person\",\"Organization\"],\"@id\":\"https:\/\/apuntesdesanluis.com\/#\/schema\/person\/b55151d52296fcce64d1a72538a70b90\",\"name\":\"apuntesdesanluis.com\",\"image\":{\"@type\":\"ImageObject\",\"inLanguage\":\"es-AR\",\"@id\":\"https:\/\/apuntesdesanluis.com\/#\/schema\/person\/image\/\",\"url\":\"https:\/\/apuntesdesanluis.com\/wp-content\/uploads\/2023\/07\/cropped-apuntesdesanluis.png\",\"contentUrl\":\"https:\/\/apuntesdesanluis.com\/wp-content\/uploads\/2023\/07\/cropped-apuntesdesanluis.png\",\"width\":450,\"height\":112,\"caption\":\"apuntesdesanluis.com\"},\"logo\":{\"@id\":\"https:\/\/apuntesdesanluis.com\/#\/schema\/person\/image\/\"},\"sameAs\":[\"https:\/\/apuntesdesanluis.com\"],\"url\":\"https:\/\/apuntesdesanluis.com\/index.php\/author\/apuntesdesanluis-com\/\"}]}<\/script>\n<!-- \/ Yoast SEO plugin. -->","yoast_head_json":{"title":"MACRI PUSO AL DOS DE LOS MEDIOS P\u00daBLICOS Y SE METE EN EL NEGOCIO DE LA PRIVATIZACI\u00d3N - Apuntes de San Luis","robots":{"index":"index","follow":"follow","max-snippet":"max-snippet:-1","max-image-preview":"max-image-preview:large","max-video-preview":"max-video-preview:-1"},"canonical":"https:\/\/apuntesdesanluis.com\/index.php\/2024\/02\/04\/macri-puso-al-dos-de-los-medios-publicos-y-se-mete-en-el-negocio-de-la-privatizacion\/","og_locale":"es_ES","og_type":"article","og_title":"MACRI PUSO AL DOS DE LOS MEDIOS P\u00daBLICOS Y SE METE EN EL NEGOCIO DE LA PRIVATIZACI\u00d3N - Apuntes de San Luis","og_description":"Mauricio Macri logr\u00f3 ubicar al interventor adjunto de los medios p\u00fablicos y tendr\u00e1 injerencia en...","og_url":"https:\/\/apuntesdesanluis.com\/index.php\/2024\/02\/04\/macri-puso-al-dos-de-los-medios-publicos-y-se-mete-en-el-negocio-de-la-privatizacion\/","og_site_name":"Apuntes de San Luis","article_published_time":"2024-02-04T21:48:20+00:00","og_image":[{"width":600,"height":346,"url":"https:\/\/apuntesdesanluis.com\/wp-content\/uploads\/2024\/02\/MARIAS.png","type":"image\/png"}],"author":"apuntesdesanluis.com","twitter_card":"summary_large_image","twitter_misc":{"Escrito por":"apuntesdesanluis.com","Tiempo de lectura":"4 minutos"},"schema":{"@context":"https:\/\/schema.org","@graph":[{"@type":"Article","@id":"https:\/\/apuntesdesanluis.com\/index.php\/2024\/02\/04\/macri-puso-al-dos-de-los-medios-publicos-y-se-mete-en-el-negocio-de-la-privatizacion\/#article","isPartOf":{"@id":"https:\/\/apuntesdesanluis.com\/index.php\/2024\/02\/04\/macri-puso-al-dos-de-los-medios-publicos-y-se-mete-en-el-negocio-de-la-privatizacion\/"},"author":{"name":"apuntesdesanluis.com","@id":"https:\/\/apuntesdesanluis.com\/#\/schema\/person\/b55151d52296fcce64d1a72538a70b90"},"headline":"MACRI PUSO AL DOS DE LOS MEDIOS P\u00daBLICOS Y SE METE EN EL NEGOCIO DE LA PRIVATIZACI\u00d3N","datePublished":"2024-02-04T21:48:20+00:00","mainEntityOfPage":{"@id":"https:\/\/apuntesdesanluis.com\/index.php\/2024\/02\/04\/macri-puso-al-dos-de-los-medios-publicos-y-se-mete-en-el-negocio-de-la-privatizacion\/"},"wordCount":883,"publisher":{"@id":"https:\/\/apuntesdesanluis.com\/#\/schema\/person\/b55151d52296fcce64d1a72538a70b90"},"image":{"@id":"https:\/\/apuntesdesanluis.com\/index.php\/2024\/02\/04\/macri-puso-al-dos-de-los-medios-publicos-y-se-mete-en-el-negocio-de-la-privatizacion\/#primaryimage"},"thumbnailUrl":"https:\/\/apuntesdesanluis.com\/wp-content\/uploads\/2024\/02\/MARIAS.png","articleSection":["Nacionales\/Internacionales"],"inLanguage":"es-AR"},{"@type":"WebPage","@id":"https:\/\/apuntesdesanluis.com\/index.php\/2024\/02\/04\/macri-puso-al-dos-de-los-medios-publicos-y-se-mete-en-el-negocio-de-la-privatizacion\/","url":"https:\/\/apuntesdesanluis.com\/index.php\/2024\/02\/04\/macri-puso-al-dos-de-los-medios-publicos-y-se-mete-en-el-negocio-de-la-privatizacion\/","name":"MACRI PUSO AL DOS DE LOS MEDIOS P\u00daBLICOS Y SE METE EN EL NEGOCIO DE LA PRIVATIZACI\u00d3N - Apuntes de San Luis","isPartOf":{"@id":"https:\/\/apuntesdesanluis.com\/#website"},"primaryImageOfPage":{"@id":"https:\/\/apuntesdesanluis.com\/index.php\/2024\/02\/04\/macri-puso-al-dos-de-los-medios-publicos-y-se-mete-en-el-negocio-de-la-privatizacion\/#primaryimage"},"image":{"@id":"https:\/\/apuntesdesanluis.com\/index.php\/2024\/02\/04\/macri-puso-al-dos-de-los-medios-publicos-y-se-mete-en-el-negocio-de-la-privatizacion\/#primaryimage"},"thumbnailUrl":"https:\/\/apuntesdesanluis.com\/wp-content\/uploads\/2024\/02\/MARIAS.png","datePublished":"2024-02-04T21:48:20+00:00","breadcrumb":{"@id":"https:\/\/apuntesdesanluis.com\/index.php\/2024\/02\/04\/macri-puso-al-dos-de-los-medios-publicos-y-se-mete-en-el-negocio-de-la-privatizacion\/#breadcrumb"},"inLanguage":"es-AR","potentialAction":[{"@type":"ReadAction","target":["https:\/\/apuntesdesanluis.com\/index.php\/2024\/02\/04\/macri-puso-al-dos-de-los-medios-publicos-y-se-mete-en-el-negocio-de-la-privatizacion\/"]}]},{"@type":"ImageObject","inLanguage":"es-AR","@id":"https:\/\/apuntesdesanluis.com\/index.php\/2024\/02\/04\/macri-puso-al-dos-de-los-medios-publicos-y-se-mete-en-el-negocio-de-la-privatizacion\/#primaryimage","url":"https:\/\/apuntesdesanluis.com\/wp-content\/uploads\/2024\/02\/MARIAS.png","contentUrl":"https:\/\/apuntesdesanluis.com\/wp-content\/uploads\/2024\/02\/MARIAS.png","width":600,"height":346},{"@type":"BreadcrumbList","@id":"https:\/\/apuntesdesanluis.com\/index.php\/2024\/02\/04\/macri-puso-al-dos-de-los-medios-publicos-y-se-mete-en-el-negocio-de-la-privatizacion\/#breadcrumb","itemListElement":[{"@type":"ListItem","position":1,"name":"Inicio","item":"https:\/\/apuntesdesanluis.com\/"},{"@type":"ListItem","position":2,"name":"MACRI PUSO AL DOS DE LOS MEDIOS P\u00daBLICOS Y SE METE EN EL NEGOCIO DE LA PRIVATIZACI\u00d3N"}]},{"@type":"WebSite","@id":"https:\/\/apuntesdesanluis.com\/#website","url":"https:\/\/apuntesdesanluis.com\/","name":"Apuntes de San Luis","description":"","publisher":{"@id":"https:\/\/apuntesdesanluis.com\/#\/schema\/person\/b55151d52296fcce64d1a72538a70b90"},"potentialAction":[{"@type":"SearchAction","target":{"@type":"EntryPoint","urlTemplate":"https:\/\/apuntesdesanluis.com\/?s={search_term_string}"},"query-input":{"@type":"PropertyValueSpecification","valueRequired":true,"valueName":"search_term_string"}}],"inLanguage":"es-AR"},{"@type":["Person","Organization"],"@id":"https:\/\/apuntesdesanluis.com\/#\/schema\/person\/b55151d52296fcce64d1a72538a70b90","name":"apuntesdesanluis.com","image":{"@type":"ImageObject","inLanguage":"es-AR","@id":"https:\/\/apuntesdesanluis.com\/#\/schema\/person\/image\/","url":"https:\/\/apuntesdesanluis.com\/wp-content\/uploads\/2023\/07\/cropped-apuntesdesanluis.png","contentUrl":"https:\/\/apuntesdesanluis.com\/wp-content\/uploads\/2023\/07\/cropped-apuntesdesanluis.png","width":450,"height":112,"caption":"apuntesdesanluis.com"},"logo":{"@id":"https:\/\/apuntesdesanluis.com\/#\/schema\/person\/image\/"},"sameAs":["https:\/\/apuntesdesanluis.com"],"url":"https:\/\/apuntesdesanluis.com\/index.php\/author\/apuntesdesanluis-com\/"}]}},"featured_image_urls":{"full":["https:\/\/apuntesdesanluis.com\/wp-content\/uploads\/2024\/02\/MARIAS.png",600,346,false],"thumbnail":["https:\/\/apuntesdesanluis.com\/wp-content\/uploads\/2024\/02\/MARIAS-150x150.png",150,150,true],"medium":["https:\/\/apuntesdesanluis.com\/wp-content\/uploads\/2024\/02\/MARIAS-300x173.png",300,173,true],"medium_large":["https:\/\/apuntesdesanluis.com\/wp-content\/uploads\/2024\/02\/MARIAS.png",600,346,false],"large":["https:\/\/apuntesdesanluis.com\/wp-content\/uploads\/2024\/02\/MARIAS.png",600,346,false],"1536x1536":["https:\/\/apuntesdesanluis.com\/wp-content\/uploads\/2024\/02\/MARIAS.png",600,346,false],"2048x2048":["https:\/\/apuntesdesanluis.com\/wp-content\/uploads\/2024\/02\/MARIAS.png",600,346,false],"newsever-slider-full":["https:\/\/apuntesdesanluis.com\/wp-content\/uploads\/2024\/02\/MARIAS.png",600,346,false],"newsever-featured":["https:\/\/apuntesdesanluis.com\/wp-content\/uploads\/2024\/02\/MARIAS.png",600,346,false],"newsever-medium":["https:\/\/apuntesdesanluis.com\/wp-content\/uploads\/2024\/02\/MARIAS.png",600,346,false]},"author_info":{"display_name":"apuntesdesanluis.com","author_link":"https:\/\/apuntesdesanluis.com\/index.php\/author\/apuntesdesanluis-com\/"},"category_info":"<a href=\"https:\/\/apuntesdesanluis.com\/index.php\/category\/nacionales-internacionales\/\" rel=\"category tag\">Nacionales\/Internacionales<\/a>","tag_info":"Nacionales\/Internacionales","comment_count":"0","_links":{"self":[{"href":"https:\/\/apuntesdesanluis.com\/index.php\/wp-json\/wp\/v2\/posts\/11147","targetHints":{"allow":["GET"]}}],"collection":[{"href":"https:\/\/apuntesdesanluis.com\/index.php\/wp-json\/wp\/v2\/posts"}],"about":[{"href":"https:\/\/apuntesdesanluis.com\/index.php\/wp-json\/wp\/v2\/types\/post"}],"author":[{"embeddable":true,"href":"https:\/\/apuntesdesanluis.com\/index.php\/wp-json\/wp\/v2\/users\/1"}],"replies":[{"embeddable":true,"href":"https:\/\/apuntesdesanluis.com\/index.php\/wp-json\/wp\/v2\/comments?post=11147"}],"version-history":[{"count":1,"href":"https:\/\/apuntesdesanluis.com\/index.php\/wp-json\/wp\/v2\/posts\/11147\/revisions"}],"predecessor-version":[{"id":11149,"href":"https:\/\/apuntesdesanluis.com\/index.php\/wp-json\/wp\/v2\/posts\/11147\/revisions\/11149"}],"wp:featuredmedia":[{"embeddable":true,"href":"https:\/\/apuntesdesanluis.com\/index.php\/wp-json\/wp\/v2\/media\/11148"}],"wp:attachment":[{"href":"https:\/\/apuntesdesanluis.com\/index.php\/wp-json\/wp\/v2\/media?parent=11147"}],"wp:term":[{"taxonomy":"category","embeddable":true,"href":"https:\/\/apuntesdesanluis.com\/index.php\/wp-json\/wp\/v2\/categories?post=11147"},{"taxonomy":"post_tag","embeddable":true,"href":"https:\/\/apuntesdesanluis.com\/index.php\/wp-json\/wp\/v2\/tags?post=11147"}],"curies":[{"name":"wp","href":"https:\/\/api.w.org\/{rel}","templated":true}]}}