{"id":11156,"date":"2024-02-04T19:10:01","date_gmt":"2024-02-04T22:10:01","guid":{"rendered":"https:\/\/apuntesdesanluis.com\/?p=11156"},"modified":"2024-02-04T19:14:33","modified_gmt":"2024-02-04T22:14:33","slug":"siete-de-cada-10-integrantes-del-gobierno-de-milei-son-casta-segun-un-estudio","status":"publish","type":"post","link":"https:\/\/apuntesdesanluis.com\/index.php\/2024\/02\/04\/siete-de-cada-10-integrantes-del-gobierno-de-milei-son-casta-segun-un-estudio\/","title":{"rendered":"SIETE DE CADA 10 INTEGRANTES DEL GOBIERNO DE MILEI \u201cSON CASTA\u201d, SEG\u00daN UN ESTUDIO"},"content":{"rendered":"<h3>El <strong>Centro Estrat\u00e9gico Latinoamericano de Geopol\u00edtica<\/strong> (CELAG) cre\u00f3 un \u00edndice con base en los miembros de la gesti\u00f3n de La Libertad Avanza que tienen un pasado como funcionarios del Estado o dirigentes en altos cargos de partidos pol\u00edticos.<\/h3>\n<h3>En septiembre de 2021 Javier Milei cerraba su campa\u00f1a como candidato a diputado nacional en Parque Lezama y dec\u00eda: \u201cNo me meto ac\u00e1 para guiar corderos, me meto ac\u00e1 para despertar leones. Les ped\u00ed que rugieran fuerte, que hicieran escuchar el grito de la libertad y vaya que lo lograron porque la casta pol\u00edtica toda est\u00e1 cagada\u201d. Las personas que estaban en el acto lo arengaron euf\u00f3ricamente.<\/h3>\n<h3>Dos a\u00f1os despu\u00e9s, el economista se perfil\u00f3 como candidato a presidente por La Libertad Avanza. La lucha contra \u201cla casta\u201d fue la materia prima del tejido que dio forma a su discurso de campa\u00f1a. \u201cPara m\u00ed los argentinos dijeron &#8216;basta&#8217; al modelo de la casta. El modelo de la casta es un modelo que parte de una cuesti\u00f3n aberrante de que donde hay una necesidad nace un derecho\u201d, le dijo Milei al periodista Eduardo Feinmann en una entrevista en el canal de noticias LN+ cinco meses atr\u00e1s. Y se diferenci\u00f3: \u201cNo soy un pol\u00edtico casta\u201d. El 19 de noviembre gan\u00f3 la Presidencia. Mientras le coreaban \u201cpresidente, presidente\u201d prometi\u00f3: \u201cBasta del modelo empobrecedor de la casta. Hoy volvemos a abrazar el modelo de la libertad para ser una potencia mundial\u201d.<\/h3>\n<h3>La cuesti\u00f3n comenz\u00f3 a llamar la atenci\u00f3n de todos, el mismo d\u00eda que Javier Milei junto a su gabinete, anunci\u00f3 el env\u00edo del s\u00faper-DNU. Entre ellos, Caputo, Petri, Sturzenegger y Bullrich, todos con un largo pasado cobrando sueldos del Estado.<\/h3>\n<h3>A menos de tres meses de asumir como primer mandatario, un estudio del Centro Estrat\u00e9gico Latinoamericano de Geopol\u00edtica (CELAG) inform\u00f3 que <a href=\"https:\/\/www.eldiarioar.com\/politica\/siete-10-integrantes-gobierno-milei-son-casta-estudio_1_10888030.html\" target=\"_blank\" rel=\"noopener\"><span style=\"color: #3366ff;\"><strong>\u201cel \u00cdndice de Casta del Gobierno de Milei es del 70,5%\u201d<\/strong><\/span><\/a>. Esto quiere decir que \u201csiete de cada diez personas de su gobierno son casta seg\u00fan su propia definici\u00f3n\u201d.<\/h3>\n<p><img fetchpriority=\"high\" decoding=\"async\" class=\"wp-image-11159 aligncenter\" src=\"https:\/\/apuntesdesanluis.com\/wp-content\/uploads\/2024\/02\/INDICE-CASTA-290x300.png\" alt=\"\" width=\"568\" height=\"588\" srcset=\"https:\/\/apuntesdesanluis.com\/wp-content\/uploads\/2024\/02\/INDICE-CASTA-290x300.png 290w, https:\/\/apuntesdesanluis.com\/wp-content\/uploads\/2024\/02\/INDICE-CASTA.png 638w\" sizes=\"(max-width: 568px) 100vw, 568px\" \/><\/p>\n<h3>El valor se tom\u00f3 \u201csobre un total de 78 personas que ocupan los puestos de m\u00e1s alto nivel\u201d. Seg\u00fan la CELAG, \u201cactualmente, hay 55 funcionarios que ya fueron parte de otros periodos de gesti\u00f3n de una u otra manera\u201d. Y \u201centre ellos, hay un grupo destacado, los m\u00e1s \u2018castosos\u2019, porque repitieron varias veces, como por ejemplo (Daniel) Scioli, (Patricia) Bullrich, (Luis) Caputo, (Federico) Sturzenegger, (Rodolfo) Barra, (H\u00e9ctor) Cima, (Daniel) Tillard, (Paola) Di Chiaro\u201d.<\/h3>\n<h3>Hay 55 funcionarios que fueron parte de otras gestiones de una u otra forma. Y entre ellos, hay un grupo destacado, los m\u00e1s \u2018castosos\u2019, porque repitieron varias veces. Por ejemplo, Scioli, Bullrich, Caputo, Sturzenegger, Barra, Cima, Tillard y Di Chiaro.<\/h3>\n<h3>En la entrevista con LN+, Javier Milei defini\u00f3 al \u201cpol\u00edtico casta\u201d como \u201cun pol\u00edtico que toma medidas que sabe que le causan da\u00f1o a la gente, pero no le importa porque prioriza el bienestar propio\u201d. Seg\u00fan Celag, \u201cla idea de casta ha sido utilizada por Milei para criticar duramente a la clase pol\u00edtica en Argentina\u201d y \u201csu argumento se basa en lo siguiente: desde hace a\u00f1os han gobernado siempre los mismos, y ellos son los responsables del desastre actual que vive el pa\u00eds\u201d. Fue esa la tesis que lo impuls\u00f3 a prometer durante su campa\u00f1a que acabar\u00eda con ese modelo \u201cpara poder cambiar a la Argentina\u201d.<\/h3>\n<h3>Para llevar a cabo su an\u00e1lisis, Celag consider\u00f3 sus principales autoridades, es decir, ministros y secretarios, vocero presidencial, procurador, autoridades legislativas y presidentes y directores de las principales instituciones p\u00fablicas como Anses, YPF, Indec, AFIP y Banco Naci\u00f3n, entre otras. Adem\u00e1s, aclararon: \u201casumimos, siguiendo la doctrina Milei, que deber\u00eda ser contabilizado como casta todo aquel que haya participado de una u otra forma en la \u2018Vieja Pol\u00edtica\u2019. Esto es: que hayan sido parte de anteriores gobiernos, sean con cargo p\u00fablico en el Poder Ejecutivo, Legislativo o Judicial (a nivel nacional, provincial o municipal) o que ostentaron alg\u00fan tipo de responsabilidad en un partido pol\u00edtico previo al nacimiento de La Libertad Avanza\u201d. As\u00ed fue c\u00f3mo se calcul\u00f3 el \u00edndice que arroj\u00f3 el alt\u00edsimo porcentaje.<\/h3>\n<h3><img decoding=\"async\" class=\"wp-image-11157 aligncenter\" src=\"https:\/\/apuntesdesanluis.com\/wp-content\/uploads\/2024\/02\/INDICE-1-277x300.png\" alt=\"\" width=\"639\" height=\"693\" srcset=\"https:\/\/apuntesdesanluis.com\/wp-content\/uploads\/2024\/02\/INDICE-1-277x300.png 277w, https:\/\/apuntesdesanluis.com\/wp-content\/uploads\/2024\/02\/INDICE-1.png 612w\" sizes=\"(max-width: 639px) 100vw, 639px\" \/><\/h3>\n<p><img decoding=\"async\" class=\"wp-image-11158 aligncenter\" src=\"https:\/\/apuntesdesanluis.com\/wp-content\/uploads\/2024\/02\/INDICE-2-300x178.png\" alt=\"\" width=\"639\" height=\"379\" srcset=\"https:\/\/apuntesdesanluis.com\/wp-content\/uploads\/2024\/02\/INDICE-2-300x178.png 300w, https:\/\/apuntesdesanluis.com\/wp-content\/uploads\/2024\/02\/INDICE-2.png 613w\" sizes=\"(max-width: 639px) 100vw, 639px\" \/><\/p>\n<h4 style=\"text-align: center;\"><em>\u00cdndice Casta del gobierno de Milei, seg\u00fan la Celag.<\/em><\/h4>\n<h3>Para Celag, la conclusi\u00f3n se parece al de un anuncio publicitario transmitido en Espa\u00f1a en 1984 que dec\u00eda: \u201cel algod\u00f3n no enga\u00f1a\u201d.<\/h3>\n<h3>\u201cSi pasas el algod\u00f3n por un lugar que est\u00e1 limpio, el algod\u00f3n seguir\u00e1 limpio. Y si por el contrario lo pasas por un lugar que est\u00e1 sucio, el algod\u00f3n se ensuciar\u00e1. Es la prueba inequ\u00edvoca para saber si lo que se dice es verdad o no. Y en el caso de Milei-Casta-Argentina, \u201ddato mata relato\u201c. O dicho de otro modo: el algod\u00f3n no enga\u00f1a. Y sali\u00f3 muy sucio\u201d, concluy\u00f3 el informe.<\/h3>\n<p>&nbsp;<\/p>\n<p>&nbsp;<\/p>\n<p>&nbsp;<\/p>\n<p>&nbsp;<\/p>\n<p>&nbsp;<\/p>\n<p>&nbsp;<\/p>\n<p>&nbsp;<\/p>\n","protected":false},"excerpt":{"rendered":"<p>El Centro Estrat\u00e9gico Latinoamericano de Geopol\u00edtica (CELAG) cre\u00f3 un \u00edndice con base en los miembros&#8230;<\/p>\n","protected":false},"author":1,"featured_media":9621,"comment_status":"closed","ping_status":"closed","sticky":false,"template":"","format":"standard","meta":{"footnotes":""},"categories":[5],"tags":[],"class_list":["post-11156","post","type-post","status-publish","format-standard","has-post-thumbnail","hentry","category-nacionales-internacionales"],"yoast_head":"<!-- This site is optimized with the Yoast SEO plugin v26.1.1 - https:\/\/yoast.com\/wordpress\/plugins\/seo\/ -->\n<title>SIETE DE CADA 10 INTEGRANTES DEL GOBIERNO DE MILEI \u201cSON CASTA\u201d, SEG\u00daN UN ESTUDIO - Apuntes de San Luis<\/title>\n<meta name=\"robots\" content=\"index, follow, max-snippet:-1, max-image-preview:large, max-video-preview:-1\" \/>\n<link rel=\"canonical\" href=\"https:\/\/apuntesdesanluis.com\/index.php\/2024\/02\/04\/siete-de-cada-10-integrantes-del-gobierno-de-milei-son-casta-segun-un-estudio\/\" \/>\n<meta property=\"og:locale\" content=\"es_ES\" \/>\n<meta property=\"og:type\" content=\"article\" \/>\n<meta property=\"og:title\" content=\"SIETE DE CADA 10 INTEGRANTES DEL GOBIERNO DE MILEI \u201cSON CASTA\u201d, SEG\u00daN UN ESTUDIO - Apuntes de San Luis\" \/>\n<meta property=\"og:description\" content=\"El Centro Estrat\u00e9gico Latinoamericano de Geopol\u00edtica (CELAG) cre\u00f3 un \u00edndice con base en los miembros...\" \/>\n<meta property=\"og:url\" content=\"https:\/\/apuntesdesanluis.com\/index.php\/2024\/02\/04\/siete-de-cada-10-integrantes-del-gobierno-de-milei-son-casta-segun-un-estudio\/\" \/>\n<meta property=\"og:site_name\" content=\"Apuntes de San Luis\" \/>\n<meta property=\"article:published_time\" content=\"2024-02-04T22:10:01+00:00\" \/>\n<meta property=\"article:modified_time\" content=\"2024-02-04T22:14:33+00:00\" \/>\n<meta property=\"og:image\" content=\"https:\/\/apuntesdesanluis.com\/wp-content\/uploads\/2024\/01\/MILEI-Y-GABINETE.jpg\" \/>\n\t<meta property=\"og:image:width\" content=\"600\" \/>\n\t<meta property=\"og:image:height\" content=\"337\" \/>\n\t<meta property=\"og:image:type\" content=\"image\/jpeg\" \/>\n<meta name=\"author\" content=\"apuntesdesanluis.com\" \/>\n<meta name=\"twitter:card\" content=\"summary_large_image\" \/>\n<meta name=\"twitter:label1\" content=\"Escrito por\" \/>\n\t<meta name=\"twitter:data1\" content=\"apuntesdesanluis.com\" \/>\n\t<meta name=\"twitter:label2\" content=\"Tiempo de lectura\" \/>\n\t<meta name=\"twitter:data2\" content=\"5 minutos\" \/>\n<script type=\"application\/ld+json\" class=\"yoast-schema-graph\">{\"@context\":\"https:\/\/schema.org\",\"@graph\":[{\"@type\":\"Article\",\"@id\":\"https:\/\/apuntesdesanluis.com\/index.php\/2024\/02\/04\/siete-de-cada-10-integrantes-del-gobierno-de-milei-son-casta-segun-un-estudio\/#article\",\"isPartOf\":{\"@id\":\"https:\/\/apuntesdesanluis.com\/index.php\/2024\/02\/04\/siete-de-cada-10-integrantes-del-gobierno-de-milei-son-casta-segun-un-estudio\/\"},\"author\":{\"name\":\"apuntesdesanluis.com\",\"@id\":\"https:\/\/apuntesdesanluis.com\/#\/schema\/person\/b55151d52296fcce64d1a72538a70b90\"},\"headline\":\"SIETE DE CADA 10 INTEGRANTES DEL GOBIERNO DE MILEI \u201cSON CASTA\u201d, SEG\u00daN UN ESTUDIO\",\"datePublished\":\"2024-02-04T22:10:01+00:00\",\"dateModified\":\"2024-02-04T22:14:33+00:00\",\"mainEntityOfPage\":{\"@id\":\"https:\/\/apuntesdesanluis.com\/index.php\/2024\/02\/04\/siete-de-cada-10-integrantes-del-gobierno-de-milei-son-casta-segun-un-estudio\/\"},\"wordCount\":843,\"publisher\":{\"@id\":\"https:\/\/apuntesdesanluis.com\/#\/schema\/person\/b55151d52296fcce64d1a72538a70b90\"},\"image\":{\"@id\":\"https:\/\/apuntesdesanluis.com\/index.php\/2024\/02\/04\/siete-de-cada-10-integrantes-del-gobierno-de-milei-son-casta-segun-un-estudio\/#primaryimage\"},\"thumbnailUrl\":\"https:\/\/apuntesdesanluis.com\/wp-content\/uploads\/2024\/01\/MILEI-Y-GABINETE.jpg\",\"articleSection\":[\"Nacionales\/Internacionales\"],\"inLanguage\":\"es-AR\"},{\"@type\":\"WebPage\",\"@id\":\"https:\/\/apuntesdesanluis.com\/index.php\/2024\/02\/04\/siete-de-cada-10-integrantes-del-gobierno-de-milei-son-casta-segun-un-estudio\/\",\"url\":\"https:\/\/apuntesdesanluis.com\/index.php\/2024\/02\/04\/siete-de-cada-10-integrantes-del-gobierno-de-milei-son-casta-segun-un-estudio\/\",\"name\":\"SIETE DE CADA 10 INTEGRANTES DEL GOBIERNO DE MILEI \u201cSON CASTA\u201d, SEG\u00daN UN ESTUDIO - Apuntes de San Luis\",\"isPartOf\":{\"@id\":\"https:\/\/apuntesdesanluis.com\/#website\"},\"primaryImageOfPage\":{\"@id\":\"https:\/\/apuntesdesanluis.com\/index.php\/2024\/02\/04\/siete-de-cada-10-integrantes-del-gobierno-de-milei-son-casta-segun-un-estudio\/#primaryimage\"},\"image\":{\"@id\":\"https:\/\/apuntesdesanluis.com\/index.php\/2024\/02\/04\/siete-de-cada-10-integrantes-del-gobierno-de-milei-son-casta-segun-un-estudio\/#primaryimage\"},\"thumbnailUrl\":\"https:\/\/apuntesdesanluis.com\/wp-content\/uploads\/2024\/01\/MILEI-Y-GABINETE.jpg\",\"datePublished\":\"2024-02-04T22:10:01+00:00\",\"dateModified\":\"2024-02-04T22:14:33+00:00\",\"breadcrumb\":{\"@id\":\"https:\/\/apuntesdesanluis.com\/index.php\/2024\/02\/04\/siete-de-cada-10-integrantes-del-gobierno-de-milei-son-casta-segun-un-estudio\/#breadcrumb\"},\"inLanguage\":\"es-AR\",\"potentialAction\":[{\"@type\":\"ReadAction\",\"target\":[\"https:\/\/apuntesdesanluis.com\/index.php\/2024\/02\/04\/siete-de-cada-10-integrantes-del-gobierno-de-milei-son-casta-segun-un-estudio\/\"]}]},{\"@type\":\"ImageObject\",\"inLanguage\":\"es-AR\",\"@id\":\"https:\/\/apuntesdesanluis.com\/index.php\/2024\/02\/04\/siete-de-cada-10-integrantes-del-gobierno-de-milei-son-casta-segun-un-estudio\/#primaryimage\",\"url\":\"https:\/\/apuntesdesanluis.com\/wp-content\/uploads\/2024\/01\/MILEI-Y-GABINETE.jpg\",\"contentUrl\":\"https:\/\/apuntesdesanluis.com\/wp-content\/uploads\/2024\/01\/MILEI-Y-GABINETE.jpg\",\"width\":600,\"height\":337},{\"@type\":\"BreadcrumbList\",\"@id\":\"https:\/\/apuntesdesanluis.com\/index.php\/2024\/02\/04\/siete-de-cada-10-integrantes-del-gobierno-de-milei-son-casta-segun-un-estudio\/#breadcrumb\",\"itemListElement\":[{\"@type\":\"ListItem\",\"position\":1,\"name\":\"Inicio\",\"item\":\"https:\/\/apuntesdesanluis.com\/\"},{\"@type\":\"ListItem\",\"position\":2,\"name\":\"SIETE DE CADA 10 INTEGRANTES DEL GOBIERNO DE MILEI \u201cSON CASTA\u201d, SEG\u00daN UN ESTUDIO\"}]},{\"@type\":\"WebSite\",\"@id\":\"https:\/\/apuntesdesanluis.com\/#website\",\"url\":\"https:\/\/apuntesdesanluis.com\/\",\"name\":\"Apuntes de San Luis\",\"description\":\"\",\"publisher\":{\"@id\":\"https:\/\/apuntesdesanluis.com\/#\/schema\/person\/b55151d52296fcce64d1a72538a70b90\"},\"potentialAction\":[{\"@type\":\"SearchAction\",\"target\":{\"@type\":\"EntryPoint\",\"urlTemplate\":\"https:\/\/apuntesdesanluis.com\/?s={search_term_string}\"},\"query-input\":{\"@type\":\"PropertyValueSpecification\",\"valueRequired\":true,\"valueName\":\"search_term_string\"}}],\"inLanguage\":\"es-AR\"},{\"@type\":[\"Person\",\"Organization\"],\"@id\":\"https:\/\/apuntesdesanluis.com\/#\/schema\/person\/b55151d52296fcce64d1a72538a70b90\",\"name\":\"apuntesdesanluis.com\",\"image\":{\"@type\":\"ImageObject\",\"inLanguage\":\"es-AR\",\"@id\":\"https:\/\/apuntesdesanluis.com\/#\/schema\/person\/image\/\",\"url\":\"https:\/\/apuntesdesanluis.com\/wp-content\/uploads\/2023\/07\/cropped-apuntesdesanluis.png\",\"contentUrl\":\"https:\/\/apuntesdesanluis.com\/wp-content\/uploads\/2023\/07\/cropped-apuntesdesanluis.png\",\"width\":450,\"height\":112,\"caption\":\"apuntesdesanluis.com\"},\"logo\":{\"@id\":\"https:\/\/apuntesdesanluis.com\/#\/schema\/person\/image\/\"},\"sameAs\":[\"https:\/\/apuntesdesanluis.com\"],\"url\":\"https:\/\/apuntesdesanluis.com\/index.php\/author\/apuntesdesanluis-com\/\"}]}<\/script>\n<!-- \/ Yoast SEO plugin. -->","yoast_head_json":{"title":"SIETE DE CADA 10 INTEGRANTES DEL GOBIERNO DE MILEI \u201cSON CASTA\u201d, SEG\u00daN UN ESTUDIO - Apuntes de San Luis","robots":{"index":"index","follow":"follow","max-snippet":"max-snippet:-1","max-image-preview":"max-image-preview:large","max-video-preview":"max-video-preview:-1"},"canonical":"https:\/\/apuntesdesanluis.com\/index.php\/2024\/02\/04\/siete-de-cada-10-integrantes-del-gobierno-de-milei-son-casta-segun-un-estudio\/","og_locale":"es_ES","og_type":"article","og_title":"SIETE DE CADA 10 INTEGRANTES DEL GOBIERNO DE MILEI \u201cSON CASTA\u201d, SEG\u00daN UN ESTUDIO - Apuntes de San Luis","og_description":"El Centro Estrat\u00e9gico Latinoamericano de Geopol\u00edtica (CELAG) cre\u00f3 un \u00edndice con base en los miembros...","og_url":"https:\/\/apuntesdesanluis.com\/index.php\/2024\/02\/04\/siete-de-cada-10-integrantes-del-gobierno-de-milei-son-casta-segun-un-estudio\/","og_site_name":"Apuntes de San Luis","article_published_time":"2024-02-04T22:10:01+00:00","article_modified_time":"2024-02-04T22:14:33+00:00","og_image":[{"width":600,"height":337,"url":"https:\/\/apuntesdesanluis.com\/wp-content\/uploads\/2024\/01\/MILEI-Y-GABINETE.jpg","type":"image\/jpeg"}],"author":"apuntesdesanluis.com","twitter_card":"summary_large_image","twitter_misc":{"Escrito por":"apuntesdesanluis.com","Tiempo de lectura":"5 minutos"},"schema":{"@context":"https:\/\/schema.org","@graph":[{"@type":"Article","@id":"https:\/\/apuntesdesanluis.com\/index.php\/2024\/02\/04\/siete-de-cada-10-integrantes-del-gobierno-de-milei-son-casta-segun-un-estudio\/#article","isPartOf":{"@id":"https:\/\/apuntesdesanluis.com\/index.php\/2024\/02\/04\/siete-de-cada-10-integrantes-del-gobierno-de-milei-son-casta-segun-un-estudio\/"},"author":{"name":"apuntesdesanluis.com","@id":"https:\/\/apuntesdesanluis.com\/#\/schema\/person\/b55151d52296fcce64d1a72538a70b90"},"headline":"SIETE DE CADA 10 INTEGRANTES DEL GOBIERNO DE MILEI \u201cSON CASTA\u201d, SEG\u00daN UN ESTUDIO","datePublished":"2024-02-04T22:10:01+00:00","dateModified":"2024-02-04T22:14:33+00:00","mainEntityOfPage":{"@id":"https:\/\/apuntesdesanluis.com\/index.php\/2024\/02\/04\/siete-de-cada-10-integrantes-del-gobierno-de-milei-son-casta-segun-un-estudio\/"},"wordCount":843,"publisher":{"@id":"https:\/\/apuntesdesanluis.com\/#\/schema\/person\/b55151d52296fcce64d1a72538a70b90"},"image":{"@id":"https:\/\/apuntesdesanluis.com\/index.php\/2024\/02\/04\/siete-de-cada-10-integrantes-del-gobierno-de-milei-son-casta-segun-un-estudio\/#primaryimage"},"thumbnailUrl":"https:\/\/apuntesdesanluis.com\/wp-content\/uploads\/2024\/01\/MILEI-Y-GABINETE.jpg","articleSection":["Nacionales\/Internacionales"],"inLanguage":"es-AR"},{"@type":"WebPage","@id":"https:\/\/apuntesdesanluis.com\/index.php\/2024\/02\/04\/siete-de-cada-10-integrantes-del-gobierno-de-milei-son-casta-segun-un-estudio\/","url":"https:\/\/apuntesdesanluis.com\/index.php\/2024\/02\/04\/siete-de-cada-10-integrantes-del-gobierno-de-milei-son-casta-segun-un-estudio\/","name":"SIETE DE CADA 10 INTEGRANTES DEL GOBIERNO DE MILEI \u201cSON CASTA\u201d, SEG\u00daN UN ESTUDIO - Apuntes de San Luis","isPartOf":{"@id":"https:\/\/apuntesdesanluis.com\/#website"},"primaryImageOfPage":{"@id":"https:\/\/apuntesdesanluis.com\/index.php\/2024\/02\/04\/siete-de-cada-10-integrantes-del-gobierno-de-milei-son-casta-segun-un-estudio\/#primaryimage"},"image":{"@id":"https:\/\/apuntesdesanluis.com\/index.php\/2024\/02\/04\/siete-de-cada-10-integrantes-del-gobierno-de-milei-son-casta-segun-un-estudio\/#primaryimage"},"thumbnailUrl":"https:\/\/apuntesdesanluis.com\/wp-content\/uploads\/2024\/01\/MILEI-Y-GABINETE.jpg","datePublished":"2024-02-04T22:10:01+00:00","dateModified":"2024-02-04T22:14:33+00:00","breadcrumb":{"@id":"https:\/\/apuntesdesanluis.com\/index.php\/2024\/02\/04\/siete-de-cada-10-integrantes-del-gobierno-de-milei-son-casta-segun-un-estudio\/#breadcrumb"},"inLanguage":"es-AR","potentialAction":[{"@type":"ReadAction","target":["https:\/\/apuntesdesanluis.com\/index.php\/2024\/02\/04\/siete-de-cada-10-integrantes-del-gobierno-de-milei-son-casta-segun-un-estudio\/"]}]},{"@type":"ImageObject","inLanguage":"es-AR","@id":"https:\/\/apuntesdesanluis.com\/index.php\/2024\/02\/04\/siete-de-cada-10-integrantes-del-gobierno-de-milei-son-casta-segun-un-estudio\/#primaryimage","url":"https:\/\/apuntesdesanluis.com\/wp-content\/uploads\/2024\/01\/MILEI-Y-GABINETE.jpg","contentUrl":"https:\/\/apuntesdesanluis.com\/wp-content\/uploads\/2024\/01\/MILEI-Y-GABINETE.jpg","width":600,"height":337},{"@type":"BreadcrumbList","@id":"https:\/\/apuntesdesanluis.com\/index.php\/2024\/02\/04\/siete-de-cada-10-integrantes-del-gobierno-de-milei-son-casta-segun-un-estudio\/#breadcrumb","itemListElement":[{"@type":"ListItem","position":1,"name":"Inicio","item":"https:\/\/apuntesdesanluis.com\/"},{"@type":"ListItem","position":2,"name":"SIETE DE CADA 10 INTEGRANTES DEL GOBIERNO DE MILEI \u201cSON CASTA\u201d, SEG\u00daN UN ESTUDIO"}]},{"@type":"WebSite","@id":"https:\/\/apuntesdesanluis.com\/#website","url":"https:\/\/apuntesdesanluis.com\/","name":"Apuntes de San Luis","description":"","publisher":{"@id":"https:\/\/apuntesdesanluis.com\/#\/schema\/person\/b55151d52296fcce64d1a72538a70b90"},"potentialAction":[{"@type":"SearchAction","target":{"@type":"EntryPoint","urlTemplate":"https:\/\/apuntesdesanluis.com\/?s={search_term_string}"},"query-input":{"@type":"PropertyValueSpecification","valueRequired":true,"valueName":"search_term_string"}}],"inLanguage":"es-AR"},{"@type":["Person","Organization"],"@id":"https:\/\/apuntesdesanluis.com\/#\/schema\/person\/b55151d52296fcce64d1a72538a70b90","name":"apuntesdesanluis.com","image":{"@type":"ImageObject","inLanguage":"es-AR","@id":"https:\/\/apuntesdesanluis.com\/#\/schema\/person\/image\/","url":"https:\/\/apuntesdesanluis.com\/wp-content\/uploads\/2023\/07\/cropped-apuntesdesanluis.png","contentUrl":"https:\/\/apuntesdesanluis.com\/wp-content\/uploads\/2023\/07\/cropped-apuntesdesanluis.png","width":450,"height":112,"caption":"apuntesdesanluis.com"},"logo":{"@id":"https:\/\/apuntesdesanluis.com\/#\/schema\/person\/image\/"},"sameAs":["https:\/\/apuntesdesanluis.com"],"url":"https:\/\/apuntesdesanluis.com\/index.php\/author\/apuntesdesanluis-com\/"}]}},"featured_image_urls":{"full":["https:\/\/apuntesdesanluis.com\/wp-content\/uploads\/2024\/01\/MILEI-Y-GABINETE.jpg",600,337,false],"thumbnail":["https:\/\/apuntesdesanluis.com\/wp-content\/uploads\/2024\/01\/MILEI-Y-GABINETE-150x150.jpg",150,150,true],"medium":["https:\/\/apuntesdesanluis.com\/wp-content\/uploads\/2024\/01\/MILEI-Y-GABINETE-300x169.jpg",300,169,true],"medium_large":["https:\/\/apuntesdesanluis.com\/wp-content\/uploads\/2024\/01\/MILEI-Y-GABINETE.jpg",600,337,false],"large":["https:\/\/apuntesdesanluis.com\/wp-content\/uploads\/2024\/01\/MILEI-Y-GABINETE.jpg",600,337,false],"1536x1536":["https:\/\/apuntesdesanluis.com\/wp-content\/uploads\/2024\/01\/MILEI-Y-GABINETE.jpg",600,337,false],"2048x2048":["https:\/\/apuntesdesanluis.com\/wp-content\/uploads\/2024\/01\/MILEI-Y-GABINETE.jpg",600,337,false],"newsever-slider-full":["https:\/\/apuntesdesanluis.com\/wp-content\/uploads\/2024\/01\/MILEI-Y-GABINETE.jpg",600,337,false],"newsever-featured":["https:\/\/apuntesdesanluis.com\/wp-content\/uploads\/2024\/01\/MILEI-Y-GABINETE.jpg",600,337,false],"newsever-medium":["https:\/\/apuntesdesanluis.com\/wp-content\/uploads\/2024\/01\/MILEI-Y-GABINETE.jpg",600,337,false]},"author_info":{"display_name":"apuntesdesanluis.com","author_link":"https:\/\/apuntesdesanluis.com\/index.php\/author\/apuntesdesanluis-com\/"},"category_info":"<a href=\"https:\/\/apuntesdesanluis.com\/index.php\/category\/nacionales-internacionales\/\" rel=\"category tag\">Nacionales\/Internacionales<\/a>","tag_info":"Nacionales\/Internacionales","comment_count":"0","_links":{"self":[{"href":"https:\/\/apuntesdesanluis.com\/index.php\/wp-json\/wp\/v2\/posts\/11156","targetHints":{"allow":["GET"]}}],"collection":[{"href":"https:\/\/apuntesdesanluis.com\/index.php\/wp-json\/wp\/v2\/posts"}],"about":[{"href":"https:\/\/apuntesdesanluis.com\/index.php\/wp-json\/wp\/v2\/types\/post"}],"author":[{"embeddable":true,"href":"https:\/\/apuntesdesanluis.com\/index.php\/wp-json\/wp\/v2\/users\/1"}],"replies":[{"embeddable":true,"href":"https:\/\/apuntesdesanluis.com\/index.php\/wp-json\/wp\/v2\/comments?post=11156"}],"version-history":[{"count":5,"href":"https:\/\/apuntesdesanluis.com\/index.php\/wp-json\/wp\/v2\/posts\/11156\/revisions"}],"predecessor-version":[{"id":11164,"href":"https:\/\/apuntesdesanluis.com\/index.php\/wp-json\/wp\/v2\/posts\/11156\/revisions\/11164"}],"wp:featuredmedia":[{"embeddable":true,"href":"https:\/\/apuntesdesanluis.com\/index.php\/wp-json\/wp\/v2\/media\/9621"}],"wp:attachment":[{"href":"https:\/\/apuntesdesanluis.com\/index.php\/wp-json\/wp\/v2\/media?parent=11156"}],"wp:term":[{"taxonomy":"category","embeddable":true,"href":"https:\/\/apuntesdesanluis.com\/index.php\/wp-json\/wp\/v2\/categories?post=11156"},{"taxonomy":"post_tag","embeddable":true,"href":"https:\/\/apuntesdesanluis.com\/index.php\/wp-json\/wp\/v2\/tags?post=11156"}],"curies":[{"name":"wp","href":"https:\/\/api.w.org\/{rel}","templated":true}]}}