{"id":11165,"date":"2024-02-04T19:28:27","date_gmt":"2024-02-04T22:28:27","guid":{"rendered":"https:\/\/apuntesdesanluis.com\/?p=11165"},"modified":"2024-02-04T19:28:27","modified_gmt":"2024-02-04T22:28:27","slug":"la-cifra-de-fallecidos-por-los-incendios-en-chile-es-de-casi-un-centenar","status":"publish","type":"post","link":"https:\/\/apuntesdesanluis.com\/index.php\/2024\/02\/04\/la-cifra-de-fallecidos-por-los-incendios-en-chile-es-de-casi-un-centenar\/","title":{"rendered":"LA CIFRA DE FALLECIDOS POR LOS INCENDIOS EN CHILE ES DE CASI UN CENTENAR"},"content":{"rendered":"<h3>La cifra de fallecidos por los incendios forestales en Chile subi\u00f3 a 99, informaron el domingo autoridades, mientras el presidente <strong>Gabriel Boric<\/strong> asegur\u00f3 que el pa\u00eds enfrenta una tragedia de &#8220;magnitudes muy grande&#8221; y que las v\u00edctimas van a crecer &#8220;significativamente&#8221; en las pr\u00f3ximas horas.<\/h3>\n<h3>La mayor\u00eda del fuego se extend\u00eda por la regi\u00f3n costera Valpara\u00edso, hogar de casi un mill\u00f3n de habitantes, sede del Congreso y de uno de los principales puertos del pa\u00eds. Por la tarde del domingo, cientos de bomberos, soldados y brigadistas batallaban para apagar varios focos en el centro y sur del pa\u00eds.<\/h3>\n<h3>&#8220;Estamos frente a una tragedia de magnitudes muy grande&#8221;, dijo Boric en un mensaje a la naci\u00f3n, donde agreg\u00f3 que tom\u00f3 la decisi\u00f3n de mantener el toque de queda y reforzar la presencia de militares en las zonas m\u00e1s afectadas.<\/h3>\n<p><img fetchpriority=\"high\" decoding=\"async\" class=\"wp-image-11168 aligncenter\" src=\"https:\/\/apuntesdesanluis.com\/wp-content\/uploads\/2024\/02\/BORIC-300x209.png\" alt=\"\" width=\"577\" height=\"402\" srcset=\"https:\/\/apuntesdesanluis.com\/wp-content\/uploads\/2024\/02\/BORIC-300x209.png 300w, https:\/\/apuntesdesanluis.com\/wp-content\/uploads\/2024\/02\/BORIC.png 578w\" sizes=\"(max-width: 577px) 100vw, 577px\" \/><\/p>\n<h3>El Servicio M\u00e9dico Legal dijo que de las 99 v\u00edctimas, 32 han sido identificadas.<\/h3>\n<h3>Adem\u00e1s de Valpara\u00edso, el fuego estaba activo en las regiones centrales O&#8217;Higgins, Maule y \u00d1uble y la sure\u00f1a La Araucan\u00eda.<\/h3>\n<h3>&#8220;Sabemos que esa cifra va a crecer, va a crecer significativamente&#8221;, agreg\u00f3 el mandatario.<\/h3>\n<h3>Autoridades han dicho que la tragedia en la peor desde un potente terremoto de 2010 que dej\u00f3 medio millar de muertos.<\/h3>\n<h3>Boric inform\u00f3 que decret\u00f3 duelo nacional por dos d\u00edas a partir del lunes &#8220;porque Chile entero sufre y llora a nuestros muertos&#8221;.<\/h3>\n<p><img decoding=\"async\" class=\"wp-image-11167 aligncenter\" src=\"https:\/\/apuntesdesanluis.com\/wp-content\/uploads\/2024\/02\/CHILE-300x184.png\" alt=\"\" width=\"580\" height=\"356\" srcset=\"https:\/\/apuntesdesanluis.com\/wp-content\/uploads\/2024\/02\/CHILE-300x184.png 300w, https:\/\/apuntesdesanluis.com\/wp-content\/uploads\/2024\/02\/CHILE.png 724w\" sizes=\"(max-width: 580px) 100vw, 580px\" \/><\/p>\n<h3>El fuego tambi\u00e9n oblig\u00f3 a detener la refiner\u00eda Aconcagua, la segunda m\u00e1s grande del pa\u00eds, ubicada a unos 15 kil\u00f3metros al norte de la ciudad costera Vi\u00f1a del Mar, fuertemente afectada por los incendios.<\/h3>\n<h3>El a\u00f1o pasado, potenciados por una ola de calor r\u00e9cord, los incendios dejaron unos 27 fallecidos y afectaron a m\u00e1s de 400.000 hect\u00e1reas en todo Chile.<\/h3>\n<p>&nbsp;<\/p>\n<p>&nbsp;<\/p>\n<p>&nbsp;<\/p>\n","protected":false},"excerpt":{"rendered":"<p>La cifra de fallecidos por los incendios forestales en Chile subi\u00f3 a 99, informaron el&#8230;<\/p>\n","protected":false},"author":1,"featured_media":11166,"comment_status":"closed","ping_status":"closed","sticky":false,"template":"","format":"standard","meta":{"footnotes":""},"categories":[5],"tags":[],"class_list":["post-11165","post","type-post","status-publish","format-standard","has-post-thumbnail","hentry","category-nacionales-internacionales"],"yoast_head":"<!-- This site is optimized with the Yoast SEO plugin v26.1.1 - https:\/\/yoast.com\/wordpress\/plugins\/seo\/ -->\n<title>LA CIFRA DE FALLECIDOS POR LOS INCENDIOS EN CHILE ES DE CASI UN CENTENAR - Apuntes de San Luis<\/title>\n<meta name=\"robots\" content=\"index, follow, max-snippet:-1, max-image-preview:large, max-video-preview:-1\" \/>\n<link rel=\"canonical\" href=\"https:\/\/apuntesdesanluis.com\/index.php\/2024\/02\/04\/la-cifra-de-fallecidos-por-los-incendios-en-chile-es-de-casi-un-centenar\/\" \/>\n<meta property=\"og:locale\" content=\"es_ES\" \/>\n<meta property=\"og:type\" content=\"article\" \/>\n<meta property=\"og:title\" content=\"LA CIFRA DE FALLECIDOS POR LOS INCENDIOS EN CHILE ES DE CASI UN CENTENAR - Apuntes de San Luis\" \/>\n<meta property=\"og:description\" content=\"La cifra de fallecidos por los incendios forestales en Chile subi\u00f3 a 99, informaron el...\" \/>\n<meta property=\"og:url\" content=\"https:\/\/apuntesdesanluis.com\/index.php\/2024\/02\/04\/la-cifra-de-fallecidos-por-los-incendios-en-chile-es-de-casi-un-centenar\/\" \/>\n<meta property=\"og:site_name\" content=\"Apuntes de San Luis\" \/>\n<meta property=\"article:published_time\" content=\"2024-02-04T22:28:27+00:00\" \/>\n<meta property=\"og:image\" content=\"https:\/\/apuntesdesanluis.com\/wp-content\/uploads\/2024\/02\/AUTOS-QUEMADOS.jpg\" \/>\n\t<meta property=\"og:image:width\" content=\"987\" \/>\n\t<meta property=\"og:image:height\" content=\"555\" \/>\n\t<meta property=\"og:image:type\" content=\"image\/jpeg\" \/>\n<meta name=\"author\" content=\"apuntesdesanluis.com\" \/>\n<meta name=\"twitter:card\" content=\"summary_large_image\" \/>\n<meta name=\"twitter:label1\" content=\"Escrito por\" \/>\n\t<meta name=\"twitter:data1\" content=\"apuntesdesanluis.com\" \/>\n\t<meta name=\"twitter:label2\" content=\"Tiempo de lectura\" \/>\n\t<meta name=\"twitter:data2\" content=\"2 minutos\" \/>\n<script type=\"application\/ld+json\" class=\"yoast-schema-graph\">{\"@context\":\"https:\/\/schema.org\",\"@graph\":[{\"@type\":\"Article\",\"@id\":\"https:\/\/apuntesdesanluis.com\/index.php\/2024\/02\/04\/la-cifra-de-fallecidos-por-los-incendios-en-chile-es-de-casi-un-centenar\/#article\",\"isPartOf\":{\"@id\":\"https:\/\/apuntesdesanluis.com\/index.php\/2024\/02\/04\/la-cifra-de-fallecidos-por-los-incendios-en-chile-es-de-casi-un-centenar\/\"},\"author\":{\"name\":\"apuntesdesanluis.com\",\"@id\":\"https:\/\/apuntesdesanluis.com\/#\/schema\/person\/b55151d52296fcce64d1a72538a70b90\"},\"headline\":\"LA CIFRA DE FALLECIDOS POR LOS INCENDIOS EN CHILE ES DE CASI UN CENTENAR\",\"datePublished\":\"2024-02-04T22:28:27+00:00\",\"mainEntityOfPage\":{\"@id\":\"https:\/\/apuntesdesanluis.com\/index.php\/2024\/02\/04\/la-cifra-de-fallecidos-por-los-incendios-en-chile-es-de-casi-un-centenar\/\"},\"wordCount\":329,\"publisher\":{\"@id\":\"https:\/\/apuntesdesanluis.com\/#\/schema\/person\/b55151d52296fcce64d1a72538a70b90\"},\"image\":{\"@id\":\"https:\/\/apuntesdesanluis.com\/index.php\/2024\/02\/04\/la-cifra-de-fallecidos-por-los-incendios-en-chile-es-de-casi-un-centenar\/#primaryimage\"},\"thumbnailUrl\":\"https:\/\/apuntesdesanluis.com\/wp-content\/uploads\/2024\/02\/AUTOS-QUEMADOS.jpg\",\"articleSection\":[\"Nacionales\/Internacionales\"],\"inLanguage\":\"es-AR\"},{\"@type\":\"WebPage\",\"@id\":\"https:\/\/apuntesdesanluis.com\/index.php\/2024\/02\/04\/la-cifra-de-fallecidos-por-los-incendios-en-chile-es-de-casi-un-centenar\/\",\"url\":\"https:\/\/apuntesdesanluis.com\/index.php\/2024\/02\/04\/la-cifra-de-fallecidos-por-los-incendios-en-chile-es-de-casi-un-centenar\/\",\"name\":\"LA CIFRA DE FALLECIDOS POR LOS INCENDIOS EN CHILE ES DE CASI UN CENTENAR - Apuntes de San Luis\",\"isPartOf\":{\"@id\":\"https:\/\/apuntesdesanluis.com\/#website\"},\"primaryImageOfPage\":{\"@id\":\"https:\/\/apuntesdesanluis.com\/index.php\/2024\/02\/04\/la-cifra-de-fallecidos-por-los-incendios-en-chile-es-de-casi-un-centenar\/#primaryimage\"},\"image\":{\"@id\":\"https:\/\/apuntesdesanluis.com\/index.php\/2024\/02\/04\/la-cifra-de-fallecidos-por-los-incendios-en-chile-es-de-casi-un-centenar\/#primaryimage\"},\"thumbnailUrl\":\"https:\/\/apuntesdesanluis.com\/wp-content\/uploads\/2024\/02\/AUTOS-QUEMADOS.jpg\",\"datePublished\":\"2024-02-04T22:28:27+00:00\",\"breadcrumb\":{\"@id\":\"https:\/\/apuntesdesanluis.com\/index.php\/2024\/02\/04\/la-cifra-de-fallecidos-por-los-incendios-en-chile-es-de-casi-un-centenar\/#breadcrumb\"},\"inLanguage\":\"es-AR\",\"potentialAction\":[{\"@type\":\"ReadAction\",\"target\":[\"https:\/\/apuntesdesanluis.com\/index.php\/2024\/02\/04\/la-cifra-de-fallecidos-por-los-incendios-en-chile-es-de-casi-un-centenar\/\"]}]},{\"@type\":\"ImageObject\",\"inLanguage\":\"es-AR\",\"@id\":\"https:\/\/apuntesdesanluis.com\/index.php\/2024\/02\/04\/la-cifra-de-fallecidos-por-los-incendios-en-chile-es-de-casi-un-centenar\/#primaryimage\",\"url\":\"https:\/\/apuntesdesanluis.com\/wp-content\/uploads\/2024\/02\/AUTOS-QUEMADOS.jpg\",\"contentUrl\":\"https:\/\/apuntesdesanluis.com\/wp-content\/uploads\/2024\/02\/AUTOS-QUEMADOS.jpg\",\"width\":987,\"height\":555},{\"@type\":\"BreadcrumbList\",\"@id\":\"https:\/\/apuntesdesanluis.com\/index.php\/2024\/02\/04\/la-cifra-de-fallecidos-por-los-incendios-en-chile-es-de-casi-un-centenar\/#breadcrumb\",\"itemListElement\":[{\"@type\":\"ListItem\",\"position\":1,\"name\":\"Inicio\",\"item\":\"https:\/\/apuntesdesanluis.com\/\"},{\"@type\":\"ListItem\",\"position\":2,\"name\":\"LA CIFRA DE FALLECIDOS POR LOS INCENDIOS EN CHILE ES DE CASI UN CENTENAR\"}]},{\"@type\":\"WebSite\",\"@id\":\"https:\/\/apuntesdesanluis.com\/#website\",\"url\":\"https:\/\/apuntesdesanluis.com\/\",\"name\":\"Apuntes de San Luis\",\"description\":\"\",\"publisher\":{\"@id\":\"https:\/\/apuntesdesanluis.com\/#\/schema\/person\/b55151d52296fcce64d1a72538a70b90\"},\"potentialAction\":[{\"@type\":\"SearchAction\",\"target\":{\"@type\":\"EntryPoint\",\"urlTemplate\":\"https:\/\/apuntesdesanluis.com\/?s={search_term_string}\"},\"query-input\":{\"@type\":\"PropertyValueSpecification\",\"valueRequired\":true,\"valueName\":\"search_term_string\"}}],\"inLanguage\":\"es-AR\"},{\"@type\":[\"Person\",\"Organization\"],\"@id\":\"https:\/\/apuntesdesanluis.com\/#\/schema\/person\/b55151d52296fcce64d1a72538a70b90\",\"name\":\"apuntesdesanluis.com\",\"image\":{\"@type\":\"ImageObject\",\"inLanguage\":\"es-AR\",\"@id\":\"https:\/\/apuntesdesanluis.com\/#\/schema\/person\/image\/\",\"url\":\"https:\/\/apuntesdesanluis.com\/wp-content\/uploads\/2023\/07\/cropped-apuntesdesanluis.png\",\"contentUrl\":\"https:\/\/apuntesdesanluis.com\/wp-content\/uploads\/2023\/07\/cropped-apuntesdesanluis.png\",\"width\":450,\"height\":112,\"caption\":\"apuntesdesanluis.com\"},\"logo\":{\"@id\":\"https:\/\/apuntesdesanluis.com\/#\/schema\/person\/image\/\"},\"sameAs\":[\"https:\/\/apuntesdesanluis.com\"],\"url\":\"https:\/\/apuntesdesanluis.com\/index.php\/author\/apuntesdesanluis-com\/\"}]}<\/script>\n<!-- \/ Yoast SEO plugin. -->","yoast_head_json":{"title":"LA CIFRA DE FALLECIDOS POR LOS INCENDIOS EN CHILE ES DE CASI UN CENTENAR - Apuntes de San Luis","robots":{"index":"index","follow":"follow","max-snippet":"max-snippet:-1","max-image-preview":"max-image-preview:large","max-video-preview":"max-video-preview:-1"},"canonical":"https:\/\/apuntesdesanluis.com\/index.php\/2024\/02\/04\/la-cifra-de-fallecidos-por-los-incendios-en-chile-es-de-casi-un-centenar\/","og_locale":"es_ES","og_type":"article","og_title":"LA CIFRA DE FALLECIDOS POR LOS INCENDIOS EN CHILE ES DE CASI UN CENTENAR - Apuntes de San Luis","og_description":"La cifra de fallecidos por los incendios forestales en Chile subi\u00f3 a 99, informaron el...","og_url":"https:\/\/apuntesdesanluis.com\/index.php\/2024\/02\/04\/la-cifra-de-fallecidos-por-los-incendios-en-chile-es-de-casi-un-centenar\/","og_site_name":"Apuntes de San Luis","article_published_time":"2024-02-04T22:28:27+00:00","og_image":[{"width":987,"height":555,"url":"https:\/\/apuntesdesanluis.com\/wp-content\/uploads\/2024\/02\/AUTOS-QUEMADOS.jpg","type":"image\/jpeg"}],"author":"apuntesdesanluis.com","twitter_card":"summary_large_image","twitter_misc":{"Escrito por":"apuntesdesanluis.com","Tiempo de lectura":"2 minutos"},"schema":{"@context":"https:\/\/schema.org","@graph":[{"@type":"Article","@id":"https:\/\/apuntesdesanluis.com\/index.php\/2024\/02\/04\/la-cifra-de-fallecidos-por-los-incendios-en-chile-es-de-casi-un-centenar\/#article","isPartOf":{"@id":"https:\/\/apuntesdesanluis.com\/index.php\/2024\/02\/04\/la-cifra-de-fallecidos-por-los-incendios-en-chile-es-de-casi-un-centenar\/"},"author":{"name":"apuntesdesanluis.com","@id":"https:\/\/apuntesdesanluis.com\/#\/schema\/person\/b55151d52296fcce64d1a72538a70b90"},"headline":"LA CIFRA DE FALLECIDOS POR LOS INCENDIOS EN CHILE ES DE CASI UN CENTENAR","datePublished":"2024-02-04T22:28:27+00:00","mainEntityOfPage":{"@id":"https:\/\/apuntesdesanluis.com\/index.php\/2024\/02\/04\/la-cifra-de-fallecidos-por-los-incendios-en-chile-es-de-casi-un-centenar\/"},"wordCount":329,"publisher":{"@id":"https:\/\/apuntesdesanluis.com\/#\/schema\/person\/b55151d52296fcce64d1a72538a70b90"},"image":{"@id":"https:\/\/apuntesdesanluis.com\/index.php\/2024\/02\/04\/la-cifra-de-fallecidos-por-los-incendios-en-chile-es-de-casi-un-centenar\/#primaryimage"},"thumbnailUrl":"https:\/\/apuntesdesanluis.com\/wp-content\/uploads\/2024\/02\/AUTOS-QUEMADOS.jpg","articleSection":["Nacionales\/Internacionales"],"inLanguage":"es-AR"},{"@type":"WebPage","@id":"https:\/\/apuntesdesanluis.com\/index.php\/2024\/02\/04\/la-cifra-de-fallecidos-por-los-incendios-en-chile-es-de-casi-un-centenar\/","url":"https:\/\/apuntesdesanluis.com\/index.php\/2024\/02\/04\/la-cifra-de-fallecidos-por-los-incendios-en-chile-es-de-casi-un-centenar\/","name":"LA CIFRA DE FALLECIDOS POR LOS INCENDIOS EN CHILE ES DE CASI UN CENTENAR - Apuntes de San Luis","isPartOf":{"@id":"https:\/\/apuntesdesanluis.com\/#website"},"primaryImageOfPage":{"@id":"https:\/\/apuntesdesanluis.com\/index.php\/2024\/02\/04\/la-cifra-de-fallecidos-por-los-incendios-en-chile-es-de-casi-un-centenar\/#primaryimage"},"image":{"@id":"https:\/\/apuntesdesanluis.com\/index.php\/2024\/02\/04\/la-cifra-de-fallecidos-por-los-incendios-en-chile-es-de-casi-un-centenar\/#primaryimage"},"thumbnailUrl":"https:\/\/apuntesdesanluis.com\/wp-content\/uploads\/2024\/02\/AUTOS-QUEMADOS.jpg","datePublished":"2024-02-04T22:28:27+00:00","breadcrumb":{"@id":"https:\/\/apuntesdesanluis.com\/index.php\/2024\/02\/04\/la-cifra-de-fallecidos-por-los-incendios-en-chile-es-de-casi-un-centenar\/#breadcrumb"},"inLanguage":"es-AR","potentialAction":[{"@type":"ReadAction","target":["https:\/\/apuntesdesanluis.com\/index.php\/2024\/02\/04\/la-cifra-de-fallecidos-por-los-incendios-en-chile-es-de-casi-un-centenar\/"]}]},{"@type":"ImageObject","inLanguage":"es-AR","@id":"https:\/\/apuntesdesanluis.com\/index.php\/2024\/02\/04\/la-cifra-de-fallecidos-por-los-incendios-en-chile-es-de-casi-un-centenar\/#primaryimage","url":"https:\/\/apuntesdesanluis.com\/wp-content\/uploads\/2024\/02\/AUTOS-QUEMADOS.jpg","contentUrl":"https:\/\/apuntesdesanluis.com\/wp-content\/uploads\/2024\/02\/AUTOS-QUEMADOS.jpg","width":987,"height":555},{"@type":"BreadcrumbList","@id":"https:\/\/apuntesdesanluis.com\/index.php\/2024\/02\/04\/la-cifra-de-fallecidos-por-los-incendios-en-chile-es-de-casi-un-centenar\/#breadcrumb","itemListElement":[{"@type":"ListItem","position":1,"name":"Inicio","item":"https:\/\/apuntesdesanluis.com\/"},{"@type":"ListItem","position":2,"name":"LA CIFRA DE FALLECIDOS POR LOS INCENDIOS EN CHILE ES DE CASI UN CENTENAR"}]},{"@type":"WebSite","@id":"https:\/\/apuntesdesanluis.com\/#website","url":"https:\/\/apuntesdesanluis.com\/","name":"Apuntes de San Luis","description":"","publisher":{"@id":"https:\/\/apuntesdesanluis.com\/#\/schema\/person\/b55151d52296fcce64d1a72538a70b90"},"potentialAction":[{"@type":"SearchAction","target":{"@type":"EntryPoint","urlTemplate":"https:\/\/apuntesdesanluis.com\/?s={search_term_string}"},"query-input":{"@type":"PropertyValueSpecification","valueRequired":true,"valueName":"search_term_string"}}],"inLanguage":"es-AR"},{"@type":["Person","Organization"],"@id":"https:\/\/apuntesdesanluis.com\/#\/schema\/person\/b55151d52296fcce64d1a72538a70b90","name":"apuntesdesanluis.com","image":{"@type":"ImageObject","inLanguage":"es-AR","@id":"https:\/\/apuntesdesanluis.com\/#\/schema\/person\/image\/","url":"https:\/\/apuntesdesanluis.com\/wp-content\/uploads\/2023\/07\/cropped-apuntesdesanluis.png","contentUrl":"https:\/\/apuntesdesanluis.com\/wp-content\/uploads\/2023\/07\/cropped-apuntesdesanluis.png","width":450,"height":112,"caption":"apuntesdesanluis.com"},"logo":{"@id":"https:\/\/apuntesdesanluis.com\/#\/schema\/person\/image\/"},"sameAs":["https:\/\/apuntesdesanluis.com"],"url":"https:\/\/apuntesdesanluis.com\/index.php\/author\/apuntesdesanluis-com\/"}]}},"featured_image_urls":{"full":["https:\/\/apuntesdesanluis.com\/wp-content\/uploads\/2024\/02\/AUTOS-QUEMADOS.jpg",987,555,false],"thumbnail":["https:\/\/apuntesdesanluis.com\/wp-content\/uploads\/2024\/02\/AUTOS-QUEMADOS-150x150.jpg",150,150,true],"medium":["https:\/\/apuntesdesanluis.com\/wp-content\/uploads\/2024\/02\/AUTOS-QUEMADOS-300x169.jpg",300,169,true],"medium_large":["https:\/\/apuntesdesanluis.com\/wp-content\/uploads\/2024\/02\/AUTOS-QUEMADOS-768x432.jpg",640,360,true],"large":["https:\/\/apuntesdesanluis.com\/wp-content\/uploads\/2024\/02\/AUTOS-QUEMADOS.jpg",640,360,false],"1536x1536":["https:\/\/apuntesdesanluis.com\/wp-content\/uploads\/2024\/02\/AUTOS-QUEMADOS.jpg",987,555,false],"2048x2048":["https:\/\/apuntesdesanluis.com\/wp-content\/uploads\/2024\/02\/AUTOS-QUEMADOS.jpg",987,555,false],"newsever-slider-full":["https:\/\/apuntesdesanluis.com\/wp-content\/uploads\/2024\/02\/AUTOS-QUEMADOS.jpg",987,555,false],"newsever-featured":["https:\/\/apuntesdesanluis.com\/wp-content\/uploads\/2024\/02\/AUTOS-QUEMADOS.jpg",987,555,false],"newsever-medium":["https:\/\/apuntesdesanluis.com\/wp-content\/uploads\/2024\/02\/AUTOS-QUEMADOS-720x475.jpg",720,475,true]},"author_info":{"display_name":"apuntesdesanluis.com","author_link":"https:\/\/apuntesdesanluis.com\/index.php\/author\/apuntesdesanluis-com\/"},"category_info":"<a href=\"https:\/\/apuntesdesanluis.com\/index.php\/category\/nacionales-internacionales\/\" rel=\"category tag\">Nacionales\/Internacionales<\/a>","tag_info":"Nacionales\/Internacionales","comment_count":"0","_links":{"self":[{"href":"https:\/\/apuntesdesanluis.com\/index.php\/wp-json\/wp\/v2\/posts\/11165","targetHints":{"allow":["GET"]}}],"collection":[{"href":"https:\/\/apuntesdesanluis.com\/index.php\/wp-json\/wp\/v2\/posts"}],"about":[{"href":"https:\/\/apuntesdesanluis.com\/index.php\/wp-json\/wp\/v2\/types\/post"}],"author":[{"embeddable":true,"href":"https:\/\/apuntesdesanluis.com\/index.php\/wp-json\/wp\/v2\/users\/1"}],"replies":[{"embeddable":true,"href":"https:\/\/apuntesdesanluis.com\/index.php\/wp-json\/wp\/v2\/comments?post=11165"}],"version-history":[{"count":1,"href":"https:\/\/apuntesdesanluis.com\/index.php\/wp-json\/wp\/v2\/posts\/11165\/revisions"}],"predecessor-version":[{"id":11169,"href":"https:\/\/apuntesdesanluis.com\/index.php\/wp-json\/wp\/v2\/posts\/11165\/revisions\/11169"}],"wp:featuredmedia":[{"embeddable":true,"href":"https:\/\/apuntesdesanluis.com\/index.php\/wp-json\/wp\/v2\/media\/11166"}],"wp:attachment":[{"href":"https:\/\/apuntesdesanluis.com\/index.php\/wp-json\/wp\/v2\/media?parent=11165"}],"wp:term":[{"taxonomy":"category","embeddable":true,"href":"https:\/\/apuntesdesanluis.com\/index.php\/wp-json\/wp\/v2\/categories?post=11165"},{"taxonomy":"post_tag","embeddable":true,"href":"https:\/\/apuntesdesanluis.com\/index.php\/wp-json\/wp\/v2\/tags?post=11165"}],"curies":[{"name":"wp","href":"https:\/\/api.w.org\/{rel}","templated":true}]}}