{"id":11186,"date":"2024-02-04T20:36:05","date_gmt":"2024-02-04T23:36:05","guid":{"rendered":"https:\/\/apuntesdesanluis.com\/?p=11186"},"modified":"2024-02-04T20:38:26","modified_gmt":"2024-02-04T23:38:26","slug":"se-realizo-la-primera-jornada-para-el-desarrollo-productivo-y-de-servicios-del-sector-privado","status":"publish","type":"post","link":"https:\/\/apuntesdesanluis.com\/index.php\/2024\/02\/04\/se-realizo-la-primera-jornada-para-el-desarrollo-productivo-y-de-servicios-del-sector-privado\/","title":{"rendered":"SE REALIZ\u00d3 LA PRIMERA JORNADA PARA EL DESARROLLO PRODUCTIVO Y DE SERVICIOS DEL SECTOR PRIVADO"},"content":{"rendered":"<h3>El gobernador, <strong>Claudio Poggi<\/strong>, cumpli\u00f3 el s\u00e1bado otra intensa agenda de trabajo, esta vez, en el sur de San Luis. A pocas horas de haber visitado Luj\u00e1n y Quines, se traslad\u00f3 a primera hora hasta Uni\u00f3n, donde encabez\u00f3 la <strong>1\u00b0 Jornada para el Desarrollo Productivo y de Servicios del Sector Privado<\/strong>.<\/h3>\n<h3>Se trata del primer encuentro de un total de siete que tienen como objetivo fortalecer al sector privado a partir de un fuerte est\u00edmulo de parte del Estado.<\/h3>\n<h3>Poggi lleg\u00f3 hasta el Colegio N\u00b022\u201d Juan Manuel Estrada\u201d y frente\u00a0a representantes de la actividad privada, productores, comerciantes, industriales, agroindustriales, emprendedores y diferentes \u00e1reas de la actividad econ\u00f3mica privada de San Luis, dej\u00f3 un mensaje contundente y cargado de ilusi\u00f3n para salir de forma conjunta de la decadencia que sembr\u00f3 la gesti\u00f3n anterior, indic\u00f3 la Agencia de Noticias San Luis.<\/h3>\n<h3>El gobernador record\u00f3 en sus palabras iniciales el inicio y la conformaci\u00f3n del Consejo Productivo Provincial y sus principales l\u00edneas de acci\u00f3n que tienen como fin \u201cgenerar las condiciones para que el sector privado de San Luis crezca y genere puestos de trabajo\u201d.<\/h3>\n<h3>Pero fue m\u00e1s all\u00e1 y remarc\u00f3: \u201cHemos decidido hacer la primera reuni\u00f3n de trabajo en \u2018La Llanura Sur\u2019, aqu\u00ed en el Departamento Dupuy, porque el sur tambi\u00e9n existe\u201d.<\/h3>\n<h3><img fetchpriority=\"high\" decoding=\"async\" class=\"wp-image-11188 aligncenter\" src=\"https:\/\/apuntesdesanluis.com\/wp-content\/uploads\/2024\/02\/ENCUENTRO-2-300x191.png\" alt=\"\" width=\"652\" height=\"415\" srcset=\"https:\/\/apuntesdesanluis.com\/wp-content\/uploads\/2024\/02\/ENCUENTRO-2-300x191.png 300w, https:\/\/apuntesdesanluis.com\/wp-content\/uploads\/2024\/02\/ENCUENTRO-2.png 600w\" sizes=\"(max-width: 652px) 100vw, 652px\" \/><\/h3>\n<h3>\u201cEl objetivo principal de esta mesa regional, de las mesas sectoriales que ustedes han conformado, es generar las condiciones para que el sector privado de la regi\u00f3n, de la regi\u00f3n de \u2018La Llanura Sur\u2019, pueda crecer y por ah\u00ed pueda generar nuevos puestos de trabajo\u201d, subray\u00f3 ante la nutrida presencia de referentes del sector.<\/h3>\n<h3>El Primer mandatario hizo una radiograf\u00eda de lo encontrado en el Estado cuando asumi\u00f3 y grafic\u00f3: \u201cEl sector p\u00fablico de San Luis en los \u00faltimos ocho a\u00f1os se triplic\u00f3. Cuando la poblaci\u00f3n aument\u00f3 no m\u00e1s de un 10% en ocho, nueve a\u00f1os, el sector p\u00fablico se triplic\u00f3 y el sector privado se achic\u00f3. Esa es nuestra realidad, no tenemos futuro as\u00ed, no tenemos otro camino que generar las condiciones con creatividad, con inteligencia, con ideas y en conjunto para que el sector privado vuelva a crecer y genere nuevos puestos de trabajo\u201d, dijo.<\/h3>\n<h3>\u201cHemos tenido que desde el 10 de diciembre tomar medidas muy fuertes que tienen que ver con lo que corresponde, que es un Estado m\u00e1s austero, un Estado que elimine los gastos improductivos, superfluos, que elimine la corrupci\u00f3n, que se viva la plata. La plata que le falta a San Luis se fue por la corrupci\u00f3n\u201d, record\u00f3.<\/h3>\n<h3>\u201cHoy, aqu\u00ed, hacemos la primera reuni\u00f3n de trabajo en el marco de lo que se defini\u00f3 en el Consejo Productivo Provincial de ir creando mesas sectoriales y regionales. Tenemos una provincia rica productivamente hablando, en todas sus variables econ\u00f3micas, tenemos recursos humanos, hay que poner sumar planes y proyectos para desarrollarla y, por ende, crear oportunidades de trabajo para nosotros y para nuestros j\u00f3venes\u201d, dijo el Gobernador.<\/h3>\n<h3>En su discurso, que se extendi\u00f3 por casi una hora, el Gobernador se refiri\u00f3 a cada una de los temas que se analizar\u00e1n en las mesas de trabajo e insisti\u00f3 en la necesidad de coordinar esfuerzos para generar acciones en cada rinc\u00f3n de la provincia y desde el Consejo Productivo.<\/h3>\n<h3>\u201cHoy estamos en una situaci\u00f3n, desde la parte estatal financiera, muy dif\u00edcil. La verdad es que nunca esper\u00e9 encontrar esto que encontr\u00e9. Pero vamos a salir. Eso no nos puede paralizar en c\u00f3mo generar las condiciones para que el sector privado crezca. Porque si crece el sector privado, crecemos todos. Se mejora la calidad de vida en materia de educaci\u00f3n, salud y seguridad, por ejemplo. Y hay pol\u00edticas activas que se pueden hacer. M\u00e1s electrificaci\u00f3n rural, m\u00e1s gasoductos, m\u00e1s acceso a la vivienda para nuestros trabajadores, para nuestros hijos. M\u00e1s est\u00edmulos a la producci\u00f3n. Todo eso cuando tengamos las finanzas en orden. Pero las vamos a tener, las vamos a ordenar. Voy a venir hasta el sur cuantas veces sea necesario. Espero que trabajemos juntos\u201d, indic\u00f3 el gobernador.<\/h3>\n<h3><strong>CARACTER\u00cdSTICAS DEL ENCUENTRO<\/strong><\/h3>\n<h3>La actividad inici\u00f3 con la conformaci\u00f3n de mesas sectoriales destinadas a recabar informaci\u00f3n relevante acerca de los problemas que aquejan al sector productivo, buscando conectar a los protagonistas entre s\u00ed, en busca de las oportunidades de desarrollo que se encuentran en cada regi\u00f3n, en este caso el departamento Dupuy.<\/h3>\n<h3><img decoding=\"async\" class=\"wp-image-11189 aligncenter\" src=\"https:\/\/apuntesdesanluis.com\/wp-content\/uploads\/2024\/02\/ENCUENTRO-3-300x195.png\" alt=\"\" width=\"612\" height=\"398\" srcset=\"https:\/\/apuntesdesanluis.com\/wp-content\/uploads\/2024\/02\/ENCUENTRO-3-300x195.png 300w, https:\/\/apuntesdesanluis.com\/wp-content\/uploads\/2024\/02\/ENCUENTRO-3.png 627w\" sizes=\"(max-width: 612px) 100vw, 612px\" \/><\/h3>\n<h3>Los temas que se tratar\u00e1n en las mesas sectoriales ser\u00e1n \u2018Caracterizaci\u00f3n del sistema ganadero del sur provincial y oportunidades de desarrollo productivo\u2019; \u2018C\u00f3mo mejorar las ganancias de mi negocio\u2019, \u2018T\u00e9cnicas de Negociaci\u00f3n\u2019, \u2018La oportunidad del Turismo de Estancias y el Turismo Rural\u2019, \u2018Econom\u00eda Circular \u2013 Nuevas oportunidades para ganar\u2019 y \u2018Prevenci\u00f3n de incendios, conservaci\u00f3n y recuperaci\u00f3n de \u00e1reas afectadas\u2019.<\/h3>\n<h3>La actividad concluir\u00e1 por la tarde con la presentaci\u00f3n de las conclusiones de las mesas regionales y sectoriales de trabajo al Gobernador. Habr\u00e1 un encuentro de promoci\u00f3n de Negocios, una exposici\u00f3n de productos y servicios para el sector privado, una ronda de capacitaciones y el encuentro finalizar\u00e1 con la una Feria Gastron\u00f3mica Regional.<\/h3>\n<p>&nbsp;<\/p>\n<p>&nbsp;<\/p>\n<p>&nbsp;<\/p>\n<p>&nbsp;<\/p>\n<p>&nbsp;<\/p>\n<p>&nbsp;<\/p>\n<p>&nbsp;<\/p>\n<p>&nbsp;<\/p>\n<p>&nbsp;<\/p>\n","protected":false},"excerpt":{"rendered":"<p>El gobernador, Claudio Poggi, cumpli\u00f3 el s\u00e1bado otra intensa agenda de trabajo, esta vez, en&#8230;<\/p>\n","protected":false},"author":1,"featured_media":11187,"comment_status":"closed","ping_status":"closed","sticky":false,"template":"","format":"standard","meta":{"footnotes":""},"categories":[6],"tags":[],"class_list":["post-11186","post","type-post","status-publish","format-standard","has-post-thumbnail","hentry","category-ciudad-provincia"],"yoast_head":"<!-- This site is optimized with the Yoast SEO plugin v26.1.1 - https:\/\/yoast.com\/wordpress\/plugins\/seo\/ -->\n<title>SE REALIZ\u00d3 LA PRIMERA JORNADA PARA EL DESARROLLO PRODUCTIVO Y DE SERVICIOS DEL SECTOR PRIVADO - Apuntes de San Luis<\/title>\n<meta name=\"robots\" content=\"index, follow, max-snippet:-1, max-image-preview:large, max-video-preview:-1\" \/>\n<link rel=\"canonical\" href=\"https:\/\/apuntesdesanluis.com\/index.php\/2024\/02\/04\/se-realizo-la-primera-jornada-para-el-desarrollo-productivo-y-de-servicios-del-sector-privado\/\" \/>\n<meta property=\"og:locale\" content=\"es_ES\" \/>\n<meta property=\"og:type\" content=\"article\" \/>\n<meta property=\"og:title\" content=\"SE REALIZ\u00d3 LA PRIMERA JORNADA PARA EL DESARROLLO PRODUCTIVO Y DE SERVICIOS DEL SECTOR PRIVADO - Apuntes de San Luis\" \/>\n<meta property=\"og:description\" content=\"El gobernador, Claudio Poggi, cumpli\u00f3 el s\u00e1bado otra intensa agenda de trabajo, esta vez, en...\" \/>\n<meta property=\"og:url\" content=\"https:\/\/apuntesdesanluis.com\/index.php\/2024\/02\/04\/se-realizo-la-primera-jornada-para-el-desarrollo-productivo-y-de-servicios-del-sector-privado\/\" \/>\n<meta property=\"og:site_name\" content=\"Apuntes de San Luis\" \/>\n<meta property=\"article:published_time\" content=\"2024-02-04T23:36:05+00:00\" \/>\n<meta property=\"article:modified_time\" content=\"2024-02-04T23:38:26+00:00\" \/>\n<meta property=\"og:image\" content=\"https:\/\/apuntesdesanluis.com\/wp-content\/uploads\/2024\/02\/ENCUENTRO-1.png\" \/>\n\t<meta property=\"og:image:width\" content=\"600\" \/>\n\t<meta property=\"og:image:height\" content=\"371\" \/>\n\t<meta property=\"og:image:type\" content=\"image\/png\" \/>\n<meta name=\"author\" content=\"apuntesdesanluis.com\" \/>\n<meta name=\"twitter:card\" content=\"summary_large_image\" \/>\n<meta name=\"twitter:label1\" content=\"Escrito por\" \/>\n\t<meta name=\"twitter:data1\" content=\"apuntesdesanluis.com\" \/>\n\t<meta name=\"twitter:label2\" content=\"Tiempo de lectura\" \/>\n\t<meta name=\"twitter:data2\" content=\"5 minutos\" \/>\n<script type=\"application\/ld+json\" class=\"yoast-schema-graph\">{\"@context\":\"https:\/\/schema.org\",\"@graph\":[{\"@type\":\"Article\",\"@id\":\"https:\/\/apuntesdesanluis.com\/index.php\/2024\/02\/04\/se-realizo-la-primera-jornada-para-el-desarrollo-productivo-y-de-servicios-del-sector-privado\/#article\",\"isPartOf\":{\"@id\":\"https:\/\/apuntesdesanluis.com\/index.php\/2024\/02\/04\/se-realizo-la-primera-jornada-para-el-desarrollo-productivo-y-de-servicios-del-sector-privado\/\"},\"author\":{\"name\":\"apuntesdesanluis.com\",\"@id\":\"https:\/\/apuntesdesanluis.com\/#\/schema\/person\/b55151d52296fcce64d1a72538a70b90\"},\"headline\":\"SE REALIZ\u00d3 LA PRIMERA JORNADA PARA EL DESARROLLO PRODUCTIVO Y DE SERVICIOS DEL SECTOR PRIVADO\",\"datePublished\":\"2024-02-04T23:36:05+00:00\",\"dateModified\":\"2024-02-04T23:38:26+00:00\",\"mainEntityOfPage\":{\"@id\":\"https:\/\/apuntesdesanluis.com\/index.php\/2024\/02\/04\/se-realizo-la-primera-jornada-para-el-desarrollo-productivo-y-de-servicios-del-sector-privado\/\"},\"wordCount\":904,\"publisher\":{\"@id\":\"https:\/\/apuntesdesanluis.com\/#\/schema\/person\/b55151d52296fcce64d1a72538a70b90\"},\"image\":{\"@id\":\"https:\/\/apuntesdesanluis.com\/index.php\/2024\/02\/04\/se-realizo-la-primera-jornada-para-el-desarrollo-productivo-y-de-servicios-del-sector-privado\/#primaryimage\"},\"thumbnailUrl\":\"https:\/\/apuntesdesanluis.com\/wp-content\/uploads\/2024\/02\/ENCUENTRO-1.png\",\"articleSection\":[\"Ciudad\/Provincia\"],\"inLanguage\":\"es-AR\"},{\"@type\":\"WebPage\",\"@id\":\"https:\/\/apuntesdesanluis.com\/index.php\/2024\/02\/04\/se-realizo-la-primera-jornada-para-el-desarrollo-productivo-y-de-servicios-del-sector-privado\/\",\"url\":\"https:\/\/apuntesdesanluis.com\/index.php\/2024\/02\/04\/se-realizo-la-primera-jornada-para-el-desarrollo-productivo-y-de-servicios-del-sector-privado\/\",\"name\":\"SE REALIZ\u00d3 LA PRIMERA JORNADA PARA EL DESARROLLO PRODUCTIVO Y DE SERVICIOS DEL SECTOR PRIVADO - Apuntes de San Luis\",\"isPartOf\":{\"@id\":\"https:\/\/apuntesdesanluis.com\/#website\"},\"primaryImageOfPage\":{\"@id\":\"https:\/\/apuntesdesanluis.com\/index.php\/2024\/02\/04\/se-realizo-la-primera-jornada-para-el-desarrollo-productivo-y-de-servicios-del-sector-privado\/#primaryimage\"},\"image\":{\"@id\":\"https:\/\/apuntesdesanluis.com\/index.php\/2024\/02\/04\/se-realizo-la-primera-jornada-para-el-desarrollo-productivo-y-de-servicios-del-sector-privado\/#primaryimage\"},\"thumbnailUrl\":\"https:\/\/apuntesdesanluis.com\/wp-content\/uploads\/2024\/02\/ENCUENTRO-1.png\",\"datePublished\":\"2024-02-04T23:36:05+00:00\",\"dateModified\":\"2024-02-04T23:38:26+00:00\",\"breadcrumb\":{\"@id\":\"https:\/\/apuntesdesanluis.com\/index.php\/2024\/02\/04\/se-realizo-la-primera-jornada-para-el-desarrollo-productivo-y-de-servicios-del-sector-privado\/#breadcrumb\"},\"inLanguage\":\"es-AR\",\"potentialAction\":[{\"@type\":\"ReadAction\",\"target\":[\"https:\/\/apuntesdesanluis.com\/index.php\/2024\/02\/04\/se-realizo-la-primera-jornada-para-el-desarrollo-productivo-y-de-servicios-del-sector-privado\/\"]}]},{\"@type\":\"ImageObject\",\"inLanguage\":\"es-AR\",\"@id\":\"https:\/\/apuntesdesanluis.com\/index.php\/2024\/02\/04\/se-realizo-la-primera-jornada-para-el-desarrollo-productivo-y-de-servicios-del-sector-privado\/#primaryimage\",\"url\":\"https:\/\/apuntesdesanluis.com\/wp-content\/uploads\/2024\/02\/ENCUENTRO-1.png\",\"contentUrl\":\"https:\/\/apuntesdesanluis.com\/wp-content\/uploads\/2024\/02\/ENCUENTRO-1.png\",\"width\":600,\"height\":371},{\"@type\":\"BreadcrumbList\",\"@id\":\"https:\/\/apuntesdesanluis.com\/index.php\/2024\/02\/04\/se-realizo-la-primera-jornada-para-el-desarrollo-productivo-y-de-servicios-del-sector-privado\/#breadcrumb\",\"itemListElement\":[{\"@type\":\"ListItem\",\"position\":1,\"name\":\"Inicio\",\"item\":\"https:\/\/apuntesdesanluis.com\/\"},{\"@type\":\"ListItem\",\"position\":2,\"name\":\"SE REALIZ\u00d3 LA PRIMERA JORNADA PARA EL DESARROLLO PRODUCTIVO Y DE SERVICIOS DEL SECTOR PRIVADO\"}]},{\"@type\":\"WebSite\",\"@id\":\"https:\/\/apuntesdesanluis.com\/#website\",\"url\":\"https:\/\/apuntesdesanluis.com\/\",\"name\":\"Apuntes de San Luis\",\"description\":\"\",\"publisher\":{\"@id\":\"https:\/\/apuntesdesanluis.com\/#\/schema\/person\/b55151d52296fcce64d1a72538a70b90\"},\"potentialAction\":[{\"@type\":\"SearchAction\",\"target\":{\"@type\":\"EntryPoint\",\"urlTemplate\":\"https:\/\/apuntesdesanluis.com\/?s={search_term_string}\"},\"query-input\":{\"@type\":\"PropertyValueSpecification\",\"valueRequired\":true,\"valueName\":\"search_term_string\"}}],\"inLanguage\":\"es-AR\"},{\"@type\":[\"Person\",\"Organization\"],\"@id\":\"https:\/\/apuntesdesanluis.com\/#\/schema\/person\/b55151d52296fcce64d1a72538a70b90\",\"name\":\"apuntesdesanluis.com\",\"image\":{\"@type\":\"ImageObject\",\"inLanguage\":\"es-AR\",\"@id\":\"https:\/\/apuntesdesanluis.com\/#\/schema\/person\/image\/\",\"url\":\"https:\/\/apuntesdesanluis.com\/wp-content\/uploads\/2023\/07\/cropped-apuntesdesanluis.png\",\"contentUrl\":\"https:\/\/apuntesdesanluis.com\/wp-content\/uploads\/2023\/07\/cropped-apuntesdesanluis.png\",\"width\":450,\"height\":112,\"caption\":\"apuntesdesanluis.com\"},\"logo\":{\"@id\":\"https:\/\/apuntesdesanluis.com\/#\/schema\/person\/image\/\"},\"sameAs\":[\"https:\/\/apuntesdesanluis.com\"],\"url\":\"https:\/\/apuntesdesanluis.com\/index.php\/author\/apuntesdesanluis-com\/\"}]}<\/script>\n<!-- \/ Yoast SEO plugin. -->","yoast_head_json":{"title":"SE REALIZ\u00d3 LA PRIMERA JORNADA PARA EL DESARROLLO PRODUCTIVO Y DE SERVICIOS DEL SECTOR PRIVADO - Apuntes de San Luis","robots":{"index":"index","follow":"follow","max-snippet":"max-snippet:-1","max-image-preview":"max-image-preview:large","max-video-preview":"max-video-preview:-1"},"canonical":"https:\/\/apuntesdesanluis.com\/index.php\/2024\/02\/04\/se-realizo-la-primera-jornada-para-el-desarrollo-productivo-y-de-servicios-del-sector-privado\/","og_locale":"es_ES","og_type":"article","og_title":"SE REALIZ\u00d3 LA PRIMERA JORNADA PARA EL DESARROLLO PRODUCTIVO Y DE SERVICIOS DEL SECTOR PRIVADO - Apuntes de San Luis","og_description":"El gobernador, Claudio Poggi, cumpli\u00f3 el s\u00e1bado otra intensa agenda de trabajo, esta vez, en...","og_url":"https:\/\/apuntesdesanluis.com\/index.php\/2024\/02\/04\/se-realizo-la-primera-jornada-para-el-desarrollo-productivo-y-de-servicios-del-sector-privado\/","og_site_name":"Apuntes de San Luis","article_published_time":"2024-02-04T23:36:05+00:00","article_modified_time":"2024-02-04T23:38:26+00:00","og_image":[{"width":600,"height":371,"url":"https:\/\/apuntesdesanluis.com\/wp-content\/uploads\/2024\/02\/ENCUENTRO-1.png","type":"image\/png"}],"author":"apuntesdesanluis.com","twitter_card":"summary_large_image","twitter_misc":{"Escrito por":"apuntesdesanluis.com","Tiempo de lectura":"5 minutos"},"schema":{"@context":"https:\/\/schema.org","@graph":[{"@type":"Article","@id":"https:\/\/apuntesdesanluis.com\/index.php\/2024\/02\/04\/se-realizo-la-primera-jornada-para-el-desarrollo-productivo-y-de-servicios-del-sector-privado\/#article","isPartOf":{"@id":"https:\/\/apuntesdesanluis.com\/index.php\/2024\/02\/04\/se-realizo-la-primera-jornada-para-el-desarrollo-productivo-y-de-servicios-del-sector-privado\/"},"author":{"name":"apuntesdesanluis.com","@id":"https:\/\/apuntesdesanluis.com\/#\/schema\/person\/b55151d52296fcce64d1a72538a70b90"},"headline":"SE REALIZ\u00d3 LA PRIMERA JORNADA PARA EL DESARROLLO PRODUCTIVO Y DE SERVICIOS DEL SECTOR PRIVADO","datePublished":"2024-02-04T23:36:05+00:00","dateModified":"2024-02-04T23:38:26+00:00","mainEntityOfPage":{"@id":"https:\/\/apuntesdesanluis.com\/index.php\/2024\/02\/04\/se-realizo-la-primera-jornada-para-el-desarrollo-productivo-y-de-servicios-del-sector-privado\/"},"wordCount":904,"publisher":{"@id":"https:\/\/apuntesdesanluis.com\/#\/schema\/person\/b55151d52296fcce64d1a72538a70b90"},"image":{"@id":"https:\/\/apuntesdesanluis.com\/index.php\/2024\/02\/04\/se-realizo-la-primera-jornada-para-el-desarrollo-productivo-y-de-servicios-del-sector-privado\/#primaryimage"},"thumbnailUrl":"https:\/\/apuntesdesanluis.com\/wp-content\/uploads\/2024\/02\/ENCUENTRO-1.png","articleSection":["Ciudad\/Provincia"],"inLanguage":"es-AR"},{"@type":"WebPage","@id":"https:\/\/apuntesdesanluis.com\/index.php\/2024\/02\/04\/se-realizo-la-primera-jornada-para-el-desarrollo-productivo-y-de-servicios-del-sector-privado\/","url":"https:\/\/apuntesdesanluis.com\/index.php\/2024\/02\/04\/se-realizo-la-primera-jornada-para-el-desarrollo-productivo-y-de-servicios-del-sector-privado\/","name":"SE REALIZ\u00d3 LA PRIMERA JORNADA PARA EL DESARROLLO PRODUCTIVO Y DE SERVICIOS DEL SECTOR PRIVADO - Apuntes de San Luis","isPartOf":{"@id":"https:\/\/apuntesdesanluis.com\/#website"},"primaryImageOfPage":{"@id":"https:\/\/apuntesdesanluis.com\/index.php\/2024\/02\/04\/se-realizo-la-primera-jornada-para-el-desarrollo-productivo-y-de-servicios-del-sector-privado\/#primaryimage"},"image":{"@id":"https:\/\/apuntesdesanluis.com\/index.php\/2024\/02\/04\/se-realizo-la-primera-jornada-para-el-desarrollo-productivo-y-de-servicios-del-sector-privado\/#primaryimage"},"thumbnailUrl":"https:\/\/apuntesdesanluis.com\/wp-content\/uploads\/2024\/02\/ENCUENTRO-1.png","datePublished":"2024-02-04T23:36:05+00:00","dateModified":"2024-02-04T23:38:26+00:00","breadcrumb":{"@id":"https:\/\/apuntesdesanluis.com\/index.php\/2024\/02\/04\/se-realizo-la-primera-jornada-para-el-desarrollo-productivo-y-de-servicios-del-sector-privado\/#breadcrumb"},"inLanguage":"es-AR","potentialAction":[{"@type":"ReadAction","target":["https:\/\/apuntesdesanluis.com\/index.php\/2024\/02\/04\/se-realizo-la-primera-jornada-para-el-desarrollo-productivo-y-de-servicios-del-sector-privado\/"]}]},{"@type":"ImageObject","inLanguage":"es-AR","@id":"https:\/\/apuntesdesanluis.com\/index.php\/2024\/02\/04\/se-realizo-la-primera-jornada-para-el-desarrollo-productivo-y-de-servicios-del-sector-privado\/#primaryimage","url":"https:\/\/apuntesdesanluis.com\/wp-content\/uploads\/2024\/02\/ENCUENTRO-1.png","contentUrl":"https:\/\/apuntesdesanluis.com\/wp-content\/uploads\/2024\/02\/ENCUENTRO-1.png","width":600,"height":371},{"@type":"BreadcrumbList","@id":"https:\/\/apuntesdesanluis.com\/index.php\/2024\/02\/04\/se-realizo-la-primera-jornada-para-el-desarrollo-productivo-y-de-servicios-del-sector-privado\/#breadcrumb","itemListElement":[{"@type":"ListItem","position":1,"name":"Inicio","item":"https:\/\/apuntesdesanluis.com\/"},{"@type":"ListItem","position":2,"name":"SE REALIZ\u00d3 LA PRIMERA JORNADA PARA EL DESARROLLO PRODUCTIVO Y DE SERVICIOS DEL SECTOR PRIVADO"}]},{"@type":"WebSite","@id":"https:\/\/apuntesdesanluis.com\/#website","url":"https:\/\/apuntesdesanluis.com\/","name":"Apuntes de San Luis","description":"","publisher":{"@id":"https:\/\/apuntesdesanluis.com\/#\/schema\/person\/b55151d52296fcce64d1a72538a70b90"},"potentialAction":[{"@type":"SearchAction","target":{"@type":"EntryPoint","urlTemplate":"https:\/\/apuntesdesanluis.com\/?s={search_term_string}"},"query-input":{"@type":"PropertyValueSpecification","valueRequired":true,"valueName":"search_term_string"}}],"inLanguage":"es-AR"},{"@type":["Person","Organization"],"@id":"https:\/\/apuntesdesanluis.com\/#\/schema\/person\/b55151d52296fcce64d1a72538a70b90","name":"apuntesdesanluis.com","image":{"@type":"ImageObject","inLanguage":"es-AR","@id":"https:\/\/apuntesdesanluis.com\/#\/schema\/person\/image\/","url":"https:\/\/apuntesdesanluis.com\/wp-content\/uploads\/2023\/07\/cropped-apuntesdesanluis.png","contentUrl":"https:\/\/apuntesdesanluis.com\/wp-content\/uploads\/2023\/07\/cropped-apuntesdesanluis.png","width":450,"height":112,"caption":"apuntesdesanluis.com"},"logo":{"@id":"https:\/\/apuntesdesanluis.com\/#\/schema\/person\/image\/"},"sameAs":["https:\/\/apuntesdesanluis.com"],"url":"https:\/\/apuntesdesanluis.com\/index.php\/author\/apuntesdesanluis-com\/"}]}},"featured_image_urls":{"full":["https:\/\/apuntesdesanluis.com\/wp-content\/uploads\/2024\/02\/ENCUENTRO-1.png",600,371,false],"thumbnail":["https:\/\/apuntesdesanluis.com\/wp-content\/uploads\/2024\/02\/ENCUENTRO-1-150x150.png",150,150,true],"medium":["https:\/\/apuntesdesanluis.com\/wp-content\/uploads\/2024\/02\/ENCUENTRO-1-300x186.png",300,186,true],"medium_large":["https:\/\/apuntesdesanluis.com\/wp-content\/uploads\/2024\/02\/ENCUENTRO-1.png",600,371,false],"large":["https:\/\/apuntesdesanluis.com\/wp-content\/uploads\/2024\/02\/ENCUENTRO-1.png",600,371,false],"1536x1536":["https:\/\/apuntesdesanluis.com\/wp-content\/uploads\/2024\/02\/ENCUENTRO-1.png",600,371,false],"2048x2048":["https:\/\/apuntesdesanluis.com\/wp-content\/uploads\/2024\/02\/ENCUENTRO-1.png",600,371,false],"newsever-slider-full":["https:\/\/apuntesdesanluis.com\/wp-content\/uploads\/2024\/02\/ENCUENTRO-1.png",600,371,false],"newsever-featured":["https:\/\/apuntesdesanluis.com\/wp-content\/uploads\/2024\/02\/ENCUENTRO-1.png",600,371,false],"newsever-medium":["https:\/\/apuntesdesanluis.com\/wp-content\/uploads\/2024\/02\/ENCUENTRO-1.png",600,371,false]},"author_info":{"display_name":"apuntesdesanluis.com","author_link":"https:\/\/apuntesdesanluis.com\/index.php\/author\/apuntesdesanluis-com\/"},"category_info":"<a href=\"https:\/\/apuntesdesanluis.com\/index.php\/category\/ciudad-provincia\/\" rel=\"category tag\">Ciudad\/Provincia<\/a>","tag_info":"Ciudad\/Provincia","comment_count":"0","_links":{"self":[{"href":"https:\/\/apuntesdesanluis.com\/index.php\/wp-json\/wp\/v2\/posts\/11186","targetHints":{"allow":["GET"]}}],"collection":[{"href":"https:\/\/apuntesdesanluis.com\/index.php\/wp-json\/wp\/v2\/posts"}],"about":[{"href":"https:\/\/apuntesdesanluis.com\/index.php\/wp-json\/wp\/v2\/types\/post"}],"author":[{"embeddable":true,"href":"https:\/\/apuntesdesanluis.com\/index.php\/wp-json\/wp\/v2\/users\/1"}],"replies":[{"embeddable":true,"href":"https:\/\/apuntesdesanluis.com\/index.php\/wp-json\/wp\/v2\/comments?post=11186"}],"version-history":[{"count":4,"href":"https:\/\/apuntesdesanluis.com\/index.php\/wp-json\/wp\/v2\/posts\/11186\/revisions"}],"predecessor-version":[{"id":11193,"href":"https:\/\/apuntesdesanluis.com\/index.php\/wp-json\/wp\/v2\/posts\/11186\/revisions\/11193"}],"wp:featuredmedia":[{"embeddable":true,"href":"https:\/\/apuntesdesanluis.com\/index.php\/wp-json\/wp\/v2\/media\/11187"}],"wp:attachment":[{"href":"https:\/\/apuntesdesanluis.com\/index.php\/wp-json\/wp\/v2\/media?parent=11186"}],"wp:term":[{"taxonomy":"category","embeddable":true,"href":"https:\/\/apuntesdesanluis.com\/index.php\/wp-json\/wp\/v2\/categories?post=11186"},{"taxonomy":"post_tag","embeddable":true,"href":"https:\/\/apuntesdesanluis.com\/index.php\/wp-json\/wp\/v2\/tags?post=11186"}],"curies":[{"name":"wp","href":"https:\/\/api.w.org\/{rel}","templated":true}]}}