{"id":11194,"date":"2024-02-04T20:41:46","date_gmt":"2024-02-04T23:41:46","guid":{"rendered":"https:\/\/apuntesdesanluis.com\/?p=11194"},"modified":"2024-02-04T20:43:41","modified_gmt":"2024-02-04T23:43:41","slug":"fallecio-el-fiscal-de-la-tercera-circunscripcion-leonardo-gabriel-navarini","status":"publish","type":"post","link":"https:\/\/apuntesdesanluis.com\/index.php\/2024\/02\/04\/fallecio-el-fiscal-de-la-tercera-circunscripcion-leonardo-gabriel-navarini\/","title":{"rendered":"FALLECI\u00d3 EL FISCAL DE LA TERCERA CIRCUNSCRIPCI\u00d3N, LEONARDO GABRIEL NAVARINI"},"content":{"rendered":"<h3>El magistrado hab\u00eda sufrido un grave accidente de tr\u00e1nsito en 2022, que le hab\u00eda provocado serias secuelas y complicaciones en su salud.<\/h3>\n<h3>Este domingo en horas de la ma\u00f1ana se inform\u00f3 oficialmente el deceso. <strong>Leonardo Gabriel Navarini<\/strong> se desempe\u00f1aba como fiscal de Instrucci\u00f3n N\u00b0 2 de la Tercera Circunscripci\u00f3n Judicial. La comunicaci\u00f3n estuvo a cargo de la oficina de prensa judicial.<\/h3>\n<h3>En agosto de 2022, Navarini, de 37 a\u00f1os, hab\u00eda sufrido un fuerte accidente automovil\u00edstico retornando de la localidad de El Trapiche. Luego de aquel episodio estuvo internado con cuidados intensivos en el Hospital Central Ram\u00f3n Carrillo. Posteriormente fue sometido a diversos tratamientos hasta que este domingo se inform\u00f3 sobre su muerte.<\/h3>\n<h3>Sus restos fueron velados hoy de 14 a 18 en la sala velatoria \u201cSegura S.R.L\u201d, ubicada en calles Mart\u00edn de Loyola y Don Bosco.<\/h3>\n<h3>El Superior Tribunal de Justicia, la Procuraci\u00f3n General y la Defensor\u00eda General de la Provincia de San Luis expresaron su profundo pesar, al comunicar el fallecimiento del Dr. Leonardo Gabriel Navarini, Fiscal de Instrucci\u00f3n N\u00b0 2 de la Tercera Circunscripci\u00f3n Judicial, acompa\u00f1ando a su familia en este dif\u00edcil momento.<\/h3>\n<p>&nbsp;<\/p>\n<p>&nbsp;<\/p>\n<p>&nbsp;<\/p>\n<p>&nbsp;<\/p>\n","protected":false},"excerpt":{"rendered":"<p>El magistrado hab\u00eda sufrido un grave accidente de tr\u00e1nsito en 2022, que le hab\u00eda provocado&#8230;<\/p>\n","protected":false},"author":1,"featured_media":11195,"comment_status":"closed","ping_status":"closed","sticky":false,"template":"","format":"standard","meta":{"footnotes":""},"categories":[6],"tags":[],"class_list":["post-11194","post","type-post","status-publish","format-standard","has-post-thumbnail","hentry","category-ciudad-provincia"],"yoast_head":"<!-- This site is optimized with the Yoast SEO plugin v26.1.1 - https:\/\/yoast.com\/wordpress\/plugins\/seo\/ -->\n<title>FALLECI\u00d3 EL FISCAL DE LA TERCERA CIRCUNSCRIPCI\u00d3N, LEONARDO GABRIEL NAVARINI - Apuntes de San Luis<\/title>\n<meta name=\"robots\" content=\"index, follow, max-snippet:-1, max-image-preview:large, max-video-preview:-1\" \/>\n<link rel=\"canonical\" href=\"https:\/\/apuntesdesanluis.com\/index.php\/2024\/02\/04\/fallecio-el-fiscal-de-la-tercera-circunscripcion-leonardo-gabriel-navarini\/\" \/>\n<meta property=\"og:locale\" content=\"es_ES\" \/>\n<meta property=\"og:type\" content=\"article\" \/>\n<meta property=\"og:title\" content=\"FALLECI\u00d3 EL FISCAL DE LA TERCERA CIRCUNSCRIPCI\u00d3N, LEONARDO GABRIEL NAVARINI - Apuntes de San Luis\" \/>\n<meta property=\"og:description\" content=\"El magistrado hab\u00eda sufrido un grave accidente de tr\u00e1nsito en 2022, que le hab\u00eda provocado...\" \/>\n<meta property=\"og:url\" content=\"https:\/\/apuntesdesanluis.com\/index.php\/2024\/02\/04\/fallecio-el-fiscal-de-la-tercera-circunscripcion-leonardo-gabriel-navarini\/\" \/>\n<meta property=\"og:site_name\" content=\"Apuntes de San Luis\" \/>\n<meta property=\"article:published_time\" content=\"2024-02-04T23:41:46+00:00\" \/>\n<meta property=\"article:modified_time\" content=\"2024-02-04T23:43:41+00:00\" \/>\n<meta property=\"og:image\" content=\"https:\/\/apuntesdesanluis.com\/wp-content\/uploads\/2024\/02\/FISCAL.png\" \/>\n\t<meta property=\"og:image:width\" content=\"600\" \/>\n\t<meta property=\"og:image:height\" content=\"362\" \/>\n\t<meta property=\"og:image:type\" content=\"image\/png\" \/>\n<meta name=\"author\" content=\"apuntesdesanluis.com\" \/>\n<meta name=\"twitter:card\" content=\"summary_large_image\" \/>\n<meta name=\"twitter:label1\" content=\"Escrito por\" \/>\n\t<meta name=\"twitter:data1\" content=\"apuntesdesanluis.com\" \/>\n\t<meta name=\"twitter:label2\" content=\"Tiempo de lectura\" \/>\n\t<meta name=\"twitter:data2\" content=\"1 minuto\" \/>\n<script type=\"application\/ld+json\" class=\"yoast-schema-graph\">{\"@context\":\"https:\/\/schema.org\",\"@graph\":[{\"@type\":\"Article\",\"@id\":\"https:\/\/apuntesdesanluis.com\/index.php\/2024\/02\/04\/fallecio-el-fiscal-de-la-tercera-circunscripcion-leonardo-gabriel-navarini\/#article\",\"isPartOf\":{\"@id\":\"https:\/\/apuntesdesanluis.com\/index.php\/2024\/02\/04\/fallecio-el-fiscal-de-la-tercera-circunscripcion-leonardo-gabriel-navarini\/\"},\"author\":{\"name\":\"apuntesdesanluis.com\",\"@id\":\"https:\/\/apuntesdesanluis.com\/#\/schema\/person\/b55151d52296fcce64d1a72538a70b90\"},\"headline\":\"FALLECI\u00d3 EL FISCAL DE LA TERCERA CIRCUNSCRIPCI\u00d3N, LEONARDO GABRIEL NAVARINI\",\"datePublished\":\"2024-02-04T23:41:46+00:00\",\"dateModified\":\"2024-02-04T23:43:41+00:00\",\"mainEntityOfPage\":{\"@id\":\"https:\/\/apuntesdesanluis.com\/index.php\/2024\/02\/04\/fallecio-el-fiscal-de-la-tercera-circunscripcion-leonardo-gabriel-navarini\/\"},\"wordCount\":214,\"publisher\":{\"@id\":\"https:\/\/apuntesdesanluis.com\/#\/schema\/person\/b55151d52296fcce64d1a72538a70b90\"},\"image\":{\"@id\":\"https:\/\/apuntesdesanluis.com\/index.php\/2024\/02\/04\/fallecio-el-fiscal-de-la-tercera-circunscripcion-leonardo-gabriel-navarini\/#primaryimage\"},\"thumbnailUrl\":\"https:\/\/apuntesdesanluis.com\/wp-content\/uploads\/2024\/02\/FISCAL.png\",\"articleSection\":[\"Ciudad\/Provincia\"],\"inLanguage\":\"es-AR\"},{\"@type\":\"WebPage\",\"@id\":\"https:\/\/apuntesdesanluis.com\/index.php\/2024\/02\/04\/fallecio-el-fiscal-de-la-tercera-circunscripcion-leonardo-gabriel-navarini\/\",\"url\":\"https:\/\/apuntesdesanluis.com\/index.php\/2024\/02\/04\/fallecio-el-fiscal-de-la-tercera-circunscripcion-leonardo-gabriel-navarini\/\",\"name\":\"FALLECI\u00d3 EL FISCAL DE LA TERCERA CIRCUNSCRIPCI\u00d3N, LEONARDO GABRIEL NAVARINI - Apuntes de San Luis\",\"isPartOf\":{\"@id\":\"https:\/\/apuntesdesanluis.com\/#website\"},\"primaryImageOfPage\":{\"@id\":\"https:\/\/apuntesdesanluis.com\/index.php\/2024\/02\/04\/fallecio-el-fiscal-de-la-tercera-circunscripcion-leonardo-gabriel-navarini\/#primaryimage\"},\"image\":{\"@id\":\"https:\/\/apuntesdesanluis.com\/index.php\/2024\/02\/04\/fallecio-el-fiscal-de-la-tercera-circunscripcion-leonardo-gabriel-navarini\/#primaryimage\"},\"thumbnailUrl\":\"https:\/\/apuntesdesanluis.com\/wp-content\/uploads\/2024\/02\/FISCAL.png\",\"datePublished\":\"2024-02-04T23:41:46+00:00\",\"dateModified\":\"2024-02-04T23:43:41+00:00\",\"breadcrumb\":{\"@id\":\"https:\/\/apuntesdesanluis.com\/index.php\/2024\/02\/04\/fallecio-el-fiscal-de-la-tercera-circunscripcion-leonardo-gabriel-navarini\/#breadcrumb\"},\"inLanguage\":\"es-AR\",\"potentialAction\":[{\"@type\":\"ReadAction\",\"target\":[\"https:\/\/apuntesdesanluis.com\/index.php\/2024\/02\/04\/fallecio-el-fiscal-de-la-tercera-circunscripcion-leonardo-gabriel-navarini\/\"]}]},{\"@type\":\"ImageObject\",\"inLanguage\":\"es-AR\",\"@id\":\"https:\/\/apuntesdesanluis.com\/index.php\/2024\/02\/04\/fallecio-el-fiscal-de-la-tercera-circunscripcion-leonardo-gabriel-navarini\/#primaryimage\",\"url\":\"https:\/\/apuntesdesanluis.com\/wp-content\/uploads\/2024\/02\/FISCAL.png\",\"contentUrl\":\"https:\/\/apuntesdesanluis.com\/wp-content\/uploads\/2024\/02\/FISCAL.png\",\"width\":600,\"height\":362},{\"@type\":\"BreadcrumbList\",\"@id\":\"https:\/\/apuntesdesanluis.com\/index.php\/2024\/02\/04\/fallecio-el-fiscal-de-la-tercera-circunscripcion-leonardo-gabriel-navarini\/#breadcrumb\",\"itemListElement\":[{\"@type\":\"ListItem\",\"position\":1,\"name\":\"Inicio\",\"item\":\"https:\/\/apuntesdesanluis.com\/\"},{\"@type\":\"ListItem\",\"position\":2,\"name\":\"FALLECI\u00d3 EL FISCAL DE LA TERCERA CIRCUNSCRIPCI\u00d3N, LEONARDO GABRIEL NAVARINI\"}]},{\"@type\":\"WebSite\",\"@id\":\"https:\/\/apuntesdesanluis.com\/#website\",\"url\":\"https:\/\/apuntesdesanluis.com\/\",\"name\":\"Apuntes de San Luis\",\"description\":\"\",\"publisher\":{\"@id\":\"https:\/\/apuntesdesanluis.com\/#\/schema\/person\/b55151d52296fcce64d1a72538a70b90\"},\"potentialAction\":[{\"@type\":\"SearchAction\",\"target\":{\"@type\":\"EntryPoint\",\"urlTemplate\":\"https:\/\/apuntesdesanluis.com\/?s={search_term_string}\"},\"query-input\":{\"@type\":\"PropertyValueSpecification\",\"valueRequired\":true,\"valueName\":\"search_term_string\"}}],\"inLanguage\":\"es-AR\"},{\"@type\":[\"Person\",\"Organization\"],\"@id\":\"https:\/\/apuntesdesanluis.com\/#\/schema\/person\/b55151d52296fcce64d1a72538a70b90\",\"name\":\"apuntesdesanluis.com\",\"image\":{\"@type\":\"ImageObject\",\"inLanguage\":\"es-AR\",\"@id\":\"https:\/\/apuntesdesanluis.com\/#\/schema\/person\/image\/\",\"url\":\"https:\/\/apuntesdesanluis.com\/wp-content\/uploads\/2023\/07\/cropped-apuntesdesanluis.png\",\"contentUrl\":\"https:\/\/apuntesdesanluis.com\/wp-content\/uploads\/2023\/07\/cropped-apuntesdesanluis.png\",\"width\":450,\"height\":112,\"caption\":\"apuntesdesanluis.com\"},\"logo\":{\"@id\":\"https:\/\/apuntesdesanluis.com\/#\/schema\/person\/image\/\"},\"sameAs\":[\"https:\/\/apuntesdesanluis.com\"],\"url\":\"https:\/\/apuntesdesanluis.com\/index.php\/author\/apuntesdesanluis-com\/\"}]}<\/script>\n<!-- \/ Yoast SEO plugin. -->","yoast_head_json":{"title":"FALLECI\u00d3 EL FISCAL DE LA TERCERA CIRCUNSCRIPCI\u00d3N, LEONARDO GABRIEL NAVARINI - Apuntes de San Luis","robots":{"index":"index","follow":"follow","max-snippet":"max-snippet:-1","max-image-preview":"max-image-preview:large","max-video-preview":"max-video-preview:-1"},"canonical":"https:\/\/apuntesdesanluis.com\/index.php\/2024\/02\/04\/fallecio-el-fiscal-de-la-tercera-circunscripcion-leonardo-gabriel-navarini\/","og_locale":"es_ES","og_type":"article","og_title":"FALLECI\u00d3 EL FISCAL DE LA TERCERA CIRCUNSCRIPCI\u00d3N, LEONARDO GABRIEL NAVARINI - Apuntes de San Luis","og_description":"El magistrado hab\u00eda sufrido un grave accidente de tr\u00e1nsito en 2022, que le hab\u00eda provocado...","og_url":"https:\/\/apuntesdesanluis.com\/index.php\/2024\/02\/04\/fallecio-el-fiscal-de-la-tercera-circunscripcion-leonardo-gabriel-navarini\/","og_site_name":"Apuntes de San Luis","article_published_time":"2024-02-04T23:41:46+00:00","article_modified_time":"2024-02-04T23:43:41+00:00","og_image":[{"width":600,"height":362,"url":"https:\/\/apuntesdesanluis.com\/wp-content\/uploads\/2024\/02\/FISCAL.png","type":"image\/png"}],"author":"apuntesdesanluis.com","twitter_card":"summary_large_image","twitter_misc":{"Escrito por":"apuntesdesanluis.com","Tiempo de lectura":"1 minuto"},"schema":{"@context":"https:\/\/schema.org","@graph":[{"@type":"Article","@id":"https:\/\/apuntesdesanluis.com\/index.php\/2024\/02\/04\/fallecio-el-fiscal-de-la-tercera-circunscripcion-leonardo-gabriel-navarini\/#article","isPartOf":{"@id":"https:\/\/apuntesdesanluis.com\/index.php\/2024\/02\/04\/fallecio-el-fiscal-de-la-tercera-circunscripcion-leonardo-gabriel-navarini\/"},"author":{"name":"apuntesdesanluis.com","@id":"https:\/\/apuntesdesanluis.com\/#\/schema\/person\/b55151d52296fcce64d1a72538a70b90"},"headline":"FALLECI\u00d3 EL FISCAL DE LA TERCERA CIRCUNSCRIPCI\u00d3N, LEONARDO GABRIEL NAVARINI","datePublished":"2024-02-04T23:41:46+00:00","dateModified":"2024-02-04T23:43:41+00:00","mainEntityOfPage":{"@id":"https:\/\/apuntesdesanluis.com\/index.php\/2024\/02\/04\/fallecio-el-fiscal-de-la-tercera-circunscripcion-leonardo-gabriel-navarini\/"},"wordCount":214,"publisher":{"@id":"https:\/\/apuntesdesanluis.com\/#\/schema\/person\/b55151d52296fcce64d1a72538a70b90"},"image":{"@id":"https:\/\/apuntesdesanluis.com\/index.php\/2024\/02\/04\/fallecio-el-fiscal-de-la-tercera-circunscripcion-leonardo-gabriel-navarini\/#primaryimage"},"thumbnailUrl":"https:\/\/apuntesdesanluis.com\/wp-content\/uploads\/2024\/02\/FISCAL.png","articleSection":["Ciudad\/Provincia"],"inLanguage":"es-AR"},{"@type":"WebPage","@id":"https:\/\/apuntesdesanluis.com\/index.php\/2024\/02\/04\/fallecio-el-fiscal-de-la-tercera-circunscripcion-leonardo-gabriel-navarini\/","url":"https:\/\/apuntesdesanluis.com\/index.php\/2024\/02\/04\/fallecio-el-fiscal-de-la-tercera-circunscripcion-leonardo-gabriel-navarini\/","name":"FALLECI\u00d3 EL FISCAL DE LA TERCERA CIRCUNSCRIPCI\u00d3N, LEONARDO GABRIEL NAVARINI - Apuntes de San Luis","isPartOf":{"@id":"https:\/\/apuntesdesanluis.com\/#website"},"primaryImageOfPage":{"@id":"https:\/\/apuntesdesanluis.com\/index.php\/2024\/02\/04\/fallecio-el-fiscal-de-la-tercera-circunscripcion-leonardo-gabriel-navarini\/#primaryimage"},"image":{"@id":"https:\/\/apuntesdesanluis.com\/index.php\/2024\/02\/04\/fallecio-el-fiscal-de-la-tercera-circunscripcion-leonardo-gabriel-navarini\/#primaryimage"},"thumbnailUrl":"https:\/\/apuntesdesanluis.com\/wp-content\/uploads\/2024\/02\/FISCAL.png","datePublished":"2024-02-04T23:41:46+00:00","dateModified":"2024-02-04T23:43:41+00:00","breadcrumb":{"@id":"https:\/\/apuntesdesanluis.com\/index.php\/2024\/02\/04\/fallecio-el-fiscal-de-la-tercera-circunscripcion-leonardo-gabriel-navarini\/#breadcrumb"},"inLanguage":"es-AR","potentialAction":[{"@type":"ReadAction","target":["https:\/\/apuntesdesanluis.com\/index.php\/2024\/02\/04\/fallecio-el-fiscal-de-la-tercera-circunscripcion-leonardo-gabriel-navarini\/"]}]},{"@type":"ImageObject","inLanguage":"es-AR","@id":"https:\/\/apuntesdesanluis.com\/index.php\/2024\/02\/04\/fallecio-el-fiscal-de-la-tercera-circunscripcion-leonardo-gabriel-navarini\/#primaryimage","url":"https:\/\/apuntesdesanluis.com\/wp-content\/uploads\/2024\/02\/FISCAL.png","contentUrl":"https:\/\/apuntesdesanluis.com\/wp-content\/uploads\/2024\/02\/FISCAL.png","width":600,"height":362},{"@type":"BreadcrumbList","@id":"https:\/\/apuntesdesanluis.com\/index.php\/2024\/02\/04\/fallecio-el-fiscal-de-la-tercera-circunscripcion-leonardo-gabriel-navarini\/#breadcrumb","itemListElement":[{"@type":"ListItem","position":1,"name":"Inicio","item":"https:\/\/apuntesdesanluis.com\/"},{"@type":"ListItem","position":2,"name":"FALLECI\u00d3 EL FISCAL DE LA TERCERA CIRCUNSCRIPCI\u00d3N, LEONARDO GABRIEL NAVARINI"}]},{"@type":"WebSite","@id":"https:\/\/apuntesdesanluis.com\/#website","url":"https:\/\/apuntesdesanluis.com\/","name":"Apuntes de San Luis","description":"","publisher":{"@id":"https:\/\/apuntesdesanluis.com\/#\/schema\/person\/b55151d52296fcce64d1a72538a70b90"},"potentialAction":[{"@type":"SearchAction","target":{"@type":"EntryPoint","urlTemplate":"https:\/\/apuntesdesanluis.com\/?s={search_term_string}"},"query-input":{"@type":"PropertyValueSpecification","valueRequired":true,"valueName":"search_term_string"}}],"inLanguage":"es-AR"},{"@type":["Person","Organization"],"@id":"https:\/\/apuntesdesanluis.com\/#\/schema\/person\/b55151d52296fcce64d1a72538a70b90","name":"apuntesdesanluis.com","image":{"@type":"ImageObject","inLanguage":"es-AR","@id":"https:\/\/apuntesdesanluis.com\/#\/schema\/person\/image\/","url":"https:\/\/apuntesdesanluis.com\/wp-content\/uploads\/2023\/07\/cropped-apuntesdesanluis.png","contentUrl":"https:\/\/apuntesdesanluis.com\/wp-content\/uploads\/2023\/07\/cropped-apuntesdesanluis.png","width":450,"height":112,"caption":"apuntesdesanluis.com"},"logo":{"@id":"https:\/\/apuntesdesanluis.com\/#\/schema\/person\/image\/"},"sameAs":["https:\/\/apuntesdesanluis.com"],"url":"https:\/\/apuntesdesanluis.com\/index.php\/author\/apuntesdesanluis-com\/"}]}},"featured_image_urls":{"full":["https:\/\/apuntesdesanluis.com\/wp-content\/uploads\/2024\/02\/FISCAL.png",600,362,false],"thumbnail":["https:\/\/apuntesdesanluis.com\/wp-content\/uploads\/2024\/02\/FISCAL-150x150.png",150,150,true],"medium":["https:\/\/apuntesdesanluis.com\/wp-content\/uploads\/2024\/02\/FISCAL-300x181.png",300,181,true],"medium_large":["https:\/\/apuntesdesanluis.com\/wp-content\/uploads\/2024\/02\/FISCAL.png",600,362,false],"large":["https:\/\/apuntesdesanluis.com\/wp-content\/uploads\/2024\/02\/FISCAL.png",600,362,false],"1536x1536":["https:\/\/apuntesdesanluis.com\/wp-content\/uploads\/2024\/02\/FISCAL.png",600,362,false],"2048x2048":["https:\/\/apuntesdesanluis.com\/wp-content\/uploads\/2024\/02\/FISCAL.png",600,362,false],"newsever-slider-full":["https:\/\/apuntesdesanluis.com\/wp-content\/uploads\/2024\/02\/FISCAL.png",600,362,false],"newsever-featured":["https:\/\/apuntesdesanluis.com\/wp-content\/uploads\/2024\/02\/FISCAL.png",600,362,false],"newsever-medium":["https:\/\/apuntesdesanluis.com\/wp-content\/uploads\/2024\/02\/FISCAL.png",600,362,false]},"author_info":{"display_name":"apuntesdesanluis.com","author_link":"https:\/\/apuntesdesanluis.com\/index.php\/author\/apuntesdesanluis-com\/"},"category_info":"<a href=\"https:\/\/apuntesdesanluis.com\/index.php\/category\/ciudad-provincia\/\" rel=\"category tag\">Ciudad\/Provincia<\/a>","tag_info":"Ciudad\/Provincia","comment_count":"0","_links":{"self":[{"href":"https:\/\/apuntesdesanluis.com\/index.php\/wp-json\/wp\/v2\/posts\/11194","targetHints":{"allow":["GET"]}}],"collection":[{"href":"https:\/\/apuntesdesanluis.com\/index.php\/wp-json\/wp\/v2\/posts"}],"about":[{"href":"https:\/\/apuntesdesanluis.com\/index.php\/wp-json\/wp\/v2\/types\/post"}],"author":[{"embeddable":true,"href":"https:\/\/apuntesdesanluis.com\/index.php\/wp-json\/wp\/v2\/users\/1"}],"replies":[{"embeddable":true,"href":"https:\/\/apuntesdesanluis.com\/index.php\/wp-json\/wp\/v2\/comments?post=11194"}],"version-history":[{"count":3,"href":"https:\/\/apuntesdesanluis.com\/index.php\/wp-json\/wp\/v2\/posts\/11194\/revisions"}],"predecessor-version":[{"id":11198,"href":"https:\/\/apuntesdesanluis.com\/index.php\/wp-json\/wp\/v2\/posts\/11194\/revisions\/11198"}],"wp:featuredmedia":[{"embeddable":true,"href":"https:\/\/apuntesdesanluis.com\/index.php\/wp-json\/wp\/v2\/media\/11195"}],"wp:attachment":[{"href":"https:\/\/apuntesdesanluis.com\/index.php\/wp-json\/wp\/v2\/media?parent=11194"}],"wp:term":[{"taxonomy":"category","embeddable":true,"href":"https:\/\/apuntesdesanluis.com\/index.php\/wp-json\/wp\/v2\/categories?post=11194"},{"taxonomy":"post_tag","embeddable":true,"href":"https:\/\/apuntesdesanluis.com\/index.php\/wp-json\/wp\/v2\/tags?post=11194"}],"curies":[{"name":"wp","href":"https:\/\/api.w.org\/{rel}","templated":true}]}}