{"id":11199,"date":"2024-02-04T20:51:42","date_gmt":"2024-02-04T23:51:42","guid":{"rendered":"https:\/\/apuntesdesanluis.com\/?p=11199"},"modified":"2024-02-04T20:51:42","modified_gmt":"2024-02-04T23:51:42","slug":"la-ola-de-calor-se-tomo-un-recreo-pero-esta-semana-vuelve-a-la-carga","status":"publish","type":"post","link":"https:\/\/apuntesdesanluis.com\/index.php\/2024\/02\/04\/la-ola-de-calor-se-tomo-un-recreo-pero-esta-semana-vuelve-a-la-carga\/","title":{"rendered":"LA OLA DE CALOR SE TOM\u00d3 UN RECREO, PERO ESTA SEMANA VUELVE A LA CARGA"},"content":{"rendered":"<h3>La Red de Estaciones Meteorol\u00f3gicas de la provincia anticip\u00f3 que se espera que contin\u00fae el periodo de elevadas temperaturas, superando los valores normales para el mes de febrero dando lugar a una ola de calor.<\/h3>\n<h3>Tras el respiro que dieron las lluvias de este domingo, que provocaron un descenso de las temperaturas, en el comienzo de la semana las t\u00e9rmicas se incrementar\u00e1n hasta el d\u00eda mi\u00e9rcoles 7, siendo el d\u00eda m\u00e1s caluroso de la semana siguiente.<\/h3>\n<h3>Para este <strong>LUNES<\/strong> se pronostica una jornada donde contin\u00faa la inestabilidad y se mantienen las temperaturas respecto a d\u00edas anteriores. El cielo estar\u00e1 parcialmente nublado a mayormente nublado con precipitaciones. En promedio, se esperan m\u00ednimas de 21\u00b0C y m\u00e1ximas de 35\u00b0C. El viento ser\u00e1 del sector noreste con r\u00e1fagas.<\/h3>\n<h3><strong>MARTES 6<\/strong><\/h3>\n<h3>Jornada con poco cambio en las temperaturas y algo inestable. El cielo estar\u00e1 entre parcial y mayormente despejado. En promedio, se esperan m\u00ednimas de 22\u00b0C y m\u00e1ximas de 37\u00b0C. El viento ser\u00e1 del sector noreste con r\u00e1fagas fuertes en la regi\u00f3n noroeste.<\/h3>\n<h3><strong>MI\u00c9RCOLES 7<\/strong><\/h3>\n<h3>Jornada muy calurosa, inestable y ventosa en la regi\u00f3n norte. El cielo estar\u00e1 parcialmente nublado. En promedio, se esperan m\u00ednimas de 23\u00b0C y m\u00e1ximas de 38\u00b0C. El viento predominar\u00e1 del sector noreste con r\u00e1fagas muy fuertes.<\/h3>\n<p>&nbsp;<\/p>\n<p>&nbsp;<\/p>\n<p>&nbsp;<\/p>\n<p>&nbsp;<\/p>\n<p>&nbsp;<\/p>\n","protected":false},"excerpt":{"rendered":"<p>La Red de Estaciones Meteorol\u00f3gicas de la provincia anticip\u00f3 que se espera que contin\u00fae el&#8230;<\/p>\n","protected":false},"author":1,"featured_media":7472,"comment_status":"closed","ping_status":"closed","sticky":false,"template":"","format":"standard","meta":{"footnotes":""},"categories":[6],"tags":[],"class_list":["post-11199","post","type-post","status-publish","format-standard","has-post-thumbnail","hentry","category-ciudad-provincia"],"yoast_head":"<!-- This site is optimized with the Yoast SEO plugin v26.1.1 - https:\/\/yoast.com\/wordpress\/plugins\/seo\/ -->\n<title>LA OLA DE CALOR SE TOM\u00d3 UN RECREO, PERO ESTA SEMANA VUELVE A LA CARGA - Apuntes de San Luis<\/title>\n<meta name=\"robots\" content=\"index, follow, max-snippet:-1, max-image-preview:large, max-video-preview:-1\" \/>\n<link rel=\"canonical\" href=\"https:\/\/apuntesdesanluis.com\/index.php\/2024\/02\/04\/la-ola-de-calor-se-tomo-un-recreo-pero-esta-semana-vuelve-a-la-carga\/\" \/>\n<meta property=\"og:locale\" content=\"es_ES\" \/>\n<meta property=\"og:type\" content=\"article\" \/>\n<meta property=\"og:title\" content=\"LA OLA DE CALOR SE TOM\u00d3 UN RECREO, PERO ESTA SEMANA VUELVE A LA CARGA - Apuntes de San Luis\" \/>\n<meta property=\"og:description\" content=\"La Red de Estaciones Meteorol\u00f3gicas de la provincia anticip\u00f3 que se espera que contin\u00fae el...\" \/>\n<meta property=\"og:url\" content=\"https:\/\/apuntesdesanluis.com\/index.php\/2024\/02\/04\/la-ola-de-calor-se-tomo-un-recreo-pero-esta-semana-vuelve-a-la-carga\/\" \/>\n<meta property=\"og:site_name\" content=\"Apuntes de San Luis\" \/>\n<meta property=\"article:published_time\" content=\"2024-02-04T23:51:42+00:00\" \/>\n<meta property=\"og:image\" content=\"https:\/\/apuntesdesanluis.com\/wp-content\/uploads\/2023\/11\/CALOR-Y-AGUA.png\" \/>\n\t<meta property=\"og:image:width\" content=\"692\" \/>\n\t<meta property=\"og:image:height\" content=\"390\" \/>\n\t<meta property=\"og:image:type\" content=\"image\/png\" \/>\n<meta name=\"author\" content=\"apuntesdesanluis.com\" \/>\n<meta name=\"twitter:card\" content=\"summary_large_image\" \/>\n<meta name=\"twitter:label1\" content=\"Escrito por\" \/>\n\t<meta name=\"twitter:data1\" content=\"apuntesdesanluis.com\" \/>\n\t<meta name=\"twitter:label2\" content=\"Tiempo de lectura\" \/>\n\t<meta name=\"twitter:data2\" content=\"1 minuto\" \/>\n<script type=\"application\/ld+json\" class=\"yoast-schema-graph\">{\"@context\":\"https:\/\/schema.org\",\"@graph\":[{\"@type\":\"Article\",\"@id\":\"https:\/\/apuntesdesanluis.com\/index.php\/2024\/02\/04\/la-ola-de-calor-se-tomo-un-recreo-pero-esta-semana-vuelve-a-la-carga\/#article\",\"isPartOf\":{\"@id\":\"https:\/\/apuntesdesanluis.com\/index.php\/2024\/02\/04\/la-ola-de-calor-se-tomo-un-recreo-pero-esta-semana-vuelve-a-la-carga\/\"},\"author\":{\"name\":\"apuntesdesanluis.com\",\"@id\":\"https:\/\/apuntesdesanluis.com\/#\/schema\/person\/b55151d52296fcce64d1a72538a70b90\"},\"headline\":\"LA OLA DE CALOR SE TOM\u00d3 UN RECREO, PERO ESTA SEMANA VUELVE A LA CARGA\",\"datePublished\":\"2024-02-04T23:51:42+00:00\",\"mainEntityOfPage\":{\"@id\":\"https:\/\/apuntesdesanluis.com\/index.php\/2024\/02\/04\/la-ola-de-calor-se-tomo-un-recreo-pero-esta-semana-vuelve-a-la-carga\/\"},\"wordCount\":246,\"publisher\":{\"@id\":\"https:\/\/apuntesdesanluis.com\/#\/schema\/person\/b55151d52296fcce64d1a72538a70b90\"},\"image\":{\"@id\":\"https:\/\/apuntesdesanluis.com\/index.php\/2024\/02\/04\/la-ola-de-calor-se-tomo-un-recreo-pero-esta-semana-vuelve-a-la-carga\/#primaryimage\"},\"thumbnailUrl\":\"https:\/\/apuntesdesanluis.com\/wp-content\/uploads\/2023\/11\/CALOR-Y-AGUA.png\",\"articleSection\":[\"Ciudad\/Provincia\"],\"inLanguage\":\"es-AR\"},{\"@type\":\"WebPage\",\"@id\":\"https:\/\/apuntesdesanluis.com\/index.php\/2024\/02\/04\/la-ola-de-calor-se-tomo-un-recreo-pero-esta-semana-vuelve-a-la-carga\/\",\"url\":\"https:\/\/apuntesdesanluis.com\/index.php\/2024\/02\/04\/la-ola-de-calor-se-tomo-un-recreo-pero-esta-semana-vuelve-a-la-carga\/\",\"name\":\"LA OLA DE CALOR SE TOM\u00d3 UN RECREO, PERO ESTA SEMANA VUELVE A LA CARGA - Apuntes de San Luis\",\"isPartOf\":{\"@id\":\"https:\/\/apuntesdesanluis.com\/#website\"},\"primaryImageOfPage\":{\"@id\":\"https:\/\/apuntesdesanluis.com\/index.php\/2024\/02\/04\/la-ola-de-calor-se-tomo-un-recreo-pero-esta-semana-vuelve-a-la-carga\/#primaryimage\"},\"image\":{\"@id\":\"https:\/\/apuntesdesanluis.com\/index.php\/2024\/02\/04\/la-ola-de-calor-se-tomo-un-recreo-pero-esta-semana-vuelve-a-la-carga\/#primaryimage\"},\"thumbnailUrl\":\"https:\/\/apuntesdesanluis.com\/wp-content\/uploads\/2023\/11\/CALOR-Y-AGUA.png\",\"datePublished\":\"2024-02-04T23:51:42+00:00\",\"breadcrumb\":{\"@id\":\"https:\/\/apuntesdesanluis.com\/index.php\/2024\/02\/04\/la-ola-de-calor-se-tomo-un-recreo-pero-esta-semana-vuelve-a-la-carga\/#breadcrumb\"},\"inLanguage\":\"es-AR\",\"potentialAction\":[{\"@type\":\"ReadAction\",\"target\":[\"https:\/\/apuntesdesanluis.com\/index.php\/2024\/02\/04\/la-ola-de-calor-se-tomo-un-recreo-pero-esta-semana-vuelve-a-la-carga\/\"]}]},{\"@type\":\"ImageObject\",\"inLanguage\":\"es-AR\",\"@id\":\"https:\/\/apuntesdesanluis.com\/index.php\/2024\/02\/04\/la-ola-de-calor-se-tomo-un-recreo-pero-esta-semana-vuelve-a-la-carga\/#primaryimage\",\"url\":\"https:\/\/apuntesdesanluis.com\/wp-content\/uploads\/2023\/11\/CALOR-Y-AGUA.png\",\"contentUrl\":\"https:\/\/apuntesdesanluis.com\/wp-content\/uploads\/2023\/11\/CALOR-Y-AGUA.png\",\"width\":692,\"height\":390},{\"@type\":\"BreadcrumbList\",\"@id\":\"https:\/\/apuntesdesanluis.com\/index.php\/2024\/02\/04\/la-ola-de-calor-se-tomo-un-recreo-pero-esta-semana-vuelve-a-la-carga\/#breadcrumb\",\"itemListElement\":[{\"@type\":\"ListItem\",\"position\":1,\"name\":\"Inicio\",\"item\":\"https:\/\/apuntesdesanluis.com\/\"},{\"@type\":\"ListItem\",\"position\":2,\"name\":\"LA OLA DE CALOR SE TOM\u00d3 UN RECREO, PERO ESTA SEMANA VUELVE A LA CARGA\"}]},{\"@type\":\"WebSite\",\"@id\":\"https:\/\/apuntesdesanluis.com\/#website\",\"url\":\"https:\/\/apuntesdesanluis.com\/\",\"name\":\"Apuntes de San Luis\",\"description\":\"\",\"publisher\":{\"@id\":\"https:\/\/apuntesdesanluis.com\/#\/schema\/person\/b55151d52296fcce64d1a72538a70b90\"},\"potentialAction\":[{\"@type\":\"SearchAction\",\"target\":{\"@type\":\"EntryPoint\",\"urlTemplate\":\"https:\/\/apuntesdesanluis.com\/?s={search_term_string}\"},\"query-input\":{\"@type\":\"PropertyValueSpecification\",\"valueRequired\":true,\"valueName\":\"search_term_string\"}}],\"inLanguage\":\"es-AR\"},{\"@type\":[\"Person\",\"Organization\"],\"@id\":\"https:\/\/apuntesdesanluis.com\/#\/schema\/person\/b55151d52296fcce64d1a72538a70b90\",\"name\":\"apuntesdesanluis.com\",\"image\":{\"@type\":\"ImageObject\",\"inLanguage\":\"es-AR\",\"@id\":\"https:\/\/apuntesdesanluis.com\/#\/schema\/person\/image\/\",\"url\":\"https:\/\/apuntesdesanluis.com\/wp-content\/uploads\/2023\/07\/cropped-apuntesdesanluis.png\",\"contentUrl\":\"https:\/\/apuntesdesanluis.com\/wp-content\/uploads\/2023\/07\/cropped-apuntesdesanluis.png\",\"width\":450,\"height\":112,\"caption\":\"apuntesdesanluis.com\"},\"logo\":{\"@id\":\"https:\/\/apuntesdesanluis.com\/#\/schema\/person\/image\/\"},\"sameAs\":[\"https:\/\/apuntesdesanluis.com\"],\"url\":\"https:\/\/apuntesdesanluis.com\/index.php\/author\/apuntesdesanluis-com\/\"}]}<\/script>\n<!-- \/ Yoast SEO plugin. -->","yoast_head_json":{"title":"LA OLA DE CALOR SE TOM\u00d3 UN RECREO, PERO ESTA SEMANA VUELVE A LA CARGA - Apuntes de San Luis","robots":{"index":"index","follow":"follow","max-snippet":"max-snippet:-1","max-image-preview":"max-image-preview:large","max-video-preview":"max-video-preview:-1"},"canonical":"https:\/\/apuntesdesanluis.com\/index.php\/2024\/02\/04\/la-ola-de-calor-se-tomo-un-recreo-pero-esta-semana-vuelve-a-la-carga\/","og_locale":"es_ES","og_type":"article","og_title":"LA OLA DE CALOR SE TOM\u00d3 UN RECREO, PERO ESTA SEMANA VUELVE A LA CARGA - Apuntes de San Luis","og_description":"La Red de Estaciones Meteorol\u00f3gicas de la provincia anticip\u00f3 que se espera que contin\u00fae el...","og_url":"https:\/\/apuntesdesanluis.com\/index.php\/2024\/02\/04\/la-ola-de-calor-se-tomo-un-recreo-pero-esta-semana-vuelve-a-la-carga\/","og_site_name":"Apuntes de San Luis","article_published_time":"2024-02-04T23:51:42+00:00","og_image":[{"width":692,"height":390,"url":"https:\/\/apuntesdesanluis.com\/wp-content\/uploads\/2023\/11\/CALOR-Y-AGUA.png","type":"image\/png"}],"author":"apuntesdesanluis.com","twitter_card":"summary_large_image","twitter_misc":{"Escrito por":"apuntesdesanluis.com","Tiempo de lectura":"1 minuto"},"schema":{"@context":"https:\/\/schema.org","@graph":[{"@type":"Article","@id":"https:\/\/apuntesdesanluis.com\/index.php\/2024\/02\/04\/la-ola-de-calor-se-tomo-un-recreo-pero-esta-semana-vuelve-a-la-carga\/#article","isPartOf":{"@id":"https:\/\/apuntesdesanluis.com\/index.php\/2024\/02\/04\/la-ola-de-calor-se-tomo-un-recreo-pero-esta-semana-vuelve-a-la-carga\/"},"author":{"name":"apuntesdesanluis.com","@id":"https:\/\/apuntesdesanluis.com\/#\/schema\/person\/b55151d52296fcce64d1a72538a70b90"},"headline":"LA OLA DE CALOR SE TOM\u00d3 UN RECREO, PERO ESTA SEMANA VUELVE A LA CARGA","datePublished":"2024-02-04T23:51:42+00:00","mainEntityOfPage":{"@id":"https:\/\/apuntesdesanluis.com\/index.php\/2024\/02\/04\/la-ola-de-calor-se-tomo-un-recreo-pero-esta-semana-vuelve-a-la-carga\/"},"wordCount":246,"publisher":{"@id":"https:\/\/apuntesdesanluis.com\/#\/schema\/person\/b55151d52296fcce64d1a72538a70b90"},"image":{"@id":"https:\/\/apuntesdesanluis.com\/index.php\/2024\/02\/04\/la-ola-de-calor-se-tomo-un-recreo-pero-esta-semana-vuelve-a-la-carga\/#primaryimage"},"thumbnailUrl":"https:\/\/apuntesdesanluis.com\/wp-content\/uploads\/2023\/11\/CALOR-Y-AGUA.png","articleSection":["Ciudad\/Provincia"],"inLanguage":"es-AR"},{"@type":"WebPage","@id":"https:\/\/apuntesdesanluis.com\/index.php\/2024\/02\/04\/la-ola-de-calor-se-tomo-un-recreo-pero-esta-semana-vuelve-a-la-carga\/","url":"https:\/\/apuntesdesanluis.com\/index.php\/2024\/02\/04\/la-ola-de-calor-se-tomo-un-recreo-pero-esta-semana-vuelve-a-la-carga\/","name":"LA OLA DE CALOR SE TOM\u00d3 UN RECREO, PERO ESTA SEMANA VUELVE A LA CARGA - Apuntes de San Luis","isPartOf":{"@id":"https:\/\/apuntesdesanluis.com\/#website"},"primaryImageOfPage":{"@id":"https:\/\/apuntesdesanluis.com\/index.php\/2024\/02\/04\/la-ola-de-calor-se-tomo-un-recreo-pero-esta-semana-vuelve-a-la-carga\/#primaryimage"},"image":{"@id":"https:\/\/apuntesdesanluis.com\/index.php\/2024\/02\/04\/la-ola-de-calor-se-tomo-un-recreo-pero-esta-semana-vuelve-a-la-carga\/#primaryimage"},"thumbnailUrl":"https:\/\/apuntesdesanluis.com\/wp-content\/uploads\/2023\/11\/CALOR-Y-AGUA.png","datePublished":"2024-02-04T23:51:42+00:00","breadcrumb":{"@id":"https:\/\/apuntesdesanluis.com\/index.php\/2024\/02\/04\/la-ola-de-calor-se-tomo-un-recreo-pero-esta-semana-vuelve-a-la-carga\/#breadcrumb"},"inLanguage":"es-AR","potentialAction":[{"@type":"ReadAction","target":["https:\/\/apuntesdesanluis.com\/index.php\/2024\/02\/04\/la-ola-de-calor-se-tomo-un-recreo-pero-esta-semana-vuelve-a-la-carga\/"]}]},{"@type":"ImageObject","inLanguage":"es-AR","@id":"https:\/\/apuntesdesanluis.com\/index.php\/2024\/02\/04\/la-ola-de-calor-se-tomo-un-recreo-pero-esta-semana-vuelve-a-la-carga\/#primaryimage","url":"https:\/\/apuntesdesanluis.com\/wp-content\/uploads\/2023\/11\/CALOR-Y-AGUA.png","contentUrl":"https:\/\/apuntesdesanluis.com\/wp-content\/uploads\/2023\/11\/CALOR-Y-AGUA.png","width":692,"height":390},{"@type":"BreadcrumbList","@id":"https:\/\/apuntesdesanluis.com\/index.php\/2024\/02\/04\/la-ola-de-calor-se-tomo-un-recreo-pero-esta-semana-vuelve-a-la-carga\/#breadcrumb","itemListElement":[{"@type":"ListItem","position":1,"name":"Inicio","item":"https:\/\/apuntesdesanluis.com\/"},{"@type":"ListItem","position":2,"name":"LA OLA DE CALOR SE TOM\u00d3 UN RECREO, PERO ESTA SEMANA VUELVE A LA CARGA"}]},{"@type":"WebSite","@id":"https:\/\/apuntesdesanluis.com\/#website","url":"https:\/\/apuntesdesanluis.com\/","name":"Apuntes de San Luis","description":"","publisher":{"@id":"https:\/\/apuntesdesanluis.com\/#\/schema\/person\/b55151d52296fcce64d1a72538a70b90"},"potentialAction":[{"@type":"SearchAction","target":{"@type":"EntryPoint","urlTemplate":"https:\/\/apuntesdesanluis.com\/?s={search_term_string}"},"query-input":{"@type":"PropertyValueSpecification","valueRequired":true,"valueName":"search_term_string"}}],"inLanguage":"es-AR"},{"@type":["Person","Organization"],"@id":"https:\/\/apuntesdesanluis.com\/#\/schema\/person\/b55151d52296fcce64d1a72538a70b90","name":"apuntesdesanluis.com","image":{"@type":"ImageObject","inLanguage":"es-AR","@id":"https:\/\/apuntesdesanluis.com\/#\/schema\/person\/image\/","url":"https:\/\/apuntesdesanluis.com\/wp-content\/uploads\/2023\/07\/cropped-apuntesdesanluis.png","contentUrl":"https:\/\/apuntesdesanluis.com\/wp-content\/uploads\/2023\/07\/cropped-apuntesdesanluis.png","width":450,"height":112,"caption":"apuntesdesanluis.com"},"logo":{"@id":"https:\/\/apuntesdesanluis.com\/#\/schema\/person\/image\/"},"sameAs":["https:\/\/apuntesdesanluis.com"],"url":"https:\/\/apuntesdesanluis.com\/index.php\/author\/apuntesdesanluis-com\/"}]}},"featured_image_urls":{"full":["https:\/\/apuntesdesanluis.com\/wp-content\/uploads\/2023\/11\/CALOR-Y-AGUA.png",692,390,false],"thumbnail":["https:\/\/apuntesdesanluis.com\/wp-content\/uploads\/2023\/11\/CALOR-Y-AGUA-150x150.png",150,150,true],"medium":["https:\/\/apuntesdesanluis.com\/wp-content\/uploads\/2023\/11\/CALOR-Y-AGUA-300x169.png",300,169,true],"medium_large":["https:\/\/apuntesdesanluis.com\/wp-content\/uploads\/2023\/11\/CALOR-Y-AGUA.png",640,361,false],"large":["https:\/\/apuntesdesanluis.com\/wp-content\/uploads\/2023\/11\/CALOR-Y-AGUA.png",640,361,false],"1536x1536":["https:\/\/apuntesdesanluis.com\/wp-content\/uploads\/2023\/11\/CALOR-Y-AGUA.png",692,390,false],"2048x2048":["https:\/\/apuntesdesanluis.com\/wp-content\/uploads\/2023\/11\/CALOR-Y-AGUA.png",692,390,false],"newsever-slider-full":["https:\/\/apuntesdesanluis.com\/wp-content\/uploads\/2023\/11\/CALOR-Y-AGUA.png",692,390,false],"newsever-featured":["https:\/\/apuntesdesanluis.com\/wp-content\/uploads\/2023\/11\/CALOR-Y-AGUA.png",692,390,false],"newsever-medium":["https:\/\/apuntesdesanluis.com\/wp-content\/uploads\/2023\/11\/CALOR-Y-AGUA.png",692,390,false]},"author_info":{"display_name":"apuntesdesanluis.com","author_link":"https:\/\/apuntesdesanluis.com\/index.php\/author\/apuntesdesanluis-com\/"},"category_info":"<a href=\"https:\/\/apuntesdesanluis.com\/index.php\/category\/ciudad-provincia\/\" rel=\"category tag\">Ciudad\/Provincia<\/a>","tag_info":"Ciudad\/Provincia","comment_count":"0","_links":{"self":[{"href":"https:\/\/apuntesdesanluis.com\/index.php\/wp-json\/wp\/v2\/posts\/11199","targetHints":{"allow":["GET"]}}],"collection":[{"href":"https:\/\/apuntesdesanluis.com\/index.php\/wp-json\/wp\/v2\/posts"}],"about":[{"href":"https:\/\/apuntesdesanluis.com\/index.php\/wp-json\/wp\/v2\/types\/post"}],"author":[{"embeddable":true,"href":"https:\/\/apuntesdesanluis.com\/index.php\/wp-json\/wp\/v2\/users\/1"}],"replies":[{"embeddable":true,"href":"https:\/\/apuntesdesanluis.com\/index.php\/wp-json\/wp\/v2\/comments?post=11199"}],"version-history":[{"count":1,"href":"https:\/\/apuntesdesanluis.com\/index.php\/wp-json\/wp\/v2\/posts\/11199\/revisions"}],"predecessor-version":[{"id":11200,"href":"https:\/\/apuntesdesanluis.com\/index.php\/wp-json\/wp\/v2\/posts\/11199\/revisions\/11200"}],"wp:featuredmedia":[{"embeddable":true,"href":"https:\/\/apuntesdesanluis.com\/index.php\/wp-json\/wp\/v2\/media\/7472"}],"wp:attachment":[{"href":"https:\/\/apuntesdesanluis.com\/index.php\/wp-json\/wp\/v2\/media?parent=11199"}],"wp:term":[{"taxonomy":"category","embeddable":true,"href":"https:\/\/apuntesdesanluis.com\/index.php\/wp-json\/wp\/v2\/categories?post=11199"},{"taxonomy":"post_tag","embeddable":true,"href":"https:\/\/apuntesdesanluis.com\/index.php\/wp-json\/wp\/v2\/tags?post=11199"}],"curies":[{"name":"wp","href":"https:\/\/api.w.org\/{rel}","templated":true}]}}