{"id":11249,"date":"2024-02-05T20:02:30","date_gmt":"2024-02-05T23:02:30","guid":{"rendered":"https:\/\/apuntesdesanluis.com\/?p=11249"},"modified":"2024-02-05T20:02:30","modified_gmt":"2024-02-05T23:02:30","slug":"los-empleados-publicos-cobran-este-martes-el-segundo-tramo-salarial","status":"publish","type":"post","link":"https:\/\/apuntesdesanluis.com\/index.php\/2024\/02\/05\/los-empleados-publicos-cobran-este-martes-el-segundo-tramo-salarial\/","title":{"rendered":"LOS EMPLEADOS P\u00daBLICOS COBRAN ESTE MARTES EL SEGUNDO TRAMO SALARIAL"},"content":{"rendered":"<h3>Se trata de la \u00faltima cuota correspondiente a los haberes de enero, cuya primera parte hab\u00eda sido depositada el pasado 31 de enero, con un piso de $300 mil.<\/h3>\n<h3>La direcci\u00f3n de Recursos Humanos inform\u00f3 que la segunda cuota de los haberes correspondientes al mes de enero ser\u00e1 abonada este martes 6 de febrero. De ese modo se completa el pago del sueldo del primer mes del a\u00f1o.<\/h3>\n<h3>El primer tramo se otorg\u00f3 con un piso de $300 mil el \u00faltimo d\u00eda del mes pasado, por lo que ahora percibir\u00e1n el saldo restante. Esta medida, adem\u00e1s, signific\u00f3 un beneficio para los agentes de categor\u00edas menores.<\/h3>\n<h3>Cabe recordar que el desdoblamiento se debi\u00f3 a que la Legislatura provincial no autoriz\u00f3 la concreci\u00f3n del convenio de adelanto transitorio de haberes con el Banco de la Naci\u00f3n Argentina. No obstante, a partir de la reducci\u00f3n del gasto superfluo y la implementaci\u00f3n de mayores controles en el manejo de los fondos p\u00fablicos, el Gobierno pudo acortar los plazos de diferimiento.<\/h3>\n<h3>Como se hab\u00eda anunciado, los funcionarios de la provincia tambi\u00e9n recibir\u00e1n el pago este martes.<\/h3>\n<h3><strong>PLANES SOCIALES<\/strong><\/h3>\n<h3>Los trabajadores del Plan de Inclusi\u00f3n Social percibir\u00e1n sus haberes tambi\u00e9n este martes 6.<\/h3>\n<h3>Mientras que los ciudadanos beneficiados con el \u2018Programa Empezar\u2019 y las \u2018Becas 22AG\u2019, cobrar\u00e1n el viernes 9.<\/h3>\n<p>&nbsp;<\/p>\n<p>&nbsp;<\/p>\n<p>&nbsp;<\/p>\n<p>&nbsp;<\/p>\n","protected":false},"excerpt":{"rendered":"<p>Se trata de la \u00faltima cuota correspondiente a los haberes de enero, cuya primera parte&#8230;<\/p>\n","protected":false},"author":1,"featured_media":11250,"comment_status":"closed","ping_status":"closed","sticky":false,"template":"","format":"standard","meta":{"footnotes":""},"categories":[6],"tags":[],"class_list":["post-11249","post","type-post","status-publish","format-standard","has-post-thumbnail","hentry","category-ciudad-provincia"],"yoast_head":"<!-- This site is optimized with the Yoast SEO plugin v26.1.1 - https:\/\/yoast.com\/wordpress\/plugins\/seo\/ -->\n<title>LOS EMPLEADOS P\u00daBLICOS COBRAN ESTE MARTES EL SEGUNDO TRAMO SALARIAL - Apuntes de San Luis<\/title>\n<meta name=\"robots\" content=\"index, follow, max-snippet:-1, max-image-preview:large, max-video-preview:-1\" \/>\n<link rel=\"canonical\" href=\"https:\/\/apuntesdesanluis.com\/index.php\/2024\/02\/05\/los-empleados-publicos-cobran-este-martes-el-segundo-tramo-salarial\/\" \/>\n<meta property=\"og:locale\" content=\"es_ES\" \/>\n<meta property=\"og:type\" content=\"article\" \/>\n<meta property=\"og:title\" content=\"LOS EMPLEADOS P\u00daBLICOS COBRAN ESTE MARTES EL SEGUNDO TRAMO SALARIAL - Apuntes de San Luis\" \/>\n<meta property=\"og:description\" content=\"Se trata de la \u00faltima cuota correspondiente a los haberes de enero, cuya primera parte...\" \/>\n<meta property=\"og:url\" content=\"https:\/\/apuntesdesanluis.com\/index.php\/2024\/02\/05\/los-empleados-publicos-cobran-este-martes-el-segundo-tramo-salarial\/\" \/>\n<meta property=\"og:site_name\" content=\"Apuntes de San Luis\" \/>\n<meta property=\"article:published_time\" content=\"2024-02-05T23:02:30+00:00\" \/>\n<meta property=\"og:image\" content=\"https:\/\/apuntesdesanluis.com\/wp-content\/uploads\/2024\/02\/TERRAZAS.png\" \/>\n\t<meta property=\"og:image:width\" content=\"743\" \/>\n\t<meta property=\"og:image:height\" content=\"470\" \/>\n\t<meta property=\"og:image:type\" content=\"image\/png\" \/>\n<meta name=\"author\" content=\"apuntesdesanluis.com\" \/>\n<meta name=\"twitter:card\" content=\"summary_large_image\" \/>\n<meta name=\"twitter:label1\" content=\"Escrito por\" \/>\n\t<meta name=\"twitter:data1\" content=\"apuntesdesanluis.com\" \/>\n\t<meta name=\"twitter:label2\" content=\"Tiempo de lectura\" \/>\n\t<meta name=\"twitter:data2\" content=\"1 minuto\" \/>\n<script type=\"application\/ld+json\" class=\"yoast-schema-graph\">{\"@context\":\"https:\/\/schema.org\",\"@graph\":[{\"@type\":\"Article\",\"@id\":\"https:\/\/apuntesdesanluis.com\/index.php\/2024\/02\/05\/los-empleados-publicos-cobran-este-martes-el-segundo-tramo-salarial\/#article\",\"isPartOf\":{\"@id\":\"https:\/\/apuntesdesanluis.com\/index.php\/2024\/02\/05\/los-empleados-publicos-cobran-este-martes-el-segundo-tramo-salarial\/\"},\"author\":{\"name\":\"apuntesdesanluis.com\",\"@id\":\"https:\/\/apuntesdesanluis.com\/#\/schema\/person\/b55151d52296fcce64d1a72538a70b90\"},\"headline\":\"LOS EMPLEADOS P\u00daBLICOS COBRAN ESTE MARTES EL SEGUNDO TRAMO SALARIAL\",\"datePublished\":\"2024-02-05T23:02:30+00:00\",\"mainEntityOfPage\":{\"@id\":\"https:\/\/apuntesdesanluis.com\/index.php\/2024\/02\/05\/los-empleados-publicos-cobran-este-martes-el-segundo-tramo-salarial\/\"},\"wordCount\":242,\"publisher\":{\"@id\":\"https:\/\/apuntesdesanluis.com\/#\/schema\/person\/b55151d52296fcce64d1a72538a70b90\"},\"image\":{\"@id\":\"https:\/\/apuntesdesanluis.com\/index.php\/2024\/02\/05\/los-empleados-publicos-cobran-este-martes-el-segundo-tramo-salarial\/#primaryimage\"},\"thumbnailUrl\":\"https:\/\/apuntesdesanluis.com\/wp-content\/uploads\/2024\/02\/TERRAZAS.png\",\"articleSection\":[\"Ciudad\/Provincia\"],\"inLanguage\":\"es-AR\"},{\"@type\":\"WebPage\",\"@id\":\"https:\/\/apuntesdesanluis.com\/index.php\/2024\/02\/05\/los-empleados-publicos-cobran-este-martes-el-segundo-tramo-salarial\/\",\"url\":\"https:\/\/apuntesdesanluis.com\/index.php\/2024\/02\/05\/los-empleados-publicos-cobran-este-martes-el-segundo-tramo-salarial\/\",\"name\":\"LOS EMPLEADOS P\u00daBLICOS COBRAN ESTE MARTES EL SEGUNDO TRAMO SALARIAL - Apuntes de San Luis\",\"isPartOf\":{\"@id\":\"https:\/\/apuntesdesanluis.com\/#website\"},\"primaryImageOfPage\":{\"@id\":\"https:\/\/apuntesdesanluis.com\/index.php\/2024\/02\/05\/los-empleados-publicos-cobran-este-martes-el-segundo-tramo-salarial\/#primaryimage\"},\"image\":{\"@id\":\"https:\/\/apuntesdesanluis.com\/index.php\/2024\/02\/05\/los-empleados-publicos-cobran-este-martes-el-segundo-tramo-salarial\/#primaryimage\"},\"thumbnailUrl\":\"https:\/\/apuntesdesanluis.com\/wp-content\/uploads\/2024\/02\/TERRAZAS.png\",\"datePublished\":\"2024-02-05T23:02:30+00:00\",\"breadcrumb\":{\"@id\":\"https:\/\/apuntesdesanluis.com\/index.php\/2024\/02\/05\/los-empleados-publicos-cobran-este-martes-el-segundo-tramo-salarial\/#breadcrumb\"},\"inLanguage\":\"es-AR\",\"potentialAction\":[{\"@type\":\"ReadAction\",\"target\":[\"https:\/\/apuntesdesanluis.com\/index.php\/2024\/02\/05\/los-empleados-publicos-cobran-este-martes-el-segundo-tramo-salarial\/\"]}]},{\"@type\":\"ImageObject\",\"inLanguage\":\"es-AR\",\"@id\":\"https:\/\/apuntesdesanluis.com\/index.php\/2024\/02\/05\/los-empleados-publicos-cobran-este-martes-el-segundo-tramo-salarial\/#primaryimage\",\"url\":\"https:\/\/apuntesdesanluis.com\/wp-content\/uploads\/2024\/02\/TERRAZAS.png\",\"contentUrl\":\"https:\/\/apuntesdesanluis.com\/wp-content\/uploads\/2024\/02\/TERRAZAS.png\",\"width\":743,\"height\":470},{\"@type\":\"BreadcrumbList\",\"@id\":\"https:\/\/apuntesdesanluis.com\/index.php\/2024\/02\/05\/los-empleados-publicos-cobran-este-martes-el-segundo-tramo-salarial\/#breadcrumb\",\"itemListElement\":[{\"@type\":\"ListItem\",\"position\":1,\"name\":\"Inicio\",\"item\":\"https:\/\/apuntesdesanluis.com\/\"},{\"@type\":\"ListItem\",\"position\":2,\"name\":\"LOS EMPLEADOS P\u00daBLICOS COBRAN ESTE MARTES EL SEGUNDO TRAMO SALARIAL\"}]},{\"@type\":\"WebSite\",\"@id\":\"https:\/\/apuntesdesanluis.com\/#website\",\"url\":\"https:\/\/apuntesdesanluis.com\/\",\"name\":\"Apuntes de San Luis\",\"description\":\"\",\"publisher\":{\"@id\":\"https:\/\/apuntesdesanluis.com\/#\/schema\/person\/b55151d52296fcce64d1a72538a70b90\"},\"potentialAction\":[{\"@type\":\"SearchAction\",\"target\":{\"@type\":\"EntryPoint\",\"urlTemplate\":\"https:\/\/apuntesdesanluis.com\/?s={search_term_string}\"},\"query-input\":{\"@type\":\"PropertyValueSpecification\",\"valueRequired\":true,\"valueName\":\"search_term_string\"}}],\"inLanguage\":\"es-AR\"},{\"@type\":[\"Person\",\"Organization\"],\"@id\":\"https:\/\/apuntesdesanluis.com\/#\/schema\/person\/b55151d52296fcce64d1a72538a70b90\",\"name\":\"apuntesdesanluis.com\",\"image\":{\"@type\":\"ImageObject\",\"inLanguage\":\"es-AR\",\"@id\":\"https:\/\/apuntesdesanluis.com\/#\/schema\/person\/image\/\",\"url\":\"https:\/\/apuntesdesanluis.com\/wp-content\/uploads\/2023\/07\/cropped-apuntesdesanluis.png\",\"contentUrl\":\"https:\/\/apuntesdesanluis.com\/wp-content\/uploads\/2023\/07\/cropped-apuntesdesanluis.png\",\"width\":450,\"height\":112,\"caption\":\"apuntesdesanluis.com\"},\"logo\":{\"@id\":\"https:\/\/apuntesdesanluis.com\/#\/schema\/person\/image\/\"},\"sameAs\":[\"https:\/\/apuntesdesanluis.com\"],\"url\":\"https:\/\/apuntesdesanluis.com\/index.php\/author\/apuntesdesanluis-com\/\"}]}<\/script>\n<!-- \/ Yoast SEO plugin. -->","yoast_head_json":{"title":"LOS EMPLEADOS P\u00daBLICOS COBRAN ESTE MARTES EL SEGUNDO TRAMO SALARIAL - Apuntes de San Luis","robots":{"index":"index","follow":"follow","max-snippet":"max-snippet:-1","max-image-preview":"max-image-preview:large","max-video-preview":"max-video-preview:-1"},"canonical":"https:\/\/apuntesdesanluis.com\/index.php\/2024\/02\/05\/los-empleados-publicos-cobran-este-martes-el-segundo-tramo-salarial\/","og_locale":"es_ES","og_type":"article","og_title":"LOS EMPLEADOS P\u00daBLICOS COBRAN ESTE MARTES EL SEGUNDO TRAMO SALARIAL - Apuntes de San Luis","og_description":"Se trata de la \u00faltima cuota correspondiente a los haberes de enero, cuya primera parte...","og_url":"https:\/\/apuntesdesanluis.com\/index.php\/2024\/02\/05\/los-empleados-publicos-cobran-este-martes-el-segundo-tramo-salarial\/","og_site_name":"Apuntes de San Luis","article_published_time":"2024-02-05T23:02:30+00:00","og_image":[{"width":743,"height":470,"url":"https:\/\/apuntesdesanluis.com\/wp-content\/uploads\/2024\/02\/TERRAZAS.png","type":"image\/png"}],"author":"apuntesdesanluis.com","twitter_card":"summary_large_image","twitter_misc":{"Escrito por":"apuntesdesanluis.com","Tiempo de lectura":"1 minuto"},"schema":{"@context":"https:\/\/schema.org","@graph":[{"@type":"Article","@id":"https:\/\/apuntesdesanluis.com\/index.php\/2024\/02\/05\/los-empleados-publicos-cobran-este-martes-el-segundo-tramo-salarial\/#article","isPartOf":{"@id":"https:\/\/apuntesdesanluis.com\/index.php\/2024\/02\/05\/los-empleados-publicos-cobran-este-martes-el-segundo-tramo-salarial\/"},"author":{"name":"apuntesdesanluis.com","@id":"https:\/\/apuntesdesanluis.com\/#\/schema\/person\/b55151d52296fcce64d1a72538a70b90"},"headline":"LOS EMPLEADOS P\u00daBLICOS COBRAN ESTE MARTES EL SEGUNDO TRAMO SALARIAL","datePublished":"2024-02-05T23:02:30+00:00","mainEntityOfPage":{"@id":"https:\/\/apuntesdesanluis.com\/index.php\/2024\/02\/05\/los-empleados-publicos-cobran-este-martes-el-segundo-tramo-salarial\/"},"wordCount":242,"publisher":{"@id":"https:\/\/apuntesdesanluis.com\/#\/schema\/person\/b55151d52296fcce64d1a72538a70b90"},"image":{"@id":"https:\/\/apuntesdesanluis.com\/index.php\/2024\/02\/05\/los-empleados-publicos-cobran-este-martes-el-segundo-tramo-salarial\/#primaryimage"},"thumbnailUrl":"https:\/\/apuntesdesanluis.com\/wp-content\/uploads\/2024\/02\/TERRAZAS.png","articleSection":["Ciudad\/Provincia"],"inLanguage":"es-AR"},{"@type":"WebPage","@id":"https:\/\/apuntesdesanluis.com\/index.php\/2024\/02\/05\/los-empleados-publicos-cobran-este-martes-el-segundo-tramo-salarial\/","url":"https:\/\/apuntesdesanluis.com\/index.php\/2024\/02\/05\/los-empleados-publicos-cobran-este-martes-el-segundo-tramo-salarial\/","name":"LOS EMPLEADOS P\u00daBLICOS COBRAN ESTE MARTES EL SEGUNDO TRAMO SALARIAL - Apuntes de San Luis","isPartOf":{"@id":"https:\/\/apuntesdesanluis.com\/#website"},"primaryImageOfPage":{"@id":"https:\/\/apuntesdesanluis.com\/index.php\/2024\/02\/05\/los-empleados-publicos-cobran-este-martes-el-segundo-tramo-salarial\/#primaryimage"},"image":{"@id":"https:\/\/apuntesdesanluis.com\/index.php\/2024\/02\/05\/los-empleados-publicos-cobran-este-martes-el-segundo-tramo-salarial\/#primaryimage"},"thumbnailUrl":"https:\/\/apuntesdesanluis.com\/wp-content\/uploads\/2024\/02\/TERRAZAS.png","datePublished":"2024-02-05T23:02:30+00:00","breadcrumb":{"@id":"https:\/\/apuntesdesanluis.com\/index.php\/2024\/02\/05\/los-empleados-publicos-cobran-este-martes-el-segundo-tramo-salarial\/#breadcrumb"},"inLanguage":"es-AR","potentialAction":[{"@type":"ReadAction","target":["https:\/\/apuntesdesanluis.com\/index.php\/2024\/02\/05\/los-empleados-publicos-cobran-este-martes-el-segundo-tramo-salarial\/"]}]},{"@type":"ImageObject","inLanguage":"es-AR","@id":"https:\/\/apuntesdesanluis.com\/index.php\/2024\/02\/05\/los-empleados-publicos-cobran-este-martes-el-segundo-tramo-salarial\/#primaryimage","url":"https:\/\/apuntesdesanluis.com\/wp-content\/uploads\/2024\/02\/TERRAZAS.png","contentUrl":"https:\/\/apuntesdesanluis.com\/wp-content\/uploads\/2024\/02\/TERRAZAS.png","width":743,"height":470},{"@type":"BreadcrumbList","@id":"https:\/\/apuntesdesanluis.com\/index.php\/2024\/02\/05\/los-empleados-publicos-cobran-este-martes-el-segundo-tramo-salarial\/#breadcrumb","itemListElement":[{"@type":"ListItem","position":1,"name":"Inicio","item":"https:\/\/apuntesdesanluis.com\/"},{"@type":"ListItem","position":2,"name":"LOS EMPLEADOS P\u00daBLICOS COBRAN ESTE MARTES EL SEGUNDO TRAMO SALARIAL"}]},{"@type":"WebSite","@id":"https:\/\/apuntesdesanluis.com\/#website","url":"https:\/\/apuntesdesanluis.com\/","name":"Apuntes de San Luis","description":"","publisher":{"@id":"https:\/\/apuntesdesanluis.com\/#\/schema\/person\/b55151d52296fcce64d1a72538a70b90"},"potentialAction":[{"@type":"SearchAction","target":{"@type":"EntryPoint","urlTemplate":"https:\/\/apuntesdesanluis.com\/?s={search_term_string}"},"query-input":{"@type":"PropertyValueSpecification","valueRequired":true,"valueName":"search_term_string"}}],"inLanguage":"es-AR"},{"@type":["Person","Organization"],"@id":"https:\/\/apuntesdesanluis.com\/#\/schema\/person\/b55151d52296fcce64d1a72538a70b90","name":"apuntesdesanluis.com","image":{"@type":"ImageObject","inLanguage":"es-AR","@id":"https:\/\/apuntesdesanluis.com\/#\/schema\/person\/image\/","url":"https:\/\/apuntesdesanluis.com\/wp-content\/uploads\/2023\/07\/cropped-apuntesdesanluis.png","contentUrl":"https:\/\/apuntesdesanluis.com\/wp-content\/uploads\/2023\/07\/cropped-apuntesdesanluis.png","width":450,"height":112,"caption":"apuntesdesanluis.com"},"logo":{"@id":"https:\/\/apuntesdesanluis.com\/#\/schema\/person\/image\/"},"sameAs":["https:\/\/apuntesdesanluis.com"],"url":"https:\/\/apuntesdesanluis.com\/index.php\/author\/apuntesdesanluis-com\/"}]}},"featured_image_urls":{"full":["https:\/\/apuntesdesanluis.com\/wp-content\/uploads\/2024\/02\/TERRAZAS.png",743,470,false],"thumbnail":["https:\/\/apuntesdesanluis.com\/wp-content\/uploads\/2024\/02\/TERRAZAS-150x150.png",150,150,true],"medium":["https:\/\/apuntesdesanluis.com\/wp-content\/uploads\/2024\/02\/TERRAZAS-300x190.png",300,190,true],"medium_large":["https:\/\/apuntesdesanluis.com\/wp-content\/uploads\/2024\/02\/TERRAZAS.png",640,405,false],"large":["https:\/\/apuntesdesanluis.com\/wp-content\/uploads\/2024\/02\/TERRAZAS.png",640,405,false],"1536x1536":["https:\/\/apuntesdesanluis.com\/wp-content\/uploads\/2024\/02\/TERRAZAS.png",743,470,false],"2048x2048":["https:\/\/apuntesdesanluis.com\/wp-content\/uploads\/2024\/02\/TERRAZAS.png",743,470,false],"newsever-slider-full":["https:\/\/apuntesdesanluis.com\/wp-content\/uploads\/2024\/02\/TERRAZAS.png",743,470,false],"newsever-featured":["https:\/\/apuntesdesanluis.com\/wp-content\/uploads\/2024\/02\/TERRAZAS.png",743,470,false],"newsever-medium":["https:\/\/apuntesdesanluis.com\/wp-content\/uploads\/2024\/02\/TERRAZAS-720x470.png",720,470,true]},"author_info":{"display_name":"apuntesdesanluis.com","author_link":"https:\/\/apuntesdesanluis.com\/index.php\/author\/apuntesdesanluis-com\/"},"category_info":"<a href=\"https:\/\/apuntesdesanluis.com\/index.php\/category\/ciudad-provincia\/\" rel=\"category tag\">Ciudad\/Provincia<\/a>","tag_info":"Ciudad\/Provincia","comment_count":"0","_links":{"self":[{"href":"https:\/\/apuntesdesanluis.com\/index.php\/wp-json\/wp\/v2\/posts\/11249","targetHints":{"allow":["GET"]}}],"collection":[{"href":"https:\/\/apuntesdesanluis.com\/index.php\/wp-json\/wp\/v2\/posts"}],"about":[{"href":"https:\/\/apuntesdesanluis.com\/index.php\/wp-json\/wp\/v2\/types\/post"}],"author":[{"embeddable":true,"href":"https:\/\/apuntesdesanluis.com\/index.php\/wp-json\/wp\/v2\/users\/1"}],"replies":[{"embeddable":true,"href":"https:\/\/apuntesdesanluis.com\/index.php\/wp-json\/wp\/v2\/comments?post=11249"}],"version-history":[{"count":1,"href":"https:\/\/apuntesdesanluis.com\/index.php\/wp-json\/wp\/v2\/posts\/11249\/revisions"}],"predecessor-version":[{"id":11251,"href":"https:\/\/apuntesdesanluis.com\/index.php\/wp-json\/wp\/v2\/posts\/11249\/revisions\/11251"}],"wp:featuredmedia":[{"embeddable":true,"href":"https:\/\/apuntesdesanluis.com\/index.php\/wp-json\/wp\/v2\/media\/11250"}],"wp:attachment":[{"href":"https:\/\/apuntesdesanluis.com\/index.php\/wp-json\/wp\/v2\/media?parent=11249"}],"wp:term":[{"taxonomy":"category","embeddable":true,"href":"https:\/\/apuntesdesanluis.com\/index.php\/wp-json\/wp\/v2\/categories?post=11249"},{"taxonomy":"post_tag","embeddable":true,"href":"https:\/\/apuntesdesanluis.com\/index.php\/wp-json\/wp\/v2\/tags?post=11249"}],"curies":[{"name":"wp","href":"https:\/\/api.w.org\/{rel}","templated":true}]}}