{"id":11259,"date":"2024-02-05T20:13:13","date_gmt":"2024-02-05T23:13:13","guid":{"rendered":"https:\/\/apuntesdesanluis.com\/?p=11259"},"modified":"2024-02-05T20:13:13","modified_gmt":"2024-02-05T23:13:13","slug":"ordenan-prision-preventiva-para-un-imputado-por-robo-calificado-por-el-uso-de-arma","status":"publish","type":"post","link":"https:\/\/apuntesdesanluis.com\/index.php\/2024\/02\/05\/ordenan-prision-preventiva-para-un-imputado-por-robo-calificado-por-el-uso-de-arma\/","title":{"rendered":"ORDENAN PRISI\u00d3N PREVENTIVA PARA UN IMPUTADO POR ROBO CALIFICADO POR EL USO DE ARMA"},"content":{"rendered":"<h3>La fiscal\u00eda solicit\u00f3 la revocaci\u00f3n de la libertad del imputado ordenada por el Juez de Garant\u00eda.<\/h3>\n<h3>Este lunes, se desarroll\u00f3 una audiencia en el Tribunal de Impugnaciones de la Segunda y Tercera Circunscripci\u00f3n Judicial en el marco de una causa que tiene como imputado a un hombre por el delito de robo calificado por el empleo de un arma de fuego apta para el disparo en grado de tentativa.<\/h3>\n<h3>En esta oportunidad, el Dr. Leandro Estrada, Fiscal de Instrucci\u00f3n N\u00ba 4, acompa\u00f1ado por la Fiscal Adjunta Dra. Gisela Milstein,\u00a0 solicit\u00f3 la revocaci\u00f3n de la libertad ambulatoria del imputado y las medidas\u00a0 ordenadas por el Juez de Garant\u00eda y que se dicte la prisi\u00f3n preventiva por el t\u00e9rmino de 60 d\u00edas, argument\u00f3 su pedido teniendo en cuenta, entre otras cuestiones, el riesgo procesal, la gravedad del hecho, el pron\u00f3stico punitivo, el menosprecio por la vida, etc.<\/h3>\n<h3><img fetchpriority=\"high\" decoding=\"async\" class=\"wp-image-11261 aligncenter\" src=\"https:\/\/apuntesdesanluis.com\/wp-content\/uploads\/2024\/02\/TRIBUNAL-IMPUGNACIONES-300x189.png\" alt=\"\" width=\"606\" height=\"382\" srcset=\"https:\/\/apuntesdesanluis.com\/wp-content\/uploads\/2024\/02\/TRIBUNAL-IMPUGNACIONES-300x189.png 300w, https:\/\/apuntesdesanluis.com\/wp-content\/uploads\/2024\/02\/TRIBUNAL-IMPUGNACIONES.png 600w\" sizes=\"(max-width: 606px) 100vw, 606px\" \/><\/h3>\n<h3>El hecho, relat\u00f3 el fiscal, sucedi\u00f3 el pasado 10 de enero alrededor de las 19:40 hs en una vivienda de la ciudad. En ese entonces, con el objetivo de realizar una transacci\u00f3n de compra de d\u00f3lares, el imputado ingres\u00f3 a la casa \u2013donde vive una familia- con un arma de fuego con 8 proyectiles (4 usados y 4 listos para usarse) y trat\u00f3 de desapoderar al damnificado del dinero. El fiscal destac\u00f3 el accionar del imputado luego de ser aprehendido (amenazas a la v\u00edctima), la conducta en la celda disciplinaria y la intenci\u00f3n de contacto por medio de una red social.<\/h3>\n<h3>Asimismo, mencion\u00f3 que seg\u00fan el resultado del dermotest y de la pericia del arma, esta hab\u00eda sido utilizada anteriormente y que se encontraba en condiciones de ser disparada.<\/h3>\n<h3>Como querellantes intervinieron las Dras. Nayla Cabrera Mu\u00f1oz y Soledad Bernabeu. Como defensor del imputado, el Dr. Emanuel Correa Otaz\u00fa.<\/h3>\n<h3>Luego de un cuarto intermedio, el tribunal integrado por los Dres. Marcelo Oscar Bustamante Marone \u2013presidente- Hern\u00e1n Herrera \u2013vocal-\u00a0 y la Dra. Maria Moserrat Bocca \u2013vocal- resolvi\u00f3 de manera un\u00e1nime ordenar la prisi\u00f3n preventiva por 30 d\u00edas y el traslado al Servicio Penitenciario Provincial.<\/h3>\n<h3>Entre las consideraciones, el Dr. Marone Bustamante mencion\u00f3 los riesgos procesales, el peligro de fuga, la pena en expectativa, riesgo de entorpecimiento y riesgo para la v\u00edctima, teniendo en cuenta el accionar del imputado posterior al hecho.<\/h3>\n<p>&nbsp;<\/p>\n<p>&nbsp;<\/p>\n<p>&nbsp;<\/p>\n","protected":false},"excerpt":{"rendered":"<p>La fiscal\u00eda solicit\u00f3 la revocaci\u00f3n de la libertad del imputado ordenada por el Juez de&#8230;<\/p>\n","protected":false},"author":1,"featured_media":11260,"comment_status":"closed","ping_status":"closed","sticky":false,"template":"","format":"standard","meta":{"footnotes":""},"categories":[6],"tags":[],"class_list":["post-11259","post","type-post","status-publish","format-standard","has-post-thumbnail","hentry","category-ciudad-provincia"],"yoast_head":"<!-- This site is optimized with the Yoast SEO plugin v26.1.1 - https:\/\/yoast.com\/wordpress\/plugins\/seo\/ -->\n<title>ORDENAN PRISI\u00d3N PREVENTIVA PARA UN IMPUTADO POR ROBO CALIFICADO POR EL USO DE ARMA - Apuntes de San Luis<\/title>\n<meta name=\"robots\" content=\"index, follow, max-snippet:-1, max-image-preview:large, max-video-preview:-1\" \/>\n<link rel=\"canonical\" href=\"https:\/\/apuntesdesanluis.com\/index.php\/2024\/02\/05\/ordenan-prision-preventiva-para-un-imputado-por-robo-calificado-por-el-uso-de-arma\/\" \/>\n<meta property=\"og:locale\" content=\"es_ES\" \/>\n<meta property=\"og:type\" content=\"article\" \/>\n<meta property=\"og:title\" content=\"ORDENAN PRISI\u00d3N PREVENTIVA PARA UN IMPUTADO POR ROBO CALIFICADO POR EL USO DE ARMA - Apuntes de San Luis\" \/>\n<meta property=\"og:description\" content=\"La fiscal\u00eda solicit\u00f3 la revocaci\u00f3n de la libertad del imputado ordenada por el Juez de...\" \/>\n<meta property=\"og:url\" content=\"https:\/\/apuntesdesanluis.com\/index.php\/2024\/02\/05\/ordenan-prision-preventiva-para-un-imputado-por-robo-calificado-por-el-uso-de-arma\/\" \/>\n<meta property=\"og:site_name\" content=\"Apuntes de San Luis\" \/>\n<meta property=\"article:published_time\" content=\"2024-02-05T23:13:13+00:00\" \/>\n<meta property=\"og:image\" content=\"https:\/\/apuntesdesanluis.com\/wp-content\/uploads\/2024\/02\/AUDIENCIA.png\" \/>\n\t<meta property=\"og:image:width\" content=\"600\" \/>\n\t<meta property=\"og:image:height\" content=\"329\" \/>\n\t<meta property=\"og:image:type\" content=\"image\/png\" \/>\n<meta name=\"author\" content=\"apuntesdesanluis.com\" \/>\n<meta name=\"twitter:card\" content=\"summary_large_image\" \/>\n<meta name=\"twitter:label1\" content=\"Escrito por\" \/>\n\t<meta name=\"twitter:data1\" content=\"apuntesdesanluis.com\" \/>\n\t<meta name=\"twitter:label2\" content=\"Tiempo de lectura\" \/>\n\t<meta name=\"twitter:data2\" content=\"2 minutos\" \/>\n<script type=\"application\/ld+json\" class=\"yoast-schema-graph\">{\"@context\":\"https:\/\/schema.org\",\"@graph\":[{\"@type\":\"Article\",\"@id\":\"https:\/\/apuntesdesanluis.com\/index.php\/2024\/02\/05\/ordenan-prision-preventiva-para-un-imputado-por-robo-calificado-por-el-uso-de-arma\/#article\",\"isPartOf\":{\"@id\":\"https:\/\/apuntesdesanluis.com\/index.php\/2024\/02\/05\/ordenan-prision-preventiva-para-un-imputado-por-robo-calificado-por-el-uso-de-arma\/\"},\"author\":{\"name\":\"apuntesdesanluis.com\",\"@id\":\"https:\/\/apuntesdesanluis.com\/#\/schema\/person\/b55151d52296fcce64d1a72538a70b90\"},\"headline\":\"ORDENAN PRISI\u00d3N PREVENTIVA PARA UN IMPUTADO POR ROBO CALIFICADO POR EL USO DE ARMA\",\"datePublished\":\"2024-02-05T23:13:13+00:00\",\"mainEntityOfPage\":{\"@id\":\"https:\/\/apuntesdesanluis.com\/index.php\/2024\/02\/05\/ordenan-prision-preventiva-para-un-imputado-por-robo-calificado-por-el-uso-de-arma\/\"},\"wordCount\":409,\"publisher\":{\"@id\":\"https:\/\/apuntesdesanluis.com\/#\/schema\/person\/b55151d52296fcce64d1a72538a70b90\"},\"image\":{\"@id\":\"https:\/\/apuntesdesanluis.com\/index.php\/2024\/02\/05\/ordenan-prision-preventiva-para-un-imputado-por-robo-calificado-por-el-uso-de-arma\/#primaryimage\"},\"thumbnailUrl\":\"https:\/\/apuntesdesanluis.com\/wp-content\/uploads\/2024\/02\/AUDIENCIA.png\",\"articleSection\":[\"Ciudad\/Provincia\"],\"inLanguage\":\"es-AR\"},{\"@type\":\"WebPage\",\"@id\":\"https:\/\/apuntesdesanluis.com\/index.php\/2024\/02\/05\/ordenan-prision-preventiva-para-un-imputado-por-robo-calificado-por-el-uso-de-arma\/\",\"url\":\"https:\/\/apuntesdesanluis.com\/index.php\/2024\/02\/05\/ordenan-prision-preventiva-para-un-imputado-por-robo-calificado-por-el-uso-de-arma\/\",\"name\":\"ORDENAN PRISI\u00d3N PREVENTIVA PARA UN IMPUTADO POR ROBO CALIFICADO POR EL USO DE ARMA - Apuntes de San Luis\",\"isPartOf\":{\"@id\":\"https:\/\/apuntesdesanluis.com\/#website\"},\"primaryImageOfPage\":{\"@id\":\"https:\/\/apuntesdesanluis.com\/index.php\/2024\/02\/05\/ordenan-prision-preventiva-para-un-imputado-por-robo-calificado-por-el-uso-de-arma\/#primaryimage\"},\"image\":{\"@id\":\"https:\/\/apuntesdesanluis.com\/index.php\/2024\/02\/05\/ordenan-prision-preventiva-para-un-imputado-por-robo-calificado-por-el-uso-de-arma\/#primaryimage\"},\"thumbnailUrl\":\"https:\/\/apuntesdesanluis.com\/wp-content\/uploads\/2024\/02\/AUDIENCIA.png\",\"datePublished\":\"2024-02-05T23:13:13+00:00\",\"breadcrumb\":{\"@id\":\"https:\/\/apuntesdesanluis.com\/index.php\/2024\/02\/05\/ordenan-prision-preventiva-para-un-imputado-por-robo-calificado-por-el-uso-de-arma\/#breadcrumb\"},\"inLanguage\":\"es-AR\",\"potentialAction\":[{\"@type\":\"ReadAction\",\"target\":[\"https:\/\/apuntesdesanluis.com\/index.php\/2024\/02\/05\/ordenan-prision-preventiva-para-un-imputado-por-robo-calificado-por-el-uso-de-arma\/\"]}]},{\"@type\":\"ImageObject\",\"inLanguage\":\"es-AR\",\"@id\":\"https:\/\/apuntesdesanluis.com\/index.php\/2024\/02\/05\/ordenan-prision-preventiva-para-un-imputado-por-robo-calificado-por-el-uso-de-arma\/#primaryimage\",\"url\":\"https:\/\/apuntesdesanluis.com\/wp-content\/uploads\/2024\/02\/AUDIENCIA.png\",\"contentUrl\":\"https:\/\/apuntesdesanluis.com\/wp-content\/uploads\/2024\/02\/AUDIENCIA.png\",\"width\":600,\"height\":329},{\"@type\":\"BreadcrumbList\",\"@id\":\"https:\/\/apuntesdesanluis.com\/index.php\/2024\/02\/05\/ordenan-prision-preventiva-para-un-imputado-por-robo-calificado-por-el-uso-de-arma\/#breadcrumb\",\"itemListElement\":[{\"@type\":\"ListItem\",\"position\":1,\"name\":\"Inicio\",\"item\":\"https:\/\/apuntesdesanluis.com\/\"},{\"@type\":\"ListItem\",\"position\":2,\"name\":\"ORDENAN PRISI\u00d3N PREVENTIVA PARA UN IMPUTADO POR ROBO CALIFICADO POR EL USO DE ARMA\"}]},{\"@type\":\"WebSite\",\"@id\":\"https:\/\/apuntesdesanluis.com\/#website\",\"url\":\"https:\/\/apuntesdesanluis.com\/\",\"name\":\"Apuntes de San Luis\",\"description\":\"\",\"publisher\":{\"@id\":\"https:\/\/apuntesdesanluis.com\/#\/schema\/person\/b55151d52296fcce64d1a72538a70b90\"},\"potentialAction\":[{\"@type\":\"SearchAction\",\"target\":{\"@type\":\"EntryPoint\",\"urlTemplate\":\"https:\/\/apuntesdesanluis.com\/?s={search_term_string}\"},\"query-input\":{\"@type\":\"PropertyValueSpecification\",\"valueRequired\":true,\"valueName\":\"search_term_string\"}}],\"inLanguage\":\"es-AR\"},{\"@type\":[\"Person\",\"Organization\"],\"@id\":\"https:\/\/apuntesdesanluis.com\/#\/schema\/person\/b55151d52296fcce64d1a72538a70b90\",\"name\":\"apuntesdesanluis.com\",\"image\":{\"@type\":\"ImageObject\",\"inLanguage\":\"es-AR\",\"@id\":\"https:\/\/apuntesdesanluis.com\/#\/schema\/person\/image\/\",\"url\":\"https:\/\/apuntesdesanluis.com\/wp-content\/uploads\/2023\/07\/cropped-apuntesdesanluis.png\",\"contentUrl\":\"https:\/\/apuntesdesanluis.com\/wp-content\/uploads\/2023\/07\/cropped-apuntesdesanluis.png\",\"width\":450,\"height\":112,\"caption\":\"apuntesdesanluis.com\"},\"logo\":{\"@id\":\"https:\/\/apuntesdesanluis.com\/#\/schema\/person\/image\/\"},\"sameAs\":[\"https:\/\/apuntesdesanluis.com\"],\"url\":\"https:\/\/apuntesdesanluis.com\/index.php\/author\/apuntesdesanluis-com\/\"}]}<\/script>\n<!-- \/ Yoast SEO plugin. -->","yoast_head_json":{"title":"ORDENAN PRISI\u00d3N PREVENTIVA PARA UN IMPUTADO POR ROBO CALIFICADO POR EL USO DE ARMA - Apuntes de San Luis","robots":{"index":"index","follow":"follow","max-snippet":"max-snippet:-1","max-image-preview":"max-image-preview:large","max-video-preview":"max-video-preview:-1"},"canonical":"https:\/\/apuntesdesanluis.com\/index.php\/2024\/02\/05\/ordenan-prision-preventiva-para-un-imputado-por-robo-calificado-por-el-uso-de-arma\/","og_locale":"es_ES","og_type":"article","og_title":"ORDENAN PRISI\u00d3N PREVENTIVA PARA UN IMPUTADO POR ROBO CALIFICADO POR EL USO DE ARMA - Apuntes de San Luis","og_description":"La fiscal\u00eda solicit\u00f3 la revocaci\u00f3n de la libertad del imputado ordenada por el Juez de...","og_url":"https:\/\/apuntesdesanluis.com\/index.php\/2024\/02\/05\/ordenan-prision-preventiva-para-un-imputado-por-robo-calificado-por-el-uso-de-arma\/","og_site_name":"Apuntes de San Luis","article_published_time":"2024-02-05T23:13:13+00:00","og_image":[{"width":600,"height":329,"url":"https:\/\/apuntesdesanluis.com\/wp-content\/uploads\/2024\/02\/AUDIENCIA.png","type":"image\/png"}],"author":"apuntesdesanluis.com","twitter_card":"summary_large_image","twitter_misc":{"Escrito por":"apuntesdesanluis.com","Tiempo de lectura":"2 minutos"},"schema":{"@context":"https:\/\/schema.org","@graph":[{"@type":"Article","@id":"https:\/\/apuntesdesanluis.com\/index.php\/2024\/02\/05\/ordenan-prision-preventiva-para-un-imputado-por-robo-calificado-por-el-uso-de-arma\/#article","isPartOf":{"@id":"https:\/\/apuntesdesanluis.com\/index.php\/2024\/02\/05\/ordenan-prision-preventiva-para-un-imputado-por-robo-calificado-por-el-uso-de-arma\/"},"author":{"name":"apuntesdesanluis.com","@id":"https:\/\/apuntesdesanluis.com\/#\/schema\/person\/b55151d52296fcce64d1a72538a70b90"},"headline":"ORDENAN PRISI\u00d3N PREVENTIVA PARA UN IMPUTADO POR ROBO CALIFICADO POR EL USO DE ARMA","datePublished":"2024-02-05T23:13:13+00:00","mainEntityOfPage":{"@id":"https:\/\/apuntesdesanluis.com\/index.php\/2024\/02\/05\/ordenan-prision-preventiva-para-un-imputado-por-robo-calificado-por-el-uso-de-arma\/"},"wordCount":409,"publisher":{"@id":"https:\/\/apuntesdesanluis.com\/#\/schema\/person\/b55151d52296fcce64d1a72538a70b90"},"image":{"@id":"https:\/\/apuntesdesanluis.com\/index.php\/2024\/02\/05\/ordenan-prision-preventiva-para-un-imputado-por-robo-calificado-por-el-uso-de-arma\/#primaryimage"},"thumbnailUrl":"https:\/\/apuntesdesanluis.com\/wp-content\/uploads\/2024\/02\/AUDIENCIA.png","articleSection":["Ciudad\/Provincia"],"inLanguage":"es-AR"},{"@type":"WebPage","@id":"https:\/\/apuntesdesanluis.com\/index.php\/2024\/02\/05\/ordenan-prision-preventiva-para-un-imputado-por-robo-calificado-por-el-uso-de-arma\/","url":"https:\/\/apuntesdesanluis.com\/index.php\/2024\/02\/05\/ordenan-prision-preventiva-para-un-imputado-por-robo-calificado-por-el-uso-de-arma\/","name":"ORDENAN PRISI\u00d3N PREVENTIVA PARA UN IMPUTADO POR ROBO CALIFICADO POR EL USO DE ARMA - Apuntes de San Luis","isPartOf":{"@id":"https:\/\/apuntesdesanluis.com\/#website"},"primaryImageOfPage":{"@id":"https:\/\/apuntesdesanluis.com\/index.php\/2024\/02\/05\/ordenan-prision-preventiva-para-un-imputado-por-robo-calificado-por-el-uso-de-arma\/#primaryimage"},"image":{"@id":"https:\/\/apuntesdesanluis.com\/index.php\/2024\/02\/05\/ordenan-prision-preventiva-para-un-imputado-por-robo-calificado-por-el-uso-de-arma\/#primaryimage"},"thumbnailUrl":"https:\/\/apuntesdesanluis.com\/wp-content\/uploads\/2024\/02\/AUDIENCIA.png","datePublished":"2024-02-05T23:13:13+00:00","breadcrumb":{"@id":"https:\/\/apuntesdesanluis.com\/index.php\/2024\/02\/05\/ordenan-prision-preventiva-para-un-imputado-por-robo-calificado-por-el-uso-de-arma\/#breadcrumb"},"inLanguage":"es-AR","potentialAction":[{"@type":"ReadAction","target":["https:\/\/apuntesdesanluis.com\/index.php\/2024\/02\/05\/ordenan-prision-preventiva-para-un-imputado-por-robo-calificado-por-el-uso-de-arma\/"]}]},{"@type":"ImageObject","inLanguage":"es-AR","@id":"https:\/\/apuntesdesanluis.com\/index.php\/2024\/02\/05\/ordenan-prision-preventiva-para-un-imputado-por-robo-calificado-por-el-uso-de-arma\/#primaryimage","url":"https:\/\/apuntesdesanluis.com\/wp-content\/uploads\/2024\/02\/AUDIENCIA.png","contentUrl":"https:\/\/apuntesdesanluis.com\/wp-content\/uploads\/2024\/02\/AUDIENCIA.png","width":600,"height":329},{"@type":"BreadcrumbList","@id":"https:\/\/apuntesdesanluis.com\/index.php\/2024\/02\/05\/ordenan-prision-preventiva-para-un-imputado-por-robo-calificado-por-el-uso-de-arma\/#breadcrumb","itemListElement":[{"@type":"ListItem","position":1,"name":"Inicio","item":"https:\/\/apuntesdesanluis.com\/"},{"@type":"ListItem","position":2,"name":"ORDENAN PRISI\u00d3N PREVENTIVA PARA UN IMPUTADO POR ROBO CALIFICADO POR EL USO DE ARMA"}]},{"@type":"WebSite","@id":"https:\/\/apuntesdesanluis.com\/#website","url":"https:\/\/apuntesdesanluis.com\/","name":"Apuntes de San Luis","description":"","publisher":{"@id":"https:\/\/apuntesdesanluis.com\/#\/schema\/person\/b55151d52296fcce64d1a72538a70b90"},"potentialAction":[{"@type":"SearchAction","target":{"@type":"EntryPoint","urlTemplate":"https:\/\/apuntesdesanluis.com\/?s={search_term_string}"},"query-input":{"@type":"PropertyValueSpecification","valueRequired":true,"valueName":"search_term_string"}}],"inLanguage":"es-AR"},{"@type":["Person","Organization"],"@id":"https:\/\/apuntesdesanluis.com\/#\/schema\/person\/b55151d52296fcce64d1a72538a70b90","name":"apuntesdesanluis.com","image":{"@type":"ImageObject","inLanguage":"es-AR","@id":"https:\/\/apuntesdesanluis.com\/#\/schema\/person\/image\/","url":"https:\/\/apuntesdesanluis.com\/wp-content\/uploads\/2023\/07\/cropped-apuntesdesanluis.png","contentUrl":"https:\/\/apuntesdesanluis.com\/wp-content\/uploads\/2023\/07\/cropped-apuntesdesanluis.png","width":450,"height":112,"caption":"apuntesdesanluis.com"},"logo":{"@id":"https:\/\/apuntesdesanluis.com\/#\/schema\/person\/image\/"},"sameAs":["https:\/\/apuntesdesanluis.com"],"url":"https:\/\/apuntesdesanluis.com\/index.php\/author\/apuntesdesanluis-com\/"}]}},"featured_image_urls":{"full":["https:\/\/apuntesdesanluis.com\/wp-content\/uploads\/2024\/02\/AUDIENCIA.png",600,329,false],"thumbnail":["https:\/\/apuntesdesanluis.com\/wp-content\/uploads\/2024\/02\/AUDIENCIA-150x150.png",150,150,true],"medium":["https:\/\/apuntesdesanluis.com\/wp-content\/uploads\/2024\/02\/AUDIENCIA-300x165.png",300,165,true],"medium_large":["https:\/\/apuntesdesanluis.com\/wp-content\/uploads\/2024\/02\/AUDIENCIA.png",600,329,false],"large":["https:\/\/apuntesdesanluis.com\/wp-content\/uploads\/2024\/02\/AUDIENCIA.png",600,329,false],"1536x1536":["https:\/\/apuntesdesanluis.com\/wp-content\/uploads\/2024\/02\/AUDIENCIA.png",600,329,false],"2048x2048":["https:\/\/apuntesdesanluis.com\/wp-content\/uploads\/2024\/02\/AUDIENCIA.png",600,329,false],"newsever-slider-full":["https:\/\/apuntesdesanluis.com\/wp-content\/uploads\/2024\/02\/AUDIENCIA.png",600,329,false],"newsever-featured":["https:\/\/apuntesdesanluis.com\/wp-content\/uploads\/2024\/02\/AUDIENCIA.png",600,329,false],"newsever-medium":["https:\/\/apuntesdesanluis.com\/wp-content\/uploads\/2024\/02\/AUDIENCIA.png",600,329,false]},"author_info":{"display_name":"apuntesdesanluis.com","author_link":"https:\/\/apuntesdesanluis.com\/index.php\/author\/apuntesdesanluis-com\/"},"category_info":"<a href=\"https:\/\/apuntesdesanluis.com\/index.php\/category\/ciudad-provincia\/\" rel=\"category tag\">Ciudad\/Provincia<\/a>","tag_info":"Ciudad\/Provincia","comment_count":"0","_links":{"self":[{"href":"https:\/\/apuntesdesanluis.com\/index.php\/wp-json\/wp\/v2\/posts\/11259","targetHints":{"allow":["GET"]}}],"collection":[{"href":"https:\/\/apuntesdesanluis.com\/index.php\/wp-json\/wp\/v2\/posts"}],"about":[{"href":"https:\/\/apuntesdesanluis.com\/index.php\/wp-json\/wp\/v2\/types\/post"}],"author":[{"embeddable":true,"href":"https:\/\/apuntesdesanluis.com\/index.php\/wp-json\/wp\/v2\/users\/1"}],"replies":[{"embeddable":true,"href":"https:\/\/apuntesdesanluis.com\/index.php\/wp-json\/wp\/v2\/comments?post=11259"}],"version-history":[{"count":1,"href":"https:\/\/apuntesdesanluis.com\/index.php\/wp-json\/wp\/v2\/posts\/11259\/revisions"}],"predecessor-version":[{"id":11262,"href":"https:\/\/apuntesdesanluis.com\/index.php\/wp-json\/wp\/v2\/posts\/11259\/revisions\/11262"}],"wp:featuredmedia":[{"embeddable":true,"href":"https:\/\/apuntesdesanluis.com\/index.php\/wp-json\/wp\/v2\/media\/11260"}],"wp:attachment":[{"href":"https:\/\/apuntesdesanluis.com\/index.php\/wp-json\/wp\/v2\/media?parent=11259"}],"wp:term":[{"taxonomy":"category","embeddable":true,"href":"https:\/\/apuntesdesanluis.com\/index.php\/wp-json\/wp\/v2\/categories?post=11259"},{"taxonomy":"post_tag","embeddable":true,"href":"https:\/\/apuntesdesanluis.com\/index.php\/wp-json\/wp\/v2\/tags?post=11259"}],"curies":[{"name":"wp","href":"https:\/\/api.w.org\/{rel}","templated":true}]}}