{"id":11263,"date":"2024-02-05T20:17:38","date_gmt":"2024-02-05T23:17:38","guid":{"rendered":"https:\/\/apuntesdesanluis.com\/?p=11263"},"modified":"2024-02-05T20:17:38","modified_gmt":"2024-02-05T23:17:38","slug":"la-upro-suma-inscriptos-y-se-prepara-para-el-inicio-de-clases","status":"publish","type":"post","link":"https:\/\/apuntesdesanluis.com\/index.php\/2024\/02\/05\/la-upro-suma-inscriptos-y-se-prepara-para-el-inicio-de-clases\/","title":{"rendered":"LA UPRO SUMA INSCRIPTOS Y SE PREPARA PARA EL INICIO DE CLASES"},"content":{"rendered":"<h3>En solo dos semanas se han preinscripto m\u00e1s de 8 mil personas en toda la provincia. La Universidad Provincial de Oficios (UPrO) se encamina al inicio del ciclo lectivo 2024 y los n\u00fameros son m\u00e1s que auspiciosos.<\/h3>\n<h3>Con satisfacci\u00f3n, el rector de la casa de estudios, <strong>Rudy C\u00e1mera<\/strong>, adelant\u00f3 que hay m\u00e1s de 8 mil inscriptos para cursar en la Universidad Provincial de Oficios (UPrO). En conferencia de prensa invit\u00f3 a esos aspirantes a finalizar el tr\u00e1mite de forma personal en las diferentes sedes.<\/h3>\n<h3>El funcionario detall\u00f3 que al d\u00eda de la fecha se han confirmado 2 mil alumnos. En la misma l\u00ednea, record\u00f3 que tienen tiempo hasta el viernes 9 de febrero \u201cpara realizar la inscripci\u00f3n a cualquier curso o carrera que elijan\u201d en el horario de 8:00 a 20:00.<\/h3>\n<h3>El rector inform\u00f3 tambi\u00e9n que en las \u00faltimas horas han sufrido un ataque digital a la p\u00e1gina de la universidad que ha retrasado la preinscripci\u00f3n de cientos de personas y adelant\u00f3 que se hizo la denuncia judicial y se avanza en las investigaciones.<\/h3>\n<h3><strong>CARRERAS DISPONIBLES<\/strong><\/h3>\n<h3>La Universidad Provincial de Oficios cuenta en la actualidad con 42 carreras y cursos. \u201cAlgunos son semestrales, otros anuales y algunas que son de m\u00e1s de dos a\u00f1os, las tecnicaturas\u201d, inform\u00f3.<\/h3>\n<h3>En alusi\u00f3n a las carreras, C\u00e1mera puso \u00e9nfasis en que la universidad es abierta para todos y record\u00f3 que \u201ca comparaci\u00f3n de a\u00f1os anteriores, el cursillo de ingreso no va a ser eliminatorio, es nivelatorio\u201d.<\/h3>\n<h3>Y agreg\u00f3: \u201cEsto es importante aclararlo porque la limitaci\u00f3n que vamos a tener en cada una de las carreras es el cupo disponible. Sabemos que los talleres tienen un cupo finito, entonces anteriormente nos estaba pasando, por ejemplo, ten\u00edamos un cupo de 90 de recepci\u00f3n de inscripciones para soldador, resulta que aprobaban 30 en el cursillo y quedaban 100 afuera. Bueno, en este caso va a ser al rev\u00e9s, van a ingresar para cubrir estos cupos y mientras tanto, si no aprobaron el cursillo de nivelaci\u00f3n, lo van a poder hacer mientras cursan la tecnicatura\u201d, destac\u00f3.<\/h3>\n<h3>C\u00e1mera record\u00f3 que el primer d\u00eda del cursillo de ingreso ser\u00e1 el pr\u00f3ximo 19 de febrero en cada una de las sedes de la provincia.<\/h3>\n<h3>Para mayor informaci\u00f3n, los interesados pueden ingresar a la web <span style=\"color: #3366ff;\"><a style=\"color: #3366ff;\" href=\"http:\/\/www.uprosanluis.edu.ar\">www.uprosanluis.edu.ar<\/a><\/span><\/h3>\n","protected":false},"excerpt":{"rendered":"<p>En solo dos semanas se han preinscripto m\u00e1s de 8 mil personas en toda la&#8230;<\/p>\n","protected":false},"author":1,"featured_media":11264,"comment_status":"closed","ping_status":"closed","sticky":false,"template":"","format":"standard","meta":{"footnotes":""},"categories":[6],"tags":[],"class_list":["post-11263","post","type-post","status-publish","format-standard","has-post-thumbnail","hentry","category-ciudad-provincia"],"yoast_head":"<!-- This site is optimized with the Yoast SEO plugin v26.1.1 - https:\/\/yoast.com\/wordpress\/plugins\/seo\/ -->\n<title>LA UPRO SUMA INSCRIPTOS Y SE PREPARA PARA EL INICIO DE CLASES - Apuntes de San Luis<\/title>\n<meta name=\"robots\" content=\"index, follow, max-snippet:-1, max-image-preview:large, max-video-preview:-1\" \/>\n<link rel=\"canonical\" href=\"https:\/\/apuntesdesanluis.com\/index.php\/2024\/02\/05\/la-upro-suma-inscriptos-y-se-prepara-para-el-inicio-de-clases\/\" \/>\n<meta property=\"og:locale\" content=\"es_ES\" \/>\n<meta property=\"og:type\" content=\"article\" \/>\n<meta property=\"og:title\" content=\"LA UPRO SUMA INSCRIPTOS Y SE PREPARA PARA EL INICIO DE CLASES - Apuntes de San Luis\" \/>\n<meta property=\"og:description\" content=\"En solo dos semanas se han preinscripto m\u00e1s de 8 mil personas en toda la...\" \/>\n<meta property=\"og:url\" content=\"https:\/\/apuntesdesanluis.com\/index.php\/2024\/02\/05\/la-upro-suma-inscriptos-y-se-prepara-para-el-inicio-de-clases\/\" \/>\n<meta property=\"og:site_name\" content=\"Apuntes de San Luis\" \/>\n<meta property=\"article:published_time\" content=\"2024-02-05T23:17:38+00:00\" \/>\n<meta property=\"og:image\" content=\"https:\/\/apuntesdesanluis.com\/wp-content\/uploads\/2024\/02\/RUDY-CAMERA.png\" \/>\n\t<meta property=\"og:image:width\" content=\"600\" \/>\n\t<meta property=\"og:image:height\" content=\"351\" \/>\n\t<meta property=\"og:image:type\" content=\"image\/png\" \/>\n<meta name=\"author\" content=\"apuntesdesanluis.com\" \/>\n<meta name=\"twitter:card\" content=\"summary_large_image\" \/>\n<meta name=\"twitter:label1\" content=\"Escrito por\" \/>\n\t<meta name=\"twitter:data1\" content=\"apuntesdesanluis.com\" \/>\n\t<meta name=\"twitter:label2\" content=\"Tiempo de lectura\" \/>\n\t<meta name=\"twitter:data2\" content=\"2 minutos\" \/>\n<script type=\"application\/ld+json\" class=\"yoast-schema-graph\">{\"@context\":\"https:\/\/schema.org\",\"@graph\":[{\"@type\":\"Article\",\"@id\":\"https:\/\/apuntesdesanluis.com\/index.php\/2024\/02\/05\/la-upro-suma-inscriptos-y-se-prepara-para-el-inicio-de-clases\/#article\",\"isPartOf\":{\"@id\":\"https:\/\/apuntesdesanluis.com\/index.php\/2024\/02\/05\/la-upro-suma-inscriptos-y-se-prepara-para-el-inicio-de-clases\/\"},\"author\":{\"name\":\"apuntesdesanluis.com\",\"@id\":\"https:\/\/apuntesdesanluis.com\/#\/schema\/person\/b55151d52296fcce64d1a72538a70b90\"},\"headline\":\"LA UPRO SUMA INSCRIPTOS Y SE PREPARA PARA EL INICIO DE CLASES\",\"datePublished\":\"2024-02-05T23:17:38+00:00\",\"mainEntityOfPage\":{\"@id\":\"https:\/\/apuntesdesanluis.com\/index.php\/2024\/02\/05\/la-upro-suma-inscriptos-y-se-prepara-para-el-inicio-de-clases\/\"},\"wordCount\":405,\"publisher\":{\"@id\":\"https:\/\/apuntesdesanluis.com\/#\/schema\/person\/b55151d52296fcce64d1a72538a70b90\"},\"image\":{\"@id\":\"https:\/\/apuntesdesanluis.com\/index.php\/2024\/02\/05\/la-upro-suma-inscriptos-y-se-prepara-para-el-inicio-de-clases\/#primaryimage\"},\"thumbnailUrl\":\"https:\/\/apuntesdesanluis.com\/wp-content\/uploads\/2024\/02\/RUDY-CAMERA.png\",\"articleSection\":[\"Ciudad\/Provincia\"],\"inLanguage\":\"es-AR\"},{\"@type\":\"WebPage\",\"@id\":\"https:\/\/apuntesdesanluis.com\/index.php\/2024\/02\/05\/la-upro-suma-inscriptos-y-se-prepara-para-el-inicio-de-clases\/\",\"url\":\"https:\/\/apuntesdesanluis.com\/index.php\/2024\/02\/05\/la-upro-suma-inscriptos-y-se-prepara-para-el-inicio-de-clases\/\",\"name\":\"LA UPRO SUMA INSCRIPTOS Y SE PREPARA PARA EL INICIO DE CLASES - Apuntes de San Luis\",\"isPartOf\":{\"@id\":\"https:\/\/apuntesdesanluis.com\/#website\"},\"primaryImageOfPage\":{\"@id\":\"https:\/\/apuntesdesanluis.com\/index.php\/2024\/02\/05\/la-upro-suma-inscriptos-y-se-prepara-para-el-inicio-de-clases\/#primaryimage\"},\"image\":{\"@id\":\"https:\/\/apuntesdesanluis.com\/index.php\/2024\/02\/05\/la-upro-suma-inscriptos-y-se-prepara-para-el-inicio-de-clases\/#primaryimage\"},\"thumbnailUrl\":\"https:\/\/apuntesdesanluis.com\/wp-content\/uploads\/2024\/02\/RUDY-CAMERA.png\",\"datePublished\":\"2024-02-05T23:17:38+00:00\",\"breadcrumb\":{\"@id\":\"https:\/\/apuntesdesanluis.com\/index.php\/2024\/02\/05\/la-upro-suma-inscriptos-y-se-prepara-para-el-inicio-de-clases\/#breadcrumb\"},\"inLanguage\":\"es-AR\",\"potentialAction\":[{\"@type\":\"ReadAction\",\"target\":[\"https:\/\/apuntesdesanluis.com\/index.php\/2024\/02\/05\/la-upro-suma-inscriptos-y-se-prepara-para-el-inicio-de-clases\/\"]}]},{\"@type\":\"ImageObject\",\"inLanguage\":\"es-AR\",\"@id\":\"https:\/\/apuntesdesanluis.com\/index.php\/2024\/02\/05\/la-upro-suma-inscriptos-y-se-prepara-para-el-inicio-de-clases\/#primaryimage\",\"url\":\"https:\/\/apuntesdesanluis.com\/wp-content\/uploads\/2024\/02\/RUDY-CAMERA.png\",\"contentUrl\":\"https:\/\/apuntesdesanluis.com\/wp-content\/uploads\/2024\/02\/RUDY-CAMERA.png\",\"width\":600,\"height\":351},{\"@type\":\"BreadcrumbList\",\"@id\":\"https:\/\/apuntesdesanluis.com\/index.php\/2024\/02\/05\/la-upro-suma-inscriptos-y-se-prepara-para-el-inicio-de-clases\/#breadcrumb\",\"itemListElement\":[{\"@type\":\"ListItem\",\"position\":1,\"name\":\"Inicio\",\"item\":\"https:\/\/apuntesdesanluis.com\/\"},{\"@type\":\"ListItem\",\"position\":2,\"name\":\"LA UPRO SUMA INSCRIPTOS Y SE PREPARA PARA EL INICIO DE CLASES\"}]},{\"@type\":\"WebSite\",\"@id\":\"https:\/\/apuntesdesanluis.com\/#website\",\"url\":\"https:\/\/apuntesdesanluis.com\/\",\"name\":\"Apuntes de San Luis\",\"description\":\"\",\"publisher\":{\"@id\":\"https:\/\/apuntesdesanluis.com\/#\/schema\/person\/b55151d52296fcce64d1a72538a70b90\"},\"potentialAction\":[{\"@type\":\"SearchAction\",\"target\":{\"@type\":\"EntryPoint\",\"urlTemplate\":\"https:\/\/apuntesdesanluis.com\/?s={search_term_string}\"},\"query-input\":{\"@type\":\"PropertyValueSpecification\",\"valueRequired\":true,\"valueName\":\"search_term_string\"}}],\"inLanguage\":\"es-AR\"},{\"@type\":[\"Person\",\"Organization\"],\"@id\":\"https:\/\/apuntesdesanluis.com\/#\/schema\/person\/b55151d52296fcce64d1a72538a70b90\",\"name\":\"apuntesdesanluis.com\",\"image\":{\"@type\":\"ImageObject\",\"inLanguage\":\"es-AR\",\"@id\":\"https:\/\/apuntesdesanluis.com\/#\/schema\/person\/image\/\",\"url\":\"https:\/\/apuntesdesanluis.com\/wp-content\/uploads\/2023\/07\/cropped-apuntesdesanluis.png\",\"contentUrl\":\"https:\/\/apuntesdesanluis.com\/wp-content\/uploads\/2023\/07\/cropped-apuntesdesanluis.png\",\"width\":450,\"height\":112,\"caption\":\"apuntesdesanluis.com\"},\"logo\":{\"@id\":\"https:\/\/apuntesdesanluis.com\/#\/schema\/person\/image\/\"},\"sameAs\":[\"https:\/\/apuntesdesanluis.com\"],\"url\":\"https:\/\/apuntesdesanluis.com\/index.php\/author\/apuntesdesanluis-com\/\"}]}<\/script>\n<!-- \/ Yoast SEO plugin. -->","yoast_head_json":{"title":"LA UPRO SUMA INSCRIPTOS Y SE PREPARA PARA EL INICIO DE CLASES - Apuntes de San Luis","robots":{"index":"index","follow":"follow","max-snippet":"max-snippet:-1","max-image-preview":"max-image-preview:large","max-video-preview":"max-video-preview:-1"},"canonical":"https:\/\/apuntesdesanluis.com\/index.php\/2024\/02\/05\/la-upro-suma-inscriptos-y-se-prepara-para-el-inicio-de-clases\/","og_locale":"es_ES","og_type":"article","og_title":"LA UPRO SUMA INSCRIPTOS Y SE PREPARA PARA EL INICIO DE CLASES - Apuntes de San Luis","og_description":"En solo dos semanas se han preinscripto m\u00e1s de 8 mil personas en toda la...","og_url":"https:\/\/apuntesdesanluis.com\/index.php\/2024\/02\/05\/la-upro-suma-inscriptos-y-se-prepara-para-el-inicio-de-clases\/","og_site_name":"Apuntes de San Luis","article_published_time":"2024-02-05T23:17:38+00:00","og_image":[{"width":600,"height":351,"url":"https:\/\/apuntesdesanluis.com\/wp-content\/uploads\/2024\/02\/RUDY-CAMERA.png","type":"image\/png"}],"author":"apuntesdesanluis.com","twitter_card":"summary_large_image","twitter_misc":{"Escrito por":"apuntesdesanluis.com","Tiempo de lectura":"2 minutos"},"schema":{"@context":"https:\/\/schema.org","@graph":[{"@type":"Article","@id":"https:\/\/apuntesdesanluis.com\/index.php\/2024\/02\/05\/la-upro-suma-inscriptos-y-se-prepara-para-el-inicio-de-clases\/#article","isPartOf":{"@id":"https:\/\/apuntesdesanluis.com\/index.php\/2024\/02\/05\/la-upro-suma-inscriptos-y-se-prepara-para-el-inicio-de-clases\/"},"author":{"name":"apuntesdesanluis.com","@id":"https:\/\/apuntesdesanluis.com\/#\/schema\/person\/b55151d52296fcce64d1a72538a70b90"},"headline":"LA UPRO SUMA INSCRIPTOS Y SE PREPARA PARA EL INICIO DE CLASES","datePublished":"2024-02-05T23:17:38+00:00","mainEntityOfPage":{"@id":"https:\/\/apuntesdesanluis.com\/index.php\/2024\/02\/05\/la-upro-suma-inscriptos-y-se-prepara-para-el-inicio-de-clases\/"},"wordCount":405,"publisher":{"@id":"https:\/\/apuntesdesanluis.com\/#\/schema\/person\/b55151d52296fcce64d1a72538a70b90"},"image":{"@id":"https:\/\/apuntesdesanluis.com\/index.php\/2024\/02\/05\/la-upro-suma-inscriptos-y-se-prepara-para-el-inicio-de-clases\/#primaryimage"},"thumbnailUrl":"https:\/\/apuntesdesanluis.com\/wp-content\/uploads\/2024\/02\/RUDY-CAMERA.png","articleSection":["Ciudad\/Provincia"],"inLanguage":"es-AR"},{"@type":"WebPage","@id":"https:\/\/apuntesdesanluis.com\/index.php\/2024\/02\/05\/la-upro-suma-inscriptos-y-se-prepara-para-el-inicio-de-clases\/","url":"https:\/\/apuntesdesanluis.com\/index.php\/2024\/02\/05\/la-upro-suma-inscriptos-y-se-prepara-para-el-inicio-de-clases\/","name":"LA UPRO SUMA INSCRIPTOS Y SE PREPARA PARA EL INICIO DE CLASES - Apuntes de San Luis","isPartOf":{"@id":"https:\/\/apuntesdesanluis.com\/#website"},"primaryImageOfPage":{"@id":"https:\/\/apuntesdesanluis.com\/index.php\/2024\/02\/05\/la-upro-suma-inscriptos-y-se-prepara-para-el-inicio-de-clases\/#primaryimage"},"image":{"@id":"https:\/\/apuntesdesanluis.com\/index.php\/2024\/02\/05\/la-upro-suma-inscriptos-y-se-prepara-para-el-inicio-de-clases\/#primaryimage"},"thumbnailUrl":"https:\/\/apuntesdesanluis.com\/wp-content\/uploads\/2024\/02\/RUDY-CAMERA.png","datePublished":"2024-02-05T23:17:38+00:00","breadcrumb":{"@id":"https:\/\/apuntesdesanluis.com\/index.php\/2024\/02\/05\/la-upro-suma-inscriptos-y-se-prepara-para-el-inicio-de-clases\/#breadcrumb"},"inLanguage":"es-AR","potentialAction":[{"@type":"ReadAction","target":["https:\/\/apuntesdesanluis.com\/index.php\/2024\/02\/05\/la-upro-suma-inscriptos-y-se-prepara-para-el-inicio-de-clases\/"]}]},{"@type":"ImageObject","inLanguage":"es-AR","@id":"https:\/\/apuntesdesanluis.com\/index.php\/2024\/02\/05\/la-upro-suma-inscriptos-y-se-prepara-para-el-inicio-de-clases\/#primaryimage","url":"https:\/\/apuntesdesanluis.com\/wp-content\/uploads\/2024\/02\/RUDY-CAMERA.png","contentUrl":"https:\/\/apuntesdesanluis.com\/wp-content\/uploads\/2024\/02\/RUDY-CAMERA.png","width":600,"height":351},{"@type":"BreadcrumbList","@id":"https:\/\/apuntesdesanluis.com\/index.php\/2024\/02\/05\/la-upro-suma-inscriptos-y-se-prepara-para-el-inicio-de-clases\/#breadcrumb","itemListElement":[{"@type":"ListItem","position":1,"name":"Inicio","item":"https:\/\/apuntesdesanluis.com\/"},{"@type":"ListItem","position":2,"name":"LA UPRO SUMA INSCRIPTOS Y SE PREPARA PARA EL INICIO DE CLASES"}]},{"@type":"WebSite","@id":"https:\/\/apuntesdesanluis.com\/#website","url":"https:\/\/apuntesdesanluis.com\/","name":"Apuntes de San Luis","description":"","publisher":{"@id":"https:\/\/apuntesdesanluis.com\/#\/schema\/person\/b55151d52296fcce64d1a72538a70b90"},"potentialAction":[{"@type":"SearchAction","target":{"@type":"EntryPoint","urlTemplate":"https:\/\/apuntesdesanluis.com\/?s={search_term_string}"},"query-input":{"@type":"PropertyValueSpecification","valueRequired":true,"valueName":"search_term_string"}}],"inLanguage":"es-AR"},{"@type":["Person","Organization"],"@id":"https:\/\/apuntesdesanluis.com\/#\/schema\/person\/b55151d52296fcce64d1a72538a70b90","name":"apuntesdesanluis.com","image":{"@type":"ImageObject","inLanguage":"es-AR","@id":"https:\/\/apuntesdesanluis.com\/#\/schema\/person\/image\/","url":"https:\/\/apuntesdesanluis.com\/wp-content\/uploads\/2023\/07\/cropped-apuntesdesanluis.png","contentUrl":"https:\/\/apuntesdesanluis.com\/wp-content\/uploads\/2023\/07\/cropped-apuntesdesanluis.png","width":450,"height":112,"caption":"apuntesdesanluis.com"},"logo":{"@id":"https:\/\/apuntesdesanluis.com\/#\/schema\/person\/image\/"},"sameAs":["https:\/\/apuntesdesanluis.com"],"url":"https:\/\/apuntesdesanluis.com\/index.php\/author\/apuntesdesanluis-com\/"}]}},"featured_image_urls":{"full":["https:\/\/apuntesdesanluis.com\/wp-content\/uploads\/2024\/02\/RUDY-CAMERA.png",600,351,false],"thumbnail":["https:\/\/apuntesdesanluis.com\/wp-content\/uploads\/2024\/02\/RUDY-CAMERA-150x150.png",150,150,true],"medium":["https:\/\/apuntesdesanluis.com\/wp-content\/uploads\/2024\/02\/RUDY-CAMERA-300x176.png",300,176,true],"medium_large":["https:\/\/apuntesdesanluis.com\/wp-content\/uploads\/2024\/02\/RUDY-CAMERA.png",600,351,false],"large":["https:\/\/apuntesdesanluis.com\/wp-content\/uploads\/2024\/02\/RUDY-CAMERA.png",600,351,false],"1536x1536":["https:\/\/apuntesdesanluis.com\/wp-content\/uploads\/2024\/02\/RUDY-CAMERA.png",600,351,false],"2048x2048":["https:\/\/apuntesdesanluis.com\/wp-content\/uploads\/2024\/02\/RUDY-CAMERA.png",600,351,false],"newsever-slider-full":["https:\/\/apuntesdesanluis.com\/wp-content\/uploads\/2024\/02\/RUDY-CAMERA.png",600,351,false],"newsever-featured":["https:\/\/apuntesdesanluis.com\/wp-content\/uploads\/2024\/02\/RUDY-CAMERA.png",600,351,false],"newsever-medium":["https:\/\/apuntesdesanluis.com\/wp-content\/uploads\/2024\/02\/RUDY-CAMERA.png",600,351,false]},"author_info":{"display_name":"apuntesdesanluis.com","author_link":"https:\/\/apuntesdesanluis.com\/index.php\/author\/apuntesdesanluis-com\/"},"category_info":"<a href=\"https:\/\/apuntesdesanluis.com\/index.php\/category\/ciudad-provincia\/\" rel=\"category tag\">Ciudad\/Provincia<\/a>","tag_info":"Ciudad\/Provincia","comment_count":"0","_links":{"self":[{"href":"https:\/\/apuntesdesanluis.com\/index.php\/wp-json\/wp\/v2\/posts\/11263","targetHints":{"allow":["GET"]}}],"collection":[{"href":"https:\/\/apuntesdesanluis.com\/index.php\/wp-json\/wp\/v2\/posts"}],"about":[{"href":"https:\/\/apuntesdesanluis.com\/index.php\/wp-json\/wp\/v2\/types\/post"}],"author":[{"embeddable":true,"href":"https:\/\/apuntesdesanluis.com\/index.php\/wp-json\/wp\/v2\/users\/1"}],"replies":[{"embeddable":true,"href":"https:\/\/apuntesdesanluis.com\/index.php\/wp-json\/wp\/v2\/comments?post=11263"}],"version-history":[{"count":1,"href":"https:\/\/apuntesdesanluis.com\/index.php\/wp-json\/wp\/v2\/posts\/11263\/revisions"}],"predecessor-version":[{"id":11265,"href":"https:\/\/apuntesdesanluis.com\/index.php\/wp-json\/wp\/v2\/posts\/11263\/revisions\/11265"}],"wp:featuredmedia":[{"embeddable":true,"href":"https:\/\/apuntesdesanluis.com\/index.php\/wp-json\/wp\/v2\/media\/11264"}],"wp:attachment":[{"href":"https:\/\/apuntesdesanluis.com\/index.php\/wp-json\/wp\/v2\/media?parent=11263"}],"wp:term":[{"taxonomy":"category","embeddable":true,"href":"https:\/\/apuntesdesanluis.com\/index.php\/wp-json\/wp\/v2\/categories?post=11263"},{"taxonomy":"post_tag","embeddable":true,"href":"https:\/\/apuntesdesanluis.com\/index.php\/wp-json\/wp\/v2\/tags?post=11263"}],"curies":[{"name":"wp","href":"https:\/\/api.w.org\/{rel}","templated":true}]}}