{"id":11266,"date":"2024-02-05T20:22:42","date_gmt":"2024-02-05T23:22:42","guid":{"rendered":"https:\/\/apuntesdesanluis.com\/?p=11266"},"modified":"2024-02-05T20:22:42","modified_gmt":"2024-02-05T23:22:42","slug":"diputados-encara-la-votacion-en-particular-de-la-ley-omnibus-en-un-clima-de-mucha-tension","status":"publish","type":"post","link":"https:\/\/apuntesdesanluis.com\/index.php\/2024\/02\/05\/diputados-encara-la-votacion-en-particular-de-la-ley-omnibus-en-un-clima-de-mucha-tension\/","title":{"rendered":"DIPUTADOS ENCARA LA VOTACI\u00d3N EN PARTICULAR DE LA LEY \u00d3MNIBUS EN UN CLIMA DE MUCHA TENSI\u00d3N"},"content":{"rendered":"<h3>La oposici\u00f3n dialoguista sostiene que no hubo avances. El Gobierno mantiene firme su postura de no coparticipar el Impuesto Pa\u00eds. La votaci\u00f3n se inicia ma\u00f1ana a las 14. Marcado enojo por las declaraciones del senador Abdala.<\/h3>\n<h3>En un tibio clima de negociaci\u00f3n entre el Gobierno y los bloques dialoguistas en art\u00edculos clave, la C\u00e1mara de Diputados iniciar\u00e1 ma\u00f1ana a las 14 la votaci\u00f3n en particular de la Ley \u00f3mnibus tras su aprobaci\u00f3n en general el viernes pasado con 144 votos positivos, 109 negativos y 0 abstenciones.<\/h3>\n<h3>El fin de semana parec\u00eda haber sido el espacio para que el Poder Ejecutivo y los diputados -que acompa\u00f1aron el proyecto- acercaran posiciones con respecto a los ejes que mayores rispideces produjeron durante el transcurso del debate, no fue as\u00ed. Al cierre de esta nota, el oficialismo todav\u00eda no se hab\u00eda comunicado con ninguno de ellos.<\/h3>\n<h3>Esta ma\u00f1ana, el ministro del Interior, Guillermo Francos, fue tajante al responder sobre una de las dos llaves que destrabar\u00edan el conflicto entre las partes: el Impuesto Pa\u00eds y Fondo de Garant\u00eda y Sustentabilidad (FGS).<\/h3>\n<h3>\u201cEl Gobierno no acepta coparticipar el Impuesto Pa\u00eds. Es un impuesto transitorio que termina cuando termina el cepo\u201d, subray\u00f3 y agreg\u00f3 que \u201cla transitoriedad hace que no sea factible coparticiparlo\u201d. Adem\u00e1s, afirm\u00f3 que el presidente Javier Milei \u201ctiene la facultad de vetarlo\u201d debido a que \u201cha sido claro en la decisi\u00f3n de que no coparticiparlo\u201d.<\/h3>\n<h3>Quien puso sobre la mesa nuevamente el gravamen como carta de negociaci\u00f3n fue el gobernador de C\u00f3rdoba, Mart\u00edn Llaryora. De ceder en este punto, la Naci\u00f3n perder\u00eda una gran fuente de ingresos. La novela inici\u00f3 hace una semana atr\u00e1s, en el CFI. All\u00ed, Francos habr\u00eda dado indicios de que la Casa Rosada estaba dispuesta a ceder parte de la recaudaci\u00f3n.<\/h3>\n<h3>Sin embargo, esto fue desmentido de manera oficial por Balcarce 50. Francos regres\u00f3 el viernes pasado al Congreso por pedido expl\u00edcito de diputados dialoguistas para que sea el puente pol\u00edtico con la Rosada. Las negociaciones se dieron en el despacho del presidente la C\u00e1mara de Diputados, Mart\u00edn Menem. Todo mientras la sesi\u00f3n continuaba en el recinto.<\/h3>\n<h3>Un legislador de alto perfil le confes\u00f3 a Noticias Argentinas que si Francos no se presentaba en el Palacio Legislativo la ley se ca\u00eda. De hecho, la falta de praxis pol\u00edtica del Gobierno con los bloques hizo colmar la paciencia de algunas espadas del PRO, que acompa\u00f1ar\u00e1n a La Libertad Avanza en la totalidad de los art\u00edculos.<\/h3>\n<h3>La otra v\u00eda que habilit\u00f3 Llaryora para destrabar el conflicto es el FGS y hace hincapi\u00e9 en que el Ejecutivo se comprometa a regularizar el flujo de dinero a aquellas cajas previsionales armonizadas, es decir, las que cumplen con los est\u00e1ndares que les solicita la Naci\u00f3n. Si bien son 13 las cajas, C\u00f3rdoba y Santa Fe pertenecen al selecto grupo que cumple con estos est\u00e1ndares.<\/h3>\n<h3>Seg\u00fan pudo saberse, si el Ejecutivo no concede este pedido, los legisladores cordobeses juntar\u00edan los votos necesarios para darle luz verde a la coparticipaci\u00f3n del Impuesto Pa\u00eds, tras la redacci\u00f3n de un nuevo art\u00edculo. Tendr\u00edan el apoyo tambi\u00e9n del ala santafesina dialoguista con terminales en el gobernador Maximiliano Pullaro.<\/h3>\n<h3>El Impuesto Pa\u00eds es una al\u00edcuota que se cobra a todas las operaciones de venta de d\u00f3lares oficiales que se hacen en el mercado local. Al principio era solo para la compra de billetes para atesoramiento y para el pago de servicios al exterior.<\/h3>\n<h3>A su vez, cuando una empresa solicita al Banco Central de la Rep\u00fablica Argentina tambi\u00e9n abona ese tributo que, seg\u00fan inform\u00f3 la Administraci\u00f3n Federal de Ingresos P\u00fablicos, en enero recaud\u00f3 en enero $469.199 millones.<\/h3>\n<h3>En este contexto, los bloques dialoguistas mantuvieron este lunes reuniones por separado. Seg\u00fan pudo reconstruir esta agencia, los radicales hicieron un repaso general de los m\u00e1s de 300 art\u00edculos que empezar\u00e1n a votarse ma\u00f1ana y no hubo variaci\u00f3n de posiciones con respecto a la semana anterior.<\/h3>\n<h3>Un dato llamativo fue la ausencia del diputado Facundo Manes, que vot\u00f3 negativamente el proyecto en la votaci\u00f3n general, en plena disputa de poder frente al liderazgo que ejerce el jefe de bloque correligionario, Rodrigo De Loredo.<\/h3>\n<h3>Por su parte, el PRO se manten\u00eda alineado en su totalidad con el Gobierno nacional, mientras que el bloque Hacemos Coalici\u00f3n Federal, de Miguel \u00c1ngel Pichetto, se reuni\u00f3 en una oficina de las inmediaciones del Parlamento. La Libertad Avanza tendr\u00e1 su propio c\u00f3nclave ma\u00f1ana a las 12.30, a pocos minutos antes del inicio de la sesi\u00f3n.<\/h3>\n<h3>Quitando el escollo mayor (Impuesto Pa\u00eds), las principales diferencias entre el oficialismo y los dialoguistas marchan por los art\u00edculos vinculados a las facultades delegadas y privatizaciones. Dif\u00edcilmente haya unanimidad interna en la UCR y Hacemos Coalici\u00f3n Federal para votar favorablemente estos puntos con la redacci\u00f3n actual.<\/h3>\n<h3>Por otro lado, tampoco encontrar\u00eda el visto bueno de los legisladores alineados con respecto a la ley Guzm\u00e1n, algo que Milei aspira a modificar y tener autonom\u00eda a la hora de tomar o restructurar deuda externa. El jefe de Estado pretende gambetear al Congreso y empoderar a Luis \u201cToto\u201d Caputo, ministro de Econom\u00eda.<\/h3>\n<h3>FASTIDIO Y ENOJO CON ABDALA<\/h3>\n<h3>Las declaraciones pirot\u00e9cnicas del presidente provisional del Senado, Bartolom\u00e9 Abdala, cayeron muy mal en los gobernadores colaborativos con la Casa Rosada y sus diputados. \u201cLos gobernadores son animalitos de gastar\u2026 Donde vean que pueden sacar algo m\u00e1s para llevar agua para su molino, lo van a hacer\u201d, lanz\u00f3 Abdala.<\/h3>\n<h3>Un referente importante de Hacemos Coalici\u00f3n Federal indic\u00f3 que el &#8220;el umbral de tolerancia est\u00e1 al l\u00edmite&#8221; y a\u00f1adi\u00f3 con respecto a las palabras del senador de LLA: &#8220;Ninguno es tiernito como para que eso no le duela&#8221;.<\/h3>\n<h3>&#8220;Si ma\u00f1ana a las 11 no hay respuesta del Gobierno, redactamos los art\u00edculos (que consideran) y los tiramos en el recinto\u201d, dice otro dialoguista cansado de la parsimonia oficialismo y de los agravios por parte de Milei y otros referente libertarios.<\/h3>\n<p>&nbsp;<\/p>\n<p>&nbsp;<\/p>\n<p>&nbsp;<\/p>\n","protected":false},"excerpt":{"rendered":"<p>La oposici\u00f3n dialoguista sostiene que no hubo avances. El Gobierno mantiene firme su postura de&#8230;<\/p>\n","protected":false},"author":1,"featured_media":11267,"comment_status":"closed","ping_status":"closed","sticky":false,"template":"","format":"standard","meta":{"footnotes":""},"categories":[5],"tags":[],"class_list":["post-11266","post","type-post","status-publish","format-standard","has-post-thumbnail","hentry","category-nacionales-internacionales"],"yoast_head":"<!-- This site is optimized with the Yoast SEO plugin v26.1.1 - https:\/\/yoast.com\/wordpress\/plugins\/seo\/ -->\n<title>DIPUTADOS ENCARA LA VOTACI\u00d3N EN PARTICULAR DE LA LEY \u00d3MNIBUS EN UN CLIMA DE MUCHA TENSI\u00d3N - Apuntes de San Luis<\/title>\n<meta name=\"robots\" content=\"index, follow, max-snippet:-1, max-image-preview:large, max-video-preview:-1\" \/>\n<link rel=\"canonical\" href=\"https:\/\/apuntesdesanluis.com\/index.php\/2024\/02\/05\/diputados-encara-la-votacion-en-particular-de-la-ley-omnibus-en-un-clima-de-mucha-tension\/\" \/>\n<meta property=\"og:locale\" content=\"es_ES\" \/>\n<meta property=\"og:type\" content=\"article\" \/>\n<meta property=\"og:title\" content=\"DIPUTADOS ENCARA LA VOTACI\u00d3N EN PARTICULAR DE LA LEY \u00d3MNIBUS EN UN CLIMA DE MUCHA TENSI\u00d3N - Apuntes de San Luis\" \/>\n<meta property=\"og:description\" content=\"La oposici\u00f3n dialoguista sostiene que no hubo avances. El Gobierno mantiene firme su postura de...\" \/>\n<meta property=\"og:url\" content=\"https:\/\/apuntesdesanluis.com\/index.php\/2024\/02\/05\/diputados-encara-la-votacion-en-particular-de-la-ley-omnibus-en-un-clima-de-mucha-tension\/\" \/>\n<meta property=\"og:site_name\" content=\"Apuntes de San Luis\" \/>\n<meta property=\"article:published_time\" content=\"2024-02-05T23:22:42+00:00\" \/>\n<meta property=\"og:image\" content=\"https:\/\/apuntesdesanluis.com\/wp-content\/uploads\/2024\/02\/diputado-zago.png\" \/>\n\t<meta property=\"og:image:width\" content=\"718\" \/>\n\t<meta property=\"og:image:height\" content=\"438\" \/>\n\t<meta property=\"og:image:type\" content=\"image\/png\" \/>\n<meta name=\"author\" content=\"apuntesdesanluis.com\" \/>\n<meta name=\"twitter:card\" content=\"summary_large_image\" \/>\n<meta name=\"twitter:label1\" content=\"Escrito por\" \/>\n\t<meta name=\"twitter:data1\" content=\"apuntesdesanluis.com\" \/>\n\t<meta name=\"twitter:label2\" content=\"Tiempo de lectura\" \/>\n\t<meta name=\"twitter:data2\" content=\"5 minutos\" \/>\n<script type=\"application\/ld+json\" class=\"yoast-schema-graph\">{\"@context\":\"https:\/\/schema.org\",\"@graph\":[{\"@type\":\"Article\",\"@id\":\"https:\/\/apuntesdesanluis.com\/index.php\/2024\/02\/05\/diputados-encara-la-votacion-en-particular-de-la-ley-omnibus-en-un-clima-de-mucha-tension\/#article\",\"isPartOf\":{\"@id\":\"https:\/\/apuntesdesanluis.com\/index.php\/2024\/02\/05\/diputados-encara-la-votacion-en-particular-de-la-ley-omnibus-en-un-clima-de-mucha-tension\/\"},\"author\":{\"name\":\"apuntesdesanluis.com\",\"@id\":\"https:\/\/apuntesdesanluis.com\/#\/schema\/person\/b55151d52296fcce64d1a72538a70b90\"},\"headline\":\"DIPUTADOS ENCARA LA VOTACI\u00d3N EN PARTICULAR DE LA LEY \u00d3MNIBUS EN UN CLIMA DE MUCHA TENSI\u00d3N\",\"datePublished\":\"2024-02-05T23:22:42+00:00\",\"mainEntityOfPage\":{\"@id\":\"https:\/\/apuntesdesanluis.com\/index.php\/2024\/02\/05\/diputados-encara-la-votacion-en-particular-de-la-ley-omnibus-en-un-clima-de-mucha-tension\/\"},\"wordCount\":1066,\"publisher\":{\"@id\":\"https:\/\/apuntesdesanluis.com\/#\/schema\/person\/b55151d52296fcce64d1a72538a70b90\"},\"image\":{\"@id\":\"https:\/\/apuntesdesanluis.com\/index.php\/2024\/02\/05\/diputados-encara-la-votacion-en-particular-de-la-ley-omnibus-en-un-clima-de-mucha-tension\/#primaryimage\"},\"thumbnailUrl\":\"https:\/\/apuntesdesanluis.com\/wp-content\/uploads\/2024\/02\/diputado-zago.png\",\"articleSection\":[\"Nacionales\/Internacionales\"],\"inLanguage\":\"es-AR\"},{\"@type\":\"WebPage\",\"@id\":\"https:\/\/apuntesdesanluis.com\/index.php\/2024\/02\/05\/diputados-encara-la-votacion-en-particular-de-la-ley-omnibus-en-un-clima-de-mucha-tension\/\",\"url\":\"https:\/\/apuntesdesanluis.com\/index.php\/2024\/02\/05\/diputados-encara-la-votacion-en-particular-de-la-ley-omnibus-en-un-clima-de-mucha-tension\/\",\"name\":\"DIPUTADOS ENCARA LA VOTACI\u00d3N EN PARTICULAR DE LA LEY \u00d3MNIBUS EN UN CLIMA DE MUCHA TENSI\u00d3N - Apuntes de San Luis\",\"isPartOf\":{\"@id\":\"https:\/\/apuntesdesanluis.com\/#website\"},\"primaryImageOfPage\":{\"@id\":\"https:\/\/apuntesdesanluis.com\/index.php\/2024\/02\/05\/diputados-encara-la-votacion-en-particular-de-la-ley-omnibus-en-un-clima-de-mucha-tension\/#primaryimage\"},\"image\":{\"@id\":\"https:\/\/apuntesdesanluis.com\/index.php\/2024\/02\/05\/diputados-encara-la-votacion-en-particular-de-la-ley-omnibus-en-un-clima-de-mucha-tension\/#primaryimage\"},\"thumbnailUrl\":\"https:\/\/apuntesdesanluis.com\/wp-content\/uploads\/2024\/02\/diputado-zago.png\",\"datePublished\":\"2024-02-05T23:22:42+00:00\",\"breadcrumb\":{\"@id\":\"https:\/\/apuntesdesanluis.com\/index.php\/2024\/02\/05\/diputados-encara-la-votacion-en-particular-de-la-ley-omnibus-en-un-clima-de-mucha-tension\/#breadcrumb\"},\"inLanguage\":\"es-AR\",\"potentialAction\":[{\"@type\":\"ReadAction\",\"target\":[\"https:\/\/apuntesdesanluis.com\/index.php\/2024\/02\/05\/diputados-encara-la-votacion-en-particular-de-la-ley-omnibus-en-un-clima-de-mucha-tension\/\"]}]},{\"@type\":\"ImageObject\",\"inLanguage\":\"es-AR\",\"@id\":\"https:\/\/apuntesdesanluis.com\/index.php\/2024\/02\/05\/diputados-encara-la-votacion-en-particular-de-la-ley-omnibus-en-un-clima-de-mucha-tension\/#primaryimage\",\"url\":\"https:\/\/apuntesdesanluis.com\/wp-content\/uploads\/2024\/02\/diputado-zago.png\",\"contentUrl\":\"https:\/\/apuntesdesanluis.com\/wp-content\/uploads\/2024\/02\/diputado-zago.png\",\"width\":718,\"height\":438},{\"@type\":\"BreadcrumbList\",\"@id\":\"https:\/\/apuntesdesanluis.com\/index.php\/2024\/02\/05\/diputados-encara-la-votacion-en-particular-de-la-ley-omnibus-en-un-clima-de-mucha-tension\/#breadcrumb\",\"itemListElement\":[{\"@type\":\"ListItem\",\"position\":1,\"name\":\"Inicio\",\"item\":\"https:\/\/apuntesdesanluis.com\/\"},{\"@type\":\"ListItem\",\"position\":2,\"name\":\"DIPUTADOS ENCARA LA VOTACI\u00d3N EN PARTICULAR DE LA LEY \u00d3MNIBUS EN UN CLIMA DE MUCHA TENSI\u00d3N\"}]},{\"@type\":\"WebSite\",\"@id\":\"https:\/\/apuntesdesanluis.com\/#website\",\"url\":\"https:\/\/apuntesdesanluis.com\/\",\"name\":\"Apuntes de San Luis\",\"description\":\"\",\"publisher\":{\"@id\":\"https:\/\/apuntesdesanluis.com\/#\/schema\/person\/b55151d52296fcce64d1a72538a70b90\"},\"potentialAction\":[{\"@type\":\"SearchAction\",\"target\":{\"@type\":\"EntryPoint\",\"urlTemplate\":\"https:\/\/apuntesdesanluis.com\/?s={search_term_string}\"},\"query-input\":{\"@type\":\"PropertyValueSpecification\",\"valueRequired\":true,\"valueName\":\"search_term_string\"}}],\"inLanguage\":\"es-AR\"},{\"@type\":[\"Person\",\"Organization\"],\"@id\":\"https:\/\/apuntesdesanluis.com\/#\/schema\/person\/b55151d52296fcce64d1a72538a70b90\",\"name\":\"apuntesdesanluis.com\",\"image\":{\"@type\":\"ImageObject\",\"inLanguage\":\"es-AR\",\"@id\":\"https:\/\/apuntesdesanluis.com\/#\/schema\/person\/image\/\",\"url\":\"https:\/\/apuntesdesanluis.com\/wp-content\/uploads\/2023\/07\/cropped-apuntesdesanluis.png\",\"contentUrl\":\"https:\/\/apuntesdesanluis.com\/wp-content\/uploads\/2023\/07\/cropped-apuntesdesanluis.png\",\"width\":450,\"height\":112,\"caption\":\"apuntesdesanluis.com\"},\"logo\":{\"@id\":\"https:\/\/apuntesdesanluis.com\/#\/schema\/person\/image\/\"},\"sameAs\":[\"https:\/\/apuntesdesanluis.com\"],\"url\":\"https:\/\/apuntesdesanluis.com\/index.php\/author\/apuntesdesanluis-com\/\"}]}<\/script>\n<!-- \/ Yoast SEO plugin. -->","yoast_head_json":{"title":"DIPUTADOS ENCARA LA VOTACI\u00d3N EN PARTICULAR DE LA LEY \u00d3MNIBUS EN UN CLIMA DE MUCHA TENSI\u00d3N - Apuntes de San Luis","robots":{"index":"index","follow":"follow","max-snippet":"max-snippet:-1","max-image-preview":"max-image-preview:large","max-video-preview":"max-video-preview:-1"},"canonical":"https:\/\/apuntesdesanluis.com\/index.php\/2024\/02\/05\/diputados-encara-la-votacion-en-particular-de-la-ley-omnibus-en-un-clima-de-mucha-tension\/","og_locale":"es_ES","og_type":"article","og_title":"DIPUTADOS ENCARA LA VOTACI\u00d3N EN PARTICULAR DE LA LEY \u00d3MNIBUS EN UN CLIMA DE MUCHA TENSI\u00d3N - Apuntes de San Luis","og_description":"La oposici\u00f3n dialoguista sostiene que no hubo avances. El Gobierno mantiene firme su postura de...","og_url":"https:\/\/apuntesdesanluis.com\/index.php\/2024\/02\/05\/diputados-encara-la-votacion-en-particular-de-la-ley-omnibus-en-un-clima-de-mucha-tension\/","og_site_name":"Apuntes de San Luis","article_published_time":"2024-02-05T23:22:42+00:00","og_image":[{"width":718,"height":438,"url":"https:\/\/apuntesdesanluis.com\/wp-content\/uploads\/2024\/02\/diputado-zago.png","type":"image\/png"}],"author":"apuntesdesanluis.com","twitter_card":"summary_large_image","twitter_misc":{"Escrito por":"apuntesdesanluis.com","Tiempo de lectura":"5 minutos"},"schema":{"@context":"https:\/\/schema.org","@graph":[{"@type":"Article","@id":"https:\/\/apuntesdesanluis.com\/index.php\/2024\/02\/05\/diputados-encara-la-votacion-en-particular-de-la-ley-omnibus-en-un-clima-de-mucha-tension\/#article","isPartOf":{"@id":"https:\/\/apuntesdesanluis.com\/index.php\/2024\/02\/05\/diputados-encara-la-votacion-en-particular-de-la-ley-omnibus-en-un-clima-de-mucha-tension\/"},"author":{"name":"apuntesdesanluis.com","@id":"https:\/\/apuntesdesanluis.com\/#\/schema\/person\/b55151d52296fcce64d1a72538a70b90"},"headline":"DIPUTADOS ENCARA LA VOTACI\u00d3N EN PARTICULAR DE LA LEY \u00d3MNIBUS EN UN CLIMA DE MUCHA TENSI\u00d3N","datePublished":"2024-02-05T23:22:42+00:00","mainEntityOfPage":{"@id":"https:\/\/apuntesdesanluis.com\/index.php\/2024\/02\/05\/diputados-encara-la-votacion-en-particular-de-la-ley-omnibus-en-un-clima-de-mucha-tension\/"},"wordCount":1066,"publisher":{"@id":"https:\/\/apuntesdesanluis.com\/#\/schema\/person\/b55151d52296fcce64d1a72538a70b90"},"image":{"@id":"https:\/\/apuntesdesanluis.com\/index.php\/2024\/02\/05\/diputados-encara-la-votacion-en-particular-de-la-ley-omnibus-en-un-clima-de-mucha-tension\/#primaryimage"},"thumbnailUrl":"https:\/\/apuntesdesanluis.com\/wp-content\/uploads\/2024\/02\/diputado-zago.png","articleSection":["Nacionales\/Internacionales"],"inLanguage":"es-AR"},{"@type":"WebPage","@id":"https:\/\/apuntesdesanluis.com\/index.php\/2024\/02\/05\/diputados-encara-la-votacion-en-particular-de-la-ley-omnibus-en-un-clima-de-mucha-tension\/","url":"https:\/\/apuntesdesanluis.com\/index.php\/2024\/02\/05\/diputados-encara-la-votacion-en-particular-de-la-ley-omnibus-en-un-clima-de-mucha-tension\/","name":"DIPUTADOS ENCARA LA VOTACI\u00d3N EN PARTICULAR DE LA LEY \u00d3MNIBUS EN UN CLIMA DE MUCHA TENSI\u00d3N - Apuntes de San Luis","isPartOf":{"@id":"https:\/\/apuntesdesanluis.com\/#website"},"primaryImageOfPage":{"@id":"https:\/\/apuntesdesanluis.com\/index.php\/2024\/02\/05\/diputados-encara-la-votacion-en-particular-de-la-ley-omnibus-en-un-clima-de-mucha-tension\/#primaryimage"},"image":{"@id":"https:\/\/apuntesdesanluis.com\/index.php\/2024\/02\/05\/diputados-encara-la-votacion-en-particular-de-la-ley-omnibus-en-un-clima-de-mucha-tension\/#primaryimage"},"thumbnailUrl":"https:\/\/apuntesdesanluis.com\/wp-content\/uploads\/2024\/02\/diputado-zago.png","datePublished":"2024-02-05T23:22:42+00:00","breadcrumb":{"@id":"https:\/\/apuntesdesanluis.com\/index.php\/2024\/02\/05\/diputados-encara-la-votacion-en-particular-de-la-ley-omnibus-en-un-clima-de-mucha-tension\/#breadcrumb"},"inLanguage":"es-AR","potentialAction":[{"@type":"ReadAction","target":["https:\/\/apuntesdesanluis.com\/index.php\/2024\/02\/05\/diputados-encara-la-votacion-en-particular-de-la-ley-omnibus-en-un-clima-de-mucha-tension\/"]}]},{"@type":"ImageObject","inLanguage":"es-AR","@id":"https:\/\/apuntesdesanluis.com\/index.php\/2024\/02\/05\/diputados-encara-la-votacion-en-particular-de-la-ley-omnibus-en-un-clima-de-mucha-tension\/#primaryimage","url":"https:\/\/apuntesdesanluis.com\/wp-content\/uploads\/2024\/02\/diputado-zago.png","contentUrl":"https:\/\/apuntesdesanluis.com\/wp-content\/uploads\/2024\/02\/diputado-zago.png","width":718,"height":438},{"@type":"BreadcrumbList","@id":"https:\/\/apuntesdesanluis.com\/index.php\/2024\/02\/05\/diputados-encara-la-votacion-en-particular-de-la-ley-omnibus-en-un-clima-de-mucha-tension\/#breadcrumb","itemListElement":[{"@type":"ListItem","position":1,"name":"Inicio","item":"https:\/\/apuntesdesanluis.com\/"},{"@type":"ListItem","position":2,"name":"DIPUTADOS ENCARA LA VOTACI\u00d3N EN PARTICULAR DE LA LEY \u00d3MNIBUS EN UN CLIMA DE MUCHA TENSI\u00d3N"}]},{"@type":"WebSite","@id":"https:\/\/apuntesdesanluis.com\/#website","url":"https:\/\/apuntesdesanluis.com\/","name":"Apuntes de San Luis","description":"","publisher":{"@id":"https:\/\/apuntesdesanluis.com\/#\/schema\/person\/b55151d52296fcce64d1a72538a70b90"},"potentialAction":[{"@type":"SearchAction","target":{"@type":"EntryPoint","urlTemplate":"https:\/\/apuntesdesanluis.com\/?s={search_term_string}"},"query-input":{"@type":"PropertyValueSpecification","valueRequired":true,"valueName":"search_term_string"}}],"inLanguage":"es-AR"},{"@type":["Person","Organization"],"@id":"https:\/\/apuntesdesanluis.com\/#\/schema\/person\/b55151d52296fcce64d1a72538a70b90","name":"apuntesdesanluis.com","image":{"@type":"ImageObject","inLanguage":"es-AR","@id":"https:\/\/apuntesdesanluis.com\/#\/schema\/person\/image\/","url":"https:\/\/apuntesdesanluis.com\/wp-content\/uploads\/2023\/07\/cropped-apuntesdesanluis.png","contentUrl":"https:\/\/apuntesdesanluis.com\/wp-content\/uploads\/2023\/07\/cropped-apuntesdesanluis.png","width":450,"height":112,"caption":"apuntesdesanluis.com"},"logo":{"@id":"https:\/\/apuntesdesanluis.com\/#\/schema\/person\/image\/"},"sameAs":["https:\/\/apuntesdesanluis.com"],"url":"https:\/\/apuntesdesanluis.com\/index.php\/author\/apuntesdesanluis-com\/"}]}},"featured_image_urls":{"full":["https:\/\/apuntesdesanluis.com\/wp-content\/uploads\/2024\/02\/diputado-zago.png",718,438,false],"thumbnail":["https:\/\/apuntesdesanluis.com\/wp-content\/uploads\/2024\/02\/diputado-zago-150x150.png",150,150,true],"medium":["https:\/\/apuntesdesanluis.com\/wp-content\/uploads\/2024\/02\/diputado-zago-300x183.png",300,183,true],"medium_large":["https:\/\/apuntesdesanluis.com\/wp-content\/uploads\/2024\/02\/diputado-zago.png",640,390,false],"large":["https:\/\/apuntesdesanluis.com\/wp-content\/uploads\/2024\/02\/diputado-zago.png",640,390,false],"1536x1536":["https:\/\/apuntesdesanluis.com\/wp-content\/uploads\/2024\/02\/diputado-zago.png",718,438,false],"2048x2048":["https:\/\/apuntesdesanluis.com\/wp-content\/uploads\/2024\/02\/diputado-zago.png",718,438,false],"newsever-slider-full":["https:\/\/apuntesdesanluis.com\/wp-content\/uploads\/2024\/02\/diputado-zago.png",718,438,false],"newsever-featured":["https:\/\/apuntesdesanluis.com\/wp-content\/uploads\/2024\/02\/diputado-zago.png",718,438,false],"newsever-medium":["https:\/\/apuntesdesanluis.com\/wp-content\/uploads\/2024\/02\/diputado-zago.png",718,438,false]},"author_info":{"display_name":"apuntesdesanluis.com","author_link":"https:\/\/apuntesdesanluis.com\/index.php\/author\/apuntesdesanluis-com\/"},"category_info":"<a href=\"https:\/\/apuntesdesanluis.com\/index.php\/category\/nacionales-internacionales\/\" rel=\"category tag\">Nacionales\/Internacionales<\/a>","tag_info":"Nacionales\/Internacionales","comment_count":"0","_links":{"self":[{"href":"https:\/\/apuntesdesanluis.com\/index.php\/wp-json\/wp\/v2\/posts\/11266","targetHints":{"allow":["GET"]}}],"collection":[{"href":"https:\/\/apuntesdesanluis.com\/index.php\/wp-json\/wp\/v2\/posts"}],"about":[{"href":"https:\/\/apuntesdesanluis.com\/index.php\/wp-json\/wp\/v2\/types\/post"}],"author":[{"embeddable":true,"href":"https:\/\/apuntesdesanluis.com\/index.php\/wp-json\/wp\/v2\/users\/1"}],"replies":[{"embeddable":true,"href":"https:\/\/apuntesdesanluis.com\/index.php\/wp-json\/wp\/v2\/comments?post=11266"}],"version-history":[{"count":1,"href":"https:\/\/apuntesdesanluis.com\/index.php\/wp-json\/wp\/v2\/posts\/11266\/revisions"}],"predecessor-version":[{"id":11268,"href":"https:\/\/apuntesdesanluis.com\/index.php\/wp-json\/wp\/v2\/posts\/11266\/revisions\/11268"}],"wp:featuredmedia":[{"embeddable":true,"href":"https:\/\/apuntesdesanluis.com\/index.php\/wp-json\/wp\/v2\/media\/11267"}],"wp:attachment":[{"href":"https:\/\/apuntesdesanluis.com\/index.php\/wp-json\/wp\/v2\/media?parent=11266"}],"wp:term":[{"taxonomy":"category","embeddable":true,"href":"https:\/\/apuntesdesanluis.com\/index.php\/wp-json\/wp\/v2\/categories?post=11266"},{"taxonomy":"post_tag","embeddable":true,"href":"https:\/\/apuntesdesanluis.com\/index.php\/wp-json\/wp\/v2\/tags?post=11266"}],"curies":[{"name":"wp","href":"https:\/\/api.w.org\/{rel}","templated":true}]}}