{"id":11269,"date":"2024-02-05T23:25:38","date_gmt":"2024-02-06T02:25:38","guid":{"rendered":"https:\/\/apuntesdesanluis.com\/?p=11269"},"modified":"2024-02-05T23:25:38","modified_gmt":"2024-02-06T02:25:38","slug":"los-egresados-de-2023-cobraran-sus-estampillas-esta-semana","status":"publish","type":"post","link":"https:\/\/apuntesdesanluis.com\/index.php\/2024\/02\/05\/los-egresados-de-2023-cobraran-sus-estampillas-esta-semana\/","title":{"rendered":"LOS EGRESADOS DE 2023 COBRAR\u00c1N SUS ESTAMPILLAS ESTA SEMANA"},"content":{"rendered":"<h3>El ministro <strong>Guillermo Araujo<\/strong> confirm\u00f3 que los m\u00e1s de 3.000 alumnos podr\u00e1n disponer de la totalidad del beneficio econ\u00f3mico durante el transcurso de la semana. Tambi\u00e9n brind\u00f3 detalles del lanzamiento de la Beca al M\u00e9rito que hab\u00eda anunciado el gobernador Claudio Poggi el viernes pasado.<\/h3>\n<h3>En la habitual conferencia de prensa que realizan los ministros y secretarios de Estado todos los lunes tras la reuni\u00f3n de gabinete, el titular de la cartera educativa, Guillermo Araujo, inform\u00f3 que todos los egresados que no deban materias previas tendr\u00e1n a disposici\u00f3n los ingresos econ\u00f3micos de las estampillas escolares antes del fin de semana. Adem\u00e1s, el Ministro ofreci\u00f3 precisiones acerca de las condiciones de la recientemente anunciada Beca al M\u00e9rito que comenzar\u00e1 a implementarse desde marzo.<\/h3>\n<p><iframe title=\"Guillermo Araujo - Ministro de Educaci\u00f3n\" width=\"640\" height=\"360\" src=\"https:\/\/www.youtube.com\/embed\/dx4lgPb17uI?feature=oembed\" frameborder=\"0\" allow=\"accelerometer; autoplay; clipboard-write; encrypted-media; gyroscope; picture-in-picture; web-share\" referrerpolicy=\"strict-origin-when-cross-origin\" allowfullscreen><\/iframe><\/p>\n<h3>\u201cSon 3.267 los alumnos a los que se les van a estar pagando las estampillas en la semana. Estamos en condiciones de abonar la totalidad de los montos, el mecanismo va a ser el mismo, es decir a trav\u00e9s de la billetera virtual\u201d, explic\u00f3 el funcionario, quien tambi\u00e9n subray\u00f3 que solo estar\u00e1n habilitados a recibir el pago aquellos estudiantes que no adeuden materias del ciclo lectivo pasado.<\/h3>\n<h3>Por otra parte, Araujo hizo menci\u00f3n a la Beca al M\u00e9rito que anunci\u00f3 el gobernador Claudio Poggi el viernes de la semana anterior y que reconoce a los tres mejores promedios de cada colegio de la provincia. \u201cVolvemos a implementar esta pol\u00edtica que es un est\u00edmulo econ\u00f3mico que premia el esfuerzo por la educaci\u00f3n\u201d, asegur\u00f3 el Ministro, y agreg\u00f3 que las gestiones burocr\u00e1ticas ser\u00e1n resueltas con los directivos de cada instituci\u00f3n acad\u00e9mica, sin necesidad de intervenci\u00f3n de los estudiantes.<\/h3>\n<h3>\u201cEn principio, el monto que van a percibir los aproximadamente 900 beneficiarios es de $200.000 a partir de marzo. La duraci\u00f3n de la beca va a depender del tiempo que demande la carrera que escoja cada estudiante, tenemos la idea de que se extienda durante todo el per\u00edodo que demande la carrera y seis meses m\u00e1s\u201d, continu\u00f3 el funcionario, quien adem\u00e1s explic\u00f3 que contemplan la posibilidad de que los beneficiarios decidan cambiar la carrera en el lapso del primer a\u00f1o de cobro.<\/h3>\n<h3>Araujo tambi\u00e9n destac\u00f3 que, si bien es una medida que Poggi promovi\u00f3 durante su anterior gesti\u00f3n, en esta ocasi\u00f3n hay algunas modificaciones. \u201cAl estudiante que reciba la beca, adem\u00e1s de exigirle un cierto rendimiento acad\u00e9mico en la carrera universitaria o terciaria que elija, tambi\u00e9n le vamos a pedir que tome el compromiso \u00e9tico y moral de apadrinar a otro alumno que est\u00e9 cursando el \u00faltimo a\u00f1o de la secundaria. Implica b\u00e1sicamente ayudarlo en cualquier \u00e1rea en la que ande flojo\u201d, explic\u00f3.<\/h3>\n<p>&nbsp;<\/p>\n<p>&nbsp;<\/p>\n<p>&nbsp;<\/p>\n<p>&nbsp;<\/p>\n<p>&nbsp;<\/p>\n<p>&nbsp;<\/p>\n","protected":false},"excerpt":{"rendered":"<p>El ministro Guillermo Araujo confirm\u00f3 que los m\u00e1s de 3.000 alumnos podr\u00e1n disponer de la&#8230;<\/p>\n","protected":false},"author":1,"featured_media":11270,"comment_status":"closed","ping_status":"closed","sticky":false,"template":"","format":"standard","meta":{"footnotes":""},"categories":[6],"tags":[],"class_list":["post-11269","post","type-post","status-publish","format-standard","has-post-thumbnail","hentry","category-ciudad-provincia"],"yoast_head":"<!-- This site is optimized with the Yoast SEO plugin v26.1.1 - https:\/\/yoast.com\/wordpress\/plugins\/seo\/ -->\n<title>LOS EGRESADOS DE 2023 COBRAR\u00c1N SUS ESTAMPILLAS ESTA SEMANA - Apuntes de San Luis<\/title>\n<meta name=\"robots\" content=\"index, follow, max-snippet:-1, max-image-preview:large, max-video-preview:-1\" \/>\n<link rel=\"canonical\" href=\"https:\/\/apuntesdesanluis.com\/index.php\/2024\/02\/05\/los-egresados-de-2023-cobraran-sus-estampillas-esta-semana\/\" \/>\n<meta property=\"og:locale\" content=\"es_ES\" \/>\n<meta property=\"og:type\" content=\"article\" \/>\n<meta property=\"og:title\" content=\"LOS EGRESADOS DE 2023 COBRAR\u00c1N SUS ESTAMPILLAS ESTA SEMANA - Apuntes de San Luis\" \/>\n<meta property=\"og:description\" content=\"El ministro Guillermo Araujo confirm\u00f3 que los m\u00e1s de 3.000 alumnos podr\u00e1n disponer de la...\" \/>\n<meta property=\"og:url\" content=\"https:\/\/apuntesdesanluis.com\/index.php\/2024\/02\/05\/los-egresados-de-2023-cobraran-sus-estampillas-esta-semana\/\" \/>\n<meta property=\"og:site_name\" content=\"Apuntes de San Luis\" \/>\n<meta property=\"article:published_time\" content=\"2024-02-06T02:25:38+00:00\" \/>\n<meta property=\"og:image\" content=\"https:\/\/apuntesdesanluis.com\/wp-content\/uploads\/2024\/02\/araujo.png\" \/>\n\t<meta property=\"og:image:width\" content=\"600\" \/>\n\t<meta property=\"og:image:height\" content=\"372\" \/>\n\t<meta property=\"og:image:type\" content=\"image\/png\" \/>\n<meta name=\"author\" content=\"apuntesdesanluis.com\" \/>\n<meta name=\"twitter:card\" content=\"summary_large_image\" \/>\n<meta name=\"twitter:label1\" content=\"Escrito por\" \/>\n\t<meta name=\"twitter:data1\" content=\"apuntesdesanluis.com\" \/>\n\t<meta name=\"twitter:label2\" content=\"Tiempo de lectura\" \/>\n\t<meta name=\"twitter:data2\" content=\"2 minutos\" \/>\n<script type=\"application\/ld+json\" class=\"yoast-schema-graph\">{\"@context\":\"https:\/\/schema.org\",\"@graph\":[{\"@type\":\"Article\",\"@id\":\"https:\/\/apuntesdesanluis.com\/index.php\/2024\/02\/05\/los-egresados-de-2023-cobraran-sus-estampillas-esta-semana\/#article\",\"isPartOf\":{\"@id\":\"https:\/\/apuntesdesanluis.com\/index.php\/2024\/02\/05\/los-egresados-de-2023-cobraran-sus-estampillas-esta-semana\/\"},\"author\":{\"name\":\"apuntesdesanluis.com\",\"@id\":\"https:\/\/apuntesdesanluis.com\/#\/schema\/person\/b55151d52296fcce64d1a72538a70b90\"},\"headline\":\"LOS EGRESADOS DE 2023 COBRAR\u00c1N SUS ESTAMPILLAS ESTA SEMANA\",\"datePublished\":\"2024-02-06T02:25:38+00:00\",\"mainEntityOfPage\":{\"@id\":\"https:\/\/apuntesdesanluis.com\/index.php\/2024\/02\/05\/los-egresados-de-2023-cobraran-sus-estampillas-esta-semana\/\"},\"wordCount\":489,\"publisher\":{\"@id\":\"https:\/\/apuntesdesanluis.com\/#\/schema\/person\/b55151d52296fcce64d1a72538a70b90\"},\"image\":{\"@id\":\"https:\/\/apuntesdesanluis.com\/index.php\/2024\/02\/05\/los-egresados-de-2023-cobraran-sus-estampillas-esta-semana\/#primaryimage\"},\"thumbnailUrl\":\"https:\/\/apuntesdesanluis.com\/wp-content\/uploads\/2024\/02\/araujo.png\",\"articleSection\":[\"Ciudad\/Provincia\"],\"inLanguage\":\"es-AR\"},{\"@type\":\"WebPage\",\"@id\":\"https:\/\/apuntesdesanluis.com\/index.php\/2024\/02\/05\/los-egresados-de-2023-cobraran-sus-estampillas-esta-semana\/\",\"url\":\"https:\/\/apuntesdesanluis.com\/index.php\/2024\/02\/05\/los-egresados-de-2023-cobraran-sus-estampillas-esta-semana\/\",\"name\":\"LOS EGRESADOS DE 2023 COBRAR\u00c1N SUS ESTAMPILLAS ESTA SEMANA - Apuntes de San Luis\",\"isPartOf\":{\"@id\":\"https:\/\/apuntesdesanluis.com\/#website\"},\"primaryImageOfPage\":{\"@id\":\"https:\/\/apuntesdesanluis.com\/index.php\/2024\/02\/05\/los-egresados-de-2023-cobraran-sus-estampillas-esta-semana\/#primaryimage\"},\"image\":{\"@id\":\"https:\/\/apuntesdesanluis.com\/index.php\/2024\/02\/05\/los-egresados-de-2023-cobraran-sus-estampillas-esta-semana\/#primaryimage\"},\"thumbnailUrl\":\"https:\/\/apuntesdesanluis.com\/wp-content\/uploads\/2024\/02\/araujo.png\",\"datePublished\":\"2024-02-06T02:25:38+00:00\",\"breadcrumb\":{\"@id\":\"https:\/\/apuntesdesanluis.com\/index.php\/2024\/02\/05\/los-egresados-de-2023-cobraran-sus-estampillas-esta-semana\/#breadcrumb\"},\"inLanguage\":\"es-AR\",\"potentialAction\":[{\"@type\":\"ReadAction\",\"target\":[\"https:\/\/apuntesdesanluis.com\/index.php\/2024\/02\/05\/los-egresados-de-2023-cobraran-sus-estampillas-esta-semana\/\"]}]},{\"@type\":\"ImageObject\",\"inLanguage\":\"es-AR\",\"@id\":\"https:\/\/apuntesdesanluis.com\/index.php\/2024\/02\/05\/los-egresados-de-2023-cobraran-sus-estampillas-esta-semana\/#primaryimage\",\"url\":\"https:\/\/apuntesdesanluis.com\/wp-content\/uploads\/2024\/02\/araujo.png\",\"contentUrl\":\"https:\/\/apuntesdesanluis.com\/wp-content\/uploads\/2024\/02\/araujo.png\",\"width\":600,\"height\":372},{\"@type\":\"BreadcrumbList\",\"@id\":\"https:\/\/apuntesdesanluis.com\/index.php\/2024\/02\/05\/los-egresados-de-2023-cobraran-sus-estampillas-esta-semana\/#breadcrumb\",\"itemListElement\":[{\"@type\":\"ListItem\",\"position\":1,\"name\":\"Inicio\",\"item\":\"https:\/\/apuntesdesanluis.com\/\"},{\"@type\":\"ListItem\",\"position\":2,\"name\":\"LOS EGRESADOS DE 2023 COBRAR\u00c1N SUS ESTAMPILLAS ESTA SEMANA\"}]},{\"@type\":\"WebSite\",\"@id\":\"https:\/\/apuntesdesanluis.com\/#website\",\"url\":\"https:\/\/apuntesdesanluis.com\/\",\"name\":\"Apuntes de San Luis\",\"description\":\"\",\"publisher\":{\"@id\":\"https:\/\/apuntesdesanluis.com\/#\/schema\/person\/b55151d52296fcce64d1a72538a70b90\"},\"potentialAction\":[{\"@type\":\"SearchAction\",\"target\":{\"@type\":\"EntryPoint\",\"urlTemplate\":\"https:\/\/apuntesdesanluis.com\/?s={search_term_string}\"},\"query-input\":{\"@type\":\"PropertyValueSpecification\",\"valueRequired\":true,\"valueName\":\"search_term_string\"}}],\"inLanguage\":\"es-AR\"},{\"@type\":[\"Person\",\"Organization\"],\"@id\":\"https:\/\/apuntesdesanluis.com\/#\/schema\/person\/b55151d52296fcce64d1a72538a70b90\",\"name\":\"apuntesdesanluis.com\",\"image\":{\"@type\":\"ImageObject\",\"inLanguage\":\"es-AR\",\"@id\":\"https:\/\/apuntesdesanluis.com\/#\/schema\/person\/image\/\",\"url\":\"https:\/\/apuntesdesanluis.com\/wp-content\/uploads\/2023\/07\/cropped-apuntesdesanluis.png\",\"contentUrl\":\"https:\/\/apuntesdesanluis.com\/wp-content\/uploads\/2023\/07\/cropped-apuntesdesanluis.png\",\"width\":450,\"height\":112,\"caption\":\"apuntesdesanluis.com\"},\"logo\":{\"@id\":\"https:\/\/apuntesdesanluis.com\/#\/schema\/person\/image\/\"},\"sameAs\":[\"https:\/\/apuntesdesanluis.com\"],\"url\":\"https:\/\/apuntesdesanluis.com\/index.php\/author\/apuntesdesanluis-com\/\"}]}<\/script>\n<!-- \/ Yoast SEO plugin. -->","yoast_head_json":{"title":"LOS EGRESADOS DE 2023 COBRAR\u00c1N SUS ESTAMPILLAS ESTA SEMANA - Apuntes de San Luis","robots":{"index":"index","follow":"follow","max-snippet":"max-snippet:-1","max-image-preview":"max-image-preview:large","max-video-preview":"max-video-preview:-1"},"canonical":"https:\/\/apuntesdesanluis.com\/index.php\/2024\/02\/05\/los-egresados-de-2023-cobraran-sus-estampillas-esta-semana\/","og_locale":"es_ES","og_type":"article","og_title":"LOS EGRESADOS DE 2023 COBRAR\u00c1N SUS ESTAMPILLAS ESTA SEMANA - Apuntes de San Luis","og_description":"El ministro Guillermo Araujo confirm\u00f3 que los m\u00e1s de 3.000 alumnos podr\u00e1n disponer de la...","og_url":"https:\/\/apuntesdesanluis.com\/index.php\/2024\/02\/05\/los-egresados-de-2023-cobraran-sus-estampillas-esta-semana\/","og_site_name":"Apuntes de San Luis","article_published_time":"2024-02-06T02:25:38+00:00","og_image":[{"width":600,"height":372,"url":"https:\/\/apuntesdesanluis.com\/wp-content\/uploads\/2024\/02\/araujo.png","type":"image\/png"}],"author":"apuntesdesanluis.com","twitter_card":"summary_large_image","twitter_misc":{"Escrito por":"apuntesdesanluis.com","Tiempo de lectura":"2 minutos"},"schema":{"@context":"https:\/\/schema.org","@graph":[{"@type":"Article","@id":"https:\/\/apuntesdesanluis.com\/index.php\/2024\/02\/05\/los-egresados-de-2023-cobraran-sus-estampillas-esta-semana\/#article","isPartOf":{"@id":"https:\/\/apuntesdesanluis.com\/index.php\/2024\/02\/05\/los-egresados-de-2023-cobraran-sus-estampillas-esta-semana\/"},"author":{"name":"apuntesdesanluis.com","@id":"https:\/\/apuntesdesanluis.com\/#\/schema\/person\/b55151d52296fcce64d1a72538a70b90"},"headline":"LOS EGRESADOS DE 2023 COBRAR\u00c1N SUS ESTAMPILLAS ESTA SEMANA","datePublished":"2024-02-06T02:25:38+00:00","mainEntityOfPage":{"@id":"https:\/\/apuntesdesanluis.com\/index.php\/2024\/02\/05\/los-egresados-de-2023-cobraran-sus-estampillas-esta-semana\/"},"wordCount":489,"publisher":{"@id":"https:\/\/apuntesdesanluis.com\/#\/schema\/person\/b55151d52296fcce64d1a72538a70b90"},"image":{"@id":"https:\/\/apuntesdesanluis.com\/index.php\/2024\/02\/05\/los-egresados-de-2023-cobraran-sus-estampillas-esta-semana\/#primaryimage"},"thumbnailUrl":"https:\/\/apuntesdesanluis.com\/wp-content\/uploads\/2024\/02\/araujo.png","articleSection":["Ciudad\/Provincia"],"inLanguage":"es-AR"},{"@type":"WebPage","@id":"https:\/\/apuntesdesanluis.com\/index.php\/2024\/02\/05\/los-egresados-de-2023-cobraran-sus-estampillas-esta-semana\/","url":"https:\/\/apuntesdesanluis.com\/index.php\/2024\/02\/05\/los-egresados-de-2023-cobraran-sus-estampillas-esta-semana\/","name":"LOS EGRESADOS DE 2023 COBRAR\u00c1N SUS ESTAMPILLAS ESTA SEMANA - Apuntes de San Luis","isPartOf":{"@id":"https:\/\/apuntesdesanluis.com\/#website"},"primaryImageOfPage":{"@id":"https:\/\/apuntesdesanluis.com\/index.php\/2024\/02\/05\/los-egresados-de-2023-cobraran-sus-estampillas-esta-semana\/#primaryimage"},"image":{"@id":"https:\/\/apuntesdesanluis.com\/index.php\/2024\/02\/05\/los-egresados-de-2023-cobraran-sus-estampillas-esta-semana\/#primaryimage"},"thumbnailUrl":"https:\/\/apuntesdesanluis.com\/wp-content\/uploads\/2024\/02\/araujo.png","datePublished":"2024-02-06T02:25:38+00:00","breadcrumb":{"@id":"https:\/\/apuntesdesanluis.com\/index.php\/2024\/02\/05\/los-egresados-de-2023-cobraran-sus-estampillas-esta-semana\/#breadcrumb"},"inLanguage":"es-AR","potentialAction":[{"@type":"ReadAction","target":["https:\/\/apuntesdesanluis.com\/index.php\/2024\/02\/05\/los-egresados-de-2023-cobraran-sus-estampillas-esta-semana\/"]}]},{"@type":"ImageObject","inLanguage":"es-AR","@id":"https:\/\/apuntesdesanluis.com\/index.php\/2024\/02\/05\/los-egresados-de-2023-cobraran-sus-estampillas-esta-semana\/#primaryimage","url":"https:\/\/apuntesdesanluis.com\/wp-content\/uploads\/2024\/02\/araujo.png","contentUrl":"https:\/\/apuntesdesanluis.com\/wp-content\/uploads\/2024\/02\/araujo.png","width":600,"height":372},{"@type":"BreadcrumbList","@id":"https:\/\/apuntesdesanluis.com\/index.php\/2024\/02\/05\/los-egresados-de-2023-cobraran-sus-estampillas-esta-semana\/#breadcrumb","itemListElement":[{"@type":"ListItem","position":1,"name":"Inicio","item":"https:\/\/apuntesdesanluis.com\/"},{"@type":"ListItem","position":2,"name":"LOS EGRESADOS DE 2023 COBRAR\u00c1N SUS ESTAMPILLAS ESTA SEMANA"}]},{"@type":"WebSite","@id":"https:\/\/apuntesdesanluis.com\/#website","url":"https:\/\/apuntesdesanluis.com\/","name":"Apuntes de San Luis","description":"","publisher":{"@id":"https:\/\/apuntesdesanluis.com\/#\/schema\/person\/b55151d52296fcce64d1a72538a70b90"},"potentialAction":[{"@type":"SearchAction","target":{"@type":"EntryPoint","urlTemplate":"https:\/\/apuntesdesanluis.com\/?s={search_term_string}"},"query-input":{"@type":"PropertyValueSpecification","valueRequired":true,"valueName":"search_term_string"}}],"inLanguage":"es-AR"},{"@type":["Person","Organization"],"@id":"https:\/\/apuntesdesanluis.com\/#\/schema\/person\/b55151d52296fcce64d1a72538a70b90","name":"apuntesdesanluis.com","image":{"@type":"ImageObject","inLanguage":"es-AR","@id":"https:\/\/apuntesdesanluis.com\/#\/schema\/person\/image\/","url":"https:\/\/apuntesdesanluis.com\/wp-content\/uploads\/2023\/07\/cropped-apuntesdesanluis.png","contentUrl":"https:\/\/apuntesdesanluis.com\/wp-content\/uploads\/2023\/07\/cropped-apuntesdesanluis.png","width":450,"height":112,"caption":"apuntesdesanluis.com"},"logo":{"@id":"https:\/\/apuntesdesanluis.com\/#\/schema\/person\/image\/"},"sameAs":["https:\/\/apuntesdesanluis.com"],"url":"https:\/\/apuntesdesanluis.com\/index.php\/author\/apuntesdesanluis-com\/"}]}},"featured_image_urls":{"full":["https:\/\/apuntesdesanluis.com\/wp-content\/uploads\/2024\/02\/araujo.png",600,372,false],"thumbnail":["https:\/\/apuntesdesanluis.com\/wp-content\/uploads\/2024\/02\/araujo-150x150.png",150,150,true],"medium":["https:\/\/apuntesdesanluis.com\/wp-content\/uploads\/2024\/02\/araujo-300x186.png",300,186,true],"medium_large":["https:\/\/apuntesdesanluis.com\/wp-content\/uploads\/2024\/02\/araujo.png",600,372,false],"large":["https:\/\/apuntesdesanluis.com\/wp-content\/uploads\/2024\/02\/araujo.png",600,372,false],"1536x1536":["https:\/\/apuntesdesanluis.com\/wp-content\/uploads\/2024\/02\/araujo.png",600,372,false],"2048x2048":["https:\/\/apuntesdesanluis.com\/wp-content\/uploads\/2024\/02\/araujo.png",600,372,false],"newsever-slider-full":["https:\/\/apuntesdesanluis.com\/wp-content\/uploads\/2024\/02\/araujo.png",600,372,false],"newsever-featured":["https:\/\/apuntesdesanluis.com\/wp-content\/uploads\/2024\/02\/araujo.png",600,372,false],"newsever-medium":["https:\/\/apuntesdesanluis.com\/wp-content\/uploads\/2024\/02\/araujo.png",600,372,false]},"author_info":{"display_name":"apuntesdesanluis.com","author_link":"https:\/\/apuntesdesanluis.com\/index.php\/author\/apuntesdesanluis-com\/"},"category_info":"<a href=\"https:\/\/apuntesdesanluis.com\/index.php\/category\/ciudad-provincia\/\" rel=\"category tag\">Ciudad\/Provincia<\/a>","tag_info":"Ciudad\/Provincia","comment_count":"0","_links":{"self":[{"href":"https:\/\/apuntesdesanluis.com\/index.php\/wp-json\/wp\/v2\/posts\/11269","targetHints":{"allow":["GET"]}}],"collection":[{"href":"https:\/\/apuntesdesanluis.com\/index.php\/wp-json\/wp\/v2\/posts"}],"about":[{"href":"https:\/\/apuntesdesanluis.com\/index.php\/wp-json\/wp\/v2\/types\/post"}],"author":[{"embeddable":true,"href":"https:\/\/apuntesdesanluis.com\/index.php\/wp-json\/wp\/v2\/users\/1"}],"replies":[{"embeddable":true,"href":"https:\/\/apuntesdesanluis.com\/index.php\/wp-json\/wp\/v2\/comments?post=11269"}],"version-history":[{"count":1,"href":"https:\/\/apuntesdesanluis.com\/index.php\/wp-json\/wp\/v2\/posts\/11269\/revisions"}],"predecessor-version":[{"id":11271,"href":"https:\/\/apuntesdesanluis.com\/index.php\/wp-json\/wp\/v2\/posts\/11269\/revisions\/11271"}],"wp:featuredmedia":[{"embeddable":true,"href":"https:\/\/apuntesdesanluis.com\/index.php\/wp-json\/wp\/v2\/media\/11270"}],"wp:attachment":[{"href":"https:\/\/apuntesdesanluis.com\/index.php\/wp-json\/wp\/v2\/media?parent=11269"}],"wp:term":[{"taxonomy":"category","embeddable":true,"href":"https:\/\/apuntesdesanluis.com\/index.php\/wp-json\/wp\/v2\/categories?post=11269"},{"taxonomy":"post_tag","embeddable":true,"href":"https:\/\/apuntesdesanluis.com\/index.php\/wp-json\/wp\/v2\/tags?post=11269"}],"curies":[{"name":"wp","href":"https:\/\/api.w.org\/{rel}","templated":true}]}}