{"id":11277,"date":"2024-02-06T09:12:51","date_gmt":"2024-02-06T12:12:51","guid":{"rendered":"https:\/\/apuntesdesanluis.com\/?p=11277"},"modified":"2024-02-06T09:12:51","modified_gmt":"2024-02-06T12:12:51","slug":"la-iglesia-y-la-cgt-advirtieron-sobre-una-posible-crisis-alimentaria","status":"publish","type":"post","link":"https:\/\/apuntesdesanluis.com\/index.php\/2024\/02\/06\/la-iglesia-y-la-cgt-advirtieron-sobre-una-posible-crisis-alimentaria\/","title":{"rendered":"LA IGLESIA Y LA CGT ADVIRTIERON SOBRE UNA POSIBLE CRISIS ALIMENTARIA"},"content":{"rendered":"<h3>&#8220;La comida no puede ser una variable de ajuste&#8221;, advirti\u00f3 la Iglesia al Gobierno a d\u00edas del encuentro entre Milei y el Papa. Por su lado la CGT indic\u00f3 que \u201cel riesgo de una crisis alimentaria est\u00e1 a la vuelta de la esquina&#8221;.<\/h3>\n<h3>La Iglesia Cat\u00f3lica tom\u00f3 postura en plena tensi\u00f3n entre el Estado y las organizaciones sociales y plante\u00f3 que \u201cla comida no puede ser una variable de ajuste\u201d. A trav\u00e9s de un duro comunicado, la Conferencia Episcopal elev\u00f3 su petici\u00f3n al Gobierno para que operativice el env\u00edo \u201csin dilaci\u00f3n\u201d a de alimentos para asistir a los comedores.<\/h3>\n<h3>\u201cAnte este escenario de trabajo sacrificado y de bajos ingresos, las familias se privan de muchas cosas. Por ejemplo, una mam\u00e1 puede privarse de tomar un colectivo y camina para ahorrar, pero de ninguna manera puede no darle de comer a sus hijos. Es decir, la comida no puede ser una variable de ajuste. Es necesario anticiparse para que esta situaci\u00f3n no profundice la crisis alimentaria\u201d, expresaron a trav\u00e9s de la publicaci\u00f3n del documento.<\/h3>\n<h3>El pedido va direccionado al Ministerio de Capital Humano, a cargo de Sandra Pettovello, que opt\u00f3 por dejar de enviar alimentos secos para hacer transferencias de dinero mientras avanza con la auditor\u00eda de comedores. Distintas organizaciones sociales denunciaron que durante el mes de enero, las partidas del Gobierno destinadas al auxilio de la asistencia alimentaria fueron de $0.<\/h3>\n<h3>\u201cEl Estado nacional, provincial y municipal, tienen que aprovecharla para que nadie se quede sin el pan de cada d\u00eda. Todos los espacios de cuidado que dan de comer, todos los comedores comunitarios, de parroquias, Iglesias evang\u00e9licas, y de movimientos populares deben recibir ayuda sin dilaci\u00f3n\u201d, enfatizaron los presididos por Monse\u00f1or Oscar Ojea.<\/h3>\n<h3>A pesar de las advertencias, los obispos admiten la necesidad de hacer auditor\u00edas, pero precisan que deben hacerse \u201ccon la comida en los comedores, no s\u00f3lo de la Iglesia, sino de todas las organizaciones que hace a\u00f1os brindan ayuda esencial\u201d.<\/h3>\n<p><img fetchpriority=\"high\" decoding=\"async\" class=\"wp-image-1103 aligncenter\" src=\"https:\/\/apuntesdesanluis.com\/wp-content\/uploads\/2023\/08\/pobreza-300x196.png\" alt=\"\" width=\"516\" height=\"337\" srcset=\"https:\/\/apuntesdesanluis.com\/wp-content\/uploads\/2023\/08\/pobreza-300x196.png 300w, https:\/\/apuntesdesanluis.com\/wp-content\/uploads\/2023\/08\/pobreza.png 600w\" sizes=\"(max-width: 516px) 100vw, 516px\" \/><\/p>\n<h3>\u201cEs necesario anticiparse para que esta situaci\u00f3n no profundice la crisis alimentaria y para eso se debe facilitar a las personas, las comunidades y al pueblo, aquello que se necesite para ayudar a los m\u00e1s fr\u00e1giles, especialmente a ni\u00f1os, ni\u00f1as, adolescentes y adultos mayores\u201d, argumentaron.<\/h3>\n<h3>En el duro comunicado remarcaron que \u201ccomo obispos, en el trato pastoral con la gente sencilla, hemos aprendido que \u2018un plato de comida no se le niega a nadie\u2019\u201d, por lo que precisaron que \u201cen nuestra patria nadie deber\u00eda pasar hambre, ya que es una tierra bendita de pan\u201d.<\/h3>\n<h3>\u201cLa inflaci\u00f3n desde hace a\u00f1os crece d\u00eda a d\u00eda y pega fuertemente en el precio de los alimentos. Lo siente claramente la clase media trabajadora, los jubilados y aquellos que no ven crecer sus salarios. Tambi\u00e9n todo el universo de la econom\u00eda popular, donde pr\u00e1cticamente se trabaja sin derechos. Pensemos en los vendedores ambulantes, los recicladores, los feriantes, los peque\u00f1os agricultores, los ladrilleros, los costureros, los que realizan distintas tareas de cuidado y de servicio\u201d, completaron.<\/h3>\n<h3>Los cuestionamientos se enmarcan en la previa de la visita del Presidente al Papa Francisco que se espera tenga lugar el pr\u00f3ximo lunes 12 de febrero en la ciudad de El Vaticano.<\/h3>\n<h3>CGT<\/h3>\n<h3>La CGT arremeti\u00f3 contra la ministra de Capital Humano, Sandra Pettovello , y subray\u00f3 que &#8220;frente a la condici\u00f3n urgente del hambre no puede haber otra prioridad que una respuesta activa y una actitud de compasi\u00f3n elemental&#8221;.<\/h3>\n<p><img decoding=\"async\" class=\"wp-image-10572 aligncenter\" src=\"https:\/\/apuntesdesanluis.com\/wp-content\/uploads\/2024\/01\/cgt-1-300x197.png\" alt=\"\" width=\"490\" height=\"322\" srcset=\"https:\/\/apuntesdesanluis.com\/wp-content\/uploads\/2024\/01\/cgt-1-300x197.png 300w, https:\/\/apuntesdesanluis.com\/wp-content\/uploads\/2024\/01\/cgt-1-768x503.png 768w, https:\/\/apuntesdesanluis.com\/wp-content\/uploads\/2024\/01\/cgt-1-720x475.png 720w, https:\/\/apuntesdesanluis.com\/wp-content\/uploads\/2024\/01\/cgt-1.png 803w\" sizes=\"(max-width: 490px) 100vw, 490px\" \/><\/p>\n<h3>A trav\u00e9s de un duro comunicado titulado \u201cChicos: \u00bfustedes tienen hambre?\u201d, la central obrera cruz\u00f3 al Gobierno del presidente Javier Milei, quien se encuentra en medio de una gira internacional.<\/h3>\n<h3>\u201cCon esta frase arrogante, insensible y discriminatoria, la titular del Ministerio de Capital Humano, Sandra Pettovello, exhibi\u00f3 la actitud pol\u00edtica del gobierno nacional ante los reclamos que organizaciones sociales, nucleadas en la Uni\u00f3n de Trabajadores y Trabajadoras de la Econom\u00eda Popular (UTEP), realizan tras el recorte de ayuda estatal en alimentos para los comedores comunitarios y las ollas populares\u201d, se\u00f1al\u00f3 la Confederaci\u00f3n General del Trabajo.<\/h3>\n<h3>Y agreg\u00f3: \u201cEl \u00faltimo eslab\u00f3n de la dignidad humana se agota cuando no se puede cumplir la m\u00e1s b\u00e1sica necesidad que es la de alimentarse. Frente a la condici\u00f3n urgente del hambre no puede haber otra prioridad que una respuesta activa y una actitud de compasi\u00f3n elemental, anterior a cualquier posicionamiento ideol\u00f3gico\u201d.<\/h3>\n<h3>En ese sentido, la CGT advirti\u00f3 que \u201ces precisamente eso lo que hoy s\u00ed resulta realmente \u00b4urgente y necesario\u00b4\u201d.<\/h3>\n<h3>\u201cLa situaci\u00f3n de indigencia y pobreza estructural de millones de personas en extrema vulnerabilidad en nuestro pa\u00eds no puede esperar. Especialmente en lo que se refiere a ni\u00f1os, ni\u00f1as, adolescentes y adultos mayores. Constituyen un abanico doloroso de nuestro cuerpo social, castigado desde hace mucho tiempo por el flagelo de la inflaci\u00f3n, con sus secuelas de miseria y deterioro, que gestiones gubernamentales desafortunadas o ineficientes no pudieron o no supieron encauzar para bienestar de la enorme mayor\u00eda de la poblaci\u00f3n\u201d, alert\u00f3.<\/h3>\n<h3>Para la organizaci\u00f3n gremial, \u201cesta \u00b4fila del hambre\u00b4 muestra el rostro m\u00e1s cruel de los desaf\u00edos como dirigentes y tambi\u00e9n como habitantes naturales de una naci\u00f3n\u201d.<\/h3>\n<h3>\u201c\u00b4Un plato de comida no se le niega a nadie\u00b4 es una vieja frase que representa nuestra m\u00e1s saludable tradici\u00f3n argentina. La Conferencia Episcopal Argentina va m\u00e1s all\u00e1 y expresa que \u00b4el pedido del pan de cada d\u00eda es un clamor de justicia\u00b4\u201d, manifest\u00f3 la central obrera, en alusi\u00f3n a las recientes expresiones de la c\u00fapula eclesi\u00e1stica local.<\/h3>\n<h3>A falta de pocos d\u00edas para cumplirse el segundo mes de gesti\u00f3n de Milei al frente de la Casa Rosada, la CGT se quej\u00f3 de que \u201clas distintas variables econ\u00f3micas de estos \u00faltimos d\u00edas muestran datos alarmantes que se expresan sobre todo en el descontrolado aumento de los alimentos, los medicamentos y los servicios en general, componiendo un panorama inusitadamente cr\u00edtico de cara a los meses venideros\u201d.<\/h3>\n<h3>\u201cEl riesgo de una crisis alimentaria con imprevisibles consecuencias est\u00e1 a la vuelta de la esquina. Si lo que va a regir es la \u00b4ley de la selva\u00b4, lo que sobrevendr\u00e1 es un horizonte de mayor decadencia y desintegraci\u00f3n\u201d, plante\u00f3.<\/h3>\n<h3>Y concluy\u00f3: \u201cEs preciso prestar debida atenci\u00f3n a estas alarmas y prevalecer en el esfuerzo para curar, cuidar y compartir con los m\u00e1s d\u00e9biles o desprotegidos, que es lo que nos constituye como comunidad. Por eso es que advertimos: no es con la soberbia de cerrar las puertas a quienes reclaman, ni con la indiferencia de hacer o\u00eddos sordos a los que necesitan, como podremos encaminarnos en un marco de cordura y di\u00e1logo hacia las soluciones\u201d.<\/h3>\n<p>&nbsp;<\/p>\n<p>&nbsp;<\/p>\n<p>&nbsp;<\/p>\n<p>&nbsp;<\/p>\n<p>&nbsp;<\/p>\n","protected":false},"excerpt":{"rendered":"<p>&#8220;La comida no puede ser una variable de ajuste&#8221;, advirti\u00f3 la Iglesia al Gobierno a&#8230;<\/p>\n","protected":false},"author":1,"featured_media":11278,"comment_status":"closed","ping_status":"closed","sticky":false,"template":"","format":"standard","meta":{"footnotes":""},"categories":[5],"tags":[],"class_list":["post-11277","post","type-post","status-publish","format-standard","has-post-thumbnail","hentry","category-nacionales-internacionales"],"yoast_head":"<!-- This site is optimized with the Yoast SEO plugin v26.1.1 - https:\/\/yoast.com\/wordpress\/plugins\/seo\/ -->\n<title>LA IGLESIA Y LA CGT ADVIRTIERON SOBRE UNA POSIBLE CRISIS ALIMENTARIA - Apuntes de San Luis<\/title>\n<meta name=\"robots\" content=\"index, follow, max-snippet:-1, max-image-preview:large, max-video-preview:-1\" \/>\n<link rel=\"canonical\" href=\"https:\/\/apuntesdesanluis.com\/index.php\/2024\/02\/06\/la-iglesia-y-la-cgt-advirtieron-sobre-una-posible-crisis-alimentaria\/\" \/>\n<meta property=\"og:locale\" content=\"es_ES\" \/>\n<meta property=\"og:type\" content=\"article\" \/>\n<meta property=\"og:title\" content=\"LA IGLESIA Y LA CGT ADVIRTIERON SOBRE UNA POSIBLE CRISIS ALIMENTARIA - Apuntes de San Luis\" \/>\n<meta property=\"og:description\" content=\"&#8220;La comida no puede ser una variable de ajuste&#8221;, advirti\u00f3 la Iglesia al Gobierno a...\" \/>\n<meta property=\"og:url\" content=\"https:\/\/apuntesdesanluis.com\/index.php\/2024\/02\/06\/la-iglesia-y-la-cgt-advirtieron-sobre-una-posible-crisis-alimentaria\/\" \/>\n<meta property=\"og:site_name\" content=\"Apuntes de San Luis\" \/>\n<meta property=\"article:published_time\" content=\"2024-02-06T12:12:51+00:00\" \/>\n<meta property=\"og:image\" content=\"https:\/\/apuntesdesanluis.com\/wp-content\/uploads\/2024\/02\/ojea.png\" \/>\n\t<meta property=\"og:image:width\" content=\"570\" \/>\n\t<meta property=\"og:image:height\" content=\"352\" \/>\n\t<meta property=\"og:image:type\" content=\"image\/png\" \/>\n<meta name=\"author\" content=\"apuntesdesanluis.com\" \/>\n<meta name=\"twitter:card\" content=\"summary_large_image\" \/>\n<meta name=\"twitter:label1\" content=\"Escrito por\" \/>\n\t<meta name=\"twitter:data1\" content=\"apuntesdesanluis.com\" \/>\n\t<meta name=\"twitter:label2\" content=\"Tiempo de lectura\" \/>\n\t<meta name=\"twitter:data2\" content=\"6 minutos\" \/>\n<script type=\"application\/ld+json\" class=\"yoast-schema-graph\">{\"@context\":\"https:\/\/schema.org\",\"@graph\":[{\"@type\":\"Article\",\"@id\":\"https:\/\/apuntesdesanluis.com\/index.php\/2024\/02\/06\/la-iglesia-y-la-cgt-advirtieron-sobre-una-posible-crisis-alimentaria\/#article\",\"isPartOf\":{\"@id\":\"https:\/\/apuntesdesanluis.com\/index.php\/2024\/02\/06\/la-iglesia-y-la-cgt-advirtieron-sobre-una-posible-crisis-alimentaria\/\"},\"author\":{\"name\":\"apuntesdesanluis.com\",\"@id\":\"https:\/\/apuntesdesanluis.com\/#\/schema\/person\/b55151d52296fcce64d1a72538a70b90\"},\"headline\":\"LA IGLESIA Y LA CGT ADVIRTIERON SOBRE UNA POSIBLE CRISIS ALIMENTARIA\",\"datePublished\":\"2024-02-06T12:12:51+00:00\",\"mainEntityOfPage\":{\"@id\":\"https:\/\/apuntesdesanluis.com\/index.php\/2024\/02\/06\/la-iglesia-y-la-cgt-advirtieron-sobre-una-posible-crisis-alimentaria\/\"},\"wordCount\":1168,\"publisher\":{\"@id\":\"https:\/\/apuntesdesanluis.com\/#\/schema\/person\/b55151d52296fcce64d1a72538a70b90\"},\"image\":{\"@id\":\"https:\/\/apuntesdesanluis.com\/index.php\/2024\/02\/06\/la-iglesia-y-la-cgt-advirtieron-sobre-una-posible-crisis-alimentaria\/#primaryimage\"},\"thumbnailUrl\":\"https:\/\/apuntesdesanluis.com\/wp-content\/uploads\/2024\/02\/ojea.png\",\"articleSection\":[\"Nacionales\/Internacionales\"],\"inLanguage\":\"es-AR\"},{\"@type\":\"WebPage\",\"@id\":\"https:\/\/apuntesdesanluis.com\/index.php\/2024\/02\/06\/la-iglesia-y-la-cgt-advirtieron-sobre-una-posible-crisis-alimentaria\/\",\"url\":\"https:\/\/apuntesdesanluis.com\/index.php\/2024\/02\/06\/la-iglesia-y-la-cgt-advirtieron-sobre-una-posible-crisis-alimentaria\/\",\"name\":\"LA IGLESIA Y LA CGT ADVIRTIERON SOBRE UNA POSIBLE CRISIS ALIMENTARIA - Apuntes de San Luis\",\"isPartOf\":{\"@id\":\"https:\/\/apuntesdesanluis.com\/#website\"},\"primaryImageOfPage\":{\"@id\":\"https:\/\/apuntesdesanluis.com\/index.php\/2024\/02\/06\/la-iglesia-y-la-cgt-advirtieron-sobre-una-posible-crisis-alimentaria\/#primaryimage\"},\"image\":{\"@id\":\"https:\/\/apuntesdesanluis.com\/index.php\/2024\/02\/06\/la-iglesia-y-la-cgt-advirtieron-sobre-una-posible-crisis-alimentaria\/#primaryimage\"},\"thumbnailUrl\":\"https:\/\/apuntesdesanluis.com\/wp-content\/uploads\/2024\/02\/ojea.png\",\"datePublished\":\"2024-02-06T12:12:51+00:00\",\"breadcrumb\":{\"@id\":\"https:\/\/apuntesdesanluis.com\/index.php\/2024\/02\/06\/la-iglesia-y-la-cgt-advirtieron-sobre-una-posible-crisis-alimentaria\/#breadcrumb\"},\"inLanguage\":\"es-AR\",\"potentialAction\":[{\"@type\":\"ReadAction\",\"target\":[\"https:\/\/apuntesdesanluis.com\/index.php\/2024\/02\/06\/la-iglesia-y-la-cgt-advirtieron-sobre-una-posible-crisis-alimentaria\/\"]}]},{\"@type\":\"ImageObject\",\"inLanguage\":\"es-AR\",\"@id\":\"https:\/\/apuntesdesanluis.com\/index.php\/2024\/02\/06\/la-iglesia-y-la-cgt-advirtieron-sobre-una-posible-crisis-alimentaria\/#primaryimage\",\"url\":\"https:\/\/apuntesdesanluis.com\/wp-content\/uploads\/2024\/02\/ojea.png\",\"contentUrl\":\"https:\/\/apuntesdesanluis.com\/wp-content\/uploads\/2024\/02\/ojea.png\",\"width\":570,\"height\":352},{\"@type\":\"BreadcrumbList\",\"@id\":\"https:\/\/apuntesdesanluis.com\/index.php\/2024\/02\/06\/la-iglesia-y-la-cgt-advirtieron-sobre-una-posible-crisis-alimentaria\/#breadcrumb\",\"itemListElement\":[{\"@type\":\"ListItem\",\"position\":1,\"name\":\"Inicio\",\"item\":\"https:\/\/apuntesdesanluis.com\/\"},{\"@type\":\"ListItem\",\"position\":2,\"name\":\"LA IGLESIA Y LA CGT ADVIRTIERON SOBRE UNA POSIBLE CRISIS ALIMENTARIA\"}]},{\"@type\":\"WebSite\",\"@id\":\"https:\/\/apuntesdesanluis.com\/#website\",\"url\":\"https:\/\/apuntesdesanluis.com\/\",\"name\":\"Apuntes de San Luis\",\"description\":\"\",\"publisher\":{\"@id\":\"https:\/\/apuntesdesanluis.com\/#\/schema\/person\/b55151d52296fcce64d1a72538a70b90\"},\"potentialAction\":[{\"@type\":\"SearchAction\",\"target\":{\"@type\":\"EntryPoint\",\"urlTemplate\":\"https:\/\/apuntesdesanluis.com\/?s={search_term_string}\"},\"query-input\":{\"@type\":\"PropertyValueSpecification\",\"valueRequired\":true,\"valueName\":\"search_term_string\"}}],\"inLanguage\":\"es-AR\"},{\"@type\":[\"Person\",\"Organization\"],\"@id\":\"https:\/\/apuntesdesanluis.com\/#\/schema\/person\/b55151d52296fcce64d1a72538a70b90\",\"name\":\"apuntesdesanluis.com\",\"image\":{\"@type\":\"ImageObject\",\"inLanguage\":\"es-AR\",\"@id\":\"https:\/\/apuntesdesanluis.com\/#\/schema\/person\/image\/\",\"url\":\"https:\/\/apuntesdesanluis.com\/wp-content\/uploads\/2023\/07\/cropped-apuntesdesanluis.png\",\"contentUrl\":\"https:\/\/apuntesdesanluis.com\/wp-content\/uploads\/2023\/07\/cropped-apuntesdesanluis.png\",\"width\":450,\"height\":112,\"caption\":\"apuntesdesanluis.com\"},\"logo\":{\"@id\":\"https:\/\/apuntesdesanluis.com\/#\/schema\/person\/image\/\"},\"sameAs\":[\"https:\/\/apuntesdesanluis.com\"],\"url\":\"https:\/\/apuntesdesanluis.com\/index.php\/author\/apuntesdesanluis-com\/\"}]}<\/script>\n<!-- \/ Yoast SEO plugin. -->","yoast_head_json":{"title":"LA IGLESIA Y LA CGT ADVIRTIERON SOBRE UNA POSIBLE CRISIS ALIMENTARIA - Apuntes de San Luis","robots":{"index":"index","follow":"follow","max-snippet":"max-snippet:-1","max-image-preview":"max-image-preview:large","max-video-preview":"max-video-preview:-1"},"canonical":"https:\/\/apuntesdesanluis.com\/index.php\/2024\/02\/06\/la-iglesia-y-la-cgt-advirtieron-sobre-una-posible-crisis-alimentaria\/","og_locale":"es_ES","og_type":"article","og_title":"LA IGLESIA Y LA CGT ADVIRTIERON SOBRE UNA POSIBLE CRISIS ALIMENTARIA - Apuntes de San Luis","og_description":"&#8220;La comida no puede ser una variable de ajuste&#8221;, advirti\u00f3 la Iglesia al Gobierno a...","og_url":"https:\/\/apuntesdesanluis.com\/index.php\/2024\/02\/06\/la-iglesia-y-la-cgt-advirtieron-sobre-una-posible-crisis-alimentaria\/","og_site_name":"Apuntes de San Luis","article_published_time":"2024-02-06T12:12:51+00:00","og_image":[{"width":570,"height":352,"url":"https:\/\/apuntesdesanluis.com\/wp-content\/uploads\/2024\/02\/ojea.png","type":"image\/png"}],"author":"apuntesdesanluis.com","twitter_card":"summary_large_image","twitter_misc":{"Escrito por":"apuntesdesanluis.com","Tiempo de lectura":"6 minutos"},"schema":{"@context":"https:\/\/schema.org","@graph":[{"@type":"Article","@id":"https:\/\/apuntesdesanluis.com\/index.php\/2024\/02\/06\/la-iglesia-y-la-cgt-advirtieron-sobre-una-posible-crisis-alimentaria\/#article","isPartOf":{"@id":"https:\/\/apuntesdesanluis.com\/index.php\/2024\/02\/06\/la-iglesia-y-la-cgt-advirtieron-sobre-una-posible-crisis-alimentaria\/"},"author":{"name":"apuntesdesanluis.com","@id":"https:\/\/apuntesdesanluis.com\/#\/schema\/person\/b55151d52296fcce64d1a72538a70b90"},"headline":"LA IGLESIA Y LA CGT ADVIRTIERON SOBRE UNA POSIBLE CRISIS ALIMENTARIA","datePublished":"2024-02-06T12:12:51+00:00","mainEntityOfPage":{"@id":"https:\/\/apuntesdesanluis.com\/index.php\/2024\/02\/06\/la-iglesia-y-la-cgt-advirtieron-sobre-una-posible-crisis-alimentaria\/"},"wordCount":1168,"publisher":{"@id":"https:\/\/apuntesdesanluis.com\/#\/schema\/person\/b55151d52296fcce64d1a72538a70b90"},"image":{"@id":"https:\/\/apuntesdesanluis.com\/index.php\/2024\/02\/06\/la-iglesia-y-la-cgt-advirtieron-sobre-una-posible-crisis-alimentaria\/#primaryimage"},"thumbnailUrl":"https:\/\/apuntesdesanluis.com\/wp-content\/uploads\/2024\/02\/ojea.png","articleSection":["Nacionales\/Internacionales"],"inLanguage":"es-AR"},{"@type":"WebPage","@id":"https:\/\/apuntesdesanluis.com\/index.php\/2024\/02\/06\/la-iglesia-y-la-cgt-advirtieron-sobre-una-posible-crisis-alimentaria\/","url":"https:\/\/apuntesdesanluis.com\/index.php\/2024\/02\/06\/la-iglesia-y-la-cgt-advirtieron-sobre-una-posible-crisis-alimentaria\/","name":"LA IGLESIA Y LA CGT ADVIRTIERON SOBRE UNA POSIBLE CRISIS ALIMENTARIA - Apuntes de San Luis","isPartOf":{"@id":"https:\/\/apuntesdesanluis.com\/#website"},"primaryImageOfPage":{"@id":"https:\/\/apuntesdesanluis.com\/index.php\/2024\/02\/06\/la-iglesia-y-la-cgt-advirtieron-sobre-una-posible-crisis-alimentaria\/#primaryimage"},"image":{"@id":"https:\/\/apuntesdesanluis.com\/index.php\/2024\/02\/06\/la-iglesia-y-la-cgt-advirtieron-sobre-una-posible-crisis-alimentaria\/#primaryimage"},"thumbnailUrl":"https:\/\/apuntesdesanluis.com\/wp-content\/uploads\/2024\/02\/ojea.png","datePublished":"2024-02-06T12:12:51+00:00","breadcrumb":{"@id":"https:\/\/apuntesdesanluis.com\/index.php\/2024\/02\/06\/la-iglesia-y-la-cgt-advirtieron-sobre-una-posible-crisis-alimentaria\/#breadcrumb"},"inLanguage":"es-AR","potentialAction":[{"@type":"ReadAction","target":["https:\/\/apuntesdesanluis.com\/index.php\/2024\/02\/06\/la-iglesia-y-la-cgt-advirtieron-sobre-una-posible-crisis-alimentaria\/"]}]},{"@type":"ImageObject","inLanguage":"es-AR","@id":"https:\/\/apuntesdesanluis.com\/index.php\/2024\/02\/06\/la-iglesia-y-la-cgt-advirtieron-sobre-una-posible-crisis-alimentaria\/#primaryimage","url":"https:\/\/apuntesdesanluis.com\/wp-content\/uploads\/2024\/02\/ojea.png","contentUrl":"https:\/\/apuntesdesanluis.com\/wp-content\/uploads\/2024\/02\/ojea.png","width":570,"height":352},{"@type":"BreadcrumbList","@id":"https:\/\/apuntesdesanluis.com\/index.php\/2024\/02\/06\/la-iglesia-y-la-cgt-advirtieron-sobre-una-posible-crisis-alimentaria\/#breadcrumb","itemListElement":[{"@type":"ListItem","position":1,"name":"Inicio","item":"https:\/\/apuntesdesanluis.com\/"},{"@type":"ListItem","position":2,"name":"LA IGLESIA Y LA CGT ADVIRTIERON SOBRE UNA POSIBLE CRISIS ALIMENTARIA"}]},{"@type":"WebSite","@id":"https:\/\/apuntesdesanluis.com\/#website","url":"https:\/\/apuntesdesanluis.com\/","name":"Apuntes de San Luis","description":"","publisher":{"@id":"https:\/\/apuntesdesanluis.com\/#\/schema\/person\/b55151d52296fcce64d1a72538a70b90"},"potentialAction":[{"@type":"SearchAction","target":{"@type":"EntryPoint","urlTemplate":"https:\/\/apuntesdesanluis.com\/?s={search_term_string}"},"query-input":{"@type":"PropertyValueSpecification","valueRequired":true,"valueName":"search_term_string"}}],"inLanguage":"es-AR"},{"@type":["Person","Organization"],"@id":"https:\/\/apuntesdesanluis.com\/#\/schema\/person\/b55151d52296fcce64d1a72538a70b90","name":"apuntesdesanluis.com","image":{"@type":"ImageObject","inLanguage":"es-AR","@id":"https:\/\/apuntesdesanluis.com\/#\/schema\/person\/image\/","url":"https:\/\/apuntesdesanluis.com\/wp-content\/uploads\/2023\/07\/cropped-apuntesdesanluis.png","contentUrl":"https:\/\/apuntesdesanluis.com\/wp-content\/uploads\/2023\/07\/cropped-apuntesdesanluis.png","width":450,"height":112,"caption":"apuntesdesanluis.com"},"logo":{"@id":"https:\/\/apuntesdesanluis.com\/#\/schema\/person\/image\/"},"sameAs":["https:\/\/apuntesdesanluis.com"],"url":"https:\/\/apuntesdesanluis.com\/index.php\/author\/apuntesdesanluis-com\/"}]}},"featured_image_urls":{"full":["https:\/\/apuntesdesanluis.com\/wp-content\/uploads\/2024\/02\/ojea.png",570,352,false],"thumbnail":["https:\/\/apuntesdesanluis.com\/wp-content\/uploads\/2024\/02\/ojea-150x150.png",150,150,true],"medium":["https:\/\/apuntesdesanluis.com\/wp-content\/uploads\/2024\/02\/ojea-300x185.png",300,185,true],"medium_large":["https:\/\/apuntesdesanluis.com\/wp-content\/uploads\/2024\/02\/ojea.png",570,352,false],"large":["https:\/\/apuntesdesanluis.com\/wp-content\/uploads\/2024\/02\/ojea.png",570,352,false],"1536x1536":["https:\/\/apuntesdesanluis.com\/wp-content\/uploads\/2024\/02\/ojea.png",570,352,false],"2048x2048":["https:\/\/apuntesdesanluis.com\/wp-content\/uploads\/2024\/02\/ojea.png",570,352,false],"newsever-slider-full":["https:\/\/apuntesdesanluis.com\/wp-content\/uploads\/2024\/02\/ojea.png",570,352,false],"newsever-featured":["https:\/\/apuntesdesanluis.com\/wp-content\/uploads\/2024\/02\/ojea.png",570,352,false],"newsever-medium":["https:\/\/apuntesdesanluis.com\/wp-content\/uploads\/2024\/02\/ojea.png",570,352,false]},"author_info":{"display_name":"apuntesdesanluis.com","author_link":"https:\/\/apuntesdesanluis.com\/index.php\/author\/apuntesdesanluis-com\/"},"category_info":"<a href=\"https:\/\/apuntesdesanluis.com\/index.php\/category\/nacionales-internacionales\/\" rel=\"category tag\">Nacionales\/Internacionales<\/a>","tag_info":"Nacionales\/Internacionales","comment_count":"0","_links":{"self":[{"href":"https:\/\/apuntesdesanluis.com\/index.php\/wp-json\/wp\/v2\/posts\/11277","targetHints":{"allow":["GET"]}}],"collection":[{"href":"https:\/\/apuntesdesanluis.com\/index.php\/wp-json\/wp\/v2\/posts"}],"about":[{"href":"https:\/\/apuntesdesanluis.com\/index.php\/wp-json\/wp\/v2\/types\/post"}],"author":[{"embeddable":true,"href":"https:\/\/apuntesdesanluis.com\/index.php\/wp-json\/wp\/v2\/users\/1"}],"replies":[{"embeddable":true,"href":"https:\/\/apuntesdesanluis.com\/index.php\/wp-json\/wp\/v2\/comments?post=11277"}],"version-history":[{"count":1,"href":"https:\/\/apuntesdesanluis.com\/index.php\/wp-json\/wp\/v2\/posts\/11277\/revisions"}],"predecessor-version":[{"id":11279,"href":"https:\/\/apuntesdesanluis.com\/index.php\/wp-json\/wp\/v2\/posts\/11277\/revisions\/11279"}],"wp:featuredmedia":[{"embeddable":true,"href":"https:\/\/apuntesdesanluis.com\/index.php\/wp-json\/wp\/v2\/media\/11278"}],"wp:attachment":[{"href":"https:\/\/apuntesdesanluis.com\/index.php\/wp-json\/wp\/v2\/media?parent=11277"}],"wp:term":[{"taxonomy":"category","embeddable":true,"href":"https:\/\/apuntesdesanluis.com\/index.php\/wp-json\/wp\/v2\/categories?post=11277"},{"taxonomy":"post_tag","embeddable":true,"href":"https:\/\/apuntesdesanluis.com\/index.php\/wp-json\/wp\/v2\/tags?post=11277"}],"curies":[{"name":"wp","href":"https:\/\/api.w.org\/{rel}","templated":true}]}}