{"id":11287,"date":"2024-02-07T00:06:42","date_gmt":"2024-02-07T03:06:42","guid":{"rendered":"https:\/\/apuntesdesanluis.com\/?p=11287"},"modified":"2024-02-07T00:07:58","modified_gmt":"2024-02-07T03:07:58","slug":"como-defensor-general-la-mision-es-estar-mas-cerca-de-la-gente","status":"publish","type":"post","link":"https:\/\/apuntesdesanluis.com\/index.php\/2024\/02\/07\/como-defensor-general-la-mision-es-estar-mas-cerca-de-la-gente\/","title":{"rendered":"\u201cCOMO DEFENSOR GENERAL, LA MISI\u00d3N ES ESTAR M\u00c1S CERCA DE LA GENTE\u201d"},"content":{"rendered":"<h3>En el marco de su visita a la ciudad de Villa Mercedes, el\u00a0 Defensor General \u2013provisorio-, Dr. <strong>Gast\u00f3n Alfredo Pascuarelli Di Gennaro<\/strong>, convers\u00f3 con la Unidad de Prensa y Comunicaci\u00f3n Institucional\u00a0 y destac\u00f3 que trabajar\u00e1 para lograr un servicio de justicia \u201cm\u00e1s cerca del ciudadano\u201d.<\/h3>\n<h3>El Dr. Gast\u00f3n Alfredo Pascuarelli Di Gennaro, Defensor General de la Provincia \u2013provisorio-, lleg\u00f3 en la ma\u00f1ana de este lunes a Villa Mercedes para reunirse con quienes forman parte del Ministerio de la Defensa en la Segunda Circunscripci\u00f3n Judicial. Este encuentro tuvo por objetivo aunar criterios y definir acciones que permitan a los justiciables un real acceso al servicio de justicia.<\/h3>\n<h3>En ese marco, luego de la actividad desarrollada, dialog\u00f3 con la Unidad de Prensa y Comunicaci\u00f3n Institucional de la Segunda Circunscripci\u00f3n Judicial y reflexion\u00f3 acerca de su rol y los desaf\u00edos que enfrentar\u00e1 al desarrollar su tarea.<\/h3>\n<h3>El Dr. Pascuarelli Di Gennaro asumi\u00f3 su cargo el pasado primero de febrero y su designaci\u00f3n fue dispuesta a trav\u00e9s del Acuerdo N\u00ba 348 del Superior Tribunal de Justicia. El cargo provisorio se extender\u00e1 hasta que se cubra la vacante vigente o en su defecto, cuando se cumpla el plazo m\u00e1ximo de un a\u00f1o, lo que ocurra primero.<\/h3>\n<h3>Durante ese per\u00edodo, el Defensor se ha propuesto trabajar en conjunto con quienes integran el Ministerio de la Defensa para alcanzar un servicio m\u00e1s \u00e1gil y cercano a los ciudadanos, sobre todo para aquellos sectores m\u00e1s vulnerables, afectados por diferentes conflictos.<\/h3>\n<h3>En ese sentido, coment\u00f3: \u201cComo defensor general la misi\u00f3n que tengo es asegurar la accesibilidad verdadera a la justicia, que no quede solamente en un postulado que se repite en un mont\u00f3n de normas, sino que realmente se pueda materializar para acercar el servicio al justiciable. Eso nos va a llevar a todos los operadores judiciales a hacer un esfuerzo\u201d.<\/h3>\n<h3>\u201cQue las personas que est\u00e1n atravesadas por diferentes situaciones de vulnerabilidad se puedan sentir protegidas y que tengan realmente acceso a la justicia, porque quien acude a la justicia viene con un problema. Hay que estar m\u00e1s cerca del ciudadano para responderle eficientemente\u201d, agreg\u00f3.<\/h3>\n<h3>Explic\u00f3 que entre las acciones que analizan llevar a cabo,\u00a0 contemplan la forma de tener mayor presencia en algunos centros perif\u00e9ricos, a fin de que los ciudadanos no deban trasladarse hasta los edificios judiciales a la hora de ser asesorados por las Defensor\u00edas.\u00a0 Anticip\u00f3 que el pr\u00f3ximo mi\u00e9rcoles visitar\u00e1n la comunidad Ranquel, en el sur provincial.<\/h3>\n<h3>\u201cEn este tipo de contexto dif\u00edcil que estamos atravesando, la justicia tiene que estar a la altura y comprender este acercamiento a la accesibilidad verdadera y real a trav\u00e9s de acciones concretas\u201d, reflexion\u00f3 el Dr. Pascuarelli Di Gennaro.<\/h3>\n<h3>Por \u00faltimo, el Defensor General explic\u00f3 que la tarea asumida por el Ministerio de la Defensa, no incluye s\u00f3lo la asistencia a personas en el \u00e1mbito penal. \u201cAntes se hablaba s\u00f3lo de la defensa penal, de aquella persona que acud\u00eda a la justicia acusado por un delito. El rol de la defensa no es solamente la defensa penal sino tambi\u00e9n la defensa de los ni\u00f1os, los incapaces, de las personas m\u00e1s vulnerables de la sociedad\u201d, concluy\u00f3.<\/h3>\n<h3>La figura de Defensor General fue incorporada a trav\u00e9s de la Ley del Ministerio P\u00fablico (IV-1052\u20132021). Seg\u00fan esta norma, el\u00a0 Ministerio de la Defensa tiene la funci\u00f3n principal de\u00a0 asesorar, defender y representar a los requirentes de justicia que sean beneficiarios del sistema de gratuidad, a los imputados que no tengan asistencia legal privada, a los ni\u00f1os, ni\u00f1as y adolescentes, incapaces y ausentes.<\/h3>\n<h3>La Ley Org\u00e1nica del Ministerio P\u00fablico establece que los integrantes del Ministerio de la Defensa deben evitar la realizaci\u00f3n de tr\u00e1mites innecesarios, excesos rituales, buscando la celeridad de los procesos y la mejor atenci\u00f3n del justiciable.<\/h3>\n<h3>El Defensor General es la m\u00e1xima autoridad del Ministerio de la Defensa de la Provincia y el responsable de su correcto y eficaz funcionamiento. La norma tambi\u00e9n prev\u00e9 que el Ministerio de la Defensa actuar\u00e1 de un modo objetivo, fundado en el inter\u00e9s social y en la correcta aplicaci\u00f3n de la ley.<\/h3>\n<h3>\u2026\u2026\u2026\u2026\u2026<\/h3>\n<h3>Para obtener m\u00e1s informaci\u00f3n sobre la actividad desarrollada por el Defensor General en la ciudad de Villa Mercedes el lunes 5 de febrero ingrese al siguiente enlace: <span style=\"color: #3366ff;\"><a style=\"color: #3366ff;\" href=\"https:\/\/www.periodicojudicial.gov.ar\/trabajo-en-conjunto-para-asegurar-el-acceso-a-justicia-el-defensor-general-se-reunio-con-funcionarias-en-villa-mercedes\/\">https:\/\/www.periodicojudicial.gov.ar\/trabajo-en-conjunto-para-asegurar-el-acceso-a-justicia-el-defensor-general-se-reunio-con-funcionarias-en-villa-mercedes\/<\/a><\/span><\/h3>\n<h3>En la Gu\u00eda Judicial que figura en la p\u00e1gina del Poder Judicial de San Luis, o a trav\u00e9s del siguiente link: <span style=\"color: #3366ff;\"><a style=\"color: #3366ff;\" href=\"https:\/\/www.justiciasanluis.gov.ar\/?page_id=738\">https:\/\/www.justiciasanluis.gov.ar\/?page_id=738<\/a><\/span>, usted puede consultar las v\u00edas de contacto con las Defensor\u00edas, en las tres Circunscripciones Judiciales.<\/h3>\n","protected":false},"excerpt":{"rendered":"<p>En el marco de su visita a la ciudad de Villa Mercedes, el\u00a0 Defensor General&#8230;<\/p>\n","protected":false},"author":1,"featured_media":11288,"comment_status":"closed","ping_status":"closed","sticky":false,"template":"","format":"standard","meta":{"footnotes":""},"categories":[6],"tags":[],"class_list":["post-11287","post","type-post","status-publish","format-standard","has-post-thumbnail","hentry","category-ciudad-provincia"],"yoast_head":"<!-- This site is optimized with the Yoast SEO plugin v26.1.1 - https:\/\/yoast.com\/wordpress\/plugins\/seo\/ -->\n<title>\u201cCOMO DEFENSOR GENERAL, LA MISI\u00d3N ES ESTAR M\u00c1S CERCA DE LA GENTE\u201d - Apuntes de San Luis<\/title>\n<meta name=\"robots\" content=\"index, follow, max-snippet:-1, max-image-preview:large, max-video-preview:-1\" \/>\n<link rel=\"canonical\" href=\"https:\/\/apuntesdesanluis.com\/index.php\/2024\/02\/07\/como-defensor-general-la-mision-es-estar-mas-cerca-de-la-gente\/\" \/>\n<meta property=\"og:locale\" content=\"es_ES\" \/>\n<meta property=\"og:type\" content=\"article\" \/>\n<meta property=\"og:title\" content=\"\u201cCOMO DEFENSOR GENERAL, LA MISI\u00d3N ES ESTAR M\u00c1S CERCA DE LA GENTE\u201d - Apuntes de San Luis\" \/>\n<meta property=\"og:description\" content=\"En el marco de su visita a la ciudad de Villa Mercedes, el\u00a0 Defensor General...\" \/>\n<meta property=\"og:url\" content=\"https:\/\/apuntesdesanluis.com\/index.php\/2024\/02\/07\/como-defensor-general-la-mision-es-estar-mas-cerca-de-la-gente\/\" \/>\n<meta property=\"og:site_name\" content=\"Apuntes de San Luis\" \/>\n<meta property=\"article:published_time\" content=\"2024-02-07T03:06:42+00:00\" \/>\n<meta property=\"article:modified_time\" content=\"2024-02-07T03:07:58+00:00\" \/>\n<meta property=\"og:image\" content=\"https:\/\/apuntesdesanluis.com\/wp-content\/uploads\/2024\/02\/DEFENSOR-GENERAL.png\" \/>\n\t<meta property=\"og:image:width\" content=\"600\" \/>\n\t<meta property=\"og:image:height\" content=\"340\" \/>\n\t<meta property=\"og:image:type\" content=\"image\/png\" \/>\n<meta name=\"author\" content=\"apuntesdesanluis.com\" \/>\n<meta name=\"twitter:card\" content=\"summary_large_image\" \/>\n<meta name=\"twitter:label1\" content=\"Escrito por\" \/>\n\t<meta name=\"twitter:data1\" content=\"apuntesdesanluis.com\" \/>\n\t<meta name=\"twitter:label2\" content=\"Tiempo de lectura\" \/>\n\t<meta name=\"twitter:data2\" content=\"4 minutos\" \/>\n<script type=\"application\/ld+json\" class=\"yoast-schema-graph\">{\"@context\":\"https:\/\/schema.org\",\"@graph\":[{\"@type\":\"Article\",\"@id\":\"https:\/\/apuntesdesanluis.com\/index.php\/2024\/02\/07\/como-defensor-general-la-mision-es-estar-mas-cerca-de-la-gente\/#article\",\"isPartOf\":{\"@id\":\"https:\/\/apuntesdesanluis.com\/index.php\/2024\/02\/07\/como-defensor-general-la-mision-es-estar-mas-cerca-de-la-gente\/\"},\"author\":{\"name\":\"apuntesdesanluis.com\",\"@id\":\"https:\/\/apuntesdesanluis.com\/#\/schema\/person\/b55151d52296fcce64d1a72538a70b90\"},\"headline\":\"\u201cCOMO DEFENSOR GENERAL, LA MISI\u00d3N ES ESTAR M\u00c1S CERCA DE LA GENTE\u201d\",\"datePublished\":\"2024-02-07T03:06:42+00:00\",\"dateModified\":\"2024-02-07T03:07:58+00:00\",\"mainEntityOfPage\":{\"@id\":\"https:\/\/apuntesdesanluis.com\/index.php\/2024\/02\/07\/como-defensor-general-la-mision-es-estar-mas-cerca-de-la-gente\/\"},\"wordCount\":810,\"publisher\":{\"@id\":\"https:\/\/apuntesdesanluis.com\/#\/schema\/person\/b55151d52296fcce64d1a72538a70b90\"},\"image\":{\"@id\":\"https:\/\/apuntesdesanluis.com\/index.php\/2024\/02\/07\/como-defensor-general-la-mision-es-estar-mas-cerca-de-la-gente\/#primaryimage\"},\"thumbnailUrl\":\"https:\/\/apuntesdesanluis.com\/wp-content\/uploads\/2024\/02\/DEFENSOR-GENERAL.png\",\"articleSection\":[\"Ciudad\/Provincia\"],\"inLanguage\":\"es-AR\"},{\"@type\":\"WebPage\",\"@id\":\"https:\/\/apuntesdesanluis.com\/index.php\/2024\/02\/07\/como-defensor-general-la-mision-es-estar-mas-cerca-de-la-gente\/\",\"url\":\"https:\/\/apuntesdesanluis.com\/index.php\/2024\/02\/07\/como-defensor-general-la-mision-es-estar-mas-cerca-de-la-gente\/\",\"name\":\"\u201cCOMO DEFENSOR GENERAL, LA MISI\u00d3N ES ESTAR M\u00c1S CERCA DE LA GENTE\u201d - Apuntes de San Luis\",\"isPartOf\":{\"@id\":\"https:\/\/apuntesdesanluis.com\/#website\"},\"primaryImageOfPage\":{\"@id\":\"https:\/\/apuntesdesanluis.com\/index.php\/2024\/02\/07\/como-defensor-general-la-mision-es-estar-mas-cerca-de-la-gente\/#primaryimage\"},\"image\":{\"@id\":\"https:\/\/apuntesdesanluis.com\/index.php\/2024\/02\/07\/como-defensor-general-la-mision-es-estar-mas-cerca-de-la-gente\/#primaryimage\"},\"thumbnailUrl\":\"https:\/\/apuntesdesanluis.com\/wp-content\/uploads\/2024\/02\/DEFENSOR-GENERAL.png\",\"datePublished\":\"2024-02-07T03:06:42+00:00\",\"dateModified\":\"2024-02-07T03:07:58+00:00\",\"breadcrumb\":{\"@id\":\"https:\/\/apuntesdesanluis.com\/index.php\/2024\/02\/07\/como-defensor-general-la-mision-es-estar-mas-cerca-de-la-gente\/#breadcrumb\"},\"inLanguage\":\"es-AR\",\"potentialAction\":[{\"@type\":\"ReadAction\",\"target\":[\"https:\/\/apuntesdesanluis.com\/index.php\/2024\/02\/07\/como-defensor-general-la-mision-es-estar-mas-cerca-de-la-gente\/\"]}]},{\"@type\":\"ImageObject\",\"inLanguage\":\"es-AR\",\"@id\":\"https:\/\/apuntesdesanluis.com\/index.php\/2024\/02\/07\/como-defensor-general-la-mision-es-estar-mas-cerca-de-la-gente\/#primaryimage\",\"url\":\"https:\/\/apuntesdesanluis.com\/wp-content\/uploads\/2024\/02\/DEFENSOR-GENERAL.png\",\"contentUrl\":\"https:\/\/apuntesdesanluis.com\/wp-content\/uploads\/2024\/02\/DEFENSOR-GENERAL.png\",\"width\":600,\"height\":340},{\"@type\":\"BreadcrumbList\",\"@id\":\"https:\/\/apuntesdesanluis.com\/index.php\/2024\/02\/07\/como-defensor-general-la-mision-es-estar-mas-cerca-de-la-gente\/#breadcrumb\",\"itemListElement\":[{\"@type\":\"ListItem\",\"position\":1,\"name\":\"Inicio\",\"item\":\"https:\/\/apuntesdesanluis.com\/\"},{\"@type\":\"ListItem\",\"position\":2,\"name\":\"\u201cCOMO DEFENSOR GENERAL, LA MISI\u00d3N ES ESTAR M\u00c1S CERCA DE LA GENTE\u201d\"}]},{\"@type\":\"WebSite\",\"@id\":\"https:\/\/apuntesdesanluis.com\/#website\",\"url\":\"https:\/\/apuntesdesanluis.com\/\",\"name\":\"Apuntes de San Luis\",\"description\":\"\",\"publisher\":{\"@id\":\"https:\/\/apuntesdesanluis.com\/#\/schema\/person\/b55151d52296fcce64d1a72538a70b90\"},\"potentialAction\":[{\"@type\":\"SearchAction\",\"target\":{\"@type\":\"EntryPoint\",\"urlTemplate\":\"https:\/\/apuntesdesanluis.com\/?s={search_term_string}\"},\"query-input\":{\"@type\":\"PropertyValueSpecification\",\"valueRequired\":true,\"valueName\":\"search_term_string\"}}],\"inLanguage\":\"es-AR\"},{\"@type\":[\"Person\",\"Organization\"],\"@id\":\"https:\/\/apuntesdesanluis.com\/#\/schema\/person\/b55151d52296fcce64d1a72538a70b90\",\"name\":\"apuntesdesanluis.com\",\"image\":{\"@type\":\"ImageObject\",\"inLanguage\":\"es-AR\",\"@id\":\"https:\/\/apuntesdesanluis.com\/#\/schema\/person\/image\/\",\"url\":\"https:\/\/apuntesdesanluis.com\/wp-content\/uploads\/2023\/07\/cropped-apuntesdesanluis.png\",\"contentUrl\":\"https:\/\/apuntesdesanluis.com\/wp-content\/uploads\/2023\/07\/cropped-apuntesdesanluis.png\",\"width\":450,\"height\":112,\"caption\":\"apuntesdesanluis.com\"},\"logo\":{\"@id\":\"https:\/\/apuntesdesanluis.com\/#\/schema\/person\/image\/\"},\"sameAs\":[\"https:\/\/apuntesdesanluis.com\"],\"url\":\"https:\/\/apuntesdesanluis.com\/index.php\/author\/apuntesdesanluis-com\/\"}]}<\/script>\n<!-- \/ Yoast SEO plugin. -->","yoast_head_json":{"title":"\u201cCOMO DEFENSOR GENERAL, LA MISI\u00d3N ES ESTAR M\u00c1S CERCA DE LA GENTE\u201d - Apuntes de San Luis","robots":{"index":"index","follow":"follow","max-snippet":"max-snippet:-1","max-image-preview":"max-image-preview:large","max-video-preview":"max-video-preview:-1"},"canonical":"https:\/\/apuntesdesanluis.com\/index.php\/2024\/02\/07\/como-defensor-general-la-mision-es-estar-mas-cerca-de-la-gente\/","og_locale":"es_ES","og_type":"article","og_title":"\u201cCOMO DEFENSOR GENERAL, LA MISI\u00d3N ES ESTAR M\u00c1S CERCA DE LA GENTE\u201d - Apuntes de San Luis","og_description":"En el marco de su visita a la ciudad de Villa Mercedes, el\u00a0 Defensor General...","og_url":"https:\/\/apuntesdesanluis.com\/index.php\/2024\/02\/07\/como-defensor-general-la-mision-es-estar-mas-cerca-de-la-gente\/","og_site_name":"Apuntes de San Luis","article_published_time":"2024-02-07T03:06:42+00:00","article_modified_time":"2024-02-07T03:07:58+00:00","og_image":[{"width":600,"height":340,"url":"https:\/\/apuntesdesanluis.com\/wp-content\/uploads\/2024\/02\/DEFENSOR-GENERAL.png","type":"image\/png"}],"author":"apuntesdesanluis.com","twitter_card":"summary_large_image","twitter_misc":{"Escrito por":"apuntesdesanluis.com","Tiempo de lectura":"4 minutos"},"schema":{"@context":"https:\/\/schema.org","@graph":[{"@type":"Article","@id":"https:\/\/apuntesdesanluis.com\/index.php\/2024\/02\/07\/como-defensor-general-la-mision-es-estar-mas-cerca-de-la-gente\/#article","isPartOf":{"@id":"https:\/\/apuntesdesanluis.com\/index.php\/2024\/02\/07\/como-defensor-general-la-mision-es-estar-mas-cerca-de-la-gente\/"},"author":{"name":"apuntesdesanluis.com","@id":"https:\/\/apuntesdesanluis.com\/#\/schema\/person\/b55151d52296fcce64d1a72538a70b90"},"headline":"\u201cCOMO DEFENSOR GENERAL, LA MISI\u00d3N ES ESTAR M\u00c1S CERCA DE LA GENTE\u201d","datePublished":"2024-02-07T03:06:42+00:00","dateModified":"2024-02-07T03:07:58+00:00","mainEntityOfPage":{"@id":"https:\/\/apuntesdesanluis.com\/index.php\/2024\/02\/07\/como-defensor-general-la-mision-es-estar-mas-cerca-de-la-gente\/"},"wordCount":810,"publisher":{"@id":"https:\/\/apuntesdesanluis.com\/#\/schema\/person\/b55151d52296fcce64d1a72538a70b90"},"image":{"@id":"https:\/\/apuntesdesanluis.com\/index.php\/2024\/02\/07\/como-defensor-general-la-mision-es-estar-mas-cerca-de-la-gente\/#primaryimage"},"thumbnailUrl":"https:\/\/apuntesdesanluis.com\/wp-content\/uploads\/2024\/02\/DEFENSOR-GENERAL.png","articleSection":["Ciudad\/Provincia"],"inLanguage":"es-AR"},{"@type":"WebPage","@id":"https:\/\/apuntesdesanluis.com\/index.php\/2024\/02\/07\/como-defensor-general-la-mision-es-estar-mas-cerca-de-la-gente\/","url":"https:\/\/apuntesdesanluis.com\/index.php\/2024\/02\/07\/como-defensor-general-la-mision-es-estar-mas-cerca-de-la-gente\/","name":"\u201cCOMO DEFENSOR GENERAL, LA MISI\u00d3N ES ESTAR M\u00c1S CERCA DE LA GENTE\u201d - Apuntes de San Luis","isPartOf":{"@id":"https:\/\/apuntesdesanluis.com\/#website"},"primaryImageOfPage":{"@id":"https:\/\/apuntesdesanluis.com\/index.php\/2024\/02\/07\/como-defensor-general-la-mision-es-estar-mas-cerca-de-la-gente\/#primaryimage"},"image":{"@id":"https:\/\/apuntesdesanluis.com\/index.php\/2024\/02\/07\/como-defensor-general-la-mision-es-estar-mas-cerca-de-la-gente\/#primaryimage"},"thumbnailUrl":"https:\/\/apuntesdesanluis.com\/wp-content\/uploads\/2024\/02\/DEFENSOR-GENERAL.png","datePublished":"2024-02-07T03:06:42+00:00","dateModified":"2024-02-07T03:07:58+00:00","breadcrumb":{"@id":"https:\/\/apuntesdesanluis.com\/index.php\/2024\/02\/07\/como-defensor-general-la-mision-es-estar-mas-cerca-de-la-gente\/#breadcrumb"},"inLanguage":"es-AR","potentialAction":[{"@type":"ReadAction","target":["https:\/\/apuntesdesanluis.com\/index.php\/2024\/02\/07\/como-defensor-general-la-mision-es-estar-mas-cerca-de-la-gente\/"]}]},{"@type":"ImageObject","inLanguage":"es-AR","@id":"https:\/\/apuntesdesanluis.com\/index.php\/2024\/02\/07\/como-defensor-general-la-mision-es-estar-mas-cerca-de-la-gente\/#primaryimage","url":"https:\/\/apuntesdesanluis.com\/wp-content\/uploads\/2024\/02\/DEFENSOR-GENERAL.png","contentUrl":"https:\/\/apuntesdesanluis.com\/wp-content\/uploads\/2024\/02\/DEFENSOR-GENERAL.png","width":600,"height":340},{"@type":"BreadcrumbList","@id":"https:\/\/apuntesdesanluis.com\/index.php\/2024\/02\/07\/como-defensor-general-la-mision-es-estar-mas-cerca-de-la-gente\/#breadcrumb","itemListElement":[{"@type":"ListItem","position":1,"name":"Inicio","item":"https:\/\/apuntesdesanluis.com\/"},{"@type":"ListItem","position":2,"name":"\u201cCOMO DEFENSOR GENERAL, LA MISI\u00d3N ES ESTAR M\u00c1S CERCA DE LA GENTE\u201d"}]},{"@type":"WebSite","@id":"https:\/\/apuntesdesanluis.com\/#website","url":"https:\/\/apuntesdesanluis.com\/","name":"Apuntes de San Luis","description":"","publisher":{"@id":"https:\/\/apuntesdesanluis.com\/#\/schema\/person\/b55151d52296fcce64d1a72538a70b90"},"potentialAction":[{"@type":"SearchAction","target":{"@type":"EntryPoint","urlTemplate":"https:\/\/apuntesdesanluis.com\/?s={search_term_string}"},"query-input":{"@type":"PropertyValueSpecification","valueRequired":true,"valueName":"search_term_string"}}],"inLanguage":"es-AR"},{"@type":["Person","Organization"],"@id":"https:\/\/apuntesdesanluis.com\/#\/schema\/person\/b55151d52296fcce64d1a72538a70b90","name":"apuntesdesanluis.com","image":{"@type":"ImageObject","inLanguage":"es-AR","@id":"https:\/\/apuntesdesanluis.com\/#\/schema\/person\/image\/","url":"https:\/\/apuntesdesanluis.com\/wp-content\/uploads\/2023\/07\/cropped-apuntesdesanluis.png","contentUrl":"https:\/\/apuntesdesanluis.com\/wp-content\/uploads\/2023\/07\/cropped-apuntesdesanluis.png","width":450,"height":112,"caption":"apuntesdesanluis.com"},"logo":{"@id":"https:\/\/apuntesdesanluis.com\/#\/schema\/person\/image\/"},"sameAs":["https:\/\/apuntesdesanluis.com"],"url":"https:\/\/apuntesdesanluis.com\/index.php\/author\/apuntesdesanluis-com\/"}]}},"featured_image_urls":{"full":["https:\/\/apuntesdesanluis.com\/wp-content\/uploads\/2024\/02\/DEFENSOR-GENERAL.png",600,340,false],"thumbnail":["https:\/\/apuntesdesanluis.com\/wp-content\/uploads\/2024\/02\/DEFENSOR-GENERAL-150x150.png",150,150,true],"medium":["https:\/\/apuntesdesanluis.com\/wp-content\/uploads\/2024\/02\/DEFENSOR-GENERAL-300x170.png",300,170,true],"medium_large":["https:\/\/apuntesdesanluis.com\/wp-content\/uploads\/2024\/02\/DEFENSOR-GENERAL.png",600,340,false],"large":["https:\/\/apuntesdesanluis.com\/wp-content\/uploads\/2024\/02\/DEFENSOR-GENERAL.png",600,340,false],"1536x1536":["https:\/\/apuntesdesanluis.com\/wp-content\/uploads\/2024\/02\/DEFENSOR-GENERAL.png",600,340,false],"2048x2048":["https:\/\/apuntesdesanluis.com\/wp-content\/uploads\/2024\/02\/DEFENSOR-GENERAL.png",600,340,false],"newsever-slider-full":["https:\/\/apuntesdesanluis.com\/wp-content\/uploads\/2024\/02\/DEFENSOR-GENERAL.png",600,340,false],"newsever-featured":["https:\/\/apuntesdesanluis.com\/wp-content\/uploads\/2024\/02\/DEFENSOR-GENERAL.png",600,340,false],"newsever-medium":["https:\/\/apuntesdesanluis.com\/wp-content\/uploads\/2024\/02\/DEFENSOR-GENERAL.png",600,340,false]},"author_info":{"display_name":"apuntesdesanluis.com","author_link":"https:\/\/apuntesdesanluis.com\/index.php\/author\/apuntesdesanluis-com\/"},"category_info":"<a href=\"https:\/\/apuntesdesanluis.com\/index.php\/category\/ciudad-provincia\/\" rel=\"category tag\">Ciudad\/Provincia<\/a>","tag_info":"Ciudad\/Provincia","comment_count":"0","_links":{"self":[{"href":"https:\/\/apuntesdesanluis.com\/index.php\/wp-json\/wp\/v2\/posts\/11287","targetHints":{"allow":["GET"]}}],"collection":[{"href":"https:\/\/apuntesdesanluis.com\/index.php\/wp-json\/wp\/v2\/posts"}],"about":[{"href":"https:\/\/apuntesdesanluis.com\/index.php\/wp-json\/wp\/v2\/types\/post"}],"author":[{"embeddable":true,"href":"https:\/\/apuntesdesanluis.com\/index.php\/wp-json\/wp\/v2\/users\/1"}],"replies":[{"embeddable":true,"href":"https:\/\/apuntesdesanluis.com\/index.php\/wp-json\/wp\/v2\/comments?post=11287"}],"version-history":[{"count":2,"href":"https:\/\/apuntesdesanluis.com\/index.php\/wp-json\/wp\/v2\/posts\/11287\/revisions"}],"predecessor-version":[{"id":11290,"href":"https:\/\/apuntesdesanluis.com\/index.php\/wp-json\/wp\/v2\/posts\/11287\/revisions\/11290"}],"wp:featuredmedia":[{"embeddable":true,"href":"https:\/\/apuntesdesanluis.com\/index.php\/wp-json\/wp\/v2\/media\/11288"}],"wp:attachment":[{"href":"https:\/\/apuntesdesanluis.com\/index.php\/wp-json\/wp\/v2\/media?parent=11287"}],"wp:term":[{"taxonomy":"category","embeddable":true,"href":"https:\/\/apuntesdesanluis.com\/index.php\/wp-json\/wp\/v2\/categories?post=11287"},{"taxonomy":"post_tag","embeddable":true,"href":"https:\/\/apuntesdesanluis.com\/index.php\/wp-json\/wp\/v2\/tags?post=11287"}],"curies":[{"name":"wp","href":"https:\/\/api.w.org\/{rel}","templated":true}]}}